{"id":3165,"date":"2025-02-22T21:53:46","date_gmt":"2025-02-22T21:53:46","guid":{"rendered":"https:\/\/www.worldrally.eu\/?p=3165"},"modified":"2025-02-25T22:02:52","modified_gmt":"2025-02-25T22:02:52","slug":"blach-powraca-do-erc","status":"publish","type":"post","link":"https:\/\/www.worldrally.eu\/index.php\/2025\/02\/22\/blach-powraca-do-erc\/","title":{"rendered":"Blach powraca do ERC"},"content":{"rendered":"\n<p class=\"wp-block-paragraph\">Roberto Blach Jr w wieku 29 lat powraca na aren\u0119 European Rally Championship z zespo\u0142em The Racing Factory, kt\u00f3rej siedziba mie\u015bci si\u0119 w Postugalii.<\/p>\n\n\n\n<blockquote class=\"wp-block-quote is-layout-flow wp-block-quote-is-layout-flow\">\n<p class=\"wp-block-paragraph\">Jestem bardziej podekscytowany ni\u017c kiedykolwiek mo\u017cliwo\u015bci\u0105 rywalizacji w pe\u0142nych mistrzostwach kontynentalnych. Dzi\u0119ki wsparciu The Racing Factory i wszystkich naszych sponsor\u00f3w uda\u0142o nam si\u0119 zabezpieczy\u0107 niezb\u0119dny bud\u017cet, aby kontynuowa\u0107 ten ambitny projekt sportowy.<\/p>\n<cite>m\u00f3wi Blach<\/cite><\/blockquote>\n\n\n\n<p class=\"wp-block-paragraph\">Blach Jr. pokaza\u0142 si\u0119 w zawodach Rally2 podczas dw\u00f3ch rund w 2024 r., zaliczanego do ERC Rajdu Wysp Kanaryjskich i portugalskich mistrzostw Rali de Castelo Branco, w kt\u00f3rych zaj\u0105\u0142 trzecie miejsce w klasyfikacji generalnej.<\/p>\n\n\n\n<blockquote class=\"wp-block-quote is-layout-flow wp-block-quote-is-layout-flow\">\n<p class=\"wp-block-paragraph\">Opr\u00f3cz zawod\u00f3w ERC pracujemy nad udzia\u0142em w kilku innych rajdach w Hiszpanii, aby lepiej przygotowa\u0107 si\u0119 do ka\u017cdego europejskiego wydarzenia. Wykorzystamy r\u00f3wnie\u017c w pe\u0142ni fakt, \u017ce pierwszy rajd odb\u0119dzie si\u0119 w naszym kraju ojczystym, Rallye Sierra Morena. Mam nadziej\u0119, \u017ce b\u0119dzie to ekscytuj\u0105cy sezon, w kt\u00f3rym b\u0119dziemy mogli w pe\u0142ni cieszy\u0107 si\u0119 samochodem najwy\u017cszej klasy, takim jak Skoda Fabia RS Rally2. Dzi\u0119ki temu pojazdowi zamierzamy rywalizowa\u0107 bezpo\u015brednio z najlepszymi zespo\u0142ami w Europie.<\/p>\n<cite>powiedzia\u0142 Blach<\/cite><\/blockquote>\n\n\n\n<p class=\"wp-block-paragraph\">W dniach 3 do 6 kwietnia zobaczymy kierowc\u0119 na starcie rozpoczynaj\u0105cego sezon ERC rajdu Sierra Morena mieszcz\u0105cego si\u0119 na po\u0142udniu Hiszpanii<\/p>\n","protected":false},"excerpt":{"rendered":"<p>Roberto Blach Jr w wieku 29 lat powraca na aren\u0119 European Rally Championship z zespo\u0142em The Racing Factory, kt\u00f3rej siedziba mie\u015bci si\u0119 w Postugalii. Jestem bardziej podekscytowany ni\u017c kiedykolwiek mo\u017cliwo\u015bci\u0105 rywalizacji w pe\u0142nych mistrzostwach kontynentalnych. Dzi\u0119ki wsparciu The Racing Factory i wszystkich naszych sponsor\u00f3w uda\u0142o nam si\u0119 zabezpieczy\u0107 niezb\u0119dny bud\u017cet, aby kontynuowa\u0107 ten ambitny projekt [&hellip;]<\/p>\n","protected":false},"author":6,"featured_media":3166,"comment_status":"closed","ping_status":"closed","sticky":false,"template":"","format":"standard","meta":{"_monsterinsights_skip_tracking":false,"_monsterinsights_sitenote_active":false,"_monsterinsights_sitenote_note":"","_monsterinsights_sitenote_category":0,"footnotes":""},"categories":[4],"tags":[],"class_list":["post-3165","post","type-post","status-publish","format-standard","has-post-thumbnail","hentry","category-erc"],"aioseo_notices":[],"aioseo_head":"\n\t\t<!-- All in One SEO 4.9.9 - aioseo.com -->\n\t<meta name=\"description\" content=\"Roberto Blach Jr w wieku 29 lat powraca na aren\u0119 European Rally Championship z zespo\u0142em The Racing Factory, kt\u00f3rej siedziba mie\u015bci si\u0119 w Postugalii. Jestem bardziej podekscytowany ni\u017c kiedykolwiek mo\u017cliwo\u015bci\u0105 rywalizacji w pe\u0142nych mistrzostwach kontynentalnych. Dzi\u0119ki wsparciu The Racing Factory i wszystkich naszych sponsor\u00f3w uda\u0142o nam si\u0119 zabezpieczy\u0107 niezb\u0119dny bud\u017cet, aby kontynuowa\u0107 ten ambitny projekt\" \/>\n\t<meta name=\"robots\" content=\"max-image-preview:large\" \/>\n\t<meta name=\"author\" content=\"Goretti\"\/>\n\t<link rel=\"canonical\" href=\"https:\/\/www.worldrally.eu\/index.php\/2025\/02\/22\/blach-powraca-do-erc\/\" \/>\n\t<meta name=\"generator\" content=\"All in One SEO (AIOSEO) 4.9.9\" \/>\n\t\t<meta property=\"og:locale\" content=\"en_GB\" \/>\n\t\t<meta property=\"og:site_name\" content=\"WorldRally.eu \u00bb\" \/>\n\t\t<meta property=\"og:type\" content=\"article\" \/>\n\t\t<meta property=\"og:title\" content=\"Blach powraca do ERC \u00bb WorldRally.eu\" \/>\n\t\t<meta property=\"og:description\" content=\"Roberto Blach Jr w wieku 29 lat powraca na aren\u0119 European Rally Championship z zespo\u0142em The Racing Factory, kt\u00f3rej siedziba mie\u015bci si\u0119 w Postugalii. Jestem bardziej podekscytowany ni\u017c kiedykolwiek mo\u017cliwo\u015bci\u0105 rywalizacji w pe\u0142nych mistrzostwach kontynentalnych. Dzi\u0119ki wsparciu The Racing Factory i wszystkich naszych sponsor\u00f3w uda\u0142o nam si\u0119 zabezpieczy\u0107 niezb\u0119dny bud\u017cet, aby kontynuowa\u0107 ten ambitny projekt\" \/>\n\t\t<meta property=\"og:url\" content=\"https:\/\/www.worldrally.eu\/index.php\/2025\/02\/22\/blach-powraca-do-erc\/\" \/>\n\t\t<meta property=\"og:image\" content=\"https:\/\/www.worldrally.eu\/wp-content\/uploads\/2025\/02\/Rally-Islas-Canarias-2024-PhotoMS-Media-Agency-Day-2-13.jpg\" \/>\n\t\t<meta property=\"og:image:secure_url\" content=\"https:\/\/www.worldrally.eu\/wp-content\/uploads\/2025\/02\/Rally-Islas-Canarias-2024-PhotoMS-Media-Agency-Day-2-13.jpg\" \/>\n\t\t<meta property=\"og:image:width\" content=\"1620\" \/>\n\t\t<meta property=\"og:image:height\" content=\"1080\" \/>\n\t\t<meta property=\"article:published_time\" content=\"2025-02-22T21:53:46+00:00\" \/>\n\t\t<meta property=\"article:modified_time\" content=\"2025-02-25T22:02:52+00:00\" \/>\n\t\t<meta name=\"twitter:card\" content=\"summary_large_image\" \/>\n\t\t<meta name=\"twitter:title\" content=\"Blach powraca do ERC \u00bb WorldRally.eu\" \/>\n\t\t<meta name=\"twitter:description\" content=\"Roberto Blach Jr w wieku 29 lat powraca na aren\u0119 European Rally Championship z zespo\u0142em The Racing Factory, kt\u00f3rej siedziba mie\u015bci si\u0119 w Postugalii. Jestem bardziej podekscytowany ni\u017c kiedykolwiek mo\u017cliwo\u015bci\u0105 rywalizacji w pe\u0142nych mistrzostwach kontynentalnych. Dzi\u0119ki wsparciu The Racing Factory i wszystkich naszych sponsor\u00f3w uda\u0142o nam si\u0119 zabezpieczy\u0107 niezb\u0119dny bud\u017cet, aby kontynuowa\u0107 ten ambitny projekt\" \/>\n\t\t<meta name=\"twitter:image\" content=\"https:\/\/www.worldrally.eu\/wp-content\/uploads\/2025\/02\/Rally-Islas-Canarias-2024-PhotoMS-Media-Agency-Day-2-13.jpg\" \/>\n\t\t<script type=\"application\/ld+json\" class=\"aioseo-schema\">\n\t\t\t{\"@context\":\"https:\\\/\\\/schema.org\",\"@graph\":[{\"@type\":\"BlogPosting\",\"@id\":\"https:\\\/\\\/www.worldrally.eu\\\/index.php\\\/2025\\\/02\\\/22\\\/blach-powraca-do-erc\\\/#blogposting\",\"name\":\"Blach powraca do ERC \\u00bb WorldRally.eu\",\"headline\":\"Blach powraca do ERC\",\"author\":{\"@id\":\"https:\\\/\\\/www.worldrally.eu\\\/index.php\\\/author\\\/goretti\\\/#author\"},\"publisher\":{\"@id\":\"https:\\\/\\\/www.worldrally.eu\\\/#organization\"},\"image\":{\"@type\":\"ImageObject\",\"url\":\"https:\\\/\\\/www.worldrally.eu\\\/wp-content\\\/uploads\\\/2025\\\/02\\\/Rally-Islas-Canarias-2024-PhotoMS-Media-Agency-Day-2-13.jpg\",\"width\":1620,\"height\":1080},\"datePublished\":\"2025-02-22T21:53:46+00:00\",\"dateModified\":\"2025-02-25T22:02:52+00:00\",\"inLanguage\":\"en-GB\",\"mainEntityOfPage\":{\"@id\":\"https:\\\/\\\/www.worldrally.eu\\\/index.php\\\/2025\\\/02\\\/22\\\/blach-powraca-do-erc\\\/#webpage\"},\"isPartOf\":{\"@id\":\"https:\\\/\\\/www.worldrally.eu\\\/index.php\\\/2025\\\/02\\\/22\\\/blach-powraca-do-erc\\\/#webpage\"},\"articleSection\":\"ERC\"},{\"@type\":\"BreadcrumbList\",\"@id\":\"https:\\\/\\\/www.worldrally.eu\\\/index.php\\\/2025\\\/02\\\/22\\\/blach-powraca-do-erc\\\/#breadcrumblist\",\"itemListElement\":[{\"@type\":\"ListItem\",\"@id\":\"https:\\\/\\\/www.worldrally.eu#listItem\",\"position\":1,\"name\":\"Home\",\"item\":\"https:\\\/\\\/www.worldrally.eu\",\"nextItem\":{\"@type\":\"ListItem\",\"@id\":\"https:\\\/\\\/www.worldrally.eu\\\/index.php\\\/category\\\/erc\\\/#listItem\",\"name\":\"ERC\"}},{\"@type\":\"ListItem\",\"@id\":\"https:\\\/\\\/www.worldrally.eu\\\/index.php\\\/category\\\/erc\\\/#listItem\",\"position\":2,\"name\":\"ERC\",\"item\":\"https:\\\/\\\/www.worldrally.eu\\\/index.php\\\/category\\\/erc\\\/\",\"nextItem\":{\"@type\":\"ListItem\",\"@id\":\"https:\\\/\\\/www.worldrally.eu\\\/index.php\\\/2025\\\/02\\\/22\\\/blach-powraca-do-erc\\\/#listItem\",\"name\":\"Blach powraca do ERC\"},\"previousItem\":{\"@type\":\"ListItem\",\"@id\":\"https:\\\/\\\/www.worldrally.eu#listItem\",\"name\":\"Home\"}},{\"@type\":\"ListItem\",\"@id\":\"https:\\\/\\\/www.worldrally.eu\\\/index.php\\\/2025\\\/02\\\/22\\\/blach-powraca-do-erc\\\/#listItem\",\"position\":3,\"name\":\"Blach powraca do ERC\",\"previousItem\":{\"@type\":\"ListItem\",\"@id\":\"https:\\\/\\\/www.worldrally.eu\\\/index.php\\\/category\\\/erc\\\/#listItem\",\"name\":\"ERC\"}}]},{\"@type\":\"Organization\",\"@id\":\"https:\\\/\\\/www.worldrally.eu\\\/#organization\",\"name\":\"WorldRally.eu\",\"url\":\"https:\\\/\\\/www.worldrally.eu\\\/\",\"logo\":{\"@type\":\"ImageObject\",\"url\":\"https:\\\/\\\/www.worldrally.eu\\\/wp-content\\\/uploads\\\/2026\\\/01\\\/cropped-logo-3.png\",\"@id\":\"https:\\\/\\\/www.worldrally.eu\\\/index.php\\\/2025\\\/02\\\/22\\\/blach-powraca-do-erc\\\/#organizationLogo\",\"width\":2039,\"height\":756},\"image\":{\"@id\":\"https:\\\/\\\/www.worldrally.eu\\\/index.php\\\/2025\\\/02\\\/22\\\/blach-powraca-do-erc\\\/#organizationLogo\"}},{\"@type\":\"Person\",\"@id\":\"https:\\\/\\\/www.worldrally.eu\\\/index.php\\\/author\\\/goretti\\\/#author\",\"url\":\"https:\\\/\\\/www.worldrally.eu\\\/index.php\\\/author\\\/goretti\\\/\",\"name\":\"Goretti\",\"image\":{\"@type\":\"ImageObject\",\"@id\":\"https:\\\/\\\/www.worldrally.eu\\\/index.php\\\/2025\\\/02\\\/22\\\/blach-powraca-do-erc\\\/#authorImage\",\"url\":\"https:\\\/\\\/secure.gravatar.com\\\/avatar\\\/45d12f7f03b68acc1120039e4b2ba669f40c823db729f44e77f7f624ad325316?s=96&d=mm&r=g\",\"width\":96,\"height\":96,\"caption\":\"Goretti\"}},{\"@type\":\"WebPage\",\"@id\":\"https:\\\/\\\/www.worldrally.eu\\\/index.php\\\/2025\\\/02\\\/22\\\/blach-powraca-do-erc\\\/#webpage\",\"url\":\"https:\\\/\\\/www.worldrally.eu\\\/index.php\\\/2025\\\/02\\\/22\\\/blach-powraca-do-erc\\\/\",\"name\":\"Blach powraca do ERC \\u00bb WorldRally.eu\",\"description\":\"Roberto Blach Jr w wieku 29 lat powraca na aren\\u0119 European Rally Championship z zespo\\u0142em The Racing Factory, kt\\u00f3rej siedziba mie\\u015bci si\\u0119 w Postugalii. Jestem bardziej podekscytowany ni\\u017c kiedykolwiek mo\\u017cliwo\\u015bci\\u0105 rywalizacji w pe\\u0142nych mistrzostwach kontynentalnych. Dzi\\u0119ki wsparciu The Racing Factory i wszystkich naszych sponsor\\u00f3w uda\\u0142o nam si\\u0119 zabezpieczy\\u0107 niezb\\u0119dny bud\\u017cet, aby kontynuowa\\u0107 ten ambitny projekt\",\"inLanguage\":\"en-GB\",\"isPartOf\":{\"@id\":\"https:\\\/\\\/www.worldrally.eu\\\/#website\"},\"breadcrumb\":{\"@id\":\"https:\\\/\\\/www.worldrally.eu\\\/index.php\\\/2025\\\/02\\\/22\\\/blach-powraca-do-erc\\\/#breadcrumblist\"},\"author\":{\"@id\":\"https:\\\/\\\/www.worldrally.eu\\\/index.php\\\/author\\\/goretti\\\/#author\"},\"creator\":{\"@id\":\"https:\\\/\\\/www.worldrally.eu\\\/index.php\\\/author\\\/goretti\\\/#author\"},\"image\":{\"@type\":\"ImageObject\",\"url\":\"https:\\\/\\\/www.worldrally.eu\\\/wp-content\\\/uploads\\\/2025\\\/02\\\/Rally-Islas-Canarias-2024-PhotoMS-Media-Agency-Day-2-13.jpg\",\"@id\":\"https:\\\/\\\/www.worldrally.eu\\\/index.php\\\/2025\\\/02\\\/22\\\/blach-powraca-do-erc\\\/#mainImage\",\"width\":1620,\"height\":1080},\"primaryImageOfPage\":{\"@id\":\"https:\\\/\\\/www.worldrally.eu\\\/index.php\\\/2025\\\/02\\\/22\\\/blach-powraca-do-erc\\\/#mainImage\"},\"datePublished\":\"2025-02-22T21:53:46+00:00\",\"dateModified\":\"2025-02-25T22:02:52+00:00\"},{\"@type\":\"WebSite\",\"@id\":\"https:\\\/\\\/www.worldrally.eu\\\/#website\",\"url\":\"https:\\\/\\\/www.worldrally.eu\\\/\",\"name\":\"WorldRally.eu\",\"inLanguage\":\"en-GB\",\"publisher\":{\"@id\":\"https:\\\/\\\/www.worldrally.eu\\\/#organization\"}}]}\n\t\t<\/script>\n\t\t<!-- All in One SEO -->\n\n","aioseo_head_json":{"title":"Blach powraca do ERC \u00bb WorldRally.eu","description":"Roberto Blach Jr w wieku 29 lat powraca na aren\u0119 European Rally Championship z zespo\u0142em The Racing Factory, kt\u00f3rej siedziba mie\u015bci si\u0119 w Postugalii. Jestem bardziej podekscytowany ni\u017c kiedykolwiek mo\u017cliwo\u015bci\u0105 rywalizacji w pe\u0142nych mistrzostwach kontynentalnych. Dzi\u0119ki wsparciu The Racing Factory i wszystkich naszych sponsor\u00f3w uda\u0142o nam si\u0119 zabezpieczy\u0107 niezb\u0119dny bud\u017cet, aby kontynuowa\u0107 ten ambitny projekt","canonical_url":"https:\/\/www.worldrally.eu\/index.php\/2025\/02\/22\/blach-powraca-do-erc\/","robots":"max-image-preview:large","keywords":"","webmasterTools":{"miscellaneous":""},"schema":{"@context":"https:\/\/schema.org","@graph":[{"@type":"BlogPosting","@id":"https:\/\/www.worldrally.eu\/index.php\/2025\/02\/22\/blach-powraca-do-erc\/#blogposting","name":"Blach powraca do ERC \u00bb WorldRally.eu","headline":"Blach powraca do ERC","author":{"@id":"https:\/\/www.worldrally.eu\/index.php\/author\/goretti\/#author"},"publisher":{"@id":"https:\/\/www.worldrally.eu\/#organization"},"image":{"@type":"ImageObject","url":"https:\/\/www.worldrally.eu\/wp-content\/uploads\/2025\/02\/Rally-Islas-Canarias-2024-PhotoMS-Media-Agency-Day-2-13.jpg","width":1620,"height":1080},"datePublished":"2025-02-22T21:53:46+00:00","dateModified":"2025-02-25T22:02:52+00:00","inLanguage":"en-GB","mainEntityOfPage":{"@id":"https:\/\/www.worldrally.eu\/index.php\/2025\/02\/22\/blach-powraca-do-erc\/#webpage"},"isPartOf":{"@id":"https:\/\/www.worldrally.eu\/index.php\/2025\/02\/22\/blach-powraca-do-erc\/#webpage"},"articleSection":"ERC"},{"@type":"BreadcrumbList","@id":"https:\/\/www.worldrally.eu\/index.php\/2025\/02\/22\/blach-powraca-do-erc\/#breadcrumblist","itemListElement":[{"@type":"ListItem","@id":"https:\/\/www.worldrally.eu#listItem","position":1,"name":"Home","item":"https:\/\/www.worldrally.eu","nextItem":{"@type":"ListItem","@id":"https:\/\/www.worldrally.eu\/index.php\/category\/erc\/#listItem","name":"ERC"}},{"@type":"ListItem","@id":"https:\/\/www.worldrally.eu\/index.php\/category\/erc\/#listItem","position":2,"name":"ERC","item":"https:\/\/www.worldrally.eu\/index.php\/category\/erc\/","nextItem":{"@type":"ListItem","@id":"https:\/\/www.worldrally.eu\/index.php\/2025\/02\/22\/blach-powraca-do-erc\/#listItem","name":"Blach powraca do ERC"},"previousItem":{"@type":"ListItem","@id":"https:\/\/www.worldrally.eu#listItem","name":"Home"}},{"@type":"ListItem","@id":"https:\/\/www.worldrally.eu\/index.php\/2025\/02\/22\/blach-powraca-do-erc\/#listItem","position":3,"name":"Blach powraca do ERC","previousItem":{"@type":"ListItem","@id":"https:\/\/www.worldrally.eu\/index.php\/category\/erc\/#listItem","name":"ERC"}}]},{"@type":"Organization","@id":"https:\/\/www.worldrally.eu\/#organization","name":"WorldRally.eu","url":"https:\/\/www.worldrally.eu\/","logo":{"@type":"ImageObject","url":"https:\/\/www.worldrally.eu\/wp-content\/uploads\/2026\/01\/cropped-logo-3.png","@id":"https:\/\/www.worldrally.eu\/index.php\/2025\/02\/22\/blach-powraca-do-erc\/#organizationLogo","width":2039,"height":756},"image":{"@id":"https:\/\/www.worldrally.eu\/index.php\/2025\/02\/22\/blach-powraca-do-erc\/#organizationLogo"}},{"@type":"Person","@id":"https:\/\/www.worldrally.eu\/index.php\/author\/goretti\/#author","url":"https:\/\/www.worldrally.eu\/index.php\/author\/goretti\/","name":"Goretti","image":{"@type":"ImageObject","@id":"https:\/\/www.worldrally.eu\/index.php\/2025\/02\/22\/blach-powraca-do-erc\/#authorImage","url":"https:\/\/secure.gravatar.com\/avatar\/45d12f7f03b68acc1120039e4b2ba669f40c823db729f44e77f7f624ad325316?s=96&d=mm&r=g","width":96,"height":96,"caption":"Goretti"}},{"@type":"WebPage","@id":"https:\/\/www.worldrally.eu\/index.php\/2025\/02\/22\/blach-powraca-do-erc\/#webpage","url":"https:\/\/www.worldrally.eu\/index.php\/2025\/02\/22\/blach-powraca-do-erc\/","name":"Blach powraca do ERC \u00bb WorldRally.eu","description":"Roberto Blach Jr w wieku 29 lat powraca na aren\u0119 European Rally Championship z zespo\u0142em The Racing Factory, kt\u00f3rej siedziba mie\u015bci si\u0119 w Postugalii. Jestem bardziej podekscytowany ni\u017c kiedykolwiek mo\u017cliwo\u015bci\u0105 rywalizacji w pe\u0142nych mistrzostwach kontynentalnych. Dzi\u0119ki wsparciu The Racing Factory i wszystkich naszych sponsor\u00f3w uda\u0142o nam si\u0119 zabezpieczy\u0107 niezb\u0119dny bud\u017cet, aby kontynuowa\u0107 ten ambitny projekt","inLanguage":"en-GB","isPartOf":{"@id":"https:\/\/www.worldrally.eu\/#website"},"breadcrumb":{"@id":"https:\/\/www.worldrally.eu\/index.php\/2025\/02\/22\/blach-powraca-do-erc\/#breadcrumblist"},"author":{"@id":"https:\/\/www.worldrally.eu\/index.php\/author\/goretti\/#author"},"creator":{"@id":"https:\/\/www.worldrally.eu\/index.php\/author\/goretti\/#author"},"image":{"@type":"ImageObject","url":"https:\/\/www.worldrally.eu\/wp-content\/uploads\/2025\/02\/Rally-Islas-Canarias-2024-PhotoMS-Media-Agency-Day-2-13.jpg","@id":"https:\/\/www.worldrally.eu\/index.php\/2025\/02\/22\/blach-powraca-do-erc\/#mainImage","width":1620,"height":1080},"primaryImageOfPage":{"@id":"https:\/\/www.worldrally.eu\/index.php\/2025\/02\/22\/blach-powraca-do-erc\/#mainImage"},"datePublished":"2025-02-22T21:53:46+00:00","dateModified":"2025-02-25T22:02:52+00:00"},{"@type":"WebSite","@id":"https:\/\/www.worldrally.eu\/#website","url":"https:\/\/www.worldrally.eu\/","name":"WorldRally.eu","inLanguage":"en-GB","publisher":{"@id":"https:\/\/www.worldrally.eu\/#organization"}}]},"og:locale":"en_GB","og:site_name":"WorldRally.eu \u00bb","og:type":"article","og:title":"Blach powraca do ERC \u00bb WorldRally.eu","og:description":"Roberto Blach Jr w wieku 29 lat powraca na aren\u0119 European Rally Championship z zespo\u0142em The Racing Factory, kt\u00f3rej siedziba mie\u015bci si\u0119 w Postugalii. Jestem bardziej podekscytowany ni\u017c kiedykolwiek mo\u017cliwo\u015bci\u0105 rywalizacji w pe\u0142nych mistrzostwach kontynentalnych. Dzi\u0119ki wsparciu The Racing Factory i wszystkich naszych sponsor\u00f3w uda\u0142o nam si\u0119 zabezpieczy\u0107 niezb\u0119dny bud\u017cet, aby kontynuowa\u0107 ten ambitny projekt","og:url":"https:\/\/www.worldrally.eu\/index.php\/2025\/02\/22\/blach-powraca-do-erc\/","og:image":"https:\/\/www.worldrally.eu\/wp-content\/uploads\/2025\/02\/Rally-Islas-Canarias-2024-PhotoMS-Media-Agency-Day-2-13.jpg","og:image:secure_url":"https:\/\/www.worldrally.eu\/wp-content\/uploads\/2025\/02\/Rally-Islas-Canarias-2024-PhotoMS-Media-Agency-Day-2-13.jpg","og:image:width":1620,"og:image:height":1080,"article:published_time":"2025-02-22T21:53:46+00:00","article:modified_time":"2025-02-25T22:02:52+00:00","twitter:card":"summary_large_image","twitter:title":"Blach powraca do ERC \u00bb WorldRally.eu","twitter:description":"Roberto Blach Jr w wieku 29 lat powraca na aren\u0119 European Rally Championship z zespo\u0142em The Racing Factory, kt\u00f3rej siedziba mie\u015bci si\u0119 w Postugalii. Jestem bardziej podekscytowany ni\u017c kiedykolwiek mo\u017cliwo\u015bci\u0105 rywalizacji w pe\u0142nych mistrzostwach kontynentalnych. Dzi\u0119ki wsparciu The Racing Factory i wszystkich naszych sponsor\u00f3w uda\u0142o nam si\u0119 zabezpieczy\u0107 niezb\u0119dny bud\u017cet, aby kontynuowa\u0107 ten ambitny projekt","twitter:image":"https:\/\/www.worldrally.eu\/wp-content\/uploads\/2025\/02\/Rally-Islas-Canarias-2024-PhotoMS-Media-Agency-Day-2-13.jpg"},"aioseo_meta_data":{"post_id":"3165","title":null,"description":null,"keywords":null,"keyphrases":null,"primary_term":null,"canonical_url":null,"og_title":null,"og_description":null,"og_object_type":"default","og_image_type":"default","og_image_url":null,"og_image_width":null,"og_image_height":null,"og_image_custom_url":null,"og_image_custom_fields":null,"og_video":null,"og_custom_url":null,"og_article_section":null,"og_article_tags":null,"twitter_use_og":false,"twitter_card":"default","twitter_image_type":"default","twitter_image_url":null,"twitter_image_custom_url":null,"twitter_image_custom_fields":null,"twitter_title":null,"twitter_description":null,"schema":{"blockGraphs":[],"customGraphs":[],"default":{"data":{"Article":[],"Course":[],"Dataset":[],"FAQPage":[],"Movie":[],"Person":[],"Product":[],"ProductReview":[],"Car":[],"Recipe":[],"Service":[],"SoftwareApplication":[],"WebPage":[]},"graphName":"","isEnabled":true},"graphs":[]},"schema_type":"default","schema_type_options":null,"pillar_content":false,"robots_default":true,"robots_noindex":false,"robots_noarchive":false,"robots_nosnippet":false,"robots_nofollow":false,"robots_noimageindex":false,"robots_noodp":false,"robots_notranslate":false,"robots_max_snippet":null,"robots_max_videopreview":null,"robots_max_imagepreview":"large","priority":null,"frequency":null,"local_seo":null,"breadcrumb_settings":null,"limit_modified_date":false,"ai":null,"created":"2025-03-22 06:47:27","updated":"2025-10-26 13:17:23","seo_analyzer_scan_date":null},"aioseo_breadcrumb":"<div class=\"aioseo-breadcrumbs\"><span class=\"aioseo-breadcrumb\">\n\t\t\t<a href=\"https:\/\/www.worldrally.eu\" title=\"Home\">Home<\/a>\n\t\t<\/span><span class=\"aioseo-breadcrumb-separator\">&raquo;<\/span><span class=\"aioseo-breadcrumb\">\n\t\t\t<a href=\"https:\/\/www.worldrally.eu\/index.php\/category\/erc\/\" title=\"ERC\">ERC<\/a>\n\t\t<\/span><span class=\"aioseo-breadcrumb-separator\">&raquo;<\/span><span class=\"aioseo-breadcrumb\">\n\t\t\tBlach powraca do ERC\n\t\t<\/span><\/div>","aioseo_breadcrumb_json":[{"label":"Home","link":"https:\/\/www.worldrally.eu"},{"label":"ERC","link":"https:\/\/www.worldrally.eu\/index.php\/category\/erc\/"},{"label":"Blach powraca do ERC","link":"https:\/\/www.worldrally.eu\/index.php\/2025\/02\/22\/blach-powraca-do-erc\/"}],"cc_featured_image_caption":{"caption_text":"Foto - Photoms","source_text":"","source_url":""},"_links":{"self":[{"href":"https:\/\/www.worldrally.eu\/index.php\/wp-json\/wp\/v2\/posts\/3165","targetHints":{"allow":["GET"]}}],"collection":[{"href":"https:\/\/www.worldrally.eu\/index.php\/wp-json\/wp\/v2\/posts"}],"about":[{"href":"https:\/\/www.worldrally.eu\/index.php\/wp-json\/wp\/v2\/types\/post"}],"author":[{"embeddable":true,"href":"https:\/\/www.worldrally.eu\/index.php\/wp-json\/wp\/v2\/users\/6"}],"replies":[{"embeddable":true,"href":"https:\/\/www.worldrally.eu\/index.php\/wp-json\/wp\/v2\/comments?post=3165"}],"version-history":[{"count":1,"href":"https:\/\/www.worldrally.eu\/index.php\/wp-json\/wp\/v2\/posts\/3165\/revisions"}],"predecessor-version":[{"id":3167,"href":"https:\/\/www.worldrally.eu\/index.php\/wp-json\/wp\/v2\/posts\/3165\/revisions\/3167"}],"wp:featuredmedia":[{"embeddable":true,"href":"https:\/\/www.worldrally.eu\/index.php\/wp-json\/wp\/v2\/media\/3166"}],"wp:attachment":[{"href":"https:\/\/www.worldrally.eu\/index.php\/wp-json\/wp\/v2\/media?parent=3165"}],"wp:term":[{"taxonomy":"category","embeddable":true,"href":"https:\/\/www.worldrally.eu\/index.php\/wp-json\/wp\/v2\/categories?post=3165"},{"taxonomy":"post_tag","embeddable":true,"href":"https:\/\/www.worldrally.eu\/index.php\/wp-json\/wp\/v2\/tags?post=3165"}],"curies":[{"name":"wp","href":"https:\/\/api.w.org\/{rel}","templated":true}]}}