{"id":301,"date":"2023-02-15T20:03:30","date_gmt":"2023-02-15T20:03:30","guid":{"rendered":"https:\/\/www.worldrally.eu\/?p=301"},"modified":"2023-02-15T20:34:08","modified_gmt":"2023-02-15T20:34:08","slug":"fabia-rs-rally2-odnosi-pierwsze-zwyciestwo","status":"publish","type":"post","link":"https:\/\/www.worldrally.eu\/index.php\/2023\/02\/15\/fabia-rs-rally2-odnosi-pierwsze-zwyciestwo\/","title":{"rendered":"Fabia RS Rally2 odnosi pierwsze zwyci\u0119stwo"},"content":{"rendered":"\n<p class=\"wp-block-paragraph\">Nie trzeba by\u0142o d\u0142ugo czeka\u0107 aby \u0160koda Fabia RS Rally2 odnios\u0142a od dawna zapowiadaj\u0105cy si\u0119 sukces  na trasach rajd\u00f3w WRC zdobywaj\u0105c pierwsze zwyci\u0119stwo. Duet Oliver Solberg\/Elliott Edmondson zdominowa\u0142 walk\u0119 w klasie WRC2 podczas drugich Rajdowych Mistrzostw \u015awiata odbywaj\u0105cych sie w Szwecji. W pierwszej dziesi\u0105tce tej kategorii znalaz\u0142o si\u0119 \u0142\u0105cznie sze\u015b\u0107 samochod\u00f3w marki \u0160koda, a ich za\u0142ogi wygra\u0142y w sumie 15 z 18 odcink\u00f3w specjalnych.<\/p>\n\n\n\n<figure class=\"wp-block-image size-large\"><img fetchpriority=\"high\" decoding=\"async\" width=\"1024\" height=\"683\" src=\"https:\/\/www.worldrally.eu\/wp-content\/uploads\/2023\/02\/DSC_5328-1024x683.jpg\" alt=\"\" class=\"wp-image-302\" srcset=\"https:\/\/www.worldrally.eu\/wp-content\/uploads\/2023\/02\/DSC_5328-1024x683.jpg 1024w, https:\/\/www.worldrally.eu\/wp-content\/uploads\/2023\/02\/DSC_5328-300x200.jpg 300w, https:\/\/www.worldrally.eu\/wp-content\/uploads\/2023\/02\/DSC_5328-768x512.jpg 768w, https:\/\/www.worldrally.eu\/wp-content\/uploads\/2023\/02\/DSC_5328-1536x1024.jpg 1536w, https:\/\/www.worldrally.eu\/wp-content\/uploads\/2023\/02\/DSC_5328-446x297.jpg 446w, https:\/\/www.worldrally.eu\/wp-content\/uploads\/2023\/02\/DSC_5328.jpg 2048w\" sizes=\"(max-width: 1024px) 100vw, 1024px\" \/><figcaption class=\"wp-element-caption\"><strong>Skoda Motorsport<\/strong><\/figcaption><\/figure>\n\n\n\n<p class=\"wp-block-paragraph\">Solberg i Edmondson ustanowili najlepsze czasy w kategorii WRC2 na 8 z 18 odcink\u00f3w specjalnych podczas ca\u0142ego startu.<\/p>\n\n\n\n<p class=\"wp-block-paragraph\"><em> \u201eTo fantastyczne, wspania\u0142e uczucie! To by\u0142 niesamowity weekend dla nas obojga, jechali\u015bmy naprawd\u0119 konsekwentnie i bez \u017cadnych b\u0142\u0119d\u00f3w\u201d<\/em>&#8211; powiedzia\u0142 Solberg<\/p>\n\n\n\n<p class=\"wp-block-paragraph\">Kolejnym wielkim osi\u0105gni\u0119ciem w tej kategorii by\u0142o trzecie miejsce w klasyfikacji generalnej m\u0142odej fi\u0144skiej za\u0142ogi Sami Pajari\/Enni M\u00e4lk\u00f6nen. Podczas jednego z etap\u00f3w Pajari straci\u0142 kontrol\u0119 nad samochodem w koleinach przy du\u017cej pr\u0119dko\u015bci i by\u0142 zmuszony nadrobi\u0107 40 sekund straty czasu w pozosta\u0142ej cz\u0119\u015bci zawod\u00f3w, ale zapewni\u0142 sobie ostatnie trzecie miejsce.<\/p>\n\n\n\n<p class=\"wp-block-paragraph\"><em> \u201eW przesz\u0142o\u015bci mieli\u015bmy kilka szans na podium. W ko\u0144cu nam si\u0119 to uda\u0142o, a uczucie jest naprawd\u0119 mi\u0142e\u201d <\/em>\u2013 powiedzia\u0142 Pajari.<\/p>\n\n\n\n<figure class=\"wp-block-image size-large\"><img decoding=\"async\" width=\"1024\" height=\"683\" src=\"https:\/\/www.worldrally.eu\/wp-content\/uploads\/2023\/02\/DSC_4479-1024x683.jpg\" alt=\"\" class=\"wp-image-303\" srcset=\"https:\/\/www.worldrally.eu\/wp-content\/uploads\/2023\/02\/DSC_4479-1024x683.jpg 1024w, https:\/\/www.worldrally.eu\/wp-content\/uploads\/2023\/02\/DSC_4479-300x200.jpg 300w, https:\/\/www.worldrally.eu\/wp-content\/uploads\/2023\/02\/DSC_4479-768x512.jpg 768w, https:\/\/www.worldrally.eu\/wp-content\/uploads\/2023\/02\/DSC_4479-1536x1024.jpg 1536w, https:\/\/www.worldrally.eu\/wp-content\/uploads\/2023\/02\/DSC_4479-446x297.jpg 446w, https:\/\/www.worldrally.eu\/wp-content\/uploads\/2023\/02\/DSC_4479.jpg 2048w\" sizes=\"(max-width: 1024px) 100vw, 1024px\" \/><figcaption class=\"wp-element-caption\"><strong>Skoda Motorsport<\/strong><\/figcaption><\/figure>\n\n\n\n<p class=\"wp-block-paragraph\">Kategori\u0119 WRC Masters Cup, zarezerwowan\u0105 dla kierowc\u00f3w powy\u017cej 50 roku \u017cycia, wygra\u0142a za\u0142oga z Polski &#8211; <strong>Micha\u0142 So\u0142owow \/ Maciej Baran<\/strong> z zespo\u0142em Ors\u00e1k Rally Sport.<\/p>\n\n\n\n<figure class=\"wp-block-image size-full\"><img decoding=\"async\" width=\"815\" height=\"539\" src=\"https:\/\/www.worldrally.eu\/wp-content\/uploads\/2023\/02\/solowow.jpg\" alt=\"\" class=\"wp-image-304\" srcset=\"https:\/\/www.worldrally.eu\/wp-content\/uploads\/2023\/02\/solowow.jpg 815w, https:\/\/www.worldrally.eu\/wp-content\/uploads\/2023\/02\/solowow-300x198.jpg 300w, https:\/\/www.worldrally.eu\/wp-content\/uploads\/2023\/02\/solowow-768x508.jpg 768w\" sizes=\"(max-width: 815px) 100vw, 815px\" \/><figcaption class=\"wp-element-caption\"><strong>Marcin Rybak PHOTOGRAPHER<\/strong><\/figcaption><\/figure>\n\n\n\n<p class=\"wp-block-paragraph\"><em>Skoda Motorsport<\/em><\/p>\n","protected":false},"excerpt":{"rendered":"<p>Nie trzeba by\u0142o d\u0142ugo czeka\u0107 aby \u0160koda Fabia RS Rally2 odnios\u0142a od dawna zapowiadaj\u0105cy si\u0119 sukces na trasach rajd\u00f3w WRC zdobywaj\u0105c pierwsze zwyci\u0119stwo. Duet Oliver Solberg\/Elliott Edmondson zdominowa\u0142 walk\u0119 w klasie WRC2 podczas drugich Rajdowych Mistrzostw \u015awiata odbywaj\u0105cych sie w Szwecji. W pierwszej dziesi\u0105tce tej kategorii znalaz\u0142o si\u0119 \u0142\u0105cznie sze\u015b\u0107 samochod\u00f3w marki \u0160koda, a ich [&hellip;]<\/p>\n","protected":false},"author":1,"featured_media":305,"comment_status":"closed","ping_status":"closed","sticky":false,"template":"","format":"standard","meta":{"_monsterinsights_skip_tracking":false,"_monsterinsights_sitenote_active":false,"_monsterinsights_sitenote_note":"","_monsterinsights_sitenote_category":0,"footnotes":""},"categories":[3],"tags":[],"class_list":["post-301","post","type-post","status-publish","format-standard","has-post-thumbnail","hentry","category-wrc"],"aioseo_notices":[],"aioseo_head":"\n\t\t<!-- All in One SEO 4.9.9 - aioseo.com -->\n\t<meta name=\"description\" content=\"Nie trzeba by\u0142o d\u0142ugo czeka\u0107 aby \u0160koda Fabia RS Rally2 odnios\u0142a od dawna zapowiadaj\u0105cy si\u0119 sukces na trasach rajd\u00f3w WRC zdobywaj\u0105c pierwsze zwyci\u0119stwo. Duet Oliver Solberg\/Elliott Edmondson zdominowa\u0142 walk\u0119 w klasie WRC2 podczas drugich Rajdowych Mistrzostw \u015awiata odbywaj\u0105cych sie w Szwecji. W pierwszej dziesi\u0105tce tej kategorii znalaz\u0142o si\u0119 \u0142\u0105cznie sze\u015b\u0107 samochod\u00f3w marki \u0160koda, a ich\" \/>\n\t<meta name=\"robots\" content=\"max-image-preview:large\" \/>\n\t<meta name=\"author\" content=\"Junior\"\/>\n\t<link rel=\"canonical\" href=\"https:\/\/www.worldrally.eu\/index.php\/2023\/02\/15\/fabia-rs-rally2-odnosi-pierwsze-zwyciestwo\/\" \/>\n\t<meta name=\"generator\" content=\"All in One SEO (AIOSEO) 4.9.9\" \/>\n\t\t<meta property=\"og:locale\" content=\"en_GB\" \/>\n\t\t<meta property=\"og:site_name\" content=\"WorldRally.eu \u00bb\" \/>\n\t\t<meta property=\"og:type\" content=\"article\" \/>\n\t\t<meta property=\"og:title\" content=\"Fabia RS Rally2 odnosi pierwsze zwyci\u0119stwo \u00bb WorldRally.eu\" \/>\n\t\t<meta property=\"og:description\" content=\"Nie trzeba by\u0142o d\u0142ugo czeka\u0107 aby \u0160koda Fabia RS Rally2 odnios\u0142a od dawna zapowiadaj\u0105cy si\u0119 sukces na trasach rajd\u00f3w WRC zdobywaj\u0105c pierwsze zwyci\u0119stwo. Duet Oliver Solberg\/Elliott Edmondson zdominowa\u0142 walk\u0119 w klasie WRC2 podczas drugich Rajdowych Mistrzostw \u015awiata odbywaj\u0105cych sie w Szwecji. W pierwszej dziesi\u0105tce tej kategorii znalaz\u0142o si\u0119 \u0142\u0105cznie sze\u015b\u0107 samochod\u00f3w marki \u0160koda, a ich\" \/>\n\t\t<meta property=\"og:url\" content=\"https:\/\/www.worldrally.eu\/index.php\/2023\/02\/15\/fabia-rs-rally2-odnosi-pierwsze-zwyciestwo\/\" \/>\n\t\t<meta property=\"og:image\" content=\"https:\/\/www.worldrally.eu\/wp-content\/uploads\/2023\/02\/solberg-z-FB-1.jpg\" \/>\n\t\t<meta property=\"og:image:secure_url\" content=\"https:\/\/www.worldrally.eu\/wp-content\/uploads\/2023\/02\/solberg-z-FB-1.jpg\" \/>\n\t\t<meta property=\"og:image:width\" content=\"2048\" \/>\n\t\t<meta property=\"og:image:height\" content=\"1372\" \/>\n\t\t<meta property=\"article:published_time\" content=\"2023-02-15T20:03:30+00:00\" \/>\n\t\t<meta property=\"article:modified_time\" content=\"2023-02-15T20:34:08+00:00\" \/>\n\t\t<meta name=\"twitter:card\" content=\"summary_large_image\" \/>\n\t\t<meta name=\"twitter:title\" content=\"Fabia RS Rally2 odnosi pierwsze zwyci\u0119stwo \u00bb WorldRally.eu\" \/>\n\t\t<meta name=\"twitter:description\" content=\"Nie trzeba by\u0142o d\u0142ugo czeka\u0107 aby \u0160koda Fabia RS Rally2 odnios\u0142a od dawna zapowiadaj\u0105cy si\u0119 sukces na trasach rajd\u00f3w WRC zdobywaj\u0105c pierwsze zwyci\u0119stwo. Duet Oliver Solberg\/Elliott Edmondson zdominowa\u0142 walk\u0119 w klasie WRC2 podczas drugich Rajdowych Mistrzostw \u015awiata odbywaj\u0105cych sie w Szwecji. W pierwszej dziesi\u0105tce tej kategorii znalaz\u0142o si\u0119 \u0142\u0105cznie sze\u015b\u0107 samochod\u00f3w marki \u0160koda, a ich\" \/>\n\t\t<meta name=\"twitter:image\" content=\"https:\/\/www.worldrally.eu\/wp-content\/uploads\/2023\/02\/solberg-z-FB-1.jpg\" \/>\n\t\t<script type=\"application\/ld+json\" class=\"aioseo-schema\">\n\t\t\t{\"@context\":\"https:\\\/\\\/schema.org\",\"@graph\":[{\"@type\":\"BlogPosting\",\"@id\":\"https:\\\/\\\/www.worldrally.eu\\\/index.php\\\/2023\\\/02\\\/15\\\/fabia-rs-rally2-odnosi-pierwsze-zwyciestwo\\\/#blogposting\",\"name\":\"Fabia RS Rally2 odnosi pierwsze zwyci\\u0119stwo \\u00bb WorldRally.eu\",\"headline\":\"Fabia RS Rally2 odnosi pierwsze zwyci\\u0119stwo\",\"author\":{\"@id\":\"https:\\\/\\\/www.worldrally.eu\\\/index.php\\\/author\\\/admin\\\/#author\"},\"publisher\":{\"@id\":\"https:\\\/\\\/www.worldrally.eu\\\/#organization\"},\"image\":{\"@type\":\"ImageObject\",\"url\":\"https:\\\/\\\/www.worldrally.eu\\\/wp-content\\\/uploads\\\/2023\\\/02\\\/solberg-z-FB-1.jpg\",\"width\":2048,\"height\":1372,\"caption\":\"2023 FIA World Rally Championship \\\/ Round 02 \\\/ Rally Sweden 2023 \\\/ 09-12th Febuary 2023 \\\/\\\/ Worldwide Copyright: Mcklein\"},\"datePublished\":\"2023-02-15T20:03:30+00:00\",\"dateModified\":\"2023-02-15T20:34:08+00:00\",\"inLanguage\":\"en-GB\",\"mainEntityOfPage\":{\"@id\":\"https:\\\/\\\/www.worldrally.eu\\\/index.php\\\/2023\\\/02\\\/15\\\/fabia-rs-rally2-odnosi-pierwsze-zwyciestwo\\\/#webpage\"},\"isPartOf\":{\"@id\":\"https:\\\/\\\/www.worldrally.eu\\\/index.php\\\/2023\\\/02\\\/15\\\/fabia-rs-rally2-odnosi-pierwsze-zwyciestwo\\\/#webpage\"},\"articleSection\":\"WRC\"},{\"@type\":\"BreadcrumbList\",\"@id\":\"https:\\\/\\\/www.worldrally.eu\\\/index.php\\\/2023\\\/02\\\/15\\\/fabia-rs-rally2-odnosi-pierwsze-zwyciestwo\\\/#breadcrumblist\",\"itemListElement\":[{\"@type\":\"ListItem\",\"@id\":\"https:\\\/\\\/www.worldrally.eu#listItem\",\"position\":1,\"name\":\"Home\",\"item\":\"https:\\\/\\\/www.worldrally.eu\",\"nextItem\":{\"@type\":\"ListItem\",\"@id\":\"https:\\\/\\\/www.worldrally.eu\\\/index.php\\\/category\\\/wrc\\\/#listItem\",\"name\":\"WRC\"}},{\"@type\":\"ListItem\",\"@id\":\"https:\\\/\\\/www.worldrally.eu\\\/index.php\\\/category\\\/wrc\\\/#listItem\",\"position\":2,\"name\":\"WRC\",\"item\":\"https:\\\/\\\/www.worldrally.eu\\\/index.php\\\/category\\\/wrc\\\/\",\"nextItem\":{\"@type\":\"ListItem\",\"@id\":\"https:\\\/\\\/www.worldrally.eu\\\/index.php\\\/2023\\\/02\\\/15\\\/fabia-rs-rally2-odnosi-pierwsze-zwyciestwo\\\/#listItem\",\"name\":\"Fabia RS Rally2 odnosi pierwsze zwyci\\u0119stwo\"},\"previousItem\":{\"@type\":\"ListItem\",\"@id\":\"https:\\\/\\\/www.worldrally.eu#listItem\",\"name\":\"Home\"}},{\"@type\":\"ListItem\",\"@id\":\"https:\\\/\\\/www.worldrally.eu\\\/index.php\\\/2023\\\/02\\\/15\\\/fabia-rs-rally2-odnosi-pierwsze-zwyciestwo\\\/#listItem\",\"position\":3,\"name\":\"Fabia RS Rally2 odnosi pierwsze zwyci\\u0119stwo\",\"previousItem\":{\"@type\":\"ListItem\",\"@id\":\"https:\\\/\\\/www.worldrally.eu\\\/index.php\\\/category\\\/wrc\\\/#listItem\",\"name\":\"WRC\"}}]},{\"@type\":\"Organization\",\"@id\":\"https:\\\/\\\/www.worldrally.eu\\\/#organization\",\"name\":\"WorldRally.eu\",\"url\":\"https:\\\/\\\/www.worldrally.eu\\\/\",\"logo\":{\"@type\":\"ImageObject\",\"url\":\"https:\\\/\\\/www.worldrally.eu\\\/wp-content\\\/uploads\\\/2026\\\/01\\\/cropped-logo-3.png\",\"@id\":\"https:\\\/\\\/www.worldrally.eu\\\/index.php\\\/2023\\\/02\\\/15\\\/fabia-rs-rally2-odnosi-pierwsze-zwyciestwo\\\/#organizationLogo\",\"width\":2039,\"height\":756},\"image\":{\"@id\":\"https:\\\/\\\/www.worldrally.eu\\\/index.php\\\/2023\\\/02\\\/15\\\/fabia-rs-rally2-odnosi-pierwsze-zwyciestwo\\\/#organizationLogo\"}},{\"@type\":\"Person\",\"@id\":\"https:\\\/\\\/www.worldrally.eu\\\/index.php\\\/author\\\/admin\\\/#author\",\"url\":\"https:\\\/\\\/www.worldrally.eu\\\/index.php\\\/author\\\/admin\\\/\",\"name\":\"Junior\",\"image\":{\"@type\":\"ImageObject\",\"@id\":\"https:\\\/\\\/www.worldrally.eu\\\/index.php\\\/2023\\\/02\\\/15\\\/fabia-rs-rally2-odnosi-pierwsze-zwyciestwo\\\/#authorImage\",\"url\":\"https:\\\/\\\/secure.gravatar.com\\\/avatar\\\/5bd369ac0447285dc20b588693ca1756d0179a7f957258050a42a968bf3b9d0a?s=96&d=mm&r=g\",\"width\":96,\"height\":96,\"caption\":\"Junior\"}},{\"@type\":\"WebPage\",\"@id\":\"https:\\\/\\\/www.worldrally.eu\\\/index.php\\\/2023\\\/02\\\/15\\\/fabia-rs-rally2-odnosi-pierwsze-zwyciestwo\\\/#webpage\",\"url\":\"https:\\\/\\\/www.worldrally.eu\\\/index.php\\\/2023\\\/02\\\/15\\\/fabia-rs-rally2-odnosi-pierwsze-zwyciestwo\\\/\",\"name\":\"Fabia RS Rally2 odnosi pierwsze zwyci\\u0119stwo \\u00bb WorldRally.eu\",\"description\":\"Nie trzeba by\\u0142o d\\u0142ugo czeka\\u0107 aby \\u0160koda Fabia RS Rally2 odnios\\u0142a od dawna zapowiadaj\\u0105cy si\\u0119 sukces na trasach rajd\\u00f3w WRC zdobywaj\\u0105c pierwsze zwyci\\u0119stwo. Duet Oliver Solberg\\\/Elliott Edmondson zdominowa\\u0142 walk\\u0119 w klasie WRC2 podczas drugich Rajdowych Mistrzostw \\u015awiata odbywaj\\u0105cych sie w Szwecji. W pierwszej dziesi\\u0105tce tej kategorii znalaz\\u0142o si\\u0119 \\u0142\\u0105cznie sze\\u015b\\u0107 samochod\\u00f3w marki \\u0160koda, a ich\",\"inLanguage\":\"en-GB\",\"isPartOf\":{\"@id\":\"https:\\\/\\\/www.worldrally.eu\\\/#website\"},\"breadcrumb\":{\"@id\":\"https:\\\/\\\/www.worldrally.eu\\\/index.php\\\/2023\\\/02\\\/15\\\/fabia-rs-rally2-odnosi-pierwsze-zwyciestwo\\\/#breadcrumblist\"},\"author\":{\"@id\":\"https:\\\/\\\/www.worldrally.eu\\\/index.php\\\/author\\\/admin\\\/#author\"},\"creator\":{\"@id\":\"https:\\\/\\\/www.worldrally.eu\\\/index.php\\\/author\\\/admin\\\/#author\"},\"image\":{\"@type\":\"ImageObject\",\"url\":\"https:\\\/\\\/www.worldrally.eu\\\/wp-content\\\/uploads\\\/2023\\\/02\\\/solberg-z-FB-1.jpg\",\"@id\":\"https:\\\/\\\/www.worldrally.eu\\\/index.php\\\/2023\\\/02\\\/15\\\/fabia-rs-rally2-odnosi-pierwsze-zwyciestwo\\\/#mainImage\",\"width\":2048,\"height\":1372,\"caption\":\"2023 FIA World Rally Championship \\\/ Round 02 \\\/ Rally Sweden 2023 \\\/ 09-12th Febuary 2023 \\\/\\\/ Worldwide Copyright: Mcklein\"},\"primaryImageOfPage\":{\"@id\":\"https:\\\/\\\/www.worldrally.eu\\\/index.php\\\/2023\\\/02\\\/15\\\/fabia-rs-rally2-odnosi-pierwsze-zwyciestwo\\\/#mainImage\"},\"datePublished\":\"2023-02-15T20:03:30+00:00\",\"dateModified\":\"2023-02-15T20:34:08+00:00\"},{\"@type\":\"WebSite\",\"@id\":\"https:\\\/\\\/www.worldrally.eu\\\/#website\",\"url\":\"https:\\\/\\\/www.worldrally.eu\\\/\",\"name\":\"WorldRally.eu\",\"inLanguage\":\"en-GB\",\"publisher\":{\"@id\":\"https:\\\/\\\/www.worldrally.eu\\\/#organization\"}}]}\n\t\t<\/script>\n\t\t<!-- All in One SEO -->\n\n","aioseo_head_json":{"title":"Fabia RS Rally2 odnosi pierwsze zwyci\u0119stwo \u00bb WorldRally.eu","description":"Nie trzeba by\u0142o d\u0142ugo czeka\u0107 aby \u0160koda Fabia RS Rally2 odnios\u0142a od dawna zapowiadaj\u0105cy si\u0119 sukces na trasach rajd\u00f3w WRC zdobywaj\u0105c pierwsze zwyci\u0119stwo. Duet Oliver Solberg\/Elliott Edmondson zdominowa\u0142 walk\u0119 w klasie WRC2 podczas drugich Rajdowych Mistrzostw \u015awiata odbywaj\u0105cych sie w Szwecji. W pierwszej dziesi\u0105tce tej kategorii znalaz\u0142o si\u0119 \u0142\u0105cznie sze\u015b\u0107 samochod\u00f3w marki \u0160koda, a ich","canonical_url":"https:\/\/www.worldrally.eu\/index.php\/2023\/02\/15\/fabia-rs-rally2-odnosi-pierwsze-zwyciestwo\/","robots":"max-image-preview:large","keywords":"","webmasterTools":{"miscellaneous":""},"schema":{"@context":"https:\/\/schema.org","@graph":[{"@type":"BlogPosting","@id":"https:\/\/www.worldrally.eu\/index.php\/2023\/02\/15\/fabia-rs-rally2-odnosi-pierwsze-zwyciestwo\/#blogposting","name":"Fabia RS Rally2 odnosi pierwsze zwyci\u0119stwo \u00bb WorldRally.eu","headline":"Fabia RS Rally2 odnosi pierwsze zwyci\u0119stwo","author":{"@id":"https:\/\/www.worldrally.eu\/index.php\/author\/admin\/#author"},"publisher":{"@id":"https:\/\/www.worldrally.eu\/#organization"},"image":{"@type":"ImageObject","url":"https:\/\/www.worldrally.eu\/wp-content\/uploads\/2023\/02\/solberg-z-FB-1.jpg","width":2048,"height":1372,"caption":"2023 FIA World Rally Championship \/ Round 02 \/ Rally Sweden 2023 \/ 09-12th Febuary 2023 \/\/ Worldwide Copyright: Mcklein"},"datePublished":"2023-02-15T20:03:30+00:00","dateModified":"2023-02-15T20:34:08+00:00","inLanguage":"en-GB","mainEntityOfPage":{"@id":"https:\/\/www.worldrally.eu\/index.php\/2023\/02\/15\/fabia-rs-rally2-odnosi-pierwsze-zwyciestwo\/#webpage"},"isPartOf":{"@id":"https:\/\/www.worldrally.eu\/index.php\/2023\/02\/15\/fabia-rs-rally2-odnosi-pierwsze-zwyciestwo\/#webpage"},"articleSection":"WRC"},{"@type":"BreadcrumbList","@id":"https:\/\/www.worldrally.eu\/index.php\/2023\/02\/15\/fabia-rs-rally2-odnosi-pierwsze-zwyciestwo\/#breadcrumblist","itemListElement":[{"@type":"ListItem","@id":"https:\/\/www.worldrally.eu#listItem","position":1,"name":"Home","item":"https:\/\/www.worldrally.eu","nextItem":{"@type":"ListItem","@id":"https:\/\/www.worldrally.eu\/index.php\/category\/wrc\/#listItem","name":"WRC"}},{"@type":"ListItem","@id":"https:\/\/www.worldrally.eu\/index.php\/category\/wrc\/#listItem","position":2,"name":"WRC","item":"https:\/\/www.worldrally.eu\/index.php\/category\/wrc\/","nextItem":{"@type":"ListItem","@id":"https:\/\/www.worldrally.eu\/index.php\/2023\/02\/15\/fabia-rs-rally2-odnosi-pierwsze-zwyciestwo\/#listItem","name":"Fabia RS Rally2 odnosi pierwsze zwyci\u0119stwo"},"previousItem":{"@type":"ListItem","@id":"https:\/\/www.worldrally.eu#listItem","name":"Home"}},{"@type":"ListItem","@id":"https:\/\/www.worldrally.eu\/index.php\/2023\/02\/15\/fabia-rs-rally2-odnosi-pierwsze-zwyciestwo\/#listItem","position":3,"name":"Fabia RS Rally2 odnosi pierwsze zwyci\u0119stwo","previousItem":{"@type":"ListItem","@id":"https:\/\/www.worldrally.eu\/index.php\/category\/wrc\/#listItem","name":"WRC"}}]},{"@type":"Organization","@id":"https:\/\/www.worldrally.eu\/#organization","name":"WorldRally.eu","url":"https:\/\/www.worldrally.eu\/","logo":{"@type":"ImageObject","url":"https:\/\/www.worldrally.eu\/wp-content\/uploads\/2026\/01\/cropped-logo-3.png","@id":"https:\/\/www.worldrally.eu\/index.php\/2023\/02\/15\/fabia-rs-rally2-odnosi-pierwsze-zwyciestwo\/#organizationLogo","width":2039,"height":756},"image":{"@id":"https:\/\/www.worldrally.eu\/index.php\/2023\/02\/15\/fabia-rs-rally2-odnosi-pierwsze-zwyciestwo\/#organizationLogo"}},{"@type":"Person","@id":"https:\/\/www.worldrally.eu\/index.php\/author\/admin\/#author","url":"https:\/\/www.worldrally.eu\/index.php\/author\/admin\/","name":"Junior","image":{"@type":"ImageObject","@id":"https:\/\/www.worldrally.eu\/index.php\/2023\/02\/15\/fabia-rs-rally2-odnosi-pierwsze-zwyciestwo\/#authorImage","url":"https:\/\/secure.gravatar.com\/avatar\/5bd369ac0447285dc20b588693ca1756d0179a7f957258050a42a968bf3b9d0a?s=96&d=mm&r=g","width":96,"height":96,"caption":"Junior"}},{"@type":"WebPage","@id":"https:\/\/www.worldrally.eu\/index.php\/2023\/02\/15\/fabia-rs-rally2-odnosi-pierwsze-zwyciestwo\/#webpage","url":"https:\/\/www.worldrally.eu\/index.php\/2023\/02\/15\/fabia-rs-rally2-odnosi-pierwsze-zwyciestwo\/","name":"Fabia RS Rally2 odnosi pierwsze zwyci\u0119stwo \u00bb WorldRally.eu","description":"Nie trzeba by\u0142o d\u0142ugo czeka\u0107 aby \u0160koda Fabia RS Rally2 odnios\u0142a od dawna zapowiadaj\u0105cy si\u0119 sukces na trasach rajd\u00f3w WRC zdobywaj\u0105c pierwsze zwyci\u0119stwo. Duet Oliver Solberg\/Elliott Edmondson zdominowa\u0142 walk\u0119 w klasie WRC2 podczas drugich Rajdowych Mistrzostw \u015awiata odbywaj\u0105cych sie w Szwecji. W pierwszej dziesi\u0105tce tej kategorii znalaz\u0142o si\u0119 \u0142\u0105cznie sze\u015b\u0107 samochod\u00f3w marki \u0160koda, a ich","inLanguage":"en-GB","isPartOf":{"@id":"https:\/\/www.worldrally.eu\/#website"},"breadcrumb":{"@id":"https:\/\/www.worldrally.eu\/index.php\/2023\/02\/15\/fabia-rs-rally2-odnosi-pierwsze-zwyciestwo\/#breadcrumblist"},"author":{"@id":"https:\/\/www.worldrally.eu\/index.php\/author\/admin\/#author"},"creator":{"@id":"https:\/\/www.worldrally.eu\/index.php\/author\/admin\/#author"},"image":{"@type":"ImageObject","url":"https:\/\/www.worldrally.eu\/wp-content\/uploads\/2023\/02\/solberg-z-FB-1.jpg","@id":"https:\/\/www.worldrally.eu\/index.php\/2023\/02\/15\/fabia-rs-rally2-odnosi-pierwsze-zwyciestwo\/#mainImage","width":2048,"height":1372,"caption":"2023 FIA World Rally Championship \/ Round 02 \/ Rally Sweden 2023 \/ 09-12th Febuary 2023 \/\/ Worldwide Copyright: Mcklein"},"primaryImageOfPage":{"@id":"https:\/\/www.worldrally.eu\/index.php\/2023\/02\/15\/fabia-rs-rally2-odnosi-pierwsze-zwyciestwo\/#mainImage"},"datePublished":"2023-02-15T20:03:30+00:00","dateModified":"2023-02-15T20:34:08+00:00"},{"@type":"WebSite","@id":"https:\/\/www.worldrally.eu\/#website","url":"https:\/\/www.worldrally.eu\/","name":"WorldRally.eu","inLanguage":"en-GB","publisher":{"@id":"https:\/\/www.worldrally.eu\/#organization"}}]},"og:locale":"en_GB","og:site_name":"WorldRally.eu \u00bb","og:type":"article","og:title":"Fabia RS Rally2 odnosi pierwsze zwyci\u0119stwo \u00bb WorldRally.eu","og:description":"Nie trzeba by\u0142o d\u0142ugo czeka\u0107 aby \u0160koda Fabia RS Rally2 odnios\u0142a od dawna zapowiadaj\u0105cy si\u0119 sukces na trasach rajd\u00f3w WRC zdobywaj\u0105c pierwsze zwyci\u0119stwo. Duet Oliver Solberg\/Elliott Edmondson zdominowa\u0142 walk\u0119 w klasie WRC2 podczas drugich Rajdowych Mistrzostw \u015awiata odbywaj\u0105cych sie w Szwecji. W pierwszej dziesi\u0105tce tej kategorii znalaz\u0142o si\u0119 \u0142\u0105cznie sze\u015b\u0107 samochod\u00f3w marki \u0160koda, a ich","og:url":"https:\/\/www.worldrally.eu\/index.php\/2023\/02\/15\/fabia-rs-rally2-odnosi-pierwsze-zwyciestwo\/","og:image":"https:\/\/www.worldrally.eu\/wp-content\/uploads\/2023\/02\/solberg-z-FB-1.jpg","og:image:secure_url":"https:\/\/www.worldrally.eu\/wp-content\/uploads\/2023\/02\/solberg-z-FB-1.jpg","og:image:width":2048,"og:image:height":1372,"article:published_time":"2023-02-15T20:03:30+00:00","article:modified_time":"2023-02-15T20:34:08+00:00","twitter:card":"summary_large_image","twitter:title":"Fabia RS Rally2 odnosi pierwsze zwyci\u0119stwo \u00bb WorldRally.eu","twitter:description":"Nie trzeba by\u0142o d\u0142ugo czeka\u0107 aby \u0160koda Fabia RS Rally2 odnios\u0142a od dawna zapowiadaj\u0105cy si\u0119 sukces na trasach rajd\u00f3w WRC zdobywaj\u0105c pierwsze zwyci\u0119stwo. Duet Oliver Solberg\/Elliott Edmondson zdominowa\u0142 walk\u0119 w klasie WRC2 podczas drugich Rajdowych Mistrzostw \u015awiata odbywaj\u0105cych sie w Szwecji. W pierwszej dziesi\u0105tce tej kategorii znalaz\u0142o si\u0119 \u0142\u0105cznie sze\u015b\u0107 samochod\u00f3w marki \u0160koda, a ich","twitter:image":"https:\/\/www.worldrally.eu\/wp-content\/uploads\/2023\/02\/solberg-z-FB-1.jpg"},"aioseo_meta_data":{"post_id":"301","title":null,"description":null,"keywords":null,"keyphrases":null,"primary_term":null,"canonical_url":null,"og_title":null,"og_description":null,"og_object_type":"default","og_image_type":"default","og_image_url":null,"og_image_width":null,"og_image_height":null,"og_image_custom_url":null,"og_image_custom_fields":null,"og_video":null,"og_custom_url":null,"og_article_section":null,"og_article_tags":null,"twitter_use_og":false,"twitter_card":"default","twitter_image_type":"default","twitter_image_url":null,"twitter_image_custom_url":null,"twitter_image_custom_fields":null,"twitter_title":null,"twitter_description":null,"schema":{"blockGraphs":[],"customGraphs":[],"default":{"data":{"Article":[],"Course":[],"Dataset":[],"FAQPage":[],"Movie":[],"Person":[],"Product":[],"ProductReview":[],"Car":[],"Recipe":[],"Service":[],"SoftwareApplication":[],"WebPage":[]},"graphName":"","isEnabled":true},"graphs":[]},"schema_type":"default","schema_type_options":null,"pillar_content":false,"robots_default":true,"robots_noindex":false,"robots_noarchive":false,"robots_nosnippet":false,"robots_nofollow":false,"robots_noimageindex":false,"robots_noodp":false,"robots_notranslate":false,"robots_max_snippet":null,"robots_max_videopreview":null,"robots_max_imagepreview":"large","priority":null,"frequency":null,"local_seo":null,"breadcrumb_settings":null,"limit_modified_date":false,"ai":null,"created":"2025-03-22 05:57:21","updated":"2025-10-26 08:55:59","seo_analyzer_scan_date":null},"aioseo_breadcrumb":"<div class=\"aioseo-breadcrumbs\"><span class=\"aioseo-breadcrumb\">\n\t\t\t<a href=\"https:\/\/www.worldrally.eu\" title=\"Home\">Home<\/a>\n\t\t<\/span><span class=\"aioseo-breadcrumb-separator\">&raquo;<\/span><span class=\"aioseo-breadcrumb\">\n\t\t\t<a href=\"https:\/\/www.worldrally.eu\/index.php\/category\/wrc\/\" title=\"WRC\">WRC<\/a>\n\t\t<\/span><span class=\"aioseo-breadcrumb-separator\">&raquo;<\/span><span class=\"aioseo-breadcrumb\">\n\t\t\tFabia RS Rally2 odnosi pierwsze zwyci\u0119stwo\n\t\t<\/span><\/div>","aioseo_breadcrumb_json":[{"label":"Home","link":"https:\/\/www.worldrally.eu"},{"label":"WRC","link":"https:\/\/www.worldrally.eu\/index.php\/category\/wrc\/"},{"label":"Fabia RS Rally2 odnosi pierwsze zwyci\u0119stwo","link":"https:\/\/www.worldrally.eu\/index.php\/2023\/02\/15\/fabia-rs-rally2-odnosi-pierwsze-zwyciestwo\/"}],"cc_featured_image_caption":{"caption_text":"Foto- Solberg FB","source_text":"","source_url":""},"_links":{"self":[{"href":"https:\/\/www.worldrally.eu\/index.php\/wp-json\/wp\/v2\/posts\/301","targetHints":{"allow":["GET"]}}],"collection":[{"href":"https:\/\/www.worldrally.eu\/index.php\/wp-json\/wp\/v2\/posts"}],"about":[{"href":"https:\/\/www.worldrally.eu\/index.php\/wp-json\/wp\/v2\/types\/post"}],"author":[{"embeddable":true,"href":"https:\/\/www.worldrally.eu\/index.php\/wp-json\/wp\/v2\/users\/1"}],"replies":[{"embeddable":true,"href":"https:\/\/www.worldrally.eu\/index.php\/wp-json\/wp\/v2\/comments?post=301"}],"version-history":[{"count":3,"href":"https:\/\/www.worldrally.eu\/index.php\/wp-json\/wp\/v2\/posts\/301\/revisions"}],"predecessor-version":[{"id":318,"href":"https:\/\/www.worldrally.eu\/index.php\/wp-json\/wp\/v2\/posts\/301\/revisions\/318"}],"wp:featuredmedia":[{"embeddable":true,"href":"https:\/\/www.worldrally.eu\/index.php\/wp-json\/wp\/v2\/media\/305"}],"wp:attachment":[{"href":"https:\/\/www.worldrally.eu\/index.php\/wp-json\/wp\/v2\/media?parent=301"}],"wp:term":[{"taxonomy":"category","embeddable":true,"href":"https:\/\/www.worldrally.eu\/index.php\/wp-json\/wp\/v2\/categories?post=301"},{"taxonomy":"post_tag","embeddable":true,"href":"https:\/\/www.worldrally.eu\/index.php\/wp-json\/wp\/v2\/tags?post=301"}],"curies":[{"name":"wp","href":"https:\/\/api.w.org\/{rel}","templated":true}]}}