{"id":2939,"date":"2024-07-28T19:21:00","date_gmt":"2024-07-28T19:21:00","guid":{"rendered":"https:\/\/www.worldrally.eu\/?p=2939"},"modified":"2024-08-11T20:34:50","modified_gmt":"2024-08-11T20:34:50","slug":"crugnola-wygrywa-rajd-rzymu","status":"publish","type":"post","link":"https:\/\/www.worldrally.eu\/index.php\/2024\/07\/28\/crugnola-wygrywa-rajd-rzymu\/","title":{"rendered":"Crugnola wygrywa Rajd Rzymu"},"content":{"rendered":"\n<p class=\"wp-block-paragraph\">Andrea Crugnola odni\u00f3s\u0142 drugie zwyci\u0119stwo z rz\u0119du w Rajdzie Rzymu, wyprzedzaj\u0105c swojego rodaka Simone Campedelli i Efren Liarena.<\/p>\n\n\n\n<p class=\"wp-block-paragraph\">Podczas niedzielnych wzmaga\u0144 dosz\u0142o do bardzo gro\u017anego wypadku z udzia\u0142em Mads \u00d8stberg i Patrik Barth, gdzie ich Citro\u00ebn wypad\u0142 szeroko na lewym zakr\u0119cie i uderzy\u0142 bokiem w drzewo. Uderzenie mia\u0142o miejsce po stronie Bartha, ale obaj cz\u0142onkowie za\u0142ogi czuj\u0105 si\u0119 dobrze i zostali zabrani do szpitala na dalsze badania.<\/p>\n\n\n\n<blockquote class=\"wp-block-quote is-layout-flow wp-block-quote-is-layout-flow\">\n<p class=\"wp-block-paragraph\">Zjechali\u015bmy z drogi na szybkim lewym zakr\u0119cie i uderzyli\u015bmy w drzewo prosto w drzwi Patrika Bartha. Patrik straci\u0142 przytomno\u015b\u0107 i krwawi\u0142 z twarzy, ba\u0142em si\u0119, \u017ce sta\u0142o si\u0119 najgorsze. Na szcz\u0119\u015bcie personel medyczny szybko przyby\u0142, aby wydoby\u0107 Patrika z samochodu. Obaj jeste\u015bmy w szpitalu w Rzymie, ale na szcz\u0119\u015bcie nie odnie\u015bli\u015bmy powa\u017cnych obra\u017ce\u0144. Dzi\u0119ki Citro\u00ebn Racing za zbudowanie tego mocnego samochodu, Stile za nasze kaski, a tak\u017ce personelowi medycznemu i FIA za bezpiecze\u0144stwo, jakie nam zapewniaj\u0105<\/p>\n<cite>napisa\u0142 \u00d8stberg na swoim profilu<\/cite><\/blockquote>\n\n\n\n<figure class=\"wp-block-image size-large\"><img fetchpriority=\"high\" decoding=\"async\" width=\"1024\" height=\"683\" src=\"https:\/\/www.worldrally.eu\/wp-content\/uploads\/2024\/08\/Photoms-Media-Agency-Rally-di-Rome-Day-3-5a-1024x683.jpg\" alt=\"\" class=\"wp-image-2941\" srcset=\"https:\/\/www.worldrally.eu\/wp-content\/uploads\/2024\/08\/Photoms-Media-Agency-Rally-di-Rome-Day-3-5a-1024x683.jpg 1024w, https:\/\/www.worldrally.eu\/wp-content\/uploads\/2024\/08\/Photoms-Media-Agency-Rally-di-Rome-Day-3-5a-300x200.jpg 300w, https:\/\/www.worldrally.eu\/wp-content\/uploads\/2024\/08\/Photoms-Media-Agency-Rally-di-Rome-Day-3-5a-768x512.jpg 768w, https:\/\/www.worldrally.eu\/wp-content\/uploads\/2024\/08\/Photoms-Media-Agency-Rally-di-Rome-Day-3-5a-1536x1024.jpg 1536w, https:\/\/www.worldrally.eu\/wp-content\/uploads\/2024\/08\/Photoms-Media-Agency-Rally-di-Rome-Day-3-5a-2048x1365.jpg 2048w, https:\/\/www.worldrally.eu\/wp-content\/uploads\/2024\/08\/Photoms-Media-Agency-Rally-di-Rome-Day-3-5a-446x297.jpg 446w\" sizes=\"(max-width: 1024px) 100vw, 1024px\" \/><figcaption class=\"wp-element-caption\">Foto &#8211; PhotoMS<\/figcaption><\/figure>\n\n\n\n<p class=\"wp-block-paragraph\">Llareny by\u0142 ogromnym impulsem po trudnym ostatnim wy\u015bcigu. Hiszpan, kt\u00f3ry opu\u015bci\u0142 poprzedni\u0105 rund\u0119 w Estonii, zmieni\u0142 opony MRF na Michelin i zdoby\u0142 pierwsze podium od zesz\u0142orocznego Rajdu Wysp Kanaryjskich.<\/p>\n\n\n\n<blockquote class=\"wp-block-quote is-layout-flow wp-block-quote-is-layout-flow\">\n<p class=\"wp-block-paragraph\">Z pewno\u015bci\u0105 bardzo emocjonalny. Min\u0119\u0142o du\u017co, du\u017co, du\u017co czasu [odk\u0105d stan\u0119li\u015bmy na podium]. Dzi\u0119kujemy wszystkim, kt\u00f3rzy wspierali nas w nie najlepszych czasach.<\/p>\n<cite>powiedzia\u0142 Llarena<\/cite><\/blockquote>\n\n\n\n<p class=\"wp-block-paragraph\">Mathieu Franceschi zmniejszy\u0142 przewag\u0119 Haydena Paddona w mistrzostwach, zajmuj\u0105c pi\u0105te miejsce. Franceschi pokona\u0142 sz\u00f3stego Paddona o zaledwie 6,1 s w klasyfikacji generalnej, a co wa\u017cne, Franceschi wyprzedzi\u0142 Paddona o zaledwie 0,2 s , zmniejszaj\u0105c przewag\u0119 w serii do siedmiu punkt\u00f3w na trzy rundy przed ko\u0144cem sezonu.<\/p>\n\n\n\n<figure class=\"wp-block-image size-large\"><img decoding=\"async\" width=\"1024\" height=\"683\" src=\"https:\/\/www.worldrally.eu\/wp-content\/uploads\/2024\/08\/Photoms-Media-Agency-Rally-di-Rome-Day-3-22-1024x683.jpg\" alt=\"\" class=\"wp-image-2942\" srcset=\"https:\/\/www.worldrally.eu\/wp-content\/uploads\/2024\/08\/Photoms-Media-Agency-Rally-di-Rome-Day-3-22-1024x683.jpg 1024w, https:\/\/www.worldrally.eu\/wp-content\/uploads\/2024\/08\/Photoms-Media-Agency-Rally-di-Rome-Day-3-22-300x200.jpg 300w, https:\/\/www.worldrally.eu\/wp-content\/uploads\/2024\/08\/Photoms-Media-Agency-Rally-di-Rome-Day-3-22-768x512.jpg 768w, https:\/\/www.worldrally.eu\/wp-content\/uploads\/2024\/08\/Photoms-Media-Agency-Rally-di-Rome-Day-3-22-1536x1024.jpg 1536w, https:\/\/www.worldrally.eu\/wp-content\/uploads\/2024\/08\/Photoms-Media-Agency-Rally-di-Rome-Day-3-22-2048x1365.jpg 2048w, https:\/\/www.worldrally.eu\/wp-content\/uploads\/2024\/08\/Photoms-Media-Agency-Rally-di-Rome-Day-3-22-446x297.jpg 446w\" sizes=\"(max-width: 1024px) 100vw, 1024px\" \/><figcaption class=\"wp-element-caption\">Foto &#8211; PhotoMS<\/figcaption><\/figure>\n\n\n\n<p class=\"wp-block-paragraph\">St\u00e9phane Lefebvre zosta\u0142 wykluczony z imprezy i ukarany grzywn\u0105 w wysoko\u015bci 10 000 euro, poniewa\u017c jego Hyundai i20 N Rally2, prowadzony przez BMA, zosta\u0142 uznany za nieprawid\u0142owo zarejestrowany do u\u017cytku drogowego po zakupie od Hyundai Motorsport w Niemczech.<\/p>\n\n\n\n<p class=\"wp-block-paragraph\">Pe\u0142ne wyniki znajduj\u0105 si\u0119.<\/p>\n\n\n\n<p class=\"wp-block-paragraph\"><strong><a href=\"https:\/\/www.ewrc-results.com\/results\/86112-rally-di-roma-capitale-2024\/?s=464056\" target=\"_blank\" rel=\"noreferrer noopener\">&#8212;&#8211;TUTAJ&#8212;&#8211;<\/a><\/strong><\/p>\n","protected":false},"excerpt":{"rendered":"<p>Andrea Crugnola odni\u00f3s\u0142 drugie zwyci\u0119stwo z rz\u0119du w Rajdzie Rzymu, wyprzedzaj\u0105c swojego rodaka Simone Campedelli i Efren Liarena. Podczas niedzielnych wzmaga\u0144 dosz\u0142o do bardzo gro\u017anego wypadku z udzia\u0142em Mads \u00d8stberg i Patrik Barth, gdzie ich Citro\u00ebn wypad\u0142 szeroko na lewym zakr\u0119cie i uderzy\u0142 bokiem w drzewo. Uderzenie mia\u0142o miejsce po stronie Bartha, ale obaj cz\u0142onkowie [&hellip;]<\/p>\n","protected":false},"author":2,"featured_media":2940,"comment_status":"closed","ping_status":"closed","sticky":false,"template":"","format":"standard","meta":{"_monsterinsights_skip_tracking":false,"_monsterinsights_sitenote_active":false,"_monsterinsights_sitenote_note":"","_monsterinsights_sitenote_category":0,"footnotes":""},"categories":[4],"tags":[],"class_list":["post-2939","post","type-post","status-publish","format-standard","has-post-thumbnail","hentry","category-erc"],"aioseo_notices":[],"aioseo_head":"\n\t\t<!-- All in One SEO 4.9.9 - aioseo.com -->\n\t<meta name=\"description\" content=\"Andrea Crugnola odni\u00f3s\u0142 drugie zwyci\u0119stwo z rz\u0119du w Rajdzie Rzymu, wyprzedzaj\u0105c swojego rodaka Simone Campedelli i Efren Liarena. Podczas niedzielnych wzmaga\u0144 dosz\u0142o do bardzo gro\u017anego wypadku z udzia\u0142em Mads \u00d8stberg i Patrik Barth, gdzie ich Citro\u00ebn wypad\u0142 szeroko na lewym zakr\u0119cie i uderzy\u0142 bokiem w drzewo. Uderzenie mia\u0142o miejsce po stronie Bartha, ale obaj cz\u0142onkowie\" \/>\n\t<meta name=\"robots\" content=\"max-image-preview:large\" \/>\n\t<meta name=\"author\" content=\"Magdalena\"\/>\n\t<link rel=\"canonical\" href=\"https:\/\/www.worldrally.eu\/index.php\/2024\/07\/28\/crugnola-wygrywa-rajd-rzymu\/\" \/>\n\t<meta name=\"generator\" content=\"All in One SEO (AIOSEO) 4.9.9\" \/>\n\t\t<meta property=\"og:locale\" content=\"en_GB\" \/>\n\t\t<meta property=\"og:site_name\" content=\"WorldRally.eu \u00bb\" \/>\n\t\t<meta property=\"og:type\" content=\"article\" \/>\n\t\t<meta property=\"og:title\" content=\"Crugnola wygrywa Rajd Rzymu \u00bb WorldRally.eu\" \/>\n\t\t<meta property=\"og:description\" content=\"Andrea Crugnola odni\u00f3s\u0142 drugie zwyci\u0119stwo z rz\u0119du w Rajdzie Rzymu, wyprzedzaj\u0105c swojego rodaka Simone Campedelli i Efren Liarena. Podczas niedzielnych wzmaga\u0144 dosz\u0142o do bardzo gro\u017anego wypadku z udzia\u0142em Mads \u00d8stberg i Patrik Barth, gdzie ich Citro\u00ebn wypad\u0142 szeroko na lewym zakr\u0119cie i uderzy\u0142 bokiem w drzewo. Uderzenie mia\u0142o miejsce po stronie Bartha, ale obaj cz\u0142onkowie\" \/>\n\t\t<meta property=\"og:url\" content=\"https:\/\/www.worldrally.eu\/index.php\/2024\/07\/28\/crugnola-wygrywa-rajd-rzymu\/\" \/>\n\t\t<meta property=\"og:image\" content=\"https:\/\/www.worldrally.eu\/wp-content\/uploads\/2024\/08\/Photoms-Media-Agency-Rally-di-Rome-Day-3-8a-scaled.jpg\" \/>\n\t\t<meta property=\"og:image:secure_url\" content=\"https:\/\/www.worldrally.eu\/wp-content\/uploads\/2024\/08\/Photoms-Media-Agency-Rally-di-Rome-Day-3-8a-scaled.jpg\" \/>\n\t\t<meta property=\"og:image:width\" content=\"2560\" \/>\n\t\t<meta property=\"og:image:height\" content=\"1707\" \/>\n\t\t<meta property=\"article:published_time\" content=\"2024-07-28T19:21:00+00:00\" \/>\n\t\t<meta property=\"article:modified_time\" content=\"2024-08-11T20:34:50+00:00\" \/>\n\t\t<meta name=\"twitter:card\" content=\"summary_large_image\" \/>\n\t\t<meta name=\"twitter:title\" content=\"Crugnola wygrywa Rajd Rzymu \u00bb WorldRally.eu\" \/>\n\t\t<meta name=\"twitter:description\" content=\"Andrea Crugnola odni\u00f3s\u0142 drugie zwyci\u0119stwo z rz\u0119du w Rajdzie Rzymu, wyprzedzaj\u0105c swojego rodaka Simone Campedelli i Efren Liarena. Podczas niedzielnych wzmaga\u0144 dosz\u0142o do bardzo gro\u017anego wypadku z udzia\u0142em Mads \u00d8stberg i Patrik Barth, gdzie ich Citro\u00ebn wypad\u0142 szeroko na lewym zakr\u0119cie i uderzy\u0142 bokiem w drzewo. Uderzenie mia\u0142o miejsce po stronie Bartha, ale obaj cz\u0142onkowie\" \/>\n\t\t<meta name=\"twitter:image\" content=\"https:\/\/www.worldrally.eu\/wp-content\/uploads\/2024\/08\/Photoms-Media-Agency-Rally-di-Rome-Day-3-8a-scaled.jpg\" \/>\n\t\t<script type=\"application\/ld+json\" class=\"aioseo-schema\">\n\t\t\t{\"@context\":\"https:\\\/\\\/schema.org\",\"@graph\":[{\"@type\":\"BlogPosting\",\"@id\":\"https:\\\/\\\/www.worldrally.eu\\\/index.php\\\/2024\\\/07\\\/28\\\/crugnola-wygrywa-rajd-rzymu\\\/#blogposting\",\"name\":\"Crugnola wygrywa Rajd Rzymu \\u00bb WorldRally.eu\",\"headline\":\"Crugnola wygrywa Rajd Rzymu\",\"author\":{\"@id\":\"https:\\\/\\\/www.worldrally.eu\\\/index.php\\\/author\\\/magdalena\\\/#author\"},\"publisher\":{\"@id\":\"https:\\\/\\\/www.worldrally.eu\\\/#organization\"},\"image\":{\"@type\":\"ImageObject\",\"url\":\"https:\\\/\\\/www.worldrally.eu\\\/wp-content\\\/uploads\\\/2024\\\/08\\\/Photoms-Media-Agency-Rally-di-Rome-Day-3-8a-scaled.jpg\",\"width\":2560,\"height\":1707},\"datePublished\":\"2024-07-28T19:21:00+00:00\",\"dateModified\":\"2024-08-11T20:34:50+00:00\",\"inLanguage\":\"en-GB\",\"mainEntityOfPage\":{\"@id\":\"https:\\\/\\\/www.worldrally.eu\\\/index.php\\\/2024\\\/07\\\/28\\\/crugnola-wygrywa-rajd-rzymu\\\/#webpage\"},\"isPartOf\":{\"@id\":\"https:\\\/\\\/www.worldrally.eu\\\/index.php\\\/2024\\\/07\\\/28\\\/crugnola-wygrywa-rajd-rzymu\\\/#webpage\"},\"articleSection\":\"ERC\"},{\"@type\":\"BreadcrumbList\",\"@id\":\"https:\\\/\\\/www.worldrally.eu\\\/index.php\\\/2024\\\/07\\\/28\\\/crugnola-wygrywa-rajd-rzymu\\\/#breadcrumblist\",\"itemListElement\":[{\"@type\":\"ListItem\",\"@id\":\"https:\\\/\\\/www.worldrally.eu#listItem\",\"position\":1,\"name\":\"Home\",\"item\":\"https:\\\/\\\/www.worldrally.eu\",\"nextItem\":{\"@type\":\"ListItem\",\"@id\":\"https:\\\/\\\/www.worldrally.eu\\\/index.php\\\/category\\\/erc\\\/#listItem\",\"name\":\"ERC\"}},{\"@type\":\"ListItem\",\"@id\":\"https:\\\/\\\/www.worldrally.eu\\\/index.php\\\/category\\\/erc\\\/#listItem\",\"position\":2,\"name\":\"ERC\",\"item\":\"https:\\\/\\\/www.worldrally.eu\\\/index.php\\\/category\\\/erc\\\/\",\"nextItem\":{\"@type\":\"ListItem\",\"@id\":\"https:\\\/\\\/www.worldrally.eu\\\/index.php\\\/2024\\\/07\\\/28\\\/crugnola-wygrywa-rajd-rzymu\\\/#listItem\",\"name\":\"Crugnola wygrywa Rajd Rzymu\"},\"previousItem\":{\"@type\":\"ListItem\",\"@id\":\"https:\\\/\\\/www.worldrally.eu#listItem\",\"name\":\"Home\"}},{\"@type\":\"ListItem\",\"@id\":\"https:\\\/\\\/www.worldrally.eu\\\/index.php\\\/2024\\\/07\\\/28\\\/crugnola-wygrywa-rajd-rzymu\\\/#listItem\",\"position\":3,\"name\":\"Crugnola wygrywa Rajd Rzymu\",\"previousItem\":{\"@type\":\"ListItem\",\"@id\":\"https:\\\/\\\/www.worldrally.eu\\\/index.php\\\/category\\\/erc\\\/#listItem\",\"name\":\"ERC\"}}]},{\"@type\":\"Organization\",\"@id\":\"https:\\\/\\\/www.worldrally.eu\\\/#organization\",\"name\":\"WorldRally.eu\",\"url\":\"https:\\\/\\\/www.worldrally.eu\\\/\",\"logo\":{\"@type\":\"ImageObject\",\"url\":\"https:\\\/\\\/www.worldrally.eu\\\/wp-content\\\/uploads\\\/2026\\\/01\\\/cropped-logo-3.png\",\"@id\":\"https:\\\/\\\/www.worldrally.eu\\\/index.php\\\/2024\\\/07\\\/28\\\/crugnola-wygrywa-rajd-rzymu\\\/#organizationLogo\",\"width\":2039,\"height\":756},\"image\":{\"@id\":\"https:\\\/\\\/www.worldrally.eu\\\/index.php\\\/2024\\\/07\\\/28\\\/crugnola-wygrywa-rajd-rzymu\\\/#organizationLogo\"}},{\"@type\":\"Person\",\"@id\":\"https:\\\/\\\/www.worldrally.eu\\\/index.php\\\/author\\\/magdalena\\\/#author\",\"url\":\"https:\\\/\\\/www.worldrally.eu\\\/index.php\\\/author\\\/magdalena\\\/\",\"name\":\"Magdalena\",\"image\":{\"@type\":\"ImageObject\",\"@id\":\"https:\\\/\\\/www.worldrally.eu\\\/index.php\\\/2024\\\/07\\\/28\\\/crugnola-wygrywa-rajd-rzymu\\\/#authorImage\",\"url\":\"https:\\\/\\\/secure.gravatar.com\\\/avatar\\\/853239b46cec38ba30b48d2b091f5538817cc78bdc0944c9ef7408579307e2ea?s=96&d=mm&r=g\",\"width\":96,\"height\":96,\"caption\":\"Magdalena\"}},{\"@type\":\"WebPage\",\"@id\":\"https:\\\/\\\/www.worldrally.eu\\\/index.php\\\/2024\\\/07\\\/28\\\/crugnola-wygrywa-rajd-rzymu\\\/#webpage\",\"url\":\"https:\\\/\\\/www.worldrally.eu\\\/index.php\\\/2024\\\/07\\\/28\\\/crugnola-wygrywa-rajd-rzymu\\\/\",\"name\":\"Crugnola wygrywa Rajd Rzymu \\u00bb WorldRally.eu\",\"description\":\"Andrea Crugnola odni\\u00f3s\\u0142 drugie zwyci\\u0119stwo z rz\\u0119du w Rajdzie Rzymu, wyprzedzaj\\u0105c swojego rodaka Simone Campedelli i Efren Liarena. Podczas niedzielnych wzmaga\\u0144 dosz\\u0142o do bardzo gro\\u017anego wypadku z udzia\\u0142em Mads \\u00d8stberg i Patrik Barth, gdzie ich Citro\\u00ebn wypad\\u0142 szeroko na lewym zakr\\u0119cie i uderzy\\u0142 bokiem w drzewo. Uderzenie mia\\u0142o miejsce po stronie Bartha, ale obaj cz\\u0142onkowie\",\"inLanguage\":\"en-GB\",\"isPartOf\":{\"@id\":\"https:\\\/\\\/www.worldrally.eu\\\/#website\"},\"breadcrumb\":{\"@id\":\"https:\\\/\\\/www.worldrally.eu\\\/index.php\\\/2024\\\/07\\\/28\\\/crugnola-wygrywa-rajd-rzymu\\\/#breadcrumblist\"},\"author\":{\"@id\":\"https:\\\/\\\/www.worldrally.eu\\\/index.php\\\/author\\\/magdalena\\\/#author\"},\"creator\":{\"@id\":\"https:\\\/\\\/www.worldrally.eu\\\/index.php\\\/author\\\/magdalena\\\/#author\"},\"image\":{\"@type\":\"ImageObject\",\"url\":\"https:\\\/\\\/www.worldrally.eu\\\/wp-content\\\/uploads\\\/2024\\\/08\\\/Photoms-Media-Agency-Rally-di-Rome-Day-3-8a-scaled.jpg\",\"@id\":\"https:\\\/\\\/www.worldrally.eu\\\/index.php\\\/2024\\\/07\\\/28\\\/crugnola-wygrywa-rajd-rzymu\\\/#mainImage\",\"width\":2560,\"height\":1707},\"primaryImageOfPage\":{\"@id\":\"https:\\\/\\\/www.worldrally.eu\\\/index.php\\\/2024\\\/07\\\/28\\\/crugnola-wygrywa-rajd-rzymu\\\/#mainImage\"},\"datePublished\":\"2024-07-28T19:21:00+00:00\",\"dateModified\":\"2024-08-11T20:34:50+00:00\"},{\"@type\":\"WebSite\",\"@id\":\"https:\\\/\\\/www.worldrally.eu\\\/#website\",\"url\":\"https:\\\/\\\/www.worldrally.eu\\\/\",\"name\":\"WorldRally.eu\",\"inLanguage\":\"en-GB\",\"publisher\":{\"@id\":\"https:\\\/\\\/www.worldrally.eu\\\/#organization\"}}]}\n\t\t<\/script>\n\t\t<!-- All in One SEO -->\n\n","aioseo_head_json":{"title":"Crugnola wygrywa Rajd Rzymu \u00bb WorldRally.eu","description":"Andrea Crugnola odni\u00f3s\u0142 drugie zwyci\u0119stwo z rz\u0119du w Rajdzie Rzymu, wyprzedzaj\u0105c swojego rodaka Simone Campedelli i Efren Liarena. Podczas niedzielnych wzmaga\u0144 dosz\u0142o do bardzo gro\u017anego wypadku z udzia\u0142em Mads \u00d8stberg i Patrik Barth, gdzie ich Citro\u00ebn wypad\u0142 szeroko na lewym zakr\u0119cie i uderzy\u0142 bokiem w drzewo. Uderzenie mia\u0142o miejsce po stronie Bartha, ale obaj cz\u0142onkowie","canonical_url":"https:\/\/www.worldrally.eu\/index.php\/2024\/07\/28\/crugnola-wygrywa-rajd-rzymu\/","robots":"max-image-preview:large","keywords":"","webmasterTools":{"miscellaneous":""},"schema":{"@context":"https:\/\/schema.org","@graph":[{"@type":"BlogPosting","@id":"https:\/\/www.worldrally.eu\/index.php\/2024\/07\/28\/crugnola-wygrywa-rajd-rzymu\/#blogposting","name":"Crugnola wygrywa Rajd Rzymu \u00bb WorldRally.eu","headline":"Crugnola wygrywa Rajd Rzymu","author":{"@id":"https:\/\/www.worldrally.eu\/index.php\/author\/magdalena\/#author"},"publisher":{"@id":"https:\/\/www.worldrally.eu\/#organization"},"image":{"@type":"ImageObject","url":"https:\/\/www.worldrally.eu\/wp-content\/uploads\/2024\/08\/Photoms-Media-Agency-Rally-di-Rome-Day-3-8a-scaled.jpg","width":2560,"height":1707},"datePublished":"2024-07-28T19:21:00+00:00","dateModified":"2024-08-11T20:34:50+00:00","inLanguage":"en-GB","mainEntityOfPage":{"@id":"https:\/\/www.worldrally.eu\/index.php\/2024\/07\/28\/crugnola-wygrywa-rajd-rzymu\/#webpage"},"isPartOf":{"@id":"https:\/\/www.worldrally.eu\/index.php\/2024\/07\/28\/crugnola-wygrywa-rajd-rzymu\/#webpage"},"articleSection":"ERC"},{"@type":"BreadcrumbList","@id":"https:\/\/www.worldrally.eu\/index.php\/2024\/07\/28\/crugnola-wygrywa-rajd-rzymu\/#breadcrumblist","itemListElement":[{"@type":"ListItem","@id":"https:\/\/www.worldrally.eu#listItem","position":1,"name":"Home","item":"https:\/\/www.worldrally.eu","nextItem":{"@type":"ListItem","@id":"https:\/\/www.worldrally.eu\/index.php\/category\/erc\/#listItem","name":"ERC"}},{"@type":"ListItem","@id":"https:\/\/www.worldrally.eu\/index.php\/category\/erc\/#listItem","position":2,"name":"ERC","item":"https:\/\/www.worldrally.eu\/index.php\/category\/erc\/","nextItem":{"@type":"ListItem","@id":"https:\/\/www.worldrally.eu\/index.php\/2024\/07\/28\/crugnola-wygrywa-rajd-rzymu\/#listItem","name":"Crugnola wygrywa Rajd Rzymu"},"previousItem":{"@type":"ListItem","@id":"https:\/\/www.worldrally.eu#listItem","name":"Home"}},{"@type":"ListItem","@id":"https:\/\/www.worldrally.eu\/index.php\/2024\/07\/28\/crugnola-wygrywa-rajd-rzymu\/#listItem","position":3,"name":"Crugnola wygrywa Rajd Rzymu","previousItem":{"@type":"ListItem","@id":"https:\/\/www.worldrally.eu\/index.php\/category\/erc\/#listItem","name":"ERC"}}]},{"@type":"Organization","@id":"https:\/\/www.worldrally.eu\/#organization","name":"WorldRally.eu","url":"https:\/\/www.worldrally.eu\/","logo":{"@type":"ImageObject","url":"https:\/\/www.worldrally.eu\/wp-content\/uploads\/2026\/01\/cropped-logo-3.png","@id":"https:\/\/www.worldrally.eu\/index.php\/2024\/07\/28\/crugnola-wygrywa-rajd-rzymu\/#organizationLogo","width":2039,"height":756},"image":{"@id":"https:\/\/www.worldrally.eu\/index.php\/2024\/07\/28\/crugnola-wygrywa-rajd-rzymu\/#organizationLogo"}},{"@type":"Person","@id":"https:\/\/www.worldrally.eu\/index.php\/author\/magdalena\/#author","url":"https:\/\/www.worldrally.eu\/index.php\/author\/magdalena\/","name":"Magdalena","image":{"@type":"ImageObject","@id":"https:\/\/www.worldrally.eu\/index.php\/2024\/07\/28\/crugnola-wygrywa-rajd-rzymu\/#authorImage","url":"https:\/\/secure.gravatar.com\/avatar\/853239b46cec38ba30b48d2b091f5538817cc78bdc0944c9ef7408579307e2ea?s=96&d=mm&r=g","width":96,"height":96,"caption":"Magdalena"}},{"@type":"WebPage","@id":"https:\/\/www.worldrally.eu\/index.php\/2024\/07\/28\/crugnola-wygrywa-rajd-rzymu\/#webpage","url":"https:\/\/www.worldrally.eu\/index.php\/2024\/07\/28\/crugnola-wygrywa-rajd-rzymu\/","name":"Crugnola wygrywa Rajd Rzymu \u00bb WorldRally.eu","description":"Andrea Crugnola odni\u00f3s\u0142 drugie zwyci\u0119stwo z rz\u0119du w Rajdzie Rzymu, wyprzedzaj\u0105c swojego rodaka Simone Campedelli i Efren Liarena. Podczas niedzielnych wzmaga\u0144 dosz\u0142o do bardzo gro\u017anego wypadku z udzia\u0142em Mads \u00d8stberg i Patrik Barth, gdzie ich Citro\u00ebn wypad\u0142 szeroko na lewym zakr\u0119cie i uderzy\u0142 bokiem w drzewo. Uderzenie mia\u0142o miejsce po stronie Bartha, ale obaj cz\u0142onkowie","inLanguage":"en-GB","isPartOf":{"@id":"https:\/\/www.worldrally.eu\/#website"},"breadcrumb":{"@id":"https:\/\/www.worldrally.eu\/index.php\/2024\/07\/28\/crugnola-wygrywa-rajd-rzymu\/#breadcrumblist"},"author":{"@id":"https:\/\/www.worldrally.eu\/index.php\/author\/magdalena\/#author"},"creator":{"@id":"https:\/\/www.worldrally.eu\/index.php\/author\/magdalena\/#author"},"image":{"@type":"ImageObject","url":"https:\/\/www.worldrally.eu\/wp-content\/uploads\/2024\/08\/Photoms-Media-Agency-Rally-di-Rome-Day-3-8a-scaled.jpg","@id":"https:\/\/www.worldrally.eu\/index.php\/2024\/07\/28\/crugnola-wygrywa-rajd-rzymu\/#mainImage","width":2560,"height":1707},"primaryImageOfPage":{"@id":"https:\/\/www.worldrally.eu\/index.php\/2024\/07\/28\/crugnola-wygrywa-rajd-rzymu\/#mainImage"},"datePublished":"2024-07-28T19:21:00+00:00","dateModified":"2024-08-11T20:34:50+00:00"},{"@type":"WebSite","@id":"https:\/\/www.worldrally.eu\/#website","url":"https:\/\/www.worldrally.eu\/","name":"WorldRally.eu","inLanguage":"en-GB","publisher":{"@id":"https:\/\/www.worldrally.eu\/#organization"}}]},"og:locale":"en_GB","og:site_name":"WorldRally.eu \u00bb","og:type":"article","og:title":"Crugnola wygrywa Rajd Rzymu \u00bb WorldRally.eu","og:description":"Andrea Crugnola odni\u00f3s\u0142 drugie zwyci\u0119stwo z rz\u0119du w Rajdzie Rzymu, wyprzedzaj\u0105c swojego rodaka Simone Campedelli i Efren Liarena. Podczas niedzielnych wzmaga\u0144 dosz\u0142o do bardzo gro\u017anego wypadku z udzia\u0142em Mads \u00d8stberg i Patrik Barth, gdzie ich Citro\u00ebn wypad\u0142 szeroko na lewym zakr\u0119cie i uderzy\u0142 bokiem w drzewo. Uderzenie mia\u0142o miejsce po stronie Bartha, ale obaj cz\u0142onkowie","og:url":"https:\/\/www.worldrally.eu\/index.php\/2024\/07\/28\/crugnola-wygrywa-rajd-rzymu\/","og:image":"https:\/\/www.worldrally.eu\/wp-content\/uploads\/2024\/08\/Photoms-Media-Agency-Rally-di-Rome-Day-3-8a-scaled.jpg","og:image:secure_url":"https:\/\/www.worldrally.eu\/wp-content\/uploads\/2024\/08\/Photoms-Media-Agency-Rally-di-Rome-Day-3-8a-scaled.jpg","og:image:width":2560,"og:image:height":1707,"article:published_time":"2024-07-28T19:21:00+00:00","article:modified_time":"2024-08-11T20:34:50+00:00","twitter:card":"summary_large_image","twitter:title":"Crugnola wygrywa Rajd Rzymu \u00bb WorldRally.eu","twitter:description":"Andrea Crugnola odni\u00f3s\u0142 drugie zwyci\u0119stwo z rz\u0119du w Rajdzie Rzymu, wyprzedzaj\u0105c swojego rodaka Simone Campedelli i Efren Liarena. Podczas niedzielnych wzmaga\u0144 dosz\u0142o do bardzo gro\u017anego wypadku z udzia\u0142em Mads \u00d8stberg i Patrik Barth, gdzie ich Citro\u00ebn wypad\u0142 szeroko na lewym zakr\u0119cie i uderzy\u0142 bokiem w drzewo. Uderzenie mia\u0142o miejsce po stronie Bartha, ale obaj cz\u0142onkowie","twitter:image":"https:\/\/www.worldrally.eu\/wp-content\/uploads\/2024\/08\/Photoms-Media-Agency-Rally-di-Rome-Day-3-8a-scaled.jpg"},"aioseo_meta_data":{"post_id":"2939","title":null,"description":null,"keywords":null,"keyphrases":null,"primary_term":null,"canonical_url":null,"og_title":null,"og_description":null,"og_object_type":"default","og_image_type":"default","og_image_url":null,"og_image_width":null,"og_image_height":null,"og_image_custom_url":null,"og_image_custom_fields":null,"og_video":null,"og_custom_url":null,"og_article_section":null,"og_article_tags":null,"twitter_use_og":false,"twitter_card":"default","twitter_image_type":"default","twitter_image_url":null,"twitter_image_custom_url":null,"twitter_image_custom_fields":null,"twitter_title":null,"twitter_description":null,"schema":{"blockGraphs":[],"customGraphs":[],"default":{"data":{"Article":[],"Course":[],"Dataset":[],"FAQPage":[],"Movie":[],"Person":[],"Product":[],"ProductReview":[],"Car":[],"Recipe":[],"Service":[],"SoftwareApplication":[],"WebPage":[]},"graphName":"","isEnabled":true},"graphs":[]},"schema_type":"default","schema_type_options":null,"pillar_content":false,"robots_default":true,"robots_noindex":false,"robots_noarchive":false,"robots_nosnippet":false,"robots_nofollow":false,"robots_noimageindex":false,"robots_noodp":false,"robots_notranslate":false,"robots_max_snippet":null,"robots_max_videopreview":null,"robots_max_imagepreview":"large","priority":null,"frequency":null,"local_seo":null,"breadcrumb_settings":null,"limit_modified_date":false,"ai":null,"created":"2025-03-22 06:45:08","updated":"2025-10-26 13:15:35","seo_analyzer_scan_date":null},"aioseo_breadcrumb":"<div class=\"aioseo-breadcrumbs\"><span class=\"aioseo-breadcrumb\">\n\t\t\t<a href=\"https:\/\/www.worldrally.eu\" title=\"Home\">Home<\/a>\n\t\t<\/span><span class=\"aioseo-breadcrumb-separator\">&raquo;<\/span><span class=\"aioseo-breadcrumb\">\n\t\t\t<a href=\"https:\/\/www.worldrally.eu\/index.php\/category\/erc\/\" title=\"ERC\">ERC<\/a>\n\t\t<\/span><span class=\"aioseo-breadcrumb-separator\">&raquo;<\/span><span class=\"aioseo-breadcrumb\">\n\t\t\tCrugnola wygrywa Rajd Rzymu\n\t\t<\/span><\/div>","aioseo_breadcrumb_json":[{"label":"Home","link":"https:\/\/www.worldrally.eu"},{"label":"ERC","link":"https:\/\/www.worldrally.eu\/index.php\/category\/erc\/"},{"label":"Crugnola wygrywa Rajd Rzymu","link":"https:\/\/www.worldrally.eu\/index.php\/2024\/07\/28\/crugnola-wygrywa-rajd-rzymu\/"}],"cc_featured_image_caption":{"caption_text":"Foto - PhotoMS","source_text":"","source_url":""},"_links":{"self":[{"href":"https:\/\/www.worldrally.eu\/index.php\/wp-json\/wp\/v2\/posts\/2939","targetHints":{"allow":["GET"]}}],"collection":[{"href":"https:\/\/www.worldrally.eu\/index.php\/wp-json\/wp\/v2\/posts"}],"about":[{"href":"https:\/\/www.worldrally.eu\/index.php\/wp-json\/wp\/v2\/types\/post"}],"author":[{"embeddable":true,"href":"https:\/\/www.worldrally.eu\/index.php\/wp-json\/wp\/v2\/users\/2"}],"replies":[{"embeddable":true,"href":"https:\/\/www.worldrally.eu\/index.php\/wp-json\/wp\/v2\/comments?post=2939"}],"version-history":[{"count":1,"href":"https:\/\/www.worldrally.eu\/index.php\/wp-json\/wp\/v2\/posts\/2939\/revisions"}],"predecessor-version":[{"id":2943,"href":"https:\/\/www.worldrally.eu\/index.php\/wp-json\/wp\/v2\/posts\/2939\/revisions\/2943"}],"wp:featuredmedia":[{"embeddable":true,"href":"https:\/\/www.worldrally.eu\/index.php\/wp-json\/wp\/v2\/media\/2940"}],"wp:attachment":[{"href":"https:\/\/www.worldrally.eu\/index.php\/wp-json\/wp\/v2\/media?parent=2939"}],"wp:term":[{"taxonomy":"category","embeddable":true,"href":"https:\/\/www.worldrally.eu\/index.php\/wp-json\/wp\/v2\/categories?post=2939"},{"taxonomy":"post_tag","embeddable":true,"href":"https:\/\/www.worldrally.eu\/index.php\/wp-json\/wp\/v2\/tags?post=2939"}],"curies":[{"name":"wp","href":"https:\/\/api.w.org\/{rel}","templated":true}]}}