{"id":2922,"date":"2024-08-02T14:37:24","date_gmt":"2024-08-02T14:37:24","guid":{"rendered":"https:\/\/www.worldrally.eu\/?p=2922"},"modified":"2024-08-02T14:37:25","modified_gmt":"2024-08-02T14:37:25","slug":"lappi-wypada-z-rywalizacji-na-os6","status":"publish","type":"post","link":"https:\/\/www.worldrally.eu\/index.php\/2024\/08\/02\/lappi-wypada-z-rywalizacji-na-os6\/","title":{"rendered":"Lappi wypada z rywalizacji na OS6"},"content":{"rendered":"\n<p class=\"wp-block-paragraph\">Esapekka Lappi wypad\u0142 z kolein i uderzy\u0142 w drzewo urywaj\u0105c tym samym ko\u0142o co pozbawi\u0142o go szansy w rywalizacji nie tylko o zwyci\u0119stwo, ale tak\u017ce o miejsce na podium.<\/p>\n\n\n\n<p class=\"wp-block-paragraph\">Takamoto Katsuta z Toyoty \u2013 kt\u00f3ry walczy\u0142 z Lappim o czwarte miejsce \u2013 uderzy\u0142 w drzewo tylnym prawym ko\u0142em na ostatnim etapie przed serwisem.<\/p>\n\n\n\n<p class=\"wp-block-paragraph\">Na czele trzy Toyoty, pomi\u0119dzy kt\u00f3rymi s\u0105 bardzo niewielkie r\u00f3\u017cnice czasowe, Rovanper\u00e4 prowadzi przed Elfunem Evansem, kt\u00f3ry natomiast bronie si\u20ac przed Sebastien Ogier.<\/p>\n\n\n\n<figure class=\"wp-block-image size-large\"><img fetchpriority=\"high\" decoding=\"async\" width=\"1024\" height=\"574\" src=\"https:\/\/www.worldrally.eu\/wp-content\/uploads\/2024\/08\/453754890_913294427500464_7138059165612202588_n-1024x574.jpg\" alt=\"\" class=\"wp-image-2924\" srcset=\"https:\/\/www.worldrally.eu\/wp-content\/uploads\/2024\/08\/453754890_913294427500464_7138059165612202588_n-1024x574.jpg 1024w, https:\/\/www.worldrally.eu\/wp-content\/uploads\/2024\/08\/453754890_913294427500464_7138059165612202588_n-300x168.jpg 300w, https:\/\/www.worldrally.eu\/wp-content\/uploads\/2024\/08\/453754890_913294427500464_7138059165612202588_n-768x431.jpg 768w, https:\/\/www.worldrally.eu\/wp-content\/uploads\/2024\/08\/453754890_913294427500464_7138059165612202588_n-1536x861.jpg 1536w, https:\/\/www.worldrally.eu\/wp-content\/uploads\/2024\/08\/453754890_913294427500464_7138059165612202588_n.jpg 1600w\" sizes=\"(max-width: 1024px) 100vw, 1024px\" \/><figcaption class=\"wp-element-caption\">Foto &#8211; WRC.com<\/figcaption><\/figure>\n","protected":false},"excerpt":{"rendered":"<p>Esapekka Lappi wypad\u0142 z kolein i uderzy\u0142 w drzewo urywaj\u0105c tym samym ko\u0142o co pozbawi\u0142o go szansy w rywalizacji nie tylko o zwyci\u0119stwo, ale tak\u017ce o miejsce na podium. Takamoto Katsuta z Toyoty \u2013 kt\u00f3ry walczy\u0142 z Lappim o czwarte miejsce \u2013 uderzy\u0142 w drzewo tylnym prawym ko\u0142em na ostatnim etapie przed serwisem. Na czele [&hellip;]<\/p>\n","protected":false},"author":3,"featured_media":2923,"comment_status":"closed","ping_status":"closed","sticky":false,"template":"","format":"standard","meta":{"_monsterinsights_skip_tracking":false,"_monsterinsights_sitenote_active":false,"_monsterinsights_sitenote_note":"","_monsterinsights_sitenote_category":0,"footnotes":""},"categories":[3],"tags":[],"class_list":["post-2922","post","type-post","status-publish","format-standard","has-post-thumbnail","hentry","category-wrc"],"aioseo_notices":[],"aioseo_head":"\n\t\t<!-- All in One SEO 4.9.9 - aioseo.com -->\n\t<meta name=\"description\" content=\"Esapekka Lappi wypad\u0142 z kolein i uderzy\u0142 w drzewo urywaj\u0105c tym samym ko\u0142o co pozbawi\u0142o go szansy w rywalizacji nie tylko o zwyci\u0119stwo, ale tak\u017ce o miejsce na podium. Takamoto Katsuta z Toyoty \u2013 kt\u00f3ry walczy\u0142 z Lappim o czwarte miejsce \u2013 uderzy\u0142 w drzewo tylnym prawym ko\u0142em na ostatnim etapie przed serwisem. Na czele\" \/>\n\t<meta name=\"robots\" content=\"max-image-preview:large\" \/>\n\t<meta name=\"author\" content=\"Jacek\"\/>\n\t<link rel=\"canonical\" href=\"https:\/\/www.worldrally.eu\/index.php\/2024\/08\/02\/lappi-wypada-z-rywalizacji-na-os6\/\" \/>\n\t<meta name=\"generator\" content=\"All in One SEO (AIOSEO) 4.9.9\" \/>\n\t\t<meta property=\"og:locale\" content=\"en_GB\" \/>\n\t\t<meta property=\"og:site_name\" content=\"WorldRally.eu \u00bb\" \/>\n\t\t<meta property=\"og:type\" content=\"article\" \/>\n\t\t<meta property=\"og:title\" content=\"Lappi wypada z rywalizacji na OS6 \u00bb WorldRally.eu\" \/>\n\t\t<meta property=\"og:description\" content=\"Esapekka Lappi wypad\u0142 z kolein i uderzy\u0142 w drzewo urywaj\u0105c tym samym ko\u0142o co pozbawi\u0142o go szansy w rywalizacji nie tylko o zwyci\u0119stwo, ale tak\u017ce o miejsce na podium. Takamoto Katsuta z Toyoty \u2013 kt\u00f3ry walczy\u0142 z Lappim o czwarte miejsce \u2013 uderzy\u0142 w drzewo tylnym prawym ko\u0142em na ostatnim etapie przed serwisem. Na czele\" \/>\n\t\t<meta property=\"og:url\" content=\"https:\/\/www.worldrally.eu\/index.php\/2024\/08\/02\/lappi-wypada-z-rywalizacji-na-os6\/\" \/>\n\t\t<meta property=\"og:image\" content=\"https:\/\/www.worldrally.eu\/wp-content\/uploads\/2024\/08\/453487466_913312450831995_8336769765089235137_n.jpg\" \/>\n\t\t<meta property=\"og:image:secure_url\" content=\"https:\/\/www.worldrally.eu\/wp-content\/uploads\/2024\/08\/453487466_913312450831995_8336769765089235137_n.jpg\" \/>\n\t\t<meta property=\"og:image:width\" content=\"1600\" \/>\n\t\t<meta property=\"og:image:height\" content=\"1066\" \/>\n\t\t<meta property=\"article:published_time\" content=\"2024-08-02T14:37:24+00:00\" \/>\n\t\t<meta property=\"article:modified_time\" content=\"2024-08-02T14:37:25+00:00\" \/>\n\t\t<meta name=\"twitter:card\" content=\"summary_large_image\" \/>\n\t\t<meta name=\"twitter:title\" content=\"Lappi wypada z rywalizacji na OS6 \u00bb WorldRally.eu\" \/>\n\t\t<meta name=\"twitter:description\" content=\"Esapekka Lappi wypad\u0142 z kolein i uderzy\u0142 w drzewo urywaj\u0105c tym samym ko\u0142o co pozbawi\u0142o go szansy w rywalizacji nie tylko o zwyci\u0119stwo, ale tak\u017ce o miejsce na podium. Takamoto Katsuta z Toyoty \u2013 kt\u00f3ry walczy\u0142 z Lappim o czwarte miejsce \u2013 uderzy\u0142 w drzewo tylnym prawym ko\u0142em na ostatnim etapie przed serwisem. Na czele\" \/>\n\t\t<meta name=\"twitter:image\" content=\"https:\/\/www.worldrally.eu\/wp-content\/uploads\/2024\/08\/453487466_913312450831995_8336769765089235137_n.jpg\" \/>\n\t\t<script type=\"application\/ld+json\" class=\"aioseo-schema\">\n\t\t\t{\"@context\":\"https:\\\/\\\/schema.org\",\"@graph\":[{\"@type\":\"BlogPosting\",\"@id\":\"https:\\\/\\\/www.worldrally.eu\\\/index.php\\\/2024\\\/08\\\/02\\\/lappi-wypada-z-rywalizacji-na-os6\\\/#blogposting\",\"name\":\"Lappi wypada z rywalizacji na OS6 \\u00bb WorldRally.eu\",\"headline\":\"Lappi wypada z rywalizacji na OS6\",\"author\":{\"@id\":\"https:\\\/\\\/www.worldrally.eu\\\/index.php\\\/author\\\/jacek\\\/#author\"},\"publisher\":{\"@id\":\"https:\\\/\\\/www.worldrally.eu\\\/#organization\"},\"image\":{\"@type\":\"ImageObject\",\"url\":\"https:\\\/\\\/www.worldrally.eu\\\/wp-content\\\/uploads\\\/2024\\\/08\\\/453487466_913312450831995_8336769765089235137_n.jpg\",\"width\":1600,\"height\":1066},\"datePublished\":\"2024-08-02T14:37:24+00:00\",\"dateModified\":\"2024-08-02T14:37:25+00:00\",\"inLanguage\":\"en-GB\",\"mainEntityOfPage\":{\"@id\":\"https:\\\/\\\/www.worldrally.eu\\\/index.php\\\/2024\\\/08\\\/02\\\/lappi-wypada-z-rywalizacji-na-os6\\\/#webpage\"},\"isPartOf\":{\"@id\":\"https:\\\/\\\/www.worldrally.eu\\\/index.php\\\/2024\\\/08\\\/02\\\/lappi-wypada-z-rywalizacji-na-os6\\\/#webpage\"},\"articleSection\":\"WRC\"},{\"@type\":\"BreadcrumbList\",\"@id\":\"https:\\\/\\\/www.worldrally.eu\\\/index.php\\\/2024\\\/08\\\/02\\\/lappi-wypada-z-rywalizacji-na-os6\\\/#breadcrumblist\",\"itemListElement\":[{\"@type\":\"ListItem\",\"@id\":\"https:\\\/\\\/www.worldrally.eu#listItem\",\"position\":1,\"name\":\"Home\",\"item\":\"https:\\\/\\\/www.worldrally.eu\",\"nextItem\":{\"@type\":\"ListItem\",\"@id\":\"https:\\\/\\\/www.worldrally.eu\\\/index.php\\\/category\\\/wrc\\\/#listItem\",\"name\":\"WRC\"}},{\"@type\":\"ListItem\",\"@id\":\"https:\\\/\\\/www.worldrally.eu\\\/index.php\\\/category\\\/wrc\\\/#listItem\",\"position\":2,\"name\":\"WRC\",\"item\":\"https:\\\/\\\/www.worldrally.eu\\\/index.php\\\/category\\\/wrc\\\/\",\"nextItem\":{\"@type\":\"ListItem\",\"@id\":\"https:\\\/\\\/www.worldrally.eu\\\/index.php\\\/2024\\\/08\\\/02\\\/lappi-wypada-z-rywalizacji-na-os6\\\/#listItem\",\"name\":\"Lappi wypada z rywalizacji na OS6\"},\"previousItem\":{\"@type\":\"ListItem\",\"@id\":\"https:\\\/\\\/www.worldrally.eu#listItem\",\"name\":\"Home\"}},{\"@type\":\"ListItem\",\"@id\":\"https:\\\/\\\/www.worldrally.eu\\\/index.php\\\/2024\\\/08\\\/02\\\/lappi-wypada-z-rywalizacji-na-os6\\\/#listItem\",\"position\":3,\"name\":\"Lappi wypada z rywalizacji na OS6\",\"previousItem\":{\"@type\":\"ListItem\",\"@id\":\"https:\\\/\\\/www.worldrally.eu\\\/index.php\\\/category\\\/wrc\\\/#listItem\",\"name\":\"WRC\"}}]},{\"@type\":\"Organization\",\"@id\":\"https:\\\/\\\/www.worldrally.eu\\\/#organization\",\"name\":\"WorldRally.eu\",\"url\":\"https:\\\/\\\/www.worldrally.eu\\\/\",\"logo\":{\"@type\":\"ImageObject\",\"url\":\"https:\\\/\\\/www.worldrally.eu\\\/wp-content\\\/uploads\\\/2026\\\/01\\\/cropped-logo-3.png\",\"@id\":\"https:\\\/\\\/www.worldrally.eu\\\/index.php\\\/2024\\\/08\\\/02\\\/lappi-wypada-z-rywalizacji-na-os6\\\/#organizationLogo\",\"width\":2039,\"height\":756},\"image\":{\"@id\":\"https:\\\/\\\/www.worldrally.eu\\\/index.php\\\/2024\\\/08\\\/02\\\/lappi-wypada-z-rywalizacji-na-os6\\\/#organizationLogo\"}},{\"@type\":\"Person\",\"@id\":\"https:\\\/\\\/www.worldrally.eu\\\/index.php\\\/author\\\/jacek\\\/#author\",\"url\":\"https:\\\/\\\/www.worldrally.eu\\\/index.php\\\/author\\\/jacek\\\/\",\"name\":\"Jacek\",\"image\":{\"@type\":\"ImageObject\",\"@id\":\"https:\\\/\\\/www.worldrally.eu\\\/index.php\\\/2024\\\/08\\\/02\\\/lappi-wypada-z-rywalizacji-na-os6\\\/#authorImage\",\"url\":\"https:\\\/\\\/secure.gravatar.com\\\/avatar\\\/7e4a580579d0c9624bc0b76edfd763a961e17e709b8c19c4e55064fd24596b04?s=96&d=mm&r=g\",\"width\":96,\"height\":96,\"caption\":\"Jacek\"}},{\"@type\":\"WebPage\",\"@id\":\"https:\\\/\\\/www.worldrally.eu\\\/index.php\\\/2024\\\/08\\\/02\\\/lappi-wypada-z-rywalizacji-na-os6\\\/#webpage\",\"url\":\"https:\\\/\\\/www.worldrally.eu\\\/index.php\\\/2024\\\/08\\\/02\\\/lappi-wypada-z-rywalizacji-na-os6\\\/\",\"name\":\"Lappi wypada z rywalizacji na OS6 \\u00bb WorldRally.eu\",\"description\":\"Esapekka Lappi wypad\\u0142 z kolein i uderzy\\u0142 w drzewo urywaj\\u0105c tym samym ko\\u0142o co pozbawi\\u0142o go szansy w rywalizacji nie tylko o zwyci\\u0119stwo, ale tak\\u017ce o miejsce na podium. Takamoto Katsuta z Toyoty \\u2013 kt\\u00f3ry walczy\\u0142 z Lappim o czwarte miejsce \\u2013 uderzy\\u0142 w drzewo tylnym prawym ko\\u0142em na ostatnim etapie przed serwisem. Na czele\",\"inLanguage\":\"en-GB\",\"isPartOf\":{\"@id\":\"https:\\\/\\\/www.worldrally.eu\\\/#website\"},\"breadcrumb\":{\"@id\":\"https:\\\/\\\/www.worldrally.eu\\\/index.php\\\/2024\\\/08\\\/02\\\/lappi-wypada-z-rywalizacji-na-os6\\\/#breadcrumblist\"},\"author\":{\"@id\":\"https:\\\/\\\/www.worldrally.eu\\\/index.php\\\/author\\\/jacek\\\/#author\"},\"creator\":{\"@id\":\"https:\\\/\\\/www.worldrally.eu\\\/index.php\\\/author\\\/jacek\\\/#author\"},\"image\":{\"@type\":\"ImageObject\",\"url\":\"https:\\\/\\\/www.worldrally.eu\\\/wp-content\\\/uploads\\\/2024\\\/08\\\/453487466_913312450831995_8336769765089235137_n.jpg\",\"@id\":\"https:\\\/\\\/www.worldrally.eu\\\/index.php\\\/2024\\\/08\\\/02\\\/lappi-wypada-z-rywalizacji-na-os6\\\/#mainImage\",\"width\":1600,\"height\":1066},\"primaryImageOfPage\":{\"@id\":\"https:\\\/\\\/www.worldrally.eu\\\/index.php\\\/2024\\\/08\\\/02\\\/lappi-wypada-z-rywalizacji-na-os6\\\/#mainImage\"},\"datePublished\":\"2024-08-02T14:37:24+00:00\",\"dateModified\":\"2024-08-02T14:37:25+00:00\"},{\"@type\":\"WebSite\",\"@id\":\"https:\\\/\\\/www.worldrally.eu\\\/#website\",\"url\":\"https:\\\/\\\/www.worldrally.eu\\\/\",\"name\":\"WorldRally.eu\",\"inLanguage\":\"en-GB\",\"publisher\":{\"@id\":\"https:\\\/\\\/www.worldrally.eu\\\/#organization\"}}]}\n\t\t<\/script>\n\t\t<!-- All in One SEO -->\n\n","aioseo_head_json":{"title":"Lappi wypada z rywalizacji na OS6 \u00bb WorldRally.eu","description":"Esapekka Lappi wypad\u0142 z kolein i uderzy\u0142 w drzewo urywaj\u0105c tym samym ko\u0142o co pozbawi\u0142o go szansy w rywalizacji nie tylko o zwyci\u0119stwo, ale tak\u017ce o miejsce na podium. Takamoto Katsuta z Toyoty \u2013 kt\u00f3ry walczy\u0142 z Lappim o czwarte miejsce \u2013 uderzy\u0142 w drzewo tylnym prawym ko\u0142em na ostatnim etapie przed serwisem. Na czele","canonical_url":"https:\/\/www.worldrally.eu\/index.php\/2024\/08\/02\/lappi-wypada-z-rywalizacji-na-os6\/","robots":"max-image-preview:large","keywords":"","webmasterTools":{"miscellaneous":""},"schema":{"@context":"https:\/\/schema.org","@graph":[{"@type":"BlogPosting","@id":"https:\/\/www.worldrally.eu\/index.php\/2024\/08\/02\/lappi-wypada-z-rywalizacji-na-os6\/#blogposting","name":"Lappi wypada z rywalizacji na OS6 \u00bb WorldRally.eu","headline":"Lappi wypada z rywalizacji na OS6","author":{"@id":"https:\/\/www.worldrally.eu\/index.php\/author\/jacek\/#author"},"publisher":{"@id":"https:\/\/www.worldrally.eu\/#organization"},"image":{"@type":"ImageObject","url":"https:\/\/www.worldrally.eu\/wp-content\/uploads\/2024\/08\/453487466_913312450831995_8336769765089235137_n.jpg","width":1600,"height":1066},"datePublished":"2024-08-02T14:37:24+00:00","dateModified":"2024-08-02T14:37:25+00:00","inLanguage":"en-GB","mainEntityOfPage":{"@id":"https:\/\/www.worldrally.eu\/index.php\/2024\/08\/02\/lappi-wypada-z-rywalizacji-na-os6\/#webpage"},"isPartOf":{"@id":"https:\/\/www.worldrally.eu\/index.php\/2024\/08\/02\/lappi-wypada-z-rywalizacji-na-os6\/#webpage"},"articleSection":"WRC"},{"@type":"BreadcrumbList","@id":"https:\/\/www.worldrally.eu\/index.php\/2024\/08\/02\/lappi-wypada-z-rywalizacji-na-os6\/#breadcrumblist","itemListElement":[{"@type":"ListItem","@id":"https:\/\/www.worldrally.eu#listItem","position":1,"name":"Home","item":"https:\/\/www.worldrally.eu","nextItem":{"@type":"ListItem","@id":"https:\/\/www.worldrally.eu\/index.php\/category\/wrc\/#listItem","name":"WRC"}},{"@type":"ListItem","@id":"https:\/\/www.worldrally.eu\/index.php\/category\/wrc\/#listItem","position":2,"name":"WRC","item":"https:\/\/www.worldrally.eu\/index.php\/category\/wrc\/","nextItem":{"@type":"ListItem","@id":"https:\/\/www.worldrally.eu\/index.php\/2024\/08\/02\/lappi-wypada-z-rywalizacji-na-os6\/#listItem","name":"Lappi wypada z rywalizacji na OS6"},"previousItem":{"@type":"ListItem","@id":"https:\/\/www.worldrally.eu#listItem","name":"Home"}},{"@type":"ListItem","@id":"https:\/\/www.worldrally.eu\/index.php\/2024\/08\/02\/lappi-wypada-z-rywalizacji-na-os6\/#listItem","position":3,"name":"Lappi wypada z rywalizacji na OS6","previousItem":{"@type":"ListItem","@id":"https:\/\/www.worldrally.eu\/index.php\/category\/wrc\/#listItem","name":"WRC"}}]},{"@type":"Organization","@id":"https:\/\/www.worldrally.eu\/#organization","name":"WorldRally.eu","url":"https:\/\/www.worldrally.eu\/","logo":{"@type":"ImageObject","url":"https:\/\/www.worldrally.eu\/wp-content\/uploads\/2026\/01\/cropped-logo-3.png","@id":"https:\/\/www.worldrally.eu\/index.php\/2024\/08\/02\/lappi-wypada-z-rywalizacji-na-os6\/#organizationLogo","width":2039,"height":756},"image":{"@id":"https:\/\/www.worldrally.eu\/index.php\/2024\/08\/02\/lappi-wypada-z-rywalizacji-na-os6\/#organizationLogo"}},{"@type":"Person","@id":"https:\/\/www.worldrally.eu\/index.php\/author\/jacek\/#author","url":"https:\/\/www.worldrally.eu\/index.php\/author\/jacek\/","name":"Jacek","image":{"@type":"ImageObject","@id":"https:\/\/www.worldrally.eu\/index.php\/2024\/08\/02\/lappi-wypada-z-rywalizacji-na-os6\/#authorImage","url":"https:\/\/secure.gravatar.com\/avatar\/7e4a580579d0c9624bc0b76edfd763a961e17e709b8c19c4e55064fd24596b04?s=96&d=mm&r=g","width":96,"height":96,"caption":"Jacek"}},{"@type":"WebPage","@id":"https:\/\/www.worldrally.eu\/index.php\/2024\/08\/02\/lappi-wypada-z-rywalizacji-na-os6\/#webpage","url":"https:\/\/www.worldrally.eu\/index.php\/2024\/08\/02\/lappi-wypada-z-rywalizacji-na-os6\/","name":"Lappi wypada z rywalizacji na OS6 \u00bb WorldRally.eu","description":"Esapekka Lappi wypad\u0142 z kolein i uderzy\u0142 w drzewo urywaj\u0105c tym samym ko\u0142o co pozbawi\u0142o go szansy w rywalizacji nie tylko o zwyci\u0119stwo, ale tak\u017ce o miejsce na podium. Takamoto Katsuta z Toyoty \u2013 kt\u00f3ry walczy\u0142 z Lappim o czwarte miejsce \u2013 uderzy\u0142 w drzewo tylnym prawym ko\u0142em na ostatnim etapie przed serwisem. Na czele","inLanguage":"en-GB","isPartOf":{"@id":"https:\/\/www.worldrally.eu\/#website"},"breadcrumb":{"@id":"https:\/\/www.worldrally.eu\/index.php\/2024\/08\/02\/lappi-wypada-z-rywalizacji-na-os6\/#breadcrumblist"},"author":{"@id":"https:\/\/www.worldrally.eu\/index.php\/author\/jacek\/#author"},"creator":{"@id":"https:\/\/www.worldrally.eu\/index.php\/author\/jacek\/#author"},"image":{"@type":"ImageObject","url":"https:\/\/www.worldrally.eu\/wp-content\/uploads\/2024\/08\/453487466_913312450831995_8336769765089235137_n.jpg","@id":"https:\/\/www.worldrally.eu\/index.php\/2024\/08\/02\/lappi-wypada-z-rywalizacji-na-os6\/#mainImage","width":1600,"height":1066},"primaryImageOfPage":{"@id":"https:\/\/www.worldrally.eu\/index.php\/2024\/08\/02\/lappi-wypada-z-rywalizacji-na-os6\/#mainImage"},"datePublished":"2024-08-02T14:37:24+00:00","dateModified":"2024-08-02T14:37:25+00:00"},{"@type":"WebSite","@id":"https:\/\/www.worldrally.eu\/#website","url":"https:\/\/www.worldrally.eu\/","name":"WorldRally.eu","inLanguage":"en-GB","publisher":{"@id":"https:\/\/www.worldrally.eu\/#organization"}}]},"og:locale":"en_GB","og:site_name":"WorldRally.eu \u00bb","og:type":"article","og:title":"Lappi wypada z rywalizacji na OS6 \u00bb WorldRally.eu","og:description":"Esapekka Lappi wypad\u0142 z kolein i uderzy\u0142 w drzewo urywaj\u0105c tym samym ko\u0142o co pozbawi\u0142o go szansy w rywalizacji nie tylko o zwyci\u0119stwo, ale tak\u017ce o miejsce na podium. Takamoto Katsuta z Toyoty \u2013 kt\u00f3ry walczy\u0142 z Lappim o czwarte miejsce \u2013 uderzy\u0142 w drzewo tylnym prawym ko\u0142em na ostatnim etapie przed serwisem. Na czele","og:url":"https:\/\/www.worldrally.eu\/index.php\/2024\/08\/02\/lappi-wypada-z-rywalizacji-na-os6\/","og:image":"https:\/\/www.worldrally.eu\/wp-content\/uploads\/2024\/08\/453487466_913312450831995_8336769765089235137_n.jpg","og:image:secure_url":"https:\/\/www.worldrally.eu\/wp-content\/uploads\/2024\/08\/453487466_913312450831995_8336769765089235137_n.jpg","og:image:width":1600,"og:image:height":1066,"article:published_time":"2024-08-02T14:37:24+00:00","article:modified_time":"2024-08-02T14:37:25+00:00","twitter:card":"summary_large_image","twitter:title":"Lappi wypada z rywalizacji na OS6 \u00bb WorldRally.eu","twitter:description":"Esapekka Lappi wypad\u0142 z kolein i uderzy\u0142 w drzewo urywaj\u0105c tym samym ko\u0142o co pozbawi\u0142o go szansy w rywalizacji nie tylko o zwyci\u0119stwo, ale tak\u017ce o miejsce na podium. Takamoto Katsuta z Toyoty \u2013 kt\u00f3ry walczy\u0142 z Lappim o czwarte miejsce \u2013 uderzy\u0142 w drzewo tylnym prawym ko\u0142em na ostatnim etapie przed serwisem. Na czele","twitter:image":"https:\/\/www.worldrally.eu\/wp-content\/uploads\/2024\/08\/453487466_913312450831995_8336769765089235137_n.jpg"},"aioseo_meta_data":{"post_id":"2922","title":null,"description":null,"keywords":null,"keyphrases":null,"primary_term":null,"canonical_url":null,"og_title":null,"og_description":null,"og_object_type":"default","og_image_type":"default","og_image_url":null,"og_image_width":null,"og_image_height":null,"og_image_custom_url":null,"og_image_custom_fields":null,"og_video":null,"og_custom_url":null,"og_article_section":null,"og_article_tags":null,"twitter_use_og":false,"twitter_card":"default","twitter_image_type":"default","twitter_image_url":null,"twitter_image_custom_url":null,"twitter_image_custom_fields":null,"twitter_title":null,"twitter_description":null,"schema":{"blockGraphs":[],"customGraphs":[],"default":{"data":{"Article":[],"Course":[],"Dataset":[],"FAQPage":[],"Movie":[],"Person":[],"Product":[],"ProductReview":[],"Car":[],"Recipe":[],"Service":[],"SoftwareApplication":[],"WebPage":[]},"graphName":"","isEnabled":true},"graphs":[]},"schema_type":"default","schema_type_options":null,"pillar_content":false,"robots_default":true,"robots_noindex":false,"robots_noarchive":false,"robots_nosnippet":false,"robots_nofollow":false,"robots_noimageindex":false,"robots_noodp":false,"robots_notranslate":false,"robots_max_snippet":null,"robots_max_videopreview":null,"robots_max_imagepreview":"large","priority":null,"frequency":null,"local_seo":null,"breadcrumb_settings":null,"limit_modified_date":false,"ai":null,"created":"2025-03-22 06:45:08","updated":"2025-10-26 13:15:35","seo_analyzer_scan_date":null},"aioseo_breadcrumb":"<div class=\"aioseo-breadcrumbs\"><span class=\"aioseo-breadcrumb\">\n\t\t\t<a href=\"https:\/\/www.worldrally.eu\" title=\"Home\">Home<\/a>\n\t\t<\/span><span class=\"aioseo-breadcrumb-separator\">&raquo;<\/span><span class=\"aioseo-breadcrumb\">\n\t\t\t<a href=\"https:\/\/www.worldrally.eu\/index.php\/category\/wrc\/\" title=\"WRC\">WRC<\/a>\n\t\t<\/span><span class=\"aioseo-breadcrumb-separator\">&raquo;<\/span><span class=\"aioseo-breadcrumb\">\n\t\t\tLappi wypada z rywalizacji na OS6\n\t\t<\/span><\/div>","aioseo_breadcrumb_json":[{"label":"Home","link":"https:\/\/www.worldrally.eu"},{"label":"WRC","link":"https:\/\/www.worldrally.eu\/index.php\/category\/wrc\/"},{"label":"Lappi wypada z rywalizacji na OS6","link":"https:\/\/www.worldrally.eu\/index.php\/2024\/08\/02\/lappi-wypada-z-rywalizacji-na-os6\/"}],"cc_featured_image_caption":{"caption_text":"Foto - @At World","source_text":"","source_url":""},"_links":{"self":[{"href":"https:\/\/www.worldrally.eu\/index.php\/wp-json\/wp\/v2\/posts\/2922","targetHints":{"allow":["GET"]}}],"collection":[{"href":"https:\/\/www.worldrally.eu\/index.php\/wp-json\/wp\/v2\/posts"}],"about":[{"href":"https:\/\/www.worldrally.eu\/index.php\/wp-json\/wp\/v2\/types\/post"}],"author":[{"embeddable":true,"href":"https:\/\/www.worldrally.eu\/index.php\/wp-json\/wp\/v2\/users\/3"}],"replies":[{"embeddable":true,"href":"https:\/\/www.worldrally.eu\/index.php\/wp-json\/wp\/v2\/comments?post=2922"}],"version-history":[{"count":1,"href":"https:\/\/www.worldrally.eu\/index.php\/wp-json\/wp\/v2\/posts\/2922\/revisions"}],"predecessor-version":[{"id":2925,"href":"https:\/\/www.worldrally.eu\/index.php\/wp-json\/wp\/v2\/posts\/2922\/revisions\/2925"}],"wp:featuredmedia":[{"embeddable":true,"href":"https:\/\/www.worldrally.eu\/index.php\/wp-json\/wp\/v2\/media\/2923"}],"wp:attachment":[{"href":"https:\/\/www.worldrally.eu\/index.php\/wp-json\/wp\/v2\/media?parent=2922"}],"wp:term":[{"taxonomy":"category","embeddable":true,"href":"https:\/\/www.worldrally.eu\/index.php\/wp-json\/wp\/v2\/categories?post=2922"},{"taxonomy":"post_tag","embeddable":true,"href":"https:\/\/www.worldrally.eu\/index.php\/wp-json\/wp\/v2\/tags?post=2922"}],"curies":[{"name":"wp","href":"https:\/\/api.w.org\/{rel}","templated":true}]}}