{"id":2904,"date":"2024-06-14T13:47:00","date_gmt":"2024-06-14T13:47:00","guid":{"rendered":"https:\/\/www.worldrally.eu\/?p=2904"},"modified":"2024-06-19T20:57:50","modified_gmt":"2024-06-19T20:57:50","slug":"solberg-prowadzi-po-porannej-piatkowej-petli","status":"publish","type":"post","link":"https:\/\/www.worldrally.eu\/index.php\/2024\/06\/14\/solberg-prowadzi-po-porannej-piatkowej-petli\/","title":{"rendered":"Solberg prowadzi po porannej pi\u0105tkowej p\u0119tli."},"content":{"rendered":"\n<p class=\"wp-block-paragraph\">Oliver Solberg prowadzi Kr\u00f3lewskiego Rajdu Skandynawii BAUHAUS po zwyci\u0119stwie etapowym w trzeciej rundzie Rajdowych Mistrzostw Europy wyprzedzaj\u0105c obro\u0144c\u0119 tytu\u0142u Paddona o 1,4 sekundy i Martina Sesks o 8,7 sekundy.<\/p>\n\n\n\n<blockquote class=\"wp-block-quote is-layout-flow wp-block-quote-is-layout-flow\">\n<p class=\"wp-block-paragraph\">Pr\u00f3bowali\u015bmy przycisn\u0105\u0107 nieco wi\u0119cej w SS3, ale by\u0142o bardzo \u015blisko i bardzo trudno. Mam wspomnienia ze jazdy autem Polo z 2023 roku i teraz musz\u0119 ca\u0142kowicie zmieni\u0107 styl. To trudny rajd.<\/p>\n<cite>wyja\u015bnia Solberg<\/cite><\/blockquote>\n\n\n\n<p class=\"wp-block-paragraph\">Isak Reiersen traci\u0142 do Solberga na OS2 0,6 sekundy, ale na OS3 straci\u0142 istotne sekundy, ze wzgl\u0119du na problemy z opn\u0105, kt\u00f3ra prawie ca\u0142kowicie zesz\u0142a z felgi.<\/p>\n\n\n\n<figure class=\"wp-block-image size-large\"><img fetchpriority=\"high\" decoding=\"async\" width=\"1024\" height=\"683\" src=\"https:\/\/www.worldrally.eu\/wp-content\/uploads\/2024\/06\/448245495_796110775834548_3356499357264641155_n-1024x683.jpg\" alt=\"\" class=\"wp-image-2906\" srcset=\"https:\/\/www.worldrally.eu\/wp-content\/uploads\/2024\/06\/448245495_796110775834548_3356499357264641155_n-1024x683.jpg 1024w, https:\/\/www.worldrally.eu\/wp-content\/uploads\/2024\/06\/448245495_796110775834548_3356499357264641155_n-300x200.jpg 300w, https:\/\/www.worldrally.eu\/wp-content\/uploads\/2024\/06\/448245495_796110775834548_3356499357264641155_n-768x512.jpg 768w, https:\/\/www.worldrally.eu\/wp-content\/uploads\/2024\/06\/448245495_796110775834548_3356499357264641155_n-1536x1024.jpg 1536w, https:\/\/www.worldrally.eu\/wp-content\/uploads\/2024\/06\/448245495_796110775834548_3356499357264641155_n-446x297.jpg 446w, https:\/\/www.worldrally.eu\/wp-content\/uploads\/2024\/06\/448245495_796110775834548_3356499357264641155_n.jpg 2048w\" sizes=\"(max-width: 1024px) 100vw, 1024px\" \/><figcaption class=\"wp-element-caption\">Foto &#8211; PhotoMS<\/figcaption><\/figure>\n\n\n\n<p class=\"wp-block-paragraph\">Mikko Heikkil\u00e4, kt\u00f3ry by\u0142 drugi najszybszy na OS3 za kierownic\u0105 swojej Toyoty, jest sz\u00f3sty, a Mads \u00d8stberg si\u00f3dmy, a za nim plasuj\u0105 si\u0119 liderzy punktacji ERC Mathieu Franceschi, Johan Kristofferson i Miko Marczyk, kt\u00f3rzy utkn\u0119li w martwym punkcie na pocz\u0105tku OS2.<\/p>\n\n\n\n<p class=\"wp-block-paragraph\">Pe\u0142na lista wynik\u00f3w po OS5<\/p>\n\n\n\n<p class=\"wp-block-paragraph\"><strong><a href=\"https:\/\/www.ewrc-results.com\/results\/86110-bauhaus-royal-rally-of-scandinavia-2024\/?s=458387\" data-type=\"link\" data-id=\"https:\/\/www.ewrc-results.com\/results\/86110-bauhaus-royal-rally-of-scandinavia-2024\/?s=458387\" target=\"_blank\" rel=\"noreferrer noopener\">TUTAJ<\/a><\/strong><\/p>\n","protected":false},"excerpt":{"rendered":"<p>Oliver Solberg prowadzi Kr\u00f3lewskiego Rajdu Skandynawii BAUHAUS po zwyci\u0119stwie etapowym w trzeciej rundzie Rajdowych Mistrzostw Europy wyprzedzaj\u0105c obro\u0144c\u0119 tytu\u0142u Paddona o 1,4 sekundy i Martina Sesks o 8,7 sekundy. Pr\u00f3bowali\u015bmy przycisn\u0105\u0107 nieco wi\u0119cej w SS3, ale by\u0142o bardzo \u015blisko i bardzo trudno. Mam wspomnienia ze jazdy autem Polo z 2023 roku i teraz musz\u0119 ca\u0142kowicie [&hellip;]<\/p>\n","protected":false},"author":1,"featured_media":2905,"comment_status":"closed","ping_status":"closed","sticky":false,"template":"","format":"standard","meta":{"_monsterinsights_skip_tracking":false,"_monsterinsights_sitenote_active":false,"_monsterinsights_sitenote_note":"","_monsterinsights_sitenote_category":0,"footnotes":""},"categories":[4],"tags":[],"class_list":["post-2904","post","type-post","status-publish","format-standard","has-post-thumbnail","hentry","category-erc"],"aioseo_notices":[],"aioseo_head":"\n\t\t<!-- All in One SEO 4.9.9 - aioseo.com -->\n\t<meta name=\"description\" content=\"Oliver Solberg prowadzi Kr\u00f3lewskiego Rajdu Skandynawii BAUHAUS po zwyci\u0119stwie etapowym w trzeciej rundzie Rajdowych Mistrzostw Europy wyprzedzaj\u0105c obro\u0144c\u0119 tytu\u0142u Paddona o 1,4 sekundy i Martina Sesks o 8,7 sekundy. Pr\u00f3bowali\u015bmy przycisn\u0105\u0107 nieco wi\u0119cej w SS3, ale by\u0142o bardzo \u015blisko i bardzo trudno. Mam wspomnienia ze jazdy autem Polo z 2023 roku i teraz musz\u0119 ca\u0142kowicie\" \/>\n\t<meta name=\"robots\" content=\"max-image-preview:large\" \/>\n\t<meta name=\"author\" content=\"Junior\"\/>\n\t<link rel=\"canonical\" href=\"https:\/\/www.worldrally.eu\/index.php\/2024\/06\/14\/solberg-prowadzi-po-porannej-piatkowej-petli\/\" \/>\n\t<meta name=\"generator\" content=\"All in One SEO (AIOSEO) 4.9.9\" \/>\n\t\t<meta property=\"og:locale\" content=\"en_GB\" \/>\n\t\t<meta property=\"og:site_name\" content=\"WorldRally.eu \u00bb\" \/>\n\t\t<meta property=\"og:type\" content=\"article\" \/>\n\t\t<meta property=\"og:title\" content=\"Solberg prowadzi po porannej pi\u0105tkowej p\u0119tli. \u00bb WorldRally.eu\" \/>\n\t\t<meta property=\"og:description\" content=\"Oliver Solberg prowadzi Kr\u00f3lewskiego Rajdu Skandynawii BAUHAUS po zwyci\u0119stwie etapowym w trzeciej rundzie Rajdowych Mistrzostw Europy wyprzedzaj\u0105c obro\u0144c\u0119 tytu\u0142u Paddona o 1,4 sekundy i Martina Sesks o 8,7 sekundy. Pr\u00f3bowali\u015bmy przycisn\u0105\u0107 nieco wi\u0119cej w SS3, ale by\u0142o bardzo \u015blisko i bardzo trudno. Mam wspomnienia ze jazdy autem Polo z 2023 roku i teraz musz\u0119 ca\u0142kowicie\" \/>\n\t\t<meta property=\"og:url\" content=\"https:\/\/www.worldrally.eu\/index.php\/2024\/06\/14\/solberg-prowadzi-po-porannej-piatkowej-petli\/\" \/>\n\t\t<meta property=\"og:image\" content=\"https:\/\/www.worldrally.eu\/wp-content\/uploads\/2024\/06\/448249332_796110875834538_6639784803885425658_n.jpg\" \/>\n\t\t<meta property=\"og:image:secure_url\" content=\"https:\/\/www.worldrally.eu\/wp-content\/uploads\/2024\/06\/448249332_796110875834538_6639784803885425658_n.jpg\" \/>\n\t\t<meta property=\"og:image:width\" content=\"2048\" \/>\n\t\t<meta property=\"og:image:height\" content=\"1365\" \/>\n\t\t<meta property=\"article:published_time\" content=\"2024-06-14T13:47:00+00:00\" \/>\n\t\t<meta property=\"article:modified_time\" content=\"2024-06-19T20:57:50+00:00\" \/>\n\t\t<meta name=\"twitter:card\" content=\"summary_large_image\" \/>\n\t\t<meta name=\"twitter:title\" content=\"Solberg prowadzi po porannej pi\u0105tkowej p\u0119tli. \u00bb WorldRally.eu\" \/>\n\t\t<meta name=\"twitter:description\" content=\"Oliver Solberg prowadzi Kr\u00f3lewskiego Rajdu Skandynawii BAUHAUS po zwyci\u0119stwie etapowym w trzeciej rundzie Rajdowych Mistrzostw Europy wyprzedzaj\u0105c obro\u0144c\u0119 tytu\u0142u Paddona o 1,4 sekundy i Martina Sesks o 8,7 sekundy. Pr\u00f3bowali\u015bmy przycisn\u0105\u0107 nieco wi\u0119cej w SS3, ale by\u0142o bardzo \u015blisko i bardzo trudno. Mam wspomnienia ze jazdy autem Polo z 2023 roku i teraz musz\u0119 ca\u0142kowicie\" \/>\n\t\t<meta name=\"twitter:image\" content=\"https:\/\/www.worldrally.eu\/wp-content\/uploads\/2024\/06\/448249332_796110875834538_6639784803885425658_n.jpg\" \/>\n\t\t<script type=\"application\/ld+json\" class=\"aioseo-schema\">\n\t\t\t{\"@context\":\"https:\\\/\\\/schema.org\",\"@graph\":[{\"@type\":\"BlogPosting\",\"@id\":\"https:\\\/\\\/www.worldrally.eu\\\/index.php\\\/2024\\\/06\\\/14\\\/solberg-prowadzi-po-porannej-piatkowej-petli\\\/#blogposting\",\"name\":\"Solberg prowadzi po porannej pi\\u0105tkowej p\\u0119tli. \\u00bb WorldRally.eu\",\"headline\":\"Solberg prowadzi po porannej pi\\u0105tkowej p\\u0119tli.\",\"author\":{\"@id\":\"https:\\\/\\\/www.worldrally.eu\\\/index.php\\\/author\\\/admin\\\/#author\"},\"publisher\":{\"@id\":\"https:\\\/\\\/www.worldrally.eu\\\/#organization\"},\"image\":{\"@type\":\"ImageObject\",\"url\":\"https:\\\/\\\/www.worldrally.eu\\\/wp-content\\\/uploads\\\/2024\\\/06\\\/448249332_796110875834538_6639784803885425658_n.jpg\",\"width\":2048,\"height\":1365},\"datePublished\":\"2024-06-14T13:47:00+00:00\",\"dateModified\":\"2024-06-19T20:57:50+00:00\",\"inLanguage\":\"en-GB\",\"mainEntityOfPage\":{\"@id\":\"https:\\\/\\\/www.worldrally.eu\\\/index.php\\\/2024\\\/06\\\/14\\\/solberg-prowadzi-po-porannej-piatkowej-petli\\\/#webpage\"},\"isPartOf\":{\"@id\":\"https:\\\/\\\/www.worldrally.eu\\\/index.php\\\/2024\\\/06\\\/14\\\/solberg-prowadzi-po-porannej-piatkowej-petli\\\/#webpage\"},\"articleSection\":\"ERC\"},{\"@type\":\"BreadcrumbList\",\"@id\":\"https:\\\/\\\/www.worldrally.eu\\\/index.php\\\/2024\\\/06\\\/14\\\/solberg-prowadzi-po-porannej-piatkowej-petli\\\/#breadcrumblist\",\"itemListElement\":[{\"@type\":\"ListItem\",\"@id\":\"https:\\\/\\\/www.worldrally.eu#listItem\",\"position\":1,\"name\":\"Home\",\"item\":\"https:\\\/\\\/www.worldrally.eu\",\"nextItem\":{\"@type\":\"ListItem\",\"@id\":\"https:\\\/\\\/www.worldrally.eu\\\/index.php\\\/category\\\/erc\\\/#listItem\",\"name\":\"ERC\"}},{\"@type\":\"ListItem\",\"@id\":\"https:\\\/\\\/www.worldrally.eu\\\/index.php\\\/category\\\/erc\\\/#listItem\",\"position\":2,\"name\":\"ERC\",\"item\":\"https:\\\/\\\/www.worldrally.eu\\\/index.php\\\/category\\\/erc\\\/\",\"nextItem\":{\"@type\":\"ListItem\",\"@id\":\"https:\\\/\\\/www.worldrally.eu\\\/index.php\\\/2024\\\/06\\\/14\\\/solberg-prowadzi-po-porannej-piatkowej-petli\\\/#listItem\",\"name\":\"Solberg prowadzi po porannej pi\\u0105tkowej p\\u0119tli.\"},\"previousItem\":{\"@type\":\"ListItem\",\"@id\":\"https:\\\/\\\/www.worldrally.eu#listItem\",\"name\":\"Home\"}},{\"@type\":\"ListItem\",\"@id\":\"https:\\\/\\\/www.worldrally.eu\\\/index.php\\\/2024\\\/06\\\/14\\\/solberg-prowadzi-po-porannej-piatkowej-petli\\\/#listItem\",\"position\":3,\"name\":\"Solberg prowadzi po porannej pi\\u0105tkowej p\\u0119tli.\",\"previousItem\":{\"@type\":\"ListItem\",\"@id\":\"https:\\\/\\\/www.worldrally.eu\\\/index.php\\\/category\\\/erc\\\/#listItem\",\"name\":\"ERC\"}}]},{\"@type\":\"Organization\",\"@id\":\"https:\\\/\\\/www.worldrally.eu\\\/#organization\",\"name\":\"WorldRally.eu\",\"url\":\"https:\\\/\\\/www.worldrally.eu\\\/\",\"logo\":{\"@type\":\"ImageObject\",\"url\":\"https:\\\/\\\/www.worldrally.eu\\\/wp-content\\\/uploads\\\/2026\\\/01\\\/cropped-logo-3.png\",\"@id\":\"https:\\\/\\\/www.worldrally.eu\\\/index.php\\\/2024\\\/06\\\/14\\\/solberg-prowadzi-po-porannej-piatkowej-petli\\\/#organizationLogo\",\"width\":2039,\"height\":756},\"image\":{\"@id\":\"https:\\\/\\\/www.worldrally.eu\\\/index.php\\\/2024\\\/06\\\/14\\\/solberg-prowadzi-po-porannej-piatkowej-petli\\\/#organizationLogo\"}},{\"@type\":\"Person\",\"@id\":\"https:\\\/\\\/www.worldrally.eu\\\/index.php\\\/author\\\/admin\\\/#author\",\"url\":\"https:\\\/\\\/www.worldrally.eu\\\/index.php\\\/author\\\/admin\\\/\",\"name\":\"Junior\",\"image\":{\"@type\":\"ImageObject\",\"@id\":\"https:\\\/\\\/www.worldrally.eu\\\/index.php\\\/2024\\\/06\\\/14\\\/solberg-prowadzi-po-porannej-piatkowej-petli\\\/#authorImage\",\"url\":\"https:\\\/\\\/secure.gravatar.com\\\/avatar\\\/5bd369ac0447285dc20b588693ca1756d0179a7f957258050a42a968bf3b9d0a?s=96&d=mm&r=g\",\"width\":96,\"height\":96,\"caption\":\"Junior\"}},{\"@type\":\"WebPage\",\"@id\":\"https:\\\/\\\/www.worldrally.eu\\\/index.php\\\/2024\\\/06\\\/14\\\/solberg-prowadzi-po-porannej-piatkowej-petli\\\/#webpage\",\"url\":\"https:\\\/\\\/www.worldrally.eu\\\/index.php\\\/2024\\\/06\\\/14\\\/solberg-prowadzi-po-porannej-piatkowej-petli\\\/\",\"name\":\"Solberg prowadzi po porannej pi\\u0105tkowej p\\u0119tli. \\u00bb WorldRally.eu\",\"description\":\"Oliver Solberg prowadzi Kr\\u00f3lewskiego Rajdu Skandynawii BAUHAUS po zwyci\\u0119stwie etapowym w trzeciej rundzie Rajdowych Mistrzostw Europy wyprzedzaj\\u0105c obro\\u0144c\\u0119 tytu\\u0142u Paddona o 1,4 sekundy i Martina Sesks o 8,7 sekundy. Pr\\u00f3bowali\\u015bmy przycisn\\u0105\\u0107 nieco wi\\u0119cej w SS3, ale by\\u0142o bardzo \\u015blisko i bardzo trudno. Mam wspomnienia ze jazdy autem Polo z 2023 roku i teraz musz\\u0119 ca\\u0142kowicie\",\"inLanguage\":\"en-GB\",\"isPartOf\":{\"@id\":\"https:\\\/\\\/www.worldrally.eu\\\/#website\"},\"breadcrumb\":{\"@id\":\"https:\\\/\\\/www.worldrally.eu\\\/index.php\\\/2024\\\/06\\\/14\\\/solberg-prowadzi-po-porannej-piatkowej-petli\\\/#breadcrumblist\"},\"author\":{\"@id\":\"https:\\\/\\\/www.worldrally.eu\\\/index.php\\\/author\\\/admin\\\/#author\"},\"creator\":{\"@id\":\"https:\\\/\\\/www.worldrally.eu\\\/index.php\\\/author\\\/admin\\\/#author\"},\"image\":{\"@type\":\"ImageObject\",\"url\":\"https:\\\/\\\/www.worldrally.eu\\\/wp-content\\\/uploads\\\/2024\\\/06\\\/448249332_796110875834538_6639784803885425658_n.jpg\",\"@id\":\"https:\\\/\\\/www.worldrally.eu\\\/index.php\\\/2024\\\/06\\\/14\\\/solberg-prowadzi-po-porannej-piatkowej-petli\\\/#mainImage\",\"width\":2048,\"height\":1365},\"primaryImageOfPage\":{\"@id\":\"https:\\\/\\\/www.worldrally.eu\\\/index.php\\\/2024\\\/06\\\/14\\\/solberg-prowadzi-po-porannej-piatkowej-petli\\\/#mainImage\"},\"datePublished\":\"2024-06-14T13:47:00+00:00\",\"dateModified\":\"2024-06-19T20:57:50+00:00\"},{\"@type\":\"WebSite\",\"@id\":\"https:\\\/\\\/www.worldrally.eu\\\/#website\",\"url\":\"https:\\\/\\\/www.worldrally.eu\\\/\",\"name\":\"WorldRally.eu\",\"inLanguage\":\"en-GB\",\"publisher\":{\"@id\":\"https:\\\/\\\/www.worldrally.eu\\\/#organization\"}}]}\n\t\t<\/script>\n\t\t<!-- All in One SEO -->\n\n","aioseo_head_json":{"title":"Solberg prowadzi po porannej pi\u0105tkowej p\u0119tli. \u00bb WorldRally.eu","description":"Oliver Solberg prowadzi Kr\u00f3lewskiego Rajdu Skandynawii BAUHAUS po zwyci\u0119stwie etapowym w trzeciej rundzie Rajdowych Mistrzostw Europy wyprzedzaj\u0105c obro\u0144c\u0119 tytu\u0142u Paddona o 1,4 sekundy i Martina Sesks o 8,7 sekundy. Pr\u00f3bowali\u015bmy przycisn\u0105\u0107 nieco wi\u0119cej w SS3, ale by\u0142o bardzo \u015blisko i bardzo trudno. Mam wspomnienia ze jazdy autem Polo z 2023 roku i teraz musz\u0119 ca\u0142kowicie","canonical_url":"https:\/\/www.worldrally.eu\/index.php\/2024\/06\/14\/solberg-prowadzi-po-porannej-piatkowej-petli\/","robots":"max-image-preview:large","keywords":"","webmasterTools":{"miscellaneous":""},"schema":{"@context":"https:\/\/schema.org","@graph":[{"@type":"BlogPosting","@id":"https:\/\/www.worldrally.eu\/index.php\/2024\/06\/14\/solberg-prowadzi-po-porannej-piatkowej-petli\/#blogposting","name":"Solberg prowadzi po porannej pi\u0105tkowej p\u0119tli. \u00bb WorldRally.eu","headline":"Solberg prowadzi po porannej pi\u0105tkowej p\u0119tli.","author":{"@id":"https:\/\/www.worldrally.eu\/index.php\/author\/admin\/#author"},"publisher":{"@id":"https:\/\/www.worldrally.eu\/#organization"},"image":{"@type":"ImageObject","url":"https:\/\/www.worldrally.eu\/wp-content\/uploads\/2024\/06\/448249332_796110875834538_6639784803885425658_n.jpg","width":2048,"height":1365},"datePublished":"2024-06-14T13:47:00+00:00","dateModified":"2024-06-19T20:57:50+00:00","inLanguage":"en-GB","mainEntityOfPage":{"@id":"https:\/\/www.worldrally.eu\/index.php\/2024\/06\/14\/solberg-prowadzi-po-porannej-piatkowej-petli\/#webpage"},"isPartOf":{"@id":"https:\/\/www.worldrally.eu\/index.php\/2024\/06\/14\/solberg-prowadzi-po-porannej-piatkowej-petli\/#webpage"},"articleSection":"ERC"},{"@type":"BreadcrumbList","@id":"https:\/\/www.worldrally.eu\/index.php\/2024\/06\/14\/solberg-prowadzi-po-porannej-piatkowej-petli\/#breadcrumblist","itemListElement":[{"@type":"ListItem","@id":"https:\/\/www.worldrally.eu#listItem","position":1,"name":"Home","item":"https:\/\/www.worldrally.eu","nextItem":{"@type":"ListItem","@id":"https:\/\/www.worldrally.eu\/index.php\/category\/erc\/#listItem","name":"ERC"}},{"@type":"ListItem","@id":"https:\/\/www.worldrally.eu\/index.php\/category\/erc\/#listItem","position":2,"name":"ERC","item":"https:\/\/www.worldrally.eu\/index.php\/category\/erc\/","nextItem":{"@type":"ListItem","@id":"https:\/\/www.worldrally.eu\/index.php\/2024\/06\/14\/solberg-prowadzi-po-porannej-piatkowej-petli\/#listItem","name":"Solberg prowadzi po porannej pi\u0105tkowej p\u0119tli."},"previousItem":{"@type":"ListItem","@id":"https:\/\/www.worldrally.eu#listItem","name":"Home"}},{"@type":"ListItem","@id":"https:\/\/www.worldrally.eu\/index.php\/2024\/06\/14\/solberg-prowadzi-po-porannej-piatkowej-petli\/#listItem","position":3,"name":"Solberg prowadzi po porannej pi\u0105tkowej p\u0119tli.","previousItem":{"@type":"ListItem","@id":"https:\/\/www.worldrally.eu\/index.php\/category\/erc\/#listItem","name":"ERC"}}]},{"@type":"Organization","@id":"https:\/\/www.worldrally.eu\/#organization","name":"WorldRally.eu","url":"https:\/\/www.worldrally.eu\/","logo":{"@type":"ImageObject","url":"https:\/\/www.worldrally.eu\/wp-content\/uploads\/2026\/01\/cropped-logo-3.png","@id":"https:\/\/www.worldrally.eu\/index.php\/2024\/06\/14\/solberg-prowadzi-po-porannej-piatkowej-petli\/#organizationLogo","width":2039,"height":756},"image":{"@id":"https:\/\/www.worldrally.eu\/index.php\/2024\/06\/14\/solberg-prowadzi-po-porannej-piatkowej-petli\/#organizationLogo"}},{"@type":"Person","@id":"https:\/\/www.worldrally.eu\/index.php\/author\/admin\/#author","url":"https:\/\/www.worldrally.eu\/index.php\/author\/admin\/","name":"Junior","image":{"@type":"ImageObject","@id":"https:\/\/www.worldrally.eu\/index.php\/2024\/06\/14\/solberg-prowadzi-po-porannej-piatkowej-petli\/#authorImage","url":"https:\/\/secure.gravatar.com\/avatar\/5bd369ac0447285dc20b588693ca1756d0179a7f957258050a42a968bf3b9d0a?s=96&d=mm&r=g","width":96,"height":96,"caption":"Junior"}},{"@type":"WebPage","@id":"https:\/\/www.worldrally.eu\/index.php\/2024\/06\/14\/solberg-prowadzi-po-porannej-piatkowej-petli\/#webpage","url":"https:\/\/www.worldrally.eu\/index.php\/2024\/06\/14\/solberg-prowadzi-po-porannej-piatkowej-petli\/","name":"Solberg prowadzi po porannej pi\u0105tkowej p\u0119tli. \u00bb WorldRally.eu","description":"Oliver Solberg prowadzi Kr\u00f3lewskiego Rajdu Skandynawii BAUHAUS po zwyci\u0119stwie etapowym w trzeciej rundzie Rajdowych Mistrzostw Europy wyprzedzaj\u0105c obro\u0144c\u0119 tytu\u0142u Paddona o 1,4 sekundy i Martina Sesks o 8,7 sekundy. Pr\u00f3bowali\u015bmy przycisn\u0105\u0107 nieco wi\u0119cej w SS3, ale by\u0142o bardzo \u015blisko i bardzo trudno. Mam wspomnienia ze jazdy autem Polo z 2023 roku i teraz musz\u0119 ca\u0142kowicie","inLanguage":"en-GB","isPartOf":{"@id":"https:\/\/www.worldrally.eu\/#website"},"breadcrumb":{"@id":"https:\/\/www.worldrally.eu\/index.php\/2024\/06\/14\/solberg-prowadzi-po-porannej-piatkowej-petli\/#breadcrumblist"},"author":{"@id":"https:\/\/www.worldrally.eu\/index.php\/author\/admin\/#author"},"creator":{"@id":"https:\/\/www.worldrally.eu\/index.php\/author\/admin\/#author"},"image":{"@type":"ImageObject","url":"https:\/\/www.worldrally.eu\/wp-content\/uploads\/2024\/06\/448249332_796110875834538_6639784803885425658_n.jpg","@id":"https:\/\/www.worldrally.eu\/index.php\/2024\/06\/14\/solberg-prowadzi-po-porannej-piatkowej-petli\/#mainImage","width":2048,"height":1365},"primaryImageOfPage":{"@id":"https:\/\/www.worldrally.eu\/index.php\/2024\/06\/14\/solberg-prowadzi-po-porannej-piatkowej-petli\/#mainImage"},"datePublished":"2024-06-14T13:47:00+00:00","dateModified":"2024-06-19T20:57:50+00:00"},{"@type":"WebSite","@id":"https:\/\/www.worldrally.eu\/#website","url":"https:\/\/www.worldrally.eu\/","name":"WorldRally.eu","inLanguage":"en-GB","publisher":{"@id":"https:\/\/www.worldrally.eu\/#organization"}}]},"og:locale":"en_GB","og:site_name":"WorldRally.eu \u00bb","og:type":"article","og:title":"Solberg prowadzi po porannej pi\u0105tkowej p\u0119tli. \u00bb WorldRally.eu","og:description":"Oliver Solberg prowadzi Kr\u00f3lewskiego Rajdu Skandynawii BAUHAUS po zwyci\u0119stwie etapowym w trzeciej rundzie Rajdowych Mistrzostw Europy wyprzedzaj\u0105c obro\u0144c\u0119 tytu\u0142u Paddona o 1,4 sekundy i Martina Sesks o 8,7 sekundy. Pr\u00f3bowali\u015bmy przycisn\u0105\u0107 nieco wi\u0119cej w SS3, ale by\u0142o bardzo \u015blisko i bardzo trudno. Mam wspomnienia ze jazdy autem Polo z 2023 roku i teraz musz\u0119 ca\u0142kowicie","og:url":"https:\/\/www.worldrally.eu\/index.php\/2024\/06\/14\/solberg-prowadzi-po-porannej-piatkowej-petli\/","og:image":"https:\/\/www.worldrally.eu\/wp-content\/uploads\/2024\/06\/448249332_796110875834538_6639784803885425658_n.jpg","og:image:secure_url":"https:\/\/www.worldrally.eu\/wp-content\/uploads\/2024\/06\/448249332_796110875834538_6639784803885425658_n.jpg","og:image:width":2048,"og:image:height":1365,"article:published_time":"2024-06-14T13:47:00+00:00","article:modified_time":"2024-06-19T20:57:50+00:00","twitter:card":"summary_large_image","twitter:title":"Solberg prowadzi po porannej pi\u0105tkowej p\u0119tli. \u00bb WorldRally.eu","twitter:description":"Oliver Solberg prowadzi Kr\u00f3lewskiego Rajdu Skandynawii BAUHAUS po zwyci\u0119stwie etapowym w trzeciej rundzie Rajdowych Mistrzostw Europy wyprzedzaj\u0105c obro\u0144c\u0119 tytu\u0142u Paddona o 1,4 sekundy i Martina Sesks o 8,7 sekundy. Pr\u00f3bowali\u015bmy przycisn\u0105\u0107 nieco wi\u0119cej w SS3, ale by\u0142o bardzo \u015blisko i bardzo trudno. Mam wspomnienia ze jazdy autem Polo z 2023 roku i teraz musz\u0119 ca\u0142kowicie","twitter:image":"https:\/\/www.worldrally.eu\/wp-content\/uploads\/2024\/06\/448249332_796110875834538_6639784803885425658_n.jpg"},"aioseo_meta_data":{"post_id":"2904","title":null,"description":null,"keywords":null,"keyphrases":null,"primary_term":null,"canonical_url":null,"og_title":null,"og_description":null,"og_object_type":"default","og_image_type":"default","og_image_url":null,"og_image_width":null,"og_image_height":null,"og_image_custom_url":null,"og_image_custom_fields":null,"og_video":null,"og_custom_url":null,"og_article_section":null,"og_article_tags":null,"twitter_use_og":false,"twitter_card":"default","twitter_image_type":"default","twitter_image_url":null,"twitter_image_custom_url":null,"twitter_image_custom_fields":null,"twitter_title":null,"twitter_description":null,"schema":{"blockGraphs":[],"customGraphs":[],"default":{"data":{"Article":[],"Course":[],"Dataset":[],"FAQPage":[],"Movie":[],"Person":[],"Product":[],"ProductReview":[],"Car":[],"Recipe":[],"Service":[],"SoftwareApplication":[],"WebPage":[]},"graphName":"","isEnabled":true},"graphs":[]},"schema_type":"default","schema_type_options":null,"pillar_content":false,"robots_default":true,"robots_noindex":false,"robots_noarchive":false,"robots_nosnippet":false,"robots_nofollow":false,"robots_noimageindex":false,"robots_noodp":false,"robots_notranslate":false,"robots_max_snippet":null,"robots_max_videopreview":null,"robots_max_imagepreview":"large","priority":null,"frequency":null,"local_seo":null,"breadcrumb_settings":null,"limit_modified_date":false,"ai":null,"created":"2025-03-22 06:45:08","updated":"2025-10-26 13:15:00","seo_analyzer_scan_date":null},"aioseo_breadcrumb":"<div class=\"aioseo-breadcrumbs\"><span class=\"aioseo-breadcrumb\">\n\t\t\t<a href=\"https:\/\/www.worldrally.eu\" title=\"Home\">Home<\/a>\n\t\t<\/span><span class=\"aioseo-breadcrumb-separator\">&raquo;<\/span><span class=\"aioseo-breadcrumb\">\n\t\t\t<a href=\"https:\/\/www.worldrally.eu\/index.php\/category\/erc\/\" title=\"ERC\">ERC<\/a>\n\t\t<\/span><span class=\"aioseo-breadcrumb-separator\">&raquo;<\/span><span class=\"aioseo-breadcrumb\">\n\t\t\tSolberg prowadzi po porannej pi\u0105tkowej p\u0119tli.\n\t\t<\/span><\/div>","aioseo_breadcrumb_json":[{"label":"Home","link":"https:\/\/www.worldrally.eu"},{"label":"ERC","link":"https:\/\/www.worldrally.eu\/index.php\/category\/erc\/"},{"label":"Solberg prowadzi po porannej pi\u0105tkowej p\u0119tli.","link":"https:\/\/www.worldrally.eu\/index.php\/2024\/06\/14\/solberg-prowadzi-po-porannej-piatkowej-petli\/"}],"cc_featured_image_caption":{"caption_text":"Foto - PhotoMS","source_text":"","source_url":""},"_links":{"self":[{"href":"https:\/\/www.worldrally.eu\/index.php\/wp-json\/wp\/v2\/posts\/2904","targetHints":{"allow":["GET"]}}],"collection":[{"href":"https:\/\/www.worldrally.eu\/index.php\/wp-json\/wp\/v2\/posts"}],"about":[{"href":"https:\/\/www.worldrally.eu\/index.php\/wp-json\/wp\/v2\/types\/post"}],"author":[{"embeddable":true,"href":"https:\/\/www.worldrally.eu\/index.php\/wp-json\/wp\/v2\/users\/1"}],"replies":[{"embeddable":true,"href":"https:\/\/www.worldrally.eu\/index.php\/wp-json\/wp\/v2\/comments?post=2904"}],"version-history":[{"count":1,"href":"https:\/\/www.worldrally.eu\/index.php\/wp-json\/wp\/v2\/posts\/2904\/revisions"}],"predecessor-version":[{"id":2907,"href":"https:\/\/www.worldrally.eu\/index.php\/wp-json\/wp\/v2\/posts\/2904\/revisions\/2907"}],"wp:featuredmedia":[{"embeddable":true,"href":"https:\/\/www.worldrally.eu\/index.php\/wp-json\/wp\/v2\/media\/2905"}],"wp:attachment":[{"href":"https:\/\/www.worldrally.eu\/index.php\/wp-json\/wp\/v2\/media?parent=2904"}],"wp:term":[{"taxonomy":"category","embeddable":true,"href":"https:\/\/www.worldrally.eu\/index.php\/wp-json\/wp\/v2\/categories?post=2904"},{"taxonomy":"post_tag","embeddable":true,"href":"https:\/\/www.worldrally.eu\/index.php\/wp-json\/wp\/v2\/tags?post=2904"}],"curies":[{"name":"wp","href":"https:\/\/api.w.org\/{rel}","templated":true}]}}