{"id":289,"date":"2023-02-15T19:01:15","date_gmt":"2023-02-15T19:01:15","guid":{"rendered":"https:\/\/www.worldrally.eu\/?p=289"},"modified":"2023-02-15T19:01:16","modified_gmt":"2023-02-15T19:01:16","slug":"linnamae-o-starcie-w-erc","status":"publish","type":"post","link":"https:\/\/www.worldrally.eu\/index.php\/2023\/02\/15\/linnamae-o-starcie-w-erc\/","title":{"rendered":"Linnam\u00e4e o starcie w ERC"},"content":{"rendered":"\n<p>Georg Linnam\u00e4e zapowiedzia\u0142, \u017ce przygotowuje si\u0119 do powrotu na scen\u0119 Europejska,a jego g\u0142\u00f3wnym planem jest wzi\u0119cie udzia\u0142u w otwieraj\u0105cym sezon FIA Rajdowych Mistrzostwach Europy Rally Serras de Fafe.<\/p>\n\n\n\n<p>Kierowca po Rajdzie Szwecji potwierdzi\u0142 plany powrotu na szutrow\u0105 imprez\u0119 w p\u00f3\u0142nocnej Portugalii, jednak\u017ce tym razem zasi\u0105dzie w Hyundaia i20 N Rally2, prowadzonego przez esto\u0144ski zesp\u00f3\u0142 RedGrey.<\/p>\n\n\n\n<p><em>\u201eG\u0142\u00f3wnym celem jest przygotowanie si\u0119 do Rajdu Portugalii i by\u0107 mo\u017ce mamy zaplanowane jeszcze jedno lub dwa zawody w ERC, kt\u00f3re b\u0119d\u0105 s\u0142u\u017cy\u0107 jako rozgrzewka przed wydarzeniami WRC \u201d<\/em>&#8211; powiedzia\u0142 Linnam\u00e4e.<\/p>\n\n\n\n<p><em> \u201eOdcinki w Portugalii s\u0105 do\u015b\u0107 podobne, a niekt\u00f3re s\u0105 takie same, wi\u0119c to dobra okazja, aby przygotowa\u0107 si\u0119<\/em>. <em>Musz\u0119 pami\u0119ta\u0107, \u017ce mam nowy samoch\u00f3d, kt\u00f3rym jeszcze nie mia\u0142em okazji odpowiednio je\u017adzi\u0107 po szutrze. To tak\u017ce nasz pierwszy rok z nowym zespo\u0142em i wci\u0105\u017c poznajemy wszystkich, wi\u0119c nie wywieramy na sobie zbyt du\u017cej presji, aby uzyska\u0107 bardzo dobry wynik. Ale na pewno, je\u015bli warunki b\u0119d\u0105 odpowiednie, chcia\u0142bym walczy\u0107 o zwyci\u0119stwo&#8221;<\/em><\/p>\n\n\n\n<p>Otwarcie sezony zapowiada si\u0119 bardzo ciekawie i w niezmiernie mocnej obsadzie, gdzie miedzy innymi pojedzie Craig Breen, kt\u00f3ry uko\u0144czy\u0142 Rajd Szwecji na drugim miejscu w klasyfikacji generalnej oraz Tom Kristensson obecny Mistrz Polski, kt\u00f3ry b\u0119dzie debiutowa\u0142 w startach ERC  autem Citroenie C3 Rally2 razem z Tagai Racing Technology.<\/p>\n","protected":false},"excerpt":{"rendered":"<p>Georg Linnam\u00e4e zapowiedzia\u0142, \u017ce przygotowuje si\u0119 do powrotu na scen\u0119 Europejska,a jego g\u0142\u00f3wnym planem jest wzi\u0119cie udzia\u0142u w otwieraj\u0105cym sezon FIA Rajdowych Mistrzostwach Europy Rally Serras de Fafe. Kierowca po Rajdzie Szwecji potwierdzi\u0142 plany powrotu na szutrow\u0105 imprez\u0119 w p\u00f3\u0142nocnej Portugalii, jednak\u017ce tym razem zasi\u0105dzie w Hyundaia i20 N Rally2, prowadzonego przez esto\u0144ski zesp\u00f3\u0142 RedGrey. [&hellip;]<\/p>\n","protected":false},"author":2,"featured_media":290,"comment_status":"closed","ping_status":"closed","sticky":false,"template":"","format":"standard","meta":{"footnotes":""},"categories":[4],"tags":[],"class_list":["post-289","post","type-post","status-publish","format-standard","has-post-thumbnail","hentry","category-erc"],"aioseo_notices":[],"cc_featured_image_caption":{"caption_text":"FOTO: WRC.com","source_text":"","source_url":""},"_links":{"self":[{"href":"https:\/\/www.worldrally.eu\/index.php\/wp-json\/wp\/v2\/posts\/289","targetHints":{"allow":["GET"]}}],"collection":[{"href":"https:\/\/www.worldrally.eu\/index.php\/wp-json\/wp\/v2\/posts"}],"about":[{"href":"https:\/\/www.worldrally.eu\/index.php\/wp-json\/wp\/v2\/types\/post"}],"author":[{"embeddable":true,"href":"https:\/\/www.worldrally.eu\/index.php\/wp-json\/wp\/v2\/users\/2"}],"replies":[{"embeddable":true,"href":"https:\/\/www.worldrally.eu\/index.php\/wp-json\/wp\/v2\/comments?post=289"}],"version-history":[{"count":1,"href":"https:\/\/www.worldrally.eu\/index.php\/wp-json\/wp\/v2\/posts\/289\/revisions"}],"predecessor-version":[{"id":291,"href":"https:\/\/www.worldrally.eu\/index.php\/wp-json\/wp\/v2\/posts\/289\/revisions\/291"}],"wp:featuredmedia":[{"embeddable":true,"href":"https:\/\/www.worldrally.eu\/index.php\/wp-json\/wp\/v2\/media\/290"}],"wp:attachment":[{"href":"https:\/\/www.worldrally.eu\/index.php\/wp-json\/wp\/v2\/media?parent=289"}],"wp:term":[{"taxonomy":"category","embeddable":true,"href":"https:\/\/www.worldrally.eu\/index.php\/wp-json\/wp\/v2\/categories?post=289"},{"taxonomy":"post_tag","embeddable":true,"href":"https:\/\/www.worldrally.eu\/index.php\/wp-json\/wp\/v2\/tags?post=289"}],"curies":[{"name":"wp","href":"https:\/\/api.w.org\/{rel}","templated":true}]}}