{"id":2765,"date":"2024-04-30T14:56:39","date_gmt":"2024-04-30T14:56:39","guid":{"rendered":"https:\/\/www.worldrally.eu\/?p=2765"},"modified":"2024-04-30T14:56:40","modified_gmt":"2024-04-30T14:56:40","slug":"erc-rally-islas-canarias-duza-konkurencja","status":"publish","type":"post","link":"https:\/\/www.worldrally.eu\/index.php\/2024\/04\/30\/erc-rally-islas-canarias-duza-konkurencja\/","title":{"rendered":"ERC Rally Islas Canarias du\u017ca konkurencja."},"content":{"rendered":"\n<p class=\"wp-block-paragraph\">Rajd Wysp Kanaryjskich, jest drug\u0105 rund\u0105 Rajdowymi Mistrzostwami Europy FIA i zainteresowanie t\u0105 imprez\u0105 okaza\u0142o si\u0119 bardzo po\u017c\u0105dane po\u015br\u00f3d kierowc\u00f3w nie tylko ze stawki ERC.<\/p>\n\n\n\n<p class=\"wp-block-paragraph\">Na starcie zobaczymy a\u017c 32 samochody klasy Rally 2 a w \u015br\u00f3d nich ponownie b\u0119dzie mo\u017cna zobaczy\u0107 w aucie Ford przygotowanym przez M-Spot Poland Jon Amstronga, kt\u00f3ry b\u0119dzie rywalizowa\u0142 mi\u0119dzy innymi z Erik Cais, Miko Marczyk, Andrea Mabellini, Filip Mare\u0161 zamykaj\u0105 10 najlepszych zg\u0142osze\u0144 ERC, a M\u0101rti\u0146\u0161 Sesks, Mads \u00d8stberg i dwukrotny mistrz ERC Alexey Lukyanuk \u2013 trzykrotny zwyci\u0119zca Rajdu Wysp Kanaryjskich.<\/p>\n\n\n\n<figure class=\"wp-block-image size-large\"><img fetchpriority=\"high\" decoding=\"async\" width=\"1024\" height=\"683\" src=\"https:\/\/www.worldrally.eu\/wp-content\/uploads\/2024\/04\/WRC-Croatian-Rally-3-1024x683.jpg\" alt=\"\" class=\"wp-image-2768\" srcset=\"https:\/\/www.worldrally.eu\/wp-content\/uploads\/2024\/04\/WRC-Croatian-Rally-3-1024x683.jpg 1024w, https:\/\/www.worldrally.eu\/wp-content\/uploads\/2024\/04\/WRC-Croatian-Rally-3-300x200.jpg 300w, https:\/\/www.worldrally.eu\/wp-content\/uploads\/2024\/04\/WRC-Croatian-Rally-3-768x512.jpg 768w, https:\/\/www.worldrally.eu\/wp-content\/uploads\/2024\/04\/WRC-Croatian-Rally-3-1536x1024.jpg 1536w, https:\/\/www.worldrally.eu\/wp-content\/uploads\/2024\/04\/WRC-Croatian-Rally-3-446x297.jpg 446w, https:\/\/www.worldrally.eu\/wp-content\/uploads\/2024\/04\/WRC-Croatian-Rally-3.jpg 1620w\" sizes=\"(max-width: 1024px) 100vw, 1024px\" \/><figcaption class=\"wp-element-caption\">Foto &#8211; TG MotorPhoto<\/figcaption><\/figure>\n\n\n\n<p class=\"wp-block-paragraph\">Hayden Paddon pojedzie autem Hyundai i20 N Rally2 przygotowanym przez BRC Racing Team. Kilku czo\u0142owych zawodnik\u00f3w z Supercampeonato de Espa\u00f1a de Rallyes we\u017amie udzia\u0142 w Rajdzie Wysp Kanaryjskich, aby zmierzy\u0107 si\u0119 z regularnymi zawodnikami ERC. <\/p>\n\n\n\n<p class=\"wp-block-paragraph\">Czternastu zawodnik\u00f3w Junior ERC zg\u0142osi\u0142o si\u0119 do Rajdu Wysp Kanaryjskich z Maxem McRae na czele po jego prze\u0142omowym zwyci\u0119stwie w Rajdzie W\u0119gier, kt\u00f3ry b\u0119dzie rywalizowa\u0142 z Jack Brennan, Calle Carlberg, Patrik Herczig, Mille Johansson, Liam M\u00fcller, Geronimo Nerobutto, Davide Pesavento , Aoife Raftery, Timo Schulz, Karl-Markus Sei, Aleksandar Tomov i Mattia Zanin r\u00f3wnie\u017c bior\u0105 udzia\u0142 w pe\u0142nej talent\u00f3w grupie Junior ERC.<\/p>\n\n\n\n<p class=\"wp-block-paragraph\">Pe\u0142na lista zg\u0142osze\u0144 znajduje si\u0119 <strong><a href=\"https:\/\/enhance-storage-stack-prod-wrcmediafilestorage-g3z2hg3urwff.s3.amazonaws.com\/fbde257e-4df2-48aa-ba73-8493abc27ef8_rally-islas-canarias-entry-list.pdf\" target=\"_blank\" rel=\"noreferrer noopener\">&#8211;>TUTAJ&lt;&#8211;<\/a><\/strong><\/p>\n","protected":false},"excerpt":{"rendered":"<p>Rajd Wysp Kanaryjskich, jest drug\u0105 rund\u0105 Rajdowymi Mistrzostwami Europy FIA i zainteresowanie t\u0105 imprez\u0105 okaza\u0142o si\u0119 bardzo po\u017c\u0105dane po\u015br\u00f3d kierowc\u00f3w nie tylko ze stawki ERC. Na starcie zobaczymy a\u017c 32 samochody klasy Rally 2 a w \u015br\u00f3d nich ponownie b\u0119dzie mo\u017cna zobaczy\u0107 w aucie Ford przygotowanym przez M-Spot Poland Jon Amstronga, kt\u00f3ry b\u0119dzie rywalizowa\u0142 mi\u0119dzy [&hellip;]<\/p>\n","protected":false},"author":2,"featured_media":2767,"comment_status":"closed","ping_status":"closed","sticky":false,"template":"","format":"standard","meta":{"_monsterinsights_skip_tracking":false,"_monsterinsights_sitenote_active":false,"_monsterinsights_sitenote_note":"","_monsterinsights_sitenote_category":0,"footnotes":""},"categories":[4],"tags":[],"class_list":["post-2765","post","type-post","status-publish","format-standard","has-post-thumbnail","hentry","category-erc"],"aioseo_notices":[],"aioseo_head":"\n\t\t<!-- All in One SEO 4.9.9 - aioseo.com -->\n\t<meta name=\"description\" content=\"Rajd Wysp Kanaryjskich, jest drug\u0105 rund\u0105 Rajdowymi Mistrzostwami Europy FIA i zainteresowanie t\u0105 imprez\u0105 okaza\u0142o si\u0119 bardzo po\u017c\u0105dane po\u015br\u00f3d kierowc\u00f3w nie tylko ze stawki ERC. Na starcie zobaczymy a\u017c 32 samochody klasy Rally 2 a w \u015br\u00f3d nich ponownie b\u0119dzie mo\u017cna zobaczy\u0107 w aucie Ford przygotowanym przez M-Spot Poland Jon Amstronga, kt\u00f3ry b\u0119dzie rywalizowa\u0142 mi\u0119dzy\" \/>\n\t<meta name=\"robots\" content=\"max-image-preview:large\" \/>\n\t<meta name=\"author\" content=\"Magdalena\"\/>\n\t<link rel=\"canonical\" href=\"https:\/\/www.worldrally.eu\/index.php\/2024\/04\/30\/erc-rally-islas-canarias-duza-konkurencja\/\" \/>\n\t<meta name=\"generator\" content=\"All in One SEO (AIOSEO) 4.9.9\" \/>\n\t\t<meta property=\"og:locale\" content=\"en_GB\" \/>\n\t\t<meta property=\"og:site_name\" content=\"WorldRally.eu \u00bb\" \/>\n\t\t<meta property=\"og:type\" content=\"article\" \/>\n\t\t<meta property=\"og:title\" content=\"ERC Rally Islas Canarias du\u017ca konkurencja. \u00bb WorldRally.eu\" \/>\n\t\t<meta property=\"og:description\" content=\"Rajd Wysp Kanaryjskich, jest drug\u0105 rund\u0105 Rajdowymi Mistrzostwami Europy FIA i zainteresowanie t\u0105 imprez\u0105 okaza\u0142o si\u0119 bardzo po\u017c\u0105dane po\u015br\u00f3d kierowc\u00f3w nie tylko ze stawki ERC. Na starcie zobaczymy a\u017c 32 samochody klasy Rally 2 a w \u015br\u00f3d nich ponownie b\u0119dzie mo\u017cna zobaczy\u0107 w aucie Ford przygotowanym przez M-Spot Poland Jon Amstronga, kt\u00f3ry b\u0119dzie rywalizowa\u0142 mi\u0119dzy\" \/>\n\t\t<meta property=\"og:url\" content=\"https:\/\/www.worldrally.eu\/index.php\/2024\/04\/30\/erc-rally-islas-canarias-duza-konkurencja\/\" \/>\n\t\t<meta property=\"og:image\" content=\"https:\/\/www.worldrally.eu\/wp-content\/uploads\/2024\/04\/WRC-Croatian-Rally.jpg\" \/>\n\t\t<meta property=\"og:image:secure_url\" content=\"https:\/\/www.worldrally.eu\/wp-content\/uploads\/2024\/04\/WRC-Croatian-Rally.jpg\" \/>\n\t\t<meta property=\"og:image:width\" content=\"1620\" \/>\n\t\t<meta property=\"og:image:height\" content=\"1080\" \/>\n\t\t<meta property=\"article:published_time\" content=\"2024-04-30T14:56:39+00:00\" \/>\n\t\t<meta property=\"article:modified_time\" content=\"2024-04-30T14:56:40+00:00\" \/>\n\t\t<meta name=\"twitter:card\" content=\"summary_large_image\" \/>\n\t\t<meta name=\"twitter:title\" content=\"ERC Rally Islas Canarias du\u017ca konkurencja. \u00bb WorldRally.eu\" \/>\n\t\t<meta name=\"twitter:description\" content=\"Rajd Wysp Kanaryjskich, jest drug\u0105 rund\u0105 Rajdowymi Mistrzostwami Europy FIA i zainteresowanie t\u0105 imprez\u0105 okaza\u0142o si\u0119 bardzo po\u017c\u0105dane po\u015br\u00f3d kierowc\u00f3w nie tylko ze stawki ERC. Na starcie zobaczymy a\u017c 32 samochody klasy Rally 2 a w \u015br\u00f3d nich ponownie b\u0119dzie mo\u017cna zobaczy\u0107 w aucie Ford przygotowanym przez M-Spot Poland Jon Amstronga, kt\u00f3ry b\u0119dzie rywalizowa\u0142 mi\u0119dzy\" \/>\n\t\t<meta name=\"twitter:image\" content=\"https:\/\/www.worldrally.eu\/wp-content\/uploads\/2024\/04\/WRC-Croatian-Rally.jpg\" \/>\n\t\t<script type=\"application\/ld+json\" class=\"aioseo-schema\">\n\t\t\t{\"@context\":\"https:\\\/\\\/schema.org\",\"@graph\":[{\"@type\":\"BlogPosting\",\"@id\":\"https:\\\/\\\/www.worldrally.eu\\\/index.php\\\/2024\\\/04\\\/30\\\/erc-rally-islas-canarias-duza-konkurencja\\\/#blogposting\",\"name\":\"ERC Rally Islas Canarias du\\u017ca konkurencja. \\u00bb WorldRally.eu\",\"headline\":\"ERC Rally Islas Canarias du\\u017ca konkurencja.\",\"author\":{\"@id\":\"https:\\\/\\\/www.worldrally.eu\\\/index.php\\\/author\\\/magdalena\\\/#author\"},\"publisher\":{\"@id\":\"https:\\\/\\\/www.worldrally.eu\\\/#organization\"},\"image\":{\"@type\":\"ImageObject\",\"url\":\"https:\\\/\\\/www.worldrally.eu\\\/wp-content\\\/uploads\\\/2024\\\/04\\\/WRC-Croatian-Rally.jpg\",\"width\":1620,\"height\":1080},\"datePublished\":\"2024-04-30T14:56:39+00:00\",\"dateModified\":\"2024-04-30T14:56:40+00:00\",\"inLanguage\":\"en-GB\",\"mainEntityOfPage\":{\"@id\":\"https:\\\/\\\/www.worldrally.eu\\\/index.php\\\/2024\\\/04\\\/30\\\/erc-rally-islas-canarias-duza-konkurencja\\\/#webpage\"},\"isPartOf\":{\"@id\":\"https:\\\/\\\/www.worldrally.eu\\\/index.php\\\/2024\\\/04\\\/30\\\/erc-rally-islas-canarias-duza-konkurencja\\\/#webpage\"},\"articleSection\":\"ERC\"},{\"@type\":\"BreadcrumbList\",\"@id\":\"https:\\\/\\\/www.worldrally.eu\\\/index.php\\\/2024\\\/04\\\/30\\\/erc-rally-islas-canarias-duza-konkurencja\\\/#breadcrumblist\",\"itemListElement\":[{\"@type\":\"ListItem\",\"@id\":\"https:\\\/\\\/www.worldrally.eu#listItem\",\"position\":1,\"name\":\"Home\",\"item\":\"https:\\\/\\\/www.worldrally.eu\",\"nextItem\":{\"@type\":\"ListItem\",\"@id\":\"https:\\\/\\\/www.worldrally.eu\\\/index.php\\\/category\\\/erc\\\/#listItem\",\"name\":\"ERC\"}},{\"@type\":\"ListItem\",\"@id\":\"https:\\\/\\\/www.worldrally.eu\\\/index.php\\\/category\\\/erc\\\/#listItem\",\"position\":2,\"name\":\"ERC\",\"item\":\"https:\\\/\\\/www.worldrally.eu\\\/index.php\\\/category\\\/erc\\\/\",\"nextItem\":{\"@type\":\"ListItem\",\"@id\":\"https:\\\/\\\/www.worldrally.eu\\\/index.php\\\/2024\\\/04\\\/30\\\/erc-rally-islas-canarias-duza-konkurencja\\\/#listItem\",\"name\":\"ERC Rally Islas Canarias du\\u017ca konkurencja.\"},\"previousItem\":{\"@type\":\"ListItem\",\"@id\":\"https:\\\/\\\/www.worldrally.eu#listItem\",\"name\":\"Home\"}},{\"@type\":\"ListItem\",\"@id\":\"https:\\\/\\\/www.worldrally.eu\\\/index.php\\\/2024\\\/04\\\/30\\\/erc-rally-islas-canarias-duza-konkurencja\\\/#listItem\",\"position\":3,\"name\":\"ERC Rally Islas Canarias du\\u017ca konkurencja.\",\"previousItem\":{\"@type\":\"ListItem\",\"@id\":\"https:\\\/\\\/www.worldrally.eu\\\/index.php\\\/category\\\/erc\\\/#listItem\",\"name\":\"ERC\"}}]},{\"@type\":\"Organization\",\"@id\":\"https:\\\/\\\/www.worldrally.eu\\\/#organization\",\"name\":\"WorldRally.eu\",\"url\":\"https:\\\/\\\/www.worldrally.eu\\\/\",\"logo\":{\"@type\":\"ImageObject\",\"url\":\"https:\\\/\\\/www.worldrally.eu\\\/wp-content\\\/uploads\\\/2026\\\/01\\\/cropped-logo-3.png\",\"@id\":\"https:\\\/\\\/www.worldrally.eu\\\/index.php\\\/2024\\\/04\\\/30\\\/erc-rally-islas-canarias-duza-konkurencja\\\/#organizationLogo\",\"width\":2039,\"height\":756},\"image\":{\"@id\":\"https:\\\/\\\/www.worldrally.eu\\\/index.php\\\/2024\\\/04\\\/30\\\/erc-rally-islas-canarias-duza-konkurencja\\\/#organizationLogo\"}},{\"@type\":\"Person\",\"@id\":\"https:\\\/\\\/www.worldrally.eu\\\/index.php\\\/author\\\/magdalena\\\/#author\",\"url\":\"https:\\\/\\\/www.worldrally.eu\\\/index.php\\\/author\\\/magdalena\\\/\",\"name\":\"Magdalena\",\"image\":{\"@type\":\"ImageObject\",\"@id\":\"https:\\\/\\\/www.worldrally.eu\\\/index.php\\\/2024\\\/04\\\/30\\\/erc-rally-islas-canarias-duza-konkurencja\\\/#authorImage\",\"url\":\"https:\\\/\\\/secure.gravatar.com\\\/avatar\\\/853239b46cec38ba30b48d2b091f5538817cc78bdc0944c9ef7408579307e2ea?s=96&d=mm&r=g\",\"width\":96,\"height\":96,\"caption\":\"Magdalena\"}},{\"@type\":\"WebPage\",\"@id\":\"https:\\\/\\\/www.worldrally.eu\\\/index.php\\\/2024\\\/04\\\/30\\\/erc-rally-islas-canarias-duza-konkurencja\\\/#webpage\",\"url\":\"https:\\\/\\\/www.worldrally.eu\\\/index.php\\\/2024\\\/04\\\/30\\\/erc-rally-islas-canarias-duza-konkurencja\\\/\",\"name\":\"ERC Rally Islas Canarias du\\u017ca konkurencja. \\u00bb WorldRally.eu\",\"description\":\"Rajd Wysp Kanaryjskich, jest drug\\u0105 rund\\u0105 Rajdowymi Mistrzostwami Europy FIA i zainteresowanie t\\u0105 imprez\\u0105 okaza\\u0142o si\\u0119 bardzo po\\u017c\\u0105dane po\\u015br\\u00f3d kierowc\\u00f3w nie tylko ze stawki ERC. Na starcie zobaczymy a\\u017c 32 samochody klasy Rally 2 a w \\u015br\\u00f3d nich ponownie b\\u0119dzie mo\\u017cna zobaczy\\u0107 w aucie Ford przygotowanym przez M-Spot Poland Jon Amstronga, kt\\u00f3ry b\\u0119dzie rywalizowa\\u0142 mi\\u0119dzy\",\"inLanguage\":\"en-GB\",\"isPartOf\":{\"@id\":\"https:\\\/\\\/www.worldrally.eu\\\/#website\"},\"breadcrumb\":{\"@id\":\"https:\\\/\\\/www.worldrally.eu\\\/index.php\\\/2024\\\/04\\\/30\\\/erc-rally-islas-canarias-duza-konkurencja\\\/#breadcrumblist\"},\"author\":{\"@id\":\"https:\\\/\\\/www.worldrally.eu\\\/index.php\\\/author\\\/magdalena\\\/#author\"},\"creator\":{\"@id\":\"https:\\\/\\\/www.worldrally.eu\\\/index.php\\\/author\\\/magdalena\\\/#author\"},\"image\":{\"@type\":\"ImageObject\",\"url\":\"https:\\\/\\\/www.worldrally.eu\\\/wp-content\\\/uploads\\\/2024\\\/04\\\/WRC-Croatian-Rally.jpg\",\"@id\":\"https:\\\/\\\/www.worldrally.eu\\\/index.php\\\/2024\\\/04\\\/30\\\/erc-rally-islas-canarias-duza-konkurencja\\\/#mainImage\",\"width\":1620,\"height\":1080},\"primaryImageOfPage\":{\"@id\":\"https:\\\/\\\/www.worldrally.eu\\\/index.php\\\/2024\\\/04\\\/30\\\/erc-rally-islas-canarias-duza-konkurencja\\\/#mainImage\"},\"datePublished\":\"2024-04-30T14:56:39+00:00\",\"dateModified\":\"2024-04-30T14:56:40+00:00\"},{\"@type\":\"WebSite\",\"@id\":\"https:\\\/\\\/www.worldrally.eu\\\/#website\",\"url\":\"https:\\\/\\\/www.worldrally.eu\\\/\",\"name\":\"WorldRally.eu\",\"inLanguage\":\"en-GB\",\"publisher\":{\"@id\":\"https:\\\/\\\/www.worldrally.eu\\\/#organization\"}}]}\n\t\t<\/script>\n\t\t<!-- All in One SEO -->\n\n","aioseo_head_json":{"title":"ERC Rally Islas Canarias du\u017ca konkurencja. \u00bb WorldRally.eu","description":"Rajd Wysp Kanaryjskich, jest drug\u0105 rund\u0105 Rajdowymi Mistrzostwami Europy FIA i zainteresowanie t\u0105 imprez\u0105 okaza\u0142o si\u0119 bardzo po\u017c\u0105dane po\u015br\u00f3d kierowc\u00f3w nie tylko ze stawki ERC. Na starcie zobaczymy a\u017c 32 samochody klasy Rally 2 a w \u015br\u00f3d nich ponownie b\u0119dzie mo\u017cna zobaczy\u0107 w aucie Ford przygotowanym przez M-Spot Poland Jon Amstronga, kt\u00f3ry b\u0119dzie rywalizowa\u0142 mi\u0119dzy","canonical_url":"https:\/\/www.worldrally.eu\/index.php\/2024\/04\/30\/erc-rally-islas-canarias-duza-konkurencja\/","robots":"max-image-preview:large","keywords":"","webmasterTools":{"miscellaneous":""},"schema":{"@context":"https:\/\/schema.org","@graph":[{"@type":"BlogPosting","@id":"https:\/\/www.worldrally.eu\/index.php\/2024\/04\/30\/erc-rally-islas-canarias-duza-konkurencja\/#blogposting","name":"ERC Rally Islas Canarias du\u017ca konkurencja. \u00bb WorldRally.eu","headline":"ERC Rally Islas Canarias du\u017ca konkurencja.","author":{"@id":"https:\/\/www.worldrally.eu\/index.php\/author\/magdalena\/#author"},"publisher":{"@id":"https:\/\/www.worldrally.eu\/#organization"},"image":{"@type":"ImageObject","url":"https:\/\/www.worldrally.eu\/wp-content\/uploads\/2024\/04\/WRC-Croatian-Rally.jpg","width":1620,"height":1080},"datePublished":"2024-04-30T14:56:39+00:00","dateModified":"2024-04-30T14:56:40+00:00","inLanguage":"en-GB","mainEntityOfPage":{"@id":"https:\/\/www.worldrally.eu\/index.php\/2024\/04\/30\/erc-rally-islas-canarias-duza-konkurencja\/#webpage"},"isPartOf":{"@id":"https:\/\/www.worldrally.eu\/index.php\/2024\/04\/30\/erc-rally-islas-canarias-duza-konkurencja\/#webpage"},"articleSection":"ERC"},{"@type":"BreadcrumbList","@id":"https:\/\/www.worldrally.eu\/index.php\/2024\/04\/30\/erc-rally-islas-canarias-duza-konkurencja\/#breadcrumblist","itemListElement":[{"@type":"ListItem","@id":"https:\/\/www.worldrally.eu#listItem","position":1,"name":"Home","item":"https:\/\/www.worldrally.eu","nextItem":{"@type":"ListItem","@id":"https:\/\/www.worldrally.eu\/index.php\/category\/erc\/#listItem","name":"ERC"}},{"@type":"ListItem","@id":"https:\/\/www.worldrally.eu\/index.php\/category\/erc\/#listItem","position":2,"name":"ERC","item":"https:\/\/www.worldrally.eu\/index.php\/category\/erc\/","nextItem":{"@type":"ListItem","@id":"https:\/\/www.worldrally.eu\/index.php\/2024\/04\/30\/erc-rally-islas-canarias-duza-konkurencja\/#listItem","name":"ERC Rally Islas Canarias du\u017ca konkurencja."},"previousItem":{"@type":"ListItem","@id":"https:\/\/www.worldrally.eu#listItem","name":"Home"}},{"@type":"ListItem","@id":"https:\/\/www.worldrally.eu\/index.php\/2024\/04\/30\/erc-rally-islas-canarias-duza-konkurencja\/#listItem","position":3,"name":"ERC Rally Islas Canarias du\u017ca konkurencja.","previousItem":{"@type":"ListItem","@id":"https:\/\/www.worldrally.eu\/index.php\/category\/erc\/#listItem","name":"ERC"}}]},{"@type":"Organization","@id":"https:\/\/www.worldrally.eu\/#organization","name":"WorldRally.eu","url":"https:\/\/www.worldrally.eu\/","logo":{"@type":"ImageObject","url":"https:\/\/www.worldrally.eu\/wp-content\/uploads\/2026\/01\/cropped-logo-3.png","@id":"https:\/\/www.worldrally.eu\/index.php\/2024\/04\/30\/erc-rally-islas-canarias-duza-konkurencja\/#organizationLogo","width":2039,"height":756},"image":{"@id":"https:\/\/www.worldrally.eu\/index.php\/2024\/04\/30\/erc-rally-islas-canarias-duza-konkurencja\/#organizationLogo"}},{"@type":"Person","@id":"https:\/\/www.worldrally.eu\/index.php\/author\/magdalena\/#author","url":"https:\/\/www.worldrally.eu\/index.php\/author\/magdalena\/","name":"Magdalena","image":{"@type":"ImageObject","@id":"https:\/\/www.worldrally.eu\/index.php\/2024\/04\/30\/erc-rally-islas-canarias-duza-konkurencja\/#authorImage","url":"https:\/\/secure.gravatar.com\/avatar\/853239b46cec38ba30b48d2b091f5538817cc78bdc0944c9ef7408579307e2ea?s=96&d=mm&r=g","width":96,"height":96,"caption":"Magdalena"}},{"@type":"WebPage","@id":"https:\/\/www.worldrally.eu\/index.php\/2024\/04\/30\/erc-rally-islas-canarias-duza-konkurencja\/#webpage","url":"https:\/\/www.worldrally.eu\/index.php\/2024\/04\/30\/erc-rally-islas-canarias-duza-konkurencja\/","name":"ERC Rally Islas Canarias du\u017ca konkurencja. \u00bb WorldRally.eu","description":"Rajd Wysp Kanaryjskich, jest drug\u0105 rund\u0105 Rajdowymi Mistrzostwami Europy FIA i zainteresowanie t\u0105 imprez\u0105 okaza\u0142o si\u0119 bardzo po\u017c\u0105dane po\u015br\u00f3d kierowc\u00f3w nie tylko ze stawki ERC. Na starcie zobaczymy a\u017c 32 samochody klasy Rally 2 a w \u015br\u00f3d nich ponownie b\u0119dzie mo\u017cna zobaczy\u0107 w aucie Ford przygotowanym przez M-Spot Poland Jon Amstronga, kt\u00f3ry b\u0119dzie rywalizowa\u0142 mi\u0119dzy","inLanguage":"en-GB","isPartOf":{"@id":"https:\/\/www.worldrally.eu\/#website"},"breadcrumb":{"@id":"https:\/\/www.worldrally.eu\/index.php\/2024\/04\/30\/erc-rally-islas-canarias-duza-konkurencja\/#breadcrumblist"},"author":{"@id":"https:\/\/www.worldrally.eu\/index.php\/author\/magdalena\/#author"},"creator":{"@id":"https:\/\/www.worldrally.eu\/index.php\/author\/magdalena\/#author"},"image":{"@type":"ImageObject","url":"https:\/\/www.worldrally.eu\/wp-content\/uploads\/2024\/04\/WRC-Croatian-Rally.jpg","@id":"https:\/\/www.worldrally.eu\/index.php\/2024\/04\/30\/erc-rally-islas-canarias-duza-konkurencja\/#mainImage","width":1620,"height":1080},"primaryImageOfPage":{"@id":"https:\/\/www.worldrally.eu\/index.php\/2024\/04\/30\/erc-rally-islas-canarias-duza-konkurencja\/#mainImage"},"datePublished":"2024-04-30T14:56:39+00:00","dateModified":"2024-04-30T14:56:40+00:00"},{"@type":"WebSite","@id":"https:\/\/www.worldrally.eu\/#website","url":"https:\/\/www.worldrally.eu\/","name":"WorldRally.eu","inLanguage":"en-GB","publisher":{"@id":"https:\/\/www.worldrally.eu\/#organization"}}]},"og:locale":"en_GB","og:site_name":"WorldRally.eu \u00bb","og:type":"article","og:title":"ERC Rally Islas Canarias du\u017ca konkurencja. \u00bb WorldRally.eu","og:description":"Rajd Wysp Kanaryjskich, jest drug\u0105 rund\u0105 Rajdowymi Mistrzostwami Europy FIA i zainteresowanie t\u0105 imprez\u0105 okaza\u0142o si\u0119 bardzo po\u017c\u0105dane po\u015br\u00f3d kierowc\u00f3w nie tylko ze stawki ERC. Na starcie zobaczymy a\u017c 32 samochody klasy Rally 2 a w \u015br\u00f3d nich ponownie b\u0119dzie mo\u017cna zobaczy\u0107 w aucie Ford przygotowanym przez M-Spot Poland Jon Amstronga, kt\u00f3ry b\u0119dzie rywalizowa\u0142 mi\u0119dzy","og:url":"https:\/\/www.worldrally.eu\/index.php\/2024\/04\/30\/erc-rally-islas-canarias-duza-konkurencja\/","og:image":"https:\/\/www.worldrally.eu\/wp-content\/uploads\/2024\/04\/WRC-Croatian-Rally.jpg","og:image:secure_url":"https:\/\/www.worldrally.eu\/wp-content\/uploads\/2024\/04\/WRC-Croatian-Rally.jpg","og:image:width":1620,"og:image:height":1080,"article:published_time":"2024-04-30T14:56:39+00:00","article:modified_time":"2024-04-30T14:56:40+00:00","twitter:card":"summary_large_image","twitter:title":"ERC Rally Islas Canarias du\u017ca konkurencja. \u00bb WorldRally.eu","twitter:description":"Rajd Wysp Kanaryjskich, jest drug\u0105 rund\u0105 Rajdowymi Mistrzostwami Europy FIA i zainteresowanie t\u0105 imprez\u0105 okaza\u0142o si\u0119 bardzo po\u017c\u0105dane po\u015br\u00f3d kierowc\u00f3w nie tylko ze stawki ERC. Na starcie zobaczymy a\u017c 32 samochody klasy Rally 2 a w \u015br\u00f3d nich ponownie b\u0119dzie mo\u017cna zobaczy\u0107 w aucie Ford przygotowanym przez M-Spot Poland Jon Amstronga, kt\u00f3ry b\u0119dzie rywalizowa\u0142 mi\u0119dzy","twitter:image":"https:\/\/www.worldrally.eu\/wp-content\/uploads\/2024\/04\/WRC-Croatian-Rally.jpg"},"aioseo_meta_data":{"post_id":"2765","title":null,"description":null,"keywords":null,"keyphrases":null,"primary_term":null,"canonical_url":null,"og_title":null,"og_description":null,"og_object_type":"default","og_image_type":"default","og_image_url":null,"og_image_width":null,"og_image_height":null,"og_image_custom_url":null,"og_image_custom_fields":null,"og_video":null,"og_custom_url":null,"og_article_section":null,"og_article_tags":null,"twitter_use_og":false,"twitter_card":"default","twitter_image_type":"default","twitter_image_url":null,"twitter_image_custom_url":null,"twitter_image_custom_fields":null,"twitter_title":null,"twitter_description":null,"schema":{"blockGraphs":[],"customGraphs":[],"default":{"data":{"Article":[],"Course":[],"Dataset":[],"FAQPage":[],"Movie":[],"Person":[],"Product":[],"ProductReview":[],"Car":[],"Recipe":[],"Service":[],"SoftwareApplication":[],"WebPage":[]},"graphName":"","isEnabled":true},"graphs":[]},"schema_type":"default","schema_type_options":null,"pillar_content":false,"robots_default":true,"robots_noindex":false,"robots_noarchive":false,"robots_nosnippet":false,"robots_nofollow":false,"robots_noimageindex":false,"robots_noodp":false,"robots_notranslate":false,"robots_max_snippet":null,"robots_max_videopreview":null,"robots_max_imagepreview":"large","priority":null,"frequency":null,"local_seo":null,"breadcrumb_settings":null,"limit_modified_date":false,"ai":null,"created":"2025-03-22 06:42:11","updated":"2025-10-26 12:53:55","seo_analyzer_scan_date":null},"aioseo_breadcrumb":"<div class=\"aioseo-breadcrumbs\"><span class=\"aioseo-breadcrumb\">\n\t\t\t<a href=\"https:\/\/www.worldrally.eu\" title=\"Home\">Home<\/a>\n\t\t<\/span><span class=\"aioseo-breadcrumb-separator\">&raquo;<\/span><span class=\"aioseo-breadcrumb\">\n\t\t\t<a href=\"https:\/\/www.worldrally.eu\/index.php\/category\/erc\/\" title=\"ERC\">ERC<\/a>\n\t\t<\/span><span class=\"aioseo-breadcrumb-separator\">&raquo;<\/span><span class=\"aioseo-breadcrumb\">\n\t\t\tERC Rally Islas Canarias du\u017ca konkurencja.\n\t\t<\/span><\/div>","aioseo_breadcrumb_json":[{"label":"Home","link":"https:\/\/www.worldrally.eu"},{"label":"ERC","link":"https:\/\/www.worldrally.eu\/index.php\/category\/erc\/"},{"label":"ERC Rally Islas Canarias du\u017ca konkurencja.","link":"https:\/\/www.worldrally.eu\/index.php\/2024\/04\/30\/erc-rally-islas-canarias-duza-konkurencja\/"}],"cc_featured_image_caption":{"caption_text":"Foto - TG MotorPhoto","source_text":"","source_url":""},"_links":{"self":[{"href":"https:\/\/www.worldrally.eu\/index.php\/wp-json\/wp\/v2\/posts\/2765","targetHints":{"allow":["GET"]}}],"collection":[{"href":"https:\/\/www.worldrally.eu\/index.php\/wp-json\/wp\/v2\/posts"}],"about":[{"href":"https:\/\/www.worldrally.eu\/index.php\/wp-json\/wp\/v2\/types\/post"}],"author":[{"embeddable":true,"href":"https:\/\/www.worldrally.eu\/index.php\/wp-json\/wp\/v2\/users\/2"}],"replies":[{"embeddable":true,"href":"https:\/\/www.worldrally.eu\/index.php\/wp-json\/wp\/v2\/comments?post=2765"}],"version-history":[{"count":1,"href":"https:\/\/www.worldrally.eu\/index.php\/wp-json\/wp\/v2\/posts\/2765\/revisions"}],"predecessor-version":[{"id":2769,"href":"https:\/\/www.worldrally.eu\/index.php\/wp-json\/wp\/v2\/posts\/2765\/revisions\/2769"}],"wp:featuredmedia":[{"embeddable":true,"href":"https:\/\/www.worldrally.eu\/index.php\/wp-json\/wp\/v2\/media\/2767"}],"wp:attachment":[{"href":"https:\/\/www.worldrally.eu\/index.php\/wp-json\/wp\/v2\/media?parent=2765"}],"wp:term":[{"taxonomy":"category","embeddable":true,"href":"https:\/\/www.worldrally.eu\/index.php\/wp-json\/wp\/v2\/categories?post=2765"},{"taxonomy":"post_tag","embeddable":true,"href":"https:\/\/www.worldrally.eu\/index.php\/wp-json\/wp\/v2\/tags?post=2765"}],"curies":[{"name":"wp","href":"https:\/\/api.w.org\/{rel}","templated":true}]}}