{"id":2677,"date":"2024-04-03T18:29:38","date_gmt":"2024-04-03T18:29:38","guid":{"rendered":"https:\/\/www.worldrally.eu\/?p=2677"},"modified":"2024-04-03T18:29:38","modified_gmt":"2024-04-03T18:29:38","slug":"mares-w-nowym-aucie","status":"publish","type":"post","link":"https:\/\/www.worldrally.eu\/index.php\/2024\/04\/03\/mares-w-nowym-aucie\/","title":{"rendered":"Mare\u0161 w nowym aucie."},"content":{"rendered":"\n<p class=\"wp-block-paragraph\">Filip Mare\u0161 przyst\u0105pi do Rajdowych Mistrzostwach Europy FIA za kierownic\u0105 nowego auta GR Yaris Rally2 przy wsp\u00f3\u0142pracy z Toyota Dol\u00e1k ACCR.<\/p>\n\n\n\n<p class=\"wp-block-paragraph\">Mare\u0161 pokaza\u0142 si\u0119 z bardzo dobrej strony w sezonie 2023 staj\u0105c trzy razy na podium i ko\u0144cz\u0105c sezon na bardzo dobrej si\u00f3dmej pozycji w klasyfikacji generalnej. 32-letni by\u0142y mistrz ERC junior\u00f3w na poziomie Rally2 b\u0119dzie tak\u017ce walczy\u0142 o mistrzostwo kraju w Czechach.<\/p>\n\n\n\n<blockquote class=\"wp-block-quote is-layout-flow wp-block-quote-is-layout-flow\">\n<p class=\"wp-block-paragraph\">Chcia\u0142bym podzi\u0119kowa\u0107 wszystkim partnerom, kt\u00f3rzy wspierali ten projekt i w niego wierzyli. Wiele pracy za nami, ale jeszcze wi\u0119cej przed nami. Je\u017adzi\u0142em Yarisem jesieni\u0105 podczas test\u00f3w na asfalcie, ale pierwsze kilometry czekaj\u0105 nas jeszcze na szutrach. Wierz\u0119, \u017ce ja i m\u00f3j zesp\u00f3\u0142 szybko zaadaptujemy si\u0119 do nowej techniki i od pocz\u0105tku sezonu b\u0119dziemy stanowi\u0107 mocn\u0105 konkurencj\u0119 dla naszych przeciwnik\u00f3w. Nie mog\u0119 si\u0119 doczeka\u0107 pierwszych test\u00f3w, a zw\u0142aszcza rozpocz\u0119cia sezonu.<\/p>\n<cite>powiedzia\u0142 Mare\u0161 <\/cite><\/blockquote>\n\n\n\n<figure class=\"wp-block-image size-large\"><img fetchpriority=\"high\" decoding=\"async\" width=\"1024\" height=\"683\" src=\"https:\/\/www.worldrally.eu\/wp-content\/uploads\/2024\/04\/434985445_822261649712748_5812020524549916531_n-1024x683.jpg\" alt=\"\" class=\"wp-image-2679\" srcset=\"https:\/\/www.worldrally.eu\/wp-content\/uploads\/2024\/04\/434985445_822261649712748_5812020524549916531_n-1024x683.jpg 1024w, https:\/\/www.worldrally.eu\/wp-content\/uploads\/2024\/04\/434985445_822261649712748_5812020524549916531_n-300x200.jpg 300w, https:\/\/www.worldrally.eu\/wp-content\/uploads\/2024\/04\/434985445_822261649712748_5812020524549916531_n-768x512.jpg 768w, https:\/\/www.worldrally.eu\/wp-content\/uploads\/2024\/04\/434985445_822261649712748_5812020524549916531_n-446x297.jpg 446w, https:\/\/www.worldrally.eu\/wp-content\/uploads\/2024\/04\/434985445_822261649712748_5812020524549916531_n.jpg 1440w\" sizes=\"(max-width: 1024px) 100vw, 1024px\" \/><figcaption class=\"wp-element-caption\">Foto &#8211; Mare\u0161 FB<\/figcaption><\/figure>\n\n\n\n<p class=\"wp-block-paragraph\">Mare\u0161 i Dol\u00e1k Motorsport b\u0119d\u0105 mogli liczy\u0107 na wsparcie czeskiego importera Toyoty. Martin Pele\u0161ka, przedstawiciel marek Toyota i Lexus w Czechach powiedzia\u0142 na prezentacji.<\/p>\n\n\n\n<blockquote class=\"wp-block-quote is-layout-flow wp-block-quote-is-layout-flow\">\n<p class=\"wp-block-paragraph\">W mistrzostwach WRC najwi\u0119cej punkt\u00f3w zdobywa GR Yaris Rally1, mistrzostwa WEC reprezentuj\u0105 obecnie hybryda GR010 i terenowy W2RC special DKR Hiluxa EVO T1U. Ostatnim z serii jest teraz GR Yaris Rally2. Od tego roku posiada homologacj\u0119 FIA i cieszymy si\u0119, \u017ce jednym z pierwszych samochod\u00f3w pojedzie czeska za\u0142oga Filip Mare\u0161 i Radovan Bucha. Trzymamy kciuki za nasz\u0105 za\u0142og\u0119. Ciesz\u0105 si\u0119 naszym wielkim podziwem i wsparciem.<\/p>\n<\/blockquote>\n\n\n\n<figure class=\"wp-block-image size-large\"><img decoding=\"async\" width=\"1024\" height=\"684\" src=\"https:\/\/www.worldrally.eu\/wp-content\/uploads\/2024\/04\/435158917_822261713046075_5173144104406049331_n-1024x684.jpg\" alt=\"\" class=\"wp-image-2680\" srcset=\"https:\/\/www.worldrally.eu\/wp-content\/uploads\/2024\/04\/435158917_822261713046075_5173144104406049331_n-1024x684.jpg 1024w, https:\/\/www.worldrally.eu\/wp-content\/uploads\/2024\/04\/435158917_822261713046075_5173144104406049331_n-300x200.jpg 300w, https:\/\/www.worldrally.eu\/wp-content\/uploads\/2024\/04\/435158917_822261713046075_5173144104406049331_n-768x513.jpg 768w, https:\/\/www.worldrally.eu\/wp-content\/uploads\/2024\/04\/435158917_822261713046075_5173144104406049331_n-446x297.jpg 446w, https:\/\/www.worldrally.eu\/wp-content\/uploads\/2024\/04\/435158917_822261713046075_5173144104406049331_n.jpg 1440w\" sizes=\"(max-width: 1024px) 100vw, 1024px\" \/><figcaption class=\"wp-element-caption\">Foto &#8211; Mare\u0161 FB<\/figcaption><\/figure>\n","protected":false},"excerpt":{"rendered":"<p>Filip Mare\u0161 przyst\u0105pi do Rajdowych Mistrzostwach Europy FIA za kierownic\u0105 nowego auta GR Yaris Rally2 przy wsp\u00f3\u0142pracy z Toyota Dol\u00e1k ACCR. Mare\u0161 pokaza\u0142 si\u0119 z bardzo dobrej strony w sezonie 2023 staj\u0105c trzy razy na podium i ko\u0144cz\u0105c sezon na bardzo dobrej si\u00f3dmej pozycji w klasyfikacji generalnej. 32-letni by\u0142y mistrz ERC junior\u00f3w na poziomie Rally2 [&hellip;]<\/p>\n","protected":false},"author":3,"featured_media":2678,"comment_status":"closed","ping_status":"closed","sticky":false,"template":"","format":"standard","meta":{"_monsterinsights_skip_tracking":false,"_monsterinsights_sitenote_active":false,"_monsterinsights_sitenote_note":"","_monsterinsights_sitenote_category":0,"footnotes":""},"categories":[4],"tags":[],"class_list":["post-2677","post","type-post","status-publish","format-standard","has-post-thumbnail","hentry","category-erc"],"aioseo_notices":[],"aioseo_head":"\n\t\t<!-- All in One SEO 4.9.9 - aioseo.com -->\n\t<meta name=\"description\" content=\"Filip Mare\u0161 przyst\u0105pi do Rajdowych Mistrzostwach Europy FIA za kierownic\u0105 nowego auta GR Yaris Rally2 przy wsp\u00f3\u0142pracy z Toyota Dol\u00e1k ACCR. Mare\u0161 pokaza\u0142 si\u0119 z bardzo dobrej strony w sezonie 2023 staj\u0105c trzy razy na podium i ko\u0144cz\u0105c sezon na bardzo dobrej si\u00f3dmej pozycji w klasyfikacji generalnej. 32-letni by\u0142y mistrz ERC junior\u00f3w na poziomie Rally2\" \/>\n\t<meta name=\"robots\" content=\"max-image-preview:large\" \/>\n\t<meta name=\"author\" content=\"Jacek\"\/>\n\t<link rel=\"canonical\" href=\"https:\/\/www.worldrally.eu\/index.php\/2024\/04\/03\/mares-w-nowym-aucie\/\" \/>\n\t<meta name=\"generator\" content=\"All in One SEO (AIOSEO) 4.9.9\" \/>\n\t\t<meta property=\"og:locale\" content=\"en_GB\" \/>\n\t\t<meta property=\"og:site_name\" content=\"WorldRally.eu \u00bb\" \/>\n\t\t<meta property=\"og:type\" content=\"article\" \/>\n\t\t<meta property=\"og:title\" content=\"Mare\u0161 w nowym aucie. \u00bb WorldRally.eu\" \/>\n\t\t<meta property=\"og:description\" content=\"Filip Mare\u0161 przyst\u0105pi do Rajdowych Mistrzostwach Europy FIA za kierownic\u0105 nowego auta GR Yaris Rally2 przy wsp\u00f3\u0142pracy z Toyota Dol\u00e1k ACCR. Mare\u0161 pokaza\u0142 si\u0119 z bardzo dobrej strony w sezonie 2023 staj\u0105c trzy razy na podium i ko\u0144cz\u0105c sezon na bardzo dobrej si\u00f3dmej pozycji w klasyfikacji generalnej. 32-letni by\u0142y mistrz ERC junior\u00f3w na poziomie Rally2\" \/>\n\t\t<meta property=\"og:url\" content=\"https:\/\/www.worldrally.eu\/index.php\/2024\/04\/03\/mares-w-nowym-aucie\/\" \/>\n\t\t<meta property=\"og:image\" content=\"https:\/\/www.worldrally.eu\/wp-content\/uploads\/2024\/04\/435068935_822261633046083_2609544524343368342_n.jpg\" \/>\n\t\t<meta property=\"og:image:secure_url\" content=\"https:\/\/www.worldrally.eu\/wp-content\/uploads\/2024\/04\/435068935_822261633046083_2609544524343368342_n.jpg\" \/>\n\t\t<meta property=\"og:image:width\" content=\"1440\" \/>\n\t\t<meta property=\"og:image:height\" content=\"960\" \/>\n\t\t<meta property=\"article:published_time\" content=\"2024-04-03T18:29:38+00:00\" \/>\n\t\t<meta property=\"article:modified_time\" content=\"2024-04-03T18:29:38+00:00\" \/>\n\t\t<meta name=\"twitter:card\" content=\"summary_large_image\" \/>\n\t\t<meta name=\"twitter:title\" content=\"Mare\u0161 w nowym aucie. \u00bb WorldRally.eu\" \/>\n\t\t<meta name=\"twitter:description\" content=\"Filip Mare\u0161 przyst\u0105pi do Rajdowych Mistrzostwach Europy FIA za kierownic\u0105 nowego auta GR Yaris Rally2 przy wsp\u00f3\u0142pracy z Toyota Dol\u00e1k ACCR. Mare\u0161 pokaza\u0142 si\u0119 z bardzo dobrej strony w sezonie 2023 staj\u0105c trzy razy na podium i ko\u0144cz\u0105c sezon na bardzo dobrej si\u00f3dmej pozycji w klasyfikacji generalnej. 32-letni by\u0142y mistrz ERC junior\u00f3w na poziomie Rally2\" \/>\n\t\t<meta name=\"twitter:image\" content=\"https:\/\/www.worldrally.eu\/wp-content\/uploads\/2024\/04\/435068935_822261633046083_2609544524343368342_n.jpg\" \/>\n\t\t<script type=\"application\/ld+json\" class=\"aioseo-schema\">\n\t\t\t{\"@context\":\"https:\\\/\\\/schema.org\",\"@graph\":[{\"@type\":\"BlogPosting\",\"@id\":\"https:\\\/\\\/www.worldrally.eu\\\/index.php\\\/2024\\\/04\\\/03\\\/mares-w-nowym-aucie\\\/#blogposting\",\"name\":\"Mare\\u0161 w nowym aucie. \\u00bb WorldRally.eu\",\"headline\":\"Mare\\u0161 w nowym aucie.\",\"author\":{\"@id\":\"https:\\\/\\\/www.worldrally.eu\\\/index.php\\\/author\\\/jacek\\\/#author\"},\"publisher\":{\"@id\":\"https:\\\/\\\/www.worldrally.eu\\\/#organization\"},\"image\":{\"@type\":\"ImageObject\",\"url\":\"https:\\\/\\\/www.worldrally.eu\\\/wp-content\\\/uploads\\\/2024\\\/04\\\/435068935_822261633046083_2609544524343368342_n.jpg\",\"width\":1440,\"height\":960},\"datePublished\":\"2024-04-03T18:29:38+00:00\",\"dateModified\":\"2024-04-03T18:29:38+00:00\",\"inLanguage\":\"en-GB\",\"mainEntityOfPage\":{\"@id\":\"https:\\\/\\\/www.worldrally.eu\\\/index.php\\\/2024\\\/04\\\/03\\\/mares-w-nowym-aucie\\\/#webpage\"},\"isPartOf\":{\"@id\":\"https:\\\/\\\/www.worldrally.eu\\\/index.php\\\/2024\\\/04\\\/03\\\/mares-w-nowym-aucie\\\/#webpage\"},\"articleSection\":\"ERC\"},{\"@type\":\"BreadcrumbList\",\"@id\":\"https:\\\/\\\/www.worldrally.eu\\\/index.php\\\/2024\\\/04\\\/03\\\/mares-w-nowym-aucie\\\/#breadcrumblist\",\"itemListElement\":[{\"@type\":\"ListItem\",\"@id\":\"https:\\\/\\\/www.worldrally.eu#listItem\",\"position\":1,\"name\":\"Home\",\"item\":\"https:\\\/\\\/www.worldrally.eu\",\"nextItem\":{\"@type\":\"ListItem\",\"@id\":\"https:\\\/\\\/www.worldrally.eu\\\/index.php\\\/category\\\/erc\\\/#listItem\",\"name\":\"ERC\"}},{\"@type\":\"ListItem\",\"@id\":\"https:\\\/\\\/www.worldrally.eu\\\/index.php\\\/category\\\/erc\\\/#listItem\",\"position\":2,\"name\":\"ERC\",\"item\":\"https:\\\/\\\/www.worldrally.eu\\\/index.php\\\/category\\\/erc\\\/\",\"nextItem\":{\"@type\":\"ListItem\",\"@id\":\"https:\\\/\\\/www.worldrally.eu\\\/index.php\\\/2024\\\/04\\\/03\\\/mares-w-nowym-aucie\\\/#listItem\",\"name\":\"Mare\\u0161 w nowym aucie.\"},\"previousItem\":{\"@type\":\"ListItem\",\"@id\":\"https:\\\/\\\/www.worldrally.eu#listItem\",\"name\":\"Home\"}},{\"@type\":\"ListItem\",\"@id\":\"https:\\\/\\\/www.worldrally.eu\\\/index.php\\\/2024\\\/04\\\/03\\\/mares-w-nowym-aucie\\\/#listItem\",\"position\":3,\"name\":\"Mare\\u0161 w nowym aucie.\",\"previousItem\":{\"@type\":\"ListItem\",\"@id\":\"https:\\\/\\\/www.worldrally.eu\\\/index.php\\\/category\\\/erc\\\/#listItem\",\"name\":\"ERC\"}}]},{\"@type\":\"Organization\",\"@id\":\"https:\\\/\\\/www.worldrally.eu\\\/#organization\",\"name\":\"WorldRally.eu\",\"url\":\"https:\\\/\\\/www.worldrally.eu\\\/\",\"logo\":{\"@type\":\"ImageObject\",\"url\":\"https:\\\/\\\/www.worldrally.eu\\\/wp-content\\\/uploads\\\/2026\\\/01\\\/cropped-logo-3.png\",\"@id\":\"https:\\\/\\\/www.worldrally.eu\\\/index.php\\\/2024\\\/04\\\/03\\\/mares-w-nowym-aucie\\\/#organizationLogo\",\"width\":2039,\"height\":756},\"image\":{\"@id\":\"https:\\\/\\\/www.worldrally.eu\\\/index.php\\\/2024\\\/04\\\/03\\\/mares-w-nowym-aucie\\\/#organizationLogo\"}},{\"@type\":\"Person\",\"@id\":\"https:\\\/\\\/www.worldrally.eu\\\/index.php\\\/author\\\/jacek\\\/#author\",\"url\":\"https:\\\/\\\/www.worldrally.eu\\\/index.php\\\/author\\\/jacek\\\/\",\"name\":\"Jacek\",\"image\":{\"@type\":\"ImageObject\",\"@id\":\"https:\\\/\\\/www.worldrally.eu\\\/index.php\\\/2024\\\/04\\\/03\\\/mares-w-nowym-aucie\\\/#authorImage\",\"url\":\"https:\\\/\\\/secure.gravatar.com\\\/avatar\\\/7e4a580579d0c9624bc0b76edfd763a961e17e709b8c19c4e55064fd24596b04?s=96&d=mm&r=g\",\"width\":96,\"height\":96,\"caption\":\"Jacek\"}},{\"@type\":\"WebPage\",\"@id\":\"https:\\\/\\\/www.worldrally.eu\\\/index.php\\\/2024\\\/04\\\/03\\\/mares-w-nowym-aucie\\\/#webpage\",\"url\":\"https:\\\/\\\/www.worldrally.eu\\\/index.php\\\/2024\\\/04\\\/03\\\/mares-w-nowym-aucie\\\/\",\"name\":\"Mare\\u0161 w nowym aucie. \\u00bb WorldRally.eu\",\"description\":\"Filip Mare\\u0161 przyst\\u0105pi do Rajdowych Mistrzostwach Europy FIA za kierownic\\u0105 nowego auta GR Yaris Rally2 przy wsp\\u00f3\\u0142pracy z Toyota Dol\\u00e1k ACCR. Mare\\u0161 pokaza\\u0142 si\\u0119 z bardzo dobrej strony w sezonie 2023 staj\\u0105c trzy razy na podium i ko\\u0144cz\\u0105c sezon na bardzo dobrej si\\u00f3dmej pozycji w klasyfikacji generalnej. 32-letni by\\u0142y mistrz ERC junior\\u00f3w na poziomie Rally2\",\"inLanguage\":\"en-GB\",\"isPartOf\":{\"@id\":\"https:\\\/\\\/www.worldrally.eu\\\/#website\"},\"breadcrumb\":{\"@id\":\"https:\\\/\\\/www.worldrally.eu\\\/index.php\\\/2024\\\/04\\\/03\\\/mares-w-nowym-aucie\\\/#breadcrumblist\"},\"author\":{\"@id\":\"https:\\\/\\\/www.worldrally.eu\\\/index.php\\\/author\\\/jacek\\\/#author\"},\"creator\":{\"@id\":\"https:\\\/\\\/www.worldrally.eu\\\/index.php\\\/author\\\/jacek\\\/#author\"},\"image\":{\"@type\":\"ImageObject\",\"url\":\"https:\\\/\\\/www.worldrally.eu\\\/wp-content\\\/uploads\\\/2024\\\/04\\\/435068935_822261633046083_2609544524343368342_n.jpg\",\"@id\":\"https:\\\/\\\/www.worldrally.eu\\\/index.php\\\/2024\\\/04\\\/03\\\/mares-w-nowym-aucie\\\/#mainImage\",\"width\":1440,\"height\":960},\"primaryImageOfPage\":{\"@id\":\"https:\\\/\\\/www.worldrally.eu\\\/index.php\\\/2024\\\/04\\\/03\\\/mares-w-nowym-aucie\\\/#mainImage\"},\"datePublished\":\"2024-04-03T18:29:38+00:00\",\"dateModified\":\"2024-04-03T18:29:38+00:00\"},{\"@type\":\"WebSite\",\"@id\":\"https:\\\/\\\/www.worldrally.eu\\\/#website\",\"url\":\"https:\\\/\\\/www.worldrally.eu\\\/\",\"name\":\"WorldRally.eu\",\"inLanguage\":\"en-GB\",\"publisher\":{\"@id\":\"https:\\\/\\\/www.worldrally.eu\\\/#organization\"}}]}\n\t\t<\/script>\n\t\t<!-- All in One SEO -->\n\n","aioseo_head_json":{"title":"Mare\u0161 w nowym aucie. \u00bb WorldRally.eu","description":"Filip Mare\u0161 przyst\u0105pi do Rajdowych Mistrzostwach Europy FIA za kierownic\u0105 nowego auta GR Yaris Rally2 przy wsp\u00f3\u0142pracy z Toyota Dol\u00e1k ACCR. Mare\u0161 pokaza\u0142 si\u0119 z bardzo dobrej strony w sezonie 2023 staj\u0105c trzy razy na podium i ko\u0144cz\u0105c sezon na bardzo dobrej si\u00f3dmej pozycji w klasyfikacji generalnej. 32-letni by\u0142y mistrz ERC junior\u00f3w na poziomie Rally2","canonical_url":"https:\/\/www.worldrally.eu\/index.php\/2024\/04\/03\/mares-w-nowym-aucie\/","robots":"max-image-preview:large","keywords":"","webmasterTools":{"miscellaneous":""},"schema":{"@context":"https:\/\/schema.org","@graph":[{"@type":"BlogPosting","@id":"https:\/\/www.worldrally.eu\/index.php\/2024\/04\/03\/mares-w-nowym-aucie\/#blogposting","name":"Mare\u0161 w nowym aucie. \u00bb WorldRally.eu","headline":"Mare\u0161 w nowym aucie.","author":{"@id":"https:\/\/www.worldrally.eu\/index.php\/author\/jacek\/#author"},"publisher":{"@id":"https:\/\/www.worldrally.eu\/#organization"},"image":{"@type":"ImageObject","url":"https:\/\/www.worldrally.eu\/wp-content\/uploads\/2024\/04\/435068935_822261633046083_2609544524343368342_n.jpg","width":1440,"height":960},"datePublished":"2024-04-03T18:29:38+00:00","dateModified":"2024-04-03T18:29:38+00:00","inLanguage":"en-GB","mainEntityOfPage":{"@id":"https:\/\/www.worldrally.eu\/index.php\/2024\/04\/03\/mares-w-nowym-aucie\/#webpage"},"isPartOf":{"@id":"https:\/\/www.worldrally.eu\/index.php\/2024\/04\/03\/mares-w-nowym-aucie\/#webpage"},"articleSection":"ERC"},{"@type":"BreadcrumbList","@id":"https:\/\/www.worldrally.eu\/index.php\/2024\/04\/03\/mares-w-nowym-aucie\/#breadcrumblist","itemListElement":[{"@type":"ListItem","@id":"https:\/\/www.worldrally.eu#listItem","position":1,"name":"Home","item":"https:\/\/www.worldrally.eu","nextItem":{"@type":"ListItem","@id":"https:\/\/www.worldrally.eu\/index.php\/category\/erc\/#listItem","name":"ERC"}},{"@type":"ListItem","@id":"https:\/\/www.worldrally.eu\/index.php\/category\/erc\/#listItem","position":2,"name":"ERC","item":"https:\/\/www.worldrally.eu\/index.php\/category\/erc\/","nextItem":{"@type":"ListItem","@id":"https:\/\/www.worldrally.eu\/index.php\/2024\/04\/03\/mares-w-nowym-aucie\/#listItem","name":"Mare\u0161 w nowym aucie."},"previousItem":{"@type":"ListItem","@id":"https:\/\/www.worldrally.eu#listItem","name":"Home"}},{"@type":"ListItem","@id":"https:\/\/www.worldrally.eu\/index.php\/2024\/04\/03\/mares-w-nowym-aucie\/#listItem","position":3,"name":"Mare\u0161 w nowym aucie.","previousItem":{"@type":"ListItem","@id":"https:\/\/www.worldrally.eu\/index.php\/category\/erc\/#listItem","name":"ERC"}}]},{"@type":"Organization","@id":"https:\/\/www.worldrally.eu\/#organization","name":"WorldRally.eu","url":"https:\/\/www.worldrally.eu\/","logo":{"@type":"ImageObject","url":"https:\/\/www.worldrally.eu\/wp-content\/uploads\/2026\/01\/cropped-logo-3.png","@id":"https:\/\/www.worldrally.eu\/index.php\/2024\/04\/03\/mares-w-nowym-aucie\/#organizationLogo","width":2039,"height":756},"image":{"@id":"https:\/\/www.worldrally.eu\/index.php\/2024\/04\/03\/mares-w-nowym-aucie\/#organizationLogo"}},{"@type":"Person","@id":"https:\/\/www.worldrally.eu\/index.php\/author\/jacek\/#author","url":"https:\/\/www.worldrally.eu\/index.php\/author\/jacek\/","name":"Jacek","image":{"@type":"ImageObject","@id":"https:\/\/www.worldrally.eu\/index.php\/2024\/04\/03\/mares-w-nowym-aucie\/#authorImage","url":"https:\/\/secure.gravatar.com\/avatar\/7e4a580579d0c9624bc0b76edfd763a961e17e709b8c19c4e55064fd24596b04?s=96&d=mm&r=g","width":96,"height":96,"caption":"Jacek"}},{"@type":"WebPage","@id":"https:\/\/www.worldrally.eu\/index.php\/2024\/04\/03\/mares-w-nowym-aucie\/#webpage","url":"https:\/\/www.worldrally.eu\/index.php\/2024\/04\/03\/mares-w-nowym-aucie\/","name":"Mare\u0161 w nowym aucie. \u00bb WorldRally.eu","description":"Filip Mare\u0161 przyst\u0105pi do Rajdowych Mistrzostwach Europy FIA za kierownic\u0105 nowego auta GR Yaris Rally2 przy wsp\u00f3\u0142pracy z Toyota Dol\u00e1k ACCR. Mare\u0161 pokaza\u0142 si\u0119 z bardzo dobrej strony w sezonie 2023 staj\u0105c trzy razy na podium i ko\u0144cz\u0105c sezon na bardzo dobrej si\u00f3dmej pozycji w klasyfikacji generalnej. 32-letni by\u0142y mistrz ERC junior\u00f3w na poziomie Rally2","inLanguage":"en-GB","isPartOf":{"@id":"https:\/\/www.worldrally.eu\/#website"},"breadcrumb":{"@id":"https:\/\/www.worldrally.eu\/index.php\/2024\/04\/03\/mares-w-nowym-aucie\/#breadcrumblist"},"author":{"@id":"https:\/\/www.worldrally.eu\/index.php\/author\/jacek\/#author"},"creator":{"@id":"https:\/\/www.worldrally.eu\/index.php\/author\/jacek\/#author"},"image":{"@type":"ImageObject","url":"https:\/\/www.worldrally.eu\/wp-content\/uploads\/2024\/04\/435068935_822261633046083_2609544524343368342_n.jpg","@id":"https:\/\/www.worldrally.eu\/index.php\/2024\/04\/03\/mares-w-nowym-aucie\/#mainImage","width":1440,"height":960},"primaryImageOfPage":{"@id":"https:\/\/www.worldrally.eu\/index.php\/2024\/04\/03\/mares-w-nowym-aucie\/#mainImage"},"datePublished":"2024-04-03T18:29:38+00:00","dateModified":"2024-04-03T18:29:38+00:00"},{"@type":"WebSite","@id":"https:\/\/www.worldrally.eu\/#website","url":"https:\/\/www.worldrally.eu\/","name":"WorldRally.eu","inLanguage":"en-GB","publisher":{"@id":"https:\/\/www.worldrally.eu\/#organization"}}]},"og:locale":"en_GB","og:site_name":"WorldRally.eu \u00bb","og:type":"article","og:title":"Mare\u0161 w nowym aucie. \u00bb WorldRally.eu","og:description":"Filip Mare\u0161 przyst\u0105pi do Rajdowych Mistrzostwach Europy FIA za kierownic\u0105 nowego auta GR Yaris Rally2 przy wsp\u00f3\u0142pracy z Toyota Dol\u00e1k ACCR. Mare\u0161 pokaza\u0142 si\u0119 z bardzo dobrej strony w sezonie 2023 staj\u0105c trzy razy na podium i ko\u0144cz\u0105c sezon na bardzo dobrej si\u00f3dmej pozycji w klasyfikacji generalnej. 32-letni by\u0142y mistrz ERC junior\u00f3w na poziomie Rally2","og:url":"https:\/\/www.worldrally.eu\/index.php\/2024\/04\/03\/mares-w-nowym-aucie\/","og:image":"https:\/\/www.worldrally.eu\/wp-content\/uploads\/2024\/04\/435068935_822261633046083_2609544524343368342_n.jpg","og:image:secure_url":"https:\/\/www.worldrally.eu\/wp-content\/uploads\/2024\/04\/435068935_822261633046083_2609544524343368342_n.jpg","og:image:width":1440,"og:image:height":960,"article:published_time":"2024-04-03T18:29:38+00:00","article:modified_time":"2024-04-03T18:29:38+00:00","twitter:card":"summary_large_image","twitter:title":"Mare\u0161 w nowym aucie. \u00bb WorldRally.eu","twitter:description":"Filip Mare\u0161 przyst\u0105pi do Rajdowych Mistrzostwach Europy FIA za kierownic\u0105 nowego auta GR Yaris Rally2 przy wsp\u00f3\u0142pracy z Toyota Dol\u00e1k ACCR. Mare\u0161 pokaza\u0142 si\u0119 z bardzo dobrej strony w sezonie 2023 staj\u0105c trzy razy na podium i ko\u0144cz\u0105c sezon na bardzo dobrej si\u00f3dmej pozycji w klasyfikacji generalnej. 32-letni by\u0142y mistrz ERC junior\u00f3w na poziomie Rally2","twitter:image":"https:\/\/www.worldrally.eu\/wp-content\/uploads\/2024\/04\/435068935_822261633046083_2609544524343368342_n.jpg"},"aioseo_meta_data":{"post_id":"2677","title":null,"description":null,"keywords":null,"keyphrases":null,"primary_term":null,"canonical_url":null,"og_title":null,"og_description":null,"og_object_type":"default","og_image_type":"default","og_image_url":null,"og_image_width":null,"og_image_height":null,"og_image_custom_url":null,"og_image_custom_fields":null,"og_video":null,"og_custom_url":null,"og_article_section":null,"og_article_tags":null,"twitter_use_og":false,"twitter_card":"default","twitter_image_type":"default","twitter_image_url":null,"twitter_image_custom_url":null,"twitter_image_custom_fields":null,"twitter_title":null,"twitter_description":null,"schema":{"blockGraphs":[],"customGraphs":[],"default":{"data":{"Article":[],"Course":[],"Dataset":[],"FAQPage":[],"Movie":[],"Person":[],"Product":[],"ProductReview":[],"Car":[],"Recipe":[],"Service":[],"SoftwareApplication":[],"WebPage":[]},"graphName":"","isEnabled":true},"graphs":[]},"schema_type":"default","schema_type_options":null,"pillar_content":false,"robots_default":true,"robots_noindex":false,"robots_noarchive":false,"robots_nosnippet":false,"robots_nofollow":false,"robots_noimageindex":false,"robots_noodp":false,"robots_notranslate":false,"robots_max_snippet":null,"robots_max_videopreview":null,"robots_max_imagepreview":"large","priority":null,"frequency":null,"local_seo":null,"breadcrumb_settings":null,"limit_modified_date":false,"ai":null,"created":"2025-03-22 06:40:31","updated":"2025-10-26 12:50:52","seo_analyzer_scan_date":null},"aioseo_breadcrumb":"<div class=\"aioseo-breadcrumbs\"><span class=\"aioseo-breadcrumb\">\n\t\t\t<a href=\"https:\/\/www.worldrally.eu\" title=\"Home\">Home<\/a>\n\t\t<\/span><span class=\"aioseo-breadcrumb-separator\">&raquo;<\/span><span class=\"aioseo-breadcrumb\">\n\t\t\t<a href=\"https:\/\/www.worldrally.eu\/index.php\/category\/erc\/\" title=\"ERC\">ERC<\/a>\n\t\t<\/span><span class=\"aioseo-breadcrumb-separator\">&raquo;<\/span><span class=\"aioseo-breadcrumb\">\n\t\t\tMare\u0161 w nowym aucie.\n\t\t<\/span><\/div>","aioseo_breadcrumb_json":[{"label":"Home","link":"https:\/\/www.worldrally.eu"},{"label":"ERC","link":"https:\/\/www.worldrally.eu\/index.php\/category\/erc\/"},{"label":"Mare\u0161 w nowym aucie.","link":"https:\/\/www.worldrally.eu\/index.php\/2024\/04\/03\/mares-w-nowym-aucie\/"}],"cc_featured_image_caption":{"caption_text":"Foto - Mare\u0161  FB","source_text":"","source_url":""},"_links":{"self":[{"href":"https:\/\/www.worldrally.eu\/index.php\/wp-json\/wp\/v2\/posts\/2677","targetHints":{"allow":["GET"]}}],"collection":[{"href":"https:\/\/www.worldrally.eu\/index.php\/wp-json\/wp\/v2\/posts"}],"about":[{"href":"https:\/\/www.worldrally.eu\/index.php\/wp-json\/wp\/v2\/types\/post"}],"author":[{"embeddable":true,"href":"https:\/\/www.worldrally.eu\/index.php\/wp-json\/wp\/v2\/users\/3"}],"replies":[{"embeddable":true,"href":"https:\/\/www.worldrally.eu\/index.php\/wp-json\/wp\/v2\/comments?post=2677"}],"version-history":[{"count":1,"href":"https:\/\/www.worldrally.eu\/index.php\/wp-json\/wp\/v2\/posts\/2677\/revisions"}],"predecessor-version":[{"id":2681,"href":"https:\/\/www.worldrally.eu\/index.php\/wp-json\/wp\/v2\/posts\/2677\/revisions\/2681"}],"wp:featuredmedia":[{"embeddable":true,"href":"https:\/\/www.worldrally.eu\/index.php\/wp-json\/wp\/v2\/media\/2678"}],"wp:attachment":[{"href":"https:\/\/www.worldrally.eu\/index.php\/wp-json\/wp\/v2\/media?parent=2677"}],"wp:term":[{"taxonomy":"category","embeddable":true,"href":"https:\/\/www.worldrally.eu\/index.php\/wp-json\/wp\/v2\/categories?post=2677"},{"taxonomy":"post_tag","embeddable":true,"href":"https:\/\/www.worldrally.eu\/index.php\/wp-json\/wp\/v2\/tags?post=2677"}],"curies":[{"name":"wp","href":"https:\/\/api.w.org\/{rel}","templated":true}]}}