{"id":2646,"date":"2024-01-06T23:01:00","date_gmt":"2024-01-06T23:01:00","guid":{"rendered":"https:\/\/www.worldrally.eu\/?p=2646"},"modified":"2024-03-29T11:20:46","modified_gmt":"2024-03-29T11:20:46","slug":"lengauer-pozostaje-liderem-mares-zmniejsza-strate","status":"publish","type":"post","link":"https:\/\/www.worldrally.eu\/index.php\/2024\/01\/06\/lengauer-pozostaje-liderem-mares-zmniejsza-strate\/","title":{"rendered":"Lengauer pozostaje liderem, Mare\u015b zmniejsza strat\u0119"},"content":{"rendered":"\n<p class=\"wp-block-paragraph\">Jak ju\u017c mog\u0142o wydawa\u0107 si\u0119, \u017ce Lengauer ma kontrole nad rajdem i bezpiecznie mo\u017ce pod\u0105\u017ca\u0107 po zwyci\u0119stwo tak OS 9 pokaza\u0142, \u017ce wszystko jest wci\u0105\u017c mo\u017cliwe. B\u0142\u0105d lidera kosztowa\u0142 go bardzo wiele trac\u0105c na tym odcinku 24,7 sekundy co da\u0142o mu dopiero dziewi\u0105ty czas przejazdu.<\/p>\n\n\n\n<blockquote class=\"wp-block-quote is-layout-flow wp-block-quote-is-layout-flow\">\n<p class=\"wp-block-paragraph\">Ten by\u0142 ca\u0142kiem w porz\u0105dku. Nie jestem pewien, czy na szerokich drogach nie przejecha\u0142em troch\u0119 z oponami<\/p>\n<cite>powiedzia\u0142 Lengauer  po OS10<\/cite><\/blockquote>\n\n\n\n<p class=\"wp-block-paragraph\">Mare\u015b wygra\u0142 dwa z czterech popo\u0142udniowych &#8211; wieczornych przejazd\u00f3w, co zmniejszy\u0142o jego przewag\u0119 do lidera i traci ju\u017c tylko 12,2 sekundy, tym samym zwi\u0119kszaj\u0105c swoj\u0105 przewag\u0119 na Wagnerem prawie dwukrotnie na czterech odcinkach.<\/p>\n\n\n\n<blockquote class=\"wp-block-quote is-layout-flow wp-block-quote-is-layout-flow\">\n<p class=\"wp-block-paragraph\">To d\u0142uga droga do przebycia. Ten by\u0142 naprawd\u0119 trudny, szczeg\u00f3lnie ostatnia cz\u0119\u015b\u0107 przypomina\u0142a Monte-Carlo. To dla mnie zupe\u0142nie co\u015b nowego.<br>Warunki s\u0105 do\u015b\u0107 szalone. Mamy solidne tempo i chcemy to kontynuowa\u0107<\/p>\n<cite>powiedzia\u0142 Mare\u015b<\/cite><\/blockquote>\n\n\n\n<p class=\"wp-block-paragraph\">Julian Wagner awansowa\u0142 na czwart\u0105 pozycj\u0119 wyprzedzaj\u0105c Chrisa Ingrama, niestety nasza za\u0142oga Ko\u0142tun \/ Pleskot musieli si\u0119 wycofa\u0107 po problemach z silnikiem.<\/p>\n\n\n\n<figure class=\"wp-block-image size-large\"><img fetchpriority=\"high\" decoding=\"async\" width=\"1024\" height=\"683\" src=\"https:\/\/www.worldrally.eu\/wp-content\/uploads\/2024\/03\/Rally-Janner-TG-MotorPhoto-64-1024x683.jpg\" alt=\"\" class=\"wp-image-2648\" srcset=\"https:\/\/www.worldrally.eu\/wp-content\/uploads\/2024\/03\/Rally-Janner-TG-MotorPhoto-64-1024x683.jpg 1024w, https:\/\/www.worldrally.eu\/wp-content\/uploads\/2024\/03\/Rally-Janner-TG-MotorPhoto-64-300x200.jpg 300w, https:\/\/www.worldrally.eu\/wp-content\/uploads\/2024\/03\/Rally-Janner-TG-MotorPhoto-64-768x512.jpg 768w, https:\/\/www.worldrally.eu\/wp-content\/uploads\/2024\/03\/Rally-Janner-TG-MotorPhoto-64-1536x1024.jpg 1536w, https:\/\/www.worldrally.eu\/wp-content\/uploads\/2024\/03\/Rally-Janner-TG-MotorPhoto-64-446x297.jpg 446w, https:\/\/www.worldrally.eu\/wp-content\/uploads\/2024\/03\/Rally-Janner-TG-MotorPhoto-64.jpg 1620w\" sizes=\"(max-width: 1024px) 100vw, 1024px\" \/><figcaption class=\"wp-element-caption\">Foto &#8211; TG MotorPhoto<\/figcaption><\/figure>\n\n\n\n<blockquote class=\"wp-block-quote is-layout-flow wp-block-quote-is-layout-flow\">\n<p class=\"wp-block-paragraph\">Warunki pogarsza\u0142y si\u0119 wraz z pogod\u0105 i pozycj\u0105 startow\u0105. Nie\u0142atwe.<br>Bardzo trudny etap. Spr\u00f3bowali\u015bmy czego\u015b z oponami i u\u017cyli\u015bmy troch\u0119 slick\u00f3w. Ale najwyra\u017aniej to nie wysz\u0142o. To by\u0142a w\u0142a\u015bciwa praca<\/p>\n<cite>powiedzia\u0142 Wagner<\/cite><\/blockquote>\n\n\n\n<figure class=\"wp-block-table\"><table><tbody><tr><td>1.<\/td><td><img decoding=\"async\" src=\"https:\/\/www.ewrc-results.com\/images\/flags2\/austria2.png\" alt=\"flag\"><br>#6<\/td><td><img decoding=\"async\" src=\"https:\/\/www.ewrc-results.com\/images\/icon\/skoda.png\" alt=\"logo\"> <a href=\"https:\/\/www.ewrc-results.com\/entryinfo\/85736-lkw-friends-on-the-road-jannerrallye-powered-by-wimberger-2024\/3911947\/\">Lengauer Michael &#8211; F\u00fcrst Erik<\/a><br>\u0160koda Fabia Rally2 evo <img decoding=\"async\" src=\"https:\/\/www.ewrc-results.com\/images\/tyres\/pirelli_red.png\" alt=\"tyre\"><\/td><td>RC2<\/td><td>1:07:41.0<br><\/td><td><\/td><td>91.2<\/td><\/tr><tr><td>2.<\/td><td><img decoding=\"async\" src=\"https:\/\/www.ewrc-results.com\/images\/flags2\/czech.png\" alt=\"flag\"><br>#2<\/td><td><img decoding=\"async\" src=\"https:\/\/www.ewrc-results.com\/images\/icon\/skoda.png\" alt=\"logo\"> <a href=\"https:\/\/www.ewrc-results.com\/entryinfo\/85736-lkw-friends-on-the-road-jannerrallye-powered-by-wimberger-2024\/3911940\/\">Mare\u0161 Filip &#8211; Bucha Radovan<\/a><br>\u0160koda Fabia Rally2 evo <img decoding=\"async\" src=\"https:\/\/www.ewrc-results.com\/images\/tyres\/pirelli_red.png\" alt=\"tyre\"><\/td><td>RC2<\/td><td>1:07:53.2<br>0:10<\/td><td>+12.2<br>+12.2<\/td><td>91.1<br>0.12<\/td><\/tr><tr><td>3.<\/td><td><img decoding=\"async\" src=\"https:\/\/www.ewrc-results.com\/images\/flags2\/austria2.png\" alt=\"flag\"><br>#1<\/td><td><img decoding=\"async\" src=\"https:\/\/www.ewrc-results.com\/images\/icon\/skoda2023b.png\" alt=\"logo\"> <a href=\"https:\/\/www.ewrc-results.com\/entryinfo\/85736-lkw-friends-on-the-road-jannerrallye-powered-by-wimberger-2024\/3911938\/\">Wagner Simon &#8211; Winter Gerald<\/a><br>\u0160koda Fabia RS Rally2 <img decoding=\"async\" src=\"https:\/\/www.ewrc-results.com\/images\/tyres\/michelin_red.png\" alt=\"tyre\"><\/td><td>RC2<\/td><td>1:08:12.9<br><\/td><td>+31.9<br>+19.7<\/td><td>90.5<br>0.31<\/td><\/tr><tr><td>4.<br>+1<\/td><td><img decoding=\"async\" src=\"https:\/\/www.ewrc-results.com\/images\/flags2\/austria2.png\" alt=\"flag\"><br>#7<\/td><td><img decoding=\"async\" src=\"https:\/\/www.ewrc-results.com\/images\/icon\/skoda2023b.png\" alt=\"logo\"> <a href=\"https:\/\/www.ewrc-results.com\/entryinfo\/85736-lkw-friends-on-the-road-jannerrallye-powered-by-wimberger-2024\/3911949\/\">Wagner Julian &#8211; Ostlender Hanna<\/a><br>\u0160koda Fabia RS Rally2 <img decoding=\"async\" src=\"https:\/\/www.ewrc-results.com\/images\/tyres\/pirelli_red.png\" alt=\"tyre\"><\/td><td>RC2<\/td><td>1:08:18.3<br><\/td><td>+37.3<br>+5.4<\/td><td>90.4<br>0.36<\/td><\/tr><tr><td>5.<br>\u22121<\/td><td><img decoding=\"async\" src=\"https:\/\/www.ewrc-results.com\/images\/flags2\/uk.png\" alt=\"flag\"><br>#5<\/td><td><img decoding=\"async\" src=\"https:\/\/www.ewrc-results.com\/images\/icon\/skoda2023b.png\" alt=\"logo\"> <a href=\"https:\/\/www.ewrc-results.com\/entryinfo\/85736-lkw-friends-on-the-road-jannerrallye-powered-by-wimberger-2024\/3911946\/\">Ingram Chris &#8211; McKillop Hannah<\/a><br>\u0160koda Fabia RS Rally2 <img decoding=\"async\" src=\"https:\/\/www.ewrc-results.com\/images\/tyres\/pirelli_red.png\" alt=\"tyre\"><\/td><td>RC2<\/td><td>1:08:22.3<br><\/td><td>+41.3<br>+4.0<\/td><td>90.3<br>0.40<\/td><\/tr><tr><td>6.<\/td><td><img decoding=\"async\" src=\"https:\/\/www.ewrc-results.com\/images\/flags2\/austria2.png\" alt=\"flag\"><br>#4<\/td><td><img decoding=\"async\" src=\"https:\/\/www.ewrc-results.com\/images\/icon\/citroen2009.png\" alt=\"logo\"> <a href=\"https:\/\/www.ewrc-results.com\/entryinfo\/85736-lkw-friends-on-the-road-jannerrallye-powered-by-wimberger-2024\/3896789\/\">Waldherr Luca &#8211; Maier Claudia<\/a><br>Citro\u00ebn C3 Rally2 <img decoding=\"async\" src=\"https:\/\/www.ewrc-results.com\/images\/tyres\/pirelli_red.png\" alt=\"tyre\"><\/td><td>RC2<\/td><td>1:08:49.6<br><\/td><td>+1:08.6<br>+27.3<\/td><td>89.7<br>0.67<\/td><\/tr><tr><td>7.<\/td><td><img decoding=\"async\" src=\"https:\/\/www.ewrc-results.com\/images\/flags2\/austria2.png\" alt=\"flag\"><br>#12<\/td><td><img decoding=\"async\" src=\"https:\/\/www.ewrc-results.com\/images\/icon\/ford.png\" alt=\"logo\"> <a href=\"https:\/\/www.ewrc-results.com\/entryinfo\/85736-lkw-friends-on-the-road-jannerrallye-powered-by-wimberger-2024\/3893744\/\">Fischerlehner Martin &#8211; Schmidt C.<\/a><br>Ford Fiesta Rally2 <img decoding=\"async\" src=\"https:\/\/www.ewrc-results.com\/images\/tyres\/pirelli_red.png\" alt=\"tyre\"><\/td><td>RC2<\/td><td>1:10:58.2<br><\/td><td>+3:17.2<br>+2:08.6<\/td><td>87.0<br>1.92<\/td><\/tr><tr><td>8.<\/td><td><img decoding=\"async\" src=\"https:\/\/www.ewrc-results.com\/images\/flags2\/austria2.png\" alt=\"flag\"><br>#9<\/td><td><img decoding=\"async\" src=\"https:\/\/www.ewrc-results.com\/images\/icon\/skoda2023b.png\" alt=\"logo\"> <a href=\"https:\/\/www.ewrc-results.com\/entryinfo\/85736-lkw-friends-on-the-road-jannerrallye-powered-by-wimberger-2024\/3906341\/\">Keferb\u00f6ck Johannes &#8211; Minor Ilka<\/a><br>\u0160koda Fabia RS Rally2 <img decoding=\"async\" src=\"https:\/\/www.ewrc-results.com\/images\/tyres\/michelin_red.png\" alt=\"tyre\"><\/td><td>RC2<\/td><td>1:11:24.4<br><\/td><td>+3:43.4<br>+26.2<\/td><td>86.4<br>2.17<\/td><\/tr><tr><td>9.<br>+2<\/td><td><img decoding=\"async\" src=\"https:\/\/www.ewrc-results.com\/images\/flags2\/hungary.png\" alt=\"flag\"><br>#14<\/td><td><img decoding=\"async\" src=\"https:\/\/www.ewrc-results.com\/images\/icon\/skoda2023b.png\" alt=\"logo\"> <a href=\"https:\/\/www.ewrc-results.com\/entryinfo\/85736-lkw-friends-on-the-road-jannerrallye-powered-by-wimberger-2024\/3895970\/\">L\u00e1szl\u00f3 Martin &#8211; B\u00e1n Viktor<\/a><br>\u0160koda Fabia RS Rally2 <img decoding=\"async\" src=\"https:\/\/www.ewrc-results.com\/images\/tyres\/pirelli_red.png\" alt=\"tyre\"><\/td><td>RC2<\/td><td>1:12:59.1<br>1:10<\/td><td>+5:18.1<br>+1:34.7<\/td><td>85.9<br>3.09<\/td><\/tr><tr><td>10.<\/td><td><img decoding=\"async\" src=\"https:\/\/www.ewrc-results.com\/images\/flags2\/austria2.png\" alt=\"flag\"><br>#10<\/td><td><img decoding=\"async\" src=\"https:\/\/www.ewrc-results.com\/images\/icon\/vw2012.png\" alt=\"logo\"> <a href=\"https:\/\/www.ewrc-results.com\/entryinfo\/85736-lkw-friends-on-the-road-jannerrallye-powered-by-wimberger-2024\/3900763\/\">Rosenberger Kris &#8211; Schwarz S.<\/a><br>Volkswagen Polo GTI R5 <img decoding=\"async\" src=\"https:\/\/www.ewrc-results.com\/images\/tyres\/michelin_red.png\" alt=\"tyre\"><\/td><td>RC2<\/td><td>1:13:17.1<br><\/td><td>+5:36.1<br>+18.0<\/td><td>84.2<br>3.27<\/td><\/tr><tr><td>11.<br>+1<\/td><td><img decoding=\"async\" src=\"https:\/\/www.ewrc-results.com\/images\/flags2\/austria2.png\" alt=\"flag\"><br>#19<\/td><td><img decoding=\"async\" src=\"https:\/\/www.ewrc-results.com\/images\/icon\/suzuki.png\" alt=\"logo\"> <a href=\"https:\/\/www.ewrc-results.com\/entryinfo\/85736-lkw-friends-on-the-road-jannerrallye-powered-by-wimberger-2024\/3895715\/\">Zellhofer Christoph &#8211; Kachel A.<\/a><br>Suzuki Swift ZMX <img decoding=\"async\" src=\"https:\/\/www.ewrc-results.com\/images\/tyres\/pirelli_red.png\" alt=\"tyre\"><\/td><td>8<\/td><td>1:13:54.0<br><\/td><td>+6:13.0<br>+36.9<\/td><td>83.5<br>3.63<\/td><\/tr><tr><td>12.<br>+1<\/td><td><img decoding=\"async\" src=\"https:\/\/www.ewrc-results.com\/images\/flags2\/germany.png\" alt=\"flag\"><br>#15<\/td><td><img decoding=\"async\" src=\"https:\/\/www.ewrc-results.com\/images\/icon\/skoda2023b.png\" alt=\"logo\"> <a href=\"https:\/\/www.ewrc-results.com\/entryinfo\/85736-lkw-friends-on-the-road-jannerrallye-powered-by-wimberger-2024\/3906753\/\">Rostek Dennis &#8211; Ettel Bernhard<\/a><br>\u0160koda Fabia RS Rally2 <img decoding=\"async\" src=\"https:\/\/www.ewrc-results.com\/images\/tyres\/pirelli_red.png\" alt=\"tyre\"><\/td><td>RC2<\/td><td>1:14:08.1<br><\/td><td>+6:27.1<br>+14.1<\/td><td>83.2<br>3.76<\/td><\/tr><tr><td>13.<br>+1<\/td><td><img decoding=\"async\" src=\"https:\/\/www.ewrc-results.com\/images\/flags2\/austria2.png\" alt=\"flag\"><br>#20<\/td><td><img decoding=\"async\" src=\"https:\/\/www.ewrc-results.com\/images\/icon\/mitsu.png\" alt=\"logo\"> <a href=\"https:\/\/www.ewrc-results.com\/entryinfo\/85736-lkw-friends-on-the-road-jannerrallye-powered-by-wimberger-2024\/3894339\/\">Seiberl Johann &#8211; Pirklbauer D.<\/a><br>Mitsubishi Lancer Evo VI <img decoding=\"async\" src=\"https:\/\/www.ewrc-results.com\/images\/tyres\/michelin_red.png\" alt=\"tyre\"><\/td><td>7.1<\/td><td>1:14:26.0<br><\/td><td>+6:45.0<br>+17.9<\/td><td>82.9<br>3.94<\/td><\/tr><tr><td>14.<br>+1<\/td><td><img decoding=\"async\" src=\"https:\/\/www.ewrc-results.com\/images\/flags2\/austria2.png\" alt=\"flag\"><br>#23<\/td><td><img decoding=\"async\" src=\"https:\/\/www.ewrc-results.com\/images\/icon\/skoda.png\" alt=\"logo\"> <a href=\"https:\/\/www.ewrc-results.com\/entryinfo\/85736-lkw-friends-on-the-road-jannerrallye-powered-by-wimberger-2024\/3892415\/\">Wurm Manuel &#8211; Hackl Stefan<\/a><br>\u0160koda Fabia Rally2 evo <img decoding=\"async\" src=\"https:\/\/www.ewrc-results.com\/images\/tyres\/michelin_red.png\" alt=\"tyre\"><\/td><td>RC2<\/td><td>1:14:46.3<br><\/td><td>+7:05.3<br>+20.3<\/td><td>82.5<br>4.13<\/td><\/tr><tr><td>15.<br>+1<\/td><td><img decoding=\"async\" src=\"https:\/\/www.ewrc-results.com\/images\/flags2\/germany.png\" alt=\"flag\"><br>#21<\/td><td><img decoding=\"async\" src=\"https:\/\/www.ewrc-results.com\/images\/icon\/toyota2019.png\" alt=\"logo\"> <a href=\"https:\/\/www.ewrc-results.com\/entryinfo\/85736-lkw-friends-on-the-road-jannerrallye-powered-by-wimberger-2024\/3892428\/\">Ga\u00dfner Hermann sen. &#8211; Vrga N.<\/a><br>Toyota GR Yaris <img decoding=\"async\" src=\"https:\/\/www.ewrc-results.com\/images\/tyres\/pirelli_red.png\" alt=\"tyre\"><\/td><td>10<\/td><td>1:15:03.4<br><\/td><td>+7:22.4<br>+17.1<\/td><td>82.2<br>4.30<\/td><\/tr><\/tbody><\/table><\/figure>\n","protected":false},"excerpt":{"rendered":"<p>Jak ju\u017c mog\u0142o wydawa\u0107 si\u0119, \u017ce Lengauer ma kontrole nad rajdem i bezpiecznie mo\u017ce pod\u0105\u017ca\u0107 po zwyci\u0119stwo tak OS 9 pokaza\u0142, \u017ce wszystko jest wci\u0105\u017c mo\u017cliwe. B\u0142\u0105d lidera kosztowa\u0142 go bardzo wiele trac\u0105c na tym odcinku 24,7 sekundy co da\u0142o mu dopiero dziewi\u0105ty czas przejazdu. Ten by\u0142 ca\u0142kiem w porz\u0105dku. Nie jestem pewien, czy na [&hellip;]<\/p>\n","protected":false},"author":3,"featured_media":2647,"comment_status":"closed","ping_status":"closed","sticky":false,"template":"","format":"standard","meta":{"_monsterinsights_skip_tracking":false,"_monsterinsights_sitenote_active":false,"_monsterinsights_sitenote_note":"","_monsterinsights_sitenote_category":0,"footnotes":""},"categories":[9],"tags":[],"class_list":["post-2646","post","type-post","status-publish","format-standard","has-post-thumbnail","hentry","category-rajdy"],"aioseo_notices":[],"aioseo_head":"\n\t\t<!-- All in One SEO 4.9.9 - aioseo.com -->\n\t<meta name=\"description\" content=\"Jak ju\u017c mog\u0142o wydawa\u0107 si\u0119, \u017ce Lengauer ma kontrole nad rajdem i bezpiecznie mo\u017ce pod\u0105\u017ca\u0107 po zwyci\u0119stwo tak OS 9 pokaza\u0142, \u017ce wszystko jest wci\u0105\u017c mo\u017cliwe. B\u0142\u0105d lidera kosztowa\u0142 go bardzo wiele trac\u0105c na tym odcinku 24,7 sekundy co da\u0142o mu dopiero dziewi\u0105ty czas przejazdu. Ten by\u0142 ca\u0142kiem w porz\u0105dku. Nie jestem pewien, czy na\" \/>\n\t<meta name=\"robots\" content=\"max-image-preview:large\" \/>\n\t<meta name=\"author\" content=\"Jacek\"\/>\n\t<link rel=\"canonical\" href=\"https:\/\/www.worldrally.eu\/index.php\/2024\/01\/06\/lengauer-pozostaje-liderem-mares-zmniejsza-strate\/\" \/>\n\t<meta name=\"generator\" content=\"All in One SEO (AIOSEO) 4.9.9\" \/>\n\t\t<meta property=\"og:locale\" content=\"en_GB\" \/>\n\t\t<meta property=\"og:site_name\" content=\"WorldRally.eu \u00bb\" \/>\n\t\t<meta property=\"og:type\" content=\"article\" \/>\n\t\t<meta property=\"og:title\" content=\"Lengauer pozostaje liderem, Mare\u015b zmniejsza strat\u0119 \u00bb WorldRally.eu\" \/>\n\t\t<meta property=\"og:description\" content=\"Jak ju\u017c mog\u0142o wydawa\u0107 si\u0119, \u017ce Lengauer ma kontrole nad rajdem i bezpiecznie mo\u017ce pod\u0105\u017ca\u0107 po zwyci\u0119stwo tak OS 9 pokaza\u0142, \u017ce wszystko jest wci\u0105\u017c mo\u017cliwe. B\u0142\u0105d lidera kosztowa\u0142 go bardzo wiele trac\u0105c na tym odcinku 24,7 sekundy co da\u0142o mu dopiero dziewi\u0105ty czas przejazdu. Ten by\u0142 ca\u0142kiem w porz\u0105dku. Nie jestem pewien, czy na\" \/>\n\t\t<meta property=\"og:url\" content=\"https:\/\/www.worldrally.eu\/index.php\/2024\/01\/06\/lengauer-pozostaje-liderem-mares-zmniejsza-strate\/\" \/>\n\t\t<meta property=\"og:image\" content=\"https:\/\/www.worldrally.eu\/wp-content\/uploads\/2024\/03\/Rally-Janner-TG-MotorPhoto-53.jpg\" \/>\n\t\t<meta property=\"og:image:secure_url\" content=\"https:\/\/www.worldrally.eu\/wp-content\/uploads\/2024\/03\/Rally-Janner-TG-MotorPhoto-53.jpg\" \/>\n\t\t<meta property=\"og:image:width\" content=\"1620\" \/>\n\t\t<meta property=\"og:image:height\" content=\"1080\" \/>\n\t\t<meta property=\"article:published_time\" content=\"2024-01-06T23:01:00+00:00\" \/>\n\t\t<meta property=\"article:modified_time\" content=\"2024-03-29T11:20:46+00:00\" \/>\n\t\t<meta name=\"twitter:card\" content=\"summary_large_image\" \/>\n\t\t<meta name=\"twitter:title\" content=\"Lengauer pozostaje liderem, Mare\u015b zmniejsza strat\u0119 \u00bb WorldRally.eu\" \/>\n\t\t<meta name=\"twitter:description\" content=\"Jak ju\u017c mog\u0142o wydawa\u0107 si\u0119, \u017ce Lengauer ma kontrole nad rajdem i bezpiecznie mo\u017ce pod\u0105\u017ca\u0107 po zwyci\u0119stwo tak OS 9 pokaza\u0142, \u017ce wszystko jest wci\u0105\u017c mo\u017cliwe. B\u0142\u0105d lidera kosztowa\u0142 go bardzo wiele trac\u0105c na tym odcinku 24,7 sekundy co da\u0142o mu dopiero dziewi\u0105ty czas przejazdu. Ten by\u0142 ca\u0142kiem w porz\u0105dku. Nie jestem pewien, czy na\" \/>\n\t\t<meta name=\"twitter:image\" content=\"https:\/\/www.worldrally.eu\/wp-content\/uploads\/2024\/03\/Rally-Janner-TG-MotorPhoto-53.jpg\" \/>\n\t\t<script type=\"application\/ld+json\" class=\"aioseo-schema\">\n\t\t\t{\"@context\":\"https:\\\/\\\/schema.org\",\"@graph\":[{\"@type\":\"BlogPosting\",\"@id\":\"https:\\\/\\\/www.worldrally.eu\\\/index.php\\\/2024\\\/01\\\/06\\\/lengauer-pozostaje-liderem-mares-zmniejsza-strate\\\/#blogposting\",\"name\":\"Lengauer pozostaje liderem, Mare\\u015b zmniejsza strat\\u0119 \\u00bb WorldRally.eu\",\"headline\":\"Lengauer pozostaje liderem, Mare\\u015b zmniejsza strat\\u0119\",\"author\":{\"@id\":\"https:\\\/\\\/www.worldrally.eu\\\/index.php\\\/author\\\/jacek\\\/#author\"},\"publisher\":{\"@id\":\"https:\\\/\\\/www.worldrally.eu\\\/#organization\"},\"image\":{\"@type\":\"ImageObject\",\"url\":\"https:\\\/\\\/www.worldrally.eu\\\/wp-content\\\/uploads\\\/2024\\\/03\\\/Rally-Janner-TG-MotorPhoto-53.jpg\",\"width\":1620,\"height\":1080},\"datePublished\":\"2024-01-06T23:01:00+00:00\",\"dateModified\":\"2024-03-29T11:20:46+00:00\",\"inLanguage\":\"en-GB\",\"mainEntityOfPage\":{\"@id\":\"https:\\\/\\\/www.worldrally.eu\\\/index.php\\\/2024\\\/01\\\/06\\\/lengauer-pozostaje-liderem-mares-zmniejsza-strate\\\/#webpage\"},\"isPartOf\":{\"@id\":\"https:\\\/\\\/www.worldrally.eu\\\/index.php\\\/2024\\\/01\\\/06\\\/lengauer-pozostaje-liderem-mares-zmniejsza-strate\\\/#webpage\"},\"articleSection\":\"Rajdy\"},{\"@type\":\"BreadcrumbList\",\"@id\":\"https:\\\/\\\/www.worldrally.eu\\\/index.php\\\/2024\\\/01\\\/06\\\/lengauer-pozostaje-liderem-mares-zmniejsza-strate\\\/#breadcrumblist\",\"itemListElement\":[{\"@type\":\"ListItem\",\"@id\":\"https:\\\/\\\/www.worldrally.eu#listItem\",\"position\":1,\"name\":\"Home\",\"item\":\"https:\\\/\\\/www.worldrally.eu\",\"nextItem\":{\"@type\":\"ListItem\",\"@id\":\"https:\\\/\\\/www.worldrally.eu\\\/index.php\\\/category\\\/rajdy\\\/#listItem\",\"name\":\"Rajdy\"}},{\"@type\":\"ListItem\",\"@id\":\"https:\\\/\\\/www.worldrally.eu\\\/index.php\\\/category\\\/rajdy\\\/#listItem\",\"position\":2,\"name\":\"Rajdy\",\"item\":\"https:\\\/\\\/www.worldrally.eu\\\/index.php\\\/category\\\/rajdy\\\/\",\"nextItem\":{\"@type\":\"ListItem\",\"@id\":\"https:\\\/\\\/www.worldrally.eu\\\/index.php\\\/2024\\\/01\\\/06\\\/lengauer-pozostaje-liderem-mares-zmniejsza-strate\\\/#listItem\",\"name\":\"Lengauer pozostaje liderem, Mare\\u015b zmniejsza strat\\u0119\"},\"previousItem\":{\"@type\":\"ListItem\",\"@id\":\"https:\\\/\\\/www.worldrally.eu#listItem\",\"name\":\"Home\"}},{\"@type\":\"ListItem\",\"@id\":\"https:\\\/\\\/www.worldrally.eu\\\/index.php\\\/2024\\\/01\\\/06\\\/lengauer-pozostaje-liderem-mares-zmniejsza-strate\\\/#listItem\",\"position\":3,\"name\":\"Lengauer pozostaje liderem, Mare\\u015b zmniejsza strat\\u0119\",\"previousItem\":{\"@type\":\"ListItem\",\"@id\":\"https:\\\/\\\/www.worldrally.eu\\\/index.php\\\/category\\\/rajdy\\\/#listItem\",\"name\":\"Rajdy\"}}]},{\"@type\":\"Organization\",\"@id\":\"https:\\\/\\\/www.worldrally.eu\\\/#organization\",\"name\":\"WorldRally.eu\",\"url\":\"https:\\\/\\\/www.worldrally.eu\\\/\",\"logo\":{\"@type\":\"ImageObject\",\"url\":\"https:\\\/\\\/www.worldrally.eu\\\/wp-content\\\/uploads\\\/2026\\\/01\\\/cropped-logo-3.png\",\"@id\":\"https:\\\/\\\/www.worldrally.eu\\\/index.php\\\/2024\\\/01\\\/06\\\/lengauer-pozostaje-liderem-mares-zmniejsza-strate\\\/#organizationLogo\",\"width\":2039,\"height\":756},\"image\":{\"@id\":\"https:\\\/\\\/www.worldrally.eu\\\/index.php\\\/2024\\\/01\\\/06\\\/lengauer-pozostaje-liderem-mares-zmniejsza-strate\\\/#organizationLogo\"}},{\"@type\":\"Person\",\"@id\":\"https:\\\/\\\/www.worldrally.eu\\\/index.php\\\/author\\\/jacek\\\/#author\",\"url\":\"https:\\\/\\\/www.worldrally.eu\\\/index.php\\\/author\\\/jacek\\\/\",\"name\":\"Jacek\",\"image\":{\"@type\":\"ImageObject\",\"@id\":\"https:\\\/\\\/www.worldrally.eu\\\/index.php\\\/2024\\\/01\\\/06\\\/lengauer-pozostaje-liderem-mares-zmniejsza-strate\\\/#authorImage\",\"url\":\"https:\\\/\\\/secure.gravatar.com\\\/avatar\\\/7e4a580579d0c9624bc0b76edfd763a961e17e709b8c19c4e55064fd24596b04?s=96&d=mm&r=g\",\"width\":96,\"height\":96,\"caption\":\"Jacek\"}},{\"@type\":\"WebPage\",\"@id\":\"https:\\\/\\\/www.worldrally.eu\\\/index.php\\\/2024\\\/01\\\/06\\\/lengauer-pozostaje-liderem-mares-zmniejsza-strate\\\/#webpage\",\"url\":\"https:\\\/\\\/www.worldrally.eu\\\/index.php\\\/2024\\\/01\\\/06\\\/lengauer-pozostaje-liderem-mares-zmniejsza-strate\\\/\",\"name\":\"Lengauer pozostaje liderem, Mare\\u015b zmniejsza strat\\u0119 \\u00bb WorldRally.eu\",\"description\":\"Jak ju\\u017c mog\\u0142o wydawa\\u0107 si\\u0119, \\u017ce Lengauer ma kontrole nad rajdem i bezpiecznie mo\\u017ce pod\\u0105\\u017ca\\u0107 po zwyci\\u0119stwo tak OS 9 pokaza\\u0142, \\u017ce wszystko jest wci\\u0105\\u017c mo\\u017cliwe. B\\u0142\\u0105d lidera kosztowa\\u0142 go bardzo wiele trac\\u0105c na tym odcinku 24,7 sekundy co da\\u0142o mu dopiero dziewi\\u0105ty czas przejazdu. Ten by\\u0142 ca\\u0142kiem w porz\\u0105dku. Nie jestem pewien, czy na\",\"inLanguage\":\"en-GB\",\"isPartOf\":{\"@id\":\"https:\\\/\\\/www.worldrally.eu\\\/#website\"},\"breadcrumb\":{\"@id\":\"https:\\\/\\\/www.worldrally.eu\\\/index.php\\\/2024\\\/01\\\/06\\\/lengauer-pozostaje-liderem-mares-zmniejsza-strate\\\/#breadcrumblist\"},\"author\":{\"@id\":\"https:\\\/\\\/www.worldrally.eu\\\/index.php\\\/author\\\/jacek\\\/#author\"},\"creator\":{\"@id\":\"https:\\\/\\\/www.worldrally.eu\\\/index.php\\\/author\\\/jacek\\\/#author\"},\"image\":{\"@type\":\"ImageObject\",\"url\":\"https:\\\/\\\/www.worldrally.eu\\\/wp-content\\\/uploads\\\/2024\\\/03\\\/Rally-Janner-TG-MotorPhoto-53.jpg\",\"@id\":\"https:\\\/\\\/www.worldrally.eu\\\/index.php\\\/2024\\\/01\\\/06\\\/lengauer-pozostaje-liderem-mares-zmniejsza-strate\\\/#mainImage\",\"width\":1620,\"height\":1080},\"primaryImageOfPage\":{\"@id\":\"https:\\\/\\\/www.worldrally.eu\\\/index.php\\\/2024\\\/01\\\/06\\\/lengauer-pozostaje-liderem-mares-zmniejsza-strate\\\/#mainImage\"},\"datePublished\":\"2024-01-06T23:01:00+00:00\",\"dateModified\":\"2024-03-29T11:20:46+00:00\"},{\"@type\":\"WebSite\",\"@id\":\"https:\\\/\\\/www.worldrally.eu\\\/#website\",\"url\":\"https:\\\/\\\/www.worldrally.eu\\\/\",\"name\":\"WorldRally.eu\",\"inLanguage\":\"en-GB\",\"publisher\":{\"@id\":\"https:\\\/\\\/www.worldrally.eu\\\/#organization\"}}]}\n\t\t<\/script>\n\t\t<!-- All in One SEO -->\n\n","aioseo_head_json":{"title":"Lengauer pozostaje liderem, Mare\u015b zmniejsza strat\u0119 \u00bb WorldRally.eu","description":"Jak ju\u017c mog\u0142o wydawa\u0107 si\u0119, \u017ce Lengauer ma kontrole nad rajdem i bezpiecznie mo\u017ce pod\u0105\u017ca\u0107 po zwyci\u0119stwo tak OS 9 pokaza\u0142, \u017ce wszystko jest wci\u0105\u017c mo\u017cliwe. B\u0142\u0105d lidera kosztowa\u0142 go bardzo wiele trac\u0105c na tym odcinku 24,7 sekundy co da\u0142o mu dopiero dziewi\u0105ty czas przejazdu. Ten by\u0142 ca\u0142kiem w porz\u0105dku. Nie jestem pewien, czy na","canonical_url":"https:\/\/www.worldrally.eu\/index.php\/2024\/01\/06\/lengauer-pozostaje-liderem-mares-zmniejsza-strate\/","robots":"max-image-preview:large","keywords":"","webmasterTools":{"miscellaneous":""},"schema":{"@context":"https:\/\/schema.org","@graph":[{"@type":"BlogPosting","@id":"https:\/\/www.worldrally.eu\/index.php\/2024\/01\/06\/lengauer-pozostaje-liderem-mares-zmniejsza-strate\/#blogposting","name":"Lengauer pozostaje liderem, Mare\u015b zmniejsza strat\u0119 \u00bb WorldRally.eu","headline":"Lengauer pozostaje liderem, Mare\u015b zmniejsza strat\u0119","author":{"@id":"https:\/\/www.worldrally.eu\/index.php\/author\/jacek\/#author"},"publisher":{"@id":"https:\/\/www.worldrally.eu\/#organization"},"image":{"@type":"ImageObject","url":"https:\/\/www.worldrally.eu\/wp-content\/uploads\/2024\/03\/Rally-Janner-TG-MotorPhoto-53.jpg","width":1620,"height":1080},"datePublished":"2024-01-06T23:01:00+00:00","dateModified":"2024-03-29T11:20:46+00:00","inLanguage":"en-GB","mainEntityOfPage":{"@id":"https:\/\/www.worldrally.eu\/index.php\/2024\/01\/06\/lengauer-pozostaje-liderem-mares-zmniejsza-strate\/#webpage"},"isPartOf":{"@id":"https:\/\/www.worldrally.eu\/index.php\/2024\/01\/06\/lengauer-pozostaje-liderem-mares-zmniejsza-strate\/#webpage"},"articleSection":"Rajdy"},{"@type":"BreadcrumbList","@id":"https:\/\/www.worldrally.eu\/index.php\/2024\/01\/06\/lengauer-pozostaje-liderem-mares-zmniejsza-strate\/#breadcrumblist","itemListElement":[{"@type":"ListItem","@id":"https:\/\/www.worldrally.eu#listItem","position":1,"name":"Home","item":"https:\/\/www.worldrally.eu","nextItem":{"@type":"ListItem","@id":"https:\/\/www.worldrally.eu\/index.php\/category\/rajdy\/#listItem","name":"Rajdy"}},{"@type":"ListItem","@id":"https:\/\/www.worldrally.eu\/index.php\/category\/rajdy\/#listItem","position":2,"name":"Rajdy","item":"https:\/\/www.worldrally.eu\/index.php\/category\/rajdy\/","nextItem":{"@type":"ListItem","@id":"https:\/\/www.worldrally.eu\/index.php\/2024\/01\/06\/lengauer-pozostaje-liderem-mares-zmniejsza-strate\/#listItem","name":"Lengauer pozostaje liderem, Mare\u015b zmniejsza strat\u0119"},"previousItem":{"@type":"ListItem","@id":"https:\/\/www.worldrally.eu#listItem","name":"Home"}},{"@type":"ListItem","@id":"https:\/\/www.worldrally.eu\/index.php\/2024\/01\/06\/lengauer-pozostaje-liderem-mares-zmniejsza-strate\/#listItem","position":3,"name":"Lengauer pozostaje liderem, Mare\u015b zmniejsza strat\u0119","previousItem":{"@type":"ListItem","@id":"https:\/\/www.worldrally.eu\/index.php\/category\/rajdy\/#listItem","name":"Rajdy"}}]},{"@type":"Organization","@id":"https:\/\/www.worldrally.eu\/#organization","name":"WorldRally.eu","url":"https:\/\/www.worldrally.eu\/","logo":{"@type":"ImageObject","url":"https:\/\/www.worldrally.eu\/wp-content\/uploads\/2026\/01\/cropped-logo-3.png","@id":"https:\/\/www.worldrally.eu\/index.php\/2024\/01\/06\/lengauer-pozostaje-liderem-mares-zmniejsza-strate\/#organizationLogo","width":2039,"height":756},"image":{"@id":"https:\/\/www.worldrally.eu\/index.php\/2024\/01\/06\/lengauer-pozostaje-liderem-mares-zmniejsza-strate\/#organizationLogo"}},{"@type":"Person","@id":"https:\/\/www.worldrally.eu\/index.php\/author\/jacek\/#author","url":"https:\/\/www.worldrally.eu\/index.php\/author\/jacek\/","name":"Jacek","image":{"@type":"ImageObject","@id":"https:\/\/www.worldrally.eu\/index.php\/2024\/01\/06\/lengauer-pozostaje-liderem-mares-zmniejsza-strate\/#authorImage","url":"https:\/\/secure.gravatar.com\/avatar\/7e4a580579d0c9624bc0b76edfd763a961e17e709b8c19c4e55064fd24596b04?s=96&d=mm&r=g","width":96,"height":96,"caption":"Jacek"}},{"@type":"WebPage","@id":"https:\/\/www.worldrally.eu\/index.php\/2024\/01\/06\/lengauer-pozostaje-liderem-mares-zmniejsza-strate\/#webpage","url":"https:\/\/www.worldrally.eu\/index.php\/2024\/01\/06\/lengauer-pozostaje-liderem-mares-zmniejsza-strate\/","name":"Lengauer pozostaje liderem, Mare\u015b zmniejsza strat\u0119 \u00bb WorldRally.eu","description":"Jak ju\u017c mog\u0142o wydawa\u0107 si\u0119, \u017ce Lengauer ma kontrole nad rajdem i bezpiecznie mo\u017ce pod\u0105\u017ca\u0107 po zwyci\u0119stwo tak OS 9 pokaza\u0142, \u017ce wszystko jest wci\u0105\u017c mo\u017cliwe. B\u0142\u0105d lidera kosztowa\u0142 go bardzo wiele trac\u0105c na tym odcinku 24,7 sekundy co da\u0142o mu dopiero dziewi\u0105ty czas przejazdu. Ten by\u0142 ca\u0142kiem w porz\u0105dku. Nie jestem pewien, czy na","inLanguage":"en-GB","isPartOf":{"@id":"https:\/\/www.worldrally.eu\/#website"},"breadcrumb":{"@id":"https:\/\/www.worldrally.eu\/index.php\/2024\/01\/06\/lengauer-pozostaje-liderem-mares-zmniejsza-strate\/#breadcrumblist"},"author":{"@id":"https:\/\/www.worldrally.eu\/index.php\/author\/jacek\/#author"},"creator":{"@id":"https:\/\/www.worldrally.eu\/index.php\/author\/jacek\/#author"},"image":{"@type":"ImageObject","url":"https:\/\/www.worldrally.eu\/wp-content\/uploads\/2024\/03\/Rally-Janner-TG-MotorPhoto-53.jpg","@id":"https:\/\/www.worldrally.eu\/index.php\/2024\/01\/06\/lengauer-pozostaje-liderem-mares-zmniejsza-strate\/#mainImage","width":1620,"height":1080},"primaryImageOfPage":{"@id":"https:\/\/www.worldrally.eu\/index.php\/2024\/01\/06\/lengauer-pozostaje-liderem-mares-zmniejsza-strate\/#mainImage"},"datePublished":"2024-01-06T23:01:00+00:00","dateModified":"2024-03-29T11:20:46+00:00"},{"@type":"WebSite","@id":"https:\/\/www.worldrally.eu\/#website","url":"https:\/\/www.worldrally.eu\/","name":"WorldRally.eu","inLanguage":"en-GB","publisher":{"@id":"https:\/\/www.worldrally.eu\/#organization"}}]},"og:locale":"en_GB","og:site_name":"WorldRally.eu \u00bb","og:type":"article","og:title":"Lengauer pozostaje liderem, Mare\u015b zmniejsza strat\u0119 \u00bb WorldRally.eu","og:description":"Jak ju\u017c mog\u0142o wydawa\u0107 si\u0119, \u017ce Lengauer ma kontrole nad rajdem i bezpiecznie mo\u017ce pod\u0105\u017ca\u0107 po zwyci\u0119stwo tak OS 9 pokaza\u0142, \u017ce wszystko jest wci\u0105\u017c mo\u017cliwe. B\u0142\u0105d lidera kosztowa\u0142 go bardzo wiele trac\u0105c na tym odcinku 24,7 sekundy co da\u0142o mu dopiero dziewi\u0105ty czas przejazdu. Ten by\u0142 ca\u0142kiem w porz\u0105dku. Nie jestem pewien, czy na","og:url":"https:\/\/www.worldrally.eu\/index.php\/2024\/01\/06\/lengauer-pozostaje-liderem-mares-zmniejsza-strate\/","og:image":"https:\/\/www.worldrally.eu\/wp-content\/uploads\/2024\/03\/Rally-Janner-TG-MotorPhoto-53.jpg","og:image:secure_url":"https:\/\/www.worldrally.eu\/wp-content\/uploads\/2024\/03\/Rally-Janner-TG-MotorPhoto-53.jpg","og:image:width":1620,"og:image:height":1080,"article:published_time":"2024-01-06T23:01:00+00:00","article:modified_time":"2024-03-29T11:20:46+00:00","twitter:card":"summary_large_image","twitter:title":"Lengauer pozostaje liderem, Mare\u015b zmniejsza strat\u0119 \u00bb WorldRally.eu","twitter:description":"Jak ju\u017c mog\u0142o wydawa\u0107 si\u0119, \u017ce Lengauer ma kontrole nad rajdem i bezpiecznie mo\u017ce pod\u0105\u017ca\u0107 po zwyci\u0119stwo tak OS 9 pokaza\u0142, \u017ce wszystko jest wci\u0105\u017c mo\u017cliwe. B\u0142\u0105d lidera kosztowa\u0142 go bardzo wiele trac\u0105c na tym odcinku 24,7 sekundy co da\u0142o mu dopiero dziewi\u0105ty czas przejazdu. Ten by\u0142 ca\u0142kiem w porz\u0105dku. Nie jestem pewien, czy na","twitter:image":"https:\/\/www.worldrally.eu\/wp-content\/uploads\/2024\/03\/Rally-Janner-TG-MotorPhoto-53.jpg"},"aioseo_meta_data":{"post_id":"2646","title":null,"description":null,"keywords":null,"keyphrases":null,"primary_term":null,"canonical_url":null,"og_title":null,"og_description":null,"og_object_type":"default","og_image_type":"default","og_image_url":null,"og_image_width":null,"og_image_height":null,"og_image_custom_url":null,"og_image_custom_fields":null,"og_video":null,"og_custom_url":null,"og_article_section":null,"og_article_tags":null,"twitter_use_og":false,"twitter_card":"default","twitter_image_type":"default","twitter_image_url":null,"twitter_image_custom_url":null,"twitter_image_custom_fields":null,"twitter_title":null,"twitter_description":null,"schema":{"blockGraphs":[],"customGraphs":[],"default":{"data":{"Article":[],"Course":[],"Dataset":[],"FAQPage":[],"Movie":[],"Person":[],"Product":[],"ProductReview":[],"Car":[],"Recipe":[],"Service":[],"SoftwareApplication":[],"WebPage":[]},"graphName":"","isEnabled":true},"graphs":[]},"schema_type":"default","schema_type_options":null,"pillar_content":false,"robots_default":true,"robots_noindex":false,"robots_noarchive":false,"robots_nosnippet":false,"robots_nofollow":false,"robots_noimageindex":false,"robots_noodp":false,"robots_notranslate":false,"robots_max_snippet":null,"robots_max_videopreview":null,"robots_max_imagepreview":"large","priority":null,"frequency":null,"local_seo":null,"breadcrumb_settings":null,"limit_modified_date":false,"ai":null,"created":"2025-03-22 06:33:09","updated":"2025-10-26 12:22:13","seo_analyzer_scan_date":null},"aioseo_breadcrumb":"<div class=\"aioseo-breadcrumbs\"><span class=\"aioseo-breadcrumb\">\n\t\t\t<a href=\"https:\/\/www.worldrally.eu\" title=\"Home\">Home<\/a>\n\t\t<\/span><span class=\"aioseo-breadcrumb-separator\">&raquo;<\/span><span class=\"aioseo-breadcrumb\">\n\t\t\t<a href=\"https:\/\/www.worldrally.eu\/index.php\/category\/rajdy\/\" title=\"Rajdy\">Rajdy<\/a>\n\t\t<\/span><span class=\"aioseo-breadcrumb-separator\">&raquo;<\/span><span class=\"aioseo-breadcrumb\">\n\t\t\tLengauer pozostaje liderem, Mare\u015b zmniejsza strat\u0119\n\t\t<\/span><\/div>","aioseo_breadcrumb_json":[{"label":"Home","link":"https:\/\/www.worldrally.eu"},{"label":"Rajdy","link":"https:\/\/www.worldrally.eu\/index.php\/category\/rajdy\/"},{"label":"Lengauer pozostaje liderem, Mare\u015b zmniejsza strat\u0119","link":"https:\/\/www.worldrally.eu\/index.php\/2024\/01\/06\/lengauer-pozostaje-liderem-mares-zmniejsza-strate\/"}],"cc_featured_image_caption":{"caption_text":"Foto - TG MotorPhoto","source_text":"","source_url":""},"_links":{"self":[{"href":"https:\/\/www.worldrally.eu\/index.php\/wp-json\/wp\/v2\/posts\/2646","targetHints":{"allow":["GET"]}}],"collection":[{"href":"https:\/\/www.worldrally.eu\/index.php\/wp-json\/wp\/v2\/posts"}],"about":[{"href":"https:\/\/www.worldrally.eu\/index.php\/wp-json\/wp\/v2\/types\/post"}],"author":[{"embeddable":true,"href":"https:\/\/www.worldrally.eu\/index.php\/wp-json\/wp\/v2\/users\/3"}],"replies":[{"embeddable":true,"href":"https:\/\/www.worldrally.eu\/index.php\/wp-json\/wp\/v2\/comments?post=2646"}],"version-history":[{"count":1,"href":"https:\/\/www.worldrally.eu\/index.php\/wp-json\/wp\/v2\/posts\/2646\/revisions"}],"predecessor-version":[{"id":2649,"href":"https:\/\/www.worldrally.eu\/index.php\/wp-json\/wp\/v2\/posts\/2646\/revisions\/2649"}],"wp:featuredmedia":[{"embeddable":true,"href":"https:\/\/www.worldrally.eu\/index.php\/wp-json\/wp\/v2\/media\/2647"}],"wp:attachment":[{"href":"https:\/\/www.worldrally.eu\/index.php\/wp-json\/wp\/v2\/media?parent=2646"}],"wp:term":[{"taxonomy":"category","embeddable":true,"href":"https:\/\/www.worldrally.eu\/index.php\/wp-json\/wp\/v2\/categories?post=2646"},{"taxonomy":"post_tag","embeddable":true,"href":"https:\/\/www.worldrally.eu\/index.php\/wp-json\/wp\/v2\/tags?post=2646"}],"curies":[{"name":"wp","href":"https:\/\/api.w.org\/{rel}","templated":true}]}}