{"id":2628,"date":"2024-03-28T22:44:25","date_gmt":"2024-03-28T22:44:25","guid":{"rendered":"https:\/\/www.worldrally.eu\/?p=2628"},"modified":"2024-03-28T22:44:26","modified_gmt":"2024-03-28T22:44:26","slug":"amstrong-w-pelnym-sezonie-erc","status":"publish","type":"post","link":"https:\/\/www.worldrally.eu\/index.php\/2024\/03\/28\/amstrong-w-pelnym-sezonie-erc\/","title":{"rendered":"Amstrong w pe\u0142nym sezonie ERC"},"content":{"rendered":"\n<p class=\"wp-block-paragraph\">Jon Armstrong jest fabrycznym kierowc\u0105 M-Sport w Rajdowych Mistrzostwach Europy. 29-latek b\u0119dzie je\u017adzi\u0142 Fordem Fiest\u0105 Rally2 w tegorocznej edycji ERC.<\/p>\n\n\n\n<p class=\"wp-block-paragraph\">Irlandczyk z Irlandii P\u00f3\u0142nocnej, kt\u00f3rego rok 2024 b\u0119dzie wspierany przez Motorsport Ireland Rally Academy, powiedzia\u0142.<\/p>\n\n\n\n<blockquote class=\"wp-block-quote is-layout-flow wp-block-quote-is-layout-flow\">\n<p class=\"wp-block-paragraph\">To spe\u0142nienie marze\u0144, m\u00f3c sp\u0119dzi\u0107 ca\u0142y rok za kierownic\u0105 samochodu Rally2. Pracowali\u015bmy nad tym przez wiele lat i jestem bardzo wdzi\u0119czny firmie M-Sport za t\u0119 szans\u0119, a tak\u017ce wsparcie ze strony MI Rally Academy, Seacon UK, sprzeda\u017cy C&amp;M Motorsport i wszystkich moich bliskich partner\u00f3w. Wspaniale jest blisko wsp\u00f3\u0142pracowa\u0107 z Eoinem [Treacy] i Akademi\u0105 MI w tym roku i jestem naprawd\u0119 dumny, \u017ce mog\u0119 reprezentowa\u0107 spo\u0142eczno\u015b\u0107 rajdow\u0105 w domu. Jestem podekscytowany wsp\u00f3\u0142prac\u0105 z innymi cz\u0142onkami MI Academy i wsp\u00f3ln\u0105 prac\u0105 nad osi\u0105gni\u0119ciem naszych cel\u00f3w.<\/p>\n<\/blockquote>\n\n\n\n<figure class=\"wp-block-image size-large\"><img fetchpriority=\"high\" decoding=\"async\" width=\"1024\" height=\"1024\" src=\"https:\/\/www.worldrally.eu\/wp-content\/uploads\/2024\/03\/434151045_961246852564617_5006470562271225338_n-1024x1024.jpg\" alt=\"\" class=\"wp-image-2630\" srcset=\"https:\/\/www.worldrally.eu\/wp-content\/uploads\/2024\/03\/434151045_961246852564617_5006470562271225338_n-1024x1024.jpg 1024w, https:\/\/www.worldrally.eu\/wp-content\/uploads\/2024\/03\/434151045_961246852564617_5006470562271225338_n-300x300.jpg 300w, https:\/\/www.worldrally.eu\/wp-content\/uploads\/2024\/03\/434151045_961246852564617_5006470562271225338_n-150x150.jpg 150w, https:\/\/www.worldrally.eu\/wp-content\/uploads\/2024\/03\/434151045_961246852564617_5006470562271225338_n-768x768.jpg 768w, https:\/\/www.worldrally.eu\/wp-content\/uploads\/2024\/03\/434151045_961246852564617_5006470562271225338_n-350x350.jpg 350w, https:\/\/www.worldrally.eu\/wp-content\/uploads\/2024\/03\/434151045_961246852564617_5006470562271225338_n.jpg 1440w\" sizes=\"(max-width: 1024px) 100vw, 1024px\" \/><figcaption class=\"wp-element-caption\">Foto &#8211; FIAerc<\/figcaption><\/figure>\n\n\n\n<blockquote class=\"wp-block-quote is-layout-flow wp-block-quote-is-layout-flow\">\n<p class=\"wp-block-paragraph\">Osi\u0105gni\u0119cia Jona w 2023 roku ilustruj\u0105 talent i potencja\u0142, kt\u00f3ry staramy si\u0119 wspiera\u0107 w M-Sport. Nasza filozofia zawsze skupia\u0142a si\u0119 na identyfikowaniu i wychowywaniu m\u0142odych kierowc\u00f3w, zapewniaj\u0105c im platform\u0119 do osi\u0105gania doskona\u0142ych wynik\u00f3w w rajdach na najwy\u017cszym poziomie. Dotychczasowe post\u0119py Jona i nowy rozdzia\u0142 z nami w ERC 2024 s\u0105 \u015bwiadectwem naszej tradycji wspierania talent\u00f3w i ambicji w sporcie<\/p>\n<cite>powiedzia\u0142 Wilson<\/cite><\/blockquote>\n\n\n\n<figure class=\"wp-block-image size-large\"><img decoding=\"async\" width=\"1024\" height=\"1024\" src=\"https:\/\/www.worldrally.eu\/wp-content\/uploads\/2024\/03\/434185988_961246849231284_5811934382745088335_n-1024x1024.jpg\" alt=\"\" class=\"wp-image-2631\" srcset=\"https:\/\/www.worldrally.eu\/wp-content\/uploads\/2024\/03\/434185988_961246849231284_5811934382745088335_n-1024x1024.jpg 1024w, https:\/\/www.worldrally.eu\/wp-content\/uploads\/2024\/03\/434185988_961246849231284_5811934382745088335_n-300x300.jpg 300w, https:\/\/www.worldrally.eu\/wp-content\/uploads\/2024\/03\/434185988_961246849231284_5811934382745088335_n-150x150.jpg 150w, https:\/\/www.worldrally.eu\/wp-content\/uploads\/2024\/03\/434185988_961246849231284_5811934382745088335_n-768x768.jpg 768w, https:\/\/www.worldrally.eu\/wp-content\/uploads\/2024\/03\/434185988_961246849231284_5811934382745088335_n-350x350.jpg 350w, https:\/\/www.worldrally.eu\/wp-content\/uploads\/2024\/03\/434185988_961246849231284_5811934382745088335_n.jpg 1440w\" sizes=\"(max-width: 1024px) 100vw, 1024px\" \/><figcaption class=\"wp-element-caption\">Foto &#8211; FIAerc<\/figcaption><\/figure>\n","protected":false},"excerpt":{"rendered":"<p>Jon Armstrong jest fabrycznym kierowc\u0105 M-Sport w Rajdowych Mistrzostwach Europy. 29-latek b\u0119dzie je\u017adzi\u0142 Fordem Fiest\u0105 Rally2 w tegorocznej edycji ERC. Irlandczyk z Irlandii P\u00f3\u0142nocnej, kt\u00f3rego rok 2024 b\u0119dzie wspierany przez Motorsport Ireland Rally Academy, powiedzia\u0142. To spe\u0142nienie marze\u0144, m\u00f3c sp\u0119dzi\u0107 ca\u0142y rok za kierownic\u0105 samochodu Rally2. Pracowali\u015bmy nad tym przez wiele lat i jestem bardzo [&hellip;]<\/p>\n","protected":false},"author":4,"featured_media":2629,"comment_status":"closed","ping_status":"closed","sticky":false,"template":"","format":"standard","meta":{"_monsterinsights_skip_tracking":false,"_monsterinsights_sitenote_active":false,"_monsterinsights_sitenote_note":"","_monsterinsights_sitenote_category":0,"footnotes":""},"categories":[4],"tags":[],"class_list":["post-2628","post","type-post","status-publish","format-standard","has-post-thumbnail","hentry","category-erc"],"aioseo_notices":[],"aioseo_head":"\n\t\t<!-- All in One SEO 4.9.9 - aioseo.com -->\n\t<meta name=\"description\" content=\"Jon Armstrong jest fabrycznym kierowc\u0105 M-Sport w Rajdowych Mistrzostwach Europy. 29-latek b\u0119dzie je\u017adzi\u0142 Fordem Fiest\u0105 Rally2 w tegorocznej edycji ERC. Irlandczyk z Irlandii P\u00f3\u0142nocnej, kt\u00f3rego rok 2024 b\u0119dzie wspierany przez Motorsport Ireland Rally Academy, powiedzia\u0142. To spe\u0142nienie marze\u0144, m\u00f3c sp\u0119dzi\u0107 ca\u0142y rok za kierownic\u0105 samochodu Rally2. Pracowali\u015bmy nad tym przez wiele lat i jestem bardzo\" \/>\n\t<meta name=\"robots\" content=\"max-image-preview:large\" \/>\n\t<meta name=\"author\" content=\"Slawek\"\/>\n\t<link rel=\"canonical\" href=\"https:\/\/www.worldrally.eu\/index.php\/2024\/03\/28\/amstrong-w-pelnym-sezonie-erc\/\" \/>\n\t<meta name=\"generator\" content=\"All in One SEO (AIOSEO) 4.9.9\" \/>\n\t\t<meta property=\"og:locale\" content=\"en_GB\" \/>\n\t\t<meta property=\"og:site_name\" content=\"WorldRally.eu \u00bb\" \/>\n\t\t<meta property=\"og:type\" content=\"article\" \/>\n\t\t<meta property=\"og:title\" content=\"Amstrong w pe\u0142nym sezonie ERC \u00bb WorldRally.eu\" \/>\n\t\t<meta property=\"og:description\" content=\"Jon Armstrong jest fabrycznym kierowc\u0105 M-Sport w Rajdowych Mistrzostwach Europy. 29-latek b\u0119dzie je\u017adzi\u0142 Fordem Fiest\u0105 Rally2 w tegorocznej edycji ERC. Irlandczyk z Irlandii P\u00f3\u0142nocnej, kt\u00f3rego rok 2024 b\u0119dzie wspierany przez Motorsport Ireland Rally Academy, powiedzia\u0142. To spe\u0142nienie marze\u0144, m\u00f3c sp\u0119dzi\u0107 ca\u0142y rok za kierownic\u0105 samochodu Rally2. Pracowali\u015bmy nad tym przez wiele lat i jestem bardzo\" \/>\n\t\t<meta property=\"og:url\" content=\"https:\/\/www.worldrally.eu\/index.php\/2024\/03\/28\/amstrong-w-pelnym-sezonie-erc\/\" \/>\n\t\t<meta property=\"og:image\" content=\"https:\/\/www.worldrally.eu\/wp-content\/uploads\/2024\/03\/434385108_961246845897951_6631805378832242488_n.jpg\" \/>\n\t\t<meta property=\"og:image:secure_url\" content=\"https:\/\/www.worldrally.eu\/wp-content\/uploads\/2024\/03\/434385108_961246845897951_6631805378832242488_n.jpg\" \/>\n\t\t<meta property=\"og:image:width\" content=\"1440\" \/>\n\t\t<meta property=\"og:image:height\" content=\"1440\" \/>\n\t\t<meta property=\"article:published_time\" content=\"2024-03-28T22:44:25+00:00\" \/>\n\t\t<meta property=\"article:modified_time\" content=\"2024-03-28T22:44:26+00:00\" \/>\n\t\t<meta name=\"twitter:card\" content=\"summary_large_image\" \/>\n\t\t<meta name=\"twitter:title\" content=\"Amstrong w pe\u0142nym sezonie ERC \u00bb WorldRally.eu\" \/>\n\t\t<meta name=\"twitter:description\" content=\"Jon Armstrong jest fabrycznym kierowc\u0105 M-Sport w Rajdowych Mistrzostwach Europy. 29-latek b\u0119dzie je\u017adzi\u0142 Fordem Fiest\u0105 Rally2 w tegorocznej edycji ERC. Irlandczyk z Irlandii P\u00f3\u0142nocnej, kt\u00f3rego rok 2024 b\u0119dzie wspierany przez Motorsport Ireland Rally Academy, powiedzia\u0142. To spe\u0142nienie marze\u0144, m\u00f3c sp\u0119dzi\u0107 ca\u0142y rok za kierownic\u0105 samochodu Rally2. Pracowali\u015bmy nad tym przez wiele lat i jestem bardzo\" \/>\n\t\t<meta name=\"twitter:image\" content=\"https:\/\/www.worldrally.eu\/wp-content\/uploads\/2024\/03\/434385108_961246845897951_6631805378832242488_n.jpg\" \/>\n\t\t<script type=\"application\/ld+json\" class=\"aioseo-schema\">\n\t\t\t{\"@context\":\"https:\\\/\\\/schema.org\",\"@graph\":[{\"@type\":\"BlogPosting\",\"@id\":\"https:\\\/\\\/www.worldrally.eu\\\/index.php\\\/2024\\\/03\\\/28\\\/amstrong-w-pelnym-sezonie-erc\\\/#blogposting\",\"name\":\"Amstrong w pe\\u0142nym sezonie ERC \\u00bb WorldRally.eu\",\"headline\":\"Amstrong w pe\\u0142nym sezonie ERC\",\"author\":{\"@id\":\"https:\\\/\\\/www.worldrally.eu\\\/index.php\\\/author\\\/slawek\\\/#author\"},\"publisher\":{\"@id\":\"https:\\\/\\\/www.worldrally.eu\\\/#organization\"},\"image\":{\"@type\":\"ImageObject\",\"url\":\"https:\\\/\\\/www.worldrally.eu\\\/wp-content\\\/uploads\\\/2024\\\/03\\\/434385108_961246845897951_6631805378832242488_n.jpg\",\"width\":1440,\"height\":1440},\"datePublished\":\"2024-03-28T22:44:25+00:00\",\"dateModified\":\"2024-03-28T22:44:26+00:00\",\"inLanguage\":\"en-GB\",\"mainEntityOfPage\":{\"@id\":\"https:\\\/\\\/www.worldrally.eu\\\/index.php\\\/2024\\\/03\\\/28\\\/amstrong-w-pelnym-sezonie-erc\\\/#webpage\"},\"isPartOf\":{\"@id\":\"https:\\\/\\\/www.worldrally.eu\\\/index.php\\\/2024\\\/03\\\/28\\\/amstrong-w-pelnym-sezonie-erc\\\/#webpage\"},\"articleSection\":\"ERC\"},{\"@type\":\"BreadcrumbList\",\"@id\":\"https:\\\/\\\/www.worldrally.eu\\\/index.php\\\/2024\\\/03\\\/28\\\/amstrong-w-pelnym-sezonie-erc\\\/#breadcrumblist\",\"itemListElement\":[{\"@type\":\"ListItem\",\"@id\":\"https:\\\/\\\/www.worldrally.eu#listItem\",\"position\":1,\"name\":\"Home\",\"item\":\"https:\\\/\\\/www.worldrally.eu\",\"nextItem\":{\"@type\":\"ListItem\",\"@id\":\"https:\\\/\\\/www.worldrally.eu\\\/index.php\\\/category\\\/erc\\\/#listItem\",\"name\":\"ERC\"}},{\"@type\":\"ListItem\",\"@id\":\"https:\\\/\\\/www.worldrally.eu\\\/index.php\\\/category\\\/erc\\\/#listItem\",\"position\":2,\"name\":\"ERC\",\"item\":\"https:\\\/\\\/www.worldrally.eu\\\/index.php\\\/category\\\/erc\\\/\",\"nextItem\":{\"@type\":\"ListItem\",\"@id\":\"https:\\\/\\\/www.worldrally.eu\\\/index.php\\\/2024\\\/03\\\/28\\\/amstrong-w-pelnym-sezonie-erc\\\/#listItem\",\"name\":\"Amstrong w pe\\u0142nym sezonie ERC\"},\"previousItem\":{\"@type\":\"ListItem\",\"@id\":\"https:\\\/\\\/www.worldrally.eu#listItem\",\"name\":\"Home\"}},{\"@type\":\"ListItem\",\"@id\":\"https:\\\/\\\/www.worldrally.eu\\\/index.php\\\/2024\\\/03\\\/28\\\/amstrong-w-pelnym-sezonie-erc\\\/#listItem\",\"position\":3,\"name\":\"Amstrong w pe\\u0142nym sezonie ERC\",\"previousItem\":{\"@type\":\"ListItem\",\"@id\":\"https:\\\/\\\/www.worldrally.eu\\\/index.php\\\/category\\\/erc\\\/#listItem\",\"name\":\"ERC\"}}]},{\"@type\":\"Organization\",\"@id\":\"https:\\\/\\\/www.worldrally.eu\\\/#organization\",\"name\":\"WorldRally.eu\",\"url\":\"https:\\\/\\\/www.worldrally.eu\\\/\",\"logo\":{\"@type\":\"ImageObject\",\"url\":\"https:\\\/\\\/www.worldrally.eu\\\/wp-content\\\/uploads\\\/2026\\\/01\\\/cropped-logo-3.png\",\"@id\":\"https:\\\/\\\/www.worldrally.eu\\\/index.php\\\/2024\\\/03\\\/28\\\/amstrong-w-pelnym-sezonie-erc\\\/#organizationLogo\",\"width\":2039,\"height\":756},\"image\":{\"@id\":\"https:\\\/\\\/www.worldrally.eu\\\/index.php\\\/2024\\\/03\\\/28\\\/amstrong-w-pelnym-sezonie-erc\\\/#organizationLogo\"}},{\"@type\":\"Person\",\"@id\":\"https:\\\/\\\/www.worldrally.eu\\\/index.php\\\/author\\\/slawek\\\/#author\",\"url\":\"https:\\\/\\\/www.worldrally.eu\\\/index.php\\\/author\\\/slawek\\\/\",\"name\":\"Slawek\",\"image\":{\"@type\":\"ImageObject\",\"@id\":\"https:\\\/\\\/www.worldrally.eu\\\/index.php\\\/2024\\\/03\\\/28\\\/amstrong-w-pelnym-sezonie-erc\\\/#authorImage\",\"url\":\"https:\\\/\\\/secure.gravatar.com\\\/avatar\\\/69f360f7dae72083ae4bc4ab808684e60db7862f2a4c55f482a5c339df672fd5?s=96&d=mm&r=g\",\"width\":96,\"height\":96,\"caption\":\"Slawek\"}},{\"@type\":\"WebPage\",\"@id\":\"https:\\\/\\\/www.worldrally.eu\\\/index.php\\\/2024\\\/03\\\/28\\\/amstrong-w-pelnym-sezonie-erc\\\/#webpage\",\"url\":\"https:\\\/\\\/www.worldrally.eu\\\/index.php\\\/2024\\\/03\\\/28\\\/amstrong-w-pelnym-sezonie-erc\\\/\",\"name\":\"Amstrong w pe\\u0142nym sezonie ERC \\u00bb WorldRally.eu\",\"description\":\"Jon Armstrong jest fabrycznym kierowc\\u0105 M-Sport w Rajdowych Mistrzostwach Europy. 29-latek b\\u0119dzie je\\u017adzi\\u0142 Fordem Fiest\\u0105 Rally2 w tegorocznej edycji ERC. Irlandczyk z Irlandii P\\u00f3\\u0142nocnej, kt\\u00f3rego rok 2024 b\\u0119dzie wspierany przez Motorsport Ireland Rally Academy, powiedzia\\u0142. To spe\\u0142nienie marze\\u0144, m\\u00f3c sp\\u0119dzi\\u0107 ca\\u0142y rok za kierownic\\u0105 samochodu Rally2. Pracowali\\u015bmy nad tym przez wiele lat i jestem bardzo\",\"inLanguage\":\"en-GB\",\"isPartOf\":{\"@id\":\"https:\\\/\\\/www.worldrally.eu\\\/#website\"},\"breadcrumb\":{\"@id\":\"https:\\\/\\\/www.worldrally.eu\\\/index.php\\\/2024\\\/03\\\/28\\\/amstrong-w-pelnym-sezonie-erc\\\/#breadcrumblist\"},\"author\":{\"@id\":\"https:\\\/\\\/www.worldrally.eu\\\/index.php\\\/author\\\/slawek\\\/#author\"},\"creator\":{\"@id\":\"https:\\\/\\\/www.worldrally.eu\\\/index.php\\\/author\\\/slawek\\\/#author\"},\"image\":{\"@type\":\"ImageObject\",\"url\":\"https:\\\/\\\/www.worldrally.eu\\\/wp-content\\\/uploads\\\/2024\\\/03\\\/434385108_961246845897951_6631805378832242488_n.jpg\",\"@id\":\"https:\\\/\\\/www.worldrally.eu\\\/index.php\\\/2024\\\/03\\\/28\\\/amstrong-w-pelnym-sezonie-erc\\\/#mainImage\",\"width\":1440,\"height\":1440},\"primaryImageOfPage\":{\"@id\":\"https:\\\/\\\/www.worldrally.eu\\\/index.php\\\/2024\\\/03\\\/28\\\/amstrong-w-pelnym-sezonie-erc\\\/#mainImage\"},\"datePublished\":\"2024-03-28T22:44:25+00:00\",\"dateModified\":\"2024-03-28T22:44:26+00:00\"},{\"@type\":\"WebSite\",\"@id\":\"https:\\\/\\\/www.worldrally.eu\\\/#website\",\"url\":\"https:\\\/\\\/www.worldrally.eu\\\/\",\"name\":\"WorldRally.eu\",\"inLanguage\":\"en-GB\",\"publisher\":{\"@id\":\"https:\\\/\\\/www.worldrally.eu\\\/#organization\"}}]}\n\t\t<\/script>\n\t\t<!-- All in One SEO -->\n\n","aioseo_head_json":{"title":"Amstrong w pe\u0142nym sezonie ERC \u00bb WorldRally.eu","description":"Jon Armstrong jest fabrycznym kierowc\u0105 M-Sport w Rajdowych Mistrzostwach Europy. 29-latek b\u0119dzie je\u017adzi\u0142 Fordem Fiest\u0105 Rally2 w tegorocznej edycji ERC. Irlandczyk z Irlandii P\u00f3\u0142nocnej, kt\u00f3rego rok 2024 b\u0119dzie wspierany przez Motorsport Ireland Rally Academy, powiedzia\u0142. To spe\u0142nienie marze\u0144, m\u00f3c sp\u0119dzi\u0107 ca\u0142y rok za kierownic\u0105 samochodu Rally2. Pracowali\u015bmy nad tym przez wiele lat i jestem bardzo","canonical_url":"https:\/\/www.worldrally.eu\/index.php\/2024\/03\/28\/amstrong-w-pelnym-sezonie-erc\/","robots":"max-image-preview:large","keywords":"","webmasterTools":{"miscellaneous":""},"schema":{"@context":"https:\/\/schema.org","@graph":[{"@type":"BlogPosting","@id":"https:\/\/www.worldrally.eu\/index.php\/2024\/03\/28\/amstrong-w-pelnym-sezonie-erc\/#blogposting","name":"Amstrong w pe\u0142nym sezonie ERC \u00bb WorldRally.eu","headline":"Amstrong w pe\u0142nym sezonie ERC","author":{"@id":"https:\/\/www.worldrally.eu\/index.php\/author\/slawek\/#author"},"publisher":{"@id":"https:\/\/www.worldrally.eu\/#organization"},"image":{"@type":"ImageObject","url":"https:\/\/www.worldrally.eu\/wp-content\/uploads\/2024\/03\/434385108_961246845897951_6631805378832242488_n.jpg","width":1440,"height":1440},"datePublished":"2024-03-28T22:44:25+00:00","dateModified":"2024-03-28T22:44:26+00:00","inLanguage":"en-GB","mainEntityOfPage":{"@id":"https:\/\/www.worldrally.eu\/index.php\/2024\/03\/28\/amstrong-w-pelnym-sezonie-erc\/#webpage"},"isPartOf":{"@id":"https:\/\/www.worldrally.eu\/index.php\/2024\/03\/28\/amstrong-w-pelnym-sezonie-erc\/#webpage"},"articleSection":"ERC"},{"@type":"BreadcrumbList","@id":"https:\/\/www.worldrally.eu\/index.php\/2024\/03\/28\/amstrong-w-pelnym-sezonie-erc\/#breadcrumblist","itemListElement":[{"@type":"ListItem","@id":"https:\/\/www.worldrally.eu#listItem","position":1,"name":"Home","item":"https:\/\/www.worldrally.eu","nextItem":{"@type":"ListItem","@id":"https:\/\/www.worldrally.eu\/index.php\/category\/erc\/#listItem","name":"ERC"}},{"@type":"ListItem","@id":"https:\/\/www.worldrally.eu\/index.php\/category\/erc\/#listItem","position":2,"name":"ERC","item":"https:\/\/www.worldrally.eu\/index.php\/category\/erc\/","nextItem":{"@type":"ListItem","@id":"https:\/\/www.worldrally.eu\/index.php\/2024\/03\/28\/amstrong-w-pelnym-sezonie-erc\/#listItem","name":"Amstrong w pe\u0142nym sezonie ERC"},"previousItem":{"@type":"ListItem","@id":"https:\/\/www.worldrally.eu#listItem","name":"Home"}},{"@type":"ListItem","@id":"https:\/\/www.worldrally.eu\/index.php\/2024\/03\/28\/amstrong-w-pelnym-sezonie-erc\/#listItem","position":3,"name":"Amstrong w pe\u0142nym sezonie ERC","previousItem":{"@type":"ListItem","@id":"https:\/\/www.worldrally.eu\/index.php\/category\/erc\/#listItem","name":"ERC"}}]},{"@type":"Organization","@id":"https:\/\/www.worldrally.eu\/#organization","name":"WorldRally.eu","url":"https:\/\/www.worldrally.eu\/","logo":{"@type":"ImageObject","url":"https:\/\/www.worldrally.eu\/wp-content\/uploads\/2026\/01\/cropped-logo-3.png","@id":"https:\/\/www.worldrally.eu\/index.php\/2024\/03\/28\/amstrong-w-pelnym-sezonie-erc\/#organizationLogo","width":2039,"height":756},"image":{"@id":"https:\/\/www.worldrally.eu\/index.php\/2024\/03\/28\/amstrong-w-pelnym-sezonie-erc\/#organizationLogo"}},{"@type":"Person","@id":"https:\/\/www.worldrally.eu\/index.php\/author\/slawek\/#author","url":"https:\/\/www.worldrally.eu\/index.php\/author\/slawek\/","name":"Slawek","image":{"@type":"ImageObject","@id":"https:\/\/www.worldrally.eu\/index.php\/2024\/03\/28\/amstrong-w-pelnym-sezonie-erc\/#authorImage","url":"https:\/\/secure.gravatar.com\/avatar\/69f360f7dae72083ae4bc4ab808684e60db7862f2a4c55f482a5c339df672fd5?s=96&d=mm&r=g","width":96,"height":96,"caption":"Slawek"}},{"@type":"WebPage","@id":"https:\/\/www.worldrally.eu\/index.php\/2024\/03\/28\/amstrong-w-pelnym-sezonie-erc\/#webpage","url":"https:\/\/www.worldrally.eu\/index.php\/2024\/03\/28\/amstrong-w-pelnym-sezonie-erc\/","name":"Amstrong w pe\u0142nym sezonie ERC \u00bb WorldRally.eu","description":"Jon Armstrong jest fabrycznym kierowc\u0105 M-Sport w Rajdowych Mistrzostwach Europy. 29-latek b\u0119dzie je\u017adzi\u0142 Fordem Fiest\u0105 Rally2 w tegorocznej edycji ERC. Irlandczyk z Irlandii P\u00f3\u0142nocnej, kt\u00f3rego rok 2024 b\u0119dzie wspierany przez Motorsport Ireland Rally Academy, powiedzia\u0142. To spe\u0142nienie marze\u0144, m\u00f3c sp\u0119dzi\u0107 ca\u0142y rok za kierownic\u0105 samochodu Rally2. Pracowali\u015bmy nad tym przez wiele lat i jestem bardzo","inLanguage":"en-GB","isPartOf":{"@id":"https:\/\/www.worldrally.eu\/#website"},"breadcrumb":{"@id":"https:\/\/www.worldrally.eu\/index.php\/2024\/03\/28\/amstrong-w-pelnym-sezonie-erc\/#breadcrumblist"},"author":{"@id":"https:\/\/www.worldrally.eu\/index.php\/author\/slawek\/#author"},"creator":{"@id":"https:\/\/www.worldrally.eu\/index.php\/author\/slawek\/#author"},"image":{"@type":"ImageObject","url":"https:\/\/www.worldrally.eu\/wp-content\/uploads\/2024\/03\/434385108_961246845897951_6631805378832242488_n.jpg","@id":"https:\/\/www.worldrally.eu\/index.php\/2024\/03\/28\/amstrong-w-pelnym-sezonie-erc\/#mainImage","width":1440,"height":1440},"primaryImageOfPage":{"@id":"https:\/\/www.worldrally.eu\/index.php\/2024\/03\/28\/amstrong-w-pelnym-sezonie-erc\/#mainImage"},"datePublished":"2024-03-28T22:44:25+00:00","dateModified":"2024-03-28T22:44:26+00:00"},{"@type":"WebSite","@id":"https:\/\/www.worldrally.eu\/#website","url":"https:\/\/www.worldrally.eu\/","name":"WorldRally.eu","inLanguage":"en-GB","publisher":{"@id":"https:\/\/www.worldrally.eu\/#organization"}}]},"og:locale":"en_GB","og:site_name":"WorldRally.eu \u00bb","og:type":"article","og:title":"Amstrong w pe\u0142nym sezonie ERC \u00bb WorldRally.eu","og:description":"Jon Armstrong jest fabrycznym kierowc\u0105 M-Sport w Rajdowych Mistrzostwach Europy. 29-latek b\u0119dzie je\u017adzi\u0142 Fordem Fiest\u0105 Rally2 w tegorocznej edycji ERC. Irlandczyk z Irlandii P\u00f3\u0142nocnej, kt\u00f3rego rok 2024 b\u0119dzie wspierany przez Motorsport Ireland Rally Academy, powiedzia\u0142. To spe\u0142nienie marze\u0144, m\u00f3c sp\u0119dzi\u0107 ca\u0142y rok za kierownic\u0105 samochodu Rally2. Pracowali\u015bmy nad tym przez wiele lat i jestem bardzo","og:url":"https:\/\/www.worldrally.eu\/index.php\/2024\/03\/28\/amstrong-w-pelnym-sezonie-erc\/","og:image":"https:\/\/www.worldrally.eu\/wp-content\/uploads\/2024\/03\/434385108_961246845897951_6631805378832242488_n.jpg","og:image:secure_url":"https:\/\/www.worldrally.eu\/wp-content\/uploads\/2024\/03\/434385108_961246845897951_6631805378832242488_n.jpg","og:image:width":1440,"og:image:height":1440,"article:published_time":"2024-03-28T22:44:25+00:00","article:modified_time":"2024-03-28T22:44:26+00:00","twitter:card":"summary_large_image","twitter:title":"Amstrong w pe\u0142nym sezonie ERC \u00bb WorldRally.eu","twitter:description":"Jon Armstrong jest fabrycznym kierowc\u0105 M-Sport w Rajdowych Mistrzostwach Europy. 29-latek b\u0119dzie je\u017adzi\u0142 Fordem Fiest\u0105 Rally2 w tegorocznej edycji ERC. Irlandczyk z Irlandii P\u00f3\u0142nocnej, kt\u00f3rego rok 2024 b\u0119dzie wspierany przez Motorsport Ireland Rally Academy, powiedzia\u0142. To spe\u0142nienie marze\u0144, m\u00f3c sp\u0119dzi\u0107 ca\u0142y rok za kierownic\u0105 samochodu Rally2. Pracowali\u015bmy nad tym przez wiele lat i jestem bardzo","twitter:image":"https:\/\/www.worldrally.eu\/wp-content\/uploads\/2024\/03\/434385108_961246845897951_6631805378832242488_n.jpg"},"aioseo_meta_data":{"post_id":"2628","title":null,"description":null,"keywords":null,"keyphrases":null,"primary_term":null,"canonical_url":null,"og_title":null,"og_description":null,"og_object_type":"default","og_image_type":"default","og_image_url":null,"og_image_width":null,"og_image_height":null,"og_image_custom_url":null,"og_image_custom_fields":null,"og_video":null,"og_custom_url":null,"og_article_section":null,"og_article_tags":null,"twitter_use_og":false,"twitter_card":"default","twitter_image_type":"default","twitter_image_url":null,"twitter_image_custom_url":null,"twitter_image_custom_fields":null,"twitter_title":null,"twitter_description":null,"schema":{"blockGraphs":[],"customGraphs":[],"default":{"data":{"Article":[],"Course":[],"Dataset":[],"FAQPage":[],"Movie":[],"Person":[],"Product":[],"ProductReview":[],"Car":[],"Recipe":[],"Service":[],"SoftwareApplication":[],"WebPage":[]},"graphName":"","isEnabled":true},"graphs":[]},"schema_type":"default","schema_type_options":null,"pillar_content":false,"robots_default":true,"robots_noindex":false,"robots_noarchive":false,"robots_nosnippet":false,"robots_nofollow":false,"robots_noimageindex":false,"robots_noodp":false,"robots_notranslate":false,"robots_max_snippet":null,"robots_max_videopreview":null,"robots_max_imagepreview":"large","priority":null,"frequency":null,"local_seo":null,"breadcrumb_settings":null,"limit_modified_date":false,"ai":null,"created":"2025-03-22 06:40:31","updated":"2025-10-26 12:46:35","seo_analyzer_scan_date":null},"aioseo_breadcrumb":"<div class=\"aioseo-breadcrumbs\"><span class=\"aioseo-breadcrumb\">\n\t\t\t<a href=\"https:\/\/www.worldrally.eu\" title=\"Home\">Home<\/a>\n\t\t<\/span><span class=\"aioseo-breadcrumb-separator\">&raquo;<\/span><span class=\"aioseo-breadcrumb\">\n\t\t\t<a href=\"https:\/\/www.worldrally.eu\/index.php\/category\/erc\/\" title=\"ERC\">ERC<\/a>\n\t\t<\/span><span class=\"aioseo-breadcrumb-separator\">&raquo;<\/span><span class=\"aioseo-breadcrumb\">\n\t\t\tAmstrong w pe\u0142nym sezonie ERC\n\t\t<\/span><\/div>","aioseo_breadcrumb_json":[{"label":"Home","link":"https:\/\/www.worldrally.eu"},{"label":"ERC","link":"https:\/\/www.worldrally.eu\/index.php\/category\/erc\/"},{"label":"Amstrong w pe\u0142nym sezonie ERC","link":"https:\/\/www.worldrally.eu\/index.php\/2024\/03\/28\/amstrong-w-pelnym-sezonie-erc\/"}],"cc_featured_image_caption":{"caption_text":"Foto - FIAerc","source_text":"","source_url":""},"_links":{"self":[{"href":"https:\/\/www.worldrally.eu\/index.php\/wp-json\/wp\/v2\/posts\/2628","targetHints":{"allow":["GET"]}}],"collection":[{"href":"https:\/\/www.worldrally.eu\/index.php\/wp-json\/wp\/v2\/posts"}],"about":[{"href":"https:\/\/www.worldrally.eu\/index.php\/wp-json\/wp\/v2\/types\/post"}],"author":[{"embeddable":true,"href":"https:\/\/www.worldrally.eu\/index.php\/wp-json\/wp\/v2\/users\/4"}],"replies":[{"embeddable":true,"href":"https:\/\/www.worldrally.eu\/index.php\/wp-json\/wp\/v2\/comments?post=2628"}],"version-history":[{"count":1,"href":"https:\/\/www.worldrally.eu\/index.php\/wp-json\/wp\/v2\/posts\/2628\/revisions"}],"predecessor-version":[{"id":2632,"href":"https:\/\/www.worldrally.eu\/index.php\/wp-json\/wp\/v2\/posts\/2628\/revisions\/2632"}],"wp:featuredmedia":[{"embeddable":true,"href":"https:\/\/www.worldrally.eu\/index.php\/wp-json\/wp\/v2\/media\/2629"}],"wp:attachment":[{"href":"https:\/\/www.worldrally.eu\/index.php\/wp-json\/wp\/v2\/media?parent=2628"}],"wp:term":[{"taxonomy":"category","embeddable":true,"href":"https:\/\/www.worldrally.eu\/index.php\/wp-json\/wp\/v2\/categories?post=2628"},{"taxonomy":"post_tag","embeddable":true,"href":"https:\/\/www.worldrally.eu\/index.php\/wp-json\/wp\/v2\/tags?post=2628"}],"curies":[{"name":"wp","href":"https:\/\/api.w.org\/{rel}","templated":true}]}}