{"id":2590,"date":"2024-03-11T15:36:52","date_gmt":"2024-03-11T15:36:52","guid":{"rendered":"https:\/\/www.worldrally.eu\/?p=2590"},"modified":"2024-03-11T15:36:52","modified_gmt":"2024-03-11T15:36:52","slug":"rajd-wysp-kanaryjskich-dolaczy-do-kalendarza-wrc-w-2025-roku","status":"publish","type":"post","link":"https:\/\/www.worldrally.eu\/index.php\/2024\/03\/11\/rajd-wysp-kanaryjskich-dolaczy-do-kalendarza-wrc-w-2025-roku\/","title":{"rendered":"Rajd Wysp Kanaryjskich do\u0142\u0105czy do kalendarza WRC w 2025 roku"},"content":{"rendered":"\n<p class=\"wp-block-paragraph\">Rally Islas Canarias przejdzie z ERC do WRC w latach 2025 i 2026 podobnie jak Rajd \u0141otwy i ORLEN 80. Rajdu Polski.<\/p>\n\n\n\n<p class=\"wp-block-paragraph\">Dzisiejsze o\u015bwiadczenie zosta\u0142o og\u0142oszone przed mediami na Gran Canarii i opr\u00f3cz Promotora WRC i Todo Sport, uczestniczyli mi\u0119dzy innymi Prezydent Wysp Kanaryjskich Fernando Clavijo.<\/p>\n\n\n\n<blockquote class=\"wp-block-quote is-layout-flow wp-block-quote-is-layout-flow\">\n<p class=\"wp-block-paragraph\">Sprowadzenie Rajdu Wysp Kanaryjskich do WRC by\u0142o nagrod\u0105 za wiele lat pracy. To by\u0142 cel, o jakim marzy\u0142o kilka pokole\u0144, a teraz, wsp\u00f3lnie z Promotorem WRC, sta\u0142 si\u0119 w zasi\u0119gu r\u0119ki.<\/p>\n<cite>powiedzia\u0142 Germ\u00e1n Morales, dyrektor generalny promotora imprezy Club Deportivo Todo Sport.<\/cite><\/blockquote>\n\n\n\n<blockquote class=\"wp-block-quote is-layout-flow wp-block-quote-is-layout-flow\">\n<p class=\"wp-block-paragraph\">Od czasu dodania Rajdowych Mistrzostw Europy do naszego portfolio mistrzostw nie mieli\u015bmy \u017cadnych w\u0105tpliwo\u015bci co do zdolno\u015bci zespo\u0142u zarz\u0105dzaj\u0105cego rajdem do zorganizowania tego rajdu w przysz\u0142ym roku w kalendarzu WRC<\/p>\n<cite>powiedzia\u0142a Jona Siebel, dyrektor zarz\u0105dzaj\u0105ca promotora WRC.<\/cite><\/blockquote>\n\n\n\n<blockquote class=\"wp-block-quote is-layout-flow wp-block-quote-is-layout-flow\">\n<p class=\"wp-block-paragraph\">Jeste\u015bmy entuzjastycznie nastawieni do ponownego pojawienia si\u0119 Hiszpanii w kalendarzu WRC i zach\u0119camy do zobaczenia naszej jasno okre\u015blonej strategii, kt\u00f3ra da imprezom ERC szans\u0119 na urzeczywistnienie WRC, gdy Rajd Wysp Kanaryjskich b\u0119dzie nast\u0119pc\u0105 Rajdu \u0141otwy i Polski w 2024 roku.<\/p>\n<cite>doda\u0142<\/cite><\/blockquote>\n\n\n\n<p class=\"wp-block-paragraph\">Ostatnio WRC odwiedzi\u0142o Hiszpani\u0119 w 2022 r., kiedy rajd mia\u0142 miejsce w katalo\u0144skim nadmorskim kurorcie Salou<\/p>\n","protected":false},"excerpt":{"rendered":"<p>Rally Islas Canarias przejdzie z ERC do WRC w latach 2025 i 2026 podobnie jak Rajd \u0141otwy i ORLEN 80. Rajdu Polski. Dzisiejsze o\u015bwiadczenie zosta\u0142o og\u0142oszone przed mediami na Gran Canarii i opr\u00f3cz Promotora WRC i Todo Sport, uczestniczyli mi\u0119dzy innymi Prezydent Wysp Kanaryjskich Fernando Clavijo. Sprowadzenie Rajdu Wysp Kanaryjskich do WRC by\u0142o nagrod\u0105 za [&hellip;]<\/p>\n","protected":false},"author":4,"featured_media":2591,"comment_status":"closed","ping_status":"closed","sticky":false,"template":"","format":"standard","meta":{"_monsterinsights_skip_tracking":false,"_monsterinsights_sitenote_active":false,"_monsterinsights_sitenote_note":"","_monsterinsights_sitenote_category":0,"footnotes":""},"categories":[3],"tags":[],"class_list":["post-2590","post","type-post","status-publish","format-standard","has-post-thumbnail","hentry","category-wrc"],"aioseo_notices":[],"aioseo_head":"\n\t\t<!-- All in One SEO 4.9.9 - aioseo.com -->\n\t<meta name=\"description\" content=\"Rally Islas Canarias przejdzie z ERC do WRC w latach 2025 i 2026 podobnie jak Rajd \u0141otwy i ORLEN 80. Rajdu Polski. Dzisiejsze o\u015bwiadczenie zosta\u0142o og\u0142oszone przed mediami na Gran Canarii i opr\u00f3cz Promotora WRC i Todo Sport, uczestniczyli mi\u0119dzy innymi Prezydent Wysp Kanaryjskich Fernando Clavijo. Sprowadzenie Rajdu Wysp Kanaryjskich do WRC by\u0142o nagrod\u0105 za\" \/>\n\t<meta name=\"robots\" content=\"max-image-preview:large\" \/>\n\t<meta name=\"author\" content=\"Slawek\"\/>\n\t<link rel=\"canonical\" href=\"https:\/\/www.worldrally.eu\/index.php\/2024\/03\/11\/rajd-wysp-kanaryjskich-dolaczy-do-kalendarza-wrc-w-2025-roku\/\" \/>\n\t<meta name=\"generator\" content=\"All in One SEO (AIOSEO) 4.9.9\" \/>\n\t\t<meta property=\"og:locale\" content=\"en_GB\" \/>\n\t\t<meta property=\"og:site_name\" content=\"WorldRally.eu \u00bb\" \/>\n\t\t<meta property=\"og:type\" content=\"article\" \/>\n\t\t<meta property=\"og:title\" content=\"Rajd Wysp Kanaryjskich do\u0142\u0105czy do kalendarza WRC w 2025 roku \u00bb WorldRally.eu\" \/>\n\t\t<meta property=\"og:description\" content=\"Rally Islas Canarias przejdzie z ERC do WRC w latach 2025 i 2026 podobnie jak Rajd \u0141otwy i ORLEN 80. Rajdu Polski. Dzisiejsze o\u015bwiadczenie zosta\u0142o og\u0142oszone przed mediami na Gran Canarii i opr\u00f3cz Promotora WRC i Todo Sport, uczestniczyli mi\u0119dzy innymi Prezydent Wysp Kanaryjskich Fernando Clavijo. Sprowadzenie Rajdu Wysp Kanaryjskich do WRC by\u0142o nagrod\u0105 za\" \/>\n\t\t<meta property=\"og:url\" content=\"https:\/\/www.worldrally.eu\/index.php\/2024\/03\/11\/rajd-wysp-kanaryjskich-dolaczy-do-kalendarza-wrc-w-2025-roku\/\" \/>\n\t\t<meta property=\"og:image\" content=\"https:\/\/www.worldrally.eu\/wp-content\/uploads\/2024\/03\/Monte-Carlo-2024-PhotoMs.se-photo-motorsport.com-2.jpg\" \/>\n\t\t<meta property=\"og:image:secure_url\" content=\"https:\/\/www.worldrally.eu\/wp-content\/uploads\/2024\/03\/Monte-Carlo-2024-PhotoMs.se-photo-motorsport.com-2.jpg\" \/>\n\t\t<meta property=\"og:image:width\" content=\"1620\" \/>\n\t\t<meta property=\"og:image:height\" content=\"1080\" \/>\n\t\t<meta property=\"article:published_time\" content=\"2024-03-11T15:36:52+00:00\" \/>\n\t\t<meta property=\"article:modified_time\" content=\"2024-03-11T15:36:52+00:00\" \/>\n\t\t<meta name=\"twitter:card\" content=\"summary_large_image\" \/>\n\t\t<meta name=\"twitter:title\" content=\"Rajd Wysp Kanaryjskich do\u0142\u0105czy do kalendarza WRC w 2025 roku \u00bb WorldRally.eu\" \/>\n\t\t<meta name=\"twitter:description\" content=\"Rally Islas Canarias przejdzie z ERC do WRC w latach 2025 i 2026 podobnie jak Rajd \u0141otwy i ORLEN 80. Rajdu Polski. Dzisiejsze o\u015bwiadczenie zosta\u0142o og\u0142oszone przed mediami na Gran Canarii i opr\u00f3cz Promotora WRC i Todo Sport, uczestniczyli mi\u0119dzy innymi Prezydent Wysp Kanaryjskich Fernando Clavijo. Sprowadzenie Rajdu Wysp Kanaryjskich do WRC by\u0142o nagrod\u0105 za\" \/>\n\t\t<meta name=\"twitter:image\" content=\"https:\/\/www.worldrally.eu\/wp-content\/uploads\/2024\/03\/Monte-Carlo-2024-PhotoMs.se-photo-motorsport.com-2.jpg\" \/>\n\t\t<script type=\"application\/ld+json\" class=\"aioseo-schema\">\n\t\t\t{\"@context\":\"https:\\\/\\\/schema.org\",\"@graph\":[{\"@type\":\"BlogPosting\",\"@id\":\"https:\\\/\\\/www.worldrally.eu\\\/index.php\\\/2024\\\/03\\\/11\\\/rajd-wysp-kanaryjskich-dolaczy-do-kalendarza-wrc-w-2025-roku\\\/#blogposting\",\"name\":\"Rajd Wysp Kanaryjskich do\\u0142\\u0105czy do kalendarza WRC w 2025 roku \\u00bb WorldRally.eu\",\"headline\":\"Rajd Wysp Kanaryjskich do\\u0142\\u0105czy do kalendarza WRC w 2025 roku\",\"author\":{\"@id\":\"https:\\\/\\\/www.worldrally.eu\\\/index.php\\\/author\\\/slawek\\\/#author\"},\"publisher\":{\"@id\":\"https:\\\/\\\/www.worldrally.eu\\\/#organization\"},\"image\":{\"@type\":\"ImageObject\",\"url\":\"https:\\\/\\\/www.worldrally.eu\\\/wp-content\\\/uploads\\\/2024\\\/03\\\/Monte-Carlo-2024-PhotoMs.se-photo-motorsport.com-2.jpg\",\"width\":1620,\"height\":1080},\"datePublished\":\"2024-03-11T15:36:52+00:00\",\"dateModified\":\"2024-03-11T15:36:52+00:00\",\"inLanguage\":\"en-GB\",\"mainEntityOfPage\":{\"@id\":\"https:\\\/\\\/www.worldrally.eu\\\/index.php\\\/2024\\\/03\\\/11\\\/rajd-wysp-kanaryjskich-dolaczy-do-kalendarza-wrc-w-2025-roku\\\/#webpage\"},\"isPartOf\":{\"@id\":\"https:\\\/\\\/www.worldrally.eu\\\/index.php\\\/2024\\\/03\\\/11\\\/rajd-wysp-kanaryjskich-dolaczy-do-kalendarza-wrc-w-2025-roku\\\/#webpage\"},\"articleSection\":\"WRC\"},{\"@type\":\"BreadcrumbList\",\"@id\":\"https:\\\/\\\/www.worldrally.eu\\\/index.php\\\/2024\\\/03\\\/11\\\/rajd-wysp-kanaryjskich-dolaczy-do-kalendarza-wrc-w-2025-roku\\\/#breadcrumblist\",\"itemListElement\":[{\"@type\":\"ListItem\",\"@id\":\"https:\\\/\\\/www.worldrally.eu#listItem\",\"position\":1,\"name\":\"Home\",\"item\":\"https:\\\/\\\/www.worldrally.eu\",\"nextItem\":{\"@type\":\"ListItem\",\"@id\":\"https:\\\/\\\/www.worldrally.eu\\\/index.php\\\/category\\\/wrc\\\/#listItem\",\"name\":\"WRC\"}},{\"@type\":\"ListItem\",\"@id\":\"https:\\\/\\\/www.worldrally.eu\\\/index.php\\\/category\\\/wrc\\\/#listItem\",\"position\":2,\"name\":\"WRC\",\"item\":\"https:\\\/\\\/www.worldrally.eu\\\/index.php\\\/category\\\/wrc\\\/\",\"nextItem\":{\"@type\":\"ListItem\",\"@id\":\"https:\\\/\\\/www.worldrally.eu\\\/index.php\\\/2024\\\/03\\\/11\\\/rajd-wysp-kanaryjskich-dolaczy-do-kalendarza-wrc-w-2025-roku\\\/#listItem\",\"name\":\"Rajd Wysp Kanaryjskich do\\u0142\\u0105czy do kalendarza WRC w 2025 roku\"},\"previousItem\":{\"@type\":\"ListItem\",\"@id\":\"https:\\\/\\\/www.worldrally.eu#listItem\",\"name\":\"Home\"}},{\"@type\":\"ListItem\",\"@id\":\"https:\\\/\\\/www.worldrally.eu\\\/index.php\\\/2024\\\/03\\\/11\\\/rajd-wysp-kanaryjskich-dolaczy-do-kalendarza-wrc-w-2025-roku\\\/#listItem\",\"position\":3,\"name\":\"Rajd Wysp Kanaryjskich do\\u0142\\u0105czy do kalendarza WRC w 2025 roku\",\"previousItem\":{\"@type\":\"ListItem\",\"@id\":\"https:\\\/\\\/www.worldrally.eu\\\/index.php\\\/category\\\/wrc\\\/#listItem\",\"name\":\"WRC\"}}]},{\"@type\":\"Organization\",\"@id\":\"https:\\\/\\\/www.worldrally.eu\\\/#organization\",\"name\":\"WorldRally.eu\",\"url\":\"https:\\\/\\\/www.worldrally.eu\\\/\",\"logo\":{\"@type\":\"ImageObject\",\"url\":\"https:\\\/\\\/www.worldrally.eu\\\/wp-content\\\/uploads\\\/2026\\\/01\\\/cropped-logo-3.png\",\"@id\":\"https:\\\/\\\/www.worldrally.eu\\\/index.php\\\/2024\\\/03\\\/11\\\/rajd-wysp-kanaryjskich-dolaczy-do-kalendarza-wrc-w-2025-roku\\\/#organizationLogo\",\"width\":2039,\"height\":756},\"image\":{\"@id\":\"https:\\\/\\\/www.worldrally.eu\\\/index.php\\\/2024\\\/03\\\/11\\\/rajd-wysp-kanaryjskich-dolaczy-do-kalendarza-wrc-w-2025-roku\\\/#organizationLogo\"}},{\"@type\":\"Person\",\"@id\":\"https:\\\/\\\/www.worldrally.eu\\\/index.php\\\/author\\\/slawek\\\/#author\",\"url\":\"https:\\\/\\\/www.worldrally.eu\\\/index.php\\\/author\\\/slawek\\\/\",\"name\":\"Slawek\",\"image\":{\"@type\":\"ImageObject\",\"@id\":\"https:\\\/\\\/www.worldrally.eu\\\/index.php\\\/2024\\\/03\\\/11\\\/rajd-wysp-kanaryjskich-dolaczy-do-kalendarza-wrc-w-2025-roku\\\/#authorImage\",\"url\":\"https:\\\/\\\/secure.gravatar.com\\\/avatar\\\/69f360f7dae72083ae4bc4ab808684e60db7862f2a4c55f482a5c339df672fd5?s=96&d=mm&r=g\",\"width\":96,\"height\":96,\"caption\":\"Slawek\"}},{\"@type\":\"WebPage\",\"@id\":\"https:\\\/\\\/www.worldrally.eu\\\/index.php\\\/2024\\\/03\\\/11\\\/rajd-wysp-kanaryjskich-dolaczy-do-kalendarza-wrc-w-2025-roku\\\/#webpage\",\"url\":\"https:\\\/\\\/www.worldrally.eu\\\/index.php\\\/2024\\\/03\\\/11\\\/rajd-wysp-kanaryjskich-dolaczy-do-kalendarza-wrc-w-2025-roku\\\/\",\"name\":\"Rajd Wysp Kanaryjskich do\\u0142\\u0105czy do kalendarza WRC w 2025 roku \\u00bb WorldRally.eu\",\"description\":\"Rally Islas Canarias przejdzie z ERC do WRC w latach 2025 i 2026 podobnie jak Rajd \\u0141otwy i ORLEN 80. Rajdu Polski. Dzisiejsze o\\u015bwiadczenie zosta\\u0142o og\\u0142oszone przed mediami na Gran Canarii i opr\\u00f3cz Promotora WRC i Todo Sport, uczestniczyli mi\\u0119dzy innymi Prezydent Wysp Kanaryjskich Fernando Clavijo. Sprowadzenie Rajdu Wysp Kanaryjskich do WRC by\\u0142o nagrod\\u0105 za\",\"inLanguage\":\"en-GB\",\"isPartOf\":{\"@id\":\"https:\\\/\\\/www.worldrally.eu\\\/#website\"},\"breadcrumb\":{\"@id\":\"https:\\\/\\\/www.worldrally.eu\\\/index.php\\\/2024\\\/03\\\/11\\\/rajd-wysp-kanaryjskich-dolaczy-do-kalendarza-wrc-w-2025-roku\\\/#breadcrumblist\"},\"author\":{\"@id\":\"https:\\\/\\\/www.worldrally.eu\\\/index.php\\\/author\\\/slawek\\\/#author\"},\"creator\":{\"@id\":\"https:\\\/\\\/www.worldrally.eu\\\/index.php\\\/author\\\/slawek\\\/#author\"},\"image\":{\"@type\":\"ImageObject\",\"url\":\"https:\\\/\\\/www.worldrally.eu\\\/wp-content\\\/uploads\\\/2024\\\/03\\\/Monte-Carlo-2024-PhotoMs.se-photo-motorsport.com-2.jpg\",\"@id\":\"https:\\\/\\\/www.worldrally.eu\\\/index.php\\\/2024\\\/03\\\/11\\\/rajd-wysp-kanaryjskich-dolaczy-do-kalendarza-wrc-w-2025-roku\\\/#mainImage\",\"width\":1620,\"height\":1080},\"primaryImageOfPage\":{\"@id\":\"https:\\\/\\\/www.worldrally.eu\\\/index.php\\\/2024\\\/03\\\/11\\\/rajd-wysp-kanaryjskich-dolaczy-do-kalendarza-wrc-w-2025-roku\\\/#mainImage\"},\"datePublished\":\"2024-03-11T15:36:52+00:00\",\"dateModified\":\"2024-03-11T15:36:52+00:00\"},{\"@type\":\"WebSite\",\"@id\":\"https:\\\/\\\/www.worldrally.eu\\\/#website\",\"url\":\"https:\\\/\\\/www.worldrally.eu\\\/\",\"name\":\"WorldRally.eu\",\"inLanguage\":\"en-GB\",\"publisher\":{\"@id\":\"https:\\\/\\\/www.worldrally.eu\\\/#organization\"}}]}\n\t\t<\/script>\n\t\t<!-- All in One SEO -->\n\n","aioseo_head_json":{"title":"Rajd Wysp Kanaryjskich do\u0142\u0105czy do kalendarza WRC w 2025 roku \u00bb WorldRally.eu","description":"Rally Islas Canarias przejdzie z ERC do WRC w latach 2025 i 2026 podobnie jak Rajd \u0141otwy i ORLEN 80. Rajdu Polski. Dzisiejsze o\u015bwiadczenie zosta\u0142o og\u0142oszone przed mediami na Gran Canarii i opr\u00f3cz Promotora WRC i Todo Sport, uczestniczyli mi\u0119dzy innymi Prezydent Wysp Kanaryjskich Fernando Clavijo. Sprowadzenie Rajdu Wysp Kanaryjskich do WRC by\u0142o nagrod\u0105 za","canonical_url":"https:\/\/www.worldrally.eu\/index.php\/2024\/03\/11\/rajd-wysp-kanaryjskich-dolaczy-do-kalendarza-wrc-w-2025-roku\/","robots":"max-image-preview:large","keywords":"","webmasterTools":{"miscellaneous":""},"schema":{"@context":"https:\/\/schema.org","@graph":[{"@type":"BlogPosting","@id":"https:\/\/www.worldrally.eu\/index.php\/2024\/03\/11\/rajd-wysp-kanaryjskich-dolaczy-do-kalendarza-wrc-w-2025-roku\/#blogposting","name":"Rajd Wysp Kanaryjskich do\u0142\u0105czy do kalendarza WRC w 2025 roku \u00bb WorldRally.eu","headline":"Rajd Wysp Kanaryjskich do\u0142\u0105czy do kalendarza WRC w 2025 roku","author":{"@id":"https:\/\/www.worldrally.eu\/index.php\/author\/slawek\/#author"},"publisher":{"@id":"https:\/\/www.worldrally.eu\/#organization"},"image":{"@type":"ImageObject","url":"https:\/\/www.worldrally.eu\/wp-content\/uploads\/2024\/03\/Monte-Carlo-2024-PhotoMs.se-photo-motorsport.com-2.jpg","width":1620,"height":1080},"datePublished":"2024-03-11T15:36:52+00:00","dateModified":"2024-03-11T15:36:52+00:00","inLanguage":"en-GB","mainEntityOfPage":{"@id":"https:\/\/www.worldrally.eu\/index.php\/2024\/03\/11\/rajd-wysp-kanaryjskich-dolaczy-do-kalendarza-wrc-w-2025-roku\/#webpage"},"isPartOf":{"@id":"https:\/\/www.worldrally.eu\/index.php\/2024\/03\/11\/rajd-wysp-kanaryjskich-dolaczy-do-kalendarza-wrc-w-2025-roku\/#webpage"},"articleSection":"WRC"},{"@type":"BreadcrumbList","@id":"https:\/\/www.worldrally.eu\/index.php\/2024\/03\/11\/rajd-wysp-kanaryjskich-dolaczy-do-kalendarza-wrc-w-2025-roku\/#breadcrumblist","itemListElement":[{"@type":"ListItem","@id":"https:\/\/www.worldrally.eu#listItem","position":1,"name":"Home","item":"https:\/\/www.worldrally.eu","nextItem":{"@type":"ListItem","@id":"https:\/\/www.worldrally.eu\/index.php\/category\/wrc\/#listItem","name":"WRC"}},{"@type":"ListItem","@id":"https:\/\/www.worldrally.eu\/index.php\/category\/wrc\/#listItem","position":2,"name":"WRC","item":"https:\/\/www.worldrally.eu\/index.php\/category\/wrc\/","nextItem":{"@type":"ListItem","@id":"https:\/\/www.worldrally.eu\/index.php\/2024\/03\/11\/rajd-wysp-kanaryjskich-dolaczy-do-kalendarza-wrc-w-2025-roku\/#listItem","name":"Rajd Wysp Kanaryjskich do\u0142\u0105czy do kalendarza WRC w 2025 roku"},"previousItem":{"@type":"ListItem","@id":"https:\/\/www.worldrally.eu#listItem","name":"Home"}},{"@type":"ListItem","@id":"https:\/\/www.worldrally.eu\/index.php\/2024\/03\/11\/rajd-wysp-kanaryjskich-dolaczy-do-kalendarza-wrc-w-2025-roku\/#listItem","position":3,"name":"Rajd Wysp Kanaryjskich do\u0142\u0105czy do kalendarza WRC w 2025 roku","previousItem":{"@type":"ListItem","@id":"https:\/\/www.worldrally.eu\/index.php\/category\/wrc\/#listItem","name":"WRC"}}]},{"@type":"Organization","@id":"https:\/\/www.worldrally.eu\/#organization","name":"WorldRally.eu","url":"https:\/\/www.worldrally.eu\/","logo":{"@type":"ImageObject","url":"https:\/\/www.worldrally.eu\/wp-content\/uploads\/2026\/01\/cropped-logo-3.png","@id":"https:\/\/www.worldrally.eu\/index.php\/2024\/03\/11\/rajd-wysp-kanaryjskich-dolaczy-do-kalendarza-wrc-w-2025-roku\/#organizationLogo","width":2039,"height":756},"image":{"@id":"https:\/\/www.worldrally.eu\/index.php\/2024\/03\/11\/rajd-wysp-kanaryjskich-dolaczy-do-kalendarza-wrc-w-2025-roku\/#organizationLogo"}},{"@type":"Person","@id":"https:\/\/www.worldrally.eu\/index.php\/author\/slawek\/#author","url":"https:\/\/www.worldrally.eu\/index.php\/author\/slawek\/","name":"Slawek","image":{"@type":"ImageObject","@id":"https:\/\/www.worldrally.eu\/index.php\/2024\/03\/11\/rajd-wysp-kanaryjskich-dolaczy-do-kalendarza-wrc-w-2025-roku\/#authorImage","url":"https:\/\/secure.gravatar.com\/avatar\/69f360f7dae72083ae4bc4ab808684e60db7862f2a4c55f482a5c339df672fd5?s=96&d=mm&r=g","width":96,"height":96,"caption":"Slawek"}},{"@type":"WebPage","@id":"https:\/\/www.worldrally.eu\/index.php\/2024\/03\/11\/rajd-wysp-kanaryjskich-dolaczy-do-kalendarza-wrc-w-2025-roku\/#webpage","url":"https:\/\/www.worldrally.eu\/index.php\/2024\/03\/11\/rajd-wysp-kanaryjskich-dolaczy-do-kalendarza-wrc-w-2025-roku\/","name":"Rajd Wysp Kanaryjskich do\u0142\u0105czy do kalendarza WRC w 2025 roku \u00bb WorldRally.eu","description":"Rally Islas Canarias przejdzie z ERC do WRC w latach 2025 i 2026 podobnie jak Rajd \u0141otwy i ORLEN 80. Rajdu Polski. Dzisiejsze o\u015bwiadczenie zosta\u0142o og\u0142oszone przed mediami na Gran Canarii i opr\u00f3cz Promotora WRC i Todo Sport, uczestniczyli mi\u0119dzy innymi Prezydent Wysp Kanaryjskich Fernando Clavijo. Sprowadzenie Rajdu Wysp Kanaryjskich do WRC by\u0142o nagrod\u0105 za","inLanguage":"en-GB","isPartOf":{"@id":"https:\/\/www.worldrally.eu\/#website"},"breadcrumb":{"@id":"https:\/\/www.worldrally.eu\/index.php\/2024\/03\/11\/rajd-wysp-kanaryjskich-dolaczy-do-kalendarza-wrc-w-2025-roku\/#breadcrumblist"},"author":{"@id":"https:\/\/www.worldrally.eu\/index.php\/author\/slawek\/#author"},"creator":{"@id":"https:\/\/www.worldrally.eu\/index.php\/author\/slawek\/#author"},"image":{"@type":"ImageObject","url":"https:\/\/www.worldrally.eu\/wp-content\/uploads\/2024\/03\/Monte-Carlo-2024-PhotoMs.se-photo-motorsport.com-2.jpg","@id":"https:\/\/www.worldrally.eu\/index.php\/2024\/03\/11\/rajd-wysp-kanaryjskich-dolaczy-do-kalendarza-wrc-w-2025-roku\/#mainImage","width":1620,"height":1080},"primaryImageOfPage":{"@id":"https:\/\/www.worldrally.eu\/index.php\/2024\/03\/11\/rajd-wysp-kanaryjskich-dolaczy-do-kalendarza-wrc-w-2025-roku\/#mainImage"},"datePublished":"2024-03-11T15:36:52+00:00","dateModified":"2024-03-11T15:36:52+00:00"},{"@type":"WebSite","@id":"https:\/\/www.worldrally.eu\/#website","url":"https:\/\/www.worldrally.eu\/","name":"WorldRally.eu","inLanguage":"en-GB","publisher":{"@id":"https:\/\/www.worldrally.eu\/#organization"}}]},"og:locale":"en_GB","og:site_name":"WorldRally.eu \u00bb","og:type":"article","og:title":"Rajd Wysp Kanaryjskich do\u0142\u0105czy do kalendarza WRC w 2025 roku \u00bb WorldRally.eu","og:description":"Rally Islas Canarias przejdzie z ERC do WRC w latach 2025 i 2026 podobnie jak Rajd \u0141otwy i ORLEN 80. Rajdu Polski. Dzisiejsze o\u015bwiadczenie zosta\u0142o og\u0142oszone przed mediami na Gran Canarii i opr\u00f3cz Promotora WRC i Todo Sport, uczestniczyli mi\u0119dzy innymi Prezydent Wysp Kanaryjskich Fernando Clavijo. Sprowadzenie Rajdu Wysp Kanaryjskich do WRC by\u0142o nagrod\u0105 za","og:url":"https:\/\/www.worldrally.eu\/index.php\/2024\/03\/11\/rajd-wysp-kanaryjskich-dolaczy-do-kalendarza-wrc-w-2025-roku\/","og:image":"https:\/\/www.worldrally.eu\/wp-content\/uploads\/2024\/03\/Monte-Carlo-2024-PhotoMs.se-photo-motorsport.com-2.jpg","og:image:secure_url":"https:\/\/www.worldrally.eu\/wp-content\/uploads\/2024\/03\/Monte-Carlo-2024-PhotoMs.se-photo-motorsport.com-2.jpg","og:image:width":1620,"og:image:height":1080,"article:published_time":"2024-03-11T15:36:52+00:00","article:modified_time":"2024-03-11T15:36:52+00:00","twitter:card":"summary_large_image","twitter:title":"Rajd Wysp Kanaryjskich do\u0142\u0105czy do kalendarza WRC w 2025 roku \u00bb WorldRally.eu","twitter:description":"Rally Islas Canarias przejdzie z ERC do WRC w latach 2025 i 2026 podobnie jak Rajd \u0141otwy i ORLEN 80. Rajdu Polski. Dzisiejsze o\u015bwiadczenie zosta\u0142o og\u0142oszone przed mediami na Gran Canarii i opr\u00f3cz Promotora WRC i Todo Sport, uczestniczyli mi\u0119dzy innymi Prezydent Wysp Kanaryjskich Fernando Clavijo. Sprowadzenie Rajdu Wysp Kanaryjskich do WRC by\u0142o nagrod\u0105 za","twitter:image":"https:\/\/www.worldrally.eu\/wp-content\/uploads\/2024\/03\/Monte-Carlo-2024-PhotoMs.se-photo-motorsport.com-2.jpg"},"aioseo_meta_data":{"post_id":"2590","title":null,"description":null,"keywords":null,"keyphrases":null,"primary_term":null,"canonical_url":null,"og_title":null,"og_description":null,"og_object_type":"default","og_image_type":"default","og_image_url":null,"og_image_width":null,"og_image_height":null,"og_image_custom_url":null,"og_image_custom_fields":null,"og_video":null,"og_custom_url":null,"og_article_section":null,"og_article_tags":null,"twitter_use_og":false,"twitter_card":"default","twitter_image_type":"default","twitter_image_url":null,"twitter_image_custom_url":null,"twitter_image_custom_fields":null,"twitter_title":null,"twitter_description":null,"schema":{"blockGraphs":[],"customGraphs":[],"default":{"data":{"Article":[],"Course":[],"Dataset":[],"FAQPage":[],"Movie":[],"Person":[],"Product":[],"ProductReview":[],"Car":[],"Recipe":[],"Service":[],"SoftwareApplication":[],"WebPage":[]},"graphName":"","isEnabled":true},"graphs":[]},"schema_type":"default","schema_type_options":null,"pillar_content":false,"robots_default":true,"robots_noindex":false,"robots_noarchive":false,"robots_nosnippet":false,"robots_nofollow":false,"robots_noimageindex":false,"robots_noodp":false,"robots_notranslate":false,"robots_max_snippet":null,"robots_max_videopreview":null,"robots_max_imagepreview":"large","priority":null,"frequency":null,"local_seo":null,"breadcrumb_settings":null,"limit_modified_date":false,"ai":null,"created":"2025-03-22 06:39:26","updated":"2025-10-26 12:46:35","seo_analyzer_scan_date":null},"aioseo_breadcrumb":"<div class=\"aioseo-breadcrumbs\"><span class=\"aioseo-breadcrumb\">\n\t\t\t<a href=\"https:\/\/www.worldrally.eu\" title=\"Home\">Home<\/a>\n\t\t<\/span><span class=\"aioseo-breadcrumb-separator\">&raquo;<\/span><span class=\"aioseo-breadcrumb\">\n\t\t\t<a href=\"https:\/\/www.worldrally.eu\/index.php\/category\/wrc\/\" title=\"WRC\">WRC<\/a>\n\t\t<\/span><span class=\"aioseo-breadcrumb-separator\">&raquo;<\/span><span class=\"aioseo-breadcrumb\">\n\t\t\tRajd Wysp Kanaryjskich do\u0142\u0105czy do kalendarza WRC w 2025 roku\n\t\t<\/span><\/div>","aioseo_breadcrumb_json":[{"label":"Home","link":"https:\/\/www.worldrally.eu"},{"label":"WRC","link":"https:\/\/www.worldrally.eu\/index.php\/category\/wrc\/"},{"label":"Rajd Wysp Kanaryjskich do\u0142\u0105czy do kalendarza WRC w 2025 roku","link":"https:\/\/www.worldrally.eu\/index.php\/2024\/03\/11\/rajd-wysp-kanaryjskich-dolaczy-do-kalendarza-wrc-w-2025-roku\/"}],"cc_featured_image_caption":{"caption_text":"Foto - PhotoMS","source_text":"","source_url":""},"_links":{"self":[{"href":"https:\/\/www.worldrally.eu\/index.php\/wp-json\/wp\/v2\/posts\/2590","targetHints":{"allow":["GET"]}}],"collection":[{"href":"https:\/\/www.worldrally.eu\/index.php\/wp-json\/wp\/v2\/posts"}],"about":[{"href":"https:\/\/www.worldrally.eu\/index.php\/wp-json\/wp\/v2\/types\/post"}],"author":[{"embeddable":true,"href":"https:\/\/www.worldrally.eu\/index.php\/wp-json\/wp\/v2\/users\/4"}],"replies":[{"embeddable":true,"href":"https:\/\/www.worldrally.eu\/index.php\/wp-json\/wp\/v2\/comments?post=2590"}],"version-history":[{"count":1,"href":"https:\/\/www.worldrally.eu\/index.php\/wp-json\/wp\/v2\/posts\/2590\/revisions"}],"predecessor-version":[{"id":2592,"href":"https:\/\/www.worldrally.eu\/index.php\/wp-json\/wp\/v2\/posts\/2590\/revisions\/2592"}],"wp:featuredmedia":[{"embeddable":true,"href":"https:\/\/www.worldrally.eu\/index.php\/wp-json\/wp\/v2\/media\/2591"}],"wp:attachment":[{"href":"https:\/\/www.worldrally.eu\/index.php\/wp-json\/wp\/v2\/media?parent=2590"}],"wp:term":[{"taxonomy":"category","embeddable":true,"href":"https:\/\/www.worldrally.eu\/index.php\/wp-json\/wp\/v2\/categories?post=2590"},{"taxonomy":"post_tag","embeddable":true,"href":"https:\/\/www.worldrally.eu\/index.php\/wp-json\/wp\/v2\/tags?post=2590"}],"curies":[{"name":"wp","href":"https:\/\/api.w.org\/{rel}","templated":true}]}}