{"id":2557,"date":"2024-02-28T18:36:04","date_gmt":"2024-02-28T18:36:04","guid":{"rendered":"https:\/\/www.worldrally.eu\/?p=2557"},"modified":"2024-02-28T18:36:05","modified_gmt":"2024-02-28T18:36:05","slug":"koniec-z-hybrydami-w-wrc","status":"publish","type":"post","link":"https:\/\/www.worldrally.eu\/index.php\/2024\/02\/28\/koniec-z-hybrydami-w-wrc\/","title":{"rendered":"Koniec z hybrydami w WRC"},"content":{"rendered":"\n<p class=\"wp-block-paragraph\">\u015awiatowa Rada Sport\u00f3w Motorowych wprowadzi\u0142o zmiany w kategoriach Rally1 i Rally2 przed przysz\u0142orocznymi WRC i oznajmi\u0142a, \u017ce hybryda ostanie usuni\u0119ta z kategorii premium Rajdowych Mistrzostw \u015awiata pod koniec tego sezonu.<\/p>\n\n\n\n<p class=\"wp-block-paragraph\">Modernizacja samochod\u00f3w Rally1 \u2013 obejmuj\u0105ca r\u00f3wnie\u017c zmniejszenie mocy poprzez mniejszy ogranicznik turbospr\u0119\u017carki i bardziej ograniczon\u0105 aerodynamik\u0119.<\/p>\n\n\n\n<p class=\"wp-block-paragraph\">Opr\u00f3cz zmian na rok 2025 Grupa Robocza proponuje znacz\u0105co zmienione przepisy na rok 2026. W oparciu o koncepcj\u0119 Rally1 nowe samochody b\u0119d\u0105 wykorzystywa\u0107 wsp\u00f3ln\u0105 klatk\u0119 bezpiecze\u0144stwa.<\/p>\n\n\n\n<p class=\"wp-block-paragraph\">Moc samochod\u00f3w na rok 2026 b\u0119dzie ograniczona do 330 KM, dodatkowo koszt samochod\u00f3w b\u0119dzie ograniczony do 400 000 euro, a silniki i skrzynie bieg\u00f3w b\u0119d\u0105 pochodzi\u0107 z samochod\u00f3w Rally2.<\/p>\n\n\n\n<p class=\"wp-block-paragraph\"><\/p>\n\n\n\n<figure class=\"wp-block-image size-large\"><img fetchpriority=\"high\" decoding=\"async\" width=\"1024\" height=\"683\" src=\"https:\/\/www.worldrally.eu\/wp-content\/uploads\/2024\/02\/Rally-Sweden-2024-PhotoMs.se-photo-motorsport.com-Photo-Adam-Owczarek2-1024x683.jpg\" alt=\"\" class=\"wp-image-2558\" srcset=\"https:\/\/www.worldrally.eu\/wp-content\/uploads\/2024\/02\/Rally-Sweden-2024-PhotoMs.se-photo-motorsport.com-Photo-Adam-Owczarek2-1024x683.jpg 1024w, https:\/\/www.worldrally.eu\/wp-content\/uploads\/2024\/02\/Rally-Sweden-2024-PhotoMs.se-photo-motorsport.com-Photo-Adam-Owczarek2-300x200.jpg 300w, https:\/\/www.worldrally.eu\/wp-content\/uploads\/2024\/02\/Rally-Sweden-2024-PhotoMs.se-photo-motorsport.com-Photo-Adam-Owczarek2-768x512.jpg 768w, https:\/\/www.worldrally.eu\/wp-content\/uploads\/2024\/02\/Rally-Sweden-2024-PhotoMs.se-photo-motorsport.com-Photo-Adam-Owczarek2-1536x1024.jpg 1536w, https:\/\/www.worldrally.eu\/wp-content\/uploads\/2024\/02\/Rally-Sweden-2024-PhotoMs.se-photo-motorsport.com-Photo-Adam-Owczarek2-446x297.jpg 446w, https:\/\/www.worldrally.eu\/wp-content\/uploads\/2024\/02\/Rally-Sweden-2024-PhotoMs.se-photo-motorsport.com-Photo-Adam-Owczarek2.jpg 1620w\" sizes=\"(max-width: 1024px) 100vw, 1024px\" \/><figcaption class=\"wp-element-caption\">Foto &#8211; PhotoMS<\/figcaption><\/figure>\n\n\n\n<blockquote class=\"wp-block-quote is-layout-flow wp-block-quote-is-layout-flow\">\n<p class=\"wp-block-paragraph\">Dotarcie do punktu, w kt\u00f3rym Komisja WRC mo\u017ce teraz pracowa\u0107 nad sfinalizowaniem propozycji, kt\u00f3re w du\u017cym stopniu przyczyni\u0105 si\u0119 do ugruntowania przysz\u0142ego kursu WRC, po zatwierdzeniu przez WMSC, to wa\u017cny moment dla mistrzostw, ich interesariuszy i spo\u0142eczno\u015bci rajdowej w og\u00f3lny. Nale\u017cy r\u00f3wnie\u017c zauwa\u017cy\u0107, \u017ce wyniki Ankiety dotycz\u0105cej zaanga\u017cowania fan\u00f3w WRC zostan\u0105 dok\u0142adnie rozwa\u017cone przez Komisj\u0119 WRC podczas procesu opracowywania ostatecznych propozycji. Dzi\u0119kuj\u0119 wszystkim, kt\u00f3rzy wzi\u0119li udzia\u0142 w kontynuowaniu procesu tworzenia WRC, kt\u00f3ry b\u0119dzie odpowiedni na tera\u017aniejszo\u015b\u0107 i odpowiedni na przysz\u0142o\u015b\u0107.<\/p>\n<cite>powiedzia\u0142 Prezydent FIA Mohammed Ben Sulayem<\/cite><\/blockquote>\n","protected":false},"excerpt":{"rendered":"<p>\u015awiatowa Rada Sport\u00f3w Motorowych wprowadzi\u0142o zmiany w kategoriach Rally1 i Rally2 przed przysz\u0142orocznymi WRC i oznajmi\u0142a, \u017ce hybryda ostanie usuni\u0119ta z kategorii premium Rajdowych Mistrzostw \u015awiata pod koniec tego sezonu. Modernizacja samochod\u00f3w Rally1 \u2013 obejmuj\u0105ca r\u00f3wnie\u017c zmniejszenie mocy poprzez mniejszy ogranicznik turbospr\u0119\u017carki i bardziej ograniczon\u0105 aerodynamik\u0119. Opr\u00f3cz zmian na rok 2025 Grupa Robocza proponuje znacz\u0105co [&hellip;]<\/p>\n","protected":false},"author":2,"featured_media":2500,"comment_status":"closed","ping_status":"closed","sticky":false,"template":"","format":"standard","meta":{"_monsterinsights_skip_tracking":false,"_monsterinsights_sitenote_active":false,"_monsterinsights_sitenote_note":"","_monsterinsights_sitenote_category":0,"footnotes":""},"categories":[3],"tags":[],"class_list":["post-2557","post","type-post","status-publish","format-standard","has-post-thumbnail","hentry","category-wrc"],"aioseo_notices":[],"aioseo_head":"\n\t\t<!-- All in One SEO 4.9.9 - aioseo.com -->\n\t<meta name=\"description\" content=\"\u015awiatowa Rada Sport\u00f3w Motorowych wprowadzi\u0142o zmiany w kategoriach Rally1 i Rally2 przed przysz\u0142orocznymi WRC i oznajmi\u0142a, \u017ce hybryda ostanie usuni\u0119ta z kategorii premium Rajdowych Mistrzostw \u015awiata pod koniec tego sezonu. Modernizacja samochod\u00f3w Rally1 \u2013 obejmuj\u0105ca r\u00f3wnie\u017c zmniejszenie mocy poprzez mniejszy ogranicznik turbospr\u0119\u017carki i bardziej ograniczon\u0105 aerodynamik\u0119. Opr\u00f3cz zmian na rok 2025 Grupa Robocza proponuje znacz\u0105co\" \/>\n\t<meta name=\"robots\" content=\"max-image-preview:large\" \/>\n\t<meta name=\"author\" content=\"Magdalena\"\/>\n\t<link rel=\"canonical\" href=\"https:\/\/www.worldrally.eu\/index.php\/2024\/02\/28\/koniec-z-hybrydami-w-wrc\/\" \/>\n\t<meta name=\"generator\" content=\"All in One SEO (AIOSEO) 4.9.9\" \/>\n\t\t<meta property=\"og:locale\" content=\"en_GB\" \/>\n\t\t<meta property=\"og:site_name\" content=\"WorldRally.eu \u00bb\" \/>\n\t\t<meta property=\"og:type\" content=\"article\" \/>\n\t\t<meta property=\"og:title\" content=\"Koniec z hybrydami w WRC \u00bb WorldRally.eu\" \/>\n\t\t<meta property=\"og:description\" content=\"\u015awiatowa Rada Sport\u00f3w Motorowych wprowadzi\u0142o zmiany w kategoriach Rally1 i Rally2 przed przysz\u0142orocznymi WRC i oznajmi\u0142a, \u017ce hybryda ostanie usuni\u0119ta z kategorii premium Rajdowych Mistrzostw \u015awiata pod koniec tego sezonu. Modernizacja samochod\u00f3w Rally1 \u2013 obejmuj\u0105ca r\u00f3wnie\u017c zmniejszenie mocy poprzez mniejszy ogranicznik turbospr\u0119\u017carki i bardziej ograniczon\u0105 aerodynamik\u0119. Opr\u00f3cz zmian na rok 2025 Grupa Robocza proponuje znacz\u0105co\" \/>\n\t\t<meta property=\"og:url\" content=\"https:\/\/www.worldrally.eu\/index.php\/2024\/02\/28\/koniec-z-hybrydami-w-wrc\/\" \/>\n\t\t<meta property=\"og:image\" content=\"https:\/\/www.worldrally.eu\/wp-content\/uploads\/2024\/02\/Rally-Sweden-2024-PhotoMs.se-photo-motorsport.com-Photo-Adam-Owczarek-7.jpg\" \/>\n\t\t<meta property=\"og:image:secure_url\" content=\"https:\/\/www.worldrally.eu\/wp-content\/uploads\/2024\/02\/Rally-Sweden-2024-PhotoMs.se-photo-motorsport.com-Photo-Adam-Owczarek-7.jpg\" \/>\n\t\t<meta property=\"og:image:width\" content=\"1620\" \/>\n\t\t<meta property=\"og:image:height\" content=\"1080\" \/>\n\t\t<meta property=\"article:published_time\" content=\"2024-02-28T18:36:04+00:00\" \/>\n\t\t<meta property=\"article:modified_time\" content=\"2024-02-28T18:36:05+00:00\" \/>\n\t\t<meta name=\"twitter:card\" content=\"summary_large_image\" \/>\n\t\t<meta name=\"twitter:title\" content=\"Koniec z hybrydami w WRC \u00bb WorldRally.eu\" \/>\n\t\t<meta name=\"twitter:description\" content=\"\u015awiatowa Rada Sport\u00f3w Motorowych wprowadzi\u0142o zmiany w kategoriach Rally1 i Rally2 przed przysz\u0142orocznymi WRC i oznajmi\u0142a, \u017ce hybryda ostanie usuni\u0119ta z kategorii premium Rajdowych Mistrzostw \u015awiata pod koniec tego sezonu. Modernizacja samochod\u00f3w Rally1 \u2013 obejmuj\u0105ca r\u00f3wnie\u017c zmniejszenie mocy poprzez mniejszy ogranicznik turbospr\u0119\u017carki i bardziej ograniczon\u0105 aerodynamik\u0119. Opr\u00f3cz zmian na rok 2025 Grupa Robocza proponuje znacz\u0105co\" \/>\n\t\t<meta name=\"twitter:image\" content=\"https:\/\/www.worldrally.eu\/wp-content\/uploads\/2024\/02\/Rally-Sweden-2024-PhotoMs.se-photo-motorsport.com-Photo-Adam-Owczarek-7.jpg\" \/>\n\t\t<script type=\"application\/ld+json\" class=\"aioseo-schema\">\n\t\t\t{\"@context\":\"https:\\\/\\\/schema.org\",\"@graph\":[{\"@type\":\"BlogPosting\",\"@id\":\"https:\\\/\\\/www.worldrally.eu\\\/index.php\\\/2024\\\/02\\\/28\\\/koniec-z-hybrydami-w-wrc\\\/#blogposting\",\"name\":\"Koniec z hybrydami w WRC \\u00bb WorldRally.eu\",\"headline\":\"Koniec z hybrydami w WRC\",\"author\":{\"@id\":\"https:\\\/\\\/www.worldrally.eu\\\/index.php\\\/author\\\/magdalena\\\/#author\"},\"publisher\":{\"@id\":\"https:\\\/\\\/www.worldrally.eu\\\/#organization\"},\"image\":{\"@type\":\"ImageObject\",\"url\":\"https:\\\/\\\/www.worldrally.eu\\\/wp-content\\\/uploads\\\/2024\\\/02\\\/Rally-Sweden-2024-PhotoMs.se-photo-motorsport.com-Photo-Adam-Owczarek-7.jpg\",\"width\":1620,\"height\":1080},\"datePublished\":\"2024-02-28T18:36:04+00:00\",\"dateModified\":\"2024-02-28T18:36:05+00:00\",\"inLanguage\":\"en-GB\",\"mainEntityOfPage\":{\"@id\":\"https:\\\/\\\/www.worldrally.eu\\\/index.php\\\/2024\\\/02\\\/28\\\/koniec-z-hybrydami-w-wrc\\\/#webpage\"},\"isPartOf\":{\"@id\":\"https:\\\/\\\/www.worldrally.eu\\\/index.php\\\/2024\\\/02\\\/28\\\/koniec-z-hybrydami-w-wrc\\\/#webpage\"},\"articleSection\":\"WRC\"},{\"@type\":\"BreadcrumbList\",\"@id\":\"https:\\\/\\\/www.worldrally.eu\\\/index.php\\\/2024\\\/02\\\/28\\\/koniec-z-hybrydami-w-wrc\\\/#breadcrumblist\",\"itemListElement\":[{\"@type\":\"ListItem\",\"@id\":\"https:\\\/\\\/www.worldrally.eu#listItem\",\"position\":1,\"name\":\"Home\",\"item\":\"https:\\\/\\\/www.worldrally.eu\",\"nextItem\":{\"@type\":\"ListItem\",\"@id\":\"https:\\\/\\\/www.worldrally.eu\\\/index.php\\\/category\\\/wrc\\\/#listItem\",\"name\":\"WRC\"}},{\"@type\":\"ListItem\",\"@id\":\"https:\\\/\\\/www.worldrally.eu\\\/index.php\\\/category\\\/wrc\\\/#listItem\",\"position\":2,\"name\":\"WRC\",\"item\":\"https:\\\/\\\/www.worldrally.eu\\\/index.php\\\/category\\\/wrc\\\/\",\"nextItem\":{\"@type\":\"ListItem\",\"@id\":\"https:\\\/\\\/www.worldrally.eu\\\/index.php\\\/2024\\\/02\\\/28\\\/koniec-z-hybrydami-w-wrc\\\/#listItem\",\"name\":\"Koniec z hybrydami w WRC\"},\"previousItem\":{\"@type\":\"ListItem\",\"@id\":\"https:\\\/\\\/www.worldrally.eu#listItem\",\"name\":\"Home\"}},{\"@type\":\"ListItem\",\"@id\":\"https:\\\/\\\/www.worldrally.eu\\\/index.php\\\/2024\\\/02\\\/28\\\/koniec-z-hybrydami-w-wrc\\\/#listItem\",\"position\":3,\"name\":\"Koniec z hybrydami w WRC\",\"previousItem\":{\"@type\":\"ListItem\",\"@id\":\"https:\\\/\\\/www.worldrally.eu\\\/index.php\\\/category\\\/wrc\\\/#listItem\",\"name\":\"WRC\"}}]},{\"@type\":\"Organization\",\"@id\":\"https:\\\/\\\/www.worldrally.eu\\\/#organization\",\"name\":\"WorldRally.eu\",\"url\":\"https:\\\/\\\/www.worldrally.eu\\\/\",\"logo\":{\"@type\":\"ImageObject\",\"url\":\"https:\\\/\\\/www.worldrally.eu\\\/wp-content\\\/uploads\\\/2026\\\/01\\\/cropped-logo-3.png\",\"@id\":\"https:\\\/\\\/www.worldrally.eu\\\/index.php\\\/2024\\\/02\\\/28\\\/koniec-z-hybrydami-w-wrc\\\/#organizationLogo\",\"width\":2039,\"height\":756},\"image\":{\"@id\":\"https:\\\/\\\/www.worldrally.eu\\\/index.php\\\/2024\\\/02\\\/28\\\/koniec-z-hybrydami-w-wrc\\\/#organizationLogo\"}},{\"@type\":\"Person\",\"@id\":\"https:\\\/\\\/www.worldrally.eu\\\/index.php\\\/author\\\/magdalena\\\/#author\",\"url\":\"https:\\\/\\\/www.worldrally.eu\\\/index.php\\\/author\\\/magdalena\\\/\",\"name\":\"Magdalena\",\"image\":{\"@type\":\"ImageObject\",\"@id\":\"https:\\\/\\\/www.worldrally.eu\\\/index.php\\\/2024\\\/02\\\/28\\\/koniec-z-hybrydami-w-wrc\\\/#authorImage\",\"url\":\"https:\\\/\\\/secure.gravatar.com\\\/avatar\\\/853239b46cec38ba30b48d2b091f5538817cc78bdc0944c9ef7408579307e2ea?s=96&d=mm&r=g\",\"width\":96,\"height\":96,\"caption\":\"Magdalena\"}},{\"@type\":\"WebPage\",\"@id\":\"https:\\\/\\\/www.worldrally.eu\\\/index.php\\\/2024\\\/02\\\/28\\\/koniec-z-hybrydami-w-wrc\\\/#webpage\",\"url\":\"https:\\\/\\\/www.worldrally.eu\\\/index.php\\\/2024\\\/02\\\/28\\\/koniec-z-hybrydami-w-wrc\\\/\",\"name\":\"Koniec z hybrydami w WRC \\u00bb WorldRally.eu\",\"description\":\"\\u015awiatowa Rada Sport\\u00f3w Motorowych wprowadzi\\u0142o zmiany w kategoriach Rally1 i Rally2 przed przysz\\u0142orocznymi WRC i oznajmi\\u0142a, \\u017ce hybryda ostanie usuni\\u0119ta z kategorii premium Rajdowych Mistrzostw \\u015awiata pod koniec tego sezonu. Modernizacja samochod\\u00f3w Rally1 \\u2013 obejmuj\\u0105ca r\\u00f3wnie\\u017c zmniejszenie mocy poprzez mniejszy ogranicznik turbospr\\u0119\\u017carki i bardziej ograniczon\\u0105 aerodynamik\\u0119. Opr\\u00f3cz zmian na rok 2025 Grupa Robocza proponuje znacz\\u0105co\",\"inLanguage\":\"en-GB\",\"isPartOf\":{\"@id\":\"https:\\\/\\\/www.worldrally.eu\\\/#website\"},\"breadcrumb\":{\"@id\":\"https:\\\/\\\/www.worldrally.eu\\\/index.php\\\/2024\\\/02\\\/28\\\/koniec-z-hybrydami-w-wrc\\\/#breadcrumblist\"},\"author\":{\"@id\":\"https:\\\/\\\/www.worldrally.eu\\\/index.php\\\/author\\\/magdalena\\\/#author\"},\"creator\":{\"@id\":\"https:\\\/\\\/www.worldrally.eu\\\/index.php\\\/author\\\/magdalena\\\/#author\"},\"image\":{\"@type\":\"ImageObject\",\"url\":\"https:\\\/\\\/www.worldrally.eu\\\/wp-content\\\/uploads\\\/2024\\\/02\\\/Rally-Sweden-2024-PhotoMs.se-photo-motorsport.com-Photo-Adam-Owczarek-7.jpg\",\"@id\":\"https:\\\/\\\/www.worldrally.eu\\\/index.php\\\/2024\\\/02\\\/28\\\/koniec-z-hybrydami-w-wrc\\\/#mainImage\",\"width\":1620,\"height\":1080},\"primaryImageOfPage\":{\"@id\":\"https:\\\/\\\/www.worldrally.eu\\\/index.php\\\/2024\\\/02\\\/28\\\/koniec-z-hybrydami-w-wrc\\\/#mainImage\"},\"datePublished\":\"2024-02-28T18:36:04+00:00\",\"dateModified\":\"2024-02-28T18:36:05+00:00\"},{\"@type\":\"WebSite\",\"@id\":\"https:\\\/\\\/www.worldrally.eu\\\/#website\",\"url\":\"https:\\\/\\\/www.worldrally.eu\\\/\",\"name\":\"WorldRally.eu\",\"inLanguage\":\"en-GB\",\"publisher\":{\"@id\":\"https:\\\/\\\/www.worldrally.eu\\\/#organization\"}}]}\n\t\t<\/script>\n\t\t<!-- All in One SEO -->\n\n","aioseo_head_json":{"title":"Koniec z hybrydami w WRC \u00bb WorldRally.eu","description":"\u015awiatowa Rada Sport\u00f3w Motorowych wprowadzi\u0142o zmiany w kategoriach Rally1 i Rally2 przed przysz\u0142orocznymi WRC i oznajmi\u0142a, \u017ce hybryda ostanie usuni\u0119ta z kategorii premium Rajdowych Mistrzostw \u015awiata pod koniec tego sezonu. Modernizacja samochod\u00f3w Rally1 \u2013 obejmuj\u0105ca r\u00f3wnie\u017c zmniejszenie mocy poprzez mniejszy ogranicznik turbospr\u0119\u017carki i bardziej ograniczon\u0105 aerodynamik\u0119. Opr\u00f3cz zmian na rok 2025 Grupa Robocza proponuje znacz\u0105co","canonical_url":"https:\/\/www.worldrally.eu\/index.php\/2024\/02\/28\/koniec-z-hybrydami-w-wrc\/","robots":"max-image-preview:large","keywords":"","webmasterTools":{"miscellaneous":""},"schema":{"@context":"https:\/\/schema.org","@graph":[{"@type":"BlogPosting","@id":"https:\/\/www.worldrally.eu\/index.php\/2024\/02\/28\/koniec-z-hybrydami-w-wrc\/#blogposting","name":"Koniec z hybrydami w WRC \u00bb WorldRally.eu","headline":"Koniec z hybrydami w WRC","author":{"@id":"https:\/\/www.worldrally.eu\/index.php\/author\/magdalena\/#author"},"publisher":{"@id":"https:\/\/www.worldrally.eu\/#organization"},"image":{"@type":"ImageObject","url":"https:\/\/www.worldrally.eu\/wp-content\/uploads\/2024\/02\/Rally-Sweden-2024-PhotoMs.se-photo-motorsport.com-Photo-Adam-Owczarek-7.jpg","width":1620,"height":1080},"datePublished":"2024-02-28T18:36:04+00:00","dateModified":"2024-02-28T18:36:05+00:00","inLanguage":"en-GB","mainEntityOfPage":{"@id":"https:\/\/www.worldrally.eu\/index.php\/2024\/02\/28\/koniec-z-hybrydami-w-wrc\/#webpage"},"isPartOf":{"@id":"https:\/\/www.worldrally.eu\/index.php\/2024\/02\/28\/koniec-z-hybrydami-w-wrc\/#webpage"},"articleSection":"WRC"},{"@type":"BreadcrumbList","@id":"https:\/\/www.worldrally.eu\/index.php\/2024\/02\/28\/koniec-z-hybrydami-w-wrc\/#breadcrumblist","itemListElement":[{"@type":"ListItem","@id":"https:\/\/www.worldrally.eu#listItem","position":1,"name":"Home","item":"https:\/\/www.worldrally.eu","nextItem":{"@type":"ListItem","@id":"https:\/\/www.worldrally.eu\/index.php\/category\/wrc\/#listItem","name":"WRC"}},{"@type":"ListItem","@id":"https:\/\/www.worldrally.eu\/index.php\/category\/wrc\/#listItem","position":2,"name":"WRC","item":"https:\/\/www.worldrally.eu\/index.php\/category\/wrc\/","nextItem":{"@type":"ListItem","@id":"https:\/\/www.worldrally.eu\/index.php\/2024\/02\/28\/koniec-z-hybrydami-w-wrc\/#listItem","name":"Koniec z hybrydami w WRC"},"previousItem":{"@type":"ListItem","@id":"https:\/\/www.worldrally.eu#listItem","name":"Home"}},{"@type":"ListItem","@id":"https:\/\/www.worldrally.eu\/index.php\/2024\/02\/28\/koniec-z-hybrydami-w-wrc\/#listItem","position":3,"name":"Koniec z hybrydami w WRC","previousItem":{"@type":"ListItem","@id":"https:\/\/www.worldrally.eu\/index.php\/category\/wrc\/#listItem","name":"WRC"}}]},{"@type":"Organization","@id":"https:\/\/www.worldrally.eu\/#organization","name":"WorldRally.eu","url":"https:\/\/www.worldrally.eu\/","logo":{"@type":"ImageObject","url":"https:\/\/www.worldrally.eu\/wp-content\/uploads\/2026\/01\/cropped-logo-3.png","@id":"https:\/\/www.worldrally.eu\/index.php\/2024\/02\/28\/koniec-z-hybrydami-w-wrc\/#organizationLogo","width":2039,"height":756},"image":{"@id":"https:\/\/www.worldrally.eu\/index.php\/2024\/02\/28\/koniec-z-hybrydami-w-wrc\/#organizationLogo"}},{"@type":"Person","@id":"https:\/\/www.worldrally.eu\/index.php\/author\/magdalena\/#author","url":"https:\/\/www.worldrally.eu\/index.php\/author\/magdalena\/","name":"Magdalena","image":{"@type":"ImageObject","@id":"https:\/\/www.worldrally.eu\/index.php\/2024\/02\/28\/koniec-z-hybrydami-w-wrc\/#authorImage","url":"https:\/\/secure.gravatar.com\/avatar\/853239b46cec38ba30b48d2b091f5538817cc78bdc0944c9ef7408579307e2ea?s=96&d=mm&r=g","width":96,"height":96,"caption":"Magdalena"}},{"@type":"WebPage","@id":"https:\/\/www.worldrally.eu\/index.php\/2024\/02\/28\/koniec-z-hybrydami-w-wrc\/#webpage","url":"https:\/\/www.worldrally.eu\/index.php\/2024\/02\/28\/koniec-z-hybrydami-w-wrc\/","name":"Koniec z hybrydami w WRC \u00bb WorldRally.eu","description":"\u015awiatowa Rada Sport\u00f3w Motorowych wprowadzi\u0142o zmiany w kategoriach Rally1 i Rally2 przed przysz\u0142orocznymi WRC i oznajmi\u0142a, \u017ce hybryda ostanie usuni\u0119ta z kategorii premium Rajdowych Mistrzostw \u015awiata pod koniec tego sezonu. Modernizacja samochod\u00f3w Rally1 \u2013 obejmuj\u0105ca r\u00f3wnie\u017c zmniejszenie mocy poprzez mniejszy ogranicznik turbospr\u0119\u017carki i bardziej ograniczon\u0105 aerodynamik\u0119. Opr\u00f3cz zmian na rok 2025 Grupa Robocza proponuje znacz\u0105co","inLanguage":"en-GB","isPartOf":{"@id":"https:\/\/www.worldrally.eu\/#website"},"breadcrumb":{"@id":"https:\/\/www.worldrally.eu\/index.php\/2024\/02\/28\/koniec-z-hybrydami-w-wrc\/#breadcrumblist"},"author":{"@id":"https:\/\/www.worldrally.eu\/index.php\/author\/magdalena\/#author"},"creator":{"@id":"https:\/\/www.worldrally.eu\/index.php\/author\/magdalena\/#author"},"image":{"@type":"ImageObject","url":"https:\/\/www.worldrally.eu\/wp-content\/uploads\/2024\/02\/Rally-Sweden-2024-PhotoMs.se-photo-motorsport.com-Photo-Adam-Owczarek-7.jpg","@id":"https:\/\/www.worldrally.eu\/index.php\/2024\/02\/28\/koniec-z-hybrydami-w-wrc\/#mainImage","width":1620,"height":1080},"primaryImageOfPage":{"@id":"https:\/\/www.worldrally.eu\/index.php\/2024\/02\/28\/koniec-z-hybrydami-w-wrc\/#mainImage"},"datePublished":"2024-02-28T18:36:04+00:00","dateModified":"2024-02-28T18:36:05+00:00"},{"@type":"WebSite","@id":"https:\/\/www.worldrally.eu\/#website","url":"https:\/\/www.worldrally.eu\/","name":"WorldRally.eu","inLanguage":"en-GB","publisher":{"@id":"https:\/\/www.worldrally.eu\/#organization"}}]},"og:locale":"en_GB","og:site_name":"WorldRally.eu \u00bb","og:type":"article","og:title":"Koniec z hybrydami w WRC \u00bb WorldRally.eu","og:description":"\u015awiatowa Rada Sport\u00f3w Motorowych wprowadzi\u0142o zmiany w kategoriach Rally1 i Rally2 przed przysz\u0142orocznymi WRC i oznajmi\u0142a, \u017ce hybryda ostanie usuni\u0119ta z kategorii premium Rajdowych Mistrzostw \u015awiata pod koniec tego sezonu. Modernizacja samochod\u00f3w Rally1 \u2013 obejmuj\u0105ca r\u00f3wnie\u017c zmniejszenie mocy poprzez mniejszy ogranicznik turbospr\u0119\u017carki i bardziej ograniczon\u0105 aerodynamik\u0119. Opr\u00f3cz zmian na rok 2025 Grupa Robocza proponuje znacz\u0105co","og:url":"https:\/\/www.worldrally.eu\/index.php\/2024\/02\/28\/koniec-z-hybrydami-w-wrc\/","og:image":"https:\/\/www.worldrally.eu\/wp-content\/uploads\/2024\/02\/Rally-Sweden-2024-PhotoMs.se-photo-motorsport.com-Photo-Adam-Owczarek-7.jpg","og:image:secure_url":"https:\/\/www.worldrally.eu\/wp-content\/uploads\/2024\/02\/Rally-Sweden-2024-PhotoMs.se-photo-motorsport.com-Photo-Adam-Owczarek-7.jpg","og:image:width":1620,"og:image:height":1080,"article:published_time":"2024-02-28T18:36:04+00:00","article:modified_time":"2024-02-28T18:36:05+00:00","twitter:card":"summary_large_image","twitter:title":"Koniec z hybrydami w WRC \u00bb WorldRally.eu","twitter:description":"\u015awiatowa Rada Sport\u00f3w Motorowych wprowadzi\u0142o zmiany w kategoriach Rally1 i Rally2 przed przysz\u0142orocznymi WRC i oznajmi\u0142a, \u017ce hybryda ostanie usuni\u0119ta z kategorii premium Rajdowych Mistrzostw \u015awiata pod koniec tego sezonu. Modernizacja samochod\u00f3w Rally1 \u2013 obejmuj\u0105ca r\u00f3wnie\u017c zmniejszenie mocy poprzez mniejszy ogranicznik turbospr\u0119\u017carki i bardziej ograniczon\u0105 aerodynamik\u0119. Opr\u00f3cz zmian na rok 2025 Grupa Robocza proponuje znacz\u0105co","twitter:image":"https:\/\/www.worldrally.eu\/wp-content\/uploads\/2024\/02\/Rally-Sweden-2024-PhotoMs.se-photo-motorsport.com-Photo-Adam-Owczarek-7.jpg"},"aioseo_meta_data":{"post_id":"2557","title":null,"description":null,"keywords":null,"keyphrases":null,"primary_term":null,"canonical_url":null,"og_title":null,"og_description":null,"og_object_type":"default","og_image_type":"default","og_image_url":null,"og_image_width":null,"og_image_height":null,"og_image_custom_url":null,"og_image_custom_fields":null,"og_video":null,"og_custom_url":null,"og_article_section":null,"og_article_tags":null,"twitter_use_og":false,"twitter_card":"default","twitter_image_type":"default","twitter_image_url":null,"twitter_image_custom_url":null,"twitter_image_custom_fields":null,"twitter_title":null,"twitter_description":null,"schema":{"blockGraphs":[],"customGraphs":[],"default":{"data":{"Article":[],"Course":[],"Dataset":[],"FAQPage":[],"Movie":[],"Person":[],"Product":[],"ProductReview":[],"Car":[],"Recipe":[],"Service":[],"SoftwareApplication":[],"WebPage":[]},"graphName":"","isEnabled":true},"graphs":[]},"schema_type":"default","schema_type_options":null,"pillar_content":false,"robots_default":true,"robots_noindex":false,"robots_noarchive":false,"robots_nosnippet":false,"robots_nofollow":false,"robots_noimageindex":false,"robots_noodp":false,"robots_notranslate":false,"robots_max_snippet":null,"robots_max_videopreview":null,"robots_max_imagepreview":"large","priority":null,"frequency":null,"local_seo":null,"breadcrumb_settings":null,"limit_modified_date":false,"ai":null,"created":"2025-03-22 06:38:20","updated":"2025-10-26 12:45:09","seo_analyzer_scan_date":null},"aioseo_breadcrumb":"<div class=\"aioseo-breadcrumbs\"><span class=\"aioseo-breadcrumb\">\n\t\t\t<a href=\"https:\/\/www.worldrally.eu\" title=\"Home\">Home<\/a>\n\t\t<\/span><span class=\"aioseo-breadcrumb-separator\">&raquo;<\/span><span class=\"aioseo-breadcrumb\">\n\t\t\t<a href=\"https:\/\/www.worldrally.eu\/index.php\/category\/wrc\/\" title=\"WRC\">WRC<\/a>\n\t\t<\/span><span class=\"aioseo-breadcrumb-separator\">&raquo;<\/span><span class=\"aioseo-breadcrumb\">\n\t\t\tKoniec z hybrydami w WRC\n\t\t<\/span><\/div>","aioseo_breadcrumb_json":[{"label":"Home","link":"https:\/\/www.worldrally.eu"},{"label":"WRC","link":"https:\/\/www.worldrally.eu\/index.php\/category\/wrc\/"},{"label":"Koniec z hybrydami w WRC","link":"https:\/\/www.worldrally.eu\/index.php\/2024\/02\/28\/koniec-z-hybrydami-w-wrc\/"}],"cc_featured_image_caption":{"caption_text":"Foto - PhotoMS","source_text":"","source_url":""},"_links":{"self":[{"href":"https:\/\/www.worldrally.eu\/index.php\/wp-json\/wp\/v2\/posts\/2557","targetHints":{"allow":["GET"]}}],"collection":[{"href":"https:\/\/www.worldrally.eu\/index.php\/wp-json\/wp\/v2\/posts"}],"about":[{"href":"https:\/\/www.worldrally.eu\/index.php\/wp-json\/wp\/v2\/types\/post"}],"author":[{"embeddable":true,"href":"https:\/\/www.worldrally.eu\/index.php\/wp-json\/wp\/v2\/users\/2"}],"replies":[{"embeddable":true,"href":"https:\/\/www.worldrally.eu\/index.php\/wp-json\/wp\/v2\/comments?post=2557"}],"version-history":[{"count":1,"href":"https:\/\/www.worldrally.eu\/index.php\/wp-json\/wp\/v2\/posts\/2557\/revisions"}],"predecessor-version":[{"id":2559,"href":"https:\/\/www.worldrally.eu\/index.php\/wp-json\/wp\/v2\/posts\/2557\/revisions\/2559"}],"wp:featuredmedia":[{"embeddable":true,"href":"https:\/\/www.worldrally.eu\/index.php\/wp-json\/wp\/v2\/media\/2500"}],"wp:attachment":[{"href":"https:\/\/www.worldrally.eu\/index.php\/wp-json\/wp\/v2\/media?parent=2557"}],"wp:term":[{"taxonomy":"category","embeddable":true,"href":"https:\/\/www.worldrally.eu\/index.php\/wp-json\/wp\/v2\/categories?post=2557"},{"taxonomy":"post_tag","embeddable":true,"href":"https:\/\/www.worldrally.eu\/index.php\/wp-json\/wp\/v2\/tags?post=2557"}],"curies":[{"name":"wp","href":"https:\/\/api.w.org\/{rel}","templated":true}]}}