{"id":2532,"date":"2024-02-17T20:18:00","date_gmt":"2024-02-17T20:18:00","guid":{"rendered":"https:\/\/www.worldrally.eu\/?p=2532"},"modified":"2024-02-25T18:40:20","modified_gmt":"2024-02-25T18:40:20","slug":"lappi-bezpiecznie-do-mety","status":"publish","type":"post","link":"https:\/\/www.worldrally.eu\/index.php\/2024\/02\/17\/lappi-bezpiecznie-do-mety\/","title":{"rendered":"Lappi bezpiecznie do mety"},"content":{"rendered":"\n<p class=\"wp-block-paragraph\">Espaekka Lappi ma na tyle bezpieczn\u0105 przewag\u0119, mo\u017ce sobie pozwoli na kontynuowanie jazdy bardzo bezpiecznym tempem i na koniec sobotnich rywalizacji wci\u0105\u017c zachowuje ponad minut\u0119 przewagi. Walka o drugie miejsce toczy si\u0119 pomi\u0119dzy Evansem i Fourmauxem, jednak\u017ce to Francus ma wci\u0105\u017c przewag\u0119 16,7 sekund przed niedzielnymi odcinkami specjalnymi. Jako czwarty w klasyfikacji jest Neuville, jednak\u017ce traci ponad minut\u0119 do trzeciej pozycji co nie b\u0119dzie mo\u017cliwe do odrobienia podczas trzech niedzielnych przejazd\u00f3w<\/p>\n\n\n\n<blockquote class=\"wp-block-quote is-layout-flow wp-block-quote-is-layout-flow\">\n<p class=\"wp-block-paragraph\">Widzia\u0142em wideo przed odcinkiem i my\u015bla\u0142em, \u017ce to by\u0142 wcze\u015bniej zakr\u0119t. Kiedy zorientowa\u0142em si\u0119, \u017ce tam jest, by\u0142o ju\u017c za p\u00f3\u017ano. C\u00f3\u017c za dobry dzie\u0144! Kolejka g\u00f3rska, w g\u00f3r\u0119 i w d\u00f3\u0142. Ale jestem szcz\u0119\u015bliwy. Jeste\u015bmy tutaj, P2<\/p>\n<cite>wyja\u015bni\u0142 Fourmaux<\/cite><\/blockquote>\n\n\n\n<figure class=\"wp-block-image size-large\"><img fetchpriority=\"high\" decoding=\"async\" width=\"1024\" height=\"683\" src=\"https:\/\/www.worldrally.eu\/wp-content\/uploads\/2024\/02\/Rally-Sweden-2024-PhotoMs.se-photo-motorsport.com-Photo-Adam-Owczarek-7a-1024x683.jpg\" alt=\"\" class=\"wp-image-2534\" srcset=\"https:\/\/www.worldrally.eu\/wp-content\/uploads\/2024\/02\/Rally-Sweden-2024-PhotoMs.se-photo-motorsport.com-Photo-Adam-Owczarek-7a-1024x683.jpg 1024w, https:\/\/www.worldrally.eu\/wp-content\/uploads\/2024\/02\/Rally-Sweden-2024-PhotoMs.se-photo-motorsport.com-Photo-Adam-Owczarek-7a-300x200.jpg 300w, https:\/\/www.worldrally.eu\/wp-content\/uploads\/2024\/02\/Rally-Sweden-2024-PhotoMs.se-photo-motorsport.com-Photo-Adam-Owczarek-7a-768x512.jpg 768w, https:\/\/www.worldrally.eu\/wp-content\/uploads\/2024\/02\/Rally-Sweden-2024-PhotoMs.se-photo-motorsport.com-Photo-Adam-Owczarek-7a-1536x1024.jpg 1536w, https:\/\/www.worldrally.eu\/wp-content\/uploads\/2024\/02\/Rally-Sweden-2024-PhotoMs.se-photo-motorsport.com-Photo-Adam-Owczarek-7a-446x297.jpg 446w, https:\/\/www.worldrally.eu\/wp-content\/uploads\/2024\/02\/Rally-Sweden-2024-PhotoMs.se-photo-motorsport.com-Photo-Adam-Owczarek-7a.jpg 1620w\" sizes=\"(max-width: 1024px) 100vw, 1024px\" \/><figcaption class=\"wp-element-caption\">Foto &#8211; PhotoMS<\/figcaption><\/figure>\n\n\n\n<p class=\"wp-block-paragraph\">Walcz\u0105cy o drugie miejsce Evans robi\u0142 co m\u00f3g\u0142 podczas sobotniej drugiej p\u0119tli sukcesywnie odrabiaj\u0105c straty podczas trzech przejazd\u00f3w, jednak\u017ce ostatnie nie by\u0142 idealny i ponownie straci\u0142 klika cenny sekund.<\/p>\n\n\n\n<blockquote class=\"wp-block-quote is-layout-flow wp-block-quote-is-layout-flow\">\n<p class=\"wp-block-paragraph\">By\u0142o dobrze. Oczywi\u015bcie tego popo\u0142udnia b\u0119dziesz musia\u0142 zadba\u0107 o swoje opony. To by\u0142a dla nas czysta seria, ale trudno powiedzie\u0107, kiedy tak si\u0119 stanie<br>Po prostu mia\u0142em zerow\u0105 przyczepno\u015b\u0107 z ty\u0142u. Musia\u0142em si\u0119 stara\u0107 tak bardzo, jak tylko mogli\u015bmy, ale nie by\u0142o to \u0142atwe. Nieidealny<\/p>\n<cite>powiedzia\u0142 Evans<\/cite><\/blockquote>\n\n\n\n<figure class=\"wp-block-image size-large\"><img decoding=\"async\" width=\"1024\" height=\"683\" src=\"https:\/\/www.worldrally.eu\/wp-content\/uploads\/2024\/02\/Rally-Sweden-2024-PhotoMs.se-photo-motorsport.com-Photo-Adam-Owczarek-13-1024x683.jpg\" alt=\"\" class=\"wp-image-2535\" srcset=\"https:\/\/www.worldrally.eu\/wp-content\/uploads\/2024\/02\/Rally-Sweden-2024-PhotoMs.se-photo-motorsport.com-Photo-Adam-Owczarek-13-1024x683.jpg 1024w, https:\/\/www.worldrally.eu\/wp-content\/uploads\/2024\/02\/Rally-Sweden-2024-PhotoMs.se-photo-motorsport.com-Photo-Adam-Owczarek-13-300x200.jpg 300w, https:\/\/www.worldrally.eu\/wp-content\/uploads\/2024\/02\/Rally-Sweden-2024-PhotoMs.se-photo-motorsport.com-Photo-Adam-Owczarek-13-768x512.jpg 768w, https:\/\/www.worldrally.eu\/wp-content\/uploads\/2024\/02\/Rally-Sweden-2024-PhotoMs.se-photo-motorsport.com-Photo-Adam-Owczarek-13-1536x1024.jpg 1536w, https:\/\/www.worldrally.eu\/wp-content\/uploads\/2024\/02\/Rally-Sweden-2024-PhotoMs.se-photo-motorsport.com-Photo-Adam-Owczarek-13-446x297.jpg 446w, https:\/\/www.worldrally.eu\/wp-content\/uploads\/2024\/02\/Rally-Sweden-2024-PhotoMs.se-photo-motorsport.com-Photo-Adam-Owczarek-13.jpg 1620w\" sizes=\"(max-width: 1024px) 100vw, 1024px\" \/><figcaption class=\"wp-element-caption\">Foto &#8211; PhotoMS<\/figcaption><\/figure>\n\n\n\n<p class=\"wp-block-paragraph\">ostatni sobotni OS by\u0142 pechowy dla drugiego kierowcy z M-Sport Munstera, kt\u00f3ry uleg\u0142 wypadkowi po problemach z autem.<\/p>\n\n\n\n<blockquote class=\"wp-block-quote is-layout-flow wp-block-quote-is-layout-flow\">\n<p class=\"wp-block-paragraph\">Po prostu ca\u0142kowicie si\u0119 zablokowa\u0142em i nie mog\u0142em zaci\u0105gn\u0105\u0107 hamulca r\u0119cznego ani nic, poniewa\u017c by\u0142 ca\u0142kowicie zablokowany. Poszed\u0142em prosto. Mam tylko nadziej\u0119, \u017ce nie spowolni\u0142em Esapekki. Pr\u00f3bowa\u0142em zobaczy\u0107 na skrzy\u017cowaniu, czy tam by\u0142 i czy mia\u0142 wiadomo\u015b\u0107 przed wej\u015bciem na odcinek. Przepraszam zesp\u00f3\u0142, na pewno nie jest to m\u00f3j cel.<\/p>\n<cite>wyja\u015bni\u0142 Munster<\/cite><\/blockquote>\n\n\n\n<figure class=\"wp-block-image size-large\"><img decoding=\"async\" width=\"1024\" height=\"683\" src=\"https:\/\/www.worldrally.eu\/wp-content\/uploads\/2024\/02\/Rally-Sweden-2024-PhotoMs.se-photo-motorsport.com-Photo-Adam-Owczarek-3c-1024x683.jpg\" alt=\"\" class=\"wp-image-2536\" srcset=\"https:\/\/www.worldrally.eu\/wp-content\/uploads\/2024\/02\/Rally-Sweden-2024-PhotoMs.se-photo-motorsport.com-Photo-Adam-Owczarek-3c-1024x683.jpg 1024w, https:\/\/www.worldrally.eu\/wp-content\/uploads\/2024\/02\/Rally-Sweden-2024-PhotoMs.se-photo-motorsport.com-Photo-Adam-Owczarek-3c-300x200.jpg 300w, https:\/\/www.worldrally.eu\/wp-content\/uploads\/2024\/02\/Rally-Sweden-2024-PhotoMs.se-photo-motorsport.com-Photo-Adam-Owczarek-3c-768x512.jpg 768w, https:\/\/www.worldrally.eu\/wp-content\/uploads\/2024\/02\/Rally-Sweden-2024-PhotoMs.se-photo-motorsport.com-Photo-Adam-Owczarek-3c-1536x1024.jpg 1536w, https:\/\/www.worldrally.eu\/wp-content\/uploads\/2024\/02\/Rally-Sweden-2024-PhotoMs.se-photo-motorsport.com-Photo-Adam-Owczarek-3c-446x297.jpg 446w, https:\/\/www.worldrally.eu\/wp-content\/uploads\/2024\/02\/Rally-Sweden-2024-PhotoMs.se-photo-motorsport.com-Photo-Adam-Owczarek-3c.jpg 1620w\" sizes=\"(max-width: 1024px) 100vw, 1024px\" \/><figcaption class=\"wp-element-caption\">Foto &#8211; PhotoMS<\/figcaption><\/figure>\n\n\n\n<p class=\"wp-block-paragraph\">W klasie WRC2 wci\u0105\u017c na bezpiecznym prowadzeniu Oliver Solberg, kt\u00f3ry ma 1 minute i 14 sekund przewagi nad Sami Pajari, kt\u00f3ry toczy zaci\u0119t\u0105 walk\u0119 z Linnam\u00e4re maj\u0105c zaledwie 0,2 sekundy przewagi, a Korhonen straci\u0142 kolejne 19,8 s na \u00f3smej pozycji, a na ostatnich etapach ka\u017cdy z zawodnik\u00f3w mia\u0142 problemy z przyczepno\u015bci\u0105.<\/p>\n\n\n\n<figure class=\"wp-block-image size-large\"><img loading=\"lazy\" decoding=\"async\" width=\"1024\" height=\"683\" src=\"https:\/\/www.worldrally.eu\/wp-content\/uploads\/2024\/02\/Rally-Sweden-2024-PhotoMs.se-photo-motorsport.com-Photo-Adam-Owczarek-1-1-1024x683.jpg\" alt=\"\" class=\"wp-image-2537\" srcset=\"https:\/\/www.worldrally.eu\/wp-content\/uploads\/2024\/02\/Rally-Sweden-2024-PhotoMs.se-photo-motorsport.com-Photo-Adam-Owczarek-1-1-1024x683.jpg 1024w, https:\/\/www.worldrally.eu\/wp-content\/uploads\/2024\/02\/Rally-Sweden-2024-PhotoMs.se-photo-motorsport.com-Photo-Adam-Owczarek-1-1-300x200.jpg 300w, https:\/\/www.worldrally.eu\/wp-content\/uploads\/2024\/02\/Rally-Sweden-2024-PhotoMs.se-photo-motorsport.com-Photo-Adam-Owczarek-1-1-768x512.jpg 768w, https:\/\/www.worldrally.eu\/wp-content\/uploads\/2024\/02\/Rally-Sweden-2024-PhotoMs.se-photo-motorsport.com-Photo-Adam-Owczarek-1-1-1536x1024.jpg 1536w, https:\/\/www.worldrally.eu\/wp-content\/uploads\/2024\/02\/Rally-Sweden-2024-PhotoMs.se-photo-motorsport.com-Photo-Adam-Owczarek-1-1-446x297.jpg 446w, https:\/\/www.worldrally.eu\/wp-content\/uploads\/2024\/02\/Rally-Sweden-2024-PhotoMs.se-photo-motorsport.com-Photo-Adam-Owczarek-1-1.jpg 1620w\" sizes=\"(max-width: 1024px) 100vw, 1024px\" \/><figcaption class=\"wp-element-caption\">Foto &#8211; PhotoMS<\/figcaption><\/figure>\n\n\n\n<p class=\"wp-block-paragraph\">Pe\u0142ne wyniki po OS15 znajduj\u0105 si\u0119 <a href=\"https:\/\/www.ewrc-results.com\/results\/84371-rally-sweden-2024\/?s=442745\" target=\"_blank\" rel=\"noreferrer noopener\">>>>TUTAJ&lt;&lt;&lt;<\/a><\/p>\n","protected":false},"excerpt":{"rendered":"<p>Espaekka Lappi ma na tyle bezpieczn\u0105 przewag\u0119, mo\u017ce sobie pozwoli na kontynuowanie jazdy bardzo bezpiecznym tempem i na koniec sobotnich rywalizacji wci\u0105\u017c zachowuje ponad minut\u0119 przewagi. Walka o drugie miejsce toczy si\u0119 pomi\u0119dzy Evansem i Fourmauxem, jednak\u017ce to Francus ma wci\u0105\u017c przewag\u0119 16,7 sekund przed niedzielnymi odcinkami specjalnymi. Jako czwarty w klasyfikacji jest Neuville, jednak\u017ce [&hellip;]<\/p>\n","protected":false},"author":2,"featured_media":2533,"comment_status":"closed","ping_status":"closed","sticky":false,"template":"","format":"standard","meta":{"_monsterinsights_skip_tracking":false,"_monsterinsights_sitenote_active":false,"_monsterinsights_sitenote_note":"","_monsterinsights_sitenote_category":0,"footnotes":""},"categories":[3],"tags":[],"class_list":["post-2532","post","type-post","status-publish","format-standard","has-post-thumbnail","hentry","category-wrc"],"aioseo_notices":[],"aioseo_head":"\n\t\t<!-- All in One SEO 4.9.9 - aioseo.com -->\n\t<meta name=\"description\" content=\"Espaekka Lappi ma na tyle bezpieczn\u0105 przewag\u0119, mo\u017ce sobie pozwoli na kontynuowanie jazdy bardzo bezpiecznym tempem i na koniec sobotnich rywalizacji wci\u0105\u017c zachowuje ponad minut\u0119 przewagi. Walka o drugie miejsce toczy si\u0119 pomi\u0119dzy Evansem i Fourmauxem, jednak\u017ce to Francus ma wci\u0105\u017c przewag\u0119 16,7 sekund przed niedzielnymi odcinkami specjalnymi. Jako czwarty w klasyfikacji jest Neuville, jednak\u017ce\" \/>\n\t<meta name=\"robots\" content=\"max-image-preview:large\" \/>\n\t<meta name=\"author\" content=\"Magdalena\"\/>\n\t<link rel=\"canonical\" href=\"https:\/\/www.worldrally.eu\/index.php\/2024\/02\/17\/lappi-bezpiecznie-do-mety\/\" \/>\n\t<meta name=\"generator\" content=\"All in One SEO (AIOSEO) 4.9.9\" \/>\n\t\t<meta property=\"og:locale\" content=\"en_GB\" \/>\n\t\t<meta property=\"og:site_name\" content=\"WorldRally.eu \u00bb\" \/>\n\t\t<meta property=\"og:type\" content=\"article\" \/>\n\t\t<meta property=\"og:title\" content=\"Lappi bezpiecznie do mety \u00bb WorldRally.eu\" \/>\n\t\t<meta property=\"og:description\" content=\"Espaekka Lappi ma na tyle bezpieczn\u0105 przewag\u0119, mo\u017ce sobie pozwoli na kontynuowanie jazdy bardzo bezpiecznym tempem i na koniec sobotnich rywalizacji wci\u0105\u017c zachowuje ponad minut\u0119 przewagi. Walka o drugie miejsce toczy si\u0119 pomi\u0119dzy Evansem i Fourmauxem, jednak\u017ce to Francus ma wci\u0105\u017c przewag\u0119 16,7 sekund przed niedzielnymi odcinkami specjalnymi. Jako czwarty w klasyfikacji jest Neuville, jednak\u017ce\" \/>\n\t\t<meta property=\"og:url\" content=\"https:\/\/www.worldrally.eu\/index.php\/2024\/02\/17\/lappi-bezpiecznie-do-mety\/\" \/>\n\t\t<meta property=\"og:image\" content=\"https:\/\/www.worldrally.eu\/wp-content\/uploads\/2024\/02\/Rally-Sweden-2024-PhotoMs.se-photo-motorsport.com-Photo-Adam-Owczarek-6a.jpg\" \/>\n\t\t<meta property=\"og:image:secure_url\" content=\"https:\/\/www.worldrally.eu\/wp-content\/uploads\/2024\/02\/Rally-Sweden-2024-PhotoMs.se-photo-motorsport.com-Photo-Adam-Owczarek-6a.jpg\" \/>\n\t\t<meta property=\"og:image:width\" content=\"1620\" \/>\n\t\t<meta property=\"og:image:height\" content=\"1080\" \/>\n\t\t<meta property=\"article:published_time\" content=\"2024-02-17T20:18:00+00:00\" \/>\n\t\t<meta property=\"article:modified_time\" content=\"2024-02-25T18:40:20+00:00\" \/>\n\t\t<meta name=\"twitter:card\" content=\"summary_large_image\" \/>\n\t\t<meta name=\"twitter:title\" content=\"Lappi bezpiecznie do mety \u00bb WorldRally.eu\" \/>\n\t\t<meta name=\"twitter:description\" content=\"Espaekka Lappi ma na tyle bezpieczn\u0105 przewag\u0119, mo\u017ce sobie pozwoli na kontynuowanie jazdy bardzo bezpiecznym tempem i na koniec sobotnich rywalizacji wci\u0105\u017c zachowuje ponad minut\u0119 przewagi. Walka o drugie miejsce toczy si\u0119 pomi\u0119dzy Evansem i Fourmauxem, jednak\u017ce to Francus ma wci\u0105\u017c przewag\u0119 16,7 sekund przed niedzielnymi odcinkami specjalnymi. Jako czwarty w klasyfikacji jest Neuville, jednak\u017ce\" \/>\n\t\t<meta name=\"twitter:image\" content=\"https:\/\/www.worldrally.eu\/wp-content\/uploads\/2024\/02\/Rally-Sweden-2024-PhotoMs.se-photo-motorsport.com-Photo-Adam-Owczarek-6a.jpg\" \/>\n\t\t<script type=\"application\/ld+json\" class=\"aioseo-schema\">\n\t\t\t{\"@context\":\"https:\\\/\\\/schema.org\",\"@graph\":[{\"@type\":\"BlogPosting\",\"@id\":\"https:\\\/\\\/www.worldrally.eu\\\/index.php\\\/2024\\\/02\\\/17\\\/lappi-bezpiecznie-do-mety\\\/#blogposting\",\"name\":\"Lappi bezpiecznie do mety \\u00bb WorldRally.eu\",\"headline\":\"Lappi bezpiecznie do mety\",\"author\":{\"@id\":\"https:\\\/\\\/www.worldrally.eu\\\/index.php\\\/author\\\/magdalena\\\/#author\"},\"publisher\":{\"@id\":\"https:\\\/\\\/www.worldrally.eu\\\/#organization\"},\"image\":{\"@type\":\"ImageObject\",\"url\":\"https:\\\/\\\/www.worldrally.eu\\\/wp-content\\\/uploads\\\/2024\\\/02\\\/Rally-Sweden-2024-PhotoMs.se-photo-motorsport.com-Photo-Adam-Owczarek-6a.jpg\",\"width\":1620,\"height\":1080},\"datePublished\":\"2024-02-17T20:18:00+00:00\",\"dateModified\":\"2024-02-25T18:40:20+00:00\",\"inLanguage\":\"en-GB\",\"mainEntityOfPage\":{\"@id\":\"https:\\\/\\\/www.worldrally.eu\\\/index.php\\\/2024\\\/02\\\/17\\\/lappi-bezpiecznie-do-mety\\\/#webpage\"},\"isPartOf\":{\"@id\":\"https:\\\/\\\/www.worldrally.eu\\\/index.php\\\/2024\\\/02\\\/17\\\/lappi-bezpiecznie-do-mety\\\/#webpage\"},\"articleSection\":\"WRC\"},{\"@type\":\"BreadcrumbList\",\"@id\":\"https:\\\/\\\/www.worldrally.eu\\\/index.php\\\/2024\\\/02\\\/17\\\/lappi-bezpiecznie-do-mety\\\/#breadcrumblist\",\"itemListElement\":[{\"@type\":\"ListItem\",\"@id\":\"https:\\\/\\\/www.worldrally.eu#listItem\",\"position\":1,\"name\":\"Home\",\"item\":\"https:\\\/\\\/www.worldrally.eu\",\"nextItem\":{\"@type\":\"ListItem\",\"@id\":\"https:\\\/\\\/www.worldrally.eu\\\/index.php\\\/category\\\/wrc\\\/#listItem\",\"name\":\"WRC\"}},{\"@type\":\"ListItem\",\"@id\":\"https:\\\/\\\/www.worldrally.eu\\\/index.php\\\/category\\\/wrc\\\/#listItem\",\"position\":2,\"name\":\"WRC\",\"item\":\"https:\\\/\\\/www.worldrally.eu\\\/index.php\\\/category\\\/wrc\\\/\",\"nextItem\":{\"@type\":\"ListItem\",\"@id\":\"https:\\\/\\\/www.worldrally.eu\\\/index.php\\\/2024\\\/02\\\/17\\\/lappi-bezpiecznie-do-mety\\\/#listItem\",\"name\":\"Lappi bezpiecznie do mety\"},\"previousItem\":{\"@type\":\"ListItem\",\"@id\":\"https:\\\/\\\/www.worldrally.eu#listItem\",\"name\":\"Home\"}},{\"@type\":\"ListItem\",\"@id\":\"https:\\\/\\\/www.worldrally.eu\\\/index.php\\\/2024\\\/02\\\/17\\\/lappi-bezpiecznie-do-mety\\\/#listItem\",\"position\":3,\"name\":\"Lappi bezpiecznie do mety\",\"previousItem\":{\"@type\":\"ListItem\",\"@id\":\"https:\\\/\\\/www.worldrally.eu\\\/index.php\\\/category\\\/wrc\\\/#listItem\",\"name\":\"WRC\"}}]},{\"@type\":\"Organization\",\"@id\":\"https:\\\/\\\/www.worldrally.eu\\\/#organization\",\"name\":\"WorldRally.eu\",\"url\":\"https:\\\/\\\/www.worldrally.eu\\\/\",\"logo\":{\"@type\":\"ImageObject\",\"url\":\"https:\\\/\\\/www.worldrally.eu\\\/wp-content\\\/uploads\\\/2026\\\/01\\\/cropped-logo-3.png\",\"@id\":\"https:\\\/\\\/www.worldrally.eu\\\/index.php\\\/2024\\\/02\\\/17\\\/lappi-bezpiecznie-do-mety\\\/#organizationLogo\",\"width\":2039,\"height\":756},\"image\":{\"@id\":\"https:\\\/\\\/www.worldrally.eu\\\/index.php\\\/2024\\\/02\\\/17\\\/lappi-bezpiecznie-do-mety\\\/#organizationLogo\"}},{\"@type\":\"Person\",\"@id\":\"https:\\\/\\\/www.worldrally.eu\\\/index.php\\\/author\\\/magdalena\\\/#author\",\"url\":\"https:\\\/\\\/www.worldrally.eu\\\/index.php\\\/author\\\/magdalena\\\/\",\"name\":\"Magdalena\",\"image\":{\"@type\":\"ImageObject\",\"@id\":\"https:\\\/\\\/www.worldrally.eu\\\/index.php\\\/2024\\\/02\\\/17\\\/lappi-bezpiecznie-do-mety\\\/#authorImage\",\"url\":\"https:\\\/\\\/secure.gravatar.com\\\/avatar\\\/853239b46cec38ba30b48d2b091f5538817cc78bdc0944c9ef7408579307e2ea?s=96&d=mm&r=g\",\"width\":96,\"height\":96,\"caption\":\"Magdalena\"}},{\"@type\":\"WebPage\",\"@id\":\"https:\\\/\\\/www.worldrally.eu\\\/index.php\\\/2024\\\/02\\\/17\\\/lappi-bezpiecznie-do-mety\\\/#webpage\",\"url\":\"https:\\\/\\\/www.worldrally.eu\\\/index.php\\\/2024\\\/02\\\/17\\\/lappi-bezpiecznie-do-mety\\\/\",\"name\":\"Lappi bezpiecznie do mety \\u00bb WorldRally.eu\",\"description\":\"Espaekka Lappi ma na tyle bezpieczn\\u0105 przewag\\u0119, mo\\u017ce sobie pozwoli na kontynuowanie jazdy bardzo bezpiecznym tempem i na koniec sobotnich rywalizacji wci\\u0105\\u017c zachowuje ponad minut\\u0119 przewagi. Walka o drugie miejsce toczy si\\u0119 pomi\\u0119dzy Evansem i Fourmauxem, jednak\\u017ce to Francus ma wci\\u0105\\u017c przewag\\u0119 16,7 sekund przed niedzielnymi odcinkami specjalnymi. Jako czwarty w klasyfikacji jest Neuville, jednak\\u017ce\",\"inLanguage\":\"en-GB\",\"isPartOf\":{\"@id\":\"https:\\\/\\\/www.worldrally.eu\\\/#website\"},\"breadcrumb\":{\"@id\":\"https:\\\/\\\/www.worldrally.eu\\\/index.php\\\/2024\\\/02\\\/17\\\/lappi-bezpiecznie-do-mety\\\/#breadcrumblist\"},\"author\":{\"@id\":\"https:\\\/\\\/www.worldrally.eu\\\/index.php\\\/author\\\/magdalena\\\/#author\"},\"creator\":{\"@id\":\"https:\\\/\\\/www.worldrally.eu\\\/index.php\\\/author\\\/magdalena\\\/#author\"},\"image\":{\"@type\":\"ImageObject\",\"url\":\"https:\\\/\\\/www.worldrally.eu\\\/wp-content\\\/uploads\\\/2024\\\/02\\\/Rally-Sweden-2024-PhotoMs.se-photo-motorsport.com-Photo-Adam-Owczarek-6a.jpg\",\"@id\":\"https:\\\/\\\/www.worldrally.eu\\\/index.php\\\/2024\\\/02\\\/17\\\/lappi-bezpiecznie-do-mety\\\/#mainImage\",\"width\":1620,\"height\":1080},\"primaryImageOfPage\":{\"@id\":\"https:\\\/\\\/www.worldrally.eu\\\/index.php\\\/2024\\\/02\\\/17\\\/lappi-bezpiecznie-do-mety\\\/#mainImage\"},\"datePublished\":\"2024-02-17T20:18:00+00:00\",\"dateModified\":\"2024-02-25T18:40:20+00:00\"},{\"@type\":\"WebSite\",\"@id\":\"https:\\\/\\\/www.worldrally.eu\\\/#website\",\"url\":\"https:\\\/\\\/www.worldrally.eu\\\/\",\"name\":\"WorldRally.eu\",\"inLanguage\":\"en-GB\",\"publisher\":{\"@id\":\"https:\\\/\\\/www.worldrally.eu\\\/#organization\"}}]}\n\t\t<\/script>\n\t\t<!-- All in One SEO -->\n\n","aioseo_head_json":{"title":"Lappi bezpiecznie do mety \u00bb WorldRally.eu","description":"Espaekka Lappi ma na tyle bezpieczn\u0105 przewag\u0119, mo\u017ce sobie pozwoli na kontynuowanie jazdy bardzo bezpiecznym tempem i na koniec sobotnich rywalizacji wci\u0105\u017c zachowuje ponad minut\u0119 przewagi. Walka o drugie miejsce toczy si\u0119 pomi\u0119dzy Evansem i Fourmauxem, jednak\u017ce to Francus ma wci\u0105\u017c przewag\u0119 16,7 sekund przed niedzielnymi odcinkami specjalnymi. Jako czwarty w klasyfikacji jest Neuville, jednak\u017ce","canonical_url":"https:\/\/www.worldrally.eu\/index.php\/2024\/02\/17\/lappi-bezpiecznie-do-mety\/","robots":"max-image-preview:large","keywords":"","webmasterTools":{"miscellaneous":""},"schema":{"@context":"https:\/\/schema.org","@graph":[{"@type":"BlogPosting","@id":"https:\/\/www.worldrally.eu\/index.php\/2024\/02\/17\/lappi-bezpiecznie-do-mety\/#blogposting","name":"Lappi bezpiecznie do mety \u00bb WorldRally.eu","headline":"Lappi bezpiecznie do mety","author":{"@id":"https:\/\/www.worldrally.eu\/index.php\/author\/magdalena\/#author"},"publisher":{"@id":"https:\/\/www.worldrally.eu\/#organization"},"image":{"@type":"ImageObject","url":"https:\/\/www.worldrally.eu\/wp-content\/uploads\/2024\/02\/Rally-Sweden-2024-PhotoMs.se-photo-motorsport.com-Photo-Adam-Owczarek-6a.jpg","width":1620,"height":1080},"datePublished":"2024-02-17T20:18:00+00:00","dateModified":"2024-02-25T18:40:20+00:00","inLanguage":"en-GB","mainEntityOfPage":{"@id":"https:\/\/www.worldrally.eu\/index.php\/2024\/02\/17\/lappi-bezpiecznie-do-mety\/#webpage"},"isPartOf":{"@id":"https:\/\/www.worldrally.eu\/index.php\/2024\/02\/17\/lappi-bezpiecznie-do-mety\/#webpage"},"articleSection":"WRC"},{"@type":"BreadcrumbList","@id":"https:\/\/www.worldrally.eu\/index.php\/2024\/02\/17\/lappi-bezpiecznie-do-mety\/#breadcrumblist","itemListElement":[{"@type":"ListItem","@id":"https:\/\/www.worldrally.eu#listItem","position":1,"name":"Home","item":"https:\/\/www.worldrally.eu","nextItem":{"@type":"ListItem","@id":"https:\/\/www.worldrally.eu\/index.php\/category\/wrc\/#listItem","name":"WRC"}},{"@type":"ListItem","@id":"https:\/\/www.worldrally.eu\/index.php\/category\/wrc\/#listItem","position":2,"name":"WRC","item":"https:\/\/www.worldrally.eu\/index.php\/category\/wrc\/","nextItem":{"@type":"ListItem","@id":"https:\/\/www.worldrally.eu\/index.php\/2024\/02\/17\/lappi-bezpiecznie-do-mety\/#listItem","name":"Lappi bezpiecznie do mety"},"previousItem":{"@type":"ListItem","@id":"https:\/\/www.worldrally.eu#listItem","name":"Home"}},{"@type":"ListItem","@id":"https:\/\/www.worldrally.eu\/index.php\/2024\/02\/17\/lappi-bezpiecznie-do-mety\/#listItem","position":3,"name":"Lappi bezpiecznie do mety","previousItem":{"@type":"ListItem","@id":"https:\/\/www.worldrally.eu\/index.php\/category\/wrc\/#listItem","name":"WRC"}}]},{"@type":"Organization","@id":"https:\/\/www.worldrally.eu\/#organization","name":"WorldRally.eu","url":"https:\/\/www.worldrally.eu\/","logo":{"@type":"ImageObject","url":"https:\/\/www.worldrally.eu\/wp-content\/uploads\/2026\/01\/cropped-logo-3.png","@id":"https:\/\/www.worldrally.eu\/index.php\/2024\/02\/17\/lappi-bezpiecznie-do-mety\/#organizationLogo","width":2039,"height":756},"image":{"@id":"https:\/\/www.worldrally.eu\/index.php\/2024\/02\/17\/lappi-bezpiecznie-do-mety\/#organizationLogo"}},{"@type":"Person","@id":"https:\/\/www.worldrally.eu\/index.php\/author\/magdalena\/#author","url":"https:\/\/www.worldrally.eu\/index.php\/author\/magdalena\/","name":"Magdalena","image":{"@type":"ImageObject","@id":"https:\/\/www.worldrally.eu\/index.php\/2024\/02\/17\/lappi-bezpiecznie-do-mety\/#authorImage","url":"https:\/\/secure.gravatar.com\/avatar\/853239b46cec38ba30b48d2b091f5538817cc78bdc0944c9ef7408579307e2ea?s=96&d=mm&r=g","width":96,"height":96,"caption":"Magdalena"}},{"@type":"WebPage","@id":"https:\/\/www.worldrally.eu\/index.php\/2024\/02\/17\/lappi-bezpiecznie-do-mety\/#webpage","url":"https:\/\/www.worldrally.eu\/index.php\/2024\/02\/17\/lappi-bezpiecznie-do-mety\/","name":"Lappi bezpiecznie do mety \u00bb WorldRally.eu","description":"Espaekka Lappi ma na tyle bezpieczn\u0105 przewag\u0119, mo\u017ce sobie pozwoli na kontynuowanie jazdy bardzo bezpiecznym tempem i na koniec sobotnich rywalizacji wci\u0105\u017c zachowuje ponad minut\u0119 przewagi. Walka o drugie miejsce toczy si\u0119 pomi\u0119dzy Evansem i Fourmauxem, jednak\u017ce to Francus ma wci\u0105\u017c przewag\u0119 16,7 sekund przed niedzielnymi odcinkami specjalnymi. Jako czwarty w klasyfikacji jest Neuville, jednak\u017ce","inLanguage":"en-GB","isPartOf":{"@id":"https:\/\/www.worldrally.eu\/#website"},"breadcrumb":{"@id":"https:\/\/www.worldrally.eu\/index.php\/2024\/02\/17\/lappi-bezpiecznie-do-mety\/#breadcrumblist"},"author":{"@id":"https:\/\/www.worldrally.eu\/index.php\/author\/magdalena\/#author"},"creator":{"@id":"https:\/\/www.worldrally.eu\/index.php\/author\/magdalena\/#author"},"image":{"@type":"ImageObject","url":"https:\/\/www.worldrally.eu\/wp-content\/uploads\/2024\/02\/Rally-Sweden-2024-PhotoMs.se-photo-motorsport.com-Photo-Adam-Owczarek-6a.jpg","@id":"https:\/\/www.worldrally.eu\/index.php\/2024\/02\/17\/lappi-bezpiecznie-do-mety\/#mainImage","width":1620,"height":1080},"primaryImageOfPage":{"@id":"https:\/\/www.worldrally.eu\/index.php\/2024\/02\/17\/lappi-bezpiecznie-do-mety\/#mainImage"},"datePublished":"2024-02-17T20:18:00+00:00","dateModified":"2024-02-25T18:40:20+00:00"},{"@type":"WebSite","@id":"https:\/\/www.worldrally.eu\/#website","url":"https:\/\/www.worldrally.eu\/","name":"WorldRally.eu","inLanguage":"en-GB","publisher":{"@id":"https:\/\/www.worldrally.eu\/#organization"}}]},"og:locale":"en_GB","og:site_name":"WorldRally.eu \u00bb","og:type":"article","og:title":"Lappi bezpiecznie do mety \u00bb WorldRally.eu","og:description":"Espaekka Lappi ma na tyle bezpieczn\u0105 przewag\u0119, mo\u017ce sobie pozwoli na kontynuowanie jazdy bardzo bezpiecznym tempem i na koniec sobotnich rywalizacji wci\u0105\u017c zachowuje ponad minut\u0119 przewagi. Walka o drugie miejsce toczy si\u0119 pomi\u0119dzy Evansem i Fourmauxem, jednak\u017ce to Francus ma wci\u0105\u017c przewag\u0119 16,7 sekund przed niedzielnymi odcinkami specjalnymi. Jako czwarty w klasyfikacji jest Neuville, jednak\u017ce","og:url":"https:\/\/www.worldrally.eu\/index.php\/2024\/02\/17\/lappi-bezpiecznie-do-mety\/","og:image":"https:\/\/www.worldrally.eu\/wp-content\/uploads\/2024\/02\/Rally-Sweden-2024-PhotoMs.se-photo-motorsport.com-Photo-Adam-Owczarek-6a.jpg","og:image:secure_url":"https:\/\/www.worldrally.eu\/wp-content\/uploads\/2024\/02\/Rally-Sweden-2024-PhotoMs.se-photo-motorsport.com-Photo-Adam-Owczarek-6a.jpg","og:image:width":1620,"og:image:height":1080,"article:published_time":"2024-02-17T20:18:00+00:00","article:modified_time":"2024-02-25T18:40:20+00:00","twitter:card":"summary_large_image","twitter:title":"Lappi bezpiecznie do mety \u00bb WorldRally.eu","twitter:description":"Espaekka Lappi ma na tyle bezpieczn\u0105 przewag\u0119, mo\u017ce sobie pozwoli na kontynuowanie jazdy bardzo bezpiecznym tempem i na koniec sobotnich rywalizacji wci\u0105\u017c zachowuje ponad minut\u0119 przewagi. Walka o drugie miejsce toczy si\u0119 pomi\u0119dzy Evansem i Fourmauxem, jednak\u017ce to Francus ma wci\u0105\u017c przewag\u0119 16,7 sekund przed niedzielnymi odcinkami specjalnymi. Jako czwarty w klasyfikacji jest Neuville, jednak\u017ce","twitter:image":"https:\/\/www.worldrally.eu\/wp-content\/uploads\/2024\/02\/Rally-Sweden-2024-PhotoMs.se-photo-motorsport.com-Photo-Adam-Owczarek-6a.jpg"},"aioseo_meta_data":{"post_id":"2532","title":null,"description":null,"keywords":null,"keyphrases":null,"primary_term":null,"canonical_url":null,"og_title":null,"og_description":null,"og_object_type":"default","og_image_type":"default","og_image_url":null,"og_image_width":null,"og_image_height":null,"og_image_custom_url":null,"og_image_custom_fields":null,"og_video":null,"og_custom_url":null,"og_article_section":null,"og_article_tags":null,"twitter_use_og":false,"twitter_card":"default","twitter_image_type":"default","twitter_image_url":null,"twitter_image_custom_url":null,"twitter_image_custom_fields":null,"twitter_title":null,"twitter_description":null,"schema":{"blockGraphs":[],"customGraphs":[],"default":{"data":{"Article":[],"Course":[],"Dataset":[],"FAQPage":[],"Movie":[],"Person":[],"Product":[],"ProductReview":[],"Car":[],"Recipe":[],"Service":[],"SoftwareApplication":[],"WebPage":[]},"graphName":"","isEnabled":true},"graphs":[]},"schema_type":"default","schema_type_options":null,"pillar_content":false,"robots_default":true,"robots_noindex":false,"robots_noarchive":false,"robots_nosnippet":false,"robots_nofollow":false,"robots_noimageindex":false,"robots_noodp":false,"robots_notranslate":false,"robots_max_snippet":null,"robots_max_videopreview":null,"robots_max_imagepreview":"large","priority":null,"frequency":null,"local_seo":null,"breadcrumb_settings":null,"limit_modified_date":false,"ai":null,"created":"2025-03-22 06:38:20","updated":"2025-10-26 12:35:49","seo_analyzer_scan_date":null},"aioseo_breadcrumb":"<div class=\"aioseo-breadcrumbs\"><span class=\"aioseo-breadcrumb\">\n\t\t\t<a href=\"https:\/\/www.worldrally.eu\" title=\"Home\">Home<\/a>\n\t\t<\/span><span class=\"aioseo-breadcrumb-separator\">&raquo;<\/span><span class=\"aioseo-breadcrumb\">\n\t\t\t<a href=\"https:\/\/www.worldrally.eu\/index.php\/category\/wrc\/\" title=\"WRC\">WRC<\/a>\n\t\t<\/span><span class=\"aioseo-breadcrumb-separator\">&raquo;<\/span><span class=\"aioseo-breadcrumb\">\n\t\t\tLappi bezpiecznie do mety\n\t\t<\/span><\/div>","aioseo_breadcrumb_json":[{"label":"Home","link":"https:\/\/www.worldrally.eu"},{"label":"WRC","link":"https:\/\/www.worldrally.eu\/index.php\/category\/wrc\/"},{"label":"Lappi bezpiecznie do mety","link":"https:\/\/www.worldrally.eu\/index.php\/2024\/02\/17\/lappi-bezpiecznie-do-mety\/"}],"cc_featured_image_caption":{"caption_text":"Foto - photoMS","source_text":"","source_url":""},"_links":{"self":[{"href":"https:\/\/www.worldrally.eu\/index.php\/wp-json\/wp\/v2\/posts\/2532","targetHints":{"allow":["GET"]}}],"collection":[{"href":"https:\/\/www.worldrally.eu\/index.php\/wp-json\/wp\/v2\/posts"}],"about":[{"href":"https:\/\/www.worldrally.eu\/index.php\/wp-json\/wp\/v2\/types\/post"}],"author":[{"embeddable":true,"href":"https:\/\/www.worldrally.eu\/index.php\/wp-json\/wp\/v2\/users\/2"}],"replies":[{"embeddable":true,"href":"https:\/\/www.worldrally.eu\/index.php\/wp-json\/wp\/v2\/comments?post=2532"}],"version-history":[{"count":1,"href":"https:\/\/www.worldrally.eu\/index.php\/wp-json\/wp\/v2\/posts\/2532\/revisions"}],"predecessor-version":[{"id":2538,"href":"https:\/\/www.worldrally.eu\/index.php\/wp-json\/wp\/v2\/posts\/2532\/revisions\/2538"}],"wp:featuredmedia":[{"embeddable":true,"href":"https:\/\/www.worldrally.eu\/index.php\/wp-json\/wp\/v2\/media\/2533"}],"wp:attachment":[{"href":"https:\/\/www.worldrally.eu\/index.php\/wp-json\/wp\/v2\/media?parent=2532"}],"wp:term":[{"taxonomy":"category","embeddable":true,"href":"https:\/\/www.worldrally.eu\/index.php\/wp-json\/wp\/v2\/categories?post=2532"},{"taxonomy":"post_tag","embeddable":true,"href":"https:\/\/www.worldrally.eu\/index.php\/wp-json\/wp\/v2\/tags?post=2532"}],"curies":[{"name":"wp","href":"https:\/\/api.w.org\/{rel}","templated":true}]}}