{"id":2491,"date":"2024-02-12T17:04:41","date_gmt":"2024-02-12T17:04:41","guid":{"rendered":"https:\/\/www.worldrally.eu\/?p=2491"},"modified":"2024-02-12T17:04:42","modified_gmt":"2024-02-12T17:04:42","slug":"lopez-pelen-potencialu","status":"publish","type":"post","link":"https:\/\/www.worldrally.eu\/index.php\/2024\/02\/12\/lopez-pelen-potencialu\/","title":{"rendered":"L\u00f3pez pe\u0142en potencia\u0142u."},"content":{"rendered":"\n<p class=\"wp-block-paragraph\">Pepe L\u00f3pez pokaza\u0142 niesamowity potencja\u0142 i ducha walki w Rajdzie Monte Carlo niejednokrotnie pokazuj\u0105c, \u017ce w obecnym sezonie nale\u017c si\u0119 z nim liczy\u0107 i b\u0119dzie walczy\u0142 o punkty do samego ko\u0144ca.<\/p>\n\n\n\n<p class=\"wp-block-paragraph\">Hiszpa\u0144ski kierowca ju\u017c od pierwszego odcinka specjalnego dominowa\u0142 w rajdzie wygrywaj\u0105c siedem odcink\u00f3w specjalnych, zmieniaj\u0105c si\u0119 na fotelu lidera pomi\u0119dzy Gryazinem i Rosselem ostatecznie przegrywaj\u0105c walk\u0119 na ostatnim odcinku specjalnym ko\u0144cz\u0105c rywalizacj\u0119 na drugiej pozycji w klasie WRC2.<\/p>\n\n\n\n<figure class=\"wp-block-image size-large\"><img fetchpriority=\"high\" decoding=\"async\" width=\"1024\" height=\"683\" src=\"https:\/\/www.worldrally.eu\/wp-content\/uploads\/2024\/02\/Monte-Carlo-2024-PhotoMs.se-photo-motorsport.com-2a-1-1024x683.jpg\" alt=\"\" class=\"wp-image-2492\" srcset=\"https:\/\/www.worldrally.eu\/wp-content\/uploads\/2024\/02\/Monte-Carlo-2024-PhotoMs.se-photo-motorsport.com-2a-1-1024x683.jpg 1024w, https:\/\/www.worldrally.eu\/wp-content\/uploads\/2024\/02\/Monte-Carlo-2024-PhotoMs.se-photo-motorsport.com-2a-1-300x200.jpg 300w, https:\/\/www.worldrally.eu\/wp-content\/uploads\/2024\/02\/Monte-Carlo-2024-PhotoMs.se-photo-motorsport.com-2a-1-768x512.jpg 768w, https:\/\/www.worldrally.eu\/wp-content\/uploads\/2024\/02\/Monte-Carlo-2024-PhotoMs.se-photo-motorsport.com-2a-1-1536x1024.jpg 1536w, https:\/\/www.worldrally.eu\/wp-content\/uploads\/2024\/02\/Monte-Carlo-2024-PhotoMs.se-photo-motorsport.com-2a-1-446x297.jpg 446w, https:\/\/www.worldrally.eu\/wp-content\/uploads\/2024\/02\/Monte-Carlo-2024-PhotoMs.se-photo-motorsport.com-2a-1.jpg 1620w\" sizes=\"(max-width: 1024px) 100vw, 1024px\" \/><figcaption class=\"wp-element-caption\">Foto &#8211; PhotoMS<\/figcaption><\/figure>\n\n\n\n<blockquote class=\"wp-block-quote is-layout-flow wp-block-quote-is-layout-flow\">\n<p class=\"wp-block-paragraph\">Naprawd\u0119 szkoda, bo byli\u015bmy tak blisko zwyci\u0119stwa. Ale rajdy takie w\u0142a\u015bnie s\u0105. My\u015bl\u0119, \u017ce mo\u017cemy by\u0107 dumni z osi\u0105g\u00f3w, jakie osi\u0105gn\u0119li\u015bmy przez ca\u0142y wy\u015bcig. [Mieli\u015bmy] Nowy zesp\u00f3\u0142 (Mapo Motorsport), nowego pilota (David V\u00e1zquez), a tak\u017ce nowy samoch\u00f3d. My\u015bl\u0119 wi\u0119c, \u017ce mo\u017cemy by\u0107 szcz\u0119\u015bliwi.Przynajmniej zostali\u015bmy pokonani przez zesp\u00f3\u0142 z najwi\u0119kszym do\u015bwiadczeniem (DG Sport, kt\u00f3ry obecnie kieruje startami Citro\u00ebna w WRC2 w tym sezonie). Pr\u00f3bujemy znale\u017a\u0107 co\u015b pozytywnego, bo teraz jestem rozczarowany.<\/p>\n<cite>wyja\u015bni\u0142 L\u00f3pez <\/cite><\/blockquote>\n\n\n\n<p class=\"wp-block-paragraph\">Chocia\u017c tegoroczny Monte nie by\u0142 pierwszym startem L\u00f3peza w WRC ten sezon stanowi krok naprz\u00f3d w programie.<\/p>\n\n\n\n<blockquote class=\"wp-block-quote is-layout-flow wp-block-quote-is-layout-flow\">\n<p class=\"wp-block-paragraph\">W tym roku planujemy pe\u0142ne mistrzostwa WRC2. a nast\u0119pnie mistrzostwa krajowe r\u00f3wnie\u017c w Hiszpanii. To b\u0119dzie wi\u0119c pracowity rok! To nasz pierwszy rajd Skod\u0105, wi\u0119c zrobili\u015bmy du\u017co notatek z samochodu i w kolejnych rajdach tempo na pewno b\u0119dzie ros\u0142o. Zobaczmy, gdzie mo\u017cemy by\u0107. Teraz w\u0142a\u015bnie to chc\u0119 zrobi\u0107: pokaza\u0107, \u017ce potrafi\u0119 by\u0107 konkurencyjny tak\u017ce na szutrach.Poniewa\u017c jeste\u015bmy z Hiszpanii, ludzie my\u015bl\u0105, \u017ce zawsze mo\u017cemy wyst\u0119powa\u0107 tylko na asfalcie, ale jestem pewien, \u017ce poka\u017c\u0119 wam na szutrze, \u017ce r\u00f3wnie\u017c jeste\u015bmy konkurencyjni<\/p>\n<cite>doda\u0142 L\u00f3pez <\/cite><\/blockquote>\n\n\n\n<figure class=\"wp-block-image size-large\"><img decoding=\"async\" width=\"1024\" height=\"683\" src=\"https:\/\/www.worldrally.eu\/wp-content\/uploads\/2024\/02\/Monte-Carlo-2024-PhotoMs.se-photo-motorsport.com-20-1024x683.jpg\" alt=\"\" class=\"wp-image-2493\" srcset=\"https:\/\/www.worldrally.eu\/wp-content\/uploads\/2024\/02\/Monte-Carlo-2024-PhotoMs.se-photo-motorsport.com-20-1024x683.jpg 1024w, https:\/\/www.worldrally.eu\/wp-content\/uploads\/2024\/02\/Monte-Carlo-2024-PhotoMs.se-photo-motorsport.com-20-300x200.jpg 300w, https:\/\/www.worldrally.eu\/wp-content\/uploads\/2024\/02\/Monte-Carlo-2024-PhotoMs.se-photo-motorsport.com-20-768x512.jpg 768w, https:\/\/www.worldrally.eu\/wp-content\/uploads\/2024\/02\/Monte-Carlo-2024-PhotoMs.se-photo-motorsport.com-20-1536x1024.jpg 1536w, https:\/\/www.worldrally.eu\/wp-content\/uploads\/2024\/02\/Monte-Carlo-2024-PhotoMs.se-photo-motorsport.com-20-446x297.jpg 446w, https:\/\/www.worldrally.eu\/wp-content\/uploads\/2024\/02\/Monte-Carlo-2024-PhotoMs.se-photo-motorsport.com-20.jpg 1620w\" sizes=\"(max-width: 1024px) 100vw, 1024px\" \/><figcaption class=\"wp-element-caption\">Foto &#8211; PhotoMS<\/figcaption><\/figure>\n","protected":false},"excerpt":{"rendered":"<p>Pepe L\u00f3pez pokaza\u0142 niesamowity potencja\u0142 i ducha walki w Rajdzie Monte Carlo niejednokrotnie pokazuj\u0105c, \u017ce w obecnym sezonie nale\u017c si\u0119 z nim liczy\u0107 i b\u0119dzie walczy\u0142 o punkty do samego ko\u0144ca. Hiszpa\u0144ski kierowca ju\u017c od pierwszego odcinka specjalnego dominowa\u0142 w rajdzie wygrywaj\u0105c siedem odcink\u00f3w specjalnych, zmieniaj\u0105c si\u0119 na fotelu lidera pomi\u0119dzy Gryazinem i Rosselem ostatecznie [&hellip;]<\/p>\n","protected":false},"author":4,"featured_media":2455,"comment_status":"closed","ping_status":"closed","sticky":false,"template":"","format":"standard","meta":{"_monsterinsights_skip_tracking":false,"_monsterinsights_sitenote_active":false,"_monsterinsights_sitenote_note":"","_monsterinsights_sitenote_category":0,"footnotes":""},"categories":[3],"tags":[],"class_list":["post-2491","post","type-post","status-publish","format-standard","has-post-thumbnail","hentry","category-wrc"],"aioseo_notices":[],"aioseo_head":"\n\t\t<!-- All in One SEO 4.9.9 - aioseo.com -->\n\t<meta name=\"description\" content=\"Pepe L\u00f3pez pokaza\u0142 niesamowity potencja\u0142 i ducha walki w Rajdzie Monte Carlo niejednokrotnie pokazuj\u0105c, \u017ce w obecnym sezonie nale\u017c si\u0119 z nim liczy\u0107 i b\u0119dzie walczy\u0142 o punkty do samego ko\u0144ca. Hiszpa\u0144ski kierowca ju\u017c od pierwszego odcinka specjalnego dominowa\u0142 w rajdzie wygrywaj\u0105c siedem odcink\u00f3w specjalnych, zmieniaj\u0105c si\u0119 na fotelu lidera pomi\u0119dzy Gryazinem i Rosselem ostatecznie\" \/>\n\t<meta name=\"robots\" content=\"max-image-preview:large\" \/>\n\t<meta name=\"author\" content=\"Slawek\"\/>\n\t<link rel=\"canonical\" href=\"https:\/\/www.worldrally.eu\/index.php\/2024\/02\/12\/lopez-pelen-potencialu\/\" \/>\n\t<meta name=\"generator\" content=\"All in One SEO (AIOSEO) 4.9.9\" \/>\n\t\t<meta property=\"og:locale\" content=\"en_GB\" \/>\n\t\t<meta property=\"og:site_name\" content=\"WorldRally.eu \u00bb\" \/>\n\t\t<meta property=\"og:type\" content=\"article\" \/>\n\t\t<meta property=\"og:title\" content=\"L\u00f3pez pe\u0142en potencia\u0142u. \u00bb WorldRally.eu\" \/>\n\t\t<meta property=\"og:description\" content=\"Pepe L\u00f3pez pokaza\u0142 niesamowity potencja\u0142 i ducha walki w Rajdzie Monte Carlo niejednokrotnie pokazuj\u0105c, \u017ce w obecnym sezonie nale\u017c si\u0119 z nim liczy\u0107 i b\u0119dzie walczy\u0142 o punkty do samego ko\u0144ca. Hiszpa\u0144ski kierowca ju\u017c od pierwszego odcinka specjalnego dominowa\u0142 w rajdzie wygrywaj\u0105c siedem odcink\u00f3w specjalnych, zmieniaj\u0105c si\u0119 na fotelu lidera pomi\u0119dzy Gryazinem i Rosselem ostatecznie\" \/>\n\t\t<meta property=\"og:url\" content=\"https:\/\/www.worldrally.eu\/index.php\/2024\/02\/12\/lopez-pelen-potencialu\/\" \/>\n\t\t<meta property=\"og:image\" content=\"https:\/\/www.worldrally.eu\/wp-content\/uploads\/2024\/02\/Monte-Carlo-2024-SD-17-1.jpg\" \/>\n\t\t<meta property=\"og:image:secure_url\" content=\"https:\/\/www.worldrally.eu\/wp-content\/uploads\/2024\/02\/Monte-Carlo-2024-SD-17-1.jpg\" \/>\n\t\t<meta property=\"og:image:width\" content=\"1620\" \/>\n\t\t<meta property=\"og:image:height\" content=\"1039\" \/>\n\t\t<meta property=\"article:published_time\" content=\"2024-02-12T17:04:41+00:00\" \/>\n\t\t<meta property=\"article:modified_time\" content=\"2024-02-12T17:04:42+00:00\" \/>\n\t\t<meta name=\"twitter:card\" content=\"summary_large_image\" \/>\n\t\t<meta name=\"twitter:title\" content=\"L\u00f3pez pe\u0142en potencia\u0142u. \u00bb WorldRally.eu\" \/>\n\t\t<meta name=\"twitter:description\" content=\"Pepe L\u00f3pez pokaza\u0142 niesamowity potencja\u0142 i ducha walki w Rajdzie Monte Carlo niejednokrotnie pokazuj\u0105c, \u017ce w obecnym sezonie nale\u017c si\u0119 z nim liczy\u0107 i b\u0119dzie walczy\u0142 o punkty do samego ko\u0144ca. Hiszpa\u0144ski kierowca ju\u017c od pierwszego odcinka specjalnego dominowa\u0142 w rajdzie wygrywaj\u0105c siedem odcink\u00f3w specjalnych, zmieniaj\u0105c si\u0119 na fotelu lidera pomi\u0119dzy Gryazinem i Rosselem ostatecznie\" \/>\n\t\t<meta name=\"twitter:image\" content=\"https:\/\/www.worldrally.eu\/wp-content\/uploads\/2024\/02\/Monte-Carlo-2024-SD-17-1.jpg\" \/>\n\t\t<script type=\"application\/ld+json\" class=\"aioseo-schema\">\n\t\t\t{\"@context\":\"https:\\\/\\\/schema.org\",\"@graph\":[{\"@type\":\"BlogPosting\",\"@id\":\"https:\\\/\\\/www.worldrally.eu\\\/index.php\\\/2024\\\/02\\\/12\\\/lopez-pelen-potencialu\\\/#blogposting\",\"name\":\"L\\u00f3pez pe\\u0142en potencia\\u0142u. \\u00bb WorldRally.eu\",\"headline\":\"L\\u00f3pez pe\\u0142en potencia\\u0142u.\",\"author\":{\"@id\":\"https:\\\/\\\/www.worldrally.eu\\\/index.php\\\/author\\\/slawek\\\/#author\"},\"publisher\":{\"@id\":\"https:\\\/\\\/www.worldrally.eu\\\/#organization\"},\"image\":{\"@type\":\"ImageObject\",\"url\":\"https:\\\/\\\/www.worldrally.eu\\\/wp-content\\\/uploads\\\/2024\\\/02\\\/Monte-Carlo-2024-SD-17-1.jpg\",\"width\":1620,\"height\":1039},\"datePublished\":\"2024-02-12T17:04:41+00:00\",\"dateModified\":\"2024-02-12T17:04:42+00:00\",\"inLanguage\":\"en-GB\",\"mainEntityOfPage\":{\"@id\":\"https:\\\/\\\/www.worldrally.eu\\\/index.php\\\/2024\\\/02\\\/12\\\/lopez-pelen-potencialu\\\/#webpage\"},\"isPartOf\":{\"@id\":\"https:\\\/\\\/www.worldrally.eu\\\/index.php\\\/2024\\\/02\\\/12\\\/lopez-pelen-potencialu\\\/#webpage\"},\"articleSection\":\"WRC\"},{\"@type\":\"BreadcrumbList\",\"@id\":\"https:\\\/\\\/www.worldrally.eu\\\/index.php\\\/2024\\\/02\\\/12\\\/lopez-pelen-potencialu\\\/#breadcrumblist\",\"itemListElement\":[{\"@type\":\"ListItem\",\"@id\":\"https:\\\/\\\/www.worldrally.eu#listItem\",\"position\":1,\"name\":\"Home\",\"item\":\"https:\\\/\\\/www.worldrally.eu\",\"nextItem\":{\"@type\":\"ListItem\",\"@id\":\"https:\\\/\\\/www.worldrally.eu\\\/index.php\\\/category\\\/wrc\\\/#listItem\",\"name\":\"WRC\"}},{\"@type\":\"ListItem\",\"@id\":\"https:\\\/\\\/www.worldrally.eu\\\/index.php\\\/category\\\/wrc\\\/#listItem\",\"position\":2,\"name\":\"WRC\",\"item\":\"https:\\\/\\\/www.worldrally.eu\\\/index.php\\\/category\\\/wrc\\\/\",\"nextItem\":{\"@type\":\"ListItem\",\"@id\":\"https:\\\/\\\/www.worldrally.eu\\\/index.php\\\/2024\\\/02\\\/12\\\/lopez-pelen-potencialu\\\/#listItem\",\"name\":\"L\\u00f3pez pe\\u0142en potencia\\u0142u.\"},\"previousItem\":{\"@type\":\"ListItem\",\"@id\":\"https:\\\/\\\/www.worldrally.eu#listItem\",\"name\":\"Home\"}},{\"@type\":\"ListItem\",\"@id\":\"https:\\\/\\\/www.worldrally.eu\\\/index.php\\\/2024\\\/02\\\/12\\\/lopez-pelen-potencialu\\\/#listItem\",\"position\":3,\"name\":\"L\\u00f3pez pe\\u0142en potencia\\u0142u.\",\"previousItem\":{\"@type\":\"ListItem\",\"@id\":\"https:\\\/\\\/www.worldrally.eu\\\/index.php\\\/category\\\/wrc\\\/#listItem\",\"name\":\"WRC\"}}]},{\"@type\":\"Organization\",\"@id\":\"https:\\\/\\\/www.worldrally.eu\\\/#organization\",\"name\":\"WorldRally.eu\",\"url\":\"https:\\\/\\\/www.worldrally.eu\\\/\",\"logo\":{\"@type\":\"ImageObject\",\"url\":\"https:\\\/\\\/www.worldrally.eu\\\/wp-content\\\/uploads\\\/2026\\\/01\\\/cropped-logo-3.png\",\"@id\":\"https:\\\/\\\/www.worldrally.eu\\\/index.php\\\/2024\\\/02\\\/12\\\/lopez-pelen-potencialu\\\/#organizationLogo\",\"width\":2039,\"height\":756},\"image\":{\"@id\":\"https:\\\/\\\/www.worldrally.eu\\\/index.php\\\/2024\\\/02\\\/12\\\/lopez-pelen-potencialu\\\/#organizationLogo\"}},{\"@type\":\"Person\",\"@id\":\"https:\\\/\\\/www.worldrally.eu\\\/index.php\\\/author\\\/slawek\\\/#author\",\"url\":\"https:\\\/\\\/www.worldrally.eu\\\/index.php\\\/author\\\/slawek\\\/\",\"name\":\"Slawek\",\"image\":{\"@type\":\"ImageObject\",\"@id\":\"https:\\\/\\\/www.worldrally.eu\\\/index.php\\\/2024\\\/02\\\/12\\\/lopez-pelen-potencialu\\\/#authorImage\",\"url\":\"https:\\\/\\\/secure.gravatar.com\\\/avatar\\\/69f360f7dae72083ae4bc4ab808684e60db7862f2a4c55f482a5c339df672fd5?s=96&d=mm&r=g\",\"width\":96,\"height\":96,\"caption\":\"Slawek\"}},{\"@type\":\"WebPage\",\"@id\":\"https:\\\/\\\/www.worldrally.eu\\\/index.php\\\/2024\\\/02\\\/12\\\/lopez-pelen-potencialu\\\/#webpage\",\"url\":\"https:\\\/\\\/www.worldrally.eu\\\/index.php\\\/2024\\\/02\\\/12\\\/lopez-pelen-potencialu\\\/\",\"name\":\"L\\u00f3pez pe\\u0142en potencia\\u0142u. \\u00bb WorldRally.eu\",\"description\":\"Pepe L\\u00f3pez pokaza\\u0142 niesamowity potencja\\u0142 i ducha walki w Rajdzie Monte Carlo niejednokrotnie pokazuj\\u0105c, \\u017ce w obecnym sezonie nale\\u017c si\\u0119 z nim liczy\\u0107 i b\\u0119dzie walczy\\u0142 o punkty do samego ko\\u0144ca. Hiszpa\\u0144ski kierowca ju\\u017c od pierwszego odcinka specjalnego dominowa\\u0142 w rajdzie wygrywaj\\u0105c siedem odcink\\u00f3w specjalnych, zmieniaj\\u0105c si\\u0119 na fotelu lidera pomi\\u0119dzy Gryazinem i Rosselem ostatecznie\",\"inLanguage\":\"en-GB\",\"isPartOf\":{\"@id\":\"https:\\\/\\\/www.worldrally.eu\\\/#website\"},\"breadcrumb\":{\"@id\":\"https:\\\/\\\/www.worldrally.eu\\\/index.php\\\/2024\\\/02\\\/12\\\/lopez-pelen-potencialu\\\/#breadcrumblist\"},\"author\":{\"@id\":\"https:\\\/\\\/www.worldrally.eu\\\/index.php\\\/author\\\/slawek\\\/#author\"},\"creator\":{\"@id\":\"https:\\\/\\\/www.worldrally.eu\\\/index.php\\\/author\\\/slawek\\\/#author\"},\"image\":{\"@type\":\"ImageObject\",\"url\":\"https:\\\/\\\/www.worldrally.eu\\\/wp-content\\\/uploads\\\/2024\\\/02\\\/Monte-Carlo-2024-SD-17-1.jpg\",\"@id\":\"https:\\\/\\\/www.worldrally.eu\\\/index.php\\\/2024\\\/02\\\/12\\\/lopez-pelen-potencialu\\\/#mainImage\",\"width\":1620,\"height\":1039},\"primaryImageOfPage\":{\"@id\":\"https:\\\/\\\/www.worldrally.eu\\\/index.php\\\/2024\\\/02\\\/12\\\/lopez-pelen-potencialu\\\/#mainImage\"},\"datePublished\":\"2024-02-12T17:04:41+00:00\",\"dateModified\":\"2024-02-12T17:04:42+00:00\"},{\"@type\":\"WebSite\",\"@id\":\"https:\\\/\\\/www.worldrally.eu\\\/#website\",\"url\":\"https:\\\/\\\/www.worldrally.eu\\\/\",\"name\":\"WorldRally.eu\",\"inLanguage\":\"en-GB\",\"publisher\":{\"@id\":\"https:\\\/\\\/www.worldrally.eu\\\/#organization\"}}]}\n\t\t<\/script>\n\t\t<!-- All in One SEO -->\n\n","aioseo_head_json":{"title":"L\u00f3pez pe\u0142en potencia\u0142u. \u00bb WorldRally.eu","description":"Pepe L\u00f3pez pokaza\u0142 niesamowity potencja\u0142 i ducha walki w Rajdzie Monte Carlo niejednokrotnie pokazuj\u0105c, \u017ce w obecnym sezonie nale\u017c si\u0119 z nim liczy\u0107 i b\u0119dzie walczy\u0142 o punkty do samego ko\u0144ca. Hiszpa\u0144ski kierowca ju\u017c od pierwszego odcinka specjalnego dominowa\u0142 w rajdzie wygrywaj\u0105c siedem odcink\u00f3w specjalnych, zmieniaj\u0105c si\u0119 na fotelu lidera pomi\u0119dzy Gryazinem i Rosselem ostatecznie","canonical_url":"https:\/\/www.worldrally.eu\/index.php\/2024\/02\/12\/lopez-pelen-potencialu\/","robots":"max-image-preview:large","keywords":"","webmasterTools":{"miscellaneous":""},"schema":{"@context":"https:\/\/schema.org","@graph":[{"@type":"BlogPosting","@id":"https:\/\/www.worldrally.eu\/index.php\/2024\/02\/12\/lopez-pelen-potencialu\/#blogposting","name":"L\u00f3pez pe\u0142en potencia\u0142u. \u00bb WorldRally.eu","headline":"L\u00f3pez pe\u0142en potencia\u0142u.","author":{"@id":"https:\/\/www.worldrally.eu\/index.php\/author\/slawek\/#author"},"publisher":{"@id":"https:\/\/www.worldrally.eu\/#organization"},"image":{"@type":"ImageObject","url":"https:\/\/www.worldrally.eu\/wp-content\/uploads\/2024\/02\/Monte-Carlo-2024-SD-17-1.jpg","width":1620,"height":1039},"datePublished":"2024-02-12T17:04:41+00:00","dateModified":"2024-02-12T17:04:42+00:00","inLanguage":"en-GB","mainEntityOfPage":{"@id":"https:\/\/www.worldrally.eu\/index.php\/2024\/02\/12\/lopez-pelen-potencialu\/#webpage"},"isPartOf":{"@id":"https:\/\/www.worldrally.eu\/index.php\/2024\/02\/12\/lopez-pelen-potencialu\/#webpage"},"articleSection":"WRC"},{"@type":"BreadcrumbList","@id":"https:\/\/www.worldrally.eu\/index.php\/2024\/02\/12\/lopez-pelen-potencialu\/#breadcrumblist","itemListElement":[{"@type":"ListItem","@id":"https:\/\/www.worldrally.eu#listItem","position":1,"name":"Home","item":"https:\/\/www.worldrally.eu","nextItem":{"@type":"ListItem","@id":"https:\/\/www.worldrally.eu\/index.php\/category\/wrc\/#listItem","name":"WRC"}},{"@type":"ListItem","@id":"https:\/\/www.worldrally.eu\/index.php\/category\/wrc\/#listItem","position":2,"name":"WRC","item":"https:\/\/www.worldrally.eu\/index.php\/category\/wrc\/","nextItem":{"@type":"ListItem","@id":"https:\/\/www.worldrally.eu\/index.php\/2024\/02\/12\/lopez-pelen-potencialu\/#listItem","name":"L\u00f3pez pe\u0142en potencia\u0142u."},"previousItem":{"@type":"ListItem","@id":"https:\/\/www.worldrally.eu#listItem","name":"Home"}},{"@type":"ListItem","@id":"https:\/\/www.worldrally.eu\/index.php\/2024\/02\/12\/lopez-pelen-potencialu\/#listItem","position":3,"name":"L\u00f3pez pe\u0142en potencia\u0142u.","previousItem":{"@type":"ListItem","@id":"https:\/\/www.worldrally.eu\/index.php\/category\/wrc\/#listItem","name":"WRC"}}]},{"@type":"Organization","@id":"https:\/\/www.worldrally.eu\/#organization","name":"WorldRally.eu","url":"https:\/\/www.worldrally.eu\/","logo":{"@type":"ImageObject","url":"https:\/\/www.worldrally.eu\/wp-content\/uploads\/2026\/01\/cropped-logo-3.png","@id":"https:\/\/www.worldrally.eu\/index.php\/2024\/02\/12\/lopez-pelen-potencialu\/#organizationLogo","width":2039,"height":756},"image":{"@id":"https:\/\/www.worldrally.eu\/index.php\/2024\/02\/12\/lopez-pelen-potencialu\/#organizationLogo"}},{"@type":"Person","@id":"https:\/\/www.worldrally.eu\/index.php\/author\/slawek\/#author","url":"https:\/\/www.worldrally.eu\/index.php\/author\/slawek\/","name":"Slawek","image":{"@type":"ImageObject","@id":"https:\/\/www.worldrally.eu\/index.php\/2024\/02\/12\/lopez-pelen-potencialu\/#authorImage","url":"https:\/\/secure.gravatar.com\/avatar\/69f360f7dae72083ae4bc4ab808684e60db7862f2a4c55f482a5c339df672fd5?s=96&d=mm&r=g","width":96,"height":96,"caption":"Slawek"}},{"@type":"WebPage","@id":"https:\/\/www.worldrally.eu\/index.php\/2024\/02\/12\/lopez-pelen-potencialu\/#webpage","url":"https:\/\/www.worldrally.eu\/index.php\/2024\/02\/12\/lopez-pelen-potencialu\/","name":"L\u00f3pez pe\u0142en potencia\u0142u. \u00bb WorldRally.eu","description":"Pepe L\u00f3pez pokaza\u0142 niesamowity potencja\u0142 i ducha walki w Rajdzie Monte Carlo niejednokrotnie pokazuj\u0105c, \u017ce w obecnym sezonie nale\u017c si\u0119 z nim liczy\u0107 i b\u0119dzie walczy\u0142 o punkty do samego ko\u0144ca. Hiszpa\u0144ski kierowca ju\u017c od pierwszego odcinka specjalnego dominowa\u0142 w rajdzie wygrywaj\u0105c siedem odcink\u00f3w specjalnych, zmieniaj\u0105c si\u0119 na fotelu lidera pomi\u0119dzy Gryazinem i Rosselem ostatecznie","inLanguage":"en-GB","isPartOf":{"@id":"https:\/\/www.worldrally.eu\/#website"},"breadcrumb":{"@id":"https:\/\/www.worldrally.eu\/index.php\/2024\/02\/12\/lopez-pelen-potencialu\/#breadcrumblist"},"author":{"@id":"https:\/\/www.worldrally.eu\/index.php\/author\/slawek\/#author"},"creator":{"@id":"https:\/\/www.worldrally.eu\/index.php\/author\/slawek\/#author"},"image":{"@type":"ImageObject","url":"https:\/\/www.worldrally.eu\/wp-content\/uploads\/2024\/02\/Monte-Carlo-2024-SD-17-1.jpg","@id":"https:\/\/www.worldrally.eu\/index.php\/2024\/02\/12\/lopez-pelen-potencialu\/#mainImage","width":1620,"height":1039},"primaryImageOfPage":{"@id":"https:\/\/www.worldrally.eu\/index.php\/2024\/02\/12\/lopez-pelen-potencialu\/#mainImage"},"datePublished":"2024-02-12T17:04:41+00:00","dateModified":"2024-02-12T17:04:42+00:00"},{"@type":"WebSite","@id":"https:\/\/www.worldrally.eu\/#website","url":"https:\/\/www.worldrally.eu\/","name":"WorldRally.eu","inLanguage":"en-GB","publisher":{"@id":"https:\/\/www.worldrally.eu\/#organization"}}]},"og:locale":"en_GB","og:site_name":"WorldRally.eu \u00bb","og:type":"article","og:title":"L\u00f3pez pe\u0142en potencia\u0142u. \u00bb WorldRally.eu","og:description":"Pepe L\u00f3pez pokaza\u0142 niesamowity potencja\u0142 i ducha walki w Rajdzie Monte Carlo niejednokrotnie pokazuj\u0105c, \u017ce w obecnym sezonie nale\u017c si\u0119 z nim liczy\u0107 i b\u0119dzie walczy\u0142 o punkty do samego ko\u0144ca. Hiszpa\u0144ski kierowca ju\u017c od pierwszego odcinka specjalnego dominowa\u0142 w rajdzie wygrywaj\u0105c siedem odcink\u00f3w specjalnych, zmieniaj\u0105c si\u0119 na fotelu lidera pomi\u0119dzy Gryazinem i Rosselem ostatecznie","og:url":"https:\/\/www.worldrally.eu\/index.php\/2024\/02\/12\/lopez-pelen-potencialu\/","og:image":"https:\/\/www.worldrally.eu\/wp-content\/uploads\/2024\/02\/Monte-Carlo-2024-SD-17-1.jpg","og:image:secure_url":"https:\/\/www.worldrally.eu\/wp-content\/uploads\/2024\/02\/Monte-Carlo-2024-SD-17-1.jpg","og:image:width":1620,"og:image:height":1039,"article:published_time":"2024-02-12T17:04:41+00:00","article:modified_time":"2024-02-12T17:04:42+00:00","twitter:card":"summary_large_image","twitter:title":"L\u00f3pez pe\u0142en potencia\u0142u. \u00bb WorldRally.eu","twitter:description":"Pepe L\u00f3pez pokaza\u0142 niesamowity potencja\u0142 i ducha walki w Rajdzie Monte Carlo niejednokrotnie pokazuj\u0105c, \u017ce w obecnym sezonie nale\u017c si\u0119 z nim liczy\u0107 i b\u0119dzie walczy\u0142 o punkty do samego ko\u0144ca. Hiszpa\u0144ski kierowca ju\u017c od pierwszego odcinka specjalnego dominowa\u0142 w rajdzie wygrywaj\u0105c siedem odcink\u00f3w specjalnych, zmieniaj\u0105c si\u0119 na fotelu lidera pomi\u0119dzy Gryazinem i Rosselem ostatecznie","twitter:image":"https:\/\/www.worldrally.eu\/wp-content\/uploads\/2024\/02\/Monte-Carlo-2024-SD-17-1.jpg"},"aioseo_meta_data":{"post_id":"2491","title":null,"description":null,"keywords":null,"keyphrases":null,"primary_term":null,"canonical_url":null,"og_title":null,"og_description":null,"og_object_type":"default","og_image_type":"default","og_image_url":null,"og_image_width":null,"og_image_height":null,"og_image_custom_url":null,"og_image_custom_fields":null,"og_video":null,"og_custom_url":null,"og_article_section":null,"og_article_tags":null,"twitter_use_og":false,"twitter_card":"default","twitter_image_type":"default","twitter_image_url":null,"twitter_image_custom_url":null,"twitter_image_custom_fields":null,"twitter_title":null,"twitter_description":null,"schema":{"blockGraphs":[],"customGraphs":[],"default":{"data":{"Article":[],"Course":[],"Dataset":[],"FAQPage":[],"Movie":[],"Person":[],"Product":[],"ProductReview":[],"Car":[],"Recipe":[],"Service":[],"SoftwareApplication":[],"WebPage":[]},"graphName":"","isEnabled":true},"graphs":[]},"schema_type":"default","schema_type_options":null,"pillar_content":false,"robots_default":true,"robots_noindex":false,"robots_noarchive":false,"robots_nosnippet":false,"robots_nofollow":false,"robots_noimageindex":false,"robots_noodp":false,"robots_notranslate":false,"robots_max_snippet":null,"robots_max_videopreview":null,"robots_max_imagepreview":"large","priority":null,"frequency":null,"local_seo":null,"breadcrumb_settings":null,"limit_modified_date":false,"ai":null,"created":"2025-03-22 06:37:09","updated":"2025-10-26 12:35:49","seo_analyzer_scan_date":null},"aioseo_breadcrumb":"<div class=\"aioseo-breadcrumbs\"><span class=\"aioseo-breadcrumb\">\n\t\t\t<a href=\"https:\/\/www.worldrally.eu\" title=\"Home\">Home<\/a>\n\t\t<\/span><span class=\"aioseo-breadcrumb-separator\">&raquo;<\/span><span class=\"aioseo-breadcrumb\">\n\t\t\t<a href=\"https:\/\/www.worldrally.eu\/index.php\/category\/wrc\/\" title=\"WRC\">WRC<\/a>\n\t\t<\/span><span class=\"aioseo-breadcrumb-separator\">&raquo;<\/span><span class=\"aioseo-breadcrumb\">\n\t\t\tL\u00f3pez pe\u0142en potencia\u0142u.\n\t\t<\/span><\/div>","aioseo_breadcrumb_json":[{"label":"Home","link":"https:\/\/www.worldrally.eu"},{"label":"WRC","link":"https:\/\/www.worldrally.eu\/index.php\/category\/wrc\/"},{"label":"L\u00f3pez pe\u0142en potencia\u0142u.","link":"https:\/\/www.worldrally.eu\/index.php\/2024\/02\/12\/lopez-pelen-potencialu\/"}],"cc_featured_image_caption":{"caption_text":"Foto - PhotoMS","source_text":"","source_url":""},"_links":{"self":[{"href":"https:\/\/www.worldrally.eu\/index.php\/wp-json\/wp\/v2\/posts\/2491","targetHints":{"allow":["GET"]}}],"collection":[{"href":"https:\/\/www.worldrally.eu\/index.php\/wp-json\/wp\/v2\/posts"}],"about":[{"href":"https:\/\/www.worldrally.eu\/index.php\/wp-json\/wp\/v2\/types\/post"}],"author":[{"embeddable":true,"href":"https:\/\/www.worldrally.eu\/index.php\/wp-json\/wp\/v2\/users\/4"}],"replies":[{"embeddable":true,"href":"https:\/\/www.worldrally.eu\/index.php\/wp-json\/wp\/v2\/comments?post=2491"}],"version-history":[{"count":1,"href":"https:\/\/www.worldrally.eu\/index.php\/wp-json\/wp\/v2\/posts\/2491\/revisions"}],"predecessor-version":[{"id":2494,"href":"https:\/\/www.worldrally.eu\/index.php\/wp-json\/wp\/v2\/posts\/2491\/revisions\/2494"}],"wp:featuredmedia":[{"embeddable":true,"href":"https:\/\/www.worldrally.eu\/index.php\/wp-json\/wp\/v2\/media\/2455"}],"wp:attachment":[{"href":"https:\/\/www.worldrally.eu\/index.php\/wp-json\/wp\/v2\/media?parent=2491"}],"wp:term":[{"taxonomy":"category","embeddable":true,"href":"https:\/\/www.worldrally.eu\/index.php\/wp-json\/wp\/v2\/categories?post=2491"},{"taxonomy":"post_tag","embeddable":true,"href":"https:\/\/www.worldrally.eu\/index.php\/wp-json\/wp\/v2\/tags?post=2491"}],"curies":[{"name":"wp","href":"https:\/\/api.w.org\/{rel}","templated":true}]}}