{"id":2436,"date":"2024-01-27T20:49:00","date_gmt":"2024-01-27T20:49:00","guid":{"rendered":"https:\/\/www.worldrally.eu\/?p=2436"},"modified":"2024-02-01T22:11:58","modified_gmt":"2024-02-01T22:11:58","slug":"neuville-wciaz-liderem-evans-spada-w-tabeli","status":"publish","type":"post","link":"https:\/\/www.worldrally.eu\/index.php\/2024\/01\/27\/neuville-wciaz-liderem-evans-spada-w-tabeli\/","title":{"rendered":"Neuville wci\u0105\u017c liderem, Evans spada w tabeli."},"content":{"rendered":"\n<p>Thierry Neuville utrzyma\u0142 prowadzenie na koniec sobotnich rywalizacji wyprzedzaj\u0105c Seabstiena Ogiera o zaledwie 3,3 sekundy i Elfyna Evansa o 34,9 sekundy.<\/p>\n\n\n\n<p>Sobotnie popo\u0142udniowe wzmagania przynios\u0142y bardzo du\u017co adrenaliny i ostrej walki, gdzie wpierw Ogier wygra\u0142 OS12 wyprzedzaj\u0105c Neuvilla o 5,5 sekundy co zmniejszy\u0142o przewag\u0119 pomi\u0119dzy nimi do zaledwie 2,2 sekundy. <\/p>\n\n\n\n<figure class=\"wp-block-image size-large\"><img fetchpriority=\"high\" decoding=\"async\" width=\"1024\" height=\"683\" src=\"https:\/\/www.worldrally.eu\/wp-content\/uploads\/2024\/02\/Monte-Carlo-2024-PhotoMs.se-photo-motorsport.com-5-1024x683.jpg\" alt=\"\" class=\"wp-image-2439\" srcset=\"https:\/\/www.worldrally.eu\/wp-content\/uploads\/2024\/02\/Monte-Carlo-2024-PhotoMs.se-photo-motorsport.com-5-1024x683.jpg 1024w, https:\/\/www.worldrally.eu\/wp-content\/uploads\/2024\/02\/Monte-Carlo-2024-PhotoMs.se-photo-motorsport.com-5-300x200.jpg 300w, https:\/\/www.worldrally.eu\/wp-content\/uploads\/2024\/02\/Monte-Carlo-2024-PhotoMs.se-photo-motorsport.com-5-768x512.jpg 768w, https:\/\/www.worldrally.eu\/wp-content\/uploads\/2024\/02\/Monte-Carlo-2024-PhotoMs.se-photo-motorsport.com-5-1536x1024.jpg 1536w, https:\/\/www.worldrally.eu\/wp-content\/uploads\/2024\/02\/Monte-Carlo-2024-PhotoMs.se-photo-motorsport.com-5-446x297.jpg 446w, https:\/\/www.worldrally.eu\/wp-content\/uploads\/2024\/02\/Monte-Carlo-2024-PhotoMs.se-photo-motorsport.com-5.jpg 1620w\" sizes=\"(max-width: 1024px) 100vw, 1024px\" \/><figcaption class=\"wp-element-caption\">Foto &#8211; PhotoMS<\/figcaption><\/figure>\n\n\n\n<p>Evans pojecha\u0142 du\u017co wolniej zajmuj\u0105c dopiero pi\u0105te miejsce trac\u0105c prawie 17 sekund do kolegi z zespo\u0142u i tym samym straci\u0142 swoj\u0105 drug\u0105 pozycje w klasyfikacji generalnej. Nast\u0119pnie ponownie wspania\u0142\u0105 jazd\u0105 popisa\u0142 si\u0119 Francuz wyprzedzaj\u0105c Belga o 3 sekundy, co spowodowa\u0142o, \u017ce wskoczy\u0142 na fotel lidera z przewag\u0105 zaledwie 0,8 sekundy.<\/p>\n\n\n\n<blockquote class=\"wp-block-quote is-layout-flow wp-block-quote-is-layout-flow\">\n<p>Szkoda, walczy\u0142em w tych brudnych warunkach. Jutro zaczyna si\u0119 nowy dzie\u0144 z punktami.<\/p>\n<cite>wyja\u015bni\u0142 Evans<\/cite><\/blockquote>\n\n\n\n<p>Neuville odpowiedzia\u0142 bardzo dobrym przejazdem na ostatnim sobotnim odcinku, wyprzedzaj\u0105c rywala o 4,1 sekundy i to wystarczy\u0142o aby ponownie wskoczy\u0142 na fotel lidera.<\/p>\n\n\n\n<figure class=\"wp-block-image size-large\"><img decoding=\"async\" width=\"1024\" height=\"683\" src=\"https:\/\/www.worldrally.eu\/wp-content\/uploads\/2024\/02\/Monte-Carlo-2024-PhotoMs.se-photo-motorsport.com-16-1024x683.jpg\" alt=\"\" class=\"wp-image-2438\" srcset=\"https:\/\/www.worldrally.eu\/wp-content\/uploads\/2024\/02\/Monte-Carlo-2024-PhotoMs.se-photo-motorsport.com-16-1024x683.jpg 1024w, https:\/\/www.worldrally.eu\/wp-content\/uploads\/2024\/02\/Monte-Carlo-2024-PhotoMs.se-photo-motorsport.com-16-300x200.jpg 300w, https:\/\/www.worldrally.eu\/wp-content\/uploads\/2024\/02\/Monte-Carlo-2024-PhotoMs.se-photo-motorsport.com-16-768x512.jpg 768w, https:\/\/www.worldrally.eu\/wp-content\/uploads\/2024\/02\/Monte-Carlo-2024-PhotoMs.se-photo-motorsport.com-16-1536x1024.jpg 1536w, https:\/\/www.worldrally.eu\/wp-content\/uploads\/2024\/02\/Monte-Carlo-2024-PhotoMs.se-photo-motorsport.com-16-446x297.jpg 446w, https:\/\/www.worldrally.eu\/wp-content\/uploads\/2024\/02\/Monte-Carlo-2024-PhotoMs.se-photo-motorsport.com-16.jpg 1620w\" sizes=\"(max-width: 1024px) 100vw, 1024px\" \/><figcaption class=\"wp-element-caption\">Foto &#8211; PhotoMS<\/figcaption><\/figure>\n\n\n\n<blockquote class=\"wp-block-quote is-layout-flow wp-block-quote-is-layout-flow\">\n<p>Dzi\u015b rano nie spa\u0142em. Ale czasami [na ostatnim etapie] nie rozumia\u0142em tak naprawd\u0119 zapis\u00f3w tempa i waha\u0142em si\u0119, przez co straci\u0142em troch\u0119 czasu<\/p>\n<cite>powiedzia\u0142 Neuville<\/cite><\/blockquote>\n\n\n\n<p>Ott T\u00e4nak by\u0142 czwarty i traci\u0142 do tempa 1 minut\u0119 18,6 sekundy, Adrien Fourmaux i Gr\u00e9goire Munster, zaj\u0119li odpowiednio pi\u0105te i sz\u00f3ste miejsce, a Munster wyprzedzi\u0142 Andreasa Mikkelsena i obj\u0105\u0142 pozycj\u0119 po uzyskaniu trzeciego najlepszego czasu na SS9.<\/p>\n\n\n\n<p>Po pi\u0119ciu minutach po utkni\u0119ciu w rowie Takamoto Katsuta z Toyoty ostatecznie uplasowa\u0142 sie na \u00f3smym miejsce, tu\u017c przed zawodnikami klasy WRC2 &#8211; Nikolaya Gryazina i Pepe L\u00f3peza.<\/p>\n\n\n\n<p><\/p>\n\n\n\n<blockquote class=\"wp-block-quote is-layout-flow wp-block-quote-is-layout-flow\">\n<p>Nie mia\u0142em hybrydy na ostatnim splicie, po prostu przegapi\u0142em j\u0105 [z regeneracj\u0105]. Ale to du\u017cy post\u0119p w por\u00f3wnaniu z wczoraj<\/p>\n<cite>powiedzia\u0142 Mikkelsen<\/cite><\/blockquote>\n\n\n\n<figure class=\"wp-block-image size-large\"><img decoding=\"async\" width=\"1024\" height=\"683\" src=\"https:\/\/www.worldrally.eu\/wp-content\/uploads\/2024\/02\/Monte-Carlo-2024-PhotoMs.se-photo-motorsport.com-13-1024x683.jpg\" alt=\"\" class=\"wp-image-2440\" srcset=\"https:\/\/www.worldrally.eu\/wp-content\/uploads\/2024\/02\/Monte-Carlo-2024-PhotoMs.se-photo-motorsport.com-13-1024x683.jpg 1024w, https:\/\/www.worldrally.eu\/wp-content\/uploads\/2024\/02\/Monte-Carlo-2024-PhotoMs.se-photo-motorsport.com-13-300x200.jpg 300w, https:\/\/www.worldrally.eu\/wp-content\/uploads\/2024\/02\/Monte-Carlo-2024-PhotoMs.se-photo-motorsport.com-13-768x512.jpg 768w, https:\/\/www.worldrally.eu\/wp-content\/uploads\/2024\/02\/Monte-Carlo-2024-PhotoMs.se-photo-motorsport.com-13-1536x1024.jpg 1536w, https:\/\/www.worldrally.eu\/wp-content\/uploads\/2024\/02\/Monte-Carlo-2024-PhotoMs.se-photo-motorsport.com-13-446x297.jpg 446w, https:\/\/www.worldrally.eu\/wp-content\/uploads\/2024\/02\/Monte-Carlo-2024-PhotoMs.se-photo-motorsport.com-13.jpg 1620w\" sizes=\"(max-width: 1024px) 100vw, 1024px\" \/><figcaption class=\"wp-element-caption\">Foto &#8211; PhotoMS<\/figcaption><\/figure>\n\n\n\n<figure class=\"wp-block-table\"><table><tbody><tr><td>1.<br>+1<\/td><td><img decoding=\"async\" src=\"https:\/\/www.ewrc-results.com\/images\/flags2\/belgium.png\" alt=\"flag\"><br>#11<\/td><td><img decoding=\"async\" src=\"https:\/\/www.ewrc-results.com\/images\/icon\/hyundai2.png\" alt=\"logo\"> <a href=\"https:\/\/www.ewrc-results.com\/entryinfo\/84715-rallye-automobile-monte-carlo-2024\/3889024\/\">Neuville Thierry &#8211; Wydaeghe M.<\/a><br>Hyundai i20 N Rally1 <img decoding=\"async\" src=\"https:\/\/www.ewrc-results.com\/images\/tyres\/pirelli_red.png\" alt=\"tyre\"><\/td><td>RC1<br>M<\/td><td>2:37:58.5<br><\/td><td><\/td><td>103.4<\/td><\/tr><tr><td>2.<br>\u22121<\/td><td><img decoding=\"async\" src=\"https:\/\/www.ewrc-results.com\/images\/flags2\/france.png\" alt=\"flag\"><br>#17<\/td><td><img decoding=\"async\" src=\"https:\/\/www.ewrc-results.com\/images\/icon\/toyota2019.png\" alt=\"logo\"> <a href=\"https:\/\/www.ewrc-results.com\/entryinfo\/84715-rallye-automobile-monte-carlo-2024\/3889020\/\">Ogier S\u00e9bastien &#8211; Landais V.<\/a><br>Toyota GR Yaris Rally1 <img decoding=\"async\" src=\"https:\/\/www.ewrc-results.com\/images\/tyres\/pirelli_red.png\" alt=\"tyre\"><\/td><td>RC1<br>M<\/td><td>2:38:01.8<br><\/td><td>+3.3<br>+3.3<\/td><td>103.4<br>0.01<\/td><\/tr><tr><td>3.<\/td><td><img decoding=\"async\" src=\"https:\/\/www.ewrc-results.com\/images\/flags2\/uk.png\" alt=\"flag\"><br>#33<\/td><td><img decoding=\"async\" src=\"https:\/\/www.ewrc-results.com\/images\/icon\/toyota2019.png\" alt=\"logo\"> <a href=\"https:\/\/www.ewrc-results.com\/entryinfo\/84715-rallye-automobile-monte-carlo-2024\/3889021\/\">Evans Elfyn &#8211; Martin Scott<\/a><br>Toyota GR Yaris Rally1 <img decoding=\"async\" src=\"https:\/\/www.ewrc-results.com\/images\/tyres\/pirelli_red.png\" alt=\"tyre\"><\/td><td>RC1<br>M<\/td><td>2:38:33.4<br><\/td><td>+34.9<br>+31.6<\/td><td>103.0<br>0.13<\/td><\/tr><tr><td>4.<\/td><td><img decoding=\"async\" src=\"https:\/\/www.ewrc-results.com\/images\/flags2\/estonia.png\" alt=\"flag\"><br>#8<\/td><td><img decoding=\"async\" src=\"https:\/\/www.ewrc-results.com\/images\/icon\/hyundai2.png\" alt=\"logo\"> <a href=\"https:\/\/www.ewrc-results.com\/entryinfo\/84715-rallye-automobile-monte-carlo-2024\/3889023\/\">T\u00e4nak Ott &#8211; J\u00e4rveoja Martin<\/a><br>Hyundai i20 N Rally1 <img decoding=\"async\" src=\"https:\/\/www.ewrc-results.com\/images\/tyres\/pirelli_red.png\" alt=\"tyre\"><\/td><td>RC1<br>M<\/td><td>2:39:45.4<br><\/td><td>+1:46.9<br>+1:12.0<\/td><td>102.3<br>0.39<\/td><\/tr><tr><td>5.<\/td><td><img decoding=\"async\" src=\"https:\/\/www.ewrc-results.com\/images\/flags2\/france.png\" alt=\"flag\"><br>#16<\/td><td><img decoding=\"async\" src=\"https:\/\/www.ewrc-results.com\/images\/icon\/ford.png\" alt=\"logo\"> <a href=\"https:\/\/www.ewrc-results.com\/entryinfo\/84715-rallye-automobile-monte-carlo-2024\/3901781\/\">Fourmaux Adrien &#8211; Coria Alexandre<\/a><br>Ford Puma Rally1 <img decoding=\"async\" src=\"https:\/\/www.ewrc-results.com\/images\/tyres\/pirelli_red.png\" alt=\"tyre\"><\/td><td>RC1<br>M<\/td><td>2:40:52.5<br><\/td><td>+2:54.0<br>+1:07.1<\/td><td>101.6<br>0.64<\/td><\/tr><tr><td>6.<\/td><td><img decoding=\"async\" src=\"https:\/\/www.ewrc-results.com\/images\/flags2\/norway.png\" alt=\"flag\"><br>#9<\/td><td><img decoding=\"async\" src=\"https:\/\/www.ewrc-results.com\/images\/icon\/hyundai2.png\" alt=\"logo\"> <a href=\"https:\/\/www.ewrc-results.com\/entryinfo\/84715-rallye-automobile-monte-carlo-2024\/3900317\/\">Mikkelsen Andreas &#8211; Eriksen T.<\/a><br>Hyundai i20 N Rally1 <img decoding=\"async\" src=\"https:\/\/www.ewrc-results.com\/images\/tyres\/pirelli_red.png\" alt=\"tyre\"><\/td><td>RC1<br>M<\/td><td>2:42:19.7<br><\/td><td>+4:21.2<br>+1:27.2<\/td><td>100.7<br>0.96<\/td><\/tr><tr><td>7.<\/td><td><img decoding=\"async\" src=\"https:\/\/www.ewrc-results.com\/images\/flags2\/japan.png\" alt=\"flag\"><br>#18<\/td><td><img decoding=\"async\" src=\"https:\/\/www.ewrc-results.com\/images\/icon\/toyota2019.png\" alt=\"logo\"> <a href=\"https:\/\/www.ewrc-results.com\/entryinfo\/84715-rallye-automobile-monte-carlo-2024\/3889022\/\">Katsuta Takamoto &#8211; Johnston Aaron<\/a><br>Toyota GR Yaris Rally1 <img decoding=\"async\" src=\"https:\/\/www.ewrc-results.com\/images\/tyres\/pirelli_red.png\" alt=\"tyre\"><\/td><td>RC1<br>M<\/td><td>2:45:32.5<br><\/td><td>+7:34.0<br>+3:12.8<\/td><td>98.7<br>1.67<\/td><\/tr><tr><td>8.<br>+1<\/td><td><img decoding=\"async\" src=\"https:\/\/www.ewrc-results.com\/images\/flags2\/bulgaria.png\" alt=\"flag\"><br>#21<\/td><td><img decoding=\"async\" src=\"https:\/\/www.ewrc-results.com\/images\/icon\/citroen2009.png\" alt=\"logo\"> <a href=\"https:\/\/www.ewrc-results.com\/entryinfo\/84715-rallye-automobile-monte-carlo-2024\/3900315\/\">Gryazin Nikolay &#8211; Aleksandrov K.<\/a><br>Citro\u00ebn C3 Rally2 <img decoding=\"async\" src=\"https:\/\/www.ewrc-results.com\/images\/tyres\/pirelli_red.png\" alt=\"tyre\"><\/td><td>RC2<\/td><td>2:46:54.2<br><\/td><td>+8:55.7<br>+1:21.7<\/td><td>97.9<br>1.97<\/td><\/tr><tr><td>9.<br>\u22121<\/td><td><img decoding=\"async\" src=\"https:\/\/www.ewrc-results.com\/images\/flags2\/spain.png\" alt=\"flag\"><br>#25<\/td><td><img decoding=\"async\" src=\"https:\/\/www.ewrc-results.com\/images\/icon\/skoda2023b.png\" alt=\"logo\"> <a href=\"https:\/\/www.ewrc-results.com\/entryinfo\/84715-rallye-automobile-monte-carlo-2024\/3907686\/\">L\u00f3pez Pepe &#8211; V\u00e1zquez Liste D.<\/a><br>\u0160koda Fabia RS Rally2 <img decoding=\"async\" src=\"https:\/\/www.ewrc-results.com\/images\/tyres\/pirelli_red.png\" alt=\"tyre\"><\/td><td>RC2<\/td><td>2:46:54.4<br><\/td><td>+8:55.9<br>+0.2<\/td><td>97.9<br>1.97<\/td><\/tr><tr><td>10.<\/td><td><img decoding=\"async\" src=\"https:\/\/www.ewrc-results.com\/images\/flags2\/france.png\" alt=\"flag\"><br>#20<\/td><td><img decoding=\"async\" src=\"https:\/\/www.ewrc-results.com\/images\/icon\/citroen2009.png\" alt=\"logo\"> <a href=\"https:\/\/www.ewrc-results.com\/entryinfo\/84715-rallye-automobile-monte-carlo-2024\/3900316\/\">Rossel Yohan &#8211; Dunand Arnaud<\/a><br>Citro\u00ebn C3 Rally2 <img decoding=\"async\" src=\"https:\/\/www.ewrc-results.com\/images\/tyres\/pirelli_red.png\" alt=\"tyre\"><\/td><td>RC2<\/td><td>2:47:01.1<br><\/td><td>+9:02.6<br>+6.7<\/td><td>97.8<br>1.99<\/td><\/tr><tr><td>11.<\/td><td><img decoding=\"async\" src=\"https:\/\/www.ewrc-results.com\/images\/flags2\/france.png\" alt=\"flag\"><br>#24<\/td><td><img decoding=\"async\" src=\"https:\/\/www.ewrc-results.com\/images\/icon\/hyundai2.png\" alt=\"logo\"> <a href=\"https:\/\/www.ewrc-results.com\/entryinfo\/84715-rallye-automobile-monte-carlo-2024\/3901787\/\">Ciamin Nicolas &#8211; Roche Yannick<\/a><br>Hyundai i20 N Rally2 <img decoding=\"async\" src=\"https:\/\/www.ewrc-results.com\/images\/tyres\/pirelli_red.png\" alt=\"tyre\"><\/td><td>RC2<\/td><td>2:50:09.3<br><\/td><td>+12:10.8<br>+3:08.2<\/td><td>96.0<br>2.68<\/td><\/tr><tr><td>12.<\/td><td><img decoding=\"async\" src=\"https:\/\/www.ewrc-results.com\/images\/flags2\/finland.png\" alt=\"flag\"><br>#23<\/td><td><img decoding=\"async\" src=\"https:\/\/www.ewrc-results.com\/images\/icon\/toyota2019.png\" alt=\"logo\"> <a href=\"https:\/\/www.ewrc-results.com\/entryinfo\/84715-rallye-automobile-monte-carlo-2024\/3900318\/\">Pajari Sami &#8211; M\u00e4lk\u00f6nen Enni<\/a><br>Toyota GR Yaris Rally2 <img decoding=\"async\" src=\"https:\/\/www.ewrc-results.com\/images\/tyres\/pirelli_red.png\" alt=\"tyre\"><\/td><td>RC2<\/td><td>2:50:31.8<br><\/td><td>+12:33.3<br>+22.5<\/td><td>95.8<br>2.77<\/td><\/tr><tr><td>13.<\/td><td><img decoding=\"async\" src=\"https:\/\/www.ewrc-results.com\/images\/flags2\/france.png\" alt=\"flag\"><br>#27<\/td><td><img decoding=\"async\" src=\"https:\/\/www.ewrc-results.com\/images\/icon\/toyota2019.png\" alt=\"logo\"> <a href=\"https:\/\/www.ewrc-results.com\/entryinfo\/84715-rallye-automobile-monte-carlo-2024\/3901764\/\">Lefebvre St\u00e9phane &#8211; Malfoy Andy<\/a><br>Toyota GR Yaris Rally2 <img decoding=\"async\" src=\"https:\/\/www.ewrc-results.com\/images\/tyres\/pirelli_red.png\" alt=\"tyre\"><\/td><td>RC2<\/td><td>2:51:46.5<br><\/td><td>+13:48.0<br>+1:14.7<\/td><td>95.1<br>3.04<\/td><\/tr><tr><td>14.<\/td><td><img decoding=\"async\" src=\"https:\/\/www.ewrc-results.com\/images\/flags2\/spain.png\" alt=\"flag\"><br>#29<\/td><td><img decoding=\"async\" src=\"https:\/\/www.ewrc-results.com\/images\/icon\/toyota2019.png\" alt=\"logo\"> <a href=\"https:\/\/www.ewrc-results.com\/entryinfo\/84715-rallye-automobile-monte-carlo-2024\/3907061\/\">Solans J. &#8211; Sanjuan de Eusebio R.<\/a><br>Toyota GR Yaris Rally2 <img decoding=\"async\" src=\"https:\/\/www.ewrc-results.com\/images\/tyres\/pirelli_red.png\" alt=\"tyre\"><\/td><td>RC2<\/td><td>2:54:13.4<br><\/td><td>+16:14.9<br>+2:26.9<\/td><td>93.8<br>3.58<\/td><\/tr><tr><td>15.<\/td><td><img decoding=\"async\" src=\"https:\/\/www.ewrc-results.com\/images\/flags2\/france.png\" alt=\"flag\"><br>#53<\/td><td><img decoding=\"async\" src=\"https:\/\/www.ewrc-results.com\/images\/icon\/hyundai2.png\" alt=\"logo\"> <a href=\"https:\/\/www.ewrc-results.com\/entryinfo\/84715-rallye-automobile-monte-carlo-2024\/3927322\/\">Berfa Jordan &#8211; Thomas Chlo\u00e9<\/a><br>Hyundai i20 R5 <img decoding=\"async\" src=\"https:\/\/www.ewrc-results.com\/images\/tyres\/pirelli_red.png\" alt=\"tyre\"><\/td><td>RC2<\/td><td>3:02:48.1<br><\/td><td>+24:49.6<br>+8:34.7<\/td><td>89.4<br>5.47<\/td><\/tr><\/tbody><\/table><\/figure>\n","protected":false},"excerpt":{"rendered":"<p>Thierry Neuville utrzyma\u0142 prowadzenie na koniec sobotnich rywalizacji wyprzedzaj\u0105c Seabstiena Ogiera o zaledwie 3,3 sekundy i Elfyna Evansa o 34,9 sekundy. Sobotnie popo\u0142udniowe wzmagania przynios\u0142y bardzo du\u017co adrenaliny i ostrej walki, gdzie wpierw Ogier wygra\u0142 OS12 wyprzedzaj\u0105c Neuvilla o 5,5 sekundy co zmniejszy\u0142o przewag\u0119 pomi\u0119dzy nimi do zaledwie 2,2 sekundy. Evans pojecha\u0142 du\u017co wolniej zajmuj\u0105c [&hellip;]<\/p>\n","protected":false},"author":2,"featured_media":2437,"comment_status":"closed","ping_status":"closed","sticky":false,"template":"","format":"standard","meta":{"footnotes":""},"categories":[3],"tags":[],"class_list":["post-2436","post","type-post","status-publish","format-standard","has-post-thumbnail","hentry","category-wrc"],"aioseo_notices":[],"cc_featured_image_caption":{"caption_text":"Foto - PhotoMS","source_text":"","source_url":""},"_links":{"self":[{"href":"https:\/\/www.worldrally.eu\/index.php\/wp-json\/wp\/v2\/posts\/2436","targetHints":{"allow":["GET"]}}],"collection":[{"href":"https:\/\/www.worldrally.eu\/index.php\/wp-json\/wp\/v2\/posts"}],"about":[{"href":"https:\/\/www.worldrally.eu\/index.php\/wp-json\/wp\/v2\/types\/post"}],"author":[{"embeddable":true,"href":"https:\/\/www.worldrally.eu\/index.php\/wp-json\/wp\/v2\/users\/2"}],"replies":[{"embeddable":true,"href":"https:\/\/www.worldrally.eu\/index.php\/wp-json\/wp\/v2\/comments?post=2436"}],"version-history":[{"count":1,"href":"https:\/\/www.worldrally.eu\/index.php\/wp-json\/wp\/v2\/posts\/2436\/revisions"}],"predecessor-version":[{"id":2441,"href":"https:\/\/www.worldrally.eu\/index.php\/wp-json\/wp\/v2\/posts\/2436\/revisions\/2441"}],"wp:featuredmedia":[{"embeddable":true,"href":"https:\/\/www.worldrally.eu\/index.php\/wp-json\/wp\/v2\/media\/2437"}],"wp:attachment":[{"href":"https:\/\/www.worldrally.eu\/index.php\/wp-json\/wp\/v2\/media?parent=2436"}],"wp:term":[{"taxonomy":"category","embeddable":true,"href":"https:\/\/www.worldrally.eu\/index.php\/wp-json\/wp\/v2\/categories?post=2436"},{"taxonomy":"post_tag","embeddable":true,"href":"https:\/\/www.worldrally.eu\/index.php\/wp-json\/wp\/v2\/tags?post=2436"}],"curies":[{"name":"wp","href":"https:\/\/api.w.org\/{rel}","templated":true}]}}