{"id":2431,"date":"2024-01-27T14:22:00","date_gmt":"2024-01-27T14:22:00","guid":{"rendered":"https:\/\/www.worldrally.eu\/?p=2431"},"modified":"2024-02-01T21:45:46","modified_gmt":"2024-02-01T21:45:46","slug":"neuville-nowym-liderem-rajdu-monte-carlo","status":"publish","type":"post","link":"https:\/\/www.worldrally.eu\/index.php\/2024\/01\/27\/neuville-nowym-liderem-rajdu-monte-carlo\/","title":{"rendered":"Neuville nowym liderem Rajdu Monte Carlo"},"content":{"rendered":"\n<p>Thierry Neuville obj\u0105\u0142 prowadzenie Rajdu Monte Carlo, po zaci\u0119tej walce jak\u0105 stoczy\u0142 z dwoma Toyotami prowadzonymi przez Elfyna Evansa i S\u00e9bastiena Ogiera.<\/p>\n\n\n\n<p>Belg podczas dziesi\u0105tego odcinka specjalnego wyszed\u0142 na prowadzenie po tym jak w aucie Evansa pojawi\u0142y si\u0119 problemy z uk\u0142adem hybrydowym, co spowodowa\u0142o spadek lidera na drugie miejsce.<\/p>\n\n\n\n<blockquote class=\"wp-block-quote is-layout-flow wp-block-quote-is-layout-flow\">\n<p>Ca\u0142y czas robi si\u0119 coraz bardziej brudno, wi\u0119c to trudne. Pod koniec ostatniego etapu zn\u00f3w nie mia\u0142em hybrydy.<\/p>\n<cite>wyja\u015bnia\u0142 Evans<\/cite><\/blockquote>\n\n\n\n<figure class=\"wp-block-image size-large\"><img fetchpriority=\"high\" decoding=\"async\" width=\"1024\" height=\"683\" src=\"https:\/\/www.worldrally.eu\/wp-content\/uploads\/2024\/02\/Monte-Carlo-2024-PhotoMs.se-photo-motorsport.com-3a-1-1024x683.jpg\" alt=\"\" class=\"wp-image-2433\" srcset=\"https:\/\/www.worldrally.eu\/wp-content\/uploads\/2024\/02\/Monte-Carlo-2024-PhotoMs.se-photo-motorsport.com-3a-1-1024x683.jpg 1024w, https:\/\/www.worldrally.eu\/wp-content\/uploads\/2024\/02\/Monte-Carlo-2024-PhotoMs.se-photo-motorsport.com-3a-1-300x200.jpg 300w, https:\/\/www.worldrally.eu\/wp-content\/uploads\/2024\/02\/Monte-Carlo-2024-PhotoMs.se-photo-motorsport.com-3a-1-768x512.jpg 768w, https:\/\/www.worldrally.eu\/wp-content\/uploads\/2024\/02\/Monte-Carlo-2024-PhotoMs.se-photo-motorsport.com-3a-1-1536x1024.jpg 1536w, https:\/\/www.worldrally.eu\/wp-content\/uploads\/2024\/02\/Monte-Carlo-2024-PhotoMs.se-photo-motorsport.com-3a-1-446x297.jpg 446w, https:\/\/www.worldrally.eu\/wp-content\/uploads\/2024\/02\/Monte-Carlo-2024-PhotoMs.se-photo-motorsport.com-3a-1.jpg 1620w\" sizes=\"(max-width: 1024px) 100vw, 1024px\" \/><figcaption class=\"wp-element-caption\">Foto &#8211; PhotoMS<\/figcaption><\/figure>\n\n\n\n<p>Zawodnik Hyundaia ju\u017c w sobot\u0119 rano pokaza\u0142, \u017ce nie ma zamiaru odpuszcza\u0107 a jego imponuj\u0105cy wynik, wygrywaj\u0105c Esparron-Oze sam do ko\u0144ca nie rozumia\u0142, jak tego dosz\u0142o, \u017ce uzyska\u0142 przewag\u0119 nad Ogierem a\u017c 6,5 sekundy, sam kierowca skomentowa\u0142 to nast\u0119puj\u0105co.<\/p>\n\n\n\n<blockquote class=\"wp-block-quote is-layout-flow wp-block-quote-is-layout-flow\">\n<p>Nie wiem, Prawdopodobnie tego ranka nie spa\u0142em.<\/p>\n<\/blockquote>\n\n\n\n<p>Evans mia\u0142 k\u0142opoty, jego problemy z hybryd\u0105 pozbawi\u0142y go mocy na SS10 i zacz\u0105\u0142 traci\u0107 czas, oddaj\u0105c prowadzenie. <\/p>\n\n\n\n<p>Ott T\u00e4nak, jak i Adrien Fourmaux prowadz\u0105 w\u0142asne rajdy, po tym jak obaj oddalili si\u0119 od siebie w tabelach czasu i zaj\u0119li odpowiednio czwarte i pi\u0105te miejsce maj\u0105c bezpieczn\u0105 przewag\u0119 nad rywalami, co im pozwala na kontrolowanie sytuacji i nie podejmowanie ryzyka.<\/p>\n\n\n\n<p>Tymczasem dzie\u0144 Fourmaux jest podyktowany instrukcjami zespo\u0142u: dojecha\u0107 do ko\u0144ca dnia na pi\u0105tym miejscu.<\/p>\n\n\n\n<blockquote class=\"wp-block-quote is-layout-flow wp-block-quote-is-layout-flow\">\n<p>Musz\u0119 wykonywa\u0107 polecenia zespo\u0142u, aby zachowa\u0107 si\u0119 fair. Chc\u0119 po prostu przej\u015b\u0107 przez kolejne etapy i cieszy\u0107 si\u0119 tym. Zdecydowanie nie mam \u017cadnego nacisku. Jeste\u015bmy zadowoleni z miejsca, w kt\u00f3rym jeste\u015bmy, nie chcemy \u0142apa\u0107 Otta. Chcemy po prostu unikn\u0105\u0107 przebi\u0107 opon i nie pope\u0142nia\u0107 b\u0142\u0119d\u00f3w.<\/p>\n<cite>powiedzia\u0142 Fourmaux<\/cite><\/blockquote>\n\n\n\n<figure class=\"wp-block-image size-large\"><img decoding=\"async\" width=\"1024\" height=\"683\" src=\"https:\/\/www.worldrally.eu\/wp-content\/uploads\/2024\/02\/Monte-Carlo-2024-PhotoMs.se-photo-motorsport.com-3-1024x683.jpg\" alt=\"\" class=\"wp-image-2434\" srcset=\"https:\/\/www.worldrally.eu\/wp-content\/uploads\/2024\/02\/Monte-Carlo-2024-PhotoMs.se-photo-motorsport.com-3-1024x683.jpg 1024w, https:\/\/www.worldrally.eu\/wp-content\/uploads\/2024\/02\/Monte-Carlo-2024-PhotoMs.se-photo-motorsport.com-3-300x200.jpg 300w, https:\/\/www.worldrally.eu\/wp-content\/uploads\/2024\/02\/Monte-Carlo-2024-PhotoMs.se-photo-motorsport.com-3-768x512.jpg 768w, https:\/\/www.worldrally.eu\/wp-content\/uploads\/2024\/02\/Monte-Carlo-2024-PhotoMs.se-photo-motorsport.com-3-1536x1024.jpg 1536w, https:\/\/www.worldrally.eu\/wp-content\/uploads\/2024\/02\/Monte-Carlo-2024-PhotoMs.se-photo-motorsport.com-3-446x297.jpg 446w, https:\/\/www.worldrally.eu\/wp-content\/uploads\/2024\/02\/Monte-Carlo-2024-PhotoMs.se-photo-motorsport.com-3.jpg 1620w\" sizes=\"(max-width: 1024px) 100vw, 1024px\" \/><figcaption class=\"wp-element-caption\">Foto &#8211; PhotoMS<\/figcaption><\/figure>\n\n\n\n<p>Gr\u00e9goire Munster w drugim M-Sporcie i Andreas Mikkelsen tocz\u0105 walk\u0119 o sz\u00f3ste miejsce, a w klasie WRC2 wci\u0105\u017c na prowadzeniu Gryazin przed Lopezem i Rosselem.<\/p>\n\n\n\n<figure class=\"wp-block-table\"><table><tbody><tr><td>1.<\/td><td><img decoding=\"async\" src=\"https:\/\/www.ewrc-results.com\/images\/flags2\/belgium.png\" alt=\"flag\"><br>#11<\/td><td><img decoding=\"async\" src=\"https:\/\/www.ewrc-results.com\/images\/icon\/hyundai2.png\" alt=\"logo\"> <a href=\"https:\/\/www.ewrc-results.com\/entryinfo\/84715-rallye-automobile-monte-carlo-2024\/3889024\/\">Neuville Thierry &#8211; Wydaeghe M.<\/a><br>Hyundai i20 N Rally1 <img decoding=\"async\" src=\"https:\/\/www.ewrc-results.com\/images\/tyres\/pirelli_red.png\" alt=\"tyre\"><\/td><td>RC1<br>M<\/td><td>2:02:06.8<br><\/td><td><\/td><td>104.2<\/td><\/tr><tr><td>2.<\/td><td><img decoding=\"async\" src=\"https:\/\/www.ewrc-results.com\/images\/flags2\/uk.png\" alt=\"flag\"><br>#33<\/td><td><img decoding=\"async\" src=\"https:\/\/www.ewrc-results.com\/images\/icon\/toyota2019.png\" alt=\"logo\"> <a href=\"https:\/\/www.ewrc-results.com\/entryinfo\/84715-rallye-automobile-monte-carlo-2024\/3889021\/\">Evans Elfyn &#8211; Martin Scott<\/a><br>Toyota GR Yaris Rally1 <img decoding=\"async\" src=\"https:\/\/www.ewrc-results.com\/images\/tyres\/pirelli_red.png\" alt=\"tyre\"><\/td><td>RC1<br>M<\/td><td>2:02:11.9<br><\/td><td>+5.1<br>+5.1<\/td><td>104.2<br>0.02<\/td><\/tr><tr><td>3.<\/td><td><img decoding=\"async\" src=\"https:\/\/www.ewrc-results.com\/images\/flags2\/france.png\" alt=\"flag\"><br>#17<\/td><td><img decoding=\"async\" src=\"https:\/\/www.ewrc-results.com\/images\/icon\/toyota2019.png\" alt=\"logo\"> <a href=\"https:\/\/www.ewrc-results.com\/entryinfo\/84715-rallye-automobile-monte-carlo-2024\/3889020\/\">Ogier S\u00e9bastien &#8211; Landais V.<\/a><br>Toyota GR Yaris Rally1 <img decoding=\"async\" src=\"https:\/\/www.ewrc-results.com\/images\/tyres\/pirelli_red.png\" alt=\"tyre\"><\/td><td>RC1<br>M<\/td><td>2:02:14.5<br><\/td><td>+7.7<br>+2.6<\/td><td>104.1<br>0.04<\/td><\/tr><tr><td>4.<\/td><td><img decoding=\"async\" src=\"https:\/\/www.ewrc-results.com\/images\/flags2\/estonia.png\" alt=\"flag\"><br>#8<\/td><td><img decoding=\"async\" src=\"https:\/\/www.ewrc-results.com\/images\/icon\/hyundai2.png\" alt=\"logo\"> <a href=\"https:\/\/www.ewrc-results.com\/entryinfo\/84715-rallye-automobile-monte-carlo-2024\/3889023\/\">T\u00e4nak Ott &#8211; J\u00e4rveoja Martin<\/a><br>Hyundai i20 N Rally1 <img decoding=\"async\" src=\"https:\/\/www.ewrc-results.com\/images\/tyres\/pirelli_red.png\" alt=\"tyre\"><\/td><td>RC1<br>M<\/td><td>2:03:25.4<br><\/td><td>+1:18.6<br>+1:10.9<\/td><td>103.1<br>0.37<\/td><\/tr><tr><td>5.<\/td><td><img decoding=\"async\" src=\"https:\/\/www.ewrc-results.com\/images\/flags2\/france.png\" alt=\"flag\"><br>#16<\/td><td><img decoding=\"async\" src=\"https:\/\/www.ewrc-results.com\/images\/icon\/ford.png\" alt=\"logo\"> <a href=\"https:\/\/www.ewrc-results.com\/entryinfo\/84715-rallye-automobile-monte-carlo-2024\/3901781\/\">Fourmaux Adrien &#8211; Coria Alexandre<\/a><br>Ford Puma Rally1 <img decoding=\"async\" src=\"https:\/\/www.ewrc-results.com\/images\/tyres\/pirelli_red.png\" alt=\"tyre\"><\/td><td>RC1<br>M<\/td><td>2:04:13.2<br><\/td><td>+2:06.4<br>+47.8<\/td><td>102.5<br>0.60<\/td><\/tr><tr><td>6.<\/td><td><img decoding=\"async\" src=\"https:\/\/www.ewrc-results.com\/images\/flags2\/luxembourg.png\" alt=\"flag\"><br>#13<\/td><td><img decoding=\"async\" src=\"https:\/\/www.ewrc-results.com\/images\/icon\/ford.png\" alt=\"logo\"> <a href=\"https:\/\/www.ewrc-results.com\/entryinfo\/84715-rallye-automobile-monte-carlo-2024\/3901785\/\">Munster Gr\u00e9goire &#8211; Louka Louis<\/a><br>Ford Puma Rally1 <img decoding=\"async\" src=\"https:\/\/www.ewrc-results.com\/images\/tyres\/pirelli_red.png\" alt=\"tyre\"><\/td><td>RC1<br>M<\/td><td>2:05:45.9<br><\/td><td>+3:39.1<br>+1:32.7<\/td><td>101.2<br>1.03<\/td><\/tr><tr><td>7.<\/td><td><img decoding=\"async\" src=\"https:\/\/www.ewrc-results.com\/images\/flags2\/norway.png\" alt=\"flag\"><br>#9<\/td><td><img decoding=\"async\" src=\"https:\/\/www.ewrc-results.com\/images\/icon\/hyundai2.png\" alt=\"logo\"> <a href=\"https:\/\/www.ewrc-results.com\/entryinfo\/84715-rallye-automobile-monte-carlo-2024\/3900317\/\">Mikkelsen Andreas &#8211; Eriksen T.<\/a><br>Hyundai i20 N Rally1 <img decoding=\"async\" src=\"https:\/\/www.ewrc-results.com\/images\/tyres\/pirelli_red.png\" alt=\"tyre\"><\/td><td>RC1<br>M<\/td><td>2:05:50.9<br><\/td><td>+3:44.1<br>+5.0<\/td><td>101.1<br>1.06<\/td><\/tr><tr><td>8.<br>+3<\/td><td><img decoding=\"async\" src=\"https:\/\/www.ewrc-results.com\/images\/flags2\/japan.png\" alt=\"flag\"><br>#18<\/td><td><img decoding=\"async\" src=\"https:\/\/www.ewrc-results.com\/images\/icon\/toyota2019.png\" alt=\"logo\"> <a href=\"https:\/\/www.ewrc-results.com\/entryinfo\/84715-rallye-automobile-monte-carlo-2024\/3889022\/\">Katsuta Takamoto &#8211; Johnston Aaron<\/a><br>Toyota GR Yaris Rally1 <img decoding=\"async\" src=\"https:\/\/www.ewrc-results.com\/images\/tyres\/pirelli_red.png\" alt=\"tyre\"><\/td><td>RC1<br>M<\/td><td>2:09:06.5<br><\/td><td>+6:59.7<br>+3:15.6<\/td><td>98.6<br>1.98<\/td><\/tr><tr><td>9.<br>\u22121<\/td><td><img decoding=\"async\" src=\"https:\/\/www.ewrc-results.com\/images\/flags2\/bulgaria.png\" alt=\"flag\"><br>#21<\/td><td><img decoding=\"async\" src=\"https:\/\/www.ewrc-results.com\/images\/icon\/citroen2009.png\" alt=\"logo\"> <a href=\"https:\/\/www.ewrc-results.com\/entryinfo\/84715-rallye-automobile-monte-carlo-2024\/3900315\/\">Gryazin Nikolay &#8211; Aleksandrov K.<\/a><br>Citro\u00ebn C3 Rally2 <img decoding=\"async\" src=\"https:\/\/www.ewrc-results.com\/images\/tyres\/pirelli_red.png\" alt=\"tyre\"><\/td><td>RC2<\/td><td>2:09:07.8<br><\/td><td>+7:01.0<br>+1.3<\/td><td>98.6<br>1.98<\/td><\/tr><tr><td>10.<br>\u22121<\/td><td><img decoding=\"async\" src=\"https:\/\/www.ewrc-results.com\/images\/flags2\/spain.png\" alt=\"flag\"><br>#25<\/td><td><img decoding=\"async\" src=\"https:\/\/www.ewrc-results.com\/images\/icon\/skoda2023b.png\" alt=\"logo\"> <a href=\"https:\/\/www.ewrc-results.com\/entryinfo\/84715-rallye-automobile-monte-carlo-2024\/3907686\/\">L\u00f3pez Pepe &#8211; V\u00e1zquez Liste D.<\/a><br>\u0160koda Fabia RS Rally2 <img decoding=\"async\" src=\"https:\/\/www.ewrc-results.com\/images\/tyres\/pirelli_red.png\" alt=\"tyre\"><\/td><td>RC2<\/td><td>2:09:13.7<br><\/td><td>+7:06.9<br>+5.9<\/td><td>98.5<br>2.01<\/td><\/tr><tr><td>11.<br>\u22121<\/td><td><img decoding=\"async\" src=\"https:\/\/www.ewrc-results.com\/images\/flags2\/france.png\" alt=\"flag\"><br>#20<\/td><td><img decoding=\"async\" src=\"https:\/\/www.ewrc-results.com\/images\/icon\/citroen2009.png\" alt=\"logo\"> <a href=\"https:\/\/www.ewrc-results.com\/entryinfo\/84715-rallye-automobile-monte-carlo-2024\/3900316\/\">Rossel Yohan &#8211; Dunand Arnaud<\/a><br>Citro\u00ebn C3 Rally2 <img decoding=\"async\" src=\"https:\/\/www.ewrc-results.com\/images\/tyres\/pirelli_red.png\" alt=\"tyre\"><\/td><td>RC2<\/td><td>2:09:22.4<br><\/td><td>+7:15.6<br>+8.7<\/td><td>98.4<br>2.05<\/td><\/tr><tr><td>12.<br>+1<\/td><td><img decoding=\"async\" src=\"https:\/\/www.ewrc-results.com\/images\/flags2\/france.png\" alt=\"flag\"><br>#24<\/td><td><img decoding=\"async\" src=\"https:\/\/www.ewrc-results.com\/images\/icon\/hyundai2.png\" alt=\"logo\"> <a href=\"https:\/\/www.ewrc-results.com\/entryinfo\/84715-rallye-automobile-monte-carlo-2024\/3901787\/\">Ciamin Nicolas &#8211; Roche Yannick<\/a><br>Hyundai i20 N Rally2 <img decoding=\"async\" src=\"https:\/\/www.ewrc-results.com\/images\/tyres\/pirelli_red.png\" alt=\"tyre\"><\/td><td>RC2<\/td><td>2:11:39.2<br><\/td><td>+9:32.4<br>+2:16.8<\/td><td>96.7<br>2.70<\/td><\/tr><tr><td>13.<br>+1<\/td><td><img decoding=\"async\" src=\"https:\/\/www.ewrc-results.com\/images\/flags2\/finland.png\" alt=\"flag\"><br>#23<\/td><td><img decoding=\"async\" src=\"https:\/\/www.ewrc-results.com\/images\/icon\/toyota2019.png\" alt=\"logo\"> <a href=\"https:\/\/www.ewrc-results.com\/entryinfo\/84715-rallye-automobile-monte-carlo-2024\/3900318\/\">Pajari Sami &#8211; M\u00e4lk\u00f6nen Enni<\/a><br>Toyota GR Yaris Rally2 <img decoding=\"async\" src=\"https:\/\/www.ewrc-results.com\/images\/tyres\/pirelli_red.png\" alt=\"tyre\"><\/td><td>RC2<\/td><td>2:11:51.4<br><\/td><td>+9:44.6<br>+12.2<\/td><td>96.5<br>2.76<\/td><\/tr><tr><td>14.<br>+1<\/td><td><img decoding=\"async\" src=\"https:\/\/www.ewrc-results.com\/images\/flags2\/france.png\" alt=\"flag\"><br>#27<\/td><td><img decoding=\"async\" src=\"https:\/\/www.ewrc-results.com\/images\/icon\/toyota2019.png\" alt=\"logo\"> <a href=\"https:\/\/www.ewrc-results.com\/entryinfo\/84715-rallye-automobile-monte-carlo-2024\/3901764\/\">Lefebvre St\u00e9phane &#8211; Malfoy Andy<\/a><br>Toyota GR Yaris Rally2 <img decoding=\"async\" src=\"https:\/\/www.ewrc-results.com\/images\/tyres\/pirelli_red.png\" alt=\"tyre\"><\/td><td>RC2<\/td><td>2:13:18.6<br><\/td><td>+11:11.8<br>+1:27.2<\/td><td>95.5<br>3.17<\/td><\/tr><tr><td>15.<br>+1<\/td><td><img decoding=\"async\" src=\"https:\/\/www.ewrc-results.com\/images\/flags2\/spain.png\" alt=\"flag\"><br>#29<\/td><td><img decoding=\"async\" src=\"https:\/\/www.ewrc-results.com\/images\/icon\/toyota2019.png\" alt=\"logo\"> <a href=\"https:\/\/www.ewrc-results.com\/entryinfo\/84715-rallye-automobile-monte-carlo-2024\/3907061\/\">Solans J. &#8211; Sanjuan de Eusebio R.<\/a><br>Toyota GR Yaris Rally2 <img decoding=\"async\" src=\"https:\/\/www.ewrc-results.com\/images\/tyres\/pirelli_red.png\" alt=\"tyre\"><\/td><td>RC2<\/td><td>2:14:14.1<br><\/td><td>+12:07.3<br>+55.5<\/td><td>94.8<br>3.43<\/td><\/tr><\/tbody><\/table><\/figure>\n","protected":false},"excerpt":{"rendered":"<p>Thierry Neuville obj\u0105\u0142 prowadzenie Rajdu Monte Carlo, po zaci\u0119tej walce jak\u0105 stoczy\u0142 z dwoma Toyotami prowadzonymi przez Elfyna Evansa i S\u00e9bastiena Ogiera. Belg podczas dziesi\u0105tego odcinka specjalnego wyszed\u0142 na prowadzenie po tym jak w aucie Evansa pojawi\u0142y si\u0119 problemy z uk\u0142adem hybrydowym, co spowodowa\u0142o spadek lidera na drugie miejsce. Ca\u0142y czas robi si\u0119 coraz bardziej [&hellip;]<\/p>\n","protected":false},"author":2,"featured_media":2432,"comment_status":"closed","ping_status":"closed","sticky":false,"template":"","format":"standard","meta":{"footnotes":""},"categories":[3],"tags":[],"class_list":["post-2431","post","type-post","status-publish","format-standard","has-post-thumbnail","hentry","category-wrc"],"aioseo_notices":[],"cc_featured_image_caption":{"caption_text":"Foto - PhotoMS","source_text":"","source_url":""},"_links":{"self":[{"href":"https:\/\/www.worldrally.eu\/index.php\/wp-json\/wp\/v2\/posts\/2431","targetHints":{"allow":["GET"]}}],"collection":[{"href":"https:\/\/www.worldrally.eu\/index.php\/wp-json\/wp\/v2\/posts"}],"about":[{"href":"https:\/\/www.worldrally.eu\/index.php\/wp-json\/wp\/v2\/types\/post"}],"author":[{"embeddable":true,"href":"https:\/\/www.worldrally.eu\/index.php\/wp-json\/wp\/v2\/users\/2"}],"replies":[{"embeddable":true,"href":"https:\/\/www.worldrally.eu\/index.php\/wp-json\/wp\/v2\/comments?post=2431"}],"version-history":[{"count":1,"href":"https:\/\/www.worldrally.eu\/index.php\/wp-json\/wp\/v2\/posts\/2431\/revisions"}],"predecessor-version":[{"id":2435,"href":"https:\/\/www.worldrally.eu\/index.php\/wp-json\/wp\/v2\/posts\/2431\/revisions\/2435"}],"wp:featuredmedia":[{"embeddable":true,"href":"https:\/\/www.worldrally.eu\/index.php\/wp-json\/wp\/v2\/media\/2432"}],"wp:attachment":[{"href":"https:\/\/www.worldrally.eu\/index.php\/wp-json\/wp\/v2\/media?parent=2431"}],"wp:term":[{"taxonomy":"category","embeddable":true,"href":"https:\/\/www.worldrally.eu\/index.php\/wp-json\/wp\/v2\/categories?post=2431"},{"taxonomy":"post_tag","embeddable":true,"href":"https:\/\/www.worldrally.eu\/index.php\/wp-json\/wp\/v2\/tags?post=2431"}],"curies":[{"name":"wp","href":"https:\/\/api.w.org\/{rel}","templated":true}]}}