{"id":2420,"date":"2024-01-26T14:32:00","date_gmt":"2024-01-26T14:32:00","guid":{"rendered":"https:\/\/www.worldrally.eu\/?p=2420"},"modified":"2024-02-01T19:50:50","modified_gmt":"2024-02-01T19:50:50","slug":"evans-liderem-po-porannej-petli","status":"publish","type":"post","link":"https:\/\/www.worldrally.eu\/index.php\/2024\/01\/26\/evans-liderem-po-porannej-petli\/","title":{"rendered":"Evans liderem po porannej p\u0119tli"},"content":{"rendered":"\n<p>Elfyn Evans pozostaje liderem po porannej pi\u0105tkowej p\u0119tli, jednak\u017ce jest przewaga powoli topnieje i zmala\u0142a do 10,7 sekundy na koleg\u0105 zespo\u0142owym Sebastien Ogier. Jeszcze przed pi\u0105tym odcinkiem specjalnym na drugiej pozycji znajdowa\u0142 si\u0119 Thierry Neuville, maj\u0105cy na Ogierem przewag\u0119 3 sekund, aczkolwiek wszystko si\u0119 zmieni\u0142o podczas ostatniego przejazdu przez serwisem.<\/p>\n\n\n\n<blockquote class=\"wp-block-quote is-layout-flow wp-block-quote-is-layout-flow\">\n<p>Na ko\u0144cu mia\u0142em du\u017co lodu w notatkach, ale oczywi\u015bcie stopi\u0142 si\u0119 on znacznie bardziej, ni\u017c si\u0119 spodziewa\u0142em. By\u0142em po prostu zbyt ostro\u017cny. Nie wiesz, a podejmowanie wi\u0119kszego ryzyka jest ryzykowne, gdy w notatce jest napisane, \u017ce wsz\u0119dzie jest l\u00f3d.<\/p>\n<cite>wyja\u015bni\u0142 Neuville <\/cite><\/blockquote>\n\n\n\n<figure class=\"wp-block-image size-large\"><img fetchpriority=\"high\" decoding=\"async\" width=\"1024\" height=\"683\" src=\"https:\/\/www.worldrally.eu\/wp-content\/uploads\/2024\/02\/Monte-Carlo-2024-SD-17a-1024x683.jpg\" alt=\"\" class=\"wp-image-2423\" srcset=\"https:\/\/www.worldrally.eu\/wp-content\/uploads\/2024\/02\/Monte-Carlo-2024-SD-17a-1024x683.jpg 1024w, https:\/\/www.worldrally.eu\/wp-content\/uploads\/2024\/02\/Monte-Carlo-2024-SD-17a-300x200.jpg 300w, https:\/\/www.worldrally.eu\/wp-content\/uploads\/2024\/02\/Monte-Carlo-2024-SD-17a-768x512.jpg 768w, https:\/\/www.worldrally.eu\/wp-content\/uploads\/2024\/02\/Monte-Carlo-2024-SD-17a-1536x1024.jpg 1536w, https:\/\/www.worldrally.eu\/wp-content\/uploads\/2024\/02\/Monte-Carlo-2024-SD-17a-446x297.jpg 446w, https:\/\/www.worldrally.eu\/wp-content\/uploads\/2024\/02\/Monte-Carlo-2024-SD-17a.jpg 1620w\" sizes=\"(max-width: 1024px) 100vw, 1024px\" \/><figcaption class=\"wp-element-caption\">Foto &#8211; PhotoMS<\/figcaption><\/figure>\n\n\n\n<p>Ogier wygra\u0142 dwa z trzech porannych odcink\u00f3w specjalnych a jego bezb\u0142\u0119dna jazda w trakcie pi\u0105tego przejazdu da\u0142a mu awans na drugie miejsce oraz przewag\u0119 na Belgiem 13,8 sekund.<\/p>\n\n\n\n<blockquote class=\"wp-block-quote is-layout-flow wp-block-quote-is-layout-flow\">\n<p>To by\u0142 trudny pocz\u0105tek rajdu, ale spodziewali\u015bmy si\u0119 tego po naszej pozycji startowej. Teraz ciesz\u0119 si\u0119, \u017ce uda\u0142o nam si\u0119 by\u0107 bardzo blisko \u2013 jutro b\u0119dzie fajnie<\/p>\n<cite>powiedzia\u0142 Ogier<\/cite><\/blockquote>\n\n\n\n<p>Evans jak i wielu innych kierowc\u00f3w podkre\u015bla\u0142o zdradliwe warunki na trasach porannych przejazd\u00f3w.<\/p>\n\n\n\n<blockquote class=\"wp-block-quote is-layout-flow wp-block-quote-is-layout-flow\">\n<p>Pod koniec jest czarny l\u00f3d! Zdradliwy. Troch\u0119 si\u0119 poprawi\u0142o, ale jest bardzo \u017ale tam, gdzie jest, a potem pe\u0142na przyczepno\u015b\u0107 tam, gdzie jej nie ma. Na pewno mo\u017cna jecha\u0107 szybciej, ale nie jest to \u0142atwe<\/p>\n<cite>powiedzia\u0142 Evans<\/cite><\/blockquote>\n\n\n\n<p>W klasie WRC2 na czele Pepe Lopez wyprzedzaj\u0105c Gryazina zaledwie o 0,4 sekundy i Rossela o 5,2 sekundy. <\/p>\n\n\n\n<figure class=\"wp-block-image size-large\"><img decoding=\"async\" width=\"1024\" height=\"683\" src=\"https:\/\/www.worldrally.eu\/wp-content\/uploads\/2024\/02\/Monte-Carlo-2024-PhotoMs.se-photo-motorsport.com-8-1024x683.jpg\" alt=\"\" class=\"wp-image-2422\" srcset=\"https:\/\/www.worldrally.eu\/wp-content\/uploads\/2024\/02\/Monte-Carlo-2024-PhotoMs.se-photo-motorsport.com-8-1024x683.jpg 1024w, https:\/\/www.worldrally.eu\/wp-content\/uploads\/2024\/02\/Monte-Carlo-2024-PhotoMs.se-photo-motorsport.com-8-300x200.jpg 300w, https:\/\/www.worldrally.eu\/wp-content\/uploads\/2024\/02\/Monte-Carlo-2024-PhotoMs.se-photo-motorsport.com-8-768x512.jpg 768w, https:\/\/www.worldrally.eu\/wp-content\/uploads\/2024\/02\/Monte-Carlo-2024-PhotoMs.se-photo-motorsport.com-8-1536x1024.jpg 1536w, https:\/\/www.worldrally.eu\/wp-content\/uploads\/2024\/02\/Monte-Carlo-2024-PhotoMs.se-photo-motorsport.com-8-446x297.jpg 446w, https:\/\/www.worldrally.eu\/wp-content\/uploads\/2024\/02\/Monte-Carlo-2024-PhotoMs.se-photo-motorsport.com-8.jpg 1620w\" sizes=\"(max-width: 1024px) 100vw, 1024px\" \/><figcaption class=\"wp-element-caption\">Foto &#8211; PhotoMS<\/figcaption><\/figure>\n\n\n\n<figure class=\"wp-block-table\"><table><tbody><tr><td>1.<\/td><td><img decoding=\"async\" src=\"https:\/\/www.ewrc-results.com\/images\/flags2\/uk.png\" alt=\"flag\"><br>#33<\/td><td><img decoding=\"async\" src=\"https:\/\/www.ewrc-results.com\/images\/icon\/toyota2019.png\" alt=\"logo\"> <a href=\"https:\/\/www.ewrc-results.com\/entryinfo\/84715-rallye-automobile-monte-carlo-2024\/3889021\/\">Evans Elfyn &#8211; Martin Scott<\/a><br>Toyota GR Yaris Rally1 <img decoding=\"async\" src=\"https:\/\/www.ewrc-results.com\/images\/tyres\/pirelli_red.png\" alt=\"tyre\"><\/td><td>RC1<br>M<\/td><td>55:52.7<br><\/td><td><\/td><td>106.4<\/td><\/tr><tr><td>2.<br>+1<\/td><td><img decoding=\"async\" src=\"https:\/\/www.ewrc-results.com\/images\/flags2\/france.png\" alt=\"flag\"><br>#17<\/td><td><img decoding=\"async\" src=\"https:\/\/www.ewrc-results.com\/images\/icon\/toyota2019.png\" alt=\"logo\"> <a href=\"https:\/\/www.ewrc-results.com\/entryinfo\/84715-rallye-automobile-monte-carlo-2024\/3889020\/\">Ogier S\u00e9bastien &#8211; Landais V.<\/a><br>Toyota GR Yaris Rally1 <img decoding=\"async\" src=\"https:\/\/www.ewrc-results.com\/images\/tyres\/pirelli_red.png\" alt=\"tyre\"><\/td><td>RC1<br>M<\/td><td>56:03.4<br><\/td><td>+10.7<br>+10.7<\/td><td>106.0<br>0.11<\/td><\/tr><tr><td>3.<br>\u22121<\/td><td><img decoding=\"async\" src=\"https:\/\/www.ewrc-results.com\/images\/flags2\/belgium.png\" alt=\"flag\"><br>#11<\/td><td><img decoding=\"async\" src=\"https:\/\/www.ewrc-results.com\/images\/icon\/hyundai2.png\" alt=\"logo\"> <a href=\"https:\/\/www.ewrc-results.com\/entryinfo\/84715-rallye-automobile-monte-carlo-2024\/3889024\/\">Neuville Thierry &#8211; Wydaeghe M.<\/a><br>Hyundai i20 N Rally1 <img decoding=\"async\" src=\"https:\/\/www.ewrc-results.com\/images\/tyres\/pirelli_red.png\" alt=\"tyre\"><\/td><td>RC1<br>M<\/td><td>56:17.2<br><\/td><td>+24.5<br>+13.8<\/td><td>105.6<br>0.25<\/td><\/tr><tr><td>4.<\/td><td><img decoding=\"async\" src=\"https:\/\/www.ewrc-results.com\/images\/flags2\/estonia.png\" alt=\"flag\"><br>#8<\/td><td><img decoding=\"async\" src=\"https:\/\/www.ewrc-results.com\/images\/icon\/hyundai2.png\" alt=\"logo\"> <a href=\"https:\/\/www.ewrc-results.com\/entryinfo\/84715-rallye-automobile-monte-carlo-2024\/3889023\/\">T\u00e4nak Ott &#8211; J\u00e4rveoja Martin<\/a><br>Hyundai i20 N Rally1 <img decoding=\"async\" src=\"https:\/\/www.ewrc-results.com\/images\/tyres\/pirelli_red.png\" alt=\"tyre\"><\/td><td>RC1<br>M<\/td><td>56:53.7<br><\/td><td>+1:01.0<br>+36.5<\/td><td>104.5<br>0.62<\/td><\/tr><tr><td>5.<\/td><td><img decoding=\"async\" src=\"https:\/\/www.ewrc-results.com\/images\/flags2\/france.png\" alt=\"flag\"><br>#16<\/td><td><img decoding=\"async\" src=\"https:\/\/www.ewrc-results.com\/images\/icon\/ford.png\" alt=\"logo\"> <a href=\"https:\/\/www.ewrc-results.com\/entryinfo\/84715-rallye-automobile-monte-carlo-2024\/3901781\/\">Fourmaux Adrien &#8211; Coria Alexandre<\/a><br>Ford Puma Rally1 <img decoding=\"async\" src=\"https:\/\/www.ewrc-results.com\/images\/tyres\/pirelli_red.png\" alt=\"tyre\"><\/td><td>RC1<br>M<\/td><td>56:57.0<br><\/td><td>+1:04.3<br>+3.3<\/td><td>104.4<br>0.65<\/td><\/tr><tr><td>6.<\/td><td><img decoding=\"async\" src=\"https:\/\/www.ewrc-results.com\/images\/flags2\/norway.png\" alt=\"flag\"><br>#9<\/td><td><img decoding=\"async\" src=\"https:\/\/www.ewrc-results.com\/images\/icon\/hyundai2.png\" alt=\"logo\"> <a href=\"https:\/\/www.ewrc-results.com\/entryinfo\/84715-rallye-automobile-monte-carlo-2024\/3900317\/\">Mikkelsen Andreas &#8211; Eriksen T.<\/a><br>Hyundai i20 N Rally1 <img decoding=\"async\" src=\"https:\/\/www.ewrc-results.com\/images\/tyres\/pirelli_red.png\" alt=\"tyre\"><\/td><td>RC1<br>M<\/td><td>58:01.3<br><\/td><td>+2:08.6<br>+1:04.3<\/td><td>102.4<br>1.30<\/td><\/tr><tr><td>7.<\/td><td><img decoding=\"async\" src=\"https:\/\/www.ewrc-results.com\/images\/flags2\/luxembourg.png\" alt=\"flag\"><br>#13<\/td><td><img decoding=\"async\" src=\"https:\/\/www.ewrc-results.com\/images\/icon\/ford.png\" alt=\"logo\"> <a href=\"https:\/\/www.ewrc-results.com\/entryinfo\/84715-rallye-automobile-monte-carlo-2024\/3901785\/\">Munster Gr\u00e9goire &#8211; Louka Louis<\/a><br>Ford Puma Rally1 <img decoding=\"async\" src=\"https:\/\/www.ewrc-results.com\/images\/tyres\/pirelli_red.png\" alt=\"tyre\"><\/td><td>RC1<br>M<\/td><td>58:26.0<br><\/td><td>+2:33.3<br>+24.7<\/td><td>101.7<br>1.55<\/td><\/tr><tr><td>8.<br>+1<\/td><td><img decoding=\"async\" src=\"https:\/\/www.ewrc-results.com\/images\/flags2\/spain.png\" alt=\"flag\"><br>#25<\/td><td><img decoding=\"async\" src=\"https:\/\/www.ewrc-results.com\/images\/icon\/skoda2023b.png\" alt=\"logo\"> <a href=\"https:\/\/www.ewrc-results.com\/entryinfo\/84715-rallye-automobile-monte-carlo-2024\/3907686\/\">L\u00f3pez Pepe &#8211; V\u00e1zquez Liste D.<\/a><br>\u0160koda Fabia RS Rally2 <img decoding=\"async\" src=\"https:\/\/www.ewrc-results.com\/images\/tyres\/pirelli_red.png\" alt=\"tyre\"><\/td><td>RC2<\/td><td>59:20.6<br><\/td><td>+3:27.9<br>+54.6<\/td><td>100.2<br>2.10<\/td><\/tr><tr><td>9.<br>\u22121<\/td><td><img decoding=\"async\" src=\"https:\/\/www.ewrc-results.com\/images\/flags2\/bulgaria.png\" alt=\"flag\"><br>#21<\/td><td><img decoding=\"async\" src=\"https:\/\/www.ewrc-results.com\/images\/icon\/citroen2009.png\" alt=\"logo\"> <a href=\"https:\/\/www.ewrc-results.com\/entryinfo\/84715-rallye-automobile-monte-carlo-2024\/3900315\/\">Gryazin Nikolay &#8211; Aleksandrov K.<\/a><br>Citro\u00ebn C3 Rally2 <img decoding=\"async\" src=\"https:\/\/www.ewrc-results.com\/images\/tyres\/pirelli_red.png\" alt=\"tyre\"><\/td><td>RC2<\/td><td>59:21.0<br><\/td><td>+3:28.3<br>+0.4<\/td><td>100.1<br>2.10<\/td><\/tr><tr><td>10.<\/td><td><img decoding=\"async\" src=\"https:\/\/www.ewrc-results.com\/images\/flags2\/france.png\" alt=\"flag\"><br>#20<\/td><td><img decoding=\"async\" src=\"https:\/\/www.ewrc-results.com\/images\/icon\/citroen2009.png\" alt=\"logo\"> <a href=\"https:\/\/www.ewrc-results.com\/entryinfo\/84715-rallye-automobile-monte-carlo-2024\/3900316\/\">Rossel Yohan &#8211; Dunand Arnaud<\/a><br>Citro\u00ebn C3 Rally2 <img decoding=\"async\" src=\"https:\/\/www.ewrc-results.com\/images\/tyres\/pirelli_red.png\" alt=\"tyre\"><\/td><td>RC2<\/td><td>59:25.8<br><\/td><td>+3:33.1<br>+4.8<\/td><td>100.0<br>2.15<\/td><\/tr><tr><td>11.<\/td><td><img decoding=\"async\" src=\"https:\/\/www.ewrc-results.com\/images\/flags2\/sweden.png\" alt=\"flag\"><br>#22<\/td><td><img decoding=\"async\" src=\"https:\/\/www.ewrc-results.com\/images\/icon\/skoda2023b.png\" alt=\"logo\"> <a href=\"https:\/\/www.ewrc-results.com\/entryinfo\/84715-rallye-automobile-monte-carlo-2024\/3912163\/\">Solberg Oliver &#8211; Edmondson E.<\/a><br>\u0160koda Fabia RS Rally2 <img decoding=\"async\" src=\"https:\/\/www.ewrc-results.com\/images\/tyres\/pirelli_red.png\" alt=\"tyre\"><\/td><td>RC2<\/td><td>1:00:00.6<br><\/td><td>+4:07.9<br>+34.8<\/td><td>99.0<br>2.50<\/td><\/tr><tr><td>12.<\/td><td><img decoding=\"async\" src=\"https:\/\/www.ewrc-results.com\/images\/flags2\/finland.png\" alt=\"flag\"><br>#23<\/td><td><img decoding=\"async\" src=\"https:\/\/www.ewrc-results.com\/images\/icon\/toyota2019.png\" alt=\"logo\"> <a href=\"https:\/\/www.ewrc-results.com\/entryinfo\/84715-rallye-automobile-monte-carlo-2024\/3900318\/\">Pajari Sami &#8211; M\u00e4lk\u00f6nen Enni<\/a><br>Toyota GR Yaris Rally2 <img decoding=\"async\" src=\"https:\/\/www.ewrc-results.com\/images\/tyres\/pirelli_red.png\" alt=\"tyre\"><\/td><td>RC2<\/td><td>1:00:32.6<br><\/td><td>+4:39.9<br>+32.0<\/td><td>98.2<br>2.83<\/td><\/tr><tr><td>13.<br>+1<\/td><td><img decoding=\"async\" src=\"https:\/\/www.ewrc-results.com\/images\/flags2\/france.png\" alt=\"flag\"><br>#24<\/td><td><img decoding=\"async\" src=\"https:\/\/www.ewrc-results.com\/images\/icon\/hyundai2.png\" alt=\"logo\"> <a href=\"https:\/\/www.ewrc-results.com\/entryinfo\/84715-rallye-automobile-monte-carlo-2024\/3901787\/\">Ciamin Nicolas &#8211; Roche Yannick<\/a><br>Hyundai i20 N Rally2 <img decoding=\"async\" src=\"https:\/\/www.ewrc-results.com\/images\/tyres\/pirelli_red.png\" alt=\"tyre\"><\/td><td>RC2<\/td><td>1:00:43.0<br><\/td><td>+4:50.3<br>+10.4<\/td><td>97.9<br>2.93<\/td><\/tr><tr><td>14.<br>\u22121<\/td><td><img decoding=\"async\" src=\"https:\/\/www.ewrc-results.com\/images\/flags2\/france.png\" alt=\"flag\"><br>#27<\/td><td><img decoding=\"async\" src=\"https:\/\/www.ewrc-results.com\/images\/icon\/toyota2019.png\" alt=\"logo\"> <a href=\"https:\/\/www.ewrc-results.com\/entryinfo\/84715-rallye-automobile-monte-carlo-2024\/3901764\/\">Lefebvre St\u00e9phane &#8211; Malfoy Andy<\/a><br>Toyota GR Yaris Rally2 <img decoding=\"async\" src=\"https:\/\/www.ewrc-results.com\/images\/tyres\/pirelli_red.png\" alt=\"tyre\"><\/td><td>RC2<\/td><td>1:00:48.6<br><\/td><td>+4:55.9<br>+5.6<\/td><td>97.7<br>2.99<\/td><\/tr><tr><td>15.<\/td><td><img decoding=\"async\" src=\"https:\/\/www.ewrc-results.com\/images\/flags2\/spain.png\" alt=\"flag\"><br>#29<\/td><td><img decoding=\"async\" src=\"https:\/\/www.ewrc-results.com\/images\/icon\/toyota2019.png\" alt=\"logo\"> <a href=\"https:\/\/www.ewrc-results.com\/entryinfo\/84715-rallye-automobile-monte-carlo-2024\/3907061\/\">Solans J. &#8211; Sanjuan de Eusebio R.<\/a><br>Toyota GR Yaris Rally2 <img decoding=\"async\" src=\"https:\/\/www.ewrc-results.com\/images\/tyres\/pirelli_red.png\" alt=\"tyre\"><\/td><td>RC2<\/td><td>1:01:32.0<br><\/td><td>+5:39.3<br>+43.4<\/td><td>96.6<br>3.43<\/td><\/tr><\/tbody><\/table><\/figure>\n","protected":false},"excerpt":{"rendered":"<p>Elfyn Evans pozostaje liderem po porannej pi\u0105tkowej p\u0119tli, jednak\u017ce jest przewaga powoli topnieje i zmala\u0142a do 10,7 sekundy na koleg\u0105 zespo\u0142owym Sebastien Ogier. Jeszcze przed pi\u0105tym odcinkiem specjalnym na drugiej pozycji znajdowa\u0142 si\u0119 Thierry Neuville, maj\u0105cy na Ogierem przewag\u0119 3 sekund, aczkolwiek wszystko si\u0119 zmieni\u0142o podczas ostatniego przejazdu przez serwisem. Na ko\u0144cu mia\u0142em du\u017co lodu [&hellip;]<\/p>\n","protected":false},"author":2,"featured_media":2421,"comment_status":"closed","ping_status":"closed","sticky":false,"template":"","format":"standard","meta":{"footnotes":""},"categories":[3],"tags":[],"class_list":["post-2420","post","type-post","status-publish","format-standard","has-post-thumbnail","hentry","category-wrc"],"aioseo_notices":[],"cc_featured_image_caption":{"caption_text":"Foto - PhotoMS","source_text":"","source_url":""},"_links":{"self":[{"href":"https:\/\/www.worldrally.eu\/index.php\/wp-json\/wp\/v2\/posts\/2420","targetHints":{"allow":["GET"]}}],"collection":[{"href":"https:\/\/www.worldrally.eu\/index.php\/wp-json\/wp\/v2\/posts"}],"about":[{"href":"https:\/\/www.worldrally.eu\/index.php\/wp-json\/wp\/v2\/types\/post"}],"author":[{"embeddable":true,"href":"https:\/\/www.worldrally.eu\/index.php\/wp-json\/wp\/v2\/users\/2"}],"replies":[{"embeddable":true,"href":"https:\/\/www.worldrally.eu\/index.php\/wp-json\/wp\/v2\/comments?post=2420"}],"version-history":[{"count":1,"href":"https:\/\/www.worldrally.eu\/index.php\/wp-json\/wp\/v2\/posts\/2420\/revisions"}],"predecessor-version":[{"id":2424,"href":"https:\/\/www.worldrally.eu\/index.php\/wp-json\/wp\/v2\/posts\/2420\/revisions\/2424"}],"wp:featuredmedia":[{"embeddable":true,"href":"https:\/\/www.worldrally.eu\/index.php\/wp-json\/wp\/v2\/media\/2421"}],"wp:attachment":[{"href":"https:\/\/www.worldrally.eu\/index.php\/wp-json\/wp\/v2\/media?parent=2420"}],"wp:term":[{"taxonomy":"category","embeddable":true,"href":"https:\/\/www.worldrally.eu\/index.php\/wp-json\/wp\/v2\/categories?post=2420"},{"taxonomy":"post_tag","embeddable":true,"href":"https:\/\/www.worldrally.eu\/index.php\/wp-json\/wp\/v2\/tags?post=2420"}],"curies":[{"name":"wp","href":"https:\/\/api.w.org\/{rel}","templated":true}]}}