{"id":2394,"date":"2024-01-18T21:24:02","date_gmt":"2024-01-18T21:24:02","guid":{"rendered":"https:\/\/www.worldrally.eu\/?p=2394"},"modified":"2024-01-18T21:24:04","modified_gmt":"2024-01-18T21:24:04","slug":"loeb-wypada-za-walki-w-rajdzie-dakar","status":"publish","type":"post","link":"https:\/\/www.worldrally.eu\/index.php\/2024\/01\/18\/loeb-wypada-za-walki-w-rajdzie-dakar\/","title":{"rendered":"Loeb wypada za walki w Rajdzie Dakar"},"content":{"rendered":"\n<p class=\"wp-block-paragraph\">Sebastien Loeb jad\u0105cy Prodrive Hunter z powodu awarii technicznej straci\u0142 szans\u0119 na zwyci\u0119stwo w Rajdzie Dakar, zatrzymuj\u0105c si\u0119 na 132. kilometrze jedenastego przedostatniego etapu, tym samym otwieraj\u0105c drzwi do zwyci\u0119stwa dla Carlosa Sainz.<\/p>\n\n\n\n<blockquote class=\"wp-block-quote is-layout-flow wp-block-quote-is-layout-flow\">\n<p class=\"wp-block-paragraph\">Sebastien Loeb zatrzyma\u0142 si\u0119 na 132. km z powodu z\u0142amanego prawego przedniego wahacza. Wed\u0142ug doniesie\u0144 Francuz poprosi\u0142 o odebranie go i opu\u015bci odcinek specjalny. B\u0119dzie m\u00f3g\u0142 wystartowa\u0107 jutro, ale walka o ko\u0144cowe zwyci\u0119stwo si\u0119 zako\u0144czy\u0142a<\/p>\n<cite>czytamy na oficjalnej stronie Rajdu<\/cite><\/blockquote>\n\n\n\n<figure class=\"wp-block-image size-full\"><img fetchpriority=\"high\" decoding=\"async\" width=\"1000\" height=\"665\" src=\"https:\/\/www.worldrally.eu\/wp-content\/uploads\/2024\/01\/2-1-1.jpg\" alt=\"\" class=\"wp-image-2396\" srcset=\"https:\/\/www.worldrally.eu\/wp-content\/uploads\/2024\/01\/2-1-1.jpg 1000w, https:\/\/www.worldrally.eu\/wp-content\/uploads\/2024\/01\/2-1-1-300x200.jpg 300w, https:\/\/www.worldrally.eu\/wp-content\/uploads\/2024\/01\/2-1-1-768x511.jpg 768w, https:\/\/www.worldrally.eu\/wp-content\/uploads\/2024\/01\/2-1-1-446x297.jpg 446w\" sizes=\"(max-width: 1000px) 100vw, 1000px\" \/><figcaption class=\"wp-element-caption\">Foto &#8211; Dakar.com<\/figcaption><\/figure>\n\n\n\n<p class=\"wp-block-paragraph\">Dzisiejszy jedenasty etap wygra\u0142 Guerlaina Chicherita z przewag\u0105 5 minut i 32 sekundy nad Guilliaume de Mevius jad\u0105cy z by\u0142ym pilotem Ho\u0142owczyca Xavierem Panserim, kt\u00f3ry za\u015b wyprzedzi\u0142 lidera Rajdu Dakar o zaledwie 3 sekundy.<\/p>\n\n\n\n<p class=\"wp-block-paragraph\">Ho\u0142owczyc i \u0141ukasz Kurzeja po raz kolejny pokazali dobre tempo ko\u0144cz\u0105c lini\u0119 mety na pi\u0119tnastej pozycji dzisiejszego etapu. Za\u0142oga do mety dojecha\u0142a bez maski z naklejonym sercem Wielkiej Orkiestry \u015awi\u0105tecznej Pomocy, kt\u00f3r\u0105 mieli przekaza\u0107 na aukcj\u0119.<\/p>\n\n\n\n<blockquote class=\"wp-block-quote is-layout-flow wp-block-quote-is-layout-flow\">\n<p class=\"wp-block-paragraph\">Nic wielkiego si\u0119 nie sta\u0142o, po prostu odfrun\u0119\u0142a nam maska. Nie wiemy dlaczego, pewnie przez jakie\u015b drgania. Wci\u0105gn\u0119\u0142o j\u0105 pod ko\u0142a i przemieli\u0142o. Obiecali\u015bmy j\u0105 Jurkowi, ale teraz pewnie dostanie jak\u0105\u015b inn\u0105. A etap by\u0142 bardzo ci\u0119\u017cki, z wielkimi kamieniami. Kiedy Loeb nas doszed\u0142, przepu\u015bcili\u015bmy go i po chwili urwa\u0142 sobie wahacz na tych kamieniach. Nie mo\u017cna by\u0142o dzisiaj za szybko jecha\u0107, ale wiadomo, \u017ce on walczy\u0142 zaci\u0119cie z Carlosem. Mieli\u015bmy te\u017c troch\u0119 problem\u00f3w nawigacyjnych.<\/p>\n<cite>powiedzia\u0142 Ho\u0142owczyc<\/cite><\/blockquote>\n\n\n\n<figure class=\"wp-block-image size-large\"><img decoding=\"async\" width=\"1024\" height=\"683\" src=\"https:\/\/www.worldrally.eu\/wp-content\/uploads\/2024\/01\/420887332_946605520163566_1540842096746066285_n-1024x683.jpg\" alt=\"\" class=\"wp-image-2397\" srcset=\"https:\/\/www.worldrally.eu\/wp-content\/uploads\/2024\/01\/420887332_946605520163566_1540842096746066285_n-1024x683.jpg 1024w, https:\/\/www.worldrally.eu\/wp-content\/uploads\/2024\/01\/420887332_946605520163566_1540842096746066285_n-300x200.jpg 300w, https:\/\/www.worldrally.eu\/wp-content\/uploads\/2024\/01\/420887332_946605520163566_1540842096746066285_n-768x512.jpg 768w, https:\/\/www.worldrally.eu\/wp-content\/uploads\/2024\/01\/420887332_946605520163566_1540842096746066285_n-1536x1025.jpg 1536w, https:\/\/www.worldrally.eu\/wp-content\/uploads\/2024\/01\/420887332_946605520163566_1540842096746066285_n-446x297.jpg 446w, https:\/\/www.worldrally.eu\/wp-content\/uploads\/2024\/01\/420887332_946605520163566_1540842096746066285_n.jpg 2048w\" sizes=\"(max-width: 1024px) 100vw, 1024px\" \/><figcaption class=\"wp-element-caption\">Foto &#8211; Ho\u0142owczyc FB<\/figcaption><\/figure>\n\n\n\n<p class=\"wp-block-paragraph\"><strong>Wyniki 11 etapu Rajdu Dakar<\/strong><\/p>\n\n\n\n<figure class=\"wp-block-table\"><table><tbody><tr><td>1.<\/td><td>Chicherit-Winocq<\/td><td>Overdrive Racing<\/td><td>4:43:00<\/td><\/tr><tr><td>2.<\/td><td>de Mevius-Panseri<\/td><td>Overdrive Racing<\/td><td>+5:32<\/td><\/tr><tr><td>3.<\/td><td>Sainz-Cruz<\/td><td>Team Audi Sport<\/td><td>+5:35<\/td><\/tr><tr><td>4.<\/td><td>Ekstroem-Bergkvist<\/td><td>Team Audi Sport<\/td><td>+9:46<\/td><\/tr><tr><td>5.<\/td><td>Variawa-Cazalet<\/td><td>Toyota Gazoo Racing<\/td><td>+12:37<\/td><\/tr><tr><td>6.<\/td><td>Lavieille-Sarreaud<\/td><td>MD Rallye Sport<\/td><td>+15:06<\/td><\/tr><tr><td>7.<\/td><td>Yacopini-Oliveras Carreras<\/td><td>Overdrive Racing<\/td><td>+15:23<\/td><\/tr><tr><td>8.<\/td><td>Zala-Fiuza<\/td><td>X-Raid Arijus Team<\/td><td>+15:38<\/td><\/tr><tr><td>9.<\/td><td>Roma-Bravo<\/td><td>Ford M-Sport<\/td><td>+17:51<\/td><\/tr><tr><td>10.<\/td><td>Botterill-Cummings<\/td><td>Toyota Gazoo Racing<\/td><td>+22:40<\/td><\/tr><\/tbody><\/table><\/figure>\n\n\n\n<p class=\"wp-block-paragraph\"><\/p>\n\n\n\n<p class=\"wp-block-paragraph\"><strong>Wyniki klasyfikacji generalnej Rajdu Dakar<\/strong><\/p>\n\n\n\n<figure class=\"wp-block-table\"><table><tbody><tr><td>1.<\/td><td>Sainz-Cruz<\/td><td>Team Audi Sport<\/td><td>46:23:47<\/td><\/tr><tr><td>2.<\/td><td>de Mevius-Panseri<\/td><td>Overdrive Racing<\/td><td>+1:27:06<\/td><\/tr><tr><td>3.<\/td><td>Loeb-Lurquin<\/td><td>Bahrain Raid Extreme<\/td><td>+1:36:02<\/td><\/tr><tr><td>4.<\/td><td>Chicherit-Winocq<\/td><td>Overdrive Racing<\/td><td>+1:42:20<\/td><\/tr><tr><td>5.<\/td><td>Prokop-Chytka<\/td><td>Orlen Jipocar Team<\/td><td>+2:17:47<\/td><\/tr><tr><td>6.<\/td><td>Botterill-Cummings<\/td><td>Toyota Gazoo Racing<\/td><td>+2:41:31<\/td><\/tr><tr><td>7.<\/td><td>de Villiers-Murphy<\/td><td>Toyota Gazoo Racing<\/td><td>+2:51:09<\/td><\/tr><tr><td>8.<\/td><td>Vanagas-Sikk<\/td><td>Toyota Gazoo Racing Baltics<\/td><td>+3:01:36<\/td><\/tr><tr><td>9.<\/td><td>Moraes-Monleon<\/td><td>Toyota Gazoo Racing<\/td><td>+3:06:42<\/td><\/tr><tr><td>10.<\/td><td>Serradori-Minaudier<\/td><td>Century Racing Factory Team<\/td><td>+3:09:17<\/td><\/tr><\/tbody><\/table><\/figure>\n","protected":false},"excerpt":{"rendered":"<p>Sebastien Loeb jad\u0105cy Prodrive Hunter z powodu awarii technicznej straci\u0142 szans\u0119 na zwyci\u0119stwo w Rajdzie Dakar, zatrzymuj\u0105c si\u0119 na 132. kilometrze jedenastego przedostatniego etapu, tym samym otwieraj\u0105c drzwi do zwyci\u0119stwa dla Carlosa Sainz. Sebastien Loeb zatrzyma\u0142 si\u0119 na 132. km z powodu z\u0142amanego prawego przedniego wahacza. Wed\u0142ug doniesie\u0144 Francuz poprosi\u0142 o odebranie go i opu\u015bci [&hellip;]<\/p>\n","protected":false},"author":1,"featured_media":2395,"comment_status":"closed","ping_status":"closed","sticky":false,"template":"","format":"standard","meta":{"_monsterinsights_skip_tracking":false,"_monsterinsights_sitenote_active":false,"_monsterinsights_sitenote_note":"","_monsterinsights_sitenote_category":0,"footnotes":""},"categories":[1,9],"tags":[],"class_list":["post-2394","post","type-post","status-publish","format-standard","has-post-thumbnail","hentry","category-dakar","category-rajdy"],"aioseo_notices":[],"aioseo_head":"\n\t\t<!-- All in One SEO 4.9.9 - aioseo.com -->\n\t<meta name=\"description\" content=\"Sebastien Loeb jad\u0105cy Prodrive Hunter z powodu awarii technicznej straci\u0142 szans\u0119 na zwyci\u0119stwo w Rajdzie Dakar, zatrzymuj\u0105c si\u0119 na 132. kilometrze jedenastego przedostatniego etapu, tym samym otwieraj\u0105c drzwi do zwyci\u0119stwa dla Carlosa Sainz. Sebastien Loeb zatrzyma\u0142 si\u0119 na 132. km z powodu z\u0142amanego prawego przedniego wahacza. Wed\u0142ug doniesie\u0144 Francuz poprosi\u0142 o odebranie go i opu\u015bci\" \/>\n\t<meta name=\"robots\" content=\"max-image-preview:large\" \/>\n\t<meta name=\"author\" content=\"Junior\"\/>\n\t<link rel=\"canonical\" href=\"https:\/\/www.worldrally.eu\/index.php\/2024\/01\/18\/loeb-wypada-za-walki-w-rajdzie-dakar\/\" \/>\n\t<meta name=\"generator\" content=\"All in One SEO (AIOSEO) 4.9.9\" \/>\n\t\t<meta property=\"og:locale\" content=\"en_GB\" \/>\n\t\t<meta property=\"og:site_name\" content=\"WorldRally.eu \u00bb\" \/>\n\t\t<meta property=\"og:type\" content=\"article\" \/>\n\t\t<meta property=\"og:title\" content=\"Loeb wypada za walki w Rajdzie Dakar \u00bb WorldRally.eu\" \/>\n\t\t<meta property=\"og:description\" content=\"Sebastien Loeb jad\u0105cy Prodrive Hunter z powodu awarii technicznej straci\u0142 szans\u0119 na zwyci\u0119stwo w Rajdzie Dakar, zatrzymuj\u0105c si\u0119 na 132. kilometrze jedenastego przedostatniego etapu, tym samym otwieraj\u0105c drzwi do zwyci\u0119stwa dla Carlosa Sainz. Sebastien Loeb zatrzyma\u0142 si\u0119 na 132. km z powodu z\u0142amanego prawego przedniego wahacza. Wed\u0142ug doniesie\u0144 Francuz poprosi\u0142 o odebranie go i opu\u015bci\" \/>\n\t\t<meta property=\"og:url\" content=\"https:\/\/www.worldrally.eu\/index.php\/2024\/01\/18\/loeb-wypada-za-walki-w-rajdzie-dakar\/\" \/>\n\t\t<meta property=\"og:image\" content=\"https:\/\/www.worldrally.eu\/wp-content\/uploads\/2024\/01\/2-2-1.jpg\" \/>\n\t\t<meta property=\"og:image:secure_url\" content=\"https:\/\/www.worldrally.eu\/wp-content\/uploads\/2024\/01\/2-2-1.jpg\" \/>\n\t\t<meta property=\"og:image:width\" content=\"1000\" \/>\n\t\t<meta property=\"og:image:height\" content=\"667\" \/>\n\t\t<meta property=\"article:published_time\" content=\"2024-01-18T21:24:02+00:00\" \/>\n\t\t<meta property=\"article:modified_time\" content=\"2024-01-18T21:24:04+00:00\" \/>\n\t\t<meta name=\"twitter:card\" content=\"summary_large_image\" \/>\n\t\t<meta name=\"twitter:title\" content=\"Loeb wypada za walki w Rajdzie Dakar \u00bb WorldRally.eu\" \/>\n\t\t<meta name=\"twitter:description\" content=\"Sebastien Loeb jad\u0105cy Prodrive Hunter z powodu awarii technicznej straci\u0142 szans\u0119 na zwyci\u0119stwo w Rajdzie Dakar, zatrzymuj\u0105c si\u0119 na 132. kilometrze jedenastego przedostatniego etapu, tym samym otwieraj\u0105c drzwi do zwyci\u0119stwa dla Carlosa Sainz. Sebastien Loeb zatrzyma\u0142 si\u0119 na 132. km z powodu z\u0142amanego prawego przedniego wahacza. Wed\u0142ug doniesie\u0144 Francuz poprosi\u0142 o odebranie go i opu\u015bci\" \/>\n\t\t<meta name=\"twitter:image\" content=\"https:\/\/www.worldrally.eu\/wp-content\/uploads\/2024\/01\/2-2-1.jpg\" \/>\n\t\t<script type=\"application\/ld+json\" class=\"aioseo-schema\">\n\t\t\t{\"@context\":\"https:\\\/\\\/schema.org\",\"@graph\":[{\"@type\":\"BlogPosting\",\"@id\":\"https:\\\/\\\/www.worldrally.eu\\\/index.php\\\/2024\\\/01\\\/18\\\/loeb-wypada-za-walki-w-rajdzie-dakar\\\/#blogposting\",\"name\":\"Loeb wypada za walki w Rajdzie Dakar \\u00bb WorldRally.eu\",\"headline\":\"Loeb wypada za walki w Rajdzie Dakar\",\"author\":{\"@id\":\"https:\\\/\\\/www.worldrally.eu\\\/index.php\\\/author\\\/admin\\\/#author\"},\"publisher\":{\"@id\":\"https:\\\/\\\/www.worldrally.eu\\\/#organization\"},\"image\":{\"@type\":\"ImageObject\",\"url\":\"https:\\\/\\\/www.worldrally.eu\\\/wp-content\\\/uploads\\\/2024\\\/01\\\/2-2-1.jpg\",\"width\":1000,\"height\":667},\"datePublished\":\"2024-01-18T21:24:02+00:00\",\"dateModified\":\"2024-01-18T21:24:04+00:00\",\"inLanguage\":\"en-GB\",\"mainEntityOfPage\":{\"@id\":\"https:\\\/\\\/www.worldrally.eu\\\/index.php\\\/2024\\\/01\\\/18\\\/loeb-wypada-za-walki-w-rajdzie-dakar\\\/#webpage\"},\"isPartOf\":{\"@id\":\"https:\\\/\\\/www.worldrally.eu\\\/index.php\\\/2024\\\/01\\\/18\\\/loeb-wypada-za-walki-w-rajdzie-dakar\\\/#webpage\"},\"articleSection\":\"Dakar, Rajdy\"},{\"@type\":\"BreadcrumbList\",\"@id\":\"https:\\\/\\\/www.worldrally.eu\\\/index.php\\\/2024\\\/01\\\/18\\\/loeb-wypada-za-walki-w-rajdzie-dakar\\\/#breadcrumblist\",\"itemListElement\":[{\"@type\":\"ListItem\",\"@id\":\"https:\\\/\\\/www.worldrally.eu#listItem\",\"position\":1,\"name\":\"Home\",\"item\":\"https:\\\/\\\/www.worldrally.eu\",\"nextItem\":{\"@type\":\"ListItem\",\"@id\":\"https:\\\/\\\/www.worldrally.eu\\\/index.php\\\/category\\\/dakar\\\/#listItem\",\"name\":\"Dakar\"}},{\"@type\":\"ListItem\",\"@id\":\"https:\\\/\\\/www.worldrally.eu\\\/index.php\\\/category\\\/dakar\\\/#listItem\",\"position\":2,\"name\":\"Dakar\",\"item\":\"https:\\\/\\\/www.worldrally.eu\\\/index.php\\\/category\\\/dakar\\\/\",\"nextItem\":{\"@type\":\"ListItem\",\"@id\":\"https:\\\/\\\/www.worldrally.eu\\\/index.php\\\/2024\\\/01\\\/18\\\/loeb-wypada-za-walki-w-rajdzie-dakar\\\/#listItem\",\"name\":\"Loeb wypada za walki w Rajdzie Dakar\"},\"previousItem\":{\"@type\":\"ListItem\",\"@id\":\"https:\\\/\\\/www.worldrally.eu#listItem\",\"name\":\"Home\"}},{\"@type\":\"ListItem\",\"@id\":\"https:\\\/\\\/www.worldrally.eu\\\/index.php\\\/2024\\\/01\\\/18\\\/loeb-wypada-za-walki-w-rajdzie-dakar\\\/#listItem\",\"position\":3,\"name\":\"Loeb wypada za walki w Rajdzie Dakar\",\"previousItem\":{\"@type\":\"ListItem\",\"@id\":\"https:\\\/\\\/www.worldrally.eu\\\/index.php\\\/category\\\/dakar\\\/#listItem\",\"name\":\"Dakar\"}}]},{\"@type\":\"Organization\",\"@id\":\"https:\\\/\\\/www.worldrally.eu\\\/#organization\",\"name\":\"WorldRally.eu\",\"url\":\"https:\\\/\\\/www.worldrally.eu\\\/\",\"logo\":{\"@type\":\"ImageObject\",\"url\":\"https:\\\/\\\/www.worldrally.eu\\\/wp-content\\\/uploads\\\/2026\\\/01\\\/cropped-logo-3.png\",\"@id\":\"https:\\\/\\\/www.worldrally.eu\\\/index.php\\\/2024\\\/01\\\/18\\\/loeb-wypada-za-walki-w-rajdzie-dakar\\\/#organizationLogo\",\"width\":2039,\"height\":756},\"image\":{\"@id\":\"https:\\\/\\\/www.worldrally.eu\\\/index.php\\\/2024\\\/01\\\/18\\\/loeb-wypada-za-walki-w-rajdzie-dakar\\\/#organizationLogo\"}},{\"@type\":\"Person\",\"@id\":\"https:\\\/\\\/www.worldrally.eu\\\/index.php\\\/author\\\/admin\\\/#author\",\"url\":\"https:\\\/\\\/www.worldrally.eu\\\/index.php\\\/author\\\/admin\\\/\",\"name\":\"Junior\",\"image\":{\"@type\":\"ImageObject\",\"@id\":\"https:\\\/\\\/www.worldrally.eu\\\/index.php\\\/2024\\\/01\\\/18\\\/loeb-wypada-za-walki-w-rajdzie-dakar\\\/#authorImage\",\"url\":\"https:\\\/\\\/secure.gravatar.com\\\/avatar\\\/5bd369ac0447285dc20b588693ca1756d0179a7f957258050a42a968bf3b9d0a?s=96&d=mm&r=g\",\"width\":96,\"height\":96,\"caption\":\"Junior\"}},{\"@type\":\"WebPage\",\"@id\":\"https:\\\/\\\/www.worldrally.eu\\\/index.php\\\/2024\\\/01\\\/18\\\/loeb-wypada-za-walki-w-rajdzie-dakar\\\/#webpage\",\"url\":\"https:\\\/\\\/www.worldrally.eu\\\/index.php\\\/2024\\\/01\\\/18\\\/loeb-wypada-za-walki-w-rajdzie-dakar\\\/\",\"name\":\"Loeb wypada za walki w Rajdzie Dakar \\u00bb WorldRally.eu\",\"description\":\"Sebastien Loeb jad\\u0105cy Prodrive Hunter z powodu awarii technicznej straci\\u0142 szans\\u0119 na zwyci\\u0119stwo w Rajdzie Dakar, zatrzymuj\\u0105c si\\u0119 na 132. kilometrze jedenastego przedostatniego etapu, tym samym otwieraj\\u0105c drzwi do zwyci\\u0119stwa dla Carlosa Sainz. Sebastien Loeb zatrzyma\\u0142 si\\u0119 na 132. km z powodu z\\u0142amanego prawego przedniego wahacza. Wed\\u0142ug doniesie\\u0144 Francuz poprosi\\u0142 o odebranie go i opu\\u015bci\",\"inLanguage\":\"en-GB\",\"isPartOf\":{\"@id\":\"https:\\\/\\\/www.worldrally.eu\\\/#website\"},\"breadcrumb\":{\"@id\":\"https:\\\/\\\/www.worldrally.eu\\\/index.php\\\/2024\\\/01\\\/18\\\/loeb-wypada-za-walki-w-rajdzie-dakar\\\/#breadcrumblist\"},\"author\":{\"@id\":\"https:\\\/\\\/www.worldrally.eu\\\/index.php\\\/author\\\/admin\\\/#author\"},\"creator\":{\"@id\":\"https:\\\/\\\/www.worldrally.eu\\\/index.php\\\/author\\\/admin\\\/#author\"},\"image\":{\"@type\":\"ImageObject\",\"url\":\"https:\\\/\\\/www.worldrally.eu\\\/wp-content\\\/uploads\\\/2024\\\/01\\\/2-2-1.jpg\",\"@id\":\"https:\\\/\\\/www.worldrally.eu\\\/index.php\\\/2024\\\/01\\\/18\\\/loeb-wypada-za-walki-w-rajdzie-dakar\\\/#mainImage\",\"width\":1000,\"height\":667},\"primaryImageOfPage\":{\"@id\":\"https:\\\/\\\/www.worldrally.eu\\\/index.php\\\/2024\\\/01\\\/18\\\/loeb-wypada-za-walki-w-rajdzie-dakar\\\/#mainImage\"},\"datePublished\":\"2024-01-18T21:24:02+00:00\",\"dateModified\":\"2024-01-18T21:24:04+00:00\"},{\"@type\":\"WebSite\",\"@id\":\"https:\\\/\\\/www.worldrally.eu\\\/#website\",\"url\":\"https:\\\/\\\/www.worldrally.eu\\\/\",\"name\":\"WorldRally.eu\",\"inLanguage\":\"en-GB\",\"publisher\":{\"@id\":\"https:\\\/\\\/www.worldrally.eu\\\/#organization\"}}]}\n\t\t<\/script>\n\t\t<!-- All in One SEO -->\n\n","aioseo_head_json":{"title":"Loeb wypada za walki w Rajdzie Dakar \u00bb WorldRally.eu","description":"Sebastien Loeb jad\u0105cy Prodrive Hunter z powodu awarii technicznej straci\u0142 szans\u0119 na zwyci\u0119stwo w Rajdzie Dakar, zatrzymuj\u0105c si\u0119 na 132. kilometrze jedenastego przedostatniego etapu, tym samym otwieraj\u0105c drzwi do zwyci\u0119stwa dla Carlosa Sainz. Sebastien Loeb zatrzyma\u0142 si\u0119 na 132. km z powodu z\u0142amanego prawego przedniego wahacza. Wed\u0142ug doniesie\u0144 Francuz poprosi\u0142 o odebranie go i opu\u015bci","canonical_url":"https:\/\/www.worldrally.eu\/index.php\/2024\/01\/18\/loeb-wypada-za-walki-w-rajdzie-dakar\/","robots":"max-image-preview:large","keywords":"","webmasterTools":{"miscellaneous":""},"schema":{"@context":"https:\/\/schema.org","@graph":[{"@type":"BlogPosting","@id":"https:\/\/www.worldrally.eu\/index.php\/2024\/01\/18\/loeb-wypada-za-walki-w-rajdzie-dakar\/#blogposting","name":"Loeb wypada za walki w Rajdzie Dakar \u00bb WorldRally.eu","headline":"Loeb wypada za walki w Rajdzie Dakar","author":{"@id":"https:\/\/www.worldrally.eu\/index.php\/author\/admin\/#author"},"publisher":{"@id":"https:\/\/www.worldrally.eu\/#organization"},"image":{"@type":"ImageObject","url":"https:\/\/www.worldrally.eu\/wp-content\/uploads\/2024\/01\/2-2-1.jpg","width":1000,"height":667},"datePublished":"2024-01-18T21:24:02+00:00","dateModified":"2024-01-18T21:24:04+00:00","inLanguage":"en-GB","mainEntityOfPage":{"@id":"https:\/\/www.worldrally.eu\/index.php\/2024\/01\/18\/loeb-wypada-za-walki-w-rajdzie-dakar\/#webpage"},"isPartOf":{"@id":"https:\/\/www.worldrally.eu\/index.php\/2024\/01\/18\/loeb-wypada-za-walki-w-rajdzie-dakar\/#webpage"},"articleSection":"Dakar, Rajdy"},{"@type":"BreadcrumbList","@id":"https:\/\/www.worldrally.eu\/index.php\/2024\/01\/18\/loeb-wypada-za-walki-w-rajdzie-dakar\/#breadcrumblist","itemListElement":[{"@type":"ListItem","@id":"https:\/\/www.worldrally.eu#listItem","position":1,"name":"Home","item":"https:\/\/www.worldrally.eu","nextItem":{"@type":"ListItem","@id":"https:\/\/www.worldrally.eu\/index.php\/category\/dakar\/#listItem","name":"Dakar"}},{"@type":"ListItem","@id":"https:\/\/www.worldrally.eu\/index.php\/category\/dakar\/#listItem","position":2,"name":"Dakar","item":"https:\/\/www.worldrally.eu\/index.php\/category\/dakar\/","nextItem":{"@type":"ListItem","@id":"https:\/\/www.worldrally.eu\/index.php\/2024\/01\/18\/loeb-wypada-za-walki-w-rajdzie-dakar\/#listItem","name":"Loeb wypada za walki w Rajdzie Dakar"},"previousItem":{"@type":"ListItem","@id":"https:\/\/www.worldrally.eu#listItem","name":"Home"}},{"@type":"ListItem","@id":"https:\/\/www.worldrally.eu\/index.php\/2024\/01\/18\/loeb-wypada-za-walki-w-rajdzie-dakar\/#listItem","position":3,"name":"Loeb wypada za walki w Rajdzie Dakar","previousItem":{"@type":"ListItem","@id":"https:\/\/www.worldrally.eu\/index.php\/category\/dakar\/#listItem","name":"Dakar"}}]},{"@type":"Organization","@id":"https:\/\/www.worldrally.eu\/#organization","name":"WorldRally.eu","url":"https:\/\/www.worldrally.eu\/","logo":{"@type":"ImageObject","url":"https:\/\/www.worldrally.eu\/wp-content\/uploads\/2026\/01\/cropped-logo-3.png","@id":"https:\/\/www.worldrally.eu\/index.php\/2024\/01\/18\/loeb-wypada-za-walki-w-rajdzie-dakar\/#organizationLogo","width":2039,"height":756},"image":{"@id":"https:\/\/www.worldrally.eu\/index.php\/2024\/01\/18\/loeb-wypada-za-walki-w-rajdzie-dakar\/#organizationLogo"}},{"@type":"Person","@id":"https:\/\/www.worldrally.eu\/index.php\/author\/admin\/#author","url":"https:\/\/www.worldrally.eu\/index.php\/author\/admin\/","name":"Junior","image":{"@type":"ImageObject","@id":"https:\/\/www.worldrally.eu\/index.php\/2024\/01\/18\/loeb-wypada-za-walki-w-rajdzie-dakar\/#authorImage","url":"https:\/\/secure.gravatar.com\/avatar\/5bd369ac0447285dc20b588693ca1756d0179a7f957258050a42a968bf3b9d0a?s=96&d=mm&r=g","width":96,"height":96,"caption":"Junior"}},{"@type":"WebPage","@id":"https:\/\/www.worldrally.eu\/index.php\/2024\/01\/18\/loeb-wypada-za-walki-w-rajdzie-dakar\/#webpage","url":"https:\/\/www.worldrally.eu\/index.php\/2024\/01\/18\/loeb-wypada-za-walki-w-rajdzie-dakar\/","name":"Loeb wypada za walki w Rajdzie Dakar \u00bb WorldRally.eu","description":"Sebastien Loeb jad\u0105cy Prodrive Hunter z powodu awarii technicznej straci\u0142 szans\u0119 na zwyci\u0119stwo w Rajdzie Dakar, zatrzymuj\u0105c si\u0119 na 132. kilometrze jedenastego przedostatniego etapu, tym samym otwieraj\u0105c drzwi do zwyci\u0119stwa dla Carlosa Sainz. Sebastien Loeb zatrzyma\u0142 si\u0119 na 132. km z powodu z\u0142amanego prawego przedniego wahacza. Wed\u0142ug doniesie\u0144 Francuz poprosi\u0142 o odebranie go i opu\u015bci","inLanguage":"en-GB","isPartOf":{"@id":"https:\/\/www.worldrally.eu\/#website"},"breadcrumb":{"@id":"https:\/\/www.worldrally.eu\/index.php\/2024\/01\/18\/loeb-wypada-za-walki-w-rajdzie-dakar\/#breadcrumblist"},"author":{"@id":"https:\/\/www.worldrally.eu\/index.php\/author\/admin\/#author"},"creator":{"@id":"https:\/\/www.worldrally.eu\/index.php\/author\/admin\/#author"},"image":{"@type":"ImageObject","url":"https:\/\/www.worldrally.eu\/wp-content\/uploads\/2024\/01\/2-2-1.jpg","@id":"https:\/\/www.worldrally.eu\/index.php\/2024\/01\/18\/loeb-wypada-za-walki-w-rajdzie-dakar\/#mainImage","width":1000,"height":667},"primaryImageOfPage":{"@id":"https:\/\/www.worldrally.eu\/index.php\/2024\/01\/18\/loeb-wypada-za-walki-w-rajdzie-dakar\/#mainImage"},"datePublished":"2024-01-18T21:24:02+00:00","dateModified":"2024-01-18T21:24:04+00:00"},{"@type":"WebSite","@id":"https:\/\/www.worldrally.eu\/#website","url":"https:\/\/www.worldrally.eu\/","name":"WorldRally.eu","inLanguage":"en-GB","publisher":{"@id":"https:\/\/www.worldrally.eu\/#organization"}}]},"og:locale":"en_GB","og:site_name":"WorldRally.eu \u00bb","og:type":"article","og:title":"Loeb wypada za walki w Rajdzie Dakar \u00bb WorldRally.eu","og:description":"Sebastien Loeb jad\u0105cy Prodrive Hunter z powodu awarii technicznej straci\u0142 szans\u0119 na zwyci\u0119stwo w Rajdzie Dakar, zatrzymuj\u0105c si\u0119 na 132. kilometrze jedenastego przedostatniego etapu, tym samym otwieraj\u0105c drzwi do zwyci\u0119stwa dla Carlosa Sainz. Sebastien Loeb zatrzyma\u0142 si\u0119 na 132. km z powodu z\u0142amanego prawego przedniego wahacza. Wed\u0142ug doniesie\u0144 Francuz poprosi\u0142 o odebranie go i opu\u015bci","og:url":"https:\/\/www.worldrally.eu\/index.php\/2024\/01\/18\/loeb-wypada-za-walki-w-rajdzie-dakar\/","og:image":"https:\/\/www.worldrally.eu\/wp-content\/uploads\/2024\/01\/2-2-1.jpg","og:image:secure_url":"https:\/\/www.worldrally.eu\/wp-content\/uploads\/2024\/01\/2-2-1.jpg","og:image:width":1000,"og:image:height":667,"article:published_time":"2024-01-18T21:24:02+00:00","article:modified_time":"2024-01-18T21:24:04+00:00","twitter:card":"summary_large_image","twitter:title":"Loeb wypada za walki w Rajdzie Dakar \u00bb WorldRally.eu","twitter:description":"Sebastien Loeb jad\u0105cy Prodrive Hunter z powodu awarii technicznej straci\u0142 szans\u0119 na zwyci\u0119stwo w Rajdzie Dakar, zatrzymuj\u0105c si\u0119 na 132. kilometrze jedenastego przedostatniego etapu, tym samym otwieraj\u0105c drzwi do zwyci\u0119stwa dla Carlosa Sainz. Sebastien Loeb zatrzyma\u0142 si\u0119 na 132. km z powodu z\u0142amanego prawego przedniego wahacza. Wed\u0142ug doniesie\u0144 Francuz poprosi\u0142 o odebranie go i opu\u015bci","twitter:image":"https:\/\/www.worldrally.eu\/wp-content\/uploads\/2024\/01\/2-2-1.jpg"},"aioseo_meta_data":{"post_id":"2394","title":null,"description":null,"keywords":null,"keyphrases":null,"primary_term":null,"canonical_url":null,"og_title":null,"og_description":null,"og_object_type":"default","og_image_type":"default","og_image_url":null,"og_image_width":null,"og_image_height":null,"og_image_custom_url":null,"og_image_custom_fields":null,"og_video":null,"og_custom_url":null,"og_article_section":null,"og_article_tags":null,"twitter_use_og":false,"twitter_card":"default","twitter_image_type":"default","twitter_image_url":null,"twitter_image_custom_url":null,"twitter_image_custom_fields":null,"twitter_title":null,"twitter_description":null,"schema":{"blockGraphs":[],"customGraphs":[],"default":{"data":{"Article":[],"Course":[],"Dataset":[],"FAQPage":[],"Movie":[],"Person":[],"Product":[],"ProductReview":[],"Car":[],"Recipe":[],"Service":[],"SoftwareApplication":[],"WebPage":[]},"graphName":"","isEnabled":true},"graphs":[]},"schema_type":"default","schema_type_options":null,"pillar_content":false,"robots_default":true,"robots_noindex":false,"robots_noarchive":false,"robots_nosnippet":false,"robots_nofollow":false,"robots_noimageindex":false,"robots_noodp":false,"robots_notranslate":false,"robots_max_snippet":null,"robots_max_videopreview":null,"robots_max_imagepreview":"large","priority":null,"frequency":null,"local_seo":null,"breadcrumb_settings":null,"limit_modified_date":false,"ai":null,"created":"2025-03-22 06:35:24","updated":"2025-10-26 12:26:09","seo_analyzer_scan_date":null},"aioseo_breadcrumb":"<div class=\"aioseo-breadcrumbs\"><span class=\"aioseo-breadcrumb\">\n\t\t\t<a href=\"https:\/\/www.worldrally.eu\" title=\"Home\">Home<\/a>\n\t\t<\/span><span class=\"aioseo-breadcrumb-separator\">&raquo;<\/span><span class=\"aioseo-breadcrumb\">\n\t\t\t<a href=\"https:\/\/www.worldrally.eu\/index.php\/category\/dakar\/\" title=\"Dakar\">Dakar<\/a>\n\t\t<\/span><span class=\"aioseo-breadcrumb-separator\">&raquo;<\/span><span class=\"aioseo-breadcrumb\">\n\t\t\tLoeb wypada za walki w Rajdzie Dakar\n\t\t<\/span><\/div>","aioseo_breadcrumb_json":[{"label":"Home","link":"https:\/\/www.worldrally.eu"},{"label":"Dakar","link":"https:\/\/www.worldrally.eu\/index.php\/category\/dakar\/"},{"label":"Loeb wypada za walki w Rajdzie Dakar","link":"https:\/\/www.worldrally.eu\/index.php\/2024\/01\/18\/loeb-wypada-za-walki-w-rajdzie-dakar\/"}],"cc_featured_image_caption":{"caption_text":"Foto - Dakar.com","source_text":"","source_url":""},"_links":{"self":[{"href":"https:\/\/www.worldrally.eu\/index.php\/wp-json\/wp\/v2\/posts\/2394","targetHints":{"allow":["GET"]}}],"collection":[{"href":"https:\/\/www.worldrally.eu\/index.php\/wp-json\/wp\/v2\/posts"}],"about":[{"href":"https:\/\/www.worldrally.eu\/index.php\/wp-json\/wp\/v2\/types\/post"}],"author":[{"embeddable":true,"href":"https:\/\/www.worldrally.eu\/index.php\/wp-json\/wp\/v2\/users\/1"}],"replies":[{"embeddable":true,"href":"https:\/\/www.worldrally.eu\/index.php\/wp-json\/wp\/v2\/comments?post=2394"}],"version-history":[{"count":1,"href":"https:\/\/www.worldrally.eu\/index.php\/wp-json\/wp\/v2\/posts\/2394\/revisions"}],"predecessor-version":[{"id":2398,"href":"https:\/\/www.worldrally.eu\/index.php\/wp-json\/wp\/v2\/posts\/2394\/revisions\/2398"}],"wp:featuredmedia":[{"embeddable":true,"href":"https:\/\/www.worldrally.eu\/index.php\/wp-json\/wp\/v2\/media\/2395"}],"wp:attachment":[{"href":"https:\/\/www.worldrally.eu\/index.php\/wp-json\/wp\/v2\/media?parent=2394"}],"wp:term":[{"taxonomy":"category","embeddable":true,"href":"https:\/\/www.worldrally.eu\/index.php\/wp-json\/wp\/v2\/categories?post=2394"},{"taxonomy":"post_tag","embeddable":true,"href":"https:\/\/www.worldrally.eu\/index.php\/wp-json\/wp\/v2\/tags?post=2394"}],"curies":[{"name":"wp","href":"https:\/\/api.w.org\/{rel}","templated":true}]}}