{"id":2362,"date":"2024-01-13T20:33:00","date_gmt":"2024-01-13T20:33:00","guid":{"rendered":"https:\/\/www.worldrally.eu\/?p=2362"},"modified":"2024-01-15T20:40:06","modified_gmt":"2024-01-15T20:40:06","slug":"meeke-nie-pojedzie-dalej-w-rajdzie-dakar","status":"publish","type":"post","link":"https:\/\/www.worldrally.eu\/index.php\/2024\/01\/13\/meeke-nie-pojedzie-dalej-w-rajdzie-dakar\/","title":{"rendered":"Meeke nie pojedzie dalej w Rajdzie Dakar"},"content":{"rendered":"\n<p class=\"wp-block-paragraph\">Kris Meeke zosta\u0142 zmuszony do wycofania si\u0119 z Rajdu Dakar po tym, jak dozna\u0142 uszkodzenia klatki bezpiecze\u0144stwa w swoim Buggy co narusza przepisy bezpiecze\u0144stwa i nie zezwala na dalsz\u0105 jazd\u0119.<\/p>\n\n\n\n<p class=\"wp-block-paragraph\">Po strasznym incydencie do jakiego dosz\u0142o pomi\u0119dzy nim a Mini prowadzonym przez Krzysztofa Ho\u0142owczyca, kt\u00f3ry mia\u0142 miejsce w czwartek, Irlandczyk z Irlandii P\u00f3\u0142nocnej pocz\u0105tkowo m\u00f3g\u0142 kontynuowa\u0107 jazd\u0119.<\/p>\n\n\n\n<figure class=\"wp-block-image size-large\"><img fetchpriority=\"high\" decoding=\"async\" width=\"1024\" height=\"1024\" src=\"https:\/\/www.worldrally.eu\/wp-content\/uploads\/2024\/01\/1-2-1024x1024.jpg\" alt=\"\" class=\"wp-image-2364\" srcset=\"https:\/\/www.worldrally.eu\/wp-content\/uploads\/2024\/01\/1-2-1024x1024.jpg 1024w, https:\/\/www.worldrally.eu\/wp-content\/uploads\/2024\/01\/1-2-300x300.jpg 300w, https:\/\/www.worldrally.eu\/wp-content\/uploads\/2024\/01\/1-2-150x150.jpg 150w, https:\/\/www.worldrally.eu\/wp-content\/uploads\/2024\/01\/1-2-768x768.jpg 768w, https:\/\/www.worldrally.eu\/wp-content\/uploads\/2024\/01\/1-2-350x350.jpg 350w, https:\/\/www.worldrally.eu\/wp-content\/uploads\/2024\/01\/1-2.jpg 1440w\" sizes=\"(max-width: 1024px) 100vw, 1024px\" \/><figcaption class=\"wp-element-caption\">Foto \/ Meeke FB<\/figcaption><\/figure>\n\n\n\n<p class=\"wp-block-paragraph\">Jednak po zako\u0144czeniu testu na dystansie 770 km stwierdzono, \u017ce klatka bezpiecze\u0144stwa dozna\u0142a zbyt du\u017cych uszkodze\u0144 w wyniku incydentu do jakiego dosz\u0142o z Ho\u0142owczycem, aby bezpiecznie kontynuowa\u0107 jazd\u0119, co zmusi\u0142o zawodnika klasy Challenger do wycofania si\u0119 w po\u0142owie zawod\u00f3w.<\/p>\n\n\n\n<blockquote class=\"wp-block-quote is-layout-flow wp-block-quote-is-layout-flow\">\n<p class=\"wp-block-paragraph\">Nasza podr\u00f3\u017c w Rajdzie Dakar dobiega ko\u0144ca. Uko\u0144czyli\u015bmy SS6, ale po inspekcji klatka bezpiecze\u0144stwa uleg\u0142a uszkodzeniu w wyniku wypadku z Mini. To nie jest droga, kt\u00f3r\u0105 chcieli\u015bmy pod\u0105\u017ca\u0107. Ale w Dakarze niczego nie mo\u017cna bra\u0107 za pewnik. Stworzy\u0142em wspomnienia na ca\u0142e \u017cycie w ci\u0105gu zaledwie jednego tygodnia. Wr\u00f3cimy.<\/p>\n<cite>powiedzia\u0142 Meeke<\/cite><\/blockquote>\n","protected":false},"excerpt":{"rendered":"<p>Kris Meeke zosta\u0142 zmuszony do wycofania si\u0119 z Rajdu Dakar po tym, jak dozna\u0142 uszkodzenia klatki bezpiecze\u0144stwa w swoim Buggy co narusza przepisy bezpiecze\u0144stwa i nie zezwala na dalsz\u0105 jazd\u0119. Po strasznym incydencie do jakiego dosz\u0142o pomi\u0119dzy nim a Mini prowadzonym przez Krzysztofa Ho\u0142owczyca, kt\u00f3ry mia\u0142 miejsce w czwartek, Irlandczyk z Irlandii P\u00f3\u0142nocnej pocz\u0105tkowo m\u00f3g\u0142 [&hellip;]<\/p>\n","protected":false},"author":1,"featured_media":2363,"comment_status":"closed","ping_status":"closed","sticky":false,"template":"","format":"standard","meta":{"_monsterinsights_skip_tracking":false,"_monsterinsights_sitenote_active":false,"_monsterinsights_sitenote_note":"","_monsterinsights_sitenote_category":0,"footnotes":""},"categories":[1],"tags":[],"class_list":["post-2362","post","type-post","status-publish","format-standard","has-post-thumbnail","hentry","category-dakar"],"aioseo_notices":[],"aioseo_head":"\n\t\t<!-- All in One SEO 4.9.9 - aioseo.com -->\n\t<meta name=\"description\" content=\"Kris Meeke zosta\u0142 zmuszony do wycofania si\u0119 z Rajdu Dakar po tym, jak dozna\u0142 uszkodzenia klatki bezpiecze\u0144stwa w swoim Buggy co narusza przepisy bezpiecze\u0144stwa i nie zezwala na dalsz\u0105 jazd\u0119. Po strasznym incydencie do jakiego dosz\u0142o pomi\u0119dzy nim a Mini prowadzonym przez Krzysztofa Ho\u0142owczyca, kt\u00f3ry mia\u0142 miejsce w czwartek, Irlandczyk z Irlandii P\u00f3\u0142nocnej pocz\u0105tkowo m\u00f3g\u0142\" \/>\n\t<meta name=\"robots\" content=\"max-image-preview:large\" \/>\n\t<meta name=\"author\" content=\"Junior\"\/>\n\t<link rel=\"canonical\" href=\"https:\/\/www.worldrally.eu\/index.php\/2024\/01\/13\/meeke-nie-pojedzie-dalej-w-rajdzie-dakar\/\" \/>\n\t<meta name=\"generator\" content=\"All in One SEO (AIOSEO) 4.9.9\" \/>\n\t\t<meta property=\"og:locale\" content=\"en_GB\" \/>\n\t\t<meta property=\"og:site_name\" content=\"WorldRally.eu \u00bb\" \/>\n\t\t<meta property=\"og:type\" content=\"article\" \/>\n\t\t<meta property=\"og:title\" content=\"Meeke nie pojedzie dalej w Rajdzie Dakar \u00bb WorldRally.eu\" \/>\n\t\t<meta property=\"og:description\" content=\"Kris Meeke zosta\u0142 zmuszony do wycofania si\u0119 z Rajdu Dakar po tym, jak dozna\u0142 uszkodzenia klatki bezpiecze\u0144stwa w swoim Buggy co narusza przepisy bezpiecze\u0144stwa i nie zezwala na dalsz\u0105 jazd\u0119. Po strasznym incydencie do jakiego dosz\u0142o pomi\u0119dzy nim a Mini prowadzonym przez Krzysztofa Ho\u0142owczyca, kt\u00f3ry mia\u0142 miejsce w czwartek, Irlandczyk z Irlandii P\u00f3\u0142nocnej pocz\u0105tkowo m\u00f3g\u0142\" \/>\n\t\t<meta property=\"og:url\" content=\"https:\/\/www.worldrally.eu\/index.php\/2024\/01\/13\/meeke-nie-pojedzie-dalej-w-rajdzie-dakar\/\" \/>\n\t\t<meta property=\"og:image\" content=\"https:\/\/www.worldrally.eu\/wp-content\/uploads\/2024\/01\/1-1.jpg\" \/>\n\t\t<meta property=\"og:image:secure_url\" content=\"https:\/\/www.worldrally.eu\/wp-content\/uploads\/2024\/01\/1-1.jpg\" \/>\n\t\t<meta property=\"og:image:width\" content=\"1440\" \/>\n\t\t<meta property=\"og:image:height\" content=\"1440\" \/>\n\t\t<meta property=\"article:published_time\" content=\"2024-01-13T20:33:00+00:00\" \/>\n\t\t<meta property=\"article:modified_time\" content=\"2024-01-15T20:40:06+00:00\" \/>\n\t\t<meta name=\"twitter:card\" content=\"summary_large_image\" \/>\n\t\t<meta name=\"twitter:title\" content=\"Meeke nie pojedzie dalej w Rajdzie Dakar \u00bb WorldRally.eu\" \/>\n\t\t<meta name=\"twitter:description\" content=\"Kris Meeke zosta\u0142 zmuszony do wycofania si\u0119 z Rajdu Dakar po tym, jak dozna\u0142 uszkodzenia klatki bezpiecze\u0144stwa w swoim Buggy co narusza przepisy bezpiecze\u0144stwa i nie zezwala na dalsz\u0105 jazd\u0119. Po strasznym incydencie do jakiego dosz\u0142o pomi\u0119dzy nim a Mini prowadzonym przez Krzysztofa Ho\u0142owczyca, kt\u00f3ry mia\u0142 miejsce w czwartek, Irlandczyk z Irlandii P\u00f3\u0142nocnej pocz\u0105tkowo m\u00f3g\u0142\" \/>\n\t\t<meta name=\"twitter:image\" content=\"https:\/\/www.worldrally.eu\/wp-content\/uploads\/2024\/01\/1-1.jpg\" \/>\n\t\t<script type=\"application\/ld+json\" class=\"aioseo-schema\">\n\t\t\t{\"@context\":\"https:\\\/\\\/schema.org\",\"@graph\":[{\"@type\":\"BlogPosting\",\"@id\":\"https:\\\/\\\/www.worldrally.eu\\\/index.php\\\/2024\\\/01\\\/13\\\/meeke-nie-pojedzie-dalej-w-rajdzie-dakar\\\/#blogposting\",\"name\":\"Meeke nie pojedzie dalej w Rajdzie Dakar \\u00bb WorldRally.eu\",\"headline\":\"Meeke nie pojedzie dalej w Rajdzie Dakar\",\"author\":{\"@id\":\"https:\\\/\\\/www.worldrally.eu\\\/index.php\\\/author\\\/admin\\\/#author\"},\"publisher\":{\"@id\":\"https:\\\/\\\/www.worldrally.eu\\\/#organization\"},\"image\":{\"@type\":\"ImageObject\",\"url\":\"https:\\\/\\\/www.worldrally.eu\\\/wp-content\\\/uploads\\\/2024\\\/01\\\/1-1.jpg\",\"width\":1440,\"height\":1440},\"datePublished\":\"2024-01-13T20:33:00+00:00\",\"dateModified\":\"2024-01-15T20:40:06+00:00\",\"inLanguage\":\"en-GB\",\"mainEntityOfPage\":{\"@id\":\"https:\\\/\\\/www.worldrally.eu\\\/index.php\\\/2024\\\/01\\\/13\\\/meeke-nie-pojedzie-dalej-w-rajdzie-dakar\\\/#webpage\"},\"isPartOf\":{\"@id\":\"https:\\\/\\\/www.worldrally.eu\\\/index.php\\\/2024\\\/01\\\/13\\\/meeke-nie-pojedzie-dalej-w-rajdzie-dakar\\\/#webpage\"},\"articleSection\":\"Dakar\"},{\"@type\":\"BreadcrumbList\",\"@id\":\"https:\\\/\\\/www.worldrally.eu\\\/index.php\\\/2024\\\/01\\\/13\\\/meeke-nie-pojedzie-dalej-w-rajdzie-dakar\\\/#breadcrumblist\",\"itemListElement\":[{\"@type\":\"ListItem\",\"@id\":\"https:\\\/\\\/www.worldrally.eu#listItem\",\"position\":1,\"name\":\"Home\",\"item\":\"https:\\\/\\\/www.worldrally.eu\",\"nextItem\":{\"@type\":\"ListItem\",\"@id\":\"https:\\\/\\\/www.worldrally.eu\\\/index.php\\\/category\\\/dakar\\\/#listItem\",\"name\":\"Dakar\"}},{\"@type\":\"ListItem\",\"@id\":\"https:\\\/\\\/www.worldrally.eu\\\/index.php\\\/category\\\/dakar\\\/#listItem\",\"position\":2,\"name\":\"Dakar\",\"item\":\"https:\\\/\\\/www.worldrally.eu\\\/index.php\\\/category\\\/dakar\\\/\",\"nextItem\":{\"@type\":\"ListItem\",\"@id\":\"https:\\\/\\\/www.worldrally.eu\\\/index.php\\\/2024\\\/01\\\/13\\\/meeke-nie-pojedzie-dalej-w-rajdzie-dakar\\\/#listItem\",\"name\":\"Meeke nie pojedzie dalej w Rajdzie Dakar\"},\"previousItem\":{\"@type\":\"ListItem\",\"@id\":\"https:\\\/\\\/www.worldrally.eu#listItem\",\"name\":\"Home\"}},{\"@type\":\"ListItem\",\"@id\":\"https:\\\/\\\/www.worldrally.eu\\\/index.php\\\/2024\\\/01\\\/13\\\/meeke-nie-pojedzie-dalej-w-rajdzie-dakar\\\/#listItem\",\"position\":3,\"name\":\"Meeke nie pojedzie dalej w Rajdzie Dakar\",\"previousItem\":{\"@type\":\"ListItem\",\"@id\":\"https:\\\/\\\/www.worldrally.eu\\\/index.php\\\/category\\\/dakar\\\/#listItem\",\"name\":\"Dakar\"}}]},{\"@type\":\"Organization\",\"@id\":\"https:\\\/\\\/www.worldrally.eu\\\/#organization\",\"name\":\"WorldRally.eu\",\"url\":\"https:\\\/\\\/www.worldrally.eu\\\/\",\"logo\":{\"@type\":\"ImageObject\",\"url\":\"https:\\\/\\\/www.worldrally.eu\\\/wp-content\\\/uploads\\\/2026\\\/01\\\/cropped-logo-3.png\",\"@id\":\"https:\\\/\\\/www.worldrally.eu\\\/index.php\\\/2024\\\/01\\\/13\\\/meeke-nie-pojedzie-dalej-w-rajdzie-dakar\\\/#organizationLogo\",\"width\":2039,\"height\":756},\"image\":{\"@id\":\"https:\\\/\\\/www.worldrally.eu\\\/index.php\\\/2024\\\/01\\\/13\\\/meeke-nie-pojedzie-dalej-w-rajdzie-dakar\\\/#organizationLogo\"}},{\"@type\":\"Person\",\"@id\":\"https:\\\/\\\/www.worldrally.eu\\\/index.php\\\/author\\\/admin\\\/#author\",\"url\":\"https:\\\/\\\/www.worldrally.eu\\\/index.php\\\/author\\\/admin\\\/\",\"name\":\"Junior\",\"image\":{\"@type\":\"ImageObject\",\"@id\":\"https:\\\/\\\/www.worldrally.eu\\\/index.php\\\/2024\\\/01\\\/13\\\/meeke-nie-pojedzie-dalej-w-rajdzie-dakar\\\/#authorImage\",\"url\":\"https:\\\/\\\/secure.gravatar.com\\\/avatar\\\/5bd369ac0447285dc20b588693ca1756d0179a7f957258050a42a968bf3b9d0a?s=96&d=mm&r=g\",\"width\":96,\"height\":96,\"caption\":\"Junior\"}},{\"@type\":\"WebPage\",\"@id\":\"https:\\\/\\\/www.worldrally.eu\\\/index.php\\\/2024\\\/01\\\/13\\\/meeke-nie-pojedzie-dalej-w-rajdzie-dakar\\\/#webpage\",\"url\":\"https:\\\/\\\/www.worldrally.eu\\\/index.php\\\/2024\\\/01\\\/13\\\/meeke-nie-pojedzie-dalej-w-rajdzie-dakar\\\/\",\"name\":\"Meeke nie pojedzie dalej w Rajdzie Dakar \\u00bb WorldRally.eu\",\"description\":\"Kris Meeke zosta\\u0142 zmuszony do wycofania si\\u0119 z Rajdu Dakar po tym, jak dozna\\u0142 uszkodzenia klatki bezpiecze\\u0144stwa w swoim Buggy co narusza przepisy bezpiecze\\u0144stwa i nie zezwala na dalsz\\u0105 jazd\\u0119. Po strasznym incydencie do jakiego dosz\\u0142o pomi\\u0119dzy nim a Mini prowadzonym przez Krzysztofa Ho\\u0142owczyca, kt\\u00f3ry mia\\u0142 miejsce w czwartek, Irlandczyk z Irlandii P\\u00f3\\u0142nocnej pocz\\u0105tkowo m\\u00f3g\\u0142\",\"inLanguage\":\"en-GB\",\"isPartOf\":{\"@id\":\"https:\\\/\\\/www.worldrally.eu\\\/#website\"},\"breadcrumb\":{\"@id\":\"https:\\\/\\\/www.worldrally.eu\\\/index.php\\\/2024\\\/01\\\/13\\\/meeke-nie-pojedzie-dalej-w-rajdzie-dakar\\\/#breadcrumblist\"},\"author\":{\"@id\":\"https:\\\/\\\/www.worldrally.eu\\\/index.php\\\/author\\\/admin\\\/#author\"},\"creator\":{\"@id\":\"https:\\\/\\\/www.worldrally.eu\\\/index.php\\\/author\\\/admin\\\/#author\"},\"image\":{\"@type\":\"ImageObject\",\"url\":\"https:\\\/\\\/www.worldrally.eu\\\/wp-content\\\/uploads\\\/2024\\\/01\\\/1-1.jpg\",\"@id\":\"https:\\\/\\\/www.worldrally.eu\\\/index.php\\\/2024\\\/01\\\/13\\\/meeke-nie-pojedzie-dalej-w-rajdzie-dakar\\\/#mainImage\",\"width\":1440,\"height\":1440},\"primaryImageOfPage\":{\"@id\":\"https:\\\/\\\/www.worldrally.eu\\\/index.php\\\/2024\\\/01\\\/13\\\/meeke-nie-pojedzie-dalej-w-rajdzie-dakar\\\/#mainImage\"},\"datePublished\":\"2024-01-13T20:33:00+00:00\",\"dateModified\":\"2024-01-15T20:40:06+00:00\"},{\"@type\":\"WebSite\",\"@id\":\"https:\\\/\\\/www.worldrally.eu\\\/#website\",\"url\":\"https:\\\/\\\/www.worldrally.eu\\\/\",\"name\":\"WorldRally.eu\",\"inLanguage\":\"en-GB\",\"publisher\":{\"@id\":\"https:\\\/\\\/www.worldrally.eu\\\/#organization\"}}]}\n\t\t<\/script>\n\t\t<!-- All in One SEO -->\n\n","aioseo_head_json":{"title":"Meeke nie pojedzie dalej w Rajdzie Dakar \u00bb WorldRally.eu","description":"Kris Meeke zosta\u0142 zmuszony do wycofania si\u0119 z Rajdu Dakar po tym, jak dozna\u0142 uszkodzenia klatki bezpiecze\u0144stwa w swoim Buggy co narusza przepisy bezpiecze\u0144stwa i nie zezwala na dalsz\u0105 jazd\u0119. Po strasznym incydencie do jakiego dosz\u0142o pomi\u0119dzy nim a Mini prowadzonym przez Krzysztofa Ho\u0142owczyca, kt\u00f3ry mia\u0142 miejsce w czwartek, Irlandczyk z Irlandii P\u00f3\u0142nocnej pocz\u0105tkowo m\u00f3g\u0142","canonical_url":"https:\/\/www.worldrally.eu\/index.php\/2024\/01\/13\/meeke-nie-pojedzie-dalej-w-rajdzie-dakar\/","robots":"max-image-preview:large","keywords":"","webmasterTools":{"miscellaneous":""},"schema":{"@context":"https:\/\/schema.org","@graph":[{"@type":"BlogPosting","@id":"https:\/\/www.worldrally.eu\/index.php\/2024\/01\/13\/meeke-nie-pojedzie-dalej-w-rajdzie-dakar\/#blogposting","name":"Meeke nie pojedzie dalej w Rajdzie Dakar \u00bb WorldRally.eu","headline":"Meeke nie pojedzie dalej w Rajdzie Dakar","author":{"@id":"https:\/\/www.worldrally.eu\/index.php\/author\/admin\/#author"},"publisher":{"@id":"https:\/\/www.worldrally.eu\/#organization"},"image":{"@type":"ImageObject","url":"https:\/\/www.worldrally.eu\/wp-content\/uploads\/2024\/01\/1-1.jpg","width":1440,"height":1440},"datePublished":"2024-01-13T20:33:00+00:00","dateModified":"2024-01-15T20:40:06+00:00","inLanguage":"en-GB","mainEntityOfPage":{"@id":"https:\/\/www.worldrally.eu\/index.php\/2024\/01\/13\/meeke-nie-pojedzie-dalej-w-rajdzie-dakar\/#webpage"},"isPartOf":{"@id":"https:\/\/www.worldrally.eu\/index.php\/2024\/01\/13\/meeke-nie-pojedzie-dalej-w-rajdzie-dakar\/#webpage"},"articleSection":"Dakar"},{"@type":"BreadcrumbList","@id":"https:\/\/www.worldrally.eu\/index.php\/2024\/01\/13\/meeke-nie-pojedzie-dalej-w-rajdzie-dakar\/#breadcrumblist","itemListElement":[{"@type":"ListItem","@id":"https:\/\/www.worldrally.eu#listItem","position":1,"name":"Home","item":"https:\/\/www.worldrally.eu","nextItem":{"@type":"ListItem","@id":"https:\/\/www.worldrally.eu\/index.php\/category\/dakar\/#listItem","name":"Dakar"}},{"@type":"ListItem","@id":"https:\/\/www.worldrally.eu\/index.php\/category\/dakar\/#listItem","position":2,"name":"Dakar","item":"https:\/\/www.worldrally.eu\/index.php\/category\/dakar\/","nextItem":{"@type":"ListItem","@id":"https:\/\/www.worldrally.eu\/index.php\/2024\/01\/13\/meeke-nie-pojedzie-dalej-w-rajdzie-dakar\/#listItem","name":"Meeke nie pojedzie dalej w Rajdzie Dakar"},"previousItem":{"@type":"ListItem","@id":"https:\/\/www.worldrally.eu#listItem","name":"Home"}},{"@type":"ListItem","@id":"https:\/\/www.worldrally.eu\/index.php\/2024\/01\/13\/meeke-nie-pojedzie-dalej-w-rajdzie-dakar\/#listItem","position":3,"name":"Meeke nie pojedzie dalej w Rajdzie Dakar","previousItem":{"@type":"ListItem","@id":"https:\/\/www.worldrally.eu\/index.php\/category\/dakar\/#listItem","name":"Dakar"}}]},{"@type":"Organization","@id":"https:\/\/www.worldrally.eu\/#organization","name":"WorldRally.eu","url":"https:\/\/www.worldrally.eu\/","logo":{"@type":"ImageObject","url":"https:\/\/www.worldrally.eu\/wp-content\/uploads\/2026\/01\/cropped-logo-3.png","@id":"https:\/\/www.worldrally.eu\/index.php\/2024\/01\/13\/meeke-nie-pojedzie-dalej-w-rajdzie-dakar\/#organizationLogo","width":2039,"height":756},"image":{"@id":"https:\/\/www.worldrally.eu\/index.php\/2024\/01\/13\/meeke-nie-pojedzie-dalej-w-rajdzie-dakar\/#organizationLogo"}},{"@type":"Person","@id":"https:\/\/www.worldrally.eu\/index.php\/author\/admin\/#author","url":"https:\/\/www.worldrally.eu\/index.php\/author\/admin\/","name":"Junior","image":{"@type":"ImageObject","@id":"https:\/\/www.worldrally.eu\/index.php\/2024\/01\/13\/meeke-nie-pojedzie-dalej-w-rajdzie-dakar\/#authorImage","url":"https:\/\/secure.gravatar.com\/avatar\/5bd369ac0447285dc20b588693ca1756d0179a7f957258050a42a968bf3b9d0a?s=96&d=mm&r=g","width":96,"height":96,"caption":"Junior"}},{"@type":"WebPage","@id":"https:\/\/www.worldrally.eu\/index.php\/2024\/01\/13\/meeke-nie-pojedzie-dalej-w-rajdzie-dakar\/#webpage","url":"https:\/\/www.worldrally.eu\/index.php\/2024\/01\/13\/meeke-nie-pojedzie-dalej-w-rajdzie-dakar\/","name":"Meeke nie pojedzie dalej w Rajdzie Dakar \u00bb WorldRally.eu","description":"Kris Meeke zosta\u0142 zmuszony do wycofania si\u0119 z Rajdu Dakar po tym, jak dozna\u0142 uszkodzenia klatki bezpiecze\u0144stwa w swoim Buggy co narusza przepisy bezpiecze\u0144stwa i nie zezwala na dalsz\u0105 jazd\u0119. Po strasznym incydencie do jakiego dosz\u0142o pomi\u0119dzy nim a Mini prowadzonym przez Krzysztofa Ho\u0142owczyca, kt\u00f3ry mia\u0142 miejsce w czwartek, Irlandczyk z Irlandii P\u00f3\u0142nocnej pocz\u0105tkowo m\u00f3g\u0142","inLanguage":"en-GB","isPartOf":{"@id":"https:\/\/www.worldrally.eu\/#website"},"breadcrumb":{"@id":"https:\/\/www.worldrally.eu\/index.php\/2024\/01\/13\/meeke-nie-pojedzie-dalej-w-rajdzie-dakar\/#breadcrumblist"},"author":{"@id":"https:\/\/www.worldrally.eu\/index.php\/author\/admin\/#author"},"creator":{"@id":"https:\/\/www.worldrally.eu\/index.php\/author\/admin\/#author"},"image":{"@type":"ImageObject","url":"https:\/\/www.worldrally.eu\/wp-content\/uploads\/2024\/01\/1-1.jpg","@id":"https:\/\/www.worldrally.eu\/index.php\/2024\/01\/13\/meeke-nie-pojedzie-dalej-w-rajdzie-dakar\/#mainImage","width":1440,"height":1440},"primaryImageOfPage":{"@id":"https:\/\/www.worldrally.eu\/index.php\/2024\/01\/13\/meeke-nie-pojedzie-dalej-w-rajdzie-dakar\/#mainImage"},"datePublished":"2024-01-13T20:33:00+00:00","dateModified":"2024-01-15T20:40:06+00:00"},{"@type":"WebSite","@id":"https:\/\/www.worldrally.eu\/#website","url":"https:\/\/www.worldrally.eu\/","name":"WorldRally.eu","inLanguage":"en-GB","publisher":{"@id":"https:\/\/www.worldrally.eu\/#organization"}}]},"og:locale":"en_GB","og:site_name":"WorldRally.eu \u00bb","og:type":"article","og:title":"Meeke nie pojedzie dalej w Rajdzie Dakar \u00bb WorldRally.eu","og:description":"Kris Meeke zosta\u0142 zmuszony do wycofania si\u0119 z Rajdu Dakar po tym, jak dozna\u0142 uszkodzenia klatki bezpiecze\u0144stwa w swoim Buggy co narusza przepisy bezpiecze\u0144stwa i nie zezwala na dalsz\u0105 jazd\u0119. Po strasznym incydencie do jakiego dosz\u0142o pomi\u0119dzy nim a Mini prowadzonym przez Krzysztofa Ho\u0142owczyca, kt\u00f3ry mia\u0142 miejsce w czwartek, Irlandczyk z Irlandii P\u00f3\u0142nocnej pocz\u0105tkowo m\u00f3g\u0142","og:url":"https:\/\/www.worldrally.eu\/index.php\/2024\/01\/13\/meeke-nie-pojedzie-dalej-w-rajdzie-dakar\/","og:image":"https:\/\/www.worldrally.eu\/wp-content\/uploads\/2024\/01\/1-1.jpg","og:image:secure_url":"https:\/\/www.worldrally.eu\/wp-content\/uploads\/2024\/01\/1-1.jpg","og:image:width":1440,"og:image:height":1440,"article:published_time":"2024-01-13T20:33:00+00:00","article:modified_time":"2024-01-15T20:40:06+00:00","twitter:card":"summary_large_image","twitter:title":"Meeke nie pojedzie dalej w Rajdzie Dakar \u00bb WorldRally.eu","twitter:description":"Kris Meeke zosta\u0142 zmuszony do wycofania si\u0119 z Rajdu Dakar po tym, jak dozna\u0142 uszkodzenia klatki bezpiecze\u0144stwa w swoim Buggy co narusza przepisy bezpiecze\u0144stwa i nie zezwala na dalsz\u0105 jazd\u0119. Po strasznym incydencie do jakiego dosz\u0142o pomi\u0119dzy nim a Mini prowadzonym przez Krzysztofa Ho\u0142owczyca, kt\u00f3ry mia\u0142 miejsce w czwartek, Irlandczyk z Irlandii P\u00f3\u0142nocnej pocz\u0105tkowo m\u00f3g\u0142","twitter:image":"https:\/\/www.worldrally.eu\/wp-content\/uploads\/2024\/01\/1-1.jpg"},"aioseo_meta_data":{"post_id":"2362","title":null,"description":null,"keywords":null,"keyphrases":null,"primary_term":null,"canonical_url":null,"og_title":null,"og_description":null,"og_object_type":"default","og_image_type":"default","og_image_url":null,"og_image_width":null,"og_image_height":null,"og_image_custom_url":null,"og_image_custom_fields":null,"og_video":null,"og_custom_url":null,"og_article_section":null,"og_article_tags":null,"twitter_use_og":false,"twitter_card":"default","twitter_image_type":"default","twitter_image_url":null,"twitter_image_custom_url":null,"twitter_image_custom_fields":null,"twitter_title":null,"twitter_description":null,"schema":{"blockGraphs":[],"customGraphs":[],"default":{"data":{"Article":[],"Course":[],"Dataset":[],"FAQPage":[],"Movie":[],"Person":[],"Product":[],"ProductReview":[],"Car":[],"Recipe":[],"Service":[],"SoftwareApplication":[],"WebPage":[]},"graphName":"","isEnabled":true},"graphs":[]},"schema_type":"default","schema_type_options":null,"pillar_content":false,"robots_default":true,"robots_noindex":false,"robots_noarchive":false,"robots_nosnippet":false,"robots_nofollow":false,"robots_noimageindex":false,"robots_noodp":false,"robots_notranslate":false,"robots_max_snippet":null,"robots_max_videopreview":null,"robots_max_imagepreview":"large","priority":null,"frequency":null,"local_seo":null,"breadcrumb_settings":null,"limit_modified_date":false,"ai":null,"created":"2025-03-22 06:35:24","updated":"2025-10-26 12:23:35","seo_analyzer_scan_date":null},"aioseo_breadcrumb":"<div class=\"aioseo-breadcrumbs\"><span class=\"aioseo-breadcrumb\">\n\t\t\t<a href=\"https:\/\/www.worldrally.eu\" title=\"Home\">Home<\/a>\n\t\t<\/span><span class=\"aioseo-breadcrumb-separator\">&raquo;<\/span><span class=\"aioseo-breadcrumb\">\n\t\t\t<a href=\"https:\/\/www.worldrally.eu\/index.php\/category\/dakar\/\" title=\"Dakar\">Dakar<\/a>\n\t\t<\/span><span class=\"aioseo-breadcrumb-separator\">&raquo;<\/span><span class=\"aioseo-breadcrumb\">\n\t\t\tMeeke nie pojedzie dalej w Rajdzie Dakar\n\t\t<\/span><\/div>","aioseo_breadcrumb_json":[{"label":"Home","link":"https:\/\/www.worldrally.eu"},{"label":"Dakar","link":"https:\/\/www.worldrally.eu\/index.php\/category\/dakar\/"},{"label":"Meeke nie pojedzie dalej w Rajdzie Dakar","link":"https:\/\/www.worldrally.eu\/index.php\/2024\/01\/13\/meeke-nie-pojedzie-dalej-w-rajdzie-dakar\/"}],"cc_featured_image_caption":{"caption_text":"Foto - Meeke FB","source_text":"","source_url":""},"_links":{"self":[{"href":"https:\/\/www.worldrally.eu\/index.php\/wp-json\/wp\/v2\/posts\/2362","targetHints":{"allow":["GET"]}}],"collection":[{"href":"https:\/\/www.worldrally.eu\/index.php\/wp-json\/wp\/v2\/posts"}],"about":[{"href":"https:\/\/www.worldrally.eu\/index.php\/wp-json\/wp\/v2\/types\/post"}],"author":[{"embeddable":true,"href":"https:\/\/www.worldrally.eu\/index.php\/wp-json\/wp\/v2\/users\/1"}],"replies":[{"embeddable":true,"href":"https:\/\/www.worldrally.eu\/index.php\/wp-json\/wp\/v2\/comments?post=2362"}],"version-history":[{"count":1,"href":"https:\/\/www.worldrally.eu\/index.php\/wp-json\/wp\/v2\/posts\/2362\/revisions"}],"predecessor-version":[{"id":2365,"href":"https:\/\/www.worldrally.eu\/index.php\/wp-json\/wp\/v2\/posts\/2362\/revisions\/2365"}],"wp:featuredmedia":[{"embeddable":true,"href":"https:\/\/www.worldrally.eu\/index.php\/wp-json\/wp\/v2\/media\/2363"}],"wp:attachment":[{"href":"https:\/\/www.worldrally.eu\/index.php\/wp-json\/wp\/v2\/media?parent=2362"}],"wp:term":[{"taxonomy":"category","embeddable":true,"href":"https:\/\/www.worldrally.eu\/index.php\/wp-json\/wp\/v2\/categories?post=2362"},{"taxonomy":"post_tag","embeddable":true,"href":"https:\/\/www.worldrally.eu\/index.php\/wp-json\/wp\/v2\/tags?post=2362"}],"curies":[{"name":"wp","href":"https:\/\/api.w.org\/{rel}","templated":true}]}}