{"id":2344,"date":"2024-01-11T19:43:12","date_gmt":"2024-01-11T19:43:12","guid":{"rendered":"https:\/\/www.worldrally.eu\/?p=2344"},"modified":"2024-01-11T20:27:09","modified_gmt":"2024-01-11T20:27:09","slug":"al-rajhi-odpadl-na-6-etapie","status":"publish","type":"post","link":"https:\/\/www.worldrally.eu\/index.php\/2024\/01\/11\/al-rajhi-odpadl-na-6-etapie\/","title":{"rendered":"Al-Rajhi odpad\u0142 na 6. etapie"},"content":{"rendered":"\n<p class=\"wp-block-paragraph\">Yazeed Al-Rajhi z Toyoty nie powalczy ju\u017c o zwyci\u0119stwo w tegorocznym Rajdzie Dakar po powa\u017cnym wypadku w pierwszym dniu dwuetapowego wzmaganiu podczas kt\u00f3rego kierowcy maj\u0105 do pokonania dystans 549 km.<\/p>\n\n\n\n<p class=\"wp-block-paragraph\">Dramat dotkn\u0105\u0142 lidera klasyfikacji generalnej Al-Rajhi na 51 km, kiedy uleg\u0142 powa\u017cnemu wypadkowi na jednej z wydm i powa\u017cnie uszkodzi\u0142 swoj\u0105 Toyot\u0119 Hilux.<\/p>\n\n\n\n<figure class=\"wp-block-image size-large\"><img fetchpriority=\"high\" decoding=\"async\" width=\"819\" height=\"1024\" src=\"https:\/\/www.worldrally.eu\/wp-content\/uploads\/2024\/01\/Y2-819x1024.jpg\" alt=\"\" class=\"wp-image-2346\" srcset=\"https:\/\/www.worldrally.eu\/wp-content\/uploads\/2024\/01\/Y2-819x1024.jpg 819w, https:\/\/www.worldrally.eu\/wp-content\/uploads\/2024\/01\/Y2-240x300.jpg 240w, https:\/\/www.worldrally.eu\/wp-content\/uploads\/2024\/01\/Y2-768x960.jpg 768w, https:\/\/www.worldrally.eu\/wp-content\/uploads\/2024\/01\/Y2-1229x1536.jpg 1229w, https:\/\/www.worldrally.eu\/wp-content\/uploads\/2024\/01\/Y2-1024x1280.jpg 1024w, https:\/\/www.worldrally.eu\/wp-content\/uploads\/2024\/01\/Y2.jpg 1440w\" sizes=\"(max-width: 819px) 100vw, 819px\" \/><figcaption class=\"wp-element-caption\">Foto &#8211; Yazeed Racing FB<\/figcaption><\/figure>\n\n\n\n<p class=\"wp-block-paragraph\"> Al-Rajhi m\u00f3g\u0142 wystartowa\u0107 w 7. etapie w niedziel\u0119, pod warunkiem, \u017ce jego Toyota zostanie naprawiony i b\u0119dzie spe\u0142nia\u0142 wszystkie zasady bezpiecze\u0144stwa okre\u015blone przez FIA.<\/p>\n","protected":false},"excerpt":{"rendered":"<p>Yazeed Al-Rajhi z Toyoty nie powalczy ju\u017c o zwyci\u0119stwo w tegorocznym Rajdzie Dakar po powa\u017cnym wypadku w pierwszym dniu dwuetapowego wzmaganiu podczas kt\u00f3rego kierowcy maj\u0105 do pokonania dystans 549 km. Dramat dotkn\u0105\u0142 lidera klasyfikacji generalnej Al-Rajhi na 51 km, kiedy uleg\u0142 powa\u017cnemu wypadkowi na jednej z wydm i powa\u017cnie uszkodzi\u0142 swoj\u0105 Toyot\u0119 Hilux. Al-Rajhi m\u00f3g\u0142 [&hellip;]<\/p>\n","protected":false},"author":2,"featured_media":2345,"comment_status":"closed","ping_status":"closed","sticky":false,"template":"","format":"standard","meta":{"_monsterinsights_skip_tracking":false,"_monsterinsights_sitenote_active":false,"_monsterinsights_sitenote_note":"","_monsterinsights_sitenote_category":0,"footnotes":""},"categories":[1,9],"tags":[],"class_list":["post-2344","post","type-post","status-publish","format-standard","has-post-thumbnail","hentry","category-dakar","category-rajdy"],"aioseo_notices":[],"aioseo_head":"\n\t\t<!-- All in One SEO 4.9.9 - aioseo.com -->\n\t<meta name=\"description\" content=\"Yazeed Al-Rajhi z Toyoty nie powalczy ju\u017c o zwyci\u0119stwo w tegorocznym Rajdzie Dakar po powa\u017cnym wypadku w pierwszym dniu dwuetapowego wzmaganiu podczas kt\u00f3rego kierowcy maj\u0105 do pokonania dystans 549 km. Dramat dotkn\u0105\u0142 lidera klasyfikacji generalnej Al-Rajhi na 51 km, kiedy uleg\u0142 powa\u017cnemu wypadkowi na jednej z wydm i powa\u017cnie uszkodzi\u0142 swoj\u0105 Toyot\u0119 Hilux. Al-Rajhi m\u00f3g\u0142\" \/>\n\t<meta name=\"robots\" content=\"max-image-preview:large\" \/>\n\t<meta name=\"author\" content=\"Magdalena\"\/>\n\t<link rel=\"canonical\" href=\"https:\/\/www.worldrally.eu\/index.php\/2024\/01\/11\/al-rajhi-odpadl-na-6-etapie\/\" \/>\n\t<meta name=\"generator\" content=\"All in One SEO (AIOSEO) 4.9.9\" \/>\n\t\t<meta property=\"og:locale\" content=\"en_GB\" \/>\n\t\t<meta property=\"og:site_name\" content=\"WorldRally.eu \u00bb\" \/>\n\t\t<meta property=\"og:type\" content=\"article\" \/>\n\t\t<meta property=\"og:title\" content=\"Al-Rajhi odpad\u0142 na 6. etapie \u00bb WorldRally.eu\" \/>\n\t\t<meta property=\"og:description\" content=\"Yazeed Al-Rajhi z Toyoty nie powalczy ju\u017c o zwyci\u0119stwo w tegorocznym Rajdzie Dakar po powa\u017cnym wypadku w pierwszym dniu dwuetapowego wzmaganiu podczas kt\u00f3rego kierowcy maj\u0105 do pokonania dystans 549 km. Dramat dotkn\u0105\u0142 lidera klasyfikacji generalnej Al-Rajhi na 51 km, kiedy uleg\u0142 powa\u017cnemu wypadkowi na jednej z wydm i powa\u017cnie uszkodzi\u0142 swoj\u0105 Toyot\u0119 Hilux. Al-Rajhi m\u00f3g\u0142\" \/>\n\t\t<meta property=\"og:url\" content=\"https:\/\/www.worldrally.eu\/index.php\/2024\/01\/11\/al-rajhi-odpadl-na-6-etapie\/\" \/>\n\t\t<meta property=\"og:image\" content=\"https:\/\/www.worldrally.eu\/wp-content\/uploads\/2024\/01\/Y1.jpg\" \/>\n\t\t<meta property=\"og:image:secure_url\" content=\"https:\/\/www.worldrally.eu\/wp-content\/uploads\/2024\/01\/Y1.jpg\" \/>\n\t\t<meta property=\"og:image:width\" content=\"1024\" \/>\n\t\t<meta property=\"og:image:height\" content=\"811\" \/>\n\t\t<meta property=\"article:published_time\" content=\"2024-01-11T19:43:12+00:00\" \/>\n\t\t<meta property=\"article:modified_time\" content=\"2024-01-11T20:27:09+00:00\" \/>\n\t\t<meta name=\"twitter:card\" content=\"summary_large_image\" \/>\n\t\t<meta name=\"twitter:title\" content=\"Al-Rajhi odpad\u0142 na 6. etapie \u00bb WorldRally.eu\" \/>\n\t\t<meta name=\"twitter:description\" content=\"Yazeed Al-Rajhi z Toyoty nie powalczy ju\u017c o zwyci\u0119stwo w tegorocznym Rajdzie Dakar po powa\u017cnym wypadku w pierwszym dniu dwuetapowego wzmaganiu podczas kt\u00f3rego kierowcy maj\u0105 do pokonania dystans 549 km. Dramat dotkn\u0105\u0142 lidera klasyfikacji generalnej Al-Rajhi na 51 km, kiedy uleg\u0142 powa\u017cnemu wypadkowi na jednej z wydm i powa\u017cnie uszkodzi\u0142 swoj\u0105 Toyot\u0119 Hilux. Al-Rajhi m\u00f3g\u0142\" \/>\n\t\t<meta name=\"twitter:image\" content=\"https:\/\/www.worldrally.eu\/wp-content\/uploads\/2024\/01\/Y1.jpg\" \/>\n\t\t<script type=\"application\/ld+json\" class=\"aioseo-schema\">\n\t\t\t{\"@context\":\"https:\\\/\\\/schema.org\",\"@graph\":[{\"@type\":\"BlogPosting\",\"@id\":\"https:\\\/\\\/www.worldrally.eu\\\/index.php\\\/2024\\\/01\\\/11\\\/al-rajhi-odpadl-na-6-etapie\\\/#blogposting\",\"name\":\"Al-Rajhi odpad\\u0142 na 6. etapie \\u00bb WorldRally.eu\",\"headline\":\"Al-Rajhi odpad\\u0142 na 6. etapie\",\"author\":{\"@id\":\"https:\\\/\\\/www.worldrally.eu\\\/index.php\\\/author\\\/magdalena\\\/#author\"},\"publisher\":{\"@id\":\"https:\\\/\\\/www.worldrally.eu\\\/#organization\"},\"image\":{\"@type\":\"ImageObject\",\"url\":\"https:\\\/\\\/www.worldrally.eu\\\/wp-content\\\/uploads\\\/2024\\\/01\\\/Y1.jpg\",\"width\":1024,\"height\":811},\"datePublished\":\"2024-01-11T19:43:12+00:00\",\"dateModified\":\"2024-01-11T20:27:09+00:00\",\"inLanguage\":\"en-GB\",\"mainEntityOfPage\":{\"@id\":\"https:\\\/\\\/www.worldrally.eu\\\/index.php\\\/2024\\\/01\\\/11\\\/al-rajhi-odpadl-na-6-etapie\\\/#webpage\"},\"isPartOf\":{\"@id\":\"https:\\\/\\\/www.worldrally.eu\\\/index.php\\\/2024\\\/01\\\/11\\\/al-rajhi-odpadl-na-6-etapie\\\/#webpage\"},\"articleSection\":\"Dakar, Rajdy\"},{\"@type\":\"BreadcrumbList\",\"@id\":\"https:\\\/\\\/www.worldrally.eu\\\/index.php\\\/2024\\\/01\\\/11\\\/al-rajhi-odpadl-na-6-etapie\\\/#breadcrumblist\",\"itemListElement\":[{\"@type\":\"ListItem\",\"@id\":\"https:\\\/\\\/www.worldrally.eu#listItem\",\"position\":1,\"name\":\"Home\",\"item\":\"https:\\\/\\\/www.worldrally.eu\",\"nextItem\":{\"@type\":\"ListItem\",\"@id\":\"https:\\\/\\\/www.worldrally.eu\\\/index.php\\\/category\\\/dakar\\\/#listItem\",\"name\":\"Dakar\"}},{\"@type\":\"ListItem\",\"@id\":\"https:\\\/\\\/www.worldrally.eu\\\/index.php\\\/category\\\/dakar\\\/#listItem\",\"position\":2,\"name\":\"Dakar\",\"item\":\"https:\\\/\\\/www.worldrally.eu\\\/index.php\\\/category\\\/dakar\\\/\",\"nextItem\":{\"@type\":\"ListItem\",\"@id\":\"https:\\\/\\\/www.worldrally.eu\\\/index.php\\\/2024\\\/01\\\/11\\\/al-rajhi-odpadl-na-6-etapie\\\/#listItem\",\"name\":\"Al-Rajhi odpad\\u0142 na 6. etapie\"},\"previousItem\":{\"@type\":\"ListItem\",\"@id\":\"https:\\\/\\\/www.worldrally.eu#listItem\",\"name\":\"Home\"}},{\"@type\":\"ListItem\",\"@id\":\"https:\\\/\\\/www.worldrally.eu\\\/index.php\\\/2024\\\/01\\\/11\\\/al-rajhi-odpadl-na-6-etapie\\\/#listItem\",\"position\":3,\"name\":\"Al-Rajhi odpad\\u0142 na 6. etapie\",\"previousItem\":{\"@type\":\"ListItem\",\"@id\":\"https:\\\/\\\/www.worldrally.eu\\\/index.php\\\/category\\\/dakar\\\/#listItem\",\"name\":\"Dakar\"}}]},{\"@type\":\"Organization\",\"@id\":\"https:\\\/\\\/www.worldrally.eu\\\/#organization\",\"name\":\"WorldRally.eu\",\"url\":\"https:\\\/\\\/www.worldrally.eu\\\/\",\"logo\":{\"@type\":\"ImageObject\",\"url\":\"https:\\\/\\\/www.worldrally.eu\\\/wp-content\\\/uploads\\\/2026\\\/01\\\/cropped-logo-3.png\",\"@id\":\"https:\\\/\\\/www.worldrally.eu\\\/index.php\\\/2024\\\/01\\\/11\\\/al-rajhi-odpadl-na-6-etapie\\\/#organizationLogo\",\"width\":2039,\"height\":756},\"image\":{\"@id\":\"https:\\\/\\\/www.worldrally.eu\\\/index.php\\\/2024\\\/01\\\/11\\\/al-rajhi-odpadl-na-6-etapie\\\/#organizationLogo\"}},{\"@type\":\"Person\",\"@id\":\"https:\\\/\\\/www.worldrally.eu\\\/index.php\\\/author\\\/magdalena\\\/#author\",\"url\":\"https:\\\/\\\/www.worldrally.eu\\\/index.php\\\/author\\\/magdalena\\\/\",\"name\":\"Magdalena\",\"image\":{\"@type\":\"ImageObject\",\"@id\":\"https:\\\/\\\/www.worldrally.eu\\\/index.php\\\/2024\\\/01\\\/11\\\/al-rajhi-odpadl-na-6-etapie\\\/#authorImage\",\"url\":\"https:\\\/\\\/secure.gravatar.com\\\/avatar\\\/853239b46cec38ba30b48d2b091f5538817cc78bdc0944c9ef7408579307e2ea?s=96&d=mm&r=g\",\"width\":96,\"height\":96,\"caption\":\"Magdalena\"}},{\"@type\":\"WebPage\",\"@id\":\"https:\\\/\\\/www.worldrally.eu\\\/index.php\\\/2024\\\/01\\\/11\\\/al-rajhi-odpadl-na-6-etapie\\\/#webpage\",\"url\":\"https:\\\/\\\/www.worldrally.eu\\\/index.php\\\/2024\\\/01\\\/11\\\/al-rajhi-odpadl-na-6-etapie\\\/\",\"name\":\"Al-Rajhi odpad\\u0142 na 6. etapie \\u00bb WorldRally.eu\",\"description\":\"Yazeed Al-Rajhi z Toyoty nie powalczy ju\\u017c o zwyci\\u0119stwo w tegorocznym Rajdzie Dakar po powa\\u017cnym wypadku w pierwszym dniu dwuetapowego wzmaganiu podczas kt\\u00f3rego kierowcy maj\\u0105 do pokonania dystans 549 km. Dramat dotkn\\u0105\\u0142 lidera klasyfikacji generalnej Al-Rajhi na 51 km, kiedy uleg\\u0142 powa\\u017cnemu wypadkowi na jednej z wydm i powa\\u017cnie uszkodzi\\u0142 swoj\\u0105 Toyot\\u0119 Hilux. Al-Rajhi m\\u00f3g\\u0142\",\"inLanguage\":\"en-GB\",\"isPartOf\":{\"@id\":\"https:\\\/\\\/www.worldrally.eu\\\/#website\"},\"breadcrumb\":{\"@id\":\"https:\\\/\\\/www.worldrally.eu\\\/index.php\\\/2024\\\/01\\\/11\\\/al-rajhi-odpadl-na-6-etapie\\\/#breadcrumblist\"},\"author\":{\"@id\":\"https:\\\/\\\/www.worldrally.eu\\\/index.php\\\/author\\\/magdalena\\\/#author\"},\"creator\":{\"@id\":\"https:\\\/\\\/www.worldrally.eu\\\/index.php\\\/author\\\/magdalena\\\/#author\"},\"image\":{\"@type\":\"ImageObject\",\"url\":\"https:\\\/\\\/www.worldrally.eu\\\/wp-content\\\/uploads\\\/2024\\\/01\\\/Y1.jpg\",\"@id\":\"https:\\\/\\\/www.worldrally.eu\\\/index.php\\\/2024\\\/01\\\/11\\\/al-rajhi-odpadl-na-6-etapie\\\/#mainImage\",\"width\":1024,\"height\":811},\"primaryImageOfPage\":{\"@id\":\"https:\\\/\\\/www.worldrally.eu\\\/index.php\\\/2024\\\/01\\\/11\\\/al-rajhi-odpadl-na-6-etapie\\\/#mainImage\"},\"datePublished\":\"2024-01-11T19:43:12+00:00\",\"dateModified\":\"2024-01-11T20:27:09+00:00\"},{\"@type\":\"WebSite\",\"@id\":\"https:\\\/\\\/www.worldrally.eu\\\/#website\",\"url\":\"https:\\\/\\\/www.worldrally.eu\\\/\",\"name\":\"WorldRally.eu\",\"inLanguage\":\"en-GB\",\"publisher\":{\"@id\":\"https:\\\/\\\/www.worldrally.eu\\\/#organization\"}}]}\n\t\t<\/script>\n\t\t<!-- All in One SEO -->\n\n","aioseo_head_json":{"title":"Al-Rajhi odpad\u0142 na 6. etapie \u00bb WorldRally.eu","description":"Yazeed Al-Rajhi z Toyoty nie powalczy ju\u017c o zwyci\u0119stwo w tegorocznym Rajdzie Dakar po powa\u017cnym wypadku w pierwszym dniu dwuetapowego wzmaganiu podczas kt\u00f3rego kierowcy maj\u0105 do pokonania dystans 549 km. Dramat dotkn\u0105\u0142 lidera klasyfikacji generalnej Al-Rajhi na 51 km, kiedy uleg\u0142 powa\u017cnemu wypadkowi na jednej z wydm i powa\u017cnie uszkodzi\u0142 swoj\u0105 Toyot\u0119 Hilux. Al-Rajhi m\u00f3g\u0142","canonical_url":"https:\/\/www.worldrally.eu\/index.php\/2024\/01\/11\/al-rajhi-odpadl-na-6-etapie\/","robots":"max-image-preview:large","keywords":"","webmasterTools":{"miscellaneous":""},"schema":{"@context":"https:\/\/schema.org","@graph":[{"@type":"BlogPosting","@id":"https:\/\/www.worldrally.eu\/index.php\/2024\/01\/11\/al-rajhi-odpadl-na-6-etapie\/#blogposting","name":"Al-Rajhi odpad\u0142 na 6. etapie \u00bb WorldRally.eu","headline":"Al-Rajhi odpad\u0142 na 6. etapie","author":{"@id":"https:\/\/www.worldrally.eu\/index.php\/author\/magdalena\/#author"},"publisher":{"@id":"https:\/\/www.worldrally.eu\/#organization"},"image":{"@type":"ImageObject","url":"https:\/\/www.worldrally.eu\/wp-content\/uploads\/2024\/01\/Y1.jpg","width":1024,"height":811},"datePublished":"2024-01-11T19:43:12+00:00","dateModified":"2024-01-11T20:27:09+00:00","inLanguage":"en-GB","mainEntityOfPage":{"@id":"https:\/\/www.worldrally.eu\/index.php\/2024\/01\/11\/al-rajhi-odpadl-na-6-etapie\/#webpage"},"isPartOf":{"@id":"https:\/\/www.worldrally.eu\/index.php\/2024\/01\/11\/al-rajhi-odpadl-na-6-etapie\/#webpage"},"articleSection":"Dakar, Rajdy"},{"@type":"BreadcrumbList","@id":"https:\/\/www.worldrally.eu\/index.php\/2024\/01\/11\/al-rajhi-odpadl-na-6-etapie\/#breadcrumblist","itemListElement":[{"@type":"ListItem","@id":"https:\/\/www.worldrally.eu#listItem","position":1,"name":"Home","item":"https:\/\/www.worldrally.eu","nextItem":{"@type":"ListItem","@id":"https:\/\/www.worldrally.eu\/index.php\/category\/dakar\/#listItem","name":"Dakar"}},{"@type":"ListItem","@id":"https:\/\/www.worldrally.eu\/index.php\/category\/dakar\/#listItem","position":2,"name":"Dakar","item":"https:\/\/www.worldrally.eu\/index.php\/category\/dakar\/","nextItem":{"@type":"ListItem","@id":"https:\/\/www.worldrally.eu\/index.php\/2024\/01\/11\/al-rajhi-odpadl-na-6-etapie\/#listItem","name":"Al-Rajhi odpad\u0142 na 6. etapie"},"previousItem":{"@type":"ListItem","@id":"https:\/\/www.worldrally.eu#listItem","name":"Home"}},{"@type":"ListItem","@id":"https:\/\/www.worldrally.eu\/index.php\/2024\/01\/11\/al-rajhi-odpadl-na-6-etapie\/#listItem","position":3,"name":"Al-Rajhi odpad\u0142 na 6. etapie","previousItem":{"@type":"ListItem","@id":"https:\/\/www.worldrally.eu\/index.php\/category\/dakar\/#listItem","name":"Dakar"}}]},{"@type":"Organization","@id":"https:\/\/www.worldrally.eu\/#organization","name":"WorldRally.eu","url":"https:\/\/www.worldrally.eu\/","logo":{"@type":"ImageObject","url":"https:\/\/www.worldrally.eu\/wp-content\/uploads\/2026\/01\/cropped-logo-3.png","@id":"https:\/\/www.worldrally.eu\/index.php\/2024\/01\/11\/al-rajhi-odpadl-na-6-etapie\/#organizationLogo","width":2039,"height":756},"image":{"@id":"https:\/\/www.worldrally.eu\/index.php\/2024\/01\/11\/al-rajhi-odpadl-na-6-etapie\/#organizationLogo"}},{"@type":"Person","@id":"https:\/\/www.worldrally.eu\/index.php\/author\/magdalena\/#author","url":"https:\/\/www.worldrally.eu\/index.php\/author\/magdalena\/","name":"Magdalena","image":{"@type":"ImageObject","@id":"https:\/\/www.worldrally.eu\/index.php\/2024\/01\/11\/al-rajhi-odpadl-na-6-etapie\/#authorImage","url":"https:\/\/secure.gravatar.com\/avatar\/853239b46cec38ba30b48d2b091f5538817cc78bdc0944c9ef7408579307e2ea?s=96&d=mm&r=g","width":96,"height":96,"caption":"Magdalena"}},{"@type":"WebPage","@id":"https:\/\/www.worldrally.eu\/index.php\/2024\/01\/11\/al-rajhi-odpadl-na-6-etapie\/#webpage","url":"https:\/\/www.worldrally.eu\/index.php\/2024\/01\/11\/al-rajhi-odpadl-na-6-etapie\/","name":"Al-Rajhi odpad\u0142 na 6. etapie \u00bb WorldRally.eu","description":"Yazeed Al-Rajhi z Toyoty nie powalczy ju\u017c o zwyci\u0119stwo w tegorocznym Rajdzie Dakar po powa\u017cnym wypadku w pierwszym dniu dwuetapowego wzmaganiu podczas kt\u00f3rego kierowcy maj\u0105 do pokonania dystans 549 km. Dramat dotkn\u0105\u0142 lidera klasyfikacji generalnej Al-Rajhi na 51 km, kiedy uleg\u0142 powa\u017cnemu wypadkowi na jednej z wydm i powa\u017cnie uszkodzi\u0142 swoj\u0105 Toyot\u0119 Hilux. Al-Rajhi m\u00f3g\u0142","inLanguage":"en-GB","isPartOf":{"@id":"https:\/\/www.worldrally.eu\/#website"},"breadcrumb":{"@id":"https:\/\/www.worldrally.eu\/index.php\/2024\/01\/11\/al-rajhi-odpadl-na-6-etapie\/#breadcrumblist"},"author":{"@id":"https:\/\/www.worldrally.eu\/index.php\/author\/magdalena\/#author"},"creator":{"@id":"https:\/\/www.worldrally.eu\/index.php\/author\/magdalena\/#author"},"image":{"@type":"ImageObject","url":"https:\/\/www.worldrally.eu\/wp-content\/uploads\/2024\/01\/Y1.jpg","@id":"https:\/\/www.worldrally.eu\/index.php\/2024\/01\/11\/al-rajhi-odpadl-na-6-etapie\/#mainImage","width":1024,"height":811},"primaryImageOfPage":{"@id":"https:\/\/www.worldrally.eu\/index.php\/2024\/01\/11\/al-rajhi-odpadl-na-6-etapie\/#mainImage"},"datePublished":"2024-01-11T19:43:12+00:00","dateModified":"2024-01-11T20:27:09+00:00"},{"@type":"WebSite","@id":"https:\/\/www.worldrally.eu\/#website","url":"https:\/\/www.worldrally.eu\/","name":"WorldRally.eu","inLanguage":"en-GB","publisher":{"@id":"https:\/\/www.worldrally.eu\/#organization"}}]},"og:locale":"en_GB","og:site_name":"WorldRally.eu \u00bb","og:type":"article","og:title":"Al-Rajhi odpad\u0142 na 6. etapie \u00bb WorldRally.eu","og:description":"Yazeed Al-Rajhi z Toyoty nie powalczy ju\u017c o zwyci\u0119stwo w tegorocznym Rajdzie Dakar po powa\u017cnym wypadku w pierwszym dniu dwuetapowego wzmaganiu podczas kt\u00f3rego kierowcy maj\u0105 do pokonania dystans 549 km. Dramat dotkn\u0105\u0142 lidera klasyfikacji generalnej Al-Rajhi na 51 km, kiedy uleg\u0142 powa\u017cnemu wypadkowi na jednej z wydm i powa\u017cnie uszkodzi\u0142 swoj\u0105 Toyot\u0119 Hilux. Al-Rajhi m\u00f3g\u0142","og:url":"https:\/\/www.worldrally.eu\/index.php\/2024\/01\/11\/al-rajhi-odpadl-na-6-etapie\/","og:image":"https:\/\/www.worldrally.eu\/wp-content\/uploads\/2024\/01\/Y1.jpg","og:image:secure_url":"https:\/\/www.worldrally.eu\/wp-content\/uploads\/2024\/01\/Y1.jpg","og:image:width":1024,"og:image:height":811,"article:published_time":"2024-01-11T19:43:12+00:00","article:modified_time":"2024-01-11T20:27:09+00:00","twitter:card":"summary_large_image","twitter:title":"Al-Rajhi odpad\u0142 na 6. etapie \u00bb WorldRally.eu","twitter:description":"Yazeed Al-Rajhi z Toyoty nie powalczy ju\u017c o zwyci\u0119stwo w tegorocznym Rajdzie Dakar po powa\u017cnym wypadku w pierwszym dniu dwuetapowego wzmaganiu podczas kt\u00f3rego kierowcy maj\u0105 do pokonania dystans 549 km. Dramat dotkn\u0105\u0142 lidera klasyfikacji generalnej Al-Rajhi na 51 km, kiedy uleg\u0142 powa\u017cnemu wypadkowi na jednej z wydm i powa\u017cnie uszkodzi\u0142 swoj\u0105 Toyot\u0119 Hilux. Al-Rajhi m\u00f3g\u0142","twitter:image":"https:\/\/www.worldrally.eu\/wp-content\/uploads\/2024\/01\/Y1.jpg"},"aioseo_meta_data":{"post_id":"2344","title":null,"description":null,"keywords":null,"keyphrases":null,"primary_term":null,"canonical_url":null,"og_title":null,"og_description":null,"og_object_type":"default","og_image_type":"default","og_image_url":null,"og_image_width":null,"og_image_height":null,"og_image_custom_url":null,"og_image_custom_fields":null,"og_video":null,"og_custom_url":null,"og_article_section":null,"og_article_tags":null,"twitter_use_og":false,"twitter_card":"default","twitter_image_type":"default","twitter_image_url":null,"twitter_image_custom_url":null,"twitter_image_custom_fields":null,"twitter_title":null,"twitter_description":null,"schema":{"blockGraphs":[],"customGraphs":[],"default":{"data":{"Article":[],"Course":[],"Dataset":[],"FAQPage":[],"Movie":[],"Person":[],"Product":[],"ProductReview":[],"Car":[],"Recipe":[],"Service":[],"SoftwareApplication":[],"WebPage":[]},"graphName":"","isEnabled":true},"graphs":[]},"schema_type":"default","schema_type_options":null,"pillar_content":false,"robots_default":true,"robots_noindex":false,"robots_noarchive":false,"robots_nosnippet":false,"robots_nofollow":false,"robots_noimageindex":false,"robots_noodp":false,"robots_notranslate":false,"robots_max_snippet":null,"robots_max_videopreview":null,"robots_max_imagepreview":"large","priority":null,"frequency":null,"local_seo":null,"breadcrumb_settings":null,"limit_modified_date":false,"ai":null,"created":"2025-03-22 06:34:14","updated":"2025-10-26 12:23:35","seo_analyzer_scan_date":null},"aioseo_breadcrumb":"<div class=\"aioseo-breadcrumbs\"><span class=\"aioseo-breadcrumb\">\n\t\t\t<a href=\"https:\/\/www.worldrally.eu\" title=\"Home\">Home<\/a>\n\t\t<\/span><span class=\"aioseo-breadcrumb-separator\">&raquo;<\/span><span class=\"aioseo-breadcrumb\">\n\t\t\t<a href=\"https:\/\/www.worldrally.eu\/index.php\/category\/dakar\/\" title=\"Dakar\">Dakar<\/a>\n\t\t<\/span><span class=\"aioseo-breadcrumb-separator\">&raquo;<\/span><span class=\"aioseo-breadcrumb\">\n\t\t\tAl-Rajhi odpad\u0142 na 6. etapie\n\t\t<\/span><\/div>","aioseo_breadcrumb_json":[{"label":"Home","link":"https:\/\/www.worldrally.eu"},{"label":"Dakar","link":"https:\/\/www.worldrally.eu\/index.php\/category\/dakar\/"},{"label":"Al-Rajhi odpad\u0142 na 6. etapie","link":"https:\/\/www.worldrally.eu\/index.php\/2024\/01\/11\/al-rajhi-odpadl-na-6-etapie\/"}],"cc_featured_image_caption":{"caption_text":"Foto - Yazeed Racing FB","source_text":"","source_url":""},"_links":{"self":[{"href":"https:\/\/www.worldrally.eu\/index.php\/wp-json\/wp\/v2\/posts\/2344","targetHints":{"allow":["GET"]}}],"collection":[{"href":"https:\/\/www.worldrally.eu\/index.php\/wp-json\/wp\/v2\/posts"}],"about":[{"href":"https:\/\/www.worldrally.eu\/index.php\/wp-json\/wp\/v2\/types\/post"}],"author":[{"embeddable":true,"href":"https:\/\/www.worldrally.eu\/index.php\/wp-json\/wp\/v2\/users\/2"}],"replies":[{"embeddable":true,"href":"https:\/\/www.worldrally.eu\/index.php\/wp-json\/wp\/v2\/comments?post=2344"}],"version-history":[{"count":1,"href":"https:\/\/www.worldrally.eu\/index.php\/wp-json\/wp\/v2\/posts\/2344\/revisions"}],"predecessor-version":[{"id":2347,"href":"https:\/\/www.worldrally.eu\/index.php\/wp-json\/wp\/v2\/posts\/2344\/revisions\/2347"}],"wp:featuredmedia":[{"embeddable":true,"href":"https:\/\/www.worldrally.eu\/index.php\/wp-json\/wp\/v2\/media\/2345"}],"wp:attachment":[{"href":"https:\/\/www.worldrally.eu\/index.php\/wp-json\/wp\/v2\/media?parent=2344"}],"wp:term":[{"taxonomy":"category","embeddable":true,"href":"https:\/\/www.worldrally.eu\/index.php\/wp-json\/wp\/v2\/categories?post=2344"},{"taxonomy":"post_tag","embeddable":true,"href":"https:\/\/www.worldrally.eu\/index.php\/wp-json\/wp\/v2\/tags?post=2344"}],"curies":[{"name":"wp","href":"https:\/\/api.w.org\/{rel}","templated":true}]}}