{"id":233,"date":"2023-02-11T17:32:36","date_gmt":"2023-02-11T17:32:36","guid":{"rendered":"https:\/\/www.worldrally.eu\/?p=233"},"modified":"2023-02-11T17:33:31","modified_gmt":"2023-02-11T17:33:31","slug":"tanak-bez-nacisku","status":"publish","type":"post","link":"https:\/\/www.worldrally.eu\/index.php\/2023\/02\/11\/tanak-bez-nacisku\/","title":{"rendered":"T\u00e4nak bez nacisku"},"content":{"rendered":"\n<p class=\"wp-block-paragraph\">Esto\u0144ski kierowca Ott T\u00e4nnak od samego pocz\u0105tku Rajdu Szwecji spisuje si\u0119 bardzo dobrze walcz\u0105c o pierwsz\u0105 pozycje z kierowc\u0105 Hyundaia. Po porannych przejazdach r\u00f3\u017cnica pomi\u0119dzy kierowcami by\u0142a bardzo ma\u0142a i wynosi\u0142a poni\u017cej 2 sekund. <\/p>\n\n\n\n<p class=\"wp-block-paragraph\">Dyrektor zarz\u0105dzaj\u0105cy, Malcolm Wilson, jest zachwycony tempem Otta T\u00e4naka w Rajdzie Szwecji, ale nie naciska na Esto\u0144czyka, by wygra\u0142 rajd, wiedz\u0105c, \u017ce nie czuje si\u0119 do ko\u0144ca komfortowo w Rajdzie Puma1.<\/p>\n\n\n\n<p class=\"wp-block-paragraph\"><em>\u201eSzczerze m\u00f3wi\u0105c, jest lepsze ni\u017c to, co prawdopodobnie my\u015bleli\u015bmy<\/em>\u201d \u2014 powiedzia\u0142 Wilson w wywiadzie z <strong>DirtFish<\/strong><\/p>\n\n\n\n<p class=\"wp-block-paragraph\"><em> \u201eMy\u015bleli\u015bmy, \u017ce mo\u017cemy walczy\u0107 o podium, ale bycie w walce, i to bardzo w walce, to wci\u0105\u017c\u2026 tak, wiemy, \u017ce s\u0105 rzeczy, z kt\u00f3rych Ott nie jest zadowolony, wi\u0119c wiemy, \u017ce mamy prac\u0119 do wykonania, ale by\u0107 tam, gdzie jeste\u015bmy, w pewnym sensie jestem bardzo szcz\u0119\u015bliwy, ale oczywi\u015bcie chc\u0119 si\u0119 upewni\u0107, \u017ce mo\u017cemy go zabra\u0107, aby czu\u0142 si\u0119 r\u00f3wnie\u017c komfortowo w samochodzie. \u201d<\/em><\/p>\n\n\n\n<p class=\"wp-block-paragraph\">T\u00e4nak stwierdzi\u0142 r\u00f3wnie\u017c, \u017ce w ten weekend nie ma miejsca na ustawianie, je\u015bli chodzi o wydobycie wi\u0119kszej mocy z samochodu, i \u017ce w tej chwili jedzie nim do granic mo\u017cliwo\u015bci, aby dotrzyma\u0107 kroku i jak si\u0119 natrafi okazja wyprzedzi\u0107 Breena<\/p>\n","protected":false},"excerpt":{"rendered":"<p>Esto\u0144ski kierowca Ott T\u00e4nnak od samego pocz\u0105tku Rajdu Szwecji spisuje si\u0119 bardzo dobrze walcz\u0105c o pierwsz\u0105 pozycje z kierowc\u0105 Hyundaia. Po porannych przejazdach r\u00f3\u017cnica pomi\u0119dzy kierowcami by\u0142a bardzo ma\u0142a i wynosi\u0142a poni\u017cej 2 sekund. Dyrektor zarz\u0105dzaj\u0105cy, Malcolm Wilson, jest zachwycony tempem Otta T\u00e4naka w Rajdzie Szwecji, ale nie naciska na Esto\u0144czyka, by wygra\u0142 rajd, wiedz\u0105c, [&hellip;]<\/p>\n","protected":false},"author":3,"featured_media":235,"comment_status":"closed","ping_status":"closed","sticky":false,"template":"","format":"standard","meta":{"_monsterinsights_skip_tracking":false,"_monsterinsights_sitenote_active":false,"_monsterinsights_sitenote_note":"","_monsterinsights_sitenote_category":0,"footnotes":""},"categories":[3],"tags":[],"class_list":["post-233","post","type-post","status-publish","format-standard","has-post-thumbnail","hentry","category-wrc"],"aioseo_notices":[],"aioseo_head":"\n\t\t<!-- All in One SEO 4.9.9 - aioseo.com -->\n\t<meta name=\"description\" content=\"Esto\u0144ski kierowca Ott T\u00e4nnak od samego pocz\u0105tku Rajdu Szwecji spisuje si\u0119 bardzo dobrze walcz\u0105c o pierwsz\u0105 pozycje z kierowc\u0105 Hyundaia. Po porannych przejazdach r\u00f3\u017cnica pomi\u0119dzy kierowcami by\u0142a bardzo ma\u0142a i wynosi\u0142a poni\u017cej 2 sekund. Dyrektor zarz\u0105dzaj\u0105cy, Malcolm Wilson, jest zachwycony tempem Otta T\u00e4naka w Rajdzie Szwecji, ale nie naciska na Esto\u0144czyka, by wygra\u0142 rajd, wiedz\u0105c,\" \/>\n\t<meta name=\"robots\" content=\"max-image-preview:large\" \/>\n\t<meta name=\"author\" content=\"Jacek\"\/>\n\t<link rel=\"canonical\" href=\"https:\/\/www.worldrally.eu\/index.php\/2023\/02\/11\/tanak-bez-nacisku\/\" \/>\n\t<meta name=\"generator\" content=\"All in One SEO (AIOSEO) 4.9.9\" \/>\n\t\t<meta property=\"og:locale\" content=\"en_GB\" \/>\n\t\t<meta property=\"og:site_name\" content=\"WorldRally.eu \u00bb\" \/>\n\t\t<meta property=\"og:type\" content=\"article\" \/>\n\t\t<meta property=\"og:title\" content=\"T\u00e4nak bez nacisku \u00bb WorldRally.eu\" \/>\n\t\t<meta property=\"og:description\" content=\"Esto\u0144ski kierowca Ott T\u00e4nnak od samego pocz\u0105tku Rajdu Szwecji spisuje si\u0119 bardzo dobrze walcz\u0105c o pierwsz\u0105 pozycje z kierowc\u0105 Hyundaia. Po porannych przejazdach r\u00f3\u017cnica pomi\u0119dzy kierowcami by\u0142a bardzo ma\u0142a i wynosi\u0142a poni\u017cej 2 sekund. Dyrektor zarz\u0105dzaj\u0105cy, Malcolm Wilson, jest zachwycony tempem Otta T\u00e4naka w Rajdzie Szwecji, ale nie naciska na Esto\u0144czyka, by wygra\u0142 rajd, wiedz\u0105c,\" \/>\n\t\t<meta property=\"og:url\" content=\"https:\/\/www.worldrally.eu\/index.php\/2023\/02\/11\/tanak-bez-nacisku\/\" \/>\n\t\t<meta property=\"og:image\" content=\"https:\/\/www.worldrally.eu\/wp-content\/uploads\/2023\/02\/tnak-2.jpg\" \/>\n\t\t<meta property=\"og:image:secure_url\" content=\"https:\/\/www.worldrally.eu\/wp-content\/uploads\/2023\/02\/tnak-2.jpg\" \/>\n\t\t<meta property=\"og:image:width\" content=\"950\" \/>\n\t\t<meta property=\"og:image:height\" content=\"580\" \/>\n\t\t<meta property=\"article:published_time\" content=\"2023-02-11T17:32:36+00:00\" \/>\n\t\t<meta property=\"article:modified_time\" content=\"2023-02-11T17:33:31+00:00\" \/>\n\t\t<meta name=\"twitter:card\" content=\"summary_large_image\" \/>\n\t\t<meta name=\"twitter:title\" content=\"T\u00e4nak bez nacisku \u00bb WorldRally.eu\" \/>\n\t\t<meta name=\"twitter:description\" content=\"Esto\u0144ski kierowca Ott T\u00e4nnak od samego pocz\u0105tku Rajdu Szwecji spisuje si\u0119 bardzo dobrze walcz\u0105c o pierwsz\u0105 pozycje z kierowc\u0105 Hyundaia. Po porannych przejazdach r\u00f3\u017cnica pomi\u0119dzy kierowcami by\u0142a bardzo ma\u0142a i wynosi\u0142a poni\u017cej 2 sekund. Dyrektor zarz\u0105dzaj\u0105cy, Malcolm Wilson, jest zachwycony tempem Otta T\u00e4naka w Rajdzie Szwecji, ale nie naciska na Esto\u0144czyka, by wygra\u0142 rajd, wiedz\u0105c,\" \/>\n\t\t<meta name=\"twitter:image\" content=\"https:\/\/www.worldrally.eu\/wp-content\/uploads\/2023\/02\/tnak-2.jpg\" \/>\n\t\t<script type=\"application\/ld+json\" class=\"aioseo-schema\">\n\t\t\t{\"@context\":\"https:\\\/\\\/schema.org\",\"@graph\":[{\"@type\":\"BlogPosting\",\"@id\":\"https:\\\/\\\/www.worldrally.eu\\\/index.php\\\/2023\\\/02\\\/11\\\/tanak-bez-nacisku\\\/#blogposting\",\"name\":\"T\\u00e4nak bez nacisku \\u00bb WorldRally.eu\",\"headline\":\"T\\u00e4nak bez nacisku\",\"author\":{\"@id\":\"https:\\\/\\\/www.worldrally.eu\\\/index.php\\\/author\\\/jacek\\\/#author\"},\"publisher\":{\"@id\":\"https:\\\/\\\/www.worldrally.eu\\\/#organization\"},\"image\":{\"@type\":\"ImageObject\",\"url\":\"https:\\\/\\\/www.worldrally.eu\\\/wp-content\\\/uploads\\\/2023\\\/02\\\/tnak-2.jpg\",\"width\":950,\"height\":580},\"datePublished\":\"2023-02-11T17:32:36+00:00\",\"dateModified\":\"2023-02-11T17:33:31+00:00\",\"inLanguage\":\"en-GB\",\"mainEntityOfPage\":{\"@id\":\"https:\\\/\\\/www.worldrally.eu\\\/index.php\\\/2023\\\/02\\\/11\\\/tanak-bez-nacisku\\\/#webpage\"},\"isPartOf\":{\"@id\":\"https:\\\/\\\/www.worldrally.eu\\\/index.php\\\/2023\\\/02\\\/11\\\/tanak-bez-nacisku\\\/#webpage\"},\"articleSection\":\"WRC\"},{\"@type\":\"BreadcrumbList\",\"@id\":\"https:\\\/\\\/www.worldrally.eu\\\/index.php\\\/2023\\\/02\\\/11\\\/tanak-bez-nacisku\\\/#breadcrumblist\",\"itemListElement\":[{\"@type\":\"ListItem\",\"@id\":\"https:\\\/\\\/www.worldrally.eu#listItem\",\"position\":1,\"name\":\"Home\",\"item\":\"https:\\\/\\\/www.worldrally.eu\",\"nextItem\":{\"@type\":\"ListItem\",\"@id\":\"https:\\\/\\\/www.worldrally.eu\\\/index.php\\\/category\\\/wrc\\\/#listItem\",\"name\":\"WRC\"}},{\"@type\":\"ListItem\",\"@id\":\"https:\\\/\\\/www.worldrally.eu\\\/index.php\\\/category\\\/wrc\\\/#listItem\",\"position\":2,\"name\":\"WRC\",\"item\":\"https:\\\/\\\/www.worldrally.eu\\\/index.php\\\/category\\\/wrc\\\/\",\"nextItem\":{\"@type\":\"ListItem\",\"@id\":\"https:\\\/\\\/www.worldrally.eu\\\/index.php\\\/2023\\\/02\\\/11\\\/tanak-bez-nacisku\\\/#listItem\",\"name\":\"T\\u00e4nak bez nacisku\"},\"previousItem\":{\"@type\":\"ListItem\",\"@id\":\"https:\\\/\\\/www.worldrally.eu#listItem\",\"name\":\"Home\"}},{\"@type\":\"ListItem\",\"@id\":\"https:\\\/\\\/www.worldrally.eu\\\/index.php\\\/2023\\\/02\\\/11\\\/tanak-bez-nacisku\\\/#listItem\",\"position\":3,\"name\":\"T\\u00e4nak bez nacisku\",\"previousItem\":{\"@type\":\"ListItem\",\"@id\":\"https:\\\/\\\/www.worldrally.eu\\\/index.php\\\/category\\\/wrc\\\/#listItem\",\"name\":\"WRC\"}}]},{\"@type\":\"Organization\",\"@id\":\"https:\\\/\\\/www.worldrally.eu\\\/#organization\",\"name\":\"WorldRally.eu\",\"url\":\"https:\\\/\\\/www.worldrally.eu\\\/\",\"logo\":{\"@type\":\"ImageObject\",\"url\":\"https:\\\/\\\/www.worldrally.eu\\\/wp-content\\\/uploads\\\/2026\\\/01\\\/cropped-logo-3.png\",\"@id\":\"https:\\\/\\\/www.worldrally.eu\\\/index.php\\\/2023\\\/02\\\/11\\\/tanak-bez-nacisku\\\/#organizationLogo\",\"width\":2039,\"height\":756},\"image\":{\"@id\":\"https:\\\/\\\/www.worldrally.eu\\\/index.php\\\/2023\\\/02\\\/11\\\/tanak-bez-nacisku\\\/#organizationLogo\"}},{\"@type\":\"Person\",\"@id\":\"https:\\\/\\\/www.worldrally.eu\\\/index.php\\\/author\\\/jacek\\\/#author\",\"url\":\"https:\\\/\\\/www.worldrally.eu\\\/index.php\\\/author\\\/jacek\\\/\",\"name\":\"Jacek\",\"image\":{\"@type\":\"ImageObject\",\"@id\":\"https:\\\/\\\/www.worldrally.eu\\\/index.php\\\/2023\\\/02\\\/11\\\/tanak-bez-nacisku\\\/#authorImage\",\"url\":\"https:\\\/\\\/secure.gravatar.com\\\/avatar\\\/7e4a580579d0c9624bc0b76edfd763a961e17e709b8c19c4e55064fd24596b04?s=96&d=mm&r=g\",\"width\":96,\"height\":96,\"caption\":\"Jacek\"}},{\"@type\":\"WebPage\",\"@id\":\"https:\\\/\\\/www.worldrally.eu\\\/index.php\\\/2023\\\/02\\\/11\\\/tanak-bez-nacisku\\\/#webpage\",\"url\":\"https:\\\/\\\/www.worldrally.eu\\\/index.php\\\/2023\\\/02\\\/11\\\/tanak-bez-nacisku\\\/\",\"name\":\"T\\u00e4nak bez nacisku \\u00bb WorldRally.eu\",\"description\":\"Esto\\u0144ski kierowca Ott T\\u00e4nnak od samego pocz\\u0105tku Rajdu Szwecji spisuje si\\u0119 bardzo dobrze walcz\\u0105c o pierwsz\\u0105 pozycje z kierowc\\u0105 Hyundaia. Po porannych przejazdach r\\u00f3\\u017cnica pomi\\u0119dzy kierowcami by\\u0142a bardzo ma\\u0142a i wynosi\\u0142a poni\\u017cej 2 sekund. Dyrektor zarz\\u0105dzaj\\u0105cy, Malcolm Wilson, jest zachwycony tempem Otta T\\u00e4naka w Rajdzie Szwecji, ale nie naciska na Esto\\u0144czyka, by wygra\\u0142 rajd, wiedz\\u0105c,\",\"inLanguage\":\"en-GB\",\"isPartOf\":{\"@id\":\"https:\\\/\\\/www.worldrally.eu\\\/#website\"},\"breadcrumb\":{\"@id\":\"https:\\\/\\\/www.worldrally.eu\\\/index.php\\\/2023\\\/02\\\/11\\\/tanak-bez-nacisku\\\/#breadcrumblist\"},\"author\":{\"@id\":\"https:\\\/\\\/www.worldrally.eu\\\/index.php\\\/author\\\/jacek\\\/#author\"},\"creator\":{\"@id\":\"https:\\\/\\\/www.worldrally.eu\\\/index.php\\\/author\\\/jacek\\\/#author\"},\"image\":{\"@type\":\"ImageObject\",\"url\":\"https:\\\/\\\/www.worldrally.eu\\\/wp-content\\\/uploads\\\/2023\\\/02\\\/tnak-2.jpg\",\"@id\":\"https:\\\/\\\/www.worldrally.eu\\\/index.php\\\/2023\\\/02\\\/11\\\/tanak-bez-nacisku\\\/#mainImage\",\"width\":950,\"height\":580},\"primaryImageOfPage\":{\"@id\":\"https:\\\/\\\/www.worldrally.eu\\\/index.php\\\/2023\\\/02\\\/11\\\/tanak-bez-nacisku\\\/#mainImage\"},\"datePublished\":\"2023-02-11T17:32:36+00:00\",\"dateModified\":\"2023-02-11T17:33:31+00:00\"},{\"@type\":\"WebSite\",\"@id\":\"https:\\\/\\\/www.worldrally.eu\\\/#website\",\"url\":\"https:\\\/\\\/www.worldrally.eu\\\/\",\"name\":\"WorldRally.eu\",\"inLanguage\":\"en-GB\",\"publisher\":{\"@id\":\"https:\\\/\\\/www.worldrally.eu\\\/#organization\"}}]}\n\t\t<\/script>\n\t\t<!-- All in One SEO -->\n\n","aioseo_head_json":{"title":"T\u00e4nak bez nacisku \u00bb WorldRally.eu","description":"Esto\u0144ski kierowca Ott T\u00e4nnak od samego pocz\u0105tku Rajdu Szwecji spisuje si\u0119 bardzo dobrze walcz\u0105c o pierwsz\u0105 pozycje z kierowc\u0105 Hyundaia. Po porannych przejazdach r\u00f3\u017cnica pomi\u0119dzy kierowcami by\u0142a bardzo ma\u0142a i wynosi\u0142a poni\u017cej 2 sekund. Dyrektor zarz\u0105dzaj\u0105cy, Malcolm Wilson, jest zachwycony tempem Otta T\u00e4naka w Rajdzie Szwecji, ale nie naciska na Esto\u0144czyka, by wygra\u0142 rajd, wiedz\u0105c,","canonical_url":"https:\/\/www.worldrally.eu\/index.php\/2023\/02\/11\/tanak-bez-nacisku\/","robots":"max-image-preview:large","keywords":"","webmasterTools":{"miscellaneous":""},"schema":{"@context":"https:\/\/schema.org","@graph":[{"@type":"BlogPosting","@id":"https:\/\/www.worldrally.eu\/index.php\/2023\/02\/11\/tanak-bez-nacisku\/#blogposting","name":"T\u00e4nak bez nacisku \u00bb WorldRally.eu","headline":"T\u00e4nak bez nacisku","author":{"@id":"https:\/\/www.worldrally.eu\/index.php\/author\/jacek\/#author"},"publisher":{"@id":"https:\/\/www.worldrally.eu\/#organization"},"image":{"@type":"ImageObject","url":"https:\/\/www.worldrally.eu\/wp-content\/uploads\/2023\/02\/tnak-2.jpg","width":950,"height":580},"datePublished":"2023-02-11T17:32:36+00:00","dateModified":"2023-02-11T17:33:31+00:00","inLanguage":"en-GB","mainEntityOfPage":{"@id":"https:\/\/www.worldrally.eu\/index.php\/2023\/02\/11\/tanak-bez-nacisku\/#webpage"},"isPartOf":{"@id":"https:\/\/www.worldrally.eu\/index.php\/2023\/02\/11\/tanak-bez-nacisku\/#webpage"},"articleSection":"WRC"},{"@type":"BreadcrumbList","@id":"https:\/\/www.worldrally.eu\/index.php\/2023\/02\/11\/tanak-bez-nacisku\/#breadcrumblist","itemListElement":[{"@type":"ListItem","@id":"https:\/\/www.worldrally.eu#listItem","position":1,"name":"Home","item":"https:\/\/www.worldrally.eu","nextItem":{"@type":"ListItem","@id":"https:\/\/www.worldrally.eu\/index.php\/category\/wrc\/#listItem","name":"WRC"}},{"@type":"ListItem","@id":"https:\/\/www.worldrally.eu\/index.php\/category\/wrc\/#listItem","position":2,"name":"WRC","item":"https:\/\/www.worldrally.eu\/index.php\/category\/wrc\/","nextItem":{"@type":"ListItem","@id":"https:\/\/www.worldrally.eu\/index.php\/2023\/02\/11\/tanak-bez-nacisku\/#listItem","name":"T\u00e4nak bez nacisku"},"previousItem":{"@type":"ListItem","@id":"https:\/\/www.worldrally.eu#listItem","name":"Home"}},{"@type":"ListItem","@id":"https:\/\/www.worldrally.eu\/index.php\/2023\/02\/11\/tanak-bez-nacisku\/#listItem","position":3,"name":"T\u00e4nak bez nacisku","previousItem":{"@type":"ListItem","@id":"https:\/\/www.worldrally.eu\/index.php\/category\/wrc\/#listItem","name":"WRC"}}]},{"@type":"Organization","@id":"https:\/\/www.worldrally.eu\/#organization","name":"WorldRally.eu","url":"https:\/\/www.worldrally.eu\/","logo":{"@type":"ImageObject","url":"https:\/\/www.worldrally.eu\/wp-content\/uploads\/2026\/01\/cropped-logo-3.png","@id":"https:\/\/www.worldrally.eu\/index.php\/2023\/02\/11\/tanak-bez-nacisku\/#organizationLogo","width":2039,"height":756},"image":{"@id":"https:\/\/www.worldrally.eu\/index.php\/2023\/02\/11\/tanak-bez-nacisku\/#organizationLogo"}},{"@type":"Person","@id":"https:\/\/www.worldrally.eu\/index.php\/author\/jacek\/#author","url":"https:\/\/www.worldrally.eu\/index.php\/author\/jacek\/","name":"Jacek","image":{"@type":"ImageObject","@id":"https:\/\/www.worldrally.eu\/index.php\/2023\/02\/11\/tanak-bez-nacisku\/#authorImage","url":"https:\/\/secure.gravatar.com\/avatar\/7e4a580579d0c9624bc0b76edfd763a961e17e709b8c19c4e55064fd24596b04?s=96&d=mm&r=g","width":96,"height":96,"caption":"Jacek"}},{"@type":"WebPage","@id":"https:\/\/www.worldrally.eu\/index.php\/2023\/02\/11\/tanak-bez-nacisku\/#webpage","url":"https:\/\/www.worldrally.eu\/index.php\/2023\/02\/11\/tanak-bez-nacisku\/","name":"T\u00e4nak bez nacisku \u00bb WorldRally.eu","description":"Esto\u0144ski kierowca Ott T\u00e4nnak od samego pocz\u0105tku Rajdu Szwecji spisuje si\u0119 bardzo dobrze walcz\u0105c o pierwsz\u0105 pozycje z kierowc\u0105 Hyundaia. Po porannych przejazdach r\u00f3\u017cnica pomi\u0119dzy kierowcami by\u0142a bardzo ma\u0142a i wynosi\u0142a poni\u017cej 2 sekund. Dyrektor zarz\u0105dzaj\u0105cy, Malcolm Wilson, jest zachwycony tempem Otta T\u00e4naka w Rajdzie Szwecji, ale nie naciska na Esto\u0144czyka, by wygra\u0142 rajd, wiedz\u0105c,","inLanguage":"en-GB","isPartOf":{"@id":"https:\/\/www.worldrally.eu\/#website"},"breadcrumb":{"@id":"https:\/\/www.worldrally.eu\/index.php\/2023\/02\/11\/tanak-bez-nacisku\/#breadcrumblist"},"author":{"@id":"https:\/\/www.worldrally.eu\/index.php\/author\/jacek\/#author"},"creator":{"@id":"https:\/\/www.worldrally.eu\/index.php\/author\/jacek\/#author"},"image":{"@type":"ImageObject","url":"https:\/\/www.worldrally.eu\/wp-content\/uploads\/2023\/02\/tnak-2.jpg","@id":"https:\/\/www.worldrally.eu\/index.php\/2023\/02\/11\/tanak-bez-nacisku\/#mainImage","width":950,"height":580},"primaryImageOfPage":{"@id":"https:\/\/www.worldrally.eu\/index.php\/2023\/02\/11\/tanak-bez-nacisku\/#mainImage"},"datePublished":"2023-02-11T17:32:36+00:00","dateModified":"2023-02-11T17:33:31+00:00"},{"@type":"WebSite","@id":"https:\/\/www.worldrally.eu\/#website","url":"https:\/\/www.worldrally.eu\/","name":"WorldRally.eu","inLanguage":"en-GB","publisher":{"@id":"https:\/\/www.worldrally.eu\/#organization"}}]},"og:locale":"en_GB","og:site_name":"WorldRally.eu \u00bb","og:type":"article","og:title":"T\u00e4nak bez nacisku \u00bb WorldRally.eu","og:description":"Esto\u0144ski kierowca Ott T\u00e4nnak od samego pocz\u0105tku Rajdu Szwecji spisuje si\u0119 bardzo dobrze walcz\u0105c o pierwsz\u0105 pozycje z kierowc\u0105 Hyundaia. Po porannych przejazdach r\u00f3\u017cnica pomi\u0119dzy kierowcami by\u0142a bardzo ma\u0142a i wynosi\u0142a poni\u017cej 2 sekund. Dyrektor zarz\u0105dzaj\u0105cy, Malcolm Wilson, jest zachwycony tempem Otta T\u00e4naka w Rajdzie Szwecji, ale nie naciska na Esto\u0144czyka, by wygra\u0142 rajd, wiedz\u0105c,","og:url":"https:\/\/www.worldrally.eu\/index.php\/2023\/02\/11\/tanak-bez-nacisku\/","og:image":"https:\/\/www.worldrally.eu\/wp-content\/uploads\/2023\/02\/tnak-2.jpg","og:image:secure_url":"https:\/\/www.worldrally.eu\/wp-content\/uploads\/2023\/02\/tnak-2.jpg","og:image:width":950,"og:image:height":580,"article:published_time":"2023-02-11T17:32:36+00:00","article:modified_time":"2023-02-11T17:33:31+00:00","twitter:card":"summary_large_image","twitter:title":"T\u00e4nak bez nacisku \u00bb WorldRally.eu","twitter:description":"Esto\u0144ski kierowca Ott T\u00e4nnak od samego pocz\u0105tku Rajdu Szwecji spisuje si\u0119 bardzo dobrze walcz\u0105c o pierwsz\u0105 pozycje z kierowc\u0105 Hyundaia. Po porannych przejazdach r\u00f3\u017cnica pomi\u0119dzy kierowcami by\u0142a bardzo ma\u0142a i wynosi\u0142a poni\u017cej 2 sekund. Dyrektor zarz\u0105dzaj\u0105cy, Malcolm Wilson, jest zachwycony tempem Otta T\u00e4naka w Rajdzie Szwecji, ale nie naciska na Esto\u0144czyka, by wygra\u0142 rajd, wiedz\u0105c,","twitter:image":"https:\/\/www.worldrally.eu\/wp-content\/uploads\/2023\/02\/tnak-2.jpg"},"aioseo_meta_data":{"post_id":"233","title":null,"description":null,"keywords":null,"keyphrases":null,"primary_term":null,"canonical_url":null,"og_title":null,"og_description":null,"og_object_type":"default","og_image_type":"default","og_image_url":null,"og_image_width":null,"og_image_height":null,"og_image_custom_url":null,"og_image_custom_fields":null,"og_video":null,"og_custom_url":null,"og_article_section":null,"og_article_tags":null,"twitter_use_og":false,"twitter_card":"default","twitter_image_type":"default","twitter_image_url":null,"twitter_image_custom_url":null,"twitter_image_custom_fields":null,"twitter_title":null,"twitter_description":null,"schema":{"blockGraphs":[],"customGraphs":[],"default":{"data":{"Article":[],"Course":[],"Dataset":[],"FAQPage":[],"Movie":[],"Person":[],"Product":[],"ProductReview":[],"Car":[],"Recipe":[],"Service":[],"SoftwareApplication":[],"WebPage":[]},"graphName":"","isEnabled":true},"graphs":[]},"schema_type":"default","schema_type_options":null,"pillar_content":false,"robots_default":true,"robots_noindex":false,"robots_noarchive":false,"robots_nosnippet":false,"robots_nofollow":false,"robots_noimageindex":false,"robots_noodp":false,"robots_notranslate":false,"robots_max_snippet":null,"robots_max_videopreview":null,"robots_max_imagepreview":"large","priority":null,"frequency":null,"local_seo":null,"breadcrumb_settings":null,"limit_modified_date":false,"ai":null,"created":"2025-03-22 05:56:38","updated":"2025-10-26 08:48:58","seo_analyzer_scan_date":null},"aioseo_breadcrumb":"<div class=\"aioseo-breadcrumbs\"><span class=\"aioseo-breadcrumb\">\n\t\t\t<a href=\"https:\/\/www.worldrally.eu\" title=\"Home\">Home<\/a>\n\t\t<\/span><span class=\"aioseo-breadcrumb-separator\">&raquo;<\/span><span class=\"aioseo-breadcrumb\">\n\t\t\t<a href=\"https:\/\/www.worldrally.eu\/index.php\/category\/wrc\/\" title=\"WRC\">WRC<\/a>\n\t\t<\/span><span class=\"aioseo-breadcrumb-separator\">&raquo;<\/span><span class=\"aioseo-breadcrumb\">\n\t\t\tT\u00e4nak bez nacisku\n\t\t<\/span><\/div>","aioseo_breadcrumb_json":[{"label":"Home","link":"https:\/\/www.worldrally.eu"},{"label":"WRC","link":"https:\/\/www.worldrally.eu\/index.php\/category\/wrc\/"},{"label":"T\u00e4nak bez nacisku","link":"https:\/\/www.worldrally.eu\/index.php\/2023\/02\/11\/tanak-bez-nacisku\/"}],"cc_featured_image_caption":{"caption_text":"Foto-WRC.com","source_text":"","source_url":""},"_links":{"self":[{"href":"https:\/\/www.worldrally.eu\/index.php\/wp-json\/wp\/v2\/posts\/233","targetHints":{"allow":["GET"]}}],"collection":[{"href":"https:\/\/www.worldrally.eu\/index.php\/wp-json\/wp\/v2\/posts"}],"about":[{"href":"https:\/\/www.worldrally.eu\/index.php\/wp-json\/wp\/v2\/types\/post"}],"author":[{"embeddable":true,"href":"https:\/\/www.worldrally.eu\/index.php\/wp-json\/wp\/v2\/users\/3"}],"replies":[{"embeddable":true,"href":"https:\/\/www.worldrally.eu\/index.php\/wp-json\/wp\/v2\/comments?post=233"}],"version-history":[{"count":1,"href":"https:\/\/www.worldrally.eu\/index.php\/wp-json\/wp\/v2\/posts\/233\/revisions"}],"predecessor-version":[{"id":234,"href":"https:\/\/www.worldrally.eu\/index.php\/wp-json\/wp\/v2\/posts\/233\/revisions\/234"}],"wp:featuredmedia":[{"embeddable":true,"href":"https:\/\/www.worldrally.eu\/index.php\/wp-json\/wp\/v2\/media\/235"}],"wp:attachment":[{"href":"https:\/\/www.worldrally.eu\/index.php\/wp-json\/wp\/v2\/media?parent=233"}],"wp:term":[{"taxonomy":"category","embeddable":true,"href":"https:\/\/www.worldrally.eu\/index.php\/wp-json\/wp\/v2\/categories?post=233"},{"taxonomy":"post_tag","embeddable":true,"href":"https:\/\/www.worldrally.eu\/index.php\/wp-json\/wp\/v2\/tags?post=233"}],"curies":[{"name":"wp","href":"https:\/\/api.w.org\/{rel}","templated":true}]}}