{"id":2286,"date":"2024-01-05T21:22:23","date_gmt":"2024-01-05T21:22:23","guid":{"rendered":"https:\/\/www.worldrally.eu\/?p=2286"},"modified":"2024-01-05T21:22:24","modified_gmt":"2024-01-05T21:22:24","slug":"pajari-za-kierownica-toyoty-gr-yaris-rally2","status":"publish","type":"post","link":"https:\/\/www.worldrally.eu\/index.php\/2024\/01\/05\/pajari-za-kierownica-toyoty-gr-yaris-rally2\/","title":{"rendered":"Pajari za kierownic\u0105 Toyoty GR Yaris Rally2"},"content":{"rendered":"\n<p class=\"wp-block-paragraph\">Sami Pajari, by\u0142y mistrz Junior WRC potwierdzi\u0142, \u017ce w tym sezonie b\u0119dzie je\u017adzi\u0142 Toyot\u0105 GR Yaris Rally2 w WRC2.<\/p>\n\n\n\n<p class=\"wp-block-paragraph\">Odej\u015bcie Pajari z Toksport \u0160koda zosta\u0142o telegraficznie przes\u0142ane pod koniec poprzedniego sezonu, ale zosta\u0142o potwierdzone w dzi\u015b rano. Jego pierwszy wyst\u0119p w samochodzie odb\u0119dzie si\u0119 pod koniec tego miesi\u0105ca podczas Rajdu Monte Carlo.<\/p>\n\n\n\n<figure class=\"wp-block-image size-large\"><img fetchpriority=\"high\" decoding=\"async\" width=\"1024\" height=\"768\" src=\"https:\/\/www.worldrally.eu\/wp-content\/uploads\/2024\/01\/416872103_898693428930187_4428687252715842093_n-1024x768.jpg\" alt=\"\" class=\"wp-image-2288\" srcset=\"https:\/\/www.worldrally.eu\/wp-content\/uploads\/2024\/01\/416872103_898693428930187_4428687252715842093_n-1024x768.jpg 1024w, https:\/\/www.worldrally.eu\/wp-content\/uploads\/2024\/01\/416872103_898693428930187_4428687252715842093_n-300x225.jpg 300w, https:\/\/www.worldrally.eu\/wp-content\/uploads\/2024\/01\/416872103_898693428930187_4428687252715842093_n-768x576.jpg 768w, https:\/\/www.worldrally.eu\/wp-content\/uploads\/2024\/01\/416872103_898693428930187_4428687252715842093_n-1536x1152.jpg 1536w, https:\/\/www.worldrally.eu\/wp-content\/uploads\/2024\/01\/416872103_898693428930187_4428687252715842093_n.jpg 2048w\" sizes=\"(max-width: 1024px) 100vw, 1024px\" \/><figcaption class=\"wp-element-caption\">Foto &#8211; Pajari FB<\/figcaption><\/figure>\n\n\n\n<blockquote class=\"wp-block-quote is-layout-flow wp-block-quote-is-layout-flow\">\n<p class=\"wp-block-paragraph\">Chocia\u017c Toyota w przesz\u0142o\u015bci produkowa\u0142a zwyci\u0119skie samochody, wierz\u0119 r\u00f3wnie\u017c w ich wizj\u0119 przysz\u0142o\u015bci. Dlatego bardzo chcia\u0142em wybra\u0107 ten samoch\u00f3d, zw\u0142aszcza teraz, gdy mia\u0142em niepowtarzaln\u0105 okazj\u0119 by\u0107 jednym z pierwszych, kt\u00f3rzy poprowadzili go w zawodach WRC. Oczywi\u015bcie interesuj\u0105ce b\u0119dzie por\u00f3wnanie jego wynik\u00f3w z innymi w pierwszym wydarzeniu. Podsumowuj\u0105c, szansa jest tak wspania\u0142a, \u017ce zdecydowa\u0142em si\u0119 z niej skorzysta\u0107.<\/p>\n<cite>powiedzia\u0142 Pajari<\/cite><\/blockquote>\n\n\n\n<figure class=\"wp-block-image size-large\"><img decoding=\"async\" width=\"1024\" height=\"768\" src=\"https:\/\/www.worldrally.eu\/wp-content\/uploads\/2024\/01\/416886958_898693362263527_1275157829688666458_n-1024x768.jpg\" alt=\"\" class=\"wp-image-2289\" srcset=\"https:\/\/www.worldrally.eu\/wp-content\/uploads\/2024\/01\/416886958_898693362263527_1275157829688666458_n-1024x768.jpg 1024w, https:\/\/www.worldrally.eu\/wp-content\/uploads\/2024\/01\/416886958_898693362263527_1275157829688666458_n-300x225.jpg 300w, https:\/\/www.worldrally.eu\/wp-content\/uploads\/2024\/01\/416886958_898693362263527_1275157829688666458_n-768x576.jpg 768w, https:\/\/www.worldrally.eu\/wp-content\/uploads\/2024\/01\/416886958_898693362263527_1275157829688666458_n-1536x1152.jpg 1536w, https:\/\/www.worldrally.eu\/wp-content\/uploads\/2024\/01\/416886958_898693362263527_1275157829688666458_n.jpg 2048w\" sizes=\"(max-width: 1024px) 100vw, 1024px\" \/><figcaption class=\"wp-element-caption\">Foto &#8211; Pajari FB<\/figcaption><\/figure>\n\n\n\n<p class=\"wp-block-paragraph\">Fi\u0144ski kierowca podzi\u0119kowa\u0142 te\u017c za wsp\u00f3\u0142prace z Toksport.<\/p>\n\n\n\n<blockquote class=\"wp-block-quote is-layout-flow wp-block-quote-is-layout-flow\">\n<p class=\"wp-block-paragraph\">To by\u0142 \u015bwietny zesp\u00f3\u0142, od kt\u00f3rego otrzyma\u0142em ogromne wsparcie i niezliczone cenne lekcje. Toksport by\u0142 dla mnie wspania\u0142ym miejscem do rozwoju jako kierowca pod ka\u017cdym wzgl\u0119dem. Osi\u0105gi samochodu by\u0142y zawsze dobre, a nasza wsp\u00f3\u0142praca przebiega\u0142a g\u0142adko. Chc\u0119 z g\u0142\u0119bi serca podzi\u0119kowa\u0107 menad\u017cerowi zespo\u0142u Serkanowi Duru za czas, kt\u00f3ry razem sp\u0119dzili\u015bmy.<\/p>\n<\/blockquote>\n","protected":false},"excerpt":{"rendered":"<p>Sami Pajari, by\u0142y mistrz Junior WRC potwierdzi\u0142, \u017ce w tym sezonie b\u0119dzie je\u017adzi\u0142 Toyot\u0105 GR Yaris Rally2 w WRC2. Odej\u015bcie Pajari z Toksport \u0160koda zosta\u0142o telegraficznie przes\u0142ane pod koniec poprzedniego sezonu, ale zosta\u0142o potwierdzone w dzi\u015b rano. Jego pierwszy wyst\u0119p w samochodzie odb\u0119dzie si\u0119 pod koniec tego miesi\u0105ca podczas Rajdu Monte Carlo. Chocia\u017c Toyota w [&hellip;]<\/p>\n","protected":false},"author":2,"featured_media":2287,"comment_status":"closed","ping_status":"closed","sticky":false,"template":"","format":"standard","meta":{"_monsterinsights_skip_tracking":false,"_monsterinsights_sitenote_active":false,"_monsterinsights_sitenote_note":"","_monsterinsights_sitenote_category":0,"footnotes":""},"categories":[3],"tags":[],"class_list":["post-2286","post","type-post","status-publish","format-standard","has-post-thumbnail","hentry","category-wrc"],"aioseo_notices":[],"aioseo_head":"\n\t\t<!-- All in One SEO 4.9.9 - aioseo.com -->\n\t<meta name=\"description\" content=\"Sami Pajari, by\u0142y mistrz Junior WRC potwierdzi\u0142, \u017ce w tym sezonie b\u0119dzie je\u017adzi\u0142 Toyot\u0105 GR Yaris Rally2 w WRC2. Odej\u015bcie Pajari z Toksport \u0160koda zosta\u0142o telegraficznie przes\u0142ane pod koniec poprzedniego sezonu, ale zosta\u0142o potwierdzone w dzi\u015b rano. Jego pierwszy wyst\u0119p w samochodzie odb\u0119dzie si\u0119 pod koniec tego miesi\u0105ca podczas Rajdu Monte Carlo. Chocia\u017c Toyota w\" \/>\n\t<meta name=\"robots\" content=\"max-image-preview:large\" \/>\n\t<meta name=\"author\" content=\"Magdalena\"\/>\n\t<link rel=\"canonical\" href=\"https:\/\/www.worldrally.eu\/index.php\/2024\/01\/05\/pajari-za-kierownica-toyoty-gr-yaris-rally2\/\" \/>\n\t<meta name=\"generator\" content=\"All in One SEO (AIOSEO) 4.9.9\" \/>\n\t\t<meta property=\"og:locale\" content=\"en_GB\" \/>\n\t\t<meta property=\"og:site_name\" content=\"WorldRally.eu \u00bb\" \/>\n\t\t<meta property=\"og:type\" content=\"article\" \/>\n\t\t<meta property=\"og:title\" content=\"Pajari za kierownic\u0105 Toyoty GR Yaris Rally2 \u00bb WorldRally.eu\" \/>\n\t\t<meta property=\"og:description\" content=\"Sami Pajari, by\u0142y mistrz Junior WRC potwierdzi\u0142, \u017ce w tym sezonie b\u0119dzie je\u017adzi\u0142 Toyot\u0105 GR Yaris Rally2 w WRC2. Odej\u015bcie Pajari z Toksport \u0160koda zosta\u0142o telegraficznie przes\u0142ane pod koniec poprzedniego sezonu, ale zosta\u0142o potwierdzone w dzi\u015b rano. Jego pierwszy wyst\u0119p w samochodzie odb\u0119dzie si\u0119 pod koniec tego miesi\u0105ca podczas Rajdu Monte Carlo. Chocia\u017c Toyota w\" \/>\n\t\t<meta property=\"og:url\" content=\"https:\/\/www.worldrally.eu\/index.php\/2024\/01\/05\/pajari-za-kierownica-toyoty-gr-yaris-rally2\/\" \/>\n\t\t<meta property=\"og:image\" content=\"https:\/\/www.worldrally.eu\/wp-content\/uploads\/2024\/01\/416864687_898693245596872_6308577386676267014_n.jpg\" \/>\n\t\t<meta property=\"og:image:secure_url\" content=\"https:\/\/www.worldrally.eu\/wp-content\/uploads\/2024\/01\/416864687_898693245596872_6308577386676267014_n.jpg\" \/>\n\t\t<meta property=\"og:image:width\" content=\"2048\" \/>\n\t\t<meta property=\"og:image:height\" content=\"1536\" \/>\n\t\t<meta property=\"article:published_time\" content=\"2024-01-05T21:22:23+00:00\" \/>\n\t\t<meta property=\"article:modified_time\" content=\"2024-01-05T21:22:24+00:00\" \/>\n\t\t<meta name=\"twitter:card\" content=\"summary_large_image\" \/>\n\t\t<meta name=\"twitter:title\" content=\"Pajari za kierownic\u0105 Toyoty GR Yaris Rally2 \u00bb WorldRally.eu\" \/>\n\t\t<meta name=\"twitter:description\" content=\"Sami Pajari, by\u0142y mistrz Junior WRC potwierdzi\u0142, \u017ce w tym sezonie b\u0119dzie je\u017adzi\u0142 Toyot\u0105 GR Yaris Rally2 w WRC2. Odej\u015bcie Pajari z Toksport \u0160koda zosta\u0142o telegraficznie przes\u0142ane pod koniec poprzedniego sezonu, ale zosta\u0142o potwierdzone w dzi\u015b rano. Jego pierwszy wyst\u0119p w samochodzie odb\u0119dzie si\u0119 pod koniec tego miesi\u0105ca podczas Rajdu Monte Carlo. Chocia\u017c Toyota w\" \/>\n\t\t<meta name=\"twitter:image\" content=\"https:\/\/www.worldrally.eu\/wp-content\/uploads\/2024\/01\/416864687_898693245596872_6308577386676267014_n.jpg\" \/>\n\t\t<script type=\"application\/ld+json\" class=\"aioseo-schema\">\n\t\t\t{\"@context\":\"https:\\\/\\\/schema.org\",\"@graph\":[{\"@type\":\"BlogPosting\",\"@id\":\"https:\\\/\\\/www.worldrally.eu\\\/index.php\\\/2024\\\/01\\\/05\\\/pajari-za-kierownica-toyoty-gr-yaris-rally2\\\/#blogposting\",\"name\":\"Pajari za kierownic\\u0105 Toyoty GR Yaris Rally2 \\u00bb WorldRally.eu\",\"headline\":\"Pajari za kierownic\\u0105 Toyoty GR Yaris Rally2\",\"author\":{\"@id\":\"https:\\\/\\\/www.worldrally.eu\\\/index.php\\\/author\\\/magdalena\\\/#author\"},\"publisher\":{\"@id\":\"https:\\\/\\\/www.worldrally.eu\\\/#organization\"},\"image\":{\"@type\":\"ImageObject\",\"url\":\"https:\\\/\\\/www.worldrally.eu\\\/wp-content\\\/uploads\\\/2024\\\/01\\\/416864687_898693245596872_6308577386676267014_n.jpg\",\"width\":2048,\"height\":1536},\"datePublished\":\"2024-01-05T21:22:23+00:00\",\"dateModified\":\"2024-01-05T21:22:24+00:00\",\"inLanguage\":\"en-GB\",\"mainEntityOfPage\":{\"@id\":\"https:\\\/\\\/www.worldrally.eu\\\/index.php\\\/2024\\\/01\\\/05\\\/pajari-za-kierownica-toyoty-gr-yaris-rally2\\\/#webpage\"},\"isPartOf\":{\"@id\":\"https:\\\/\\\/www.worldrally.eu\\\/index.php\\\/2024\\\/01\\\/05\\\/pajari-za-kierownica-toyoty-gr-yaris-rally2\\\/#webpage\"},\"articleSection\":\"WRC\"},{\"@type\":\"BreadcrumbList\",\"@id\":\"https:\\\/\\\/www.worldrally.eu\\\/index.php\\\/2024\\\/01\\\/05\\\/pajari-za-kierownica-toyoty-gr-yaris-rally2\\\/#breadcrumblist\",\"itemListElement\":[{\"@type\":\"ListItem\",\"@id\":\"https:\\\/\\\/www.worldrally.eu#listItem\",\"position\":1,\"name\":\"Home\",\"item\":\"https:\\\/\\\/www.worldrally.eu\",\"nextItem\":{\"@type\":\"ListItem\",\"@id\":\"https:\\\/\\\/www.worldrally.eu\\\/index.php\\\/category\\\/wrc\\\/#listItem\",\"name\":\"WRC\"}},{\"@type\":\"ListItem\",\"@id\":\"https:\\\/\\\/www.worldrally.eu\\\/index.php\\\/category\\\/wrc\\\/#listItem\",\"position\":2,\"name\":\"WRC\",\"item\":\"https:\\\/\\\/www.worldrally.eu\\\/index.php\\\/category\\\/wrc\\\/\",\"nextItem\":{\"@type\":\"ListItem\",\"@id\":\"https:\\\/\\\/www.worldrally.eu\\\/index.php\\\/2024\\\/01\\\/05\\\/pajari-za-kierownica-toyoty-gr-yaris-rally2\\\/#listItem\",\"name\":\"Pajari za kierownic\\u0105 Toyoty GR Yaris Rally2\"},\"previousItem\":{\"@type\":\"ListItem\",\"@id\":\"https:\\\/\\\/www.worldrally.eu#listItem\",\"name\":\"Home\"}},{\"@type\":\"ListItem\",\"@id\":\"https:\\\/\\\/www.worldrally.eu\\\/index.php\\\/2024\\\/01\\\/05\\\/pajari-za-kierownica-toyoty-gr-yaris-rally2\\\/#listItem\",\"position\":3,\"name\":\"Pajari za kierownic\\u0105 Toyoty GR Yaris Rally2\",\"previousItem\":{\"@type\":\"ListItem\",\"@id\":\"https:\\\/\\\/www.worldrally.eu\\\/index.php\\\/category\\\/wrc\\\/#listItem\",\"name\":\"WRC\"}}]},{\"@type\":\"Organization\",\"@id\":\"https:\\\/\\\/www.worldrally.eu\\\/#organization\",\"name\":\"WorldRally.eu\",\"url\":\"https:\\\/\\\/www.worldrally.eu\\\/\",\"logo\":{\"@type\":\"ImageObject\",\"url\":\"https:\\\/\\\/www.worldrally.eu\\\/wp-content\\\/uploads\\\/2026\\\/01\\\/cropped-logo-3.png\",\"@id\":\"https:\\\/\\\/www.worldrally.eu\\\/index.php\\\/2024\\\/01\\\/05\\\/pajari-za-kierownica-toyoty-gr-yaris-rally2\\\/#organizationLogo\",\"width\":2039,\"height\":756},\"image\":{\"@id\":\"https:\\\/\\\/www.worldrally.eu\\\/index.php\\\/2024\\\/01\\\/05\\\/pajari-za-kierownica-toyoty-gr-yaris-rally2\\\/#organizationLogo\"}},{\"@type\":\"Person\",\"@id\":\"https:\\\/\\\/www.worldrally.eu\\\/index.php\\\/author\\\/magdalena\\\/#author\",\"url\":\"https:\\\/\\\/www.worldrally.eu\\\/index.php\\\/author\\\/magdalena\\\/\",\"name\":\"Magdalena\",\"image\":{\"@type\":\"ImageObject\",\"@id\":\"https:\\\/\\\/www.worldrally.eu\\\/index.php\\\/2024\\\/01\\\/05\\\/pajari-za-kierownica-toyoty-gr-yaris-rally2\\\/#authorImage\",\"url\":\"https:\\\/\\\/secure.gravatar.com\\\/avatar\\\/853239b46cec38ba30b48d2b091f5538817cc78bdc0944c9ef7408579307e2ea?s=96&d=mm&r=g\",\"width\":96,\"height\":96,\"caption\":\"Magdalena\"}},{\"@type\":\"WebPage\",\"@id\":\"https:\\\/\\\/www.worldrally.eu\\\/index.php\\\/2024\\\/01\\\/05\\\/pajari-za-kierownica-toyoty-gr-yaris-rally2\\\/#webpage\",\"url\":\"https:\\\/\\\/www.worldrally.eu\\\/index.php\\\/2024\\\/01\\\/05\\\/pajari-za-kierownica-toyoty-gr-yaris-rally2\\\/\",\"name\":\"Pajari za kierownic\\u0105 Toyoty GR Yaris Rally2 \\u00bb WorldRally.eu\",\"description\":\"Sami Pajari, by\\u0142y mistrz Junior WRC potwierdzi\\u0142, \\u017ce w tym sezonie b\\u0119dzie je\\u017adzi\\u0142 Toyot\\u0105 GR Yaris Rally2 w WRC2. Odej\\u015bcie Pajari z Toksport \\u0160koda zosta\\u0142o telegraficznie przes\\u0142ane pod koniec poprzedniego sezonu, ale zosta\\u0142o potwierdzone w dzi\\u015b rano. Jego pierwszy wyst\\u0119p w samochodzie odb\\u0119dzie si\\u0119 pod koniec tego miesi\\u0105ca podczas Rajdu Monte Carlo. Chocia\\u017c Toyota w\",\"inLanguage\":\"en-GB\",\"isPartOf\":{\"@id\":\"https:\\\/\\\/www.worldrally.eu\\\/#website\"},\"breadcrumb\":{\"@id\":\"https:\\\/\\\/www.worldrally.eu\\\/index.php\\\/2024\\\/01\\\/05\\\/pajari-za-kierownica-toyoty-gr-yaris-rally2\\\/#breadcrumblist\"},\"author\":{\"@id\":\"https:\\\/\\\/www.worldrally.eu\\\/index.php\\\/author\\\/magdalena\\\/#author\"},\"creator\":{\"@id\":\"https:\\\/\\\/www.worldrally.eu\\\/index.php\\\/author\\\/magdalena\\\/#author\"},\"image\":{\"@type\":\"ImageObject\",\"url\":\"https:\\\/\\\/www.worldrally.eu\\\/wp-content\\\/uploads\\\/2024\\\/01\\\/416864687_898693245596872_6308577386676267014_n.jpg\",\"@id\":\"https:\\\/\\\/www.worldrally.eu\\\/index.php\\\/2024\\\/01\\\/05\\\/pajari-za-kierownica-toyoty-gr-yaris-rally2\\\/#mainImage\",\"width\":2048,\"height\":1536},\"primaryImageOfPage\":{\"@id\":\"https:\\\/\\\/www.worldrally.eu\\\/index.php\\\/2024\\\/01\\\/05\\\/pajari-za-kierownica-toyoty-gr-yaris-rally2\\\/#mainImage\"},\"datePublished\":\"2024-01-05T21:22:23+00:00\",\"dateModified\":\"2024-01-05T21:22:24+00:00\"},{\"@type\":\"WebSite\",\"@id\":\"https:\\\/\\\/www.worldrally.eu\\\/#website\",\"url\":\"https:\\\/\\\/www.worldrally.eu\\\/\",\"name\":\"WorldRally.eu\",\"inLanguage\":\"en-GB\",\"publisher\":{\"@id\":\"https:\\\/\\\/www.worldrally.eu\\\/#organization\"}}]}\n\t\t<\/script>\n\t\t<!-- All in One SEO -->\n\n","aioseo_head_json":{"title":"Pajari za kierownic\u0105 Toyoty GR Yaris Rally2 \u00bb WorldRally.eu","description":"Sami Pajari, by\u0142y mistrz Junior WRC potwierdzi\u0142, \u017ce w tym sezonie b\u0119dzie je\u017adzi\u0142 Toyot\u0105 GR Yaris Rally2 w WRC2. Odej\u015bcie Pajari z Toksport \u0160koda zosta\u0142o telegraficznie przes\u0142ane pod koniec poprzedniego sezonu, ale zosta\u0142o potwierdzone w dzi\u015b rano. Jego pierwszy wyst\u0119p w samochodzie odb\u0119dzie si\u0119 pod koniec tego miesi\u0105ca podczas Rajdu Monte Carlo. Chocia\u017c Toyota w","canonical_url":"https:\/\/www.worldrally.eu\/index.php\/2024\/01\/05\/pajari-za-kierownica-toyoty-gr-yaris-rally2\/","robots":"max-image-preview:large","keywords":"","webmasterTools":{"miscellaneous":""},"schema":{"@context":"https:\/\/schema.org","@graph":[{"@type":"BlogPosting","@id":"https:\/\/www.worldrally.eu\/index.php\/2024\/01\/05\/pajari-za-kierownica-toyoty-gr-yaris-rally2\/#blogposting","name":"Pajari za kierownic\u0105 Toyoty GR Yaris Rally2 \u00bb WorldRally.eu","headline":"Pajari za kierownic\u0105 Toyoty GR Yaris Rally2","author":{"@id":"https:\/\/www.worldrally.eu\/index.php\/author\/magdalena\/#author"},"publisher":{"@id":"https:\/\/www.worldrally.eu\/#organization"},"image":{"@type":"ImageObject","url":"https:\/\/www.worldrally.eu\/wp-content\/uploads\/2024\/01\/416864687_898693245596872_6308577386676267014_n.jpg","width":2048,"height":1536},"datePublished":"2024-01-05T21:22:23+00:00","dateModified":"2024-01-05T21:22:24+00:00","inLanguage":"en-GB","mainEntityOfPage":{"@id":"https:\/\/www.worldrally.eu\/index.php\/2024\/01\/05\/pajari-za-kierownica-toyoty-gr-yaris-rally2\/#webpage"},"isPartOf":{"@id":"https:\/\/www.worldrally.eu\/index.php\/2024\/01\/05\/pajari-za-kierownica-toyoty-gr-yaris-rally2\/#webpage"},"articleSection":"WRC"},{"@type":"BreadcrumbList","@id":"https:\/\/www.worldrally.eu\/index.php\/2024\/01\/05\/pajari-za-kierownica-toyoty-gr-yaris-rally2\/#breadcrumblist","itemListElement":[{"@type":"ListItem","@id":"https:\/\/www.worldrally.eu#listItem","position":1,"name":"Home","item":"https:\/\/www.worldrally.eu","nextItem":{"@type":"ListItem","@id":"https:\/\/www.worldrally.eu\/index.php\/category\/wrc\/#listItem","name":"WRC"}},{"@type":"ListItem","@id":"https:\/\/www.worldrally.eu\/index.php\/category\/wrc\/#listItem","position":2,"name":"WRC","item":"https:\/\/www.worldrally.eu\/index.php\/category\/wrc\/","nextItem":{"@type":"ListItem","@id":"https:\/\/www.worldrally.eu\/index.php\/2024\/01\/05\/pajari-za-kierownica-toyoty-gr-yaris-rally2\/#listItem","name":"Pajari za kierownic\u0105 Toyoty GR Yaris Rally2"},"previousItem":{"@type":"ListItem","@id":"https:\/\/www.worldrally.eu#listItem","name":"Home"}},{"@type":"ListItem","@id":"https:\/\/www.worldrally.eu\/index.php\/2024\/01\/05\/pajari-za-kierownica-toyoty-gr-yaris-rally2\/#listItem","position":3,"name":"Pajari za kierownic\u0105 Toyoty GR Yaris Rally2","previousItem":{"@type":"ListItem","@id":"https:\/\/www.worldrally.eu\/index.php\/category\/wrc\/#listItem","name":"WRC"}}]},{"@type":"Organization","@id":"https:\/\/www.worldrally.eu\/#organization","name":"WorldRally.eu","url":"https:\/\/www.worldrally.eu\/","logo":{"@type":"ImageObject","url":"https:\/\/www.worldrally.eu\/wp-content\/uploads\/2026\/01\/cropped-logo-3.png","@id":"https:\/\/www.worldrally.eu\/index.php\/2024\/01\/05\/pajari-za-kierownica-toyoty-gr-yaris-rally2\/#organizationLogo","width":2039,"height":756},"image":{"@id":"https:\/\/www.worldrally.eu\/index.php\/2024\/01\/05\/pajari-za-kierownica-toyoty-gr-yaris-rally2\/#organizationLogo"}},{"@type":"Person","@id":"https:\/\/www.worldrally.eu\/index.php\/author\/magdalena\/#author","url":"https:\/\/www.worldrally.eu\/index.php\/author\/magdalena\/","name":"Magdalena","image":{"@type":"ImageObject","@id":"https:\/\/www.worldrally.eu\/index.php\/2024\/01\/05\/pajari-za-kierownica-toyoty-gr-yaris-rally2\/#authorImage","url":"https:\/\/secure.gravatar.com\/avatar\/853239b46cec38ba30b48d2b091f5538817cc78bdc0944c9ef7408579307e2ea?s=96&d=mm&r=g","width":96,"height":96,"caption":"Magdalena"}},{"@type":"WebPage","@id":"https:\/\/www.worldrally.eu\/index.php\/2024\/01\/05\/pajari-za-kierownica-toyoty-gr-yaris-rally2\/#webpage","url":"https:\/\/www.worldrally.eu\/index.php\/2024\/01\/05\/pajari-za-kierownica-toyoty-gr-yaris-rally2\/","name":"Pajari za kierownic\u0105 Toyoty GR Yaris Rally2 \u00bb WorldRally.eu","description":"Sami Pajari, by\u0142y mistrz Junior WRC potwierdzi\u0142, \u017ce w tym sezonie b\u0119dzie je\u017adzi\u0142 Toyot\u0105 GR Yaris Rally2 w WRC2. Odej\u015bcie Pajari z Toksport \u0160koda zosta\u0142o telegraficznie przes\u0142ane pod koniec poprzedniego sezonu, ale zosta\u0142o potwierdzone w dzi\u015b rano. Jego pierwszy wyst\u0119p w samochodzie odb\u0119dzie si\u0119 pod koniec tego miesi\u0105ca podczas Rajdu Monte Carlo. Chocia\u017c Toyota w","inLanguage":"en-GB","isPartOf":{"@id":"https:\/\/www.worldrally.eu\/#website"},"breadcrumb":{"@id":"https:\/\/www.worldrally.eu\/index.php\/2024\/01\/05\/pajari-za-kierownica-toyoty-gr-yaris-rally2\/#breadcrumblist"},"author":{"@id":"https:\/\/www.worldrally.eu\/index.php\/author\/magdalena\/#author"},"creator":{"@id":"https:\/\/www.worldrally.eu\/index.php\/author\/magdalena\/#author"},"image":{"@type":"ImageObject","url":"https:\/\/www.worldrally.eu\/wp-content\/uploads\/2024\/01\/416864687_898693245596872_6308577386676267014_n.jpg","@id":"https:\/\/www.worldrally.eu\/index.php\/2024\/01\/05\/pajari-za-kierownica-toyoty-gr-yaris-rally2\/#mainImage","width":2048,"height":1536},"primaryImageOfPage":{"@id":"https:\/\/www.worldrally.eu\/index.php\/2024\/01\/05\/pajari-za-kierownica-toyoty-gr-yaris-rally2\/#mainImage"},"datePublished":"2024-01-05T21:22:23+00:00","dateModified":"2024-01-05T21:22:24+00:00"},{"@type":"WebSite","@id":"https:\/\/www.worldrally.eu\/#website","url":"https:\/\/www.worldrally.eu\/","name":"WorldRally.eu","inLanguage":"en-GB","publisher":{"@id":"https:\/\/www.worldrally.eu\/#organization"}}]},"og:locale":"en_GB","og:site_name":"WorldRally.eu \u00bb","og:type":"article","og:title":"Pajari za kierownic\u0105 Toyoty GR Yaris Rally2 \u00bb WorldRally.eu","og:description":"Sami Pajari, by\u0142y mistrz Junior WRC potwierdzi\u0142, \u017ce w tym sezonie b\u0119dzie je\u017adzi\u0142 Toyot\u0105 GR Yaris Rally2 w WRC2. Odej\u015bcie Pajari z Toksport \u0160koda zosta\u0142o telegraficznie przes\u0142ane pod koniec poprzedniego sezonu, ale zosta\u0142o potwierdzone w dzi\u015b rano. Jego pierwszy wyst\u0119p w samochodzie odb\u0119dzie si\u0119 pod koniec tego miesi\u0105ca podczas Rajdu Monte Carlo. Chocia\u017c Toyota w","og:url":"https:\/\/www.worldrally.eu\/index.php\/2024\/01\/05\/pajari-za-kierownica-toyoty-gr-yaris-rally2\/","og:image":"https:\/\/www.worldrally.eu\/wp-content\/uploads\/2024\/01\/416864687_898693245596872_6308577386676267014_n.jpg","og:image:secure_url":"https:\/\/www.worldrally.eu\/wp-content\/uploads\/2024\/01\/416864687_898693245596872_6308577386676267014_n.jpg","og:image:width":2048,"og:image:height":1536,"article:published_time":"2024-01-05T21:22:23+00:00","article:modified_time":"2024-01-05T21:22:24+00:00","twitter:card":"summary_large_image","twitter:title":"Pajari za kierownic\u0105 Toyoty GR Yaris Rally2 \u00bb WorldRally.eu","twitter:description":"Sami Pajari, by\u0142y mistrz Junior WRC potwierdzi\u0142, \u017ce w tym sezonie b\u0119dzie je\u017adzi\u0142 Toyot\u0105 GR Yaris Rally2 w WRC2. Odej\u015bcie Pajari z Toksport \u0160koda zosta\u0142o telegraficznie przes\u0142ane pod koniec poprzedniego sezonu, ale zosta\u0142o potwierdzone w dzi\u015b rano. Jego pierwszy wyst\u0119p w samochodzie odb\u0119dzie si\u0119 pod koniec tego miesi\u0105ca podczas Rajdu Monte Carlo. Chocia\u017c Toyota w","twitter:image":"https:\/\/www.worldrally.eu\/wp-content\/uploads\/2024\/01\/416864687_898693245596872_6308577386676267014_n.jpg"},"aioseo_meta_data":{"post_id":"2286","title":null,"description":null,"keywords":null,"keyphrases":null,"primary_term":null,"canonical_url":null,"og_title":null,"og_description":null,"og_object_type":"default","og_image_type":"default","og_image_url":null,"og_image_width":null,"og_image_height":null,"og_image_custom_url":null,"og_image_custom_fields":null,"og_video":null,"og_custom_url":null,"og_article_section":null,"og_article_tags":null,"twitter_use_og":false,"twitter_card":"default","twitter_image_type":"default","twitter_image_url":null,"twitter_image_custom_url":null,"twitter_image_custom_fields":null,"twitter_title":null,"twitter_description":null,"schema":{"blockGraphs":[],"customGraphs":[],"default":{"data":{"Article":[],"Course":[],"Dataset":[],"FAQPage":[],"Movie":[],"Person":[],"Product":[],"ProductReview":[],"Car":[],"Recipe":[],"Service":[],"SoftwareApplication":[],"WebPage":[]},"graphName":"","isEnabled":true},"graphs":[]},"schema_type":"default","schema_type_options":null,"pillar_content":false,"robots_default":true,"robots_noindex":false,"robots_noarchive":false,"robots_nosnippet":false,"robots_nofollow":false,"robots_noimageindex":false,"robots_noodp":false,"robots_notranslate":false,"robots_max_snippet":null,"robots_max_videopreview":null,"robots_max_imagepreview":"large","priority":null,"frequency":null,"local_seo":null,"breadcrumb_settings":null,"limit_modified_date":false,"ai":null,"created":"2025-03-22 06:33:09","updated":"2025-10-26 12:17:36","seo_analyzer_scan_date":null},"aioseo_breadcrumb":"<div class=\"aioseo-breadcrumbs\"><span class=\"aioseo-breadcrumb\">\n\t\t\t<a href=\"https:\/\/www.worldrally.eu\" title=\"Home\">Home<\/a>\n\t\t<\/span><span class=\"aioseo-breadcrumb-separator\">&raquo;<\/span><span class=\"aioseo-breadcrumb\">\n\t\t\t<a href=\"https:\/\/www.worldrally.eu\/index.php\/category\/wrc\/\" title=\"WRC\">WRC<\/a>\n\t\t<\/span><span class=\"aioseo-breadcrumb-separator\">&raquo;<\/span><span class=\"aioseo-breadcrumb\">\n\t\t\tPajari za kierownic\u0105 Toyoty GR Yaris Rally2\n\t\t<\/span><\/div>","aioseo_breadcrumb_json":[{"label":"Home","link":"https:\/\/www.worldrally.eu"},{"label":"WRC","link":"https:\/\/www.worldrally.eu\/index.php\/category\/wrc\/"},{"label":"Pajari za kierownic\u0105 Toyoty GR Yaris Rally2","link":"https:\/\/www.worldrally.eu\/index.php\/2024\/01\/05\/pajari-za-kierownica-toyoty-gr-yaris-rally2\/"}],"cc_featured_image_caption":{"caption_text":"Foto - Pajari FB","source_text":"","source_url":""},"_links":{"self":[{"href":"https:\/\/www.worldrally.eu\/index.php\/wp-json\/wp\/v2\/posts\/2286","targetHints":{"allow":["GET"]}}],"collection":[{"href":"https:\/\/www.worldrally.eu\/index.php\/wp-json\/wp\/v2\/posts"}],"about":[{"href":"https:\/\/www.worldrally.eu\/index.php\/wp-json\/wp\/v2\/types\/post"}],"author":[{"embeddable":true,"href":"https:\/\/www.worldrally.eu\/index.php\/wp-json\/wp\/v2\/users\/2"}],"replies":[{"embeddable":true,"href":"https:\/\/www.worldrally.eu\/index.php\/wp-json\/wp\/v2\/comments?post=2286"}],"version-history":[{"count":1,"href":"https:\/\/www.worldrally.eu\/index.php\/wp-json\/wp\/v2\/posts\/2286\/revisions"}],"predecessor-version":[{"id":2290,"href":"https:\/\/www.worldrally.eu\/index.php\/wp-json\/wp\/v2\/posts\/2286\/revisions\/2290"}],"wp:featuredmedia":[{"embeddable":true,"href":"https:\/\/www.worldrally.eu\/index.php\/wp-json\/wp\/v2\/media\/2287"}],"wp:attachment":[{"href":"https:\/\/www.worldrally.eu\/index.php\/wp-json\/wp\/v2\/media?parent=2286"}],"wp:term":[{"taxonomy":"category","embeddable":true,"href":"https:\/\/www.worldrally.eu\/index.php\/wp-json\/wp\/v2\/categories?post=2286"},{"taxonomy":"post_tag","embeddable":true,"href":"https:\/\/www.worldrally.eu\/index.php\/wp-json\/wp\/v2\/tags?post=2286"}],"curies":[{"name":"wp","href":"https:\/\/api.w.org\/{rel}","templated":true}]}}