{"id":2281,"date":"2023-12-19T19:50:36","date_gmt":"2023-12-19T19:50:36","guid":{"rendered":"https:\/\/www.worldrally.eu\/?p=2281"},"modified":"2023-12-19T19:50:36","modified_gmt":"2023-12-19T19:50:36","slug":"m-sport-poland-z-ambitnymi-planami-na-2024","status":"publish","type":"post","link":"https:\/\/www.worldrally.eu\/index.php\/2023\/12\/19\/m-sport-poland-z-ambitnymi-planami-na-2024\/","title":{"rendered":"M-Sport Poland z ambitnymi planami na 2024"},"content":{"rendered":"\n<p class=\"wp-block-paragraph\">Fiesta Rally3 Trophy obejmie pi\u0119\u0107 rund ERC i zapewni swojemu zwyci\u0119zcy finansowany przejazd na przysz\u0142oroczn\u0105 rund\u0119 Rajd\u00f3w Europy \u015arodkowo-Wschodniej w ramach mistrzostw \u015bwiata w Fiesta Rally3.<\/p>\n\n\n\n<p class=\"wp-block-paragraph\">Wszyscy kierowcy b\u0119d\u0105 u\u017cywa\u0107 opon Pirelli o tej samej specyfikacji i paliwa Gulf Race. Obie firmy oferuj\u0105 pakiety ze zni\u017ckami.<\/p>\n\n\n\n<p class=\"wp-block-paragraph\">Zwyci\u0119zca klasyfikacji generalnej Fiesta Rally3 Trophy b\u0119dzie m\u00f3g\u0142 skorzysta\u0107 z finansowanego wpisu na platformie CER.<\/p>\n\n\n\n<blockquote class=\"wp-block-quote is-layout-flow wp-block-quote-is-layout-flow\">\n<p class=\"wp-block-paragraph\">Fiesta Rally3 jest mile widzianym dodatkiem do wydarze\u0144 ERC od czasu jej premiery w 2021 roku. Wyra\u017anie okazuje si\u0119 atrakcyjna, zar\u00f3wno pod wzgl\u0119dem wysokich osi\u0105g\u00f3w, jak i ni\u017cszych koszt\u00f3w eksploatacji. Dlatego z wielk\u0105 przyjemno\u015bci\u0105 witamy zawodnik\u00f3w Fiesta Rally3 Trophy na pi\u0119ciu rundach mistrzostw Europy w 2024 roku. Nie mamy w\u0105tpliwo\u015bci, \u017ce Fiesta Rally3 Trophy odniesie du\u017cy sukces i zapewni kolejn\u0105 zach\u0119t\u0119 do rywalizacji w ERC<\/p>\n<cite>powiedzia\u0142 Iain Campbell &#8211; Mened\u017cer mistrzostw ERC<\/cite><\/blockquote>\n\n\n\n<figure class=\"wp-block-image size-large\"><img fetchpriority=\"high\" decoding=\"async\" width=\"1024\" height=\"683\" src=\"https:\/\/www.worldrally.eu\/wp-content\/uploads\/2023\/12\/79-Rally-Poland-2023-Photo-Adam-Owczarek-PhotoMS.se-70-1024x683.jpg\" alt=\"\" class=\"wp-image-2283\" srcset=\"https:\/\/www.worldrally.eu\/wp-content\/uploads\/2023\/12\/79-Rally-Poland-2023-Photo-Adam-Owczarek-PhotoMS.se-70-1024x683.jpg 1024w, https:\/\/www.worldrally.eu\/wp-content\/uploads\/2023\/12\/79-Rally-Poland-2023-Photo-Adam-Owczarek-PhotoMS.se-70-300x200.jpg 300w, https:\/\/www.worldrally.eu\/wp-content\/uploads\/2023\/12\/79-Rally-Poland-2023-Photo-Adam-Owczarek-PhotoMS.se-70-768x512.jpg 768w, https:\/\/www.worldrally.eu\/wp-content\/uploads\/2023\/12\/79-Rally-Poland-2023-Photo-Adam-Owczarek-PhotoMS.se-70-1536x1024.jpg 1536w, https:\/\/www.worldrally.eu\/wp-content\/uploads\/2023\/12\/79-Rally-Poland-2023-Photo-Adam-Owczarek-PhotoMS.se-70-446x297.jpg 446w, https:\/\/www.worldrally.eu\/wp-content\/uploads\/2023\/12\/79-Rally-Poland-2023-Photo-Adam-Owczarek-PhotoMS.se-70.jpg 1620w\" sizes=\"(max-width: 1024px) 100vw, 1024px\" \/><figcaption class=\"wp-element-caption\">Foto &#8211; PhotoMS<\/figcaption><\/figure>\n\n\n\n<blockquote class=\"wp-block-quote is-layout-flow wp-block-quote-is-layout-flow\">\n<p class=\"wp-block-paragraph\">Fiesta Rally3 Trophy to zupe\u0142nie nowa seria jednej marki, kt\u00f3ra, mam nadziej\u0119, pomo\u017ce nagrodzi\u0107 i zach\u0119ci\u0107 kolejne pokolenie kierowc\u00f3w, kt\u00f3rych przeznaczeniem jest osi\u0105gni\u0119cie szczytu w naszym sporcie. W M-Sport Poland na co dzie\u0144 mamy kontakt z kierowcami. Serie jednej marki by\u0142y kiedy\u015b podstaw\u0105 dzia\u0142alno\u015bci M-Sport Poland i pami\u0119tam dreszczyk emocji i podekscytowanie widokiem tak wielu utalentowanych kierowc\u00f3w z r\u00f3\u017cnych \u015brodowisk. Sta\u0142o si\u0119 dla nas oczywiste, \u017ce wraz z popularno\u015bci\u0105 Fiesta Rally3 potrzebne jest wsparcie zawod\u00f3w w stylu trofe\u00f3w, kt\u00f3re pomog\u0105 wskaza\u0107, kogo powinni\u015bmy wspiera\u0107 w najbli\u017cszej przysz\u0142o\u015bci. Obecnie obserwujemy niesamowite wyniki Fiesta Rally3 Evo. Jestem pewien, \u017ce uczestnicy przysz\u0142orocznego Fiesta Rally3 Trophy b\u0119d\u0105 nadal uzupe\u0142nia\u0107 t\u0119 list\u0119<\/p>\n<cite>doda\u0142 Maciej Woda &#8211; Cz\u0142onek zarz\u0105du M-Sport Poland<\/cite><\/blockquote>\n\n\n\n<p class=\"wp-block-paragraph\">Aby zakwalifikowa\u0107 si\u0119 do Trofeum Fiesta Rally3, zawodnicy musz\u0105 najpierw zarejestrowa\u0107 si\u0119 w Mistrzostwach FIA ERC3, a nast\u0119pnie przyst\u0105pi\u0107 do serii za po\u015brednictwem M-Sport Poland.<\/p>\n","protected":false},"excerpt":{"rendered":"<p>Fiesta Rally3 Trophy obejmie pi\u0119\u0107 rund ERC i zapewni swojemu zwyci\u0119zcy finansowany przejazd na przysz\u0142oroczn\u0105 rund\u0119 Rajd\u00f3w Europy \u015arodkowo-Wschodniej w ramach mistrzostw \u015bwiata w Fiesta Rally3. Wszyscy kierowcy b\u0119d\u0105 u\u017cywa\u0107 opon Pirelli o tej samej specyfikacji i paliwa Gulf Race. Obie firmy oferuj\u0105 pakiety ze zni\u017ckami. Zwyci\u0119zca klasyfikacji generalnej Fiesta Rally3 Trophy b\u0119dzie m\u00f3g\u0142 skorzysta\u0107 [&hellip;]<\/p>\n","protected":false},"author":2,"featured_media":2282,"comment_status":"closed","ping_status":"closed","sticky":false,"template":"","format":"standard","meta":{"_monsterinsights_skip_tracking":false,"_monsterinsights_sitenote_active":false,"_monsterinsights_sitenote_note":"","_monsterinsights_sitenote_category":0,"footnotes":""},"categories":[4],"tags":[],"class_list":["post-2281","post","type-post","status-publish","format-standard","has-post-thumbnail","hentry","category-erc"],"aioseo_notices":[],"aioseo_head":"\n\t\t<!-- All in One SEO 4.9.9 - aioseo.com -->\n\t<meta name=\"description\" content=\"Fiesta Rally3 Trophy obejmie pi\u0119\u0107 rund ERC i zapewni swojemu zwyci\u0119zcy finansowany przejazd na przysz\u0142oroczn\u0105 rund\u0119 Rajd\u00f3w Europy \u015arodkowo-Wschodniej w ramach mistrzostw \u015bwiata w Fiesta Rally3. Wszyscy kierowcy b\u0119d\u0105 u\u017cywa\u0107 opon Pirelli o tej samej specyfikacji i paliwa Gulf Race. Obie firmy oferuj\u0105 pakiety ze zni\u017ckami. Zwyci\u0119zca klasyfikacji generalnej Fiesta Rally3 Trophy b\u0119dzie m\u00f3g\u0142 skorzysta\u0107\" \/>\n\t<meta name=\"robots\" content=\"max-image-preview:large\" \/>\n\t<meta name=\"author\" content=\"Magdalena\"\/>\n\t<link rel=\"canonical\" href=\"https:\/\/www.worldrally.eu\/index.php\/2023\/12\/19\/m-sport-poland-z-ambitnymi-planami-na-2024\/\" \/>\n\t<meta name=\"generator\" content=\"All in One SEO (AIOSEO) 4.9.9\" \/>\n\t\t<meta property=\"og:locale\" content=\"en_GB\" \/>\n\t\t<meta property=\"og:site_name\" content=\"WorldRally.eu \u00bb\" \/>\n\t\t<meta property=\"og:type\" content=\"article\" \/>\n\t\t<meta property=\"og:title\" content=\"M-Sport Poland z ambitnymi planami na 2024 \u00bb WorldRally.eu\" \/>\n\t\t<meta property=\"og:description\" content=\"Fiesta Rally3 Trophy obejmie pi\u0119\u0107 rund ERC i zapewni swojemu zwyci\u0119zcy finansowany przejazd na przysz\u0142oroczn\u0105 rund\u0119 Rajd\u00f3w Europy \u015arodkowo-Wschodniej w ramach mistrzostw \u015bwiata w Fiesta Rally3. Wszyscy kierowcy b\u0119d\u0105 u\u017cywa\u0107 opon Pirelli o tej samej specyfikacji i paliwa Gulf Race. Obie firmy oferuj\u0105 pakiety ze zni\u017ckami. Zwyci\u0119zca klasyfikacji generalnej Fiesta Rally3 Trophy b\u0119dzie m\u00f3g\u0142 skorzysta\u0107\" \/>\n\t\t<meta property=\"og:url\" content=\"https:\/\/www.worldrally.eu\/index.php\/2023\/12\/19\/m-sport-poland-z-ambitnymi-planami-na-2024\/\" \/>\n\t\t<meta property=\"og:image\" content=\"https:\/\/www.worldrally.eu\/wp-content\/uploads\/2023\/12\/79-Rally-Poland-2023-Photo-Adam-Owczarek-PhotoMS.se-32.jpg\" \/>\n\t\t<meta property=\"og:image:secure_url\" content=\"https:\/\/www.worldrally.eu\/wp-content\/uploads\/2023\/12\/79-Rally-Poland-2023-Photo-Adam-Owczarek-PhotoMS.se-32.jpg\" \/>\n\t\t<meta property=\"og:image:width\" content=\"1620\" \/>\n\t\t<meta property=\"og:image:height\" content=\"1040\" \/>\n\t\t<meta property=\"article:published_time\" content=\"2023-12-19T19:50:36+00:00\" \/>\n\t\t<meta property=\"article:modified_time\" content=\"2023-12-19T19:50:36+00:00\" \/>\n\t\t<meta name=\"twitter:card\" content=\"summary_large_image\" \/>\n\t\t<meta name=\"twitter:title\" content=\"M-Sport Poland z ambitnymi planami na 2024 \u00bb WorldRally.eu\" \/>\n\t\t<meta name=\"twitter:description\" content=\"Fiesta Rally3 Trophy obejmie pi\u0119\u0107 rund ERC i zapewni swojemu zwyci\u0119zcy finansowany przejazd na przysz\u0142oroczn\u0105 rund\u0119 Rajd\u00f3w Europy \u015arodkowo-Wschodniej w ramach mistrzostw \u015bwiata w Fiesta Rally3. Wszyscy kierowcy b\u0119d\u0105 u\u017cywa\u0107 opon Pirelli o tej samej specyfikacji i paliwa Gulf Race. Obie firmy oferuj\u0105 pakiety ze zni\u017ckami. Zwyci\u0119zca klasyfikacji generalnej Fiesta Rally3 Trophy b\u0119dzie m\u00f3g\u0142 skorzysta\u0107\" \/>\n\t\t<meta name=\"twitter:image\" content=\"https:\/\/www.worldrally.eu\/wp-content\/uploads\/2023\/12\/79-Rally-Poland-2023-Photo-Adam-Owczarek-PhotoMS.se-32.jpg\" \/>\n\t\t<script type=\"application\/ld+json\" class=\"aioseo-schema\">\n\t\t\t{\"@context\":\"https:\\\/\\\/schema.org\",\"@graph\":[{\"@type\":\"BlogPosting\",\"@id\":\"https:\\\/\\\/www.worldrally.eu\\\/index.php\\\/2023\\\/12\\\/19\\\/m-sport-poland-z-ambitnymi-planami-na-2024\\\/#blogposting\",\"name\":\"M-Sport Poland z ambitnymi planami na 2024 \\u00bb WorldRally.eu\",\"headline\":\"M-Sport Poland z ambitnymi planami na 2024\",\"author\":{\"@id\":\"https:\\\/\\\/www.worldrally.eu\\\/index.php\\\/author\\\/magdalena\\\/#author\"},\"publisher\":{\"@id\":\"https:\\\/\\\/www.worldrally.eu\\\/#organization\"},\"image\":{\"@type\":\"ImageObject\",\"url\":\"https:\\\/\\\/www.worldrally.eu\\\/wp-content\\\/uploads\\\/2023\\\/12\\\/79-Rally-Poland-2023-Photo-Adam-Owczarek-PhotoMS.se-32.jpg\",\"width\":1620,\"height\":1040},\"datePublished\":\"2023-12-19T19:50:36+00:00\",\"dateModified\":\"2023-12-19T19:50:36+00:00\",\"inLanguage\":\"en-GB\",\"mainEntityOfPage\":{\"@id\":\"https:\\\/\\\/www.worldrally.eu\\\/index.php\\\/2023\\\/12\\\/19\\\/m-sport-poland-z-ambitnymi-planami-na-2024\\\/#webpage\"},\"isPartOf\":{\"@id\":\"https:\\\/\\\/www.worldrally.eu\\\/index.php\\\/2023\\\/12\\\/19\\\/m-sport-poland-z-ambitnymi-planami-na-2024\\\/#webpage\"},\"articleSection\":\"ERC\"},{\"@type\":\"BreadcrumbList\",\"@id\":\"https:\\\/\\\/www.worldrally.eu\\\/index.php\\\/2023\\\/12\\\/19\\\/m-sport-poland-z-ambitnymi-planami-na-2024\\\/#breadcrumblist\",\"itemListElement\":[{\"@type\":\"ListItem\",\"@id\":\"https:\\\/\\\/www.worldrally.eu#listItem\",\"position\":1,\"name\":\"Home\",\"item\":\"https:\\\/\\\/www.worldrally.eu\",\"nextItem\":{\"@type\":\"ListItem\",\"@id\":\"https:\\\/\\\/www.worldrally.eu\\\/index.php\\\/category\\\/erc\\\/#listItem\",\"name\":\"ERC\"}},{\"@type\":\"ListItem\",\"@id\":\"https:\\\/\\\/www.worldrally.eu\\\/index.php\\\/category\\\/erc\\\/#listItem\",\"position\":2,\"name\":\"ERC\",\"item\":\"https:\\\/\\\/www.worldrally.eu\\\/index.php\\\/category\\\/erc\\\/\",\"nextItem\":{\"@type\":\"ListItem\",\"@id\":\"https:\\\/\\\/www.worldrally.eu\\\/index.php\\\/2023\\\/12\\\/19\\\/m-sport-poland-z-ambitnymi-planami-na-2024\\\/#listItem\",\"name\":\"M-Sport Poland z ambitnymi planami na 2024\"},\"previousItem\":{\"@type\":\"ListItem\",\"@id\":\"https:\\\/\\\/www.worldrally.eu#listItem\",\"name\":\"Home\"}},{\"@type\":\"ListItem\",\"@id\":\"https:\\\/\\\/www.worldrally.eu\\\/index.php\\\/2023\\\/12\\\/19\\\/m-sport-poland-z-ambitnymi-planami-na-2024\\\/#listItem\",\"position\":3,\"name\":\"M-Sport Poland z ambitnymi planami na 2024\",\"previousItem\":{\"@type\":\"ListItem\",\"@id\":\"https:\\\/\\\/www.worldrally.eu\\\/index.php\\\/category\\\/erc\\\/#listItem\",\"name\":\"ERC\"}}]},{\"@type\":\"Organization\",\"@id\":\"https:\\\/\\\/www.worldrally.eu\\\/#organization\",\"name\":\"WorldRally.eu\",\"url\":\"https:\\\/\\\/www.worldrally.eu\\\/\",\"logo\":{\"@type\":\"ImageObject\",\"url\":\"https:\\\/\\\/www.worldrally.eu\\\/wp-content\\\/uploads\\\/2026\\\/01\\\/cropped-logo-3.png\",\"@id\":\"https:\\\/\\\/www.worldrally.eu\\\/index.php\\\/2023\\\/12\\\/19\\\/m-sport-poland-z-ambitnymi-planami-na-2024\\\/#organizationLogo\",\"width\":2039,\"height\":756},\"image\":{\"@id\":\"https:\\\/\\\/www.worldrally.eu\\\/index.php\\\/2023\\\/12\\\/19\\\/m-sport-poland-z-ambitnymi-planami-na-2024\\\/#organizationLogo\"}},{\"@type\":\"Person\",\"@id\":\"https:\\\/\\\/www.worldrally.eu\\\/index.php\\\/author\\\/magdalena\\\/#author\",\"url\":\"https:\\\/\\\/www.worldrally.eu\\\/index.php\\\/author\\\/magdalena\\\/\",\"name\":\"Magdalena\",\"image\":{\"@type\":\"ImageObject\",\"@id\":\"https:\\\/\\\/www.worldrally.eu\\\/index.php\\\/2023\\\/12\\\/19\\\/m-sport-poland-z-ambitnymi-planami-na-2024\\\/#authorImage\",\"url\":\"https:\\\/\\\/secure.gravatar.com\\\/avatar\\\/853239b46cec38ba30b48d2b091f5538817cc78bdc0944c9ef7408579307e2ea?s=96&d=mm&r=g\",\"width\":96,\"height\":96,\"caption\":\"Magdalena\"}},{\"@type\":\"WebPage\",\"@id\":\"https:\\\/\\\/www.worldrally.eu\\\/index.php\\\/2023\\\/12\\\/19\\\/m-sport-poland-z-ambitnymi-planami-na-2024\\\/#webpage\",\"url\":\"https:\\\/\\\/www.worldrally.eu\\\/index.php\\\/2023\\\/12\\\/19\\\/m-sport-poland-z-ambitnymi-planami-na-2024\\\/\",\"name\":\"M-Sport Poland z ambitnymi planami na 2024 \\u00bb WorldRally.eu\",\"description\":\"Fiesta Rally3 Trophy obejmie pi\\u0119\\u0107 rund ERC i zapewni swojemu zwyci\\u0119zcy finansowany przejazd na przysz\\u0142oroczn\\u0105 rund\\u0119 Rajd\\u00f3w Europy \\u015arodkowo-Wschodniej w ramach mistrzostw \\u015bwiata w Fiesta Rally3. Wszyscy kierowcy b\\u0119d\\u0105 u\\u017cywa\\u0107 opon Pirelli o tej samej specyfikacji i paliwa Gulf Race. Obie firmy oferuj\\u0105 pakiety ze zni\\u017ckami. Zwyci\\u0119zca klasyfikacji generalnej Fiesta Rally3 Trophy b\\u0119dzie m\\u00f3g\\u0142 skorzysta\\u0107\",\"inLanguage\":\"en-GB\",\"isPartOf\":{\"@id\":\"https:\\\/\\\/www.worldrally.eu\\\/#website\"},\"breadcrumb\":{\"@id\":\"https:\\\/\\\/www.worldrally.eu\\\/index.php\\\/2023\\\/12\\\/19\\\/m-sport-poland-z-ambitnymi-planami-na-2024\\\/#breadcrumblist\"},\"author\":{\"@id\":\"https:\\\/\\\/www.worldrally.eu\\\/index.php\\\/author\\\/magdalena\\\/#author\"},\"creator\":{\"@id\":\"https:\\\/\\\/www.worldrally.eu\\\/index.php\\\/author\\\/magdalena\\\/#author\"},\"image\":{\"@type\":\"ImageObject\",\"url\":\"https:\\\/\\\/www.worldrally.eu\\\/wp-content\\\/uploads\\\/2023\\\/12\\\/79-Rally-Poland-2023-Photo-Adam-Owczarek-PhotoMS.se-32.jpg\",\"@id\":\"https:\\\/\\\/www.worldrally.eu\\\/index.php\\\/2023\\\/12\\\/19\\\/m-sport-poland-z-ambitnymi-planami-na-2024\\\/#mainImage\",\"width\":1620,\"height\":1040},\"primaryImageOfPage\":{\"@id\":\"https:\\\/\\\/www.worldrally.eu\\\/index.php\\\/2023\\\/12\\\/19\\\/m-sport-poland-z-ambitnymi-planami-na-2024\\\/#mainImage\"},\"datePublished\":\"2023-12-19T19:50:36+00:00\",\"dateModified\":\"2023-12-19T19:50:36+00:00\"},{\"@type\":\"WebSite\",\"@id\":\"https:\\\/\\\/www.worldrally.eu\\\/#website\",\"url\":\"https:\\\/\\\/www.worldrally.eu\\\/\",\"name\":\"WorldRally.eu\",\"inLanguage\":\"en-GB\",\"publisher\":{\"@id\":\"https:\\\/\\\/www.worldrally.eu\\\/#organization\"}}]}\n\t\t<\/script>\n\t\t<!-- All in One SEO -->\n\n","aioseo_head_json":{"title":"M-Sport Poland z ambitnymi planami na 2024 \u00bb WorldRally.eu","description":"Fiesta Rally3 Trophy obejmie pi\u0119\u0107 rund ERC i zapewni swojemu zwyci\u0119zcy finansowany przejazd na przysz\u0142oroczn\u0105 rund\u0119 Rajd\u00f3w Europy \u015arodkowo-Wschodniej w ramach mistrzostw \u015bwiata w Fiesta Rally3. Wszyscy kierowcy b\u0119d\u0105 u\u017cywa\u0107 opon Pirelli o tej samej specyfikacji i paliwa Gulf Race. Obie firmy oferuj\u0105 pakiety ze zni\u017ckami. Zwyci\u0119zca klasyfikacji generalnej Fiesta Rally3 Trophy b\u0119dzie m\u00f3g\u0142 skorzysta\u0107","canonical_url":"https:\/\/www.worldrally.eu\/index.php\/2023\/12\/19\/m-sport-poland-z-ambitnymi-planami-na-2024\/","robots":"max-image-preview:large","keywords":"","webmasterTools":{"miscellaneous":""},"schema":{"@context":"https:\/\/schema.org","@graph":[{"@type":"BlogPosting","@id":"https:\/\/www.worldrally.eu\/index.php\/2023\/12\/19\/m-sport-poland-z-ambitnymi-planami-na-2024\/#blogposting","name":"M-Sport Poland z ambitnymi planami na 2024 \u00bb WorldRally.eu","headline":"M-Sport Poland z ambitnymi planami na 2024","author":{"@id":"https:\/\/www.worldrally.eu\/index.php\/author\/magdalena\/#author"},"publisher":{"@id":"https:\/\/www.worldrally.eu\/#organization"},"image":{"@type":"ImageObject","url":"https:\/\/www.worldrally.eu\/wp-content\/uploads\/2023\/12\/79-Rally-Poland-2023-Photo-Adam-Owczarek-PhotoMS.se-32.jpg","width":1620,"height":1040},"datePublished":"2023-12-19T19:50:36+00:00","dateModified":"2023-12-19T19:50:36+00:00","inLanguage":"en-GB","mainEntityOfPage":{"@id":"https:\/\/www.worldrally.eu\/index.php\/2023\/12\/19\/m-sport-poland-z-ambitnymi-planami-na-2024\/#webpage"},"isPartOf":{"@id":"https:\/\/www.worldrally.eu\/index.php\/2023\/12\/19\/m-sport-poland-z-ambitnymi-planami-na-2024\/#webpage"},"articleSection":"ERC"},{"@type":"BreadcrumbList","@id":"https:\/\/www.worldrally.eu\/index.php\/2023\/12\/19\/m-sport-poland-z-ambitnymi-planami-na-2024\/#breadcrumblist","itemListElement":[{"@type":"ListItem","@id":"https:\/\/www.worldrally.eu#listItem","position":1,"name":"Home","item":"https:\/\/www.worldrally.eu","nextItem":{"@type":"ListItem","@id":"https:\/\/www.worldrally.eu\/index.php\/category\/erc\/#listItem","name":"ERC"}},{"@type":"ListItem","@id":"https:\/\/www.worldrally.eu\/index.php\/category\/erc\/#listItem","position":2,"name":"ERC","item":"https:\/\/www.worldrally.eu\/index.php\/category\/erc\/","nextItem":{"@type":"ListItem","@id":"https:\/\/www.worldrally.eu\/index.php\/2023\/12\/19\/m-sport-poland-z-ambitnymi-planami-na-2024\/#listItem","name":"M-Sport Poland z ambitnymi planami na 2024"},"previousItem":{"@type":"ListItem","@id":"https:\/\/www.worldrally.eu#listItem","name":"Home"}},{"@type":"ListItem","@id":"https:\/\/www.worldrally.eu\/index.php\/2023\/12\/19\/m-sport-poland-z-ambitnymi-planami-na-2024\/#listItem","position":3,"name":"M-Sport Poland z ambitnymi planami na 2024","previousItem":{"@type":"ListItem","@id":"https:\/\/www.worldrally.eu\/index.php\/category\/erc\/#listItem","name":"ERC"}}]},{"@type":"Organization","@id":"https:\/\/www.worldrally.eu\/#organization","name":"WorldRally.eu","url":"https:\/\/www.worldrally.eu\/","logo":{"@type":"ImageObject","url":"https:\/\/www.worldrally.eu\/wp-content\/uploads\/2026\/01\/cropped-logo-3.png","@id":"https:\/\/www.worldrally.eu\/index.php\/2023\/12\/19\/m-sport-poland-z-ambitnymi-planami-na-2024\/#organizationLogo","width":2039,"height":756},"image":{"@id":"https:\/\/www.worldrally.eu\/index.php\/2023\/12\/19\/m-sport-poland-z-ambitnymi-planami-na-2024\/#organizationLogo"}},{"@type":"Person","@id":"https:\/\/www.worldrally.eu\/index.php\/author\/magdalena\/#author","url":"https:\/\/www.worldrally.eu\/index.php\/author\/magdalena\/","name":"Magdalena","image":{"@type":"ImageObject","@id":"https:\/\/www.worldrally.eu\/index.php\/2023\/12\/19\/m-sport-poland-z-ambitnymi-planami-na-2024\/#authorImage","url":"https:\/\/secure.gravatar.com\/avatar\/853239b46cec38ba30b48d2b091f5538817cc78bdc0944c9ef7408579307e2ea?s=96&d=mm&r=g","width":96,"height":96,"caption":"Magdalena"}},{"@type":"WebPage","@id":"https:\/\/www.worldrally.eu\/index.php\/2023\/12\/19\/m-sport-poland-z-ambitnymi-planami-na-2024\/#webpage","url":"https:\/\/www.worldrally.eu\/index.php\/2023\/12\/19\/m-sport-poland-z-ambitnymi-planami-na-2024\/","name":"M-Sport Poland z ambitnymi planami na 2024 \u00bb WorldRally.eu","description":"Fiesta Rally3 Trophy obejmie pi\u0119\u0107 rund ERC i zapewni swojemu zwyci\u0119zcy finansowany przejazd na przysz\u0142oroczn\u0105 rund\u0119 Rajd\u00f3w Europy \u015arodkowo-Wschodniej w ramach mistrzostw \u015bwiata w Fiesta Rally3. Wszyscy kierowcy b\u0119d\u0105 u\u017cywa\u0107 opon Pirelli o tej samej specyfikacji i paliwa Gulf Race. Obie firmy oferuj\u0105 pakiety ze zni\u017ckami. Zwyci\u0119zca klasyfikacji generalnej Fiesta Rally3 Trophy b\u0119dzie m\u00f3g\u0142 skorzysta\u0107","inLanguage":"en-GB","isPartOf":{"@id":"https:\/\/www.worldrally.eu\/#website"},"breadcrumb":{"@id":"https:\/\/www.worldrally.eu\/index.php\/2023\/12\/19\/m-sport-poland-z-ambitnymi-planami-na-2024\/#breadcrumblist"},"author":{"@id":"https:\/\/www.worldrally.eu\/index.php\/author\/magdalena\/#author"},"creator":{"@id":"https:\/\/www.worldrally.eu\/index.php\/author\/magdalena\/#author"},"image":{"@type":"ImageObject","url":"https:\/\/www.worldrally.eu\/wp-content\/uploads\/2023\/12\/79-Rally-Poland-2023-Photo-Adam-Owczarek-PhotoMS.se-32.jpg","@id":"https:\/\/www.worldrally.eu\/index.php\/2023\/12\/19\/m-sport-poland-z-ambitnymi-planami-na-2024\/#mainImage","width":1620,"height":1040},"primaryImageOfPage":{"@id":"https:\/\/www.worldrally.eu\/index.php\/2023\/12\/19\/m-sport-poland-z-ambitnymi-planami-na-2024\/#mainImage"},"datePublished":"2023-12-19T19:50:36+00:00","dateModified":"2023-12-19T19:50:36+00:00"},{"@type":"WebSite","@id":"https:\/\/www.worldrally.eu\/#website","url":"https:\/\/www.worldrally.eu\/","name":"WorldRally.eu","inLanguage":"en-GB","publisher":{"@id":"https:\/\/www.worldrally.eu\/#organization"}}]},"og:locale":"en_GB","og:site_name":"WorldRally.eu \u00bb","og:type":"article","og:title":"M-Sport Poland z ambitnymi planami na 2024 \u00bb WorldRally.eu","og:description":"Fiesta Rally3 Trophy obejmie pi\u0119\u0107 rund ERC i zapewni swojemu zwyci\u0119zcy finansowany przejazd na przysz\u0142oroczn\u0105 rund\u0119 Rajd\u00f3w Europy \u015arodkowo-Wschodniej w ramach mistrzostw \u015bwiata w Fiesta Rally3. Wszyscy kierowcy b\u0119d\u0105 u\u017cywa\u0107 opon Pirelli o tej samej specyfikacji i paliwa Gulf Race. Obie firmy oferuj\u0105 pakiety ze zni\u017ckami. Zwyci\u0119zca klasyfikacji generalnej Fiesta Rally3 Trophy b\u0119dzie m\u00f3g\u0142 skorzysta\u0107","og:url":"https:\/\/www.worldrally.eu\/index.php\/2023\/12\/19\/m-sport-poland-z-ambitnymi-planami-na-2024\/","og:image":"https:\/\/www.worldrally.eu\/wp-content\/uploads\/2023\/12\/79-Rally-Poland-2023-Photo-Adam-Owczarek-PhotoMS.se-32.jpg","og:image:secure_url":"https:\/\/www.worldrally.eu\/wp-content\/uploads\/2023\/12\/79-Rally-Poland-2023-Photo-Adam-Owczarek-PhotoMS.se-32.jpg","og:image:width":1620,"og:image:height":1040,"article:published_time":"2023-12-19T19:50:36+00:00","article:modified_time":"2023-12-19T19:50:36+00:00","twitter:card":"summary_large_image","twitter:title":"M-Sport Poland z ambitnymi planami na 2024 \u00bb WorldRally.eu","twitter:description":"Fiesta Rally3 Trophy obejmie pi\u0119\u0107 rund ERC i zapewni swojemu zwyci\u0119zcy finansowany przejazd na przysz\u0142oroczn\u0105 rund\u0119 Rajd\u00f3w Europy \u015arodkowo-Wschodniej w ramach mistrzostw \u015bwiata w Fiesta Rally3. Wszyscy kierowcy b\u0119d\u0105 u\u017cywa\u0107 opon Pirelli o tej samej specyfikacji i paliwa Gulf Race. Obie firmy oferuj\u0105 pakiety ze zni\u017ckami. Zwyci\u0119zca klasyfikacji generalnej Fiesta Rally3 Trophy b\u0119dzie m\u00f3g\u0142 skorzysta\u0107","twitter:image":"https:\/\/www.worldrally.eu\/wp-content\/uploads\/2023\/12\/79-Rally-Poland-2023-Photo-Adam-Owczarek-PhotoMS.se-32.jpg"},"aioseo_meta_data":{"post_id":"2281","title":null,"description":null,"keywords":null,"keyphrases":null,"primary_term":null,"canonical_url":null,"og_title":null,"og_description":null,"og_object_type":"default","og_image_type":"default","og_image_url":null,"og_image_width":null,"og_image_height":null,"og_image_custom_url":null,"og_image_custom_fields":null,"og_video":null,"og_custom_url":null,"og_article_section":null,"og_article_tags":null,"twitter_use_og":false,"twitter_card":"default","twitter_image_type":"default","twitter_image_url":null,"twitter_image_custom_url":null,"twitter_image_custom_fields":null,"twitter_title":null,"twitter_description":null,"schema":{"blockGraphs":[],"customGraphs":[],"default":{"data":{"Article":[],"Course":[],"Dataset":[],"FAQPage":[],"Movie":[],"Person":[],"Product":[],"ProductReview":[],"Car":[],"Recipe":[],"Service":[],"SoftwareApplication":[],"WebPage":[]},"graphName":"","isEnabled":true},"graphs":[]},"schema_type":"default","schema_type_options":null,"pillar_content":false,"robots_default":true,"robots_noindex":false,"robots_noarchive":false,"robots_nosnippet":false,"robots_nofollow":false,"robots_noimageindex":false,"robots_noodp":false,"robots_notranslate":false,"robots_max_snippet":null,"robots_max_videopreview":null,"robots_max_imagepreview":"large","priority":null,"frequency":null,"local_seo":null,"breadcrumb_settings":null,"limit_modified_date":false,"ai":null,"created":"2025-03-22 06:32:34","updated":"2025-10-26 12:17:36","seo_analyzer_scan_date":null},"aioseo_breadcrumb":"<div class=\"aioseo-breadcrumbs\"><span class=\"aioseo-breadcrumb\">\n\t\t\t<a href=\"https:\/\/www.worldrally.eu\" title=\"Home\">Home<\/a>\n\t\t<\/span><span class=\"aioseo-breadcrumb-separator\">&raquo;<\/span><span class=\"aioseo-breadcrumb\">\n\t\t\t<a href=\"https:\/\/www.worldrally.eu\/index.php\/category\/erc\/\" title=\"ERC\">ERC<\/a>\n\t\t<\/span><span class=\"aioseo-breadcrumb-separator\">&raquo;<\/span><span class=\"aioseo-breadcrumb\">\n\t\t\tM-Sport Poland z ambitnymi planami na 2024\n\t\t<\/span><\/div>","aioseo_breadcrumb_json":[{"label":"Home","link":"https:\/\/www.worldrally.eu"},{"label":"ERC","link":"https:\/\/www.worldrally.eu\/index.php\/category\/erc\/"},{"label":"M-Sport Poland z ambitnymi planami na 2024","link":"https:\/\/www.worldrally.eu\/index.php\/2023\/12\/19\/m-sport-poland-z-ambitnymi-planami-na-2024\/"}],"cc_featured_image_caption":{"caption_text":"Foto - PhotoMS","source_text":"","source_url":""},"_links":{"self":[{"href":"https:\/\/www.worldrally.eu\/index.php\/wp-json\/wp\/v2\/posts\/2281","targetHints":{"allow":["GET"]}}],"collection":[{"href":"https:\/\/www.worldrally.eu\/index.php\/wp-json\/wp\/v2\/posts"}],"about":[{"href":"https:\/\/www.worldrally.eu\/index.php\/wp-json\/wp\/v2\/types\/post"}],"author":[{"embeddable":true,"href":"https:\/\/www.worldrally.eu\/index.php\/wp-json\/wp\/v2\/users\/2"}],"replies":[{"embeddable":true,"href":"https:\/\/www.worldrally.eu\/index.php\/wp-json\/wp\/v2\/comments?post=2281"}],"version-history":[{"count":1,"href":"https:\/\/www.worldrally.eu\/index.php\/wp-json\/wp\/v2\/posts\/2281\/revisions"}],"predecessor-version":[{"id":2284,"href":"https:\/\/www.worldrally.eu\/index.php\/wp-json\/wp\/v2\/posts\/2281\/revisions\/2284"}],"wp:featuredmedia":[{"embeddable":true,"href":"https:\/\/www.worldrally.eu\/index.php\/wp-json\/wp\/v2\/media\/2282"}],"wp:attachment":[{"href":"https:\/\/www.worldrally.eu\/index.php\/wp-json\/wp\/v2\/media?parent=2281"}],"wp:term":[{"taxonomy":"category","embeddable":true,"href":"https:\/\/www.worldrally.eu\/index.php\/wp-json\/wp\/v2\/categories?post=2281"},{"taxonomy":"post_tag","embeddable":true,"href":"https:\/\/www.worldrally.eu\/index.php\/wp-json\/wp\/v2\/tags?post=2281"}],"curies":[{"name":"wp","href":"https:\/\/api.w.org\/{rel}","templated":true}]}}