{"id":2231,"date":"2023-11-19T17:18:00","date_gmt":"2023-11-19T17:18:00","guid":{"rendered":"https:\/\/www.worldrally.eu\/?p=2231"},"modified":"2023-11-19T23:38:56","modified_gmt":"2023-11-19T23:38:56","slug":"evans-wygrywa-rajd-japonii","status":"publish","type":"post","link":"https:\/\/www.worldrally.eu\/index.php\/2023\/11\/19\/evans-wygrywa-rajd-japonii\/","title":{"rendered":"Evans wygrywa Rajd Japonii"},"content":{"rendered":"\n<p class=\"wp-block-paragraph\">Elfyn Evans wraz ze swoim pilotem Martinem Scott wygrywaj\u0105 Rajd Japonii i tym samym zostaj\u0105 wicemistrzami w Rajdowych Mistrzostwach \u015awiata.<\/p>\n\n\n\n<p class=\"wp-block-paragraph\">Drugi stopie\u0144 na podium wywalczy\u0142 kolega zespo\u0142owy Evansa, Sebastien Ogier przed Kalle Rovanper\u00e4 i tym samym wszystkie miejsca zdobyli kierowcy Toyoty.<\/p>\n\n\n\n<blockquote class=\"wp-block-quote is-layout-flow wp-block-quote-is-layout-flow\">\n<p class=\"wp-block-paragraph\">Po zesz\u0142ym roku czuj\u0119 si\u0119 ca\u0142kiem mi\u0142o, to by\u0142o du\u017ce rozczarowanie. Ogromne brawa dla zespo\u0142u, samoch\u00f3d spisa\u0142 si\u0119 \u015bwietnie, a wynik 1-2-3 dla Toyoty na w\u0142asnym terenie jest \u015bwietny, jestem naprawd\u0119 dumny.<\/p>\n<cite>powiedzia\u0142 Evans<\/cite><\/blockquote>\n\n\n\n<p class=\"wp-block-paragraph\">Esapekka Lappi by\u0142 czwarty wyprzedzaj\u0105c ostatecznie miejscowego bohatera Takamto Katsuta, kt\u00f3ry musia\u0142 broni\u0107 si\u0119 do samego ko\u0144ca przed Ott T\u00e4nakiem.<\/p>\n\n\n\n<figure class=\"wp-block-image size-large\"><img fetchpriority=\"high\" decoding=\"async\" width=\"1024\" height=\"682\" src=\"https:\/\/www.worldrally.eu\/wp-content\/uploads\/2023\/11\/lappi-1024x682.jpg\" alt=\"\" class=\"wp-image-2233\" srcset=\"https:\/\/www.worldrally.eu\/wp-content\/uploads\/2023\/11\/lappi-1024x682.jpg 1024w, https:\/\/www.worldrally.eu\/wp-content\/uploads\/2023\/11\/lappi-300x200.jpg 300w, https:\/\/www.worldrally.eu\/wp-content\/uploads\/2023\/11\/lappi-768x512.jpg 768w, https:\/\/www.worldrally.eu\/wp-content\/uploads\/2023\/11\/lappi-446x297.jpg 446w, https:\/\/www.worldrally.eu\/wp-content\/uploads\/2023\/11\/lappi.jpg 1280w\" sizes=\"(max-width: 1024px) 100vw, 1024px\" \/><figcaption class=\"wp-element-caption\">Foto &#8211; Lappi FB<\/figcaption><\/figure>\n\n\n\n<blockquote class=\"wp-block-quote is-layout-flow wp-block-quote-is-layout-flow\">\n<p class=\"wp-block-paragraph\">Na pewno wa\u017cne by\u0142o, \u017ceby znale\u017a\u0107 jak\u0105\u015b pr\u0119dko\u015b\u0107. Musz\u0119 podzi\u0119kowa\u0107 ca\u0142emu zespo\u0142owi. Pierwsza po\u0142owa sezonu by\u0142a dobra, druga po\u0142owa nie by\u0142a dla mnie wystarczaj\u0105co dobra. Nie mog\u0119 si\u0119 doczeka\u0107 przysz\u0142o\u015bci.<\/p>\n<cite>powiedzia\u0142 Lappi na mecie<\/cite><\/blockquote>\n\n\n\n<p class=\"wp-block-paragraph\">Katsuta m\u00f3g\u0142by sam stan\u0105\u0107 na podium, gdyby nie b\u0142\u0105d na jednym z prawych zakr\u0119t\u00f3w i nie uszkodzi\u0142 przodu swojego Yarisa na SS2.<\/p>\n\n\n\n<figure class=\"wp-block-image size-large\"><img decoding=\"async\" width=\"1024\" height=\"684\" src=\"https:\/\/www.worldrally.eu\/wp-content\/uploads\/2023\/11\/katsuta-1024x684.jpg\" alt=\"\" class=\"wp-image-2234\" srcset=\"https:\/\/www.worldrally.eu\/wp-content\/uploads\/2023\/11\/katsuta-1024x684.jpg 1024w, https:\/\/www.worldrally.eu\/wp-content\/uploads\/2023\/11\/katsuta-300x200.jpg 300w, https:\/\/www.worldrally.eu\/wp-content\/uploads\/2023\/11\/katsuta-768x513.jpg 768w, https:\/\/www.worldrally.eu\/wp-content\/uploads\/2023\/11\/katsuta-446x297.jpg 446w, https:\/\/www.worldrally.eu\/wp-content\/uploads\/2023\/11\/katsuta.jpg 1047w\" sizes=\"(max-width: 1024px) 100vw, 1024px\" \/><figcaption class=\"wp-element-caption\">Foto &#8211; Katsuta FB<\/figcaption><\/figure>\n\n\n\n<p class=\"wp-block-paragraph\">Na tym zakr\u0119cie ponie\u015bli tak\u017ce Dani Sordo z Hyundaia i Adrien Fourmaux nieumy\u015blnie zaparkowa\u0142 idealnie obok Sordo.<\/p>\n\n\n\n<p class=\"wp-block-paragraph\">Katsuta wybroni\u0142 si\u0119, ale straci\u0142 pi\u0119\u0107 minut i ca\u0142\u0105 nadziej\u0119 na zwyci\u0119stwo. Jednak jego tempo by\u0142o doskona\u0142e, wygrywaj\u0105c 10 etap\u00f3w w trakcie ca\u0142ej imprezy i przedostaj\u0105c si\u0119 z ko\u0144ca do czo\u0142owej dziesi\u0105tki na pi\u0105te miejsce na koniec rajdu.<\/p>\n\n\n\n<blockquote class=\"wp-block-quote is-layout-flow wp-block-quote-is-layout-flow\">\n<p class=\"wp-block-paragraph\">Na pewno pod wzgl\u0119dem szybko\u015bci by\u0142o bardzo dobrze. Musz\u0119 przenie\u015b\u0107 to uczucie na przysz\u0142y rok. Nadal czuj\u0119 si\u0119 zawiedziony, ale taka jest sytuacja. Po prostu staram si\u0119 nie robi\u0107 tego samego [ponownie], kiedy mam potencja\u0142.<\/p>\n<cite>wyja\u015bni\u0142 Katsuta<\/cite><\/blockquote>\n\n\n\n<p class=\"wp-block-paragraph\">Andreas Mikkelsen zaj\u0105\u0142 si\u00f3dme miejsce w klasyfikacji generalnej i zwyci\u0119\u017cy\u0142 w WRC2. Jednak na zwyci\u0119stwo w klasie Rally2 musia\u0142 ci\u0119\u017cko pracowa\u0107, poniewa\u017c Norwega przez ca\u0142\u0105 drog\u0119 goni\u0142 Gr\u00e9goire Munster z M-Sport.<\/p>\n\n\n\n<figure class=\"wp-block-image size-large\"><img decoding=\"async\" width=\"1024\" height=\"683\" src=\"https:\/\/www.worldrally.eu\/wp-content\/uploads\/2023\/11\/mikkelsen-1024x683.jpg\" alt=\"\" class=\"wp-image-2235\" srcset=\"https:\/\/www.worldrally.eu\/wp-content\/uploads\/2023\/11\/mikkelsen-1024x683.jpg 1024w, https:\/\/www.worldrally.eu\/wp-content\/uploads\/2023\/11\/mikkelsen-300x200.jpg 300w, https:\/\/www.worldrally.eu\/wp-content\/uploads\/2023\/11\/mikkelsen-768x512.jpg 768w, https:\/\/www.worldrally.eu\/wp-content\/uploads\/2023\/11\/mikkelsen-1536x1024.jpg 1536w, https:\/\/www.worldrally.eu\/wp-content\/uploads\/2023\/11\/mikkelsen-446x297.jpg 446w, https:\/\/www.worldrally.eu\/wp-content\/uploads\/2023\/11\/mikkelsen.jpg 2048w\" sizes=\"(max-width: 1024px) 100vw, 1024px\" \/><figcaption class=\"wp-element-caption\">Foto &#8211; WRCcom<\/figcaption><\/figure>\n\n\n\n<p class=\"wp-block-paragraph\">Nikolay Gryazin zaj\u0105\u0142 w WRC \u00f3sme i drugie miejsce w klasie WRC2, wyprzedzaj\u0105c innego pilota \u0160kody Fabia RS Rally2, Kajetana Kajetanowicza, kt\u00f3ry zdoby\u0142 tytu\u0142 WRC2 Challenger<\/p>\n\n\n\n<figure class=\"wp-block-image size-large\"><img loading=\"lazy\" decoding=\"async\" width=\"1024\" height=\"683\" src=\"https:\/\/www.worldrally.eu\/wp-content\/uploads\/2023\/11\/kajto-1024x683.jpg\" alt=\"\" class=\"wp-image-2236\" srcset=\"https:\/\/www.worldrally.eu\/wp-content\/uploads\/2023\/11\/kajto-1024x683.jpg 1024w, https:\/\/www.worldrally.eu\/wp-content\/uploads\/2023\/11\/kajto-300x200.jpg 300w, https:\/\/www.worldrally.eu\/wp-content\/uploads\/2023\/11\/kajto-768x512.jpg 768w, https:\/\/www.worldrally.eu\/wp-content\/uploads\/2023\/11\/kajto-1536x1024.jpg 1536w, https:\/\/www.worldrally.eu\/wp-content\/uploads\/2023\/11\/kajto-446x297.jpg 446w, https:\/\/www.worldrally.eu\/wp-content\/uploads\/2023\/11\/kajto.jpg 2048w\" sizes=\"(max-width: 1024px) 100vw, 1024px\" \/><figcaption class=\"wp-element-caption\">Foto &#8211; WRCcom<\/figcaption><\/figure>\n\n\n\n<p class=\"wp-block-paragraph\">Daniel Chwist i Kamil Heller uko\u0144czyli rajd na dwunastej pozycji w klasyfikacji WRC i pi\u0105tej w klasie WRC2 co jest ogromnym sukcesem tej za\u0142ogi.<\/p>\n\n\n\n<figure class=\"wp-block-table\"><table><tbody><tr><td>1.<\/td><td><img decoding=\"async\" src=\"https:\/\/www.ewrc-results.com\/images\/flags2\/uk.png\" alt=\"flag\"><br>#33<\/td><td><img decoding=\"async\" src=\"https:\/\/www.ewrc-results.com\/images\/icon\/toyota2019.png\" alt=\"logo\"> <a href=\"https:\/\/www.ewrc-results.com\/entryinfo\/80245-forum8-rally-japan-2023\/3843304\/\">Evans Elfyn &#8211; Martin Scott<\/a><br>Toyota GR Yaris Rally1 <img decoding=\"async\" src=\"https:\/\/www.ewrc-results.com\/images\/tyres\/pirelli_red.png\" alt=\"tyre\"><\/td><td>RC1<br>M<\/td><td>3:32:08.8<br><\/td><td><\/td><td>79.6<\/td><\/tr><tr><td>2.<\/td><td><img decoding=\"async\" src=\"https:\/\/www.ewrc-results.com\/images\/flags2\/france.png\" alt=\"flag\"><br>#17<\/td><td><img decoding=\"async\" src=\"https:\/\/www.ewrc-results.com\/images\/icon\/toyota2019.png\" alt=\"logo\"> <a href=\"https:\/\/www.ewrc-results.com\/entryinfo\/80245-forum8-rally-japan-2023\/3859314\/\">Ogier S\u00e9bastien &#8211; Landais V.<\/a><br>Toyota GR Yaris Rally1 <img decoding=\"async\" src=\"https:\/\/www.ewrc-results.com\/images\/tyres\/pirelli_red.png\" alt=\"tyre\"><\/td><td>RC1<br>M<\/td><td>3:33:26.5<br>1:00<\/td><td>+1:17.7<br>+1:17.7<\/td><td>79.5<br>0.28<\/td><\/tr><tr><td>3.<\/td><td><img decoding=\"async\" src=\"https:\/\/www.ewrc-results.com\/images\/flags2\/finland.png\" alt=\"flag\"><br>#69<\/td><td><img decoding=\"async\" src=\"https:\/\/www.ewrc-results.com\/images\/icon\/toyota2019.png\" alt=\"logo\"> <a href=\"https:\/\/www.ewrc-results.com\/entryinfo\/80245-forum8-rally-japan-2023\/3843347\/\">Rovanper\u00e4 Kalle &#8211; Halttunen J.<\/a><br>Toyota GR Yaris Rally1 <img decoding=\"async\" src=\"https:\/\/www.ewrc-results.com\/images\/tyres\/pirelli_red.png\" alt=\"tyre\"><\/td><td>RC1<br>M<\/td><td>3:33:55.3<br><\/td><td>+1:46.5<br>+28.8<\/td><td>79.0<br>0.38<\/td><\/tr><tr><td>4.<\/td><td><img decoding=\"async\" src=\"https:\/\/www.ewrc-results.com\/images\/flags2\/finland.png\" alt=\"flag\"><br>#4<\/td><td><img decoding=\"async\" src=\"https:\/\/www.ewrc-results.com\/images\/icon\/hyundai2.png\" alt=\"logo\"> <a href=\"https:\/\/www.ewrc-results.com\/entryinfo\/80245-forum8-rally-japan-2023\/3843301\/\">Lappi Esapekka &#8211; Ferm Janne<\/a><br>Hyundai i20 N Rally1 <img decoding=\"async\" src=\"https:\/\/www.ewrc-results.com\/images\/tyres\/pirelli_red.png\" alt=\"tyre\"><\/td><td>RC1<br>M<\/td><td>3:34:59.1<br><\/td><td>+2:50.3<br>+1:03.8<\/td><td>78.6<br>0.60<\/td><\/tr><tr><td>5.<\/td><td><img decoding=\"async\" src=\"https:\/\/www.ewrc-results.com\/images\/flags2\/japan.png\" alt=\"flag\"><br>#18<\/td><td><img decoding=\"async\" src=\"https:\/\/www.ewrc-results.com\/images\/icon\/toyota2019.png\" alt=\"logo\"> <a href=\"https:\/\/www.ewrc-results.com\/entryinfo\/80245-forum8-rally-japan-2023\/3843352\/\">Katsuta Takamoto &#8211; Johnston Aaron<\/a><br>Toyota GR Yaris Rally1 <img decoding=\"async\" src=\"https:\/\/www.ewrc-results.com\/images\/tyres\/pirelli_red.png\" alt=\"tyre\"><\/td><td>RC1<\/td><td>3:35:19.1<br>1:10<\/td><td>+3:10.3<br>+20.0<\/td><td>78.9<br>0.68<\/td><\/tr><tr><td>6.<\/td><td><img decoding=\"async\" src=\"https:\/\/www.ewrc-results.com\/images\/flags2\/estonia.png\" alt=\"flag\"><br>#8<\/td><td><img decoding=\"async\" src=\"https:\/\/www.ewrc-results.com\/images\/icon\/ford.png\" alt=\"logo\"> <a href=\"https:\/\/www.ewrc-results.com\/entryinfo\/80245-forum8-rally-japan-2023\/3843303\/\">T\u00e4nak Ott &#8211; J\u00e4rveoja Martin<\/a><br>Ford Puma Rally1 <img decoding=\"async\" src=\"https:\/\/www.ewrc-results.com\/images\/tyres\/pirelli_red.png\" alt=\"tyre\"><\/td><td>RC1<br>M<\/td><td>3:35:37.1<br><\/td><td>+3:28.3<br>+18.0<\/td><td>78.4<br>0.74<\/td><\/tr><tr><td>7.<\/td><td><img decoding=\"async\" src=\"https:\/\/www.ewrc-results.com\/images\/flags2\/norway.png\" alt=\"flag\"><br>#20<\/td><td><img decoding=\"async\" src=\"https:\/\/www.ewrc-results.com\/images\/icon\/skoda2023b.png\" alt=\"logo\"> <a href=\"https:\/\/www.ewrc-results.com\/entryinfo\/80245-forum8-rally-japan-2023\/3859315\/\">Mikkelsen Andreas &#8211; Eriksen T.<\/a><br>\u0160koda Fabia RS Rally2 <img decoding=\"async\" src=\"https:\/\/www.ewrc-results.com\/images\/tyres\/pirelli_red.png\" alt=\"tyre\"><\/td><td>RC2<\/td><td>3:39:42.5<br><\/td><td>+7:33.7<br>+4:05.4<\/td><td>76.9<br>1.61<\/td><\/tr><tr><td>8.<\/td><td><img decoding=\"async\" src=\"https:\/\/www.ewrc-results.com\/images\/flags2\/neutral.png\" alt=\"flag\"><br>#21<\/td><td><img decoding=\"async\" src=\"https:\/\/www.ewrc-results.com\/images\/icon\/skoda2023b.png\" alt=\"logo\"> <a href=\"https:\/\/www.ewrc-results.com\/entryinfo\/80245-forum8-rally-japan-2023\/3859316\/\">Gryazin Nikolay &#8211; Aleksandrov K.<\/a><br>\u0160koda Fabia RS Rally2 <img decoding=\"async\" src=\"https:\/\/www.ewrc-results.com\/images\/tyres\/pirelli_red.png\" alt=\"tyre\"><\/td><td>RC2<\/td><td>3:40:58.4<br><\/td><td>+8:49.6<br>+1:15.9<\/td><td>76.5<br>1.88<\/td><\/tr><tr><td>9.<\/td><td><img decoding=\"async\" src=\"https:\/\/www.ewrc-results.com\/images\/flags2\/poland.png\" alt=\"flag\"><br>#22<\/td><td><img decoding=\"async\" src=\"https:\/\/www.ewrc-results.com\/images\/icon\/skoda2023b.png\" alt=\"logo\"> <a href=\"https:\/\/www.ewrc-results.com\/entryinfo\/80245-forum8-rally-japan-2023\/3859317\/\">Kajetanowicz K. &#8211; Szczepaniak M.<\/a><br>\u0160koda Fabia RS Rally2 <img decoding=\"async\" src=\"https:\/\/www.ewrc-results.com\/images\/tyres\/pirelli_red.png\" alt=\"tyre\"><\/td><td>RC2<\/td><td>3:51:34.7<br><\/td><td>+19:25.9<br>+10:36.3<\/td><td>73.0<br>4.14<\/td><\/tr><tr><td>10.<\/td><td><img decoding=\"async\" src=\"https:\/\/www.ewrc-results.com\/images\/flags2\/japan.png\" alt=\"flag\"><br>#35<\/td><td><img decoding=\"async\" src=\"https:\/\/www.ewrc-results.com\/images\/icon\/peugeot2010.png\" alt=\"logo\"> <a href=\"https:\/\/www.ewrc-results.com\/entryinfo\/80245-forum8-rally-japan-2023\/3859334\/\">Arai Hiroki &#8211; Tachikui Hiroki<\/a><br>Peugeot 208 Rally4 <img decoding=\"async\" src=\"https:\/\/www.ewrc-results.com\/images\/tyres\/dunlop.png\" alt=\"tyre\"><\/td><td>RC4<\/td><td>3:54:31.5<br><\/td><td>+22:22.7<br>+2:56.8<\/td><td>72.0<br>4.77<\/td><\/tr><tr><td>11.<\/td><td><img decoding=\"async\" src=\"https:\/\/www.ewrc-results.com\/images\/flags2\/japan.png\" alt=\"flag\"><br>#26<\/td><td><img decoding=\"async\" src=\"https:\/\/www.ewrc-results.com\/images\/icon\/skoda.png\" alt=\"logo\"> <a href=\"https:\/\/www.ewrc-results.com\/entryinfo\/80245-forum8-rally-japan-2023\/3859321\/\">Fukunaga Osamu &#8211; Saida Misako<\/a><br>\u0160koda Fabia Rally2 evo <img decoding=\"async\" src=\"https:\/\/www.ewrc-results.com\/images\/tyres\/pirelli_red.png\" alt=\"tyre\"><\/td><td>RC2<\/td><td>3:56:47.8<br><\/td><td>+24:39.0<br>+2:16.3<\/td><td>71.3<br>5.25<\/td><\/tr><tr><td>12.<\/td><td><img decoding=\"async\" src=\"https:\/\/www.ewrc-results.com\/images\/flags2\/poland.png\" alt=\"flag\"><br>#25<\/td><td><img decoding=\"async\" src=\"https:\/\/www.ewrc-results.com\/images\/icon\/skoda.png\" alt=\"logo\"> <a href=\"https:\/\/www.ewrc-results.com\/entryinfo\/80245-forum8-rally-japan-2023\/3859320\/\">Chwist Daniel &#8211; Heller Kamil<\/a><br>\u0160koda Fabia Rally2 evo <img decoding=\"async\" src=\"https:\/\/www.ewrc-results.com\/images\/tyres\/pirelli_red.png\" alt=\"tyre\"><\/td><td>RC2<\/td><td>4:00:01.8<br><\/td><td>+27:53.0<br>+3:14.0<\/td><td>70.4<br>5.94<\/td><\/tr><tr><td>13.<br>+1<\/td><td><img decoding=\"async\" src=\"https:\/\/www.ewrc-results.com\/images\/flags2\/belgium.png\" alt=\"flag\"><br>#11<\/td><td><img decoding=\"async\" src=\"https:\/\/www.ewrc-results.com\/images\/icon\/hyundai2.png\" alt=\"logo\"> <a href=\"https:\/\/www.ewrc-results.com\/entryinfo\/80245-forum8-rally-japan-2023\/3843298\/\">Neuville Thierry &#8211; Wydaeghe M.<\/a><br>Hyundai i20 N Rally1 <img decoding=\"async\" src=\"https:\/\/www.ewrc-results.com\/images\/tyres\/pirelli_red.png\" alt=\"tyre\"> <a>[SR]<\/a><\/td><td>RC1<br>M<\/td><td>4:00:13.5<br><\/td><td>+28:04.7<br>+11.7<\/td><td>70.3<br>5.98<\/td><\/tr><tr><td>14.<br>\u22121<\/td><td><img decoding=\"async\" src=\"https:\/\/www.ewrc-results.com\/images\/flags2\/ireland.png\" alt=\"flag\"><br>#28<\/td><td><img decoding=\"async\" src=\"https:\/\/www.ewrc-results.com\/images\/icon\/citroen2009.png\" alt=\"logo\"> <a href=\"https:\/\/www.ewrc-results.com\/entryinfo\/80245-forum8-rally-japan-2023\/3859323\/\">Boland Eamonn &#8211; MJ<\/a><br>Citro\u00ebn C3 Rally2 <img decoding=\"async\" src=\"https:\/\/www.ewrc-results.com\/images\/tyres\/pirelli_red.png\" alt=\"tyre\"><\/td><td>RC2<\/td><td>4:00:47.4<br><\/td><td>+28:38.6<br>+33.9<\/td><td>70.2<br>6.10<\/td><\/tr><tr><td>15.<\/td><td><img decoding=\"async\" src=\"https:\/\/www.ewrc-results.com\/images\/flags2\/japan.png\" alt=\"flag\"><br>#36<\/td><td><img decoding=\"async\" src=\"https:\/\/www.ewrc-results.com\/images\/icon\/toyota2019.png\" alt=\"logo\"> <a href=\"https:\/\/www.ewrc-results.com\/entryinfo\/80245-forum8-rally-japan-2023\/3859337\/\">Shinkai Tomoyuki &#8211; Ando Yuichi<\/a><br>Toyota GR Yaris GR4 DAT Rally <img decoding=\"async\" src=\"https:\/\/www.ewrc-results.com\/images\/tyres\/pirelli_red.png\" alt=\"tyre\"> <a>[SR]<\/a><\/td><td>NAT<\/td><td>4:07:50.4<br>0:10<\/td><td>+35:41.6<br>+7:03.0<\/td><td>68.2<br>7.61<\/td><\/tr><\/tbody><\/table><\/figure>\n","protected":false},"excerpt":{"rendered":"<p>Elfyn Evans wraz ze swoim pilotem Martinem Scott wygrywaj\u0105 Rajd Japonii i tym samym zostaj\u0105 wicemistrzami w Rajdowych Mistrzostwach \u015awiata. Drugi stopie\u0144 na podium wywalczy\u0142 kolega zespo\u0142owy Evansa, Sebastien Ogier przed Kalle Rovanper\u00e4 i tym samym wszystkie miejsca zdobyli kierowcy Toyoty. Po zesz\u0142ym roku czuj\u0119 si\u0119 ca\u0142kiem mi\u0142o, to by\u0142o du\u017ce rozczarowanie. Ogromne brawa dla [&hellip;]<\/p>\n","protected":false},"author":2,"featured_media":2232,"comment_status":"closed","ping_status":"closed","sticky":false,"template":"","format":"standard","meta":{"_monsterinsights_skip_tracking":false,"_monsterinsights_sitenote_active":false,"_monsterinsights_sitenote_note":"","_monsterinsights_sitenote_category":0,"footnotes":""},"categories":[3],"tags":[],"class_list":["post-2231","post","type-post","status-publish","format-standard","has-post-thumbnail","hentry","category-wrc"],"aioseo_notices":[],"aioseo_head":"\n\t\t<!-- All in One SEO 4.9.9 - aioseo.com -->\n\t<meta name=\"description\" content=\"Elfyn Evans wraz ze swoim pilotem Martinem Scott wygrywaj\u0105 Rajd Japonii i tym samym zostaj\u0105 wicemistrzami w Rajdowych Mistrzostwach \u015awiata. Drugi stopie\u0144 na podium wywalczy\u0142 kolega zespo\u0142owy Evansa, Sebastien Ogier przed Kalle Rovanper\u00e4 i tym samym wszystkie miejsca zdobyli kierowcy Toyoty. Po zesz\u0142ym roku czuj\u0119 si\u0119 ca\u0142kiem mi\u0142o, to by\u0142o du\u017ce rozczarowanie. Ogromne brawa dla\" \/>\n\t<meta name=\"robots\" content=\"max-image-preview:large\" \/>\n\t<meta name=\"author\" content=\"Magdalena\"\/>\n\t<link rel=\"canonical\" href=\"https:\/\/www.worldrally.eu\/index.php\/2023\/11\/19\/evans-wygrywa-rajd-japonii\/\" \/>\n\t<meta name=\"generator\" content=\"All in One SEO (AIOSEO) 4.9.9\" \/>\n\t\t<meta property=\"og:locale\" content=\"en_GB\" \/>\n\t\t<meta property=\"og:site_name\" content=\"WorldRally.eu \u00bb\" \/>\n\t\t<meta property=\"og:type\" content=\"article\" \/>\n\t\t<meta property=\"og:title\" content=\"Evans wygrywa Rajd Japonii \u00bb WorldRally.eu\" \/>\n\t\t<meta property=\"og:description\" content=\"Elfyn Evans wraz ze swoim pilotem Martinem Scott wygrywaj\u0105 Rajd Japonii i tym samym zostaj\u0105 wicemistrzami w Rajdowych Mistrzostwach \u015awiata. Drugi stopie\u0144 na podium wywalczy\u0142 kolega zespo\u0142owy Evansa, Sebastien Ogier przed Kalle Rovanper\u00e4 i tym samym wszystkie miejsca zdobyli kierowcy Toyoty. Po zesz\u0142ym roku czuj\u0119 si\u0119 ca\u0142kiem mi\u0142o, to by\u0142o du\u017ce rozczarowanie. Ogromne brawa dla\" \/>\n\t\t<meta property=\"og:url\" content=\"https:\/\/www.worldrally.eu\/index.php\/2023\/11\/19\/evans-wygrywa-rajd-japonii\/\" \/>\n\t\t<meta property=\"og:image\" content=\"https:\/\/www.worldrally.eu\/wp-content\/uploads\/2023\/11\/Elfyn0.jpg\" \/>\n\t\t<meta property=\"og:image:secure_url\" content=\"https:\/\/www.worldrally.eu\/wp-content\/uploads\/2023\/11\/Elfyn0.jpg\" \/>\n\t\t<meta property=\"og:image:width\" content=\"2048\" \/>\n\t\t<meta property=\"og:image:height\" content=\"1366\" \/>\n\t\t<meta property=\"article:published_time\" content=\"2023-11-19T17:18:00+00:00\" \/>\n\t\t<meta property=\"article:modified_time\" content=\"2023-11-19T23:38:56+00:00\" \/>\n\t\t<meta name=\"twitter:card\" content=\"summary_large_image\" \/>\n\t\t<meta name=\"twitter:title\" content=\"Evans wygrywa Rajd Japonii \u00bb WorldRally.eu\" \/>\n\t\t<meta name=\"twitter:description\" content=\"Elfyn Evans wraz ze swoim pilotem Martinem Scott wygrywaj\u0105 Rajd Japonii i tym samym zostaj\u0105 wicemistrzami w Rajdowych Mistrzostwach \u015awiata. Drugi stopie\u0144 na podium wywalczy\u0142 kolega zespo\u0142owy Evansa, Sebastien Ogier przed Kalle Rovanper\u00e4 i tym samym wszystkie miejsca zdobyli kierowcy Toyoty. Po zesz\u0142ym roku czuj\u0119 si\u0119 ca\u0142kiem mi\u0142o, to by\u0142o du\u017ce rozczarowanie. Ogromne brawa dla\" \/>\n\t\t<meta name=\"twitter:image\" content=\"https:\/\/www.worldrally.eu\/wp-content\/uploads\/2023\/11\/Elfyn0.jpg\" \/>\n\t\t<script type=\"application\/ld+json\" class=\"aioseo-schema\">\n\t\t\t{\"@context\":\"https:\\\/\\\/schema.org\",\"@graph\":[{\"@type\":\"BlogPosting\",\"@id\":\"https:\\\/\\\/www.worldrally.eu\\\/index.php\\\/2023\\\/11\\\/19\\\/evans-wygrywa-rajd-japonii\\\/#blogposting\",\"name\":\"Evans wygrywa Rajd Japonii \\u00bb WorldRally.eu\",\"headline\":\"Evans wygrywa Rajd Japonii\",\"author\":{\"@id\":\"https:\\\/\\\/www.worldrally.eu\\\/index.php\\\/author\\\/magdalena\\\/#author\"},\"publisher\":{\"@id\":\"https:\\\/\\\/www.worldrally.eu\\\/#organization\"},\"image\":{\"@type\":\"ImageObject\",\"url\":\"https:\\\/\\\/www.worldrally.eu\\\/wp-content\\\/uploads\\\/2023\\\/11\\\/Elfyn0.jpg\",\"width\":2048,\"height\":1366},\"datePublished\":\"2023-11-19T17:18:00+00:00\",\"dateModified\":\"2023-11-19T23:38:56+00:00\",\"inLanguage\":\"en-GB\",\"mainEntityOfPage\":{\"@id\":\"https:\\\/\\\/www.worldrally.eu\\\/index.php\\\/2023\\\/11\\\/19\\\/evans-wygrywa-rajd-japonii\\\/#webpage\"},\"isPartOf\":{\"@id\":\"https:\\\/\\\/www.worldrally.eu\\\/index.php\\\/2023\\\/11\\\/19\\\/evans-wygrywa-rajd-japonii\\\/#webpage\"},\"articleSection\":\"WRC\"},{\"@type\":\"BreadcrumbList\",\"@id\":\"https:\\\/\\\/www.worldrally.eu\\\/index.php\\\/2023\\\/11\\\/19\\\/evans-wygrywa-rajd-japonii\\\/#breadcrumblist\",\"itemListElement\":[{\"@type\":\"ListItem\",\"@id\":\"https:\\\/\\\/www.worldrally.eu#listItem\",\"position\":1,\"name\":\"Home\",\"item\":\"https:\\\/\\\/www.worldrally.eu\",\"nextItem\":{\"@type\":\"ListItem\",\"@id\":\"https:\\\/\\\/www.worldrally.eu\\\/index.php\\\/category\\\/wrc\\\/#listItem\",\"name\":\"WRC\"}},{\"@type\":\"ListItem\",\"@id\":\"https:\\\/\\\/www.worldrally.eu\\\/index.php\\\/category\\\/wrc\\\/#listItem\",\"position\":2,\"name\":\"WRC\",\"item\":\"https:\\\/\\\/www.worldrally.eu\\\/index.php\\\/category\\\/wrc\\\/\",\"nextItem\":{\"@type\":\"ListItem\",\"@id\":\"https:\\\/\\\/www.worldrally.eu\\\/index.php\\\/2023\\\/11\\\/19\\\/evans-wygrywa-rajd-japonii\\\/#listItem\",\"name\":\"Evans wygrywa Rajd Japonii\"},\"previousItem\":{\"@type\":\"ListItem\",\"@id\":\"https:\\\/\\\/www.worldrally.eu#listItem\",\"name\":\"Home\"}},{\"@type\":\"ListItem\",\"@id\":\"https:\\\/\\\/www.worldrally.eu\\\/index.php\\\/2023\\\/11\\\/19\\\/evans-wygrywa-rajd-japonii\\\/#listItem\",\"position\":3,\"name\":\"Evans wygrywa Rajd Japonii\",\"previousItem\":{\"@type\":\"ListItem\",\"@id\":\"https:\\\/\\\/www.worldrally.eu\\\/index.php\\\/category\\\/wrc\\\/#listItem\",\"name\":\"WRC\"}}]},{\"@type\":\"Organization\",\"@id\":\"https:\\\/\\\/www.worldrally.eu\\\/#organization\",\"name\":\"WorldRally.eu\",\"url\":\"https:\\\/\\\/www.worldrally.eu\\\/\",\"logo\":{\"@type\":\"ImageObject\",\"url\":\"https:\\\/\\\/www.worldrally.eu\\\/wp-content\\\/uploads\\\/2026\\\/01\\\/cropped-logo-3.png\",\"@id\":\"https:\\\/\\\/www.worldrally.eu\\\/index.php\\\/2023\\\/11\\\/19\\\/evans-wygrywa-rajd-japonii\\\/#organizationLogo\",\"width\":2039,\"height\":756},\"image\":{\"@id\":\"https:\\\/\\\/www.worldrally.eu\\\/index.php\\\/2023\\\/11\\\/19\\\/evans-wygrywa-rajd-japonii\\\/#organizationLogo\"}},{\"@type\":\"Person\",\"@id\":\"https:\\\/\\\/www.worldrally.eu\\\/index.php\\\/author\\\/magdalena\\\/#author\",\"url\":\"https:\\\/\\\/www.worldrally.eu\\\/index.php\\\/author\\\/magdalena\\\/\",\"name\":\"Magdalena\",\"image\":{\"@type\":\"ImageObject\",\"@id\":\"https:\\\/\\\/www.worldrally.eu\\\/index.php\\\/2023\\\/11\\\/19\\\/evans-wygrywa-rajd-japonii\\\/#authorImage\",\"url\":\"https:\\\/\\\/secure.gravatar.com\\\/avatar\\\/853239b46cec38ba30b48d2b091f5538817cc78bdc0944c9ef7408579307e2ea?s=96&d=mm&r=g\",\"width\":96,\"height\":96,\"caption\":\"Magdalena\"}},{\"@type\":\"WebPage\",\"@id\":\"https:\\\/\\\/www.worldrally.eu\\\/index.php\\\/2023\\\/11\\\/19\\\/evans-wygrywa-rajd-japonii\\\/#webpage\",\"url\":\"https:\\\/\\\/www.worldrally.eu\\\/index.php\\\/2023\\\/11\\\/19\\\/evans-wygrywa-rajd-japonii\\\/\",\"name\":\"Evans wygrywa Rajd Japonii \\u00bb WorldRally.eu\",\"description\":\"Elfyn Evans wraz ze swoim pilotem Martinem Scott wygrywaj\\u0105 Rajd Japonii i tym samym zostaj\\u0105 wicemistrzami w Rajdowych Mistrzostwach \\u015awiata. Drugi stopie\\u0144 na podium wywalczy\\u0142 kolega zespo\\u0142owy Evansa, Sebastien Ogier przed Kalle Rovanper\\u00e4 i tym samym wszystkie miejsca zdobyli kierowcy Toyoty. Po zesz\\u0142ym roku czuj\\u0119 si\\u0119 ca\\u0142kiem mi\\u0142o, to by\\u0142o du\\u017ce rozczarowanie. Ogromne brawa dla\",\"inLanguage\":\"en-GB\",\"isPartOf\":{\"@id\":\"https:\\\/\\\/www.worldrally.eu\\\/#website\"},\"breadcrumb\":{\"@id\":\"https:\\\/\\\/www.worldrally.eu\\\/index.php\\\/2023\\\/11\\\/19\\\/evans-wygrywa-rajd-japonii\\\/#breadcrumblist\"},\"author\":{\"@id\":\"https:\\\/\\\/www.worldrally.eu\\\/index.php\\\/author\\\/magdalena\\\/#author\"},\"creator\":{\"@id\":\"https:\\\/\\\/www.worldrally.eu\\\/index.php\\\/author\\\/magdalena\\\/#author\"},\"image\":{\"@type\":\"ImageObject\",\"url\":\"https:\\\/\\\/www.worldrally.eu\\\/wp-content\\\/uploads\\\/2023\\\/11\\\/Elfyn0.jpg\",\"@id\":\"https:\\\/\\\/www.worldrally.eu\\\/index.php\\\/2023\\\/11\\\/19\\\/evans-wygrywa-rajd-japonii\\\/#mainImage\",\"width\":2048,\"height\":1366},\"primaryImageOfPage\":{\"@id\":\"https:\\\/\\\/www.worldrally.eu\\\/index.php\\\/2023\\\/11\\\/19\\\/evans-wygrywa-rajd-japonii\\\/#mainImage\"},\"datePublished\":\"2023-11-19T17:18:00+00:00\",\"dateModified\":\"2023-11-19T23:38:56+00:00\"},{\"@type\":\"WebSite\",\"@id\":\"https:\\\/\\\/www.worldrally.eu\\\/#website\",\"url\":\"https:\\\/\\\/www.worldrally.eu\\\/\",\"name\":\"WorldRally.eu\",\"inLanguage\":\"en-GB\",\"publisher\":{\"@id\":\"https:\\\/\\\/www.worldrally.eu\\\/#organization\"}}]}\n\t\t<\/script>\n\t\t<!-- All in One SEO -->\n\n","aioseo_head_json":{"title":"Evans wygrywa Rajd Japonii \u00bb WorldRally.eu","description":"Elfyn Evans wraz ze swoim pilotem Martinem Scott wygrywaj\u0105 Rajd Japonii i tym samym zostaj\u0105 wicemistrzami w Rajdowych Mistrzostwach \u015awiata. Drugi stopie\u0144 na podium wywalczy\u0142 kolega zespo\u0142owy Evansa, Sebastien Ogier przed Kalle Rovanper\u00e4 i tym samym wszystkie miejsca zdobyli kierowcy Toyoty. Po zesz\u0142ym roku czuj\u0119 si\u0119 ca\u0142kiem mi\u0142o, to by\u0142o du\u017ce rozczarowanie. Ogromne brawa dla","canonical_url":"https:\/\/www.worldrally.eu\/index.php\/2023\/11\/19\/evans-wygrywa-rajd-japonii\/","robots":"max-image-preview:large","keywords":"","webmasterTools":{"miscellaneous":""},"schema":{"@context":"https:\/\/schema.org","@graph":[{"@type":"BlogPosting","@id":"https:\/\/www.worldrally.eu\/index.php\/2023\/11\/19\/evans-wygrywa-rajd-japonii\/#blogposting","name":"Evans wygrywa Rajd Japonii \u00bb WorldRally.eu","headline":"Evans wygrywa Rajd Japonii","author":{"@id":"https:\/\/www.worldrally.eu\/index.php\/author\/magdalena\/#author"},"publisher":{"@id":"https:\/\/www.worldrally.eu\/#organization"},"image":{"@type":"ImageObject","url":"https:\/\/www.worldrally.eu\/wp-content\/uploads\/2023\/11\/Elfyn0.jpg","width":2048,"height":1366},"datePublished":"2023-11-19T17:18:00+00:00","dateModified":"2023-11-19T23:38:56+00:00","inLanguage":"en-GB","mainEntityOfPage":{"@id":"https:\/\/www.worldrally.eu\/index.php\/2023\/11\/19\/evans-wygrywa-rajd-japonii\/#webpage"},"isPartOf":{"@id":"https:\/\/www.worldrally.eu\/index.php\/2023\/11\/19\/evans-wygrywa-rajd-japonii\/#webpage"},"articleSection":"WRC"},{"@type":"BreadcrumbList","@id":"https:\/\/www.worldrally.eu\/index.php\/2023\/11\/19\/evans-wygrywa-rajd-japonii\/#breadcrumblist","itemListElement":[{"@type":"ListItem","@id":"https:\/\/www.worldrally.eu#listItem","position":1,"name":"Home","item":"https:\/\/www.worldrally.eu","nextItem":{"@type":"ListItem","@id":"https:\/\/www.worldrally.eu\/index.php\/category\/wrc\/#listItem","name":"WRC"}},{"@type":"ListItem","@id":"https:\/\/www.worldrally.eu\/index.php\/category\/wrc\/#listItem","position":2,"name":"WRC","item":"https:\/\/www.worldrally.eu\/index.php\/category\/wrc\/","nextItem":{"@type":"ListItem","@id":"https:\/\/www.worldrally.eu\/index.php\/2023\/11\/19\/evans-wygrywa-rajd-japonii\/#listItem","name":"Evans wygrywa Rajd Japonii"},"previousItem":{"@type":"ListItem","@id":"https:\/\/www.worldrally.eu#listItem","name":"Home"}},{"@type":"ListItem","@id":"https:\/\/www.worldrally.eu\/index.php\/2023\/11\/19\/evans-wygrywa-rajd-japonii\/#listItem","position":3,"name":"Evans wygrywa Rajd Japonii","previousItem":{"@type":"ListItem","@id":"https:\/\/www.worldrally.eu\/index.php\/category\/wrc\/#listItem","name":"WRC"}}]},{"@type":"Organization","@id":"https:\/\/www.worldrally.eu\/#organization","name":"WorldRally.eu","url":"https:\/\/www.worldrally.eu\/","logo":{"@type":"ImageObject","url":"https:\/\/www.worldrally.eu\/wp-content\/uploads\/2026\/01\/cropped-logo-3.png","@id":"https:\/\/www.worldrally.eu\/index.php\/2023\/11\/19\/evans-wygrywa-rajd-japonii\/#organizationLogo","width":2039,"height":756},"image":{"@id":"https:\/\/www.worldrally.eu\/index.php\/2023\/11\/19\/evans-wygrywa-rajd-japonii\/#organizationLogo"}},{"@type":"Person","@id":"https:\/\/www.worldrally.eu\/index.php\/author\/magdalena\/#author","url":"https:\/\/www.worldrally.eu\/index.php\/author\/magdalena\/","name":"Magdalena","image":{"@type":"ImageObject","@id":"https:\/\/www.worldrally.eu\/index.php\/2023\/11\/19\/evans-wygrywa-rajd-japonii\/#authorImage","url":"https:\/\/secure.gravatar.com\/avatar\/853239b46cec38ba30b48d2b091f5538817cc78bdc0944c9ef7408579307e2ea?s=96&d=mm&r=g","width":96,"height":96,"caption":"Magdalena"}},{"@type":"WebPage","@id":"https:\/\/www.worldrally.eu\/index.php\/2023\/11\/19\/evans-wygrywa-rajd-japonii\/#webpage","url":"https:\/\/www.worldrally.eu\/index.php\/2023\/11\/19\/evans-wygrywa-rajd-japonii\/","name":"Evans wygrywa Rajd Japonii \u00bb WorldRally.eu","description":"Elfyn Evans wraz ze swoim pilotem Martinem Scott wygrywaj\u0105 Rajd Japonii i tym samym zostaj\u0105 wicemistrzami w Rajdowych Mistrzostwach \u015awiata. Drugi stopie\u0144 na podium wywalczy\u0142 kolega zespo\u0142owy Evansa, Sebastien Ogier przed Kalle Rovanper\u00e4 i tym samym wszystkie miejsca zdobyli kierowcy Toyoty. Po zesz\u0142ym roku czuj\u0119 si\u0119 ca\u0142kiem mi\u0142o, to by\u0142o du\u017ce rozczarowanie. Ogromne brawa dla","inLanguage":"en-GB","isPartOf":{"@id":"https:\/\/www.worldrally.eu\/#website"},"breadcrumb":{"@id":"https:\/\/www.worldrally.eu\/index.php\/2023\/11\/19\/evans-wygrywa-rajd-japonii\/#breadcrumblist"},"author":{"@id":"https:\/\/www.worldrally.eu\/index.php\/author\/magdalena\/#author"},"creator":{"@id":"https:\/\/www.worldrally.eu\/index.php\/author\/magdalena\/#author"},"image":{"@type":"ImageObject","url":"https:\/\/www.worldrally.eu\/wp-content\/uploads\/2023\/11\/Elfyn0.jpg","@id":"https:\/\/www.worldrally.eu\/index.php\/2023\/11\/19\/evans-wygrywa-rajd-japonii\/#mainImage","width":2048,"height":1366},"primaryImageOfPage":{"@id":"https:\/\/www.worldrally.eu\/index.php\/2023\/11\/19\/evans-wygrywa-rajd-japonii\/#mainImage"},"datePublished":"2023-11-19T17:18:00+00:00","dateModified":"2023-11-19T23:38:56+00:00"},{"@type":"WebSite","@id":"https:\/\/www.worldrally.eu\/#website","url":"https:\/\/www.worldrally.eu\/","name":"WorldRally.eu","inLanguage":"en-GB","publisher":{"@id":"https:\/\/www.worldrally.eu\/#organization"}}]},"og:locale":"en_GB","og:site_name":"WorldRally.eu \u00bb","og:type":"article","og:title":"Evans wygrywa Rajd Japonii \u00bb WorldRally.eu","og:description":"Elfyn Evans wraz ze swoim pilotem Martinem Scott wygrywaj\u0105 Rajd Japonii i tym samym zostaj\u0105 wicemistrzami w Rajdowych Mistrzostwach \u015awiata. Drugi stopie\u0144 na podium wywalczy\u0142 kolega zespo\u0142owy Evansa, Sebastien Ogier przed Kalle Rovanper\u00e4 i tym samym wszystkie miejsca zdobyli kierowcy Toyoty. Po zesz\u0142ym roku czuj\u0119 si\u0119 ca\u0142kiem mi\u0142o, to by\u0142o du\u017ce rozczarowanie. Ogromne brawa dla","og:url":"https:\/\/www.worldrally.eu\/index.php\/2023\/11\/19\/evans-wygrywa-rajd-japonii\/","og:image":"https:\/\/www.worldrally.eu\/wp-content\/uploads\/2023\/11\/Elfyn0.jpg","og:image:secure_url":"https:\/\/www.worldrally.eu\/wp-content\/uploads\/2023\/11\/Elfyn0.jpg","og:image:width":2048,"og:image:height":1366,"article:published_time":"2023-11-19T17:18:00+00:00","article:modified_time":"2023-11-19T23:38:56+00:00","twitter:card":"summary_large_image","twitter:title":"Evans wygrywa Rajd Japonii \u00bb WorldRally.eu","twitter:description":"Elfyn Evans wraz ze swoim pilotem Martinem Scott wygrywaj\u0105 Rajd Japonii i tym samym zostaj\u0105 wicemistrzami w Rajdowych Mistrzostwach \u015awiata. Drugi stopie\u0144 na podium wywalczy\u0142 kolega zespo\u0142owy Evansa, Sebastien Ogier przed Kalle Rovanper\u00e4 i tym samym wszystkie miejsca zdobyli kierowcy Toyoty. Po zesz\u0142ym roku czuj\u0119 si\u0119 ca\u0142kiem mi\u0142o, to by\u0142o du\u017ce rozczarowanie. Ogromne brawa dla","twitter:image":"https:\/\/www.worldrally.eu\/wp-content\/uploads\/2023\/11\/Elfyn0.jpg"},"aioseo_meta_data":{"post_id":"2231","title":null,"description":null,"keywords":null,"keyphrases":null,"primary_term":null,"canonical_url":null,"og_title":null,"og_description":null,"og_object_type":"default","og_image_type":"default","og_image_url":null,"og_image_width":null,"og_image_height":null,"og_image_custom_url":null,"og_image_custom_fields":null,"og_video":null,"og_custom_url":null,"og_article_section":null,"og_article_tags":null,"twitter_use_og":false,"twitter_card":"default","twitter_image_type":"default","twitter_image_url":null,"twitter_image_custom_url":null,"twitter_image_custom_fields":null,"twitter_title":null,"twitter_description":null,"schema":{"blockGraphs":[],"customGraphs":[],"default":{"data":{"Article":[],"Course":[],"Dataset":[],"FAQPage":[],"Movie":[],"Person":[],"Product":[],"ProductReview":[],"Car":[],"Recipe":[],"Service":[],"SoftwareApplication":[],"WebPage":[]},"graphName":"","isEnabled":true},"graphs":[]},"schema_type":"default","schema_type_options":null,"pillar_content":false,"robots_default":true,"robots_noindex":false,"robots_noarchive":false,"robots_nosnippet":false,"robots_nofollow":false,"robots_noimageindex":false,"robots_noodp":false,"robots_notranslate":false,"robots_max_snippet":null,"robots_max_videopreview":null,"robots_max_imagepreview":"large","priority":null,"frequency":null,"local_seo":null,"breadcrumb_settings":null,"limit_modified_date":false,"ai":null,"created":"2025-03-22 06:31:32","updated":"2025-10-26 12:14:25","seo_analyzer_scan_date":null},"aioseo_breadcrumb":"<div class=\"aioseo-breadcrumbs\"><span class=\"aioseo-breadcrumb\">\n\t\t\t<a href=\"https:\/\/www.worldrally.eu\" title=\"Home\">Home<\/a>\n\t\t<\/span><span class=\"aioseo-breadcrumb-separator\">&raquo;<\/span><span class=\"aioseo-breadcrumb\">\n\t\t\t<a href=\"https:\/\/www.worldrally.eu\/index.php\/category\/wrc\/\" title=\"WRC\">WRC<\/a>\n\t\t<\/span><span class=\"aioseo-breadcrumb-separator\">&raquo;<\/span><span class=\"aioseo-breadcrumb\">\n\t\t\tEvans wygrywa Rajd Japonii\n\t\t<\/span><\/div>","aioseo_breadcrumb_json":[{"label":"Home","link":"https:\/\/www.worldrally.eu"},{"label":"WRC","link":"https:\/\/www.worldrally.eu\/index.php\/category\/wrc\/"},{"label":"Evans wygrywa Rajd Japonii","link":"https:\/\/www.worldrally.eu\/index.php\/2023\/11\/19\/evans-wygrywa-rajd-japonii\/"}],"cc_featured_image_caption":{"caption_text":"Foto- Evans FB","source_text":"","source_url":""},"_links":{"self":[{"href":"https:\/\/www.worldrally.eu\/index.php\/wp-json\/wp\/v2\/posts\/2231","targetHints":{"allow":["GET"]}}],"collection":[{"href":"https:\/\/www.worldrally.eu\/index.php\/wp-json\/wp\/v2\/posts"}],"about":[{"href":"https:\/\/www.worldrally.eu\/index.php\/wp-json\/wp\/v2\/types\/post"}],"author":[{"embeddable":true,"href":"https:\/\/www.worldrally.eu\/index.php\/wp-json\/wp\/v2\/users\/2"}],"replies":[{"embeddable":true,"href":"https:\/\/www.worldrally.eu\/index.php\/wp-json\/wp\/v2\/comments?post=2231"}],"version-history":[{"count":1,"href":"https:\/\/www.worldrally.eu\/index.php\/wp-json\/wp\/v2\/posts\/2231\/revisions"}],"predecessor-version":[{"id":2237,"href":"https:\/\/www.worldrally.eu\/index.php\/wp-json\/wp\/v2\/posts\/2231\/revisions\/2237"}],"wp:featuredmedia":[{"embeddable":true,"href":"https:\/\/www.worldrally.eu\/index.php\/wp-json\/wp\/v2\/media\/2232"}],"wp:attachment":[{"href":"https:\/\/www.worldrally.eu\/index.php\/wp-json\/wp\/v2\/media?parent=2231"}],"wp:term":[{"taxonomy":"category","embeddable":true,"href":"https:\/\/www.worldrally.eu\/index.php\/wp-json\/wp\/v2\/categories?post=2231"},{"taxonomy":"post_tag","embeddable":true,"href":"https:\/\/www.worldrally.eu\/index.php\/wp-json\/wp\/v2\/tags?post=2231"}],"curies":[{"name":"wp","href":"https:\/\/api.w.org\/{rel}","templated":true}]}}