{"id":2212,"date":"2023-11-17T14:05:00","date_gmt":"2023-11-17T14:05:00","guid":{"rendered":"https:\/\/www.worldrally.eu\/?p=2212"},"modified":"2023-11-17T23:16:47","modified_gmt":"2023-11-17T23:16:47","slug":"evans-liderem-ss4-odwolany","status":"publish","type":"post","link":"https:\/\/www.worldrally.eu\/index.php\/2023\/11\/17\/evans-liderem-ss4-odwolany\/","title":{"rendered":"Evans liderem, SS4 odwo\u0142any."},"content":{"rendered":"\n<p class=\"wp-block-paragraph\">Elfyn Evans prowadzi Rajd Japonii przed Thierry Neuville i koleg\u0105 z zespo\u0142u Sebastien Ogier po skr\u00f3conej porannej p\u0119tli po tym jak odcinek SS4 zosta\u0142 odwo\u0142any.<\/p>\n\n\n\n<p class=\"wp-block-paragraph\">Du\u017cy dramat pojawi\u0142 si\u0119 po wypakuk dw\u00f3ch kierowc\u00f3w, Dani Sordo i Adrien Fourmaux w tym samym miejscu a trudne warunki atmosferyczne nie u\u0142atwia\u0142y rywalizacji kierowcom.<\/p>\n\n\n\n<p class=\"wp-block-paragraph\">Pierwszym pechowcem by\u0142 Dani Sordo z Hyundaia, kt\u00f3ry zablokowa\u0142 hamulce i wypad\u0142 z drogi na pierwszym tego dnia etapie.<\/p>\n\n\n\n<figure class=\"wp-block-image size-large\"><img fetchpriority=\"high\" decoding=\"async\" width=\"1024\" height=\"683\" src=\"https:\/\/www.worldrally.eu\/wp-content\/uploads\/2023\/11\/402659211_744398111056764_7036915313217857518_n-1024x683.jpg\" alt=\"\" class=\"wp-image-2214\" srcset=\"https:\/\/www.worldrally.eu\/wp-content\/uploads\/2023\/11\/402659211_744398111056764_7036915313217857518_n-1024x683.jpg 1024w, https:\/\/www.worldrally.eu\/wp-content\/uploads\/2023\/11\/402659211_744398111056764_7036915313217857518_n-300x200.jpg 300w, https:\/\/www.worldrally.eu\/wp-content\/uploads\/2023\/11\/402659211_744398111056764_7036915313217857518_n-768x512.jpg 768w, https:\/\/www.worldrally.eu\/wp-content\/uploads\/2023\/11\/402659211_744398111056764_7036915313217857518_n-1536x1024.jpg 1536w, https:\/\/www.worldrally.eu\/wp-content\/uploads\/2023\/11\/402659211_744398111056764_7036915313217857518_n-446x297.jpg 446w, https:\/\/www.worldrally.eu\/wp-content\/uploads\/2023\/11\/402659211_744398111056764_7036915313217857518_n.jpg 2048w\" sizes=\"(max-width: 1024px) 100vw, 1024px\" \/><figcaption class=\"wp-element-caption\">Adrien Fourmaux (FRA) Alexandre Coria (FRA) Of team M-SPORT FORD WORLD RALLY TEAM\u02c7s car (CREW OK) and Dani Sordo (ESP) Carrera C\u00e1ndido (ESP) Of team HYUNDAI SHELL MOBIS WORLD RALLY TEAM (CREW OK) are seen during the  World Rally Championship Japan in Toyota, Japan on  17,November 2023<\/figcaption><\/figure>\n\n\n\n<p class=\"wp-block-paragraph\">Takamoto Katsuta dozna\u0142 po\u015blizgu i powa\u017cnie uszkodzi\u0142 prz\u00f3d swojej Toyoty, a warunki stawa\u0142y si\u0119 coraz trudniejsze co nios\u0142o du\u017ce ryzyko dla kierowc\u00f3w.<\/p>\n\n\n\n<blockquote class=\"wp-block-quote is-layout-flow wp-block-quote-is-layout-flow\">\n<p class=\"wp-block-paragraph\">Nie powinni\u015bmy tam wje\u017cd\u017ca\u0107, W \u017cyciu bra\u0142em udzia\u0142 w wielu rajdach, ale nigdy nie by\u0142em tak przera\u017cony jak tam.<\/p>\n<cite>powiedzia\u0142 Neuville po SS3<\/cite><\/blockquote>\n\n\n\n<p class=\"wp-block-paragraph\">Organizator skutecznie wys\u0142ucha\u0142 \u017cycze\u0144 Neuville&#8217;a, poniewa\u017c ostatni etap p\u0119tli, SS4, zosta\u0142 odwo\u0142any ze wzgl\u0119du na warunki pogodowe, kt\u00f3re nie gwarantowa\u0142y dzia\u0142ania helikoptera medycznego.<\/p>\n\n\n\n<p class=\"wp-block-paragraph\">Polskie za\u0142ogi uplasowa\u0142y si\u0119 ma 14 miejscu Kajetanowicz i 17 miejscu Chwist<\/p>\n\n\n\n<figure class=\"wp-block-table\"><table><tbody><tr><td>1.<\/td><td><img decoding=\"async\" src=\"https:\/\/www.ewrc-results.com\/images\/flags2\/uk.png\" alt=\"flag\"><br>#33<\/td><td><img decoding=\"async\" src=\"https:\/\/www.ewrc-results.com\/images\/icon\/toyota2019.png\" alt=\"logo\"> <a href=\"https:\/\/www.ewrc-results.com\/entryinfo\/80245-forum8-rally-japan-2023\/3843304\/\">Evans Elfyn &#8211; Martin Scott<\/a><br>Toyota GR Yaris Rally1 <img decoding=\"async\" src=\"https:\/\/www.ewrc-results.com\/images\/tyres\/pirelli_red.png\" alt=\"tyre\"><\/td><td>RC1<br>M<\/td><td>36:30.3<br><\/td><td><\/td><td>74.2<\/td><\/tr><tr><td>2.<\/td><td><img decoding=\"async\" src=\"https:\/\/www.ewrc-results.com\/images\/flags2\/belgium.png\" alt=\"flag\"><br>#11<\/td><td><img decoding=\"async\" src=\"https:\/\/www.ewrc-results.com\/images\/icon\/hyundai2.png\" alt=\"logo\"> <a href=\"https:\/\/www.ewrc-results.com\/entryinfo\/80245-forum8-rally-japan-2023\/3843298\/\">Neuville Thierry &#8211; Wydaeghe M.<\/a><br>Hyundai i20 N Rally1 <img decoding=\"async\" src=\"https:\/\/www.ewrc-results.com\/images\/tyres\/pirelli_red.png\" alt=\"tyre\"><\/td><td>RC1<br>M<\/td><td>36:56.3<br><\/td><td>+26.0<br>+26.0<\/td><td>73.3<br>0.58<\/td><\/tr><tr><td>3.<\/td><td><img decoding=\"async\" src=\"https:\/\/www.ewrc-results.com\/images\/flags2\/france.png\" alt=\"flag\"><br>#17<\/td><td><img decoding=\"async\" src=\"https:\/\/www.ewrc-results.com\/images\/icon\/toyota2019.png\" alt=\"logo\"> <a href=\"https:\/\/www.ewrc-results.com\/entryinfo\/80245-forum8-rally-japan-2023\/3859314\/\">Ogier S\u00e9bastien &#8211; Landais V.<\/a><br>Toyota GR Yaris Rally1 <img decoding=\"async\" src=\"https:\/\/www.ewrc-results.com\/images\/tyres\/pirelli_red.png\" alt=\"tyre\"><\/td><td>RC1<br>M<\/td><td>37:12.9<br><\/td><td>+42.6<br>+16.6<\/td><td>72.8<br>0.94<\/td><\/tr><tr><td>4.<\/td><td><img decoding=\"async\" src=\"https:\/\/www.ewrc-results.com\/images\/flags2\/norway.png\" alt=\"flag\"><br>#20<\/td><td><img decoding=\"async\" src=\"https:\/\/www.ewrc-results.com\/images\/icon\/skoda2023b.png\" alt=\"logo\"> <a href=\"https:\/\/www.ewrc-results.com\/entryinfo\/80245-forum8-rally-japan-2023\/3859315\/\">Mikkelsen Andreas &#8211; Eriksen T.<\/a><br>\u0160koda Fabia RS Rally2 <img decoding=\"async\" src=\"https:\/\/www.ewrc-results.com\/images\/tyres\/pirelli_red.png\" alt=\"tyre\"><\/td><td>RC2<\/td><td>37:15.0<br><\/td><td>+44.7<br>+2.1<\/td><td>72.7<br>0.99<\/td><\/tr><tr><td>5.<\/td><td><img decoding=\"async\" src=\"https:\/\/www.ewrc-results.com\/images\/flags2\/luxembourg.png\" alt=\"flag\"><br>#24<\/td><td><img decoding=\"async\" src=\"https:\/\/www.ewrc-results.com\/images\/icon\/ford.png\" alt=\"logo\"> <a href=\"https:\/\/www.ewrc-results.com\/entryinfo\/80245-forum8-rally-japan-2023\/3859319\/\">Munster Gr\u00e9goire &#8211; Louka Louis<\/a><br>Ford Fiesta Rally2 <img decoding=\"async\" src=\"https:\/\/www.ewrc-results.com\/images\/tyres\/pirelli_red.png\" alt=\"tyre\"><\/td><td>RC2<\/td><td>37:44.3<br><\/td><td>+1:14.0<br>+29.3<\/td><td>71.8<br>1.64<\/td><\/tr><tr><td>6.<\/td><td><img decoding=\"async\" src=\"https:\/\/www.ewrc-results.com\/images\/flags2\/neutral.png\" alt=\"flag\"><br>#21<\/td><td><img decoding=\"async\" src=\"https:\/\/www.ewrc-results.com\/images\/icon\/skoda2023b.png\" alt=\"logo\"> <a href=\"https:\/\/www.ewrc-results.com\/entryinfo\/80245-forum8-rally-japan-2023\/3859316\/\">Gryazin Nikolay &#8211; Aleksandrov K.<\/a><br>\u0160koda Fabia RS Rally2 <img decoding=\"async\" src=\"https:\/\/www.ewrc-results.com\/images\/tyres\/pirelli_red.png\" alt=\"tyre\"><\/td><td>RC2<\/td><td>37:52.4<br><\/td><td>+1:22.1<br>+8.1<\/td><td>71.5<br>1.82<\/td><\/tr><tr><td>7.<\/td><td><img decoding=\"async\" src=\"https:\/\/www.ewrc-results.com\/images\/flags2\/finland.png\" alt=\"flag\"><br>#69<\/td><td><img decoding=\"async\" src=\"https:\/\/www.ewrc-results.com\/images\/icon\/toyota2019.png\" alt=\"logo\"> <a href=\"https:\/\/www.ewrc-results.com\/entryinfo\/80245-forum8-rally-japan-2023\/3843347\/\">Rovanper\u00e4 Kalle &#8211; Halttunen J.<\/a><br>Toyota GR Yaris Rally1 <img decoding=\"async\" src=\"https:\/\/www.ewrc-results.com\/images\/tyres\/pirelli_red.png\" alt=\"tyre\"><\/td><td>RC1<br>M<\/td><td>38:06.7<br><\/td><td>+1:36.4<br>+14.3<\/td><td>71.1<br>2.14<\/td><\/tr><tr><td>8.<\/td><td><img decoding=\"async\" src=\"https:\/\/www.ewrc-results.com\/images\/flags2\/japan.png\" alt=\"flag\"><br>#32<\/td><td><img decoding=\"async\" src=\"https:\/\/www.ewrc-results.com\/images\/icon\/toyota2019.png\" alt=\"logo\"> <a href=\"https:\/\/www.ewrc-results.com\/entryinfo\/80245-forum8-rally-japan-2023\/3859327\/\">Katsuta Norihiko &#8211; Kimura Yusuke<\/a><br>Toyota GR Yaris Rally2 Concept <img decoding=\"async\" src=\"https:\/\/www.ewrc-results.com\/images\/tyres\/pirelli_red.png\" alt=\"tyre\"><\/td><td>NAT<\/td><td>38:36.8<br><\/td><td>+2:06.5<br>+30.1<\/td><td>70.2<br>2.80<\/td><\/tr><tr><td>9.<\/td><td><img decoding=\"async\" src=\"https:\/\/www.ewrc-results.com\/images\/flags2\/finland.png\" alt=\"flag\"><br>#4<\/td><td><img decoding=\"async\" src=\"https:\/\/www.ewrc-results.com\/images\/icon\/hyundai2.png\" alt=\"logo\"> <a href=\"https:\/\/www.ewrc-results.com\/entryinfo\/80245-forum8-rally-japan-2023\/3843301\/\">Lappi Esapekka &#8211; Ferm Janne<\/a><br>Hyundai i20 N Rally1 <img decoding=\"async\" src=\"https:\/\/www.ewrc-results.com\/images\/tyres\/pirelli_red.png\" alt=\"tyre\"><\/td><td>RC1<br>M<\/td><td>38:53.3<br><\/td><td>+2:23.0<br>+16.5<\/td><td>69.7<br>3.17<\/td><\/tr><tr><td>10.<\/td><td><img decoding=\"async\" src=\"https:\/\/www.ewrc-results.com\/images\/flags2\/finland.png\" alt=\"flag\"><br>#23<\/td><td><img decoding=\"async\" src=\"https:\/\/www.ewrc-results.com\/images\/icon\/skoda.png\" alt=\"logo\"> <a href=\"https:\/\/www.ewrc-results.com\/entryinfo\/80245-forum8-rally-japan-2023\/3859318\/\">Kovalainen Heikki &#8211; Kitagawa Sae<\/a><br>\u0160koda Fabia R5 <img decoding=\"async\" src=\"https:\/\/www.ewrc-results.com\/images\/tyres\/pirelli_red.png\" alt=\"tyre\"><\/td><td>RC2<\/td><td>38:58.4<br><\/td><td>+2:28.1<br>+5.1<\/td><td>69.5<br>3.28<\/td><\/tr><tr><td>11.<\/td><td><img decoding=\"async\" src=\"https:\/\/www.ewrc-results.com\/images\/flags2\/japan.png\" alt=\"flag\"><br>#26<\/td><td><img decoding=\"async\" src=\"https:\/\/www.ewrc-results.com\/images\/icon\/skoda.png\" alt=\"logo\"> <a href=\"https:\/\/www.ewrc-results.com\/entryinfo\/80245-forum8-rally-japan-2023\/3859321\/\">Fukunaga Osamu &#8211; Saida Misako<\/a><br>\u0160koda Fabia Rally2 evo <img decoding=\"async\" src=\"https:\/\/www.ewrc-results.com\/images\/tyres\/pirelli_red.png\" alt=\"tyre\"><\/td><td>RC2<\/td><td>39:07.0<br><\/td><td>+2:36.7<br>+8.6<\/td><td>69.3<br>3.47<\/td><\/tr><tr><td>12.<\/td><td><img decoding=\"async\" src=\"https:\/\/www.ewrc-results.com\/images\/flags2\/japan.png\" alt=\"flag\"><br>#34<\/td><td><img decoding=\"async\" src=\"https:\/\/www.ewrc-results.com\/images\/icon\/subaru.png\" alt=\"logo\"> <a href=\"https:\/\/www.ewrc-results.com\/entryinfo\/80245-forum8-rally-japan-2023\/3859328\/\">Arai Toshi &#8211; Matsumoto Yuichi<\/a><br>Subaru WRX S4 JP4 (VB) <img decoding=\"async\" src=\"https:\/\/www.ewrc-results.com\/images\/tyres\/pirelli_red.png\" alt=\"tyre\"><\/td><td>NAT<\/td><td>39:21.2<br>0:10<\/td><td>+2:50.9<br>+14.2<\/td><td>69.1<br>3.79<\/td><\/tr><tr><td>13.<\/td><td><img decoding=\"async\" src=\"https:\/\/www.ewrc-results.com\/images\/flags2\/ireland.png\" alt=\"flag\"><br>#28<\/td><td><img decoding=\"async\" src=\"https:\/\/www.ewrc-results.com\/images\/icon\/citroen2009.png\" alt=\"logo\"> <a href=\"https:\/\/www.ewrc-results.com\/entryinfo\/80245-forum8-rally-japan-2023\/3859323\/\">Boland Eamonn &#8211; MJ<\/a><br>Citro\u00ebn C3 Rally2 <img decoding=\"async\" src=\"https:\/\/www.ewrc-results.com\/images\/tyres\/pirelli_red.png\" alt=\"tyre\"><\/td><td>RC2<\/td><td>39:30.4<br><\/td><td>+3:00.1<br>+9.2<\/td><td>68.6<br>3.99<\/td><\/tr><tr><td>14.<\/td><td><img decoding=\"async\" src=\"https:\/\/www.ewrc-results.com\/images\/flags2\/poland.png\" alt=\"flag\"><br>#22<\/td><td><img decoding=\"async\" src=\"https:\/\/www.ewrc-results.com\/images\/icon\/skoda2023b.png\" alt=\"logo\"> <a href=\"https:\/\/www.ewrc-results.com\/entryinfo\/80245-forum8-rally-japan-2023\/3859317\/\">Kajetanowicz K. &#8211; Szczepaniak M.<\/a><br>\u0160koda Fabia RS Rally2 <img decoding=\"async\" src=\"https:\/\/www.ewrc-results.com\/images\/tyres\/pirelli_red.png\" alt=\"tyre\"><\/td><td>RC2<\/td><td>39:36.3<br><\/td><td>+3:06.0<br>+5.9<\/td><td>68.4<br>4.12<\/td><\/tr><tr><td>15.<\/td><td><img decoding=\"async\" src=\"https:\/\/www.ewrc-results.com\/images\/flags2\/japan.png\" alt=\"flag\"><br>#35<\/td><td><img decoding=\"async\" src=\"https:\/\/www.ewrc-results.com\/images\/icon\/peugeot2010.png\" alt=\"logo\"> <a href=\"https:\/\/www.ewrc-results.com\/entryinfo\/80245-forum8-rally-japan-2023\/3859334\/\">Arai Hiroki &#8211; Tachikui Hiroki<\/a><br>Peugeot 208 Rally4<\/td><td>RC4<\/td><td>39:41.4<br><\/td><td>+3:11.1<br>+5.1<\/td><td>68.3<br>4.23<\/td><\/tr><\/tbody><\/table><\/figure>\n","protected":false},"excerpt":{"rendered":"<p>Elfyn Evans prowadzi Rajd Japonii przed Thierry Neuville i koleg\u0105 z zespo\u0142u Sebastien Ogier po skr\u00f3conej porannej p\u0119tli po tym jak odcinek SS4 zosta\u0142 odwo\u0142any. Du\u017cy dramat pojawi\u0142 si\u0119 po wypakuk dw\u00f3ch kierowc\u00f3w, Dani Sordo i Adrien Fourmaux w tym samym miejscu a trudne warunki atmosferyczne nie u\u0142atwia\u0142y rywalizacji kierowcom. Pierwszym pechowcem by\u0142 Dani Sordo [&hellip;]<\/p>\n","protected":false},"author":1,"featured_media":2213,"comment_status":"closed","ping_status":"closed","sticky":false,"template":"","format":"standard","meta":{"_monsterinsights_skip_tracking":false,"_monsterinsights_sitenote_active":false,"_monsterinsights_sitenote_note":"","_monsterinsights_sitenote_category":0,"footnotes":""},"categories":[3],"tags":[],"class_list":["post-2212","post","type-post","status-publish","format-standard","has-post-thumbnail","hentry","category-wrc"],"aioseo_notices":[],"aioseo_head":"\n\t\t<!-- All in One SEO 4.9.9 - aioseo.com -->\n\t<meta name=\"description\" content=\"Elfyn Evans prowadzi Rajd Japonii przed Thierry Neuville i koleg\u0105 z zespo\u0142u Sebastien Ogier po skr\u00f3conej porannej p\u0119tli po tym jak odcinek SS4 zosta\u0142 odwo\u0142any. Du\u017cy dramat pojawi\u0142 si\u0119 po wypakuk dw\u00f3ch kierowc\u00f3w, Dani Sordo i Adrien Fourmaux w tym samym miejscu a trudne warunki atmosferyczne nie u\u0142atwia\u0142y rywalizacji kierowcom. Pierwszym pechowcem by\u0142 Dani Sordo\" \/>\n\t<meta name=\"robots\" content=\"max-image-preview:large\" \/>\n\t<meta name=\"author\" content=\"Junior\"\/>\n\t<link rel=\"canonical\" href=\"https:\/\/www.worldrally.eu\/index.php\/2023\/11\/17\/evans-liderem-ss4-odwolany\/\" \/>\n\t<meta name=\"generator\" content=\"All in One SEO (AIOSEO) 4.9.9\" \/>\n\t\t<meta property=\"og:locale\" content=\"en_GB\" \/>\n\t\t<meta property=\"og:site_name\" content=\"WorldRally.eu \u00bb\" \/>\n\t\t<meta property=\"og:type\" content=\"article\" \/>\n\t\t<meta property=\"og:title\" content=\"Evans liderem, SS4 odwo\u0142any. \u00bb WorldRally.eu\" \/>\n\t\t<meta property=\"og:description\" content=\"Elfyn Evans prowadzi Rajd Japonii przed Thierry Neuville i koleg\u0105 z zespo\u0142u Sebastien Ogier po skr\u00f3conej porannej p\u0119tli po tym jak odcinek SS4 zosta\u0142 odwo\u0142any. Du\u017cy dramat pojawi\u0142 si\u0119 po wypakuk dw\u00f3ch kierowc\u00f3w, Dani Sordo i Adrien Fourmaux w tym samym miejscu a trudne warunki atmosferyczne nie u\u0142atwia\u0142y rywalizacji kierowcom. Pierwszym pechowcem by\u0142 Dani Sordo\" \/>\n\t\t<meta property=\"og:url\" content=\"https:\/\/www.worldrally.eu\/index.php\/2023\/11\/17\/evans-liderem-ss4-odwolany\/\" \/>\n\t\t<meta property=\"og:image\" content=\"https:\/\/www.worldrally.eu\/wp-content\/uploads\/2023\/11\/Evans.jpg\" \/>\n\t\t<meta property=\"og:image:secure_url\" content=\"https:\/\/www.worldrally.eu\/wp-content\/uploads\/2023\/11\/Evans.jpg\" \/>\n\t\t<meta property=\"og:image:width\" content=\"2048\" \/>\n\t\t<meta property=\"og:image:height\" content=\"1365\" \/>\n\t\t<meta property=\"article:published_time\" content=\"2023-11-17T14:05:00+00:00\" \/>\n\t\t<meta property=\"article:modified_time\" content=\"2023-11-17T23:16:47+00:00\" \/>\n\t\t<meta name=\"twitter:card\" content=\"summary_large_image\" \/>\n\t\t<meta name=\"twitter:title\" content=\"Evans liderem, SS4 odwo\u0142any. \u00bb WorldRally.eu\" \/>\n\t\t<meta name=\"twitter:description\" content=\"Elfyn Evans prowadzi Rajd Japonii przed Thierry Neuville i koleg\u0105 z zespo\u0142u Sebastien Ogier po skr\u00f3conej porannej p\u0119tli po tym jak odcinek SS4 zosta\u0142 odwo\u0142any. Du\u017cy dramat pojawi\u0142 si\u0119 po wypakuk dw\u00f3ch kierowc\u00f3w, Dani Sordo i Adrien Fourmaux w tym samym miejscu a trudne warunki atmosferyczne nie u\u0142atwia\u0142y rywalizacji kierowcom. Pierwszym pechowcem by\u0142 Dani Sordo\" \/>\n\t\t<meta name=\"twitter:image\" content=\"https:\/\/www.worldrally.eu\/wp-content\/uploads\/2023\/11\/Evans.jpg\" \/>\n\t\t<script type=\"application\/ld+json\" class=\"aioseo-schema\">\n\t\t\t{\"@context\":\"https:\\\/\\\/schema.org\",\"@graph\":[{\"@type\":\"BlogPosting\",\"@id\":\"https:\\\/\\\/www.worldrally.eu\\\/index.php\\\/2023\\\/11\\\/17\\\/evans-liderem-ss4-odwolany\\\/#blogposting\",\"name\":\"Evans liderem, SS4 odwo\\u0142any. \\u00bb WorldRally.eu\",\"headline\":\"Evans liderem, SS4 odwo\\u0142any.\",\"author\":{\"@id\":\"https:\\\/\\\/www.worldrally.eu\\\/index.php\\\/author\\\/admin\\\/#author\"},\"publisher\":{\"@id\":\"https:\\\/\\\/www.worldrally.eu\\\/#organization\"},\"image\":{\"@type\":\"ImageObject\",\"url\":\"https:\\\/\\\/www.worldrally.eu\\\/wp-content\\\/uploads\\\/2023\\\/11\\\/Evans.jpg\",\"width\":2048,\"height\":1365},\"datePublished\":\"2023-11-17T14:05:00+00:00\",\"dateModified\":\"2023-11-17T23:16:47+00:00\",\"inLanguage\":\"en-GB\",\"mainEntityOfPage\":{\"@id\":\"https:\\\/\\\/www.worldrally.eu\\\/index.php\\\/2023\\\/11\\\/17\\\/evans-liderem-ss4-odwolany\\\/#webpage\"},\"isPartOf\":{\"@id\":\"https:\\\/\\\/www.worldrally.eu\\\/index.php\\\/2023\\\/11\\\/17\\\/evans-liderem-ss4-odwolany\\\/#webpage\"},\"articleSection\":\"WRC\"},{\"@type\":\"BreadcrumbList\",\"@id\":\"https:\\\/\\\/www.worldrally.eu\\\/index.php\\\/2023\\\/11\\\/17\\\/evans-liderem-ss4-odwolany\\\/#breadcrumblist\",\"itemListElement\":[{\"@type\":\"ListItem\",\"@id\":\"https:\\\/\\\/www.worldrally.eu#listItem\",\"position\":1,\"name\":\"Home\",\"item\":\"https:\\\/\\\/www.worldrally.eu\",\"nextItem\":{\"@type\":\"ListItem\",\"@id\":\"https:\\\/\\\/www.worldrally.eu\\\/index.php\\\/category\\\/wrc\\\/#listItem\",\"name\":\"WRC\"}},{\"@type\":\"ListItem\",\"@id\":\"https:\\\/\\\/www.worldrally.eu\\\/index.php\\\/category\\\/wrc\\\/#listItem\",\"position\":2,\"name\":\"WRC\",\"item\":\"https:\\\/\\\/www.worldrally.eu\\\/index.php\\\/category\\\/wrc\\\/\",\"nextItem\":{\"@type\":\"ListItem\",\"@id\":\"https:\\\/\\\/www.worldrally.eu\\\/index.php\\\/2023\\\/11\\\/17\\\/evans-liderem-ss4-odwolany\\\/#listItem\",\"name\":\"Evans liderem, SS4 odwo\\u0142any.\"},\"previousItem\":{\"@type\":\"ListItem\",\"@id\":\"https:\\\/\\\/www.worldrally.eu#listItem\",\"name\":\"Home\"}},{\"@type\":\"ListItem\",\"@id\":\"https:\\\/\\\/www.worldrally.eu\\\/index.php\\\/2023\\\/11\\\/17\\\/evans-liderem-ss4-odwolany\\\/#listItem\",\"position\":3,\"name\":\"Evans liderem, SS4 odwo\\u0142any.\",\"previousItem\":{\"@type\":\"ListItem\",\"@id\":\"https:\\\/\\\/www.worldrally.eu\\\/index.php\\\/category\\\/wrc\\\/#listItem\",\"name\":\"WRC\"}}]},{\"@type\":\"Organization\",\"@id\":\"https:\\\/\\\/www.worldrally.eu\\\/#organization\",\"name\":\"WorldRally.eu\",\"url\":\"https:\\\/\\\/www.worldrally.eu\\\/\",\"logo\":{\"@type\":\"ImageObject\",\"url\":\"https:\\\/\\\/www.worldrally.eu\\\/wp-content\\\/uploads\\\/2026\\\/01\\\/cropped-logo-3.png\",\"@id\":\"https:\\\/\\\/www.worldrally.eu\\\/index.php\\\/2023\\\/11\\\/17\\\/evans-liderem-ss4-odwolany\\\/#organizationLogo\",\"width\":2039,\"height\":756},\"image\":{\"@id\":\"https:\\\/\\\/www.worldrally.eu\\\/index.php\\\/2023\\\/11\\\/17\\\/evans-liderem-ss4-odwolany\\\/#organizationLogo\"}},{\"@type\":\"Person\",\"@id\":\"https:\\\/\\\/www.worldrally.eu\\\/index.php\\\/author\\\/admin\\\/#author\",\"url\":\"https:\\\/\\\/www.worldrally.eu\\\/index.php\\\/author\\\/admin\\\/\",\"name\":\"Junior\",\"image\":{\"@type\":\"ImageObject\",\"@id\":\"https:\\\/\\\/www.worldrally.eu\\\/index.php\\\/2023\\\/11\\\/17\\\/evans-liderem-ss4-odwolany\\\/#authorImage\",\"url\":\"https:\\\/\\\/secure.gravatar.com\\\/avatar\\\/5bd369ac0447285dc20b588693ca1756d0179a7f957258050a42a968bf3b9d0a?s=96&d=mm&r=g\",\"width\":96,\"height\":96,\"caption\":\"Junior\"}},{\"@type\":\"WebPage\",\"@id\":\"https:\\\/\\\/www.worldrally.eu\\\/index.php\\\/2023\\\/11\\\/17\\\/evans-liderem-ss4-odwolany\\\/#webpage\",\"url\":\"https:\\\/\\\/www.worldrally.eu\\\/index.php\\\/2023\\\/11\\\/17\\\/evans-liderem-ss4-odwolany\\\/\",\"name\":\"Evans liderem, SS4 odwo\\u0142any. \\u00bb WorldRally.eu\",\"description\":\"Elfyn Evans prowadzi Rajd Japonii przed Thierry Neuville i koleg\\u0105 z zespo\\u0142u Sebastien Ogier po skr\\u00f3conej porannej p\\u0119tli po tym jak odcinek SS4 zosta\\u0142 odwo\\u0142any. Du\\u017cy dramat pojawi\\u0142 si\\u0119 po wypakuk dw\\u00f3ch kierowc\\u00f3w, Dani Sordo i Adrien Fourmaux w tym samym miejscu a trudne warunki atmosferyczne nie u\\u0142atwia\\u0142y rywalizacji kierowcom. Pierwszym pechowcem by\\u0142 Dani Sordo\",\"inLanguage\":\"en-GB\",\"isPartOf\":{\"@id\":\"https:\\\/\\\/www.worldrally.eu\\\/#website\"},\"breadcrumb\":{\"@id\":\"https:\\\/\\\/www.worldrally.eu\\\/index.php\\\/2023\\\/11\\\/17\\\/evans-liderem-ss4-odwolany\\\/#breadcrumblist\"},\"author\":{\"@id\":\"https:\\\/\\\/www.worldrally.eu\\\/index.php\\\/author\\\/admin\\\/#author\"},\"creator\":{\"@id\":\"https:\\\/\\\/www.worldrally.eu\\\/index.php\\\/author\\\/admin\\\/#author\"},\"image\":{\"@type\":\"ImageObject\",\"url\":\"https:\\\/\\\/www.worldrally.eu\\\/wp-content\\\/uploads\\\/2023\\\/11\\\/Evans.jpg\",\"@id\":\"https:\\\/\\\/www.worldrally.eu\\\/index.php\\\/2023\\\/11\\\/17\\\/evans-liderem-ss4-odwolany\\\/#mainImage\",\"width\":2048,\"height\":1365},\"primaryImageOfPage\":{\"@id\":\"https:\\\/\\\/www.worldrally.eu\\\/index.php\\\/2023\\\/11\\\/17\\\/evans-liderem-ss4-odwolany\\\/#mainImage\"},\"datePublished\":\"2023-11-17T14:05:00+00:00\",\"dateModified\":\"2023-11-17T23:16:47+00:00\"},{\"@type\":\"WebSite\",\"@id\":\"https:\\\/\\\/www.worldrally.eu\\\/#website\",\"url\":\"https:\\\/\\\/www.worldrally.eu\\\/\",\"name\":\"WorldRally.eu\",\"inLanguage\":\"en-GB\",\"publisher\":{\"@id\":\"https:\\\/\\\/www.worldrally.eu\\\/#organization\"}}]}\n\t\t<\/script>\n\t\t<!-- All in One SEO -->\n\n","aioseo_head_json":{"title":"Evans liderem, SS4 odwo\u0142any. \u00bb WorldRally.eu","description":"Elfyn Evans prowadzi Rajd Japonii przed Thierry Neuville i koleg\u0105 z zespo\u0142u Sebastien Ogier po skr\u00f3conej porannej p\u0119tli po tym jak odcinek SS4 zosta\u0142 odwo\u0142any. Du\u017cy dramat pojawi\u0142 si\u0119 po wypakuk dw\u00f3ch kierowc\u00f3w, Dani Sordo i Adrien Fourmaux w tym samym miejscu a trudne warunki atmosferyczne nie u\u0142atwia\u0142y rywalizacji kierowcom. Pierwszym pechowcem by\u0142 Dani Sordo","canonical_url":"https:\/\/www.worldrally.eu\/index.php\/2023\/11\/17\/evans-liderem-ss4-odwolany\/","robots":"max-image-preview:large","keywords":"","webmasterTools":{"miscellaneous":""},"schema":{"@context":"https:\/\/schema.org","@graph":[{"@type":"BlogPosting","@id":"https:\/\/www.worldrally.eu\/index.php\/2023\/11\/17\/evans-liderem-ss4-odwolany\/#blogposting","name":"Evans liderem, SS4 odwo\u0142any. \u00bb WorldRally.eu","headline":"Evans liderem, SS4 odwo\u0142any.","author":{"@id":"https:\/\/www.worldrally.eu\/index.php\/author\/admin\/#author"},"publisher":{"@id":"https:\/\/www.worldrally.eu\/#organization"},"image":{"@type":"ImageObject","url":"https:\/\/www.worldrally.eu\/wp-content\/uploads\/2023\/11\/Evans.jpg","width":2048,"height":1365},"datePublished":"2023-11-17T14:05:00+00:00","dateModified":"2023-11-17T23:16:47+00:00","inLanguage":"en-GB","mainEntityOfPage":{"@id":"https:\/\/www.worldrally.eu\/index.php\/2023\/11\/17\/evans-liderem-ss4-odwolany\/#webpage"},"isPartOf":{"@id":"https:\/\/www.worldrally.eu\/index.php\/2023\/11\/17\/evans-liderem-ss4-odwolany\/#webpage"},"articleSection":"WRC"},{"@type":"BreadcrumbList","@id":"https:\/\/www.worldrally.eu\/index.php\/2023\/11\/17\/evans-liderem-ss4-odwolany\/#breadcrumblist","itemListElement":[{"@type":"ListItem","@id":"https:\/\/www.worldrally.eu#listItem","position":1,"name":"Home","item":"https:\/\/www.worldrally.eu","nextItem":{"@type":"ListItem","@id":"https:\/\/www.worldrally.eu\/index.php\/category\/wrc\/#listItem","name":"WRC"}},{"@type":"ListItem","@id":"https:\/\/www.worldrally.eu\/index.php\/category\/wrc\/#listItem","position":2,"name":"WRC","item":"https:\/\/www.worldrally.eu\/index.php\/category\/wrc\/","nextItem":{"@type":"ListItem","@id":"https:\/\/www.worldrally.eu\/index.php\/2023\/11\/17\/evans-liderem-ss4-odwolany\/#listItem","name":"Evans liderem, SS4 odwo\u0142any."},"previousItem":{"@type":"ListItem","@id":"https:\/\/www.worldrally.eu#listItem","name":"Home"}},{"@type":"ListItem","@id":"https:\/\/www.worldrally.eu\/index.php\/2023\/11\/17\/evans-liderem-ss4-odwolany\/#listItem","position":3,"name":"Evans liderem, SS4 odwo\u0142any.","previousItem":{"@type":"ListItem","@id":"https:\/\/www.worldrally.eu\/index.php\/category\/wrc\/#listItem","name":"WRC"}}]},{"@type":"Organization","@id":"https:\/\/www.worldrally.eu\/#organization","name":"WorldRally.eu","url":"https:\/\/www.worldrally.eu\/","logo":{"@type":"ImageObject","url":"https:\/\/www.worldrally.eu\/wp-content\/uploads\/2026\/01\/cropped-logo-3.png","@id":"https:\/\/www.worldrally.eu\/index.php\/2023\/11\/17\/evans-liderem-ss4-odwolany\/#organizationLogo","width":2039,"height":756},"image":{"@id":"https:\/\/www.worldrally.eu\/index.php\/2023\/11\/17\/evans-liderem-ss4-odwolany\/#organizationLogo"}},{"@type":"Person","@id":"https:\/\/www.worldrally.eu\/index.php\/author\/admin\/#author","url":"https:\/\/www.worldrally.eu\/index.php\/author\/admin\/","name":"Junior","image":{"@type":"ImageObject","@id":"https:\/\/www.worldrally.eu\/index.php\/2023\/11\/17\/evans-liderem-ss4-odwolany\/#authorImage","url":"https:\/\/secure.gravatar.com\/avatar\/5bd369ac0447285dc20b588693ca1756d0179a7f957258050a42a968bf3b9d0a?s=96&d=mm&r=g","width":96,"height":96,"caption":"Junior"}},{"@type":"WebPage","@id":"https:\/\/www.worldrally.eu\/index.php\/2023\/11\/17\/evans-liderem-ss4-odwolany\/#webpage","url":"https:\/\/www.worldrally.eu\/index.php\/2023\/11\/17\/evans-liderem-ss4-odwolany\/","name":"Evans liderem, SS4 odwo\u0142any. \u00bb WorldRally.eu","description":"Elfyn Evans prowadzi Rajd Japonii przed Thierry Neuville i koleg\u0105 z zespo\u0142u Sebastien Ogier po skr\u00f3conej porannej p\u0119tli po tym jak odcinek SS4 zosta\u0142 odwo\u0142any. Du\u017cy dramat pojawi\u0142 si\u0119 po wypakuk dw\u00f3ch kierowc\u00f3w, Dani Sordo i Adrien Fourmaux w tym samym miejscu a trudne warunki atmosferyczne nie u\u0142atwia\u0142y rywalizacji kierowcom. Pierwszym pechowcem by\u0142 Dani Sordo","inLanguage":"en-GB","isPartOf":{"@id":"https:\/\/www.worldrally.eu\/#website"},"breadcrumb":{"@id":"https:\/\/www.worldrally.eu\/index.php\/2023\/11\/17\/evans-liderem-ss4-odwolany\/#breadcrumblist"},"author":{"@id":"https:\/\/www.worldrally.eu\/index.php\/author\/admin\/#author"},"creator":{"@id":"https:\/\/www.worldrally.eu\/index.php\/author\/admin\/#author"},"image":{"@type":"ImageObject","url":"https:\/\/www.worldrally.eu\/wp-content\/uploads\/2023\/11\/Evans.jpg","@id":"https:\/\/www.worldrally.eu\/index.php\/2023\/11\/17\/evans-liderem-ss4-odwolany\/#mainImage","width":2048,"height":1365},"primaryImageOfPage":{"@id":"https:\/\/www.worldrally.eu\/index.php\/2023\/11\/17\/evans-liderem-ss4-odwolany\/#mainImage"},"datePublished":"2023-11-17T14:05:00+00:00","dateModified":"2023-11-17T23:16:47+00:00"},{"@type":"WebSite","@id":"https:\/\/www.worldrally.eu\/#website","url":"https:\/\/www.worldrally.eu\/","name":"WorldRally.eu","inLanguage":"en-GB","publisher":{"@id":"https:\/\/www.worldrally.eu\/#organization"}}]},"og:locale":"en_GB","og:site_name":"WorldRally.eu \u00bb","og:type":"article","og:title":"Evans liderem, SS4 odwo\u0142any. \u00bb WorldRally.eu","og:description":"Elfyn Evans prowadzi Rajd Japonii przed Thierry Neuville i koleg\u0105 z zespo\u0142u Sebastien Ogier po skr\u00f3conej porannej p\u0119tli po tym jak odcinek SS4 zosta\u0142 odwo\u0142any. Du\u017cy dramat pojawi\u0142 si\u0119 po wypakuk dw\u00f3ch kierowc\u00f3w, Dani Sordo i Adrien Fourmaux w tym samym miejscu a trudne warunki atmosferyczne nie u\u0142atwia\u0142y rywalizacji kierowcom. Pierwszym pechowcem by\u0142 Dani Sordo","og:url":"https:\/\/www.worldrally.eu\/index.php\/2023\/11\/17\/evans-liderem-ss4-odwolany\/","og:image":"https:\/\/www.worldrally.eu\/wp-content\/uploads\/2023\/11\/Evans.jpg","og:image:secure_url":"https:\/\/www.worldrally.eu\/wp-content\/uploads\/2023\/11\/Evans.jpg","og:image:width":2048,"og:image:height":1365,"article:published_time":"2023-11-17T14:05:00+00:00","article:modified_time":"2023-11-17T23:16:47+00:00","twitter:card":"summary_large_image","twitter:title":"Evans liderem, SS4 odwo\u0142any. \u00bb WorldRally.eu","twitter:description":"Elfyn Evans prowadzi Rajd Japonii przed Thierry Neuville i koleg\u0105 z zespo\u0142u Sebastien Ogier po skr\u00f3conej porannej p\u0119tli po tym jak odcinek SS4 zosta\u0142 odwo\u0142any. Du\u017cy dramat pojawi\u0142 si\u0119 po wypakuk dw\u00f3ch kierowc\u00f3w, Dani Sordo i Adrien Fourmaux w tym samym miejscu a trudne warunki atmosferyczne nie u\u0142atwia\u0142y rywalizacji kierowcom. Pierwszym pechowcem by\u0142 Dani Sordo","twitter:image":"https:\/\/www.worldrally.eu\/wp-content\/uploads\/2023\/11\/Evans.jpg"},"aioseo_meta_data":{"post_id":"2212","title":null,"description":null,"keywords":null,"keyphrases":null,"primary_term":null,"canonical_url":null,"og_title":null,"og_description":null,"og_object_type":"default","og_image_type":"default","og_image_url":null,"og_image_width":null,"og_image_height":null,"og_image_custom_url":null,"og_image_custom_fields":null,"og_video":null,"og_custom_url":null,"og_article_section":null,"og_article_tags":null,"twitter_use_og":false,"twitter_card":"default","twitter_image_type":"default","twitter_image_url":null,"twitter_image_custom_url":null,"twitter_image_custom_fields":null,"twitter_title":null,"twitter_description":null,"schema":{"blockGraphs":[],"customGraphs":[],"default":{"data":{"Article":[],"Course":[],"Dataset":[],"FAQPage":[],"Movie":[],"Person":[],"Product":[],"ProductReview":[],"Car":[],"Recipe":[],"Service":[],"SoftwareApplication":[],"WebPage":[]},"graphName":"","isEnabled":true},"graphs":[]},"schema_type":"default","schema_type_options":null,"pillar_content":false,"robots_default":true,"robots_noindex":false,"robots_noarchive":false,"robots_nosnippet":false,"robots_nofollow":false,"robots_noimageindex":false,"robots_noodp":false,"robots_notranslate":false,"robots_max_snippet":null,"robots_max_videopreview":null,"robots_max_imagepreview":"large","priority":null,"frequency":null,"local_seo":null,"breadcrumb_settings":null,"limit_modified_date":false,"ai":null,"created":"2025-03-22 06:31:32","updated":"2025-10-26 12:12:40","seo_analyzer_scan_date":null},"aioseo_breadcrumb":"<div class=\"aioseo-breadcrumbs\"><span class=\"aioseo-breadcrumb\">\n\t\t\t<a href=\"https:\/\/www.worldrally.eu\" title=\"Home\">Home<\/a>\n\t\t<\/span><span class=\"aioseo-breadcrumb-separator\">&raquo;<\/span><span class=\"aioseo-breadcrumb\">\n\t\t\t<a href=\"https:\/\/www.worldrally.eu\/index.php\/category\/wrc\/\" title=\"WRC\">WRC<\/a>\n\t\t<\/span><span class=\"aioseo-breadcrumb-separator\">&raquo;<\/span><span class=\"aioseo-breadcrumb\">\n\t\t\tEvans liderem, SS4 odwo\u0142any.\n\t\t<\/span><\/div>","aioseo_breadcrumb_json":[{"label":"Home","link":"https:\/\/www.worldrally.eu"},{"label":"WRC","link":"https:\/\/www.worldrally.eu\/index.php\/category\/wrc\/"},{"label":"Evans liderem, SS4 odwo\u0142any.","link":"https:\/\/www.worldrally.eu\/index.php\/2023\/11\/17\/evans-liderem-ss4-odwolany\/"}],"cc_featured_image_caption":{"caption_text":"Foto - WRCcom","source_text":"","source_url":""},"_links":{"self":[{"href":"https:\/\/www.worldrally.eu\/index.php\/wp-json\/wp\/v2\/posts\/2212","targetHints":{"allow":["GET"]}}],"collection":[{"href":"https:\/\/www.worldrally.eu\/index.php\/wp-json\/wp\/v2\/posts"}],"about":[{"href":"https:\/\/www.worldrally.eu\/index.php\/wp-json\/wp\/v2\/types\/post"}],"author":[{"embeddable":true,"href":"https:\/\/www.worldrally.eu\/index.php\/wp-json\/wp\/v2\/users\/1"}],"replies":[{"embeddable":true,"href":"https:\/\/www.worldrally.eu\/index.php\/wp-json\/wp\/v2\/comments?post=2212"}],"version-history":[{"count":1,"href":"https:\/\/www.worldrally.eu\/index.php\/wp-json\/wp\/v2\/posts\/2212\/revisions"}],"predecessor-version":[{"id":2215,"href":"https:\/\/www.worldrally.eu\/index.php\/wp-json\/wp\/v2\/posts\/2212\/revisions\/2215"}],"wp:featuredmedia":[{"embeddable":true,"href":"https:\/\/www.worldrally.eu\/index.php\/wp-json\/wp\/v2\/media\/2213"}],"wp:attachment":[{"href":"https:\/\/www.worldrally.eu\/index.php\/wp-json\/wp\/v2\/media?parent=2212"}],"wp:term":[{"taxonomy":"category","embeddable":true,"href":"https:\/\/www.worldrally.eu\/index.php\/wp-json\/wp\/v2\/categories?post=2212"},{"taxonomy":"post_tag","embeddable":true,"href":"https:\/\/www.worldrally.eu\/index.php\/wp-json\/wp\/v2\/tags?post=2212"}],"curies":[{"name":"wp","href":"https:\/\/api.w.org\/{rel}","templated":true}]}}