{"id":2202,"date":"2023-11-16T21:09:24","date_gmt":"2023-11-16T21:09:24","guid":{"rendered":"https:\/\/www.worldrally.eu\/?p=2202"},"modified":"2023-11-16T21:09:24","modified_gmt":"2023-11-16T21:09:24","slug":"lappi-pozostaje-w-hyundai-na-2024","status":"publish","type":"post","link":"https:\/\/www.worldrally.eu\/index.php\/2023\/11\/16\/lappi-pozostaje-w-hyundai-na-2024\/","title":{"rendered":"Lappi pozostaje w Hyundai na 2024"},"content":{"rendered":"\n<p class=\"wp-block-paragraph\">Esapekka Lappi pozostanie w Hyundai Motorsport w sezonie 2024 Rajdowych Mistrzostw \u015awiata, jednak\u017ce jego starty nie b\u0119d\u0105 mia\u0142y pe\u0142nego wymiaru i b\u0119dzie startowa\u0142 tylko w wybranych rundach.<\/p>\n\n\n\n<p class=\"wp-block-paragraph\">Finowi przytrafi\u0142y si\u0119 pewne wpadki, w tym du\u017ce wypadki ko\u0144cz\u0105ce rajdy w Meksyku, Finlandii, Chile i Europie \u015arodkowej, aczkolwiek uda\u0142o mu si\u0119 cztery razy stan\u0105\u0107 na podium.<\/p>\n\n\n\n<blockquote class=\"wp-block-quote is-layout-flow wp-block-quote-is-layout-flow\">\n<p class=\"wp-block-paragraph\">Z przyjemno\u015bci\u0105 og\u0142aszamy kolejny element uk\u0142adanki na rok 2024, w kt\u00f3rym Esapekka i Janne pozostan\u0105 w naszym zespole na nadchodz\u0105cy sezon<\/p>\n<cite>powiedzia\u0142 Cyril Abiteboul, Dyrektor zespo\u0142u Hyundai<\/cite><\/blockquote>\n\n\n\n<blockquote class=\"wp-block-quote is-layout-flow wp-block-quote-is-layout-flow\">\n<p class=\"wp-block-paragraph\">Jestem bardzo szcz\u0119\u015bliwy i wdzi\u0119czny, \u017ce mog\u0119 kontynuowa\u0107 wsp\u00f3\u0142prac\u0119 z Hyundai Motorsport w sezonie WRC 2024. Czuj\u0119 si\u0119 bardzo dobrze w zespole; W zesz\u0142ym roku zbudowali\u015bmy fantastyczne po\u0142\u0105czenie i pokazali\u015bmy, \u017ce mamy pakiet niezb\u0119dny do odniesienia sukcesu. Nadal mam wol\u0119 rozwoju i osi\u0105gania sukces\u00f3w w rajdach samochodowych, a chcia\u0142bym wygrywa\u0107 z tym zespo\u0142em. Przysz\u0142y rok z pewno\u015bci\u0105 b\u0119dzie inny i interesuj\u0105cy pod wieloma wzgl\u0119dami, co zmotywuje mnie do bycia graczem zespo\u0142owym, a tak\u017ce do poszukiwania osobistych sukces\u00f3w w d\u0105\u017ceniu do silniejszego sezonu 2024.<\/p>\n<cite>powiedzia\u0142 Lappi<\/cite><\/blockquote>\n\n\n\n<p class=\"wp-block-paragraph\"><\/p>\n","protected":false},"excerpt":{"rendered":"<p>Esapekka Lappi pozostanie w Hyundai Motorsport w sezonie 2024 Rajdowych Mistrzostw \u015awiata, jednak\u017ce jego starty nie b\u0119d\u0105 mia\u0142y pe\u0142nego wymiaru i b\u0119dzie startowa\u0142 tylko w wybranych rundach. Finowi przytrafi\u0142y si\u0119 pewne wpadki, w tym du\u017ce wypadki ko\u0144cz\u0105ce rajdy w Meksyku, Finlandii, Chile i Europie \u015arodkowej, aczkolwiek uda\u0142o mu si\u0119 cztery razy stan\u0105\u0107 na podium. Z [&hellip;]<\/p>\n","protected":false},"author":4,"featured_media":1753,"comment_status":"closed","ping_status":"closed","sticky":false,"template":"","format":"standard","meta":{"_monsterinsights_skip_tracking":false,"_monsterinsights_sitenote_active":false,"_monsterinsights_sitenote_note":"","_monsterinsights_sitenote_category":0,"footnotes":""},"categories":[3],"tags":[],"class_list":["post-2202","post","type-post","status-publish","format-standard","has-post-thumbnail","hentry","category-wrc"],"aioseo_notices":[],"aioseo_head":"\n\t\t<!-- All in One SEO 4.9.9 - aioseo.com -->\n\t<meta name=\"description\" content=\"Esapekka Lappi pozostanie w Hyundai Motorsport w sezonie 2024 Rajdowych Mistrzostw \u015awiata, jednak\u017ce jego starty nie b\u0119d\u0105 mia\u0142y pe\u0142nego wymiaru i b\u0119dzie startowa\u0142 tylko w wybranych rundach. Finowi przytrafi\u0142y si\u0119 pewne wpadki, w tym du\u017ce wypadki ko\u0144cz\u0105ce rajdy w Meksyku, Finlandii, Chile i Europie \u015arodkowej, aczkolwiek uda\u0142o mu si\u0119 cztery razy stan\u0105\u0107 na podium. Z\" \/>\n\t<meta name=\"robots\" content=\"max-image-preview:large\" \/>\n\t<meta name=\"author\" content=\"Slawek\"\/>\n\t<link rel=\"canonical\" href=\"https:\/\/www.worldrally.eu\/index.php\/2023\/11\/16\/lappi-pozostaje-w-hyundai-na-2024\/\" \/>\n\t<meta name=\"generator\" content=\"All in One SEO (AIOSEO) 4.9.9\" \/>\n\t\t<meta property=\"og:locale\" content=\"en_GB\" \/>\n\t\t<meta property=\"og:site_name\" content=\"WorldRally.eu \u00bb\" \/>\n\t\t<meta property=\"og:type\" content=\"article\" \/>\n\t\t<meta property=\"og:title\" content=\"Lappi pozostaje w Hyundai na 2024 \u00bb WorldRally.eu\" \/>\n\t\t<meta property=\"og:description\" content=\"Esapekka Lappi pozostanie w Hyundai Motorsport w sezonie 2024 Rajdowych Mistrzostw \u015awiata, jednak\u017ce jego starty nie b\u0119d\u0105 mia\u0142y pe\u0142nego wymiaru i b\u0119dzie startowa\u0142 tylko w wybranych rundach. Finowi przytrafi\u0142y si\u0119 pewne wpadki, w tym du\u017ce wypadki ko\u0144cz\u0105ce rajdy w Meksyku, Finlandii, Chile i Europie \u015arodkowej, aczkolwiek uda\u0142o mu si\u0119 cztery razy stan\u0105\u0107 na podium. Z\" \/>\n\t\t<meta property=\"og:url\" content=\"https:\/\/www.worldrally.eu\/index.php\/2023\/11\/16\/lappi-pozostaje-w-hyundai-na-2024\/\" \/>\n\t\t<meta property=\"og:image\" content=\"https:\/\/www.worldrally.eu\/wp-content\/uploads\/2023\/07\/esapekka-1.jpg\" \/>\n\t\t<meta property=\"og:image:secure_url\" content=\"https:\/\/www.worldrally.eu\/wp-content\/uploads\/2023\/07\/esapekka-1.jpg\" \/>\n\t\t<meta property=\"og:image:width\" content=\"2048\" \/>\n\t\t<meta property=\"og:image:height\" content=\"1536\" \/>\n\t\t<meta property=\"article:published_time\" content=\"2023-11-16T21:09:24+00:00\" \/>\n\t\t<meta property=\"article:modified_time\" content=\"2023-11-16T21:09:24+00:00\" \/>\n\t\t<meta name=\"twitter:card\" content=\"summary_large_image\" \/>\n\t\t<meta name=\"twitter:title\" content=\"Lappi pozostaje w Hyundai na 2024 \u00bb WorldRally.eu\" \/>\n\t\t<meta name=\"twitter:description\" content=\"Esapekka Lappi pozostanie w Hyundai Motorsport w sezonie 2024 Rajdowych Mistrzostw \u015awiata, jednak\u017ce jego starty nie b\u0119d\u0105 mia\u0142y pe\u0142nego wymiaru i b\u0119dzie startowa\u0142 tylko w wybranych rundach. Finowi przytrafi\u0142y si\u0119 pewne wpadki, w tym du\u017ce wypadki ko\u0144cz\u0105ce rajdy w Meksyku, Finlandii, Chile i Europie \u015arodkowej, aczkolwiek uda\u0142o mu si\u0119 cztery razy stan\u0105\u0107 na podium. Z\" \/>\n\t\t<meta name=\"twitter:image\" content=\"https:\/\/www.worldrally.eu\/wp-content\/uploads\/2023\/07\/esapekka-1.jpg\" \/>\n\t\t<script type=\"application\/ld+json\" class=\"aioseo-schema\">\n\t\t\t{\"@context\":\"https:\\\/\\\/schema.org\",\"@graph\":[{\"@type\":\"BlogPosting\",\"@id\":\"https:\\\/\\\/www.worldrally.eu\\\/index.php\\\/2023\\\/11\\\/16\\\/lappi-pozostaje-w-hyundai-na-2024\\\/#blogposting\",\"name\":\"Lappi pozostaje w Hyundai na 2024 \\u00bb WorldRally.eu\",\"headline\":\"Lappi pozostaje w Hyundai na 2024\",\"author\":{\"@id\":\"https:\\\/\\\/www.worldrally.eu\\\/index.php\\\/author\\\/slawek\\\/#author\"},\"publisher\":{\"@id\":\"https:\\\/\\\/www.worldrally.eu\\\/#organization\"},\"image\":{\"@type\":\"ImageObject\",\"url\":\"https:\\\/\\\/www.worldrally.eu\\\/wp-content\\\/uploads\\\/2023\\\/07\\\/esapekka-1.jpg\",\"width\":2048,\"height\":1536},\"datePublished\":\"2023-11-16T21:09:24+00:00\",\"dateModified\":\"2023-11-16T21:09:24+00:00\",\"inLanguage\":\"en-GB\",\"mainEntityOfPage\":{\"@id\":\"https:\\\/\\\/www.worldrally.eu\\\/index.php\\\/2023\\\/11\\\/16\\\/lappi-pozostaje-w-hyundai-na-2024\\\/#webpage\"},\"isPartOf\":{\"@id\":\"https:\\\/\\\/www.worldrally.eu\\\/index.php\\\/2023\\\/11\\\/16\\\/lappi-pozostaje-w-hyundai-na-2024\\\/#webpage\"},\"articleSection\":\"WRC\"},{\"@type\":\"BreadcrumbList\",\"@id\":\"https:\\\/\\\/www.worldrally.eu\\\/index.php\\\/2023\\\/11\\\/16\\\/lappi-pozostaje-w-hyundai-na-2024\\\/#breadcrumblist\",\"itemListElement\":[{\"@type\":\"ListItem\",\"@id\":\"https:\\\/\\\/www.worldrally.eu#listItem\",\"position\":1,\"name\":\"Home\",\"item\":\"https:\\\/\\\/www.worldrally.eu\",\"nextItem\":{\"@type\":\"ListItem\",\"@id\":\"https:\\\/\\\/www.worldrally.eu\\\/index.php\\\/category\\\/wrc\\\/#listItem\",\"name\":\"WRC\"}},{\"@type\":\"ListItem\",\"@id\":\"https:\\\/\\\/www.worldrally.eu\\\/index.php\\\/category\\\/wrc\\\/#listItem\",\"position\":2,\"name\":\"WRC\",\"item\":\"https:\\\/\\\/www.worldrally.eu\\\/index.php\\\/category\\\/wrc\\\/\",\"nextItem\":{\"@type\":\"ListItem\",\"@id\":\"https:\\\/\\\/www.worldrally.eu\\\/index.php\\\/2023\\\/11\\\/16\\\/lappi-pozostaje-w-hyundai-na-2024\\\/#listItem\",\"name\":\"Lappi pozostaje w Hyundai na 2024\"},\"previousItem\":{\"@type\":\"ListItem\",\"@id\":\"https:\\\/\\\/www.worldrally.eu#listItem\",\"name\":\"Home\"}},{\"@type\":\"ListItem\",\"@id\":\"https:\\\/\\\/www.worldrally.eu\\\/index.php\\\/2023\\\/11\\\/16\\\/lappi-pozostaje-w-hyundai-na-2024\\\/#listItem\",\"position\":3,\"name\":\"Lappi pozostaje w Hyundai na 2024\",\"previousItem\":{\"@type\":\"ListItem\",\"@id\":\"https:\\\/\\\/www.worldrally.eu\\\/index.php\\\/category\\\/wrc\\\/#listItem\",\"name\":\"WRC\"}}]},{\"@type\":\"Organization\",\"@id\":\"https:\\\/\\\/www.worldrally.eu\\\/#organization\",\"name\":\"WorldRally.eu\",\"url\":\"https:\\\/\\\/www.worldrally.eu\\\/\",\"logo\":{\"@type\":\"ImageObject\",\"url\":\"https:\\\/\\\/www.worldrally.eu\\\/wp-content\\\/uploads\\\/2026\\\/01\\\/cropped-logo-3.png\",\"@id\":\"https:\\\/\\\/www.worldrally.eu\\\/index.php\\\/2023\\\/11\\\/16\\\/lappi-pozostaje-w-hyundai-na-2024\\\/#organizationLogo\",\"width\":2039,\"height\":756},\"image\":{\"@id\":\"https:\\\/\\\/www.worldrally.eu\\\/index.php\\\/2023\\\/11\\\/16\\\/lappi-pozostaje-w-hyundai-na-2024\\\/#organizationLogo\"}},{\"@type\":\"Person\",\"@id\":\"https:\\\/\\\/www.worldrally.eu\\\/index.php\\\/author\\\/slawek\\\/#author\",\"url\":\"https:\\\/\\\/www.worldrally.eu\\\/index.php\\\/author\\\/slawek\\\/\",\"name\":\"Slawek\",\"image\":{\"@type\":\"ImageObject\",\"@id\":\"https:\\\/\\\/www.worldrally.eu\\\/index.php\\\/2023\\\/11\\\/16\\\/lappi-pozostaje-w-hyundai-na-2024\\\/#authorImage\",\"url\":\"https:\\\/\\\/secure.gravatar.com\\\/avatar\\\/69f360f7dae72083ae4bc4ab808684e60db7862f2a4c55f482a5c339df672fd5?s=96&d=mm&r=g\",\"width\":96,\"height\":96,\"caption\":\"Slawek\"}},{\"@type\":\"WebPage\",\"@id\":\"https:\\\/\\\/www.worldrally.eu\\\/index.php\\\/2023\\\/11\\\/16\\\/lappi-pozostaje-w-hyundai-na-2024\\\/#webpage\",\"url\":\"https:\\\/\\\/www.worldrally.eu\\\/index.php\\\/2023\\\/11\\\/16\\\/lappi-pozostaje-w-hyundai-na-2024\\\/\",\"name\":\"Lappi pozostaje w Hyundai na 2024 \\u00bb WorldRally.eu\",\"description\":\"Esapekka Lappi pozostanie w Hyundai Motorsport w sezonie 2024 Rajdowych Mistrzostw \\u015awiata, jednak\\u017ce jego starty nie b\\u0119d\\u0105 mia\\u0142y pe\\u0142nego wymiaru i b\\u0119dzie startowa\\u0142 tylko w wybranych rundach. Finowi przytrafi\\u0142y si\\u0119 pewne wpadki, w tym du\\u017ce wypadki ko\\u0144cz\\u0105ce rajdy w Meksyku, Finlandii, Chile i Europie \\u015arodkowej, aczkolwiek uda\\u0142o mu si\\u0119 cztery razy stan\\u0105\\u0107 na podium. Z\",\"inLanguage\":\"en-GB\",\"isPartOf\":{\"@id\":\"https:\\\/\\\/www.worldrally.eu\\\/#website\"},\"breadcrumb\":{\"@id\":\"https:\\\/\\\/www.worldrally.eu\\\/index.php\\\/2023\\\/11\\\/16\\\/lappi-pozostaje-w-hyundai-na-2024\\\/#breadcrumblist\"},\"author\":{\"@id\":\"https:\\\/\\\/www.worldrally.eu\\\/index.php\\\/author\\\/slawek\\\/#author\"},\"creator\":{\"@id\":\"https:\\\/\\\/www.worldrally.eu\\\/index.php\\\/author\\\/slawek\\\/#author\"},\"image\":{\"@type\":\"ImageObject\",\"url\":\"https:\\\/\\\/www.worldrally.eu\\\/wp-content\\\/uploads\\\/2023\\\/07\\\/esapekka-1.jpg\",\"@id\":\"https:\\\/\\\/www.worldrally.eu\\\/index.php\\\/2023\\\/11\\\/16\\\/lappi-pozostaje-w-hyundai-na-2024\\\/#mainImage\",\"width\":2048,\"height\":1536},\"primaryImageOfPage\":{\"@id\":\"https:\\\/\\\/www.worldrally.eu\\\/index.php\\\/2023\\\/11\\\/16\\\/lappi-pozostaje-w-hyundai-na-2024\\\/#mainImage\"},\"datePublished\":\"2023-11-16T21:09:24+00:00\",\"dateModified\":\"2023-11-16T21:09:24+00:00\"},{\"@type\":\"WebSite\",\"@id\":\"https:\\\/\\\/www.worldrally.eu\\\/#website\",\"url\":\"https:\\\/\\\/www.worldrally.eu\\\/\",\"name\":\"WorldRally.eu\",\"inLanguage\":\"en-GB\",\"publisher\":{\"@id\":\"https:\\\/\\\/www.worldrally.eu\\\/#organization\"}}]}\n\t\t<\/script>\n\t\t<!-- All in One SEO -->\n\n","aioseo_head_json":{"title":"Lappi pozostaje w Hyundai na 2024 \u00bb WorldRally.eu","description":"Esapekka Lappi pozostanie w Hyundai Motorsport w sezonie 2024 Rajdowych Mistrzostw \u015awiata, jednak\u017ce jego starty nie b\u0119d\u0105 mia\u0142y pe\u0142nego wymiaru i b\u0119dzie startowa\u0142 tylko w wybranych rundach. Finowi przytrafi\u0142y si\u0119 pewne wpadki, w tym du\u017ce wypadki ko\u0144cz\u0105ce rajdy w Meksyku, Finlandii, Chile i Europie \u015arodkowej, aczkolwiek uda\u0142o mu si\u0119 cztery razy stan\u0105\u0107 na podium. Z","canonical_url":"https:\/\/www.worldrally.eu\/index.php\/2023\/11\/16\/lappi-pozostaje-w-hyundai-na-2024\/","robots":"max-image-preview:large","keywords":"","webmasterTools":{"miscellaneous":""},"schema":{"@context":"https:\/\/schema.org","@graph":[{"@type":"BlogPosting","@id":"https:\/\/www.worldrally.eu\/index.php\/2023\/11\/16\/lappi-pozostaje-w-hyundai-na-2024\/#blogposting","name":"Lappi pozostaje w Hyundai na 2024 \u00bb WorldRally.eu","headline":"Lappi pozostaje w Hyundai na 2024","author":{"@id":"https:\/\/www.worldrally.eu\/index.php\/author\/slawek\/#author"},"publisher":{"@id":"https:\/\/www.worldrally.eu\/#organization"},"image":{"@type":"ImageObject","url":"https:\/\/www.worldrally.eu\/wp-content\/uploads\/2023\/07\/esapekka-1.jpg","width":2048,"height":1536},"datePublished":"2023-11-16T21:09:24+00:00","dateModified":"2023-11-16T21:09:24+00:00","inLanguage":"en-GB","mainEntityOfPage":{"@id":"https:\/\/www.worldrally.eu\/index.php\/2023\/11\/16\/lappi-pozostaje-w-hyundai-na-2024\/#webpage"},"isPartOf":{"@id":"https:\/\/www.worldrally.eu\/index.php\/2023\/11\/16\/lappi-pozostaje-w-hyundai-na-2024\/#webpage"},"articleSection":"WRC"},{"@type":"BreadcrumbList","@id":"https:\/\/www.worldrally.eu\/index.php\/2023\/11\/16\/lappi-pozostaje-w-hyundai-na-2024\/#breadcrumblist","itemListElement":[{"@type":"ListItem","@id":"https:\/\/www.worldrally.eu#listItem","position":1,"name":"Home","item":"https:\/\/www.worldrally.eu","nextItem":{"@type":"ListItem","@id":"https:\/\/www.worldrally.eu\/index.php\/category\/wrc\/#listItem","name":"WRC"}},{"@type":"ListItem","@id":"https:\/\/www.worldrally.eu\/index.php\/category\/wrc\/#listItem","position":2,"name":"WRC","item":"https:\/\/www.worldrally.eu\/index.php\/category\/wrc\/","nextItem":{"@type":"ListItem","@id":"https:\/\/www.worldrally.eu\/index.php\/2023\/11\/16\/lappi-pozostaje-w-hyundai-na-2024\/#listItem","name":"Lappi pozostaje w Hyundai na 2024"},"previousItem":{"@type":"ListItem","@id":"https:\/\/www.worldrally.eu#listItem","name":"Home"}},{"@type":"ListItem","@id":"https:\/\/www.worldrally.eu\/index.php\/2023\/11\/16\/lappi-pozostaje-w-hyundai-na-2024\/#listItem","position":3,"name":"Lappi pozostaje w Hyundai na 2024","previousItem":{"@type":"ListItem","@id":"https:\/\/www.worldrally.eu\/index.php\/category\/wrc\/#listItem","name":"WRC"}}]},{"@type":"Organization","@id":"https:\/\/www.worldrally.eu\/#organization","name":"WorldRally.eu","url":"https:\/\/www.worldrally.eu\/","logo":{"@type":"ImageObject","url":"https:\/\/www.worldrally.eu\/wp-content\/uploads\/2026\/01\/cropped-logo-3.png","@id":"https:\/\/www.worldrally.eu\/index.php\/2023\/11\/16\/lappi-pozostaje-w-hyundai-na-2024\/#organizationLogo","width":2039,"height":756},"image":{"@id":"https:\/\/www.worldrally.eu\/index.php\/2023\/11\/16\/lappi-pozostaje-w-hyundai-na-2024\/#organizationLogo"}},{"@type":"Person","@id":"https:\/\/www.worldrally.eu\/index.php\/author\/slawek\/#author","url":"https:\/\/www.worldrally.eu\/index.php\/author\/slawek\/","name":"Slawek","image":{"@type":"ImageObject","@id":"https:\/\/www.worldrally.eu\/index.php\/2023\/11\/16\/lappi-pozostaje-w-hyundai-na-2024\/#authorImage","url":"https:\/\/secure.gravatar.com\/avatar\/69f360f7dae72083ae4bc4ab808684e60db7862f2a4c55f482a5c339df672fd5?s=96&d=mm&r=g","width":96,"height":96,"caption":"Slawek"}},{"@type":"WebPage","@id":"https:\/\/www.worldrally.eu\/index.php\/2023\/11\/16\/lappi-pozostaje-w-hyundai-na-2024\/#webpage","url":"https:\/\/www.worldrally.eu\/index.php\/2023\/11\/16\/lappi-pozostaje-w-hyundai-na-2024\/","name":"Lappi pozostaje w Hyundai na 2024 \u00bb WorldRally.eu","description":"Esapekka Lappi pozostanie w Hyundai Motorsport w sezonie 2024 Rajdowych Mistrzostw \u015awiata, jednak\u017ce jego starty nie b\u0119d\u0105 mia\u0142y pe\u0142nego wymiaru i b\u0119dzie startowa\u0142 tylko w wybranych rundach. Finowi przytrafi\u0142y si\u0119 pewne wpadki, w tym du\u017ce wypadki ko\u0144cz\u0105ce rajdy w Meksyku, Finlandii, Chile i Europie \u015arodkowej, aczkolwiek uda\u0142o mu si\u0119 cztery razy stan\u0105\u0107 na podium. Z","inLanguage":"en-GB","isPartOf":{"@id":"https:\/\/www.worldrally.eu\/#website"},"breadcrumb":{"@id":"https:\/\/www.worldrally.eu\/index.php\/2023\/11\/16\/lappi-pozostaje-w-hyundai-na-2024\/#breadcrumblist"},"author":{"@id":"https:\/\/www.worldrally.eu\/index.php\/author\/slawek\/#author"},"creator":{"@id":"https:\/\/www.worldrally.eu\/index.php\/author\/slawek\/#author"},"image":{"@type":"ImageObject","url":"https:\/\/www.worldrally.eu\/wp-content\/uploads\/2023\/07\/esapekka-1.jpg","@id":"https:\/\/www.worldrally.eu\/index.php\/2023\/11\/16\/lappi-pozostaje-w-hyundai-na-2024\/#mainImage","width":2048,"height":1536},"primaryImageOfPage":{"@id":"https:\/\/www.worldrally.eu\/index.php\/2023\/11\/16\/lappi-pozostaje-w-hyundai-na-2024\/#mainImage"},"datePublished":"2023-11-16T21:09:24+00:00","dateModified":"2023-11-16T21:09:24+00:00"},{"@type":"WebSite","@id":"https:\/\/www.worldrally.eu\/#website","url":"https:\/\/www.worldrally.eu\/","name":"WorldRally.eu","inLanguage":"en-GB","publisher":{"@id":"https:\/\/www.worldrally.eu\/#organization"}}]},"og:locale":"en_GB","og:site_name":"WorldRally.eu \u00bb","og:type":"article","og:title":"Lappi pozostaje w Hyundai na 2024 \u00bb WorldRally.eu","og:description":"Esapekka Lappi pozostanie w Hyundai Motorsport w sezonie 2024 Rajdowych Mistrzostw \u015awiata, jednak\u017ce jego starty nie b\u0119d\u0105 mia\u0142y pe\u0142nego wymiaru i b\u0119dzie startowa\u0142 tylko w wybranych rundach. Finowi przytrafi\u0142y si\u0119 pewne wpadki, w tym du\u017ce wypadki ko\u0144cz\u0105ce rajdy w Meksyku, Finlandii, Chile i Europie \u015arodkowej, aczkolwiek uda\u0142o mu si\u0119 cztery razy stan\u0105\u0107 na podium. Z","og:url":"https:\/\/www.worldrally.eu\/index.php\/2023\/11\/16\/lappi-pozostaje-w-hyundai-na-2024\/","og:image":"https:\/\/www.worldrally.eu\/wp-content\/uploads\/2023\/07\/esapekka-1.jpg","og:image:secure_url":"https:\/\/www.worldrally.eu\/wp-content\/uploads\/2023\/07\/esapekka-1.jpg","og:image:width":2048,"og:image:height":1536,"article:published_time":"2023-11-16T21:09:24+00:00","article:modified_time":"2023-11-16T21:09:24+00:00","twitter:card":"summary_large_image","twitter:title":"Lappi pozostaje w Hyundai na 2024 \u00bb WorldRally.eu","twitter:description":"Esapekka Lappi pozostanie w Hyundai Motorsport w sezonie 2024 Rajdowych Mistrzostw \u015awiata, jednak\u017ce jego starty nie b\u0119d\u0105 mia\u0142y pe\u0142nego wymiaru i b\u0119dzie startowa\u0142 tylko w wybranych rundach. Finowi przytrafi\u0142y si\u0119 pewne wpadki, w tym du\u017ce wypadki ko\u0144cz\u0105ce rajdy w Meksyku, Finlandii, Chile i Europie \u015arodkowej, aczkolwiek uda\u0142o mu si\u0119 cztery razy stan\u0105\u0107 na podium. Z","twitter:image":"https:\/\/www.worldrally.eu\/wp-content\/uploads\/2023\/07\/esapekka-1.jpg"},"aioseo_meta_data":{"post_id":"2202","title":null,"description":null,"keywords":null,"keyphrases":null,"primary_term":null,"canonical_url":null,"og_title":null,"og_description":null,"og_object_type":"default","og_image_type":"default","og_image_url":null,"og_image_width":null,"og_image_height":null,"og_image_custom_url":null,"og_image_custom_fields":null,"og_video":null,"og_custom_url":null,"og_article_section":null,"og_article_tags":null,"twitter_use_og":false,"twitter_card":"default","twitter_image_type":"default","twitter_image_url":null,"twitter_image_custom_url":null,"twitter_image_custom_fields":null,"twitter_title":null,"twitter_description":null,"schema":{"blockGraphs":[],"customGraphs":[],"default":{"data":{"Article":[],"Course":[],"Dataset":[],"FAQPage":[],"Movie":[],"Person":[],"Product":[],"ProductReview":[],"Car":[],"Recipe":[],"Service":[],"SoftwareApplication":[],"WebPage":[]},"graphName":"","isEnabled":true},"graphs":[]},"schema_type":"default","schema_type_options":null,"pillar_content":false,"robots_default":true,"robots_noindex":false,"robots_noarchive":false,"robots_nosnippet":false,"robots_nofollow":false,"robots_noimageindex":false,"robots_noodp":false,"robots_notranslate":false,"robots_max_snippet":null,"robots_max_videopreview":null,"robots_max_imagepreview":"large","priority":null,"frequency":null,"local_seo":null,"breadcrumb_settings":null,"limit_modified_date":false,"ai":null,"created":"2025-03-22 06:31:32","updated":"2025-10-26 12:12:40","seo_analyzer_scan_date":null},"aioseo_breadcrumb":"<div class=\"aioseo-breadcrumbs\"><span class=\"aioseo-breadcrumb\">\n\t\t\t<a href=\"https:\/\/www.worldrally.eu\" title=\"Home\">Home<\/a>\n\t\t<\/span><span class=\"aioseo-breadcrumb-separator\">&raquo;<\/span><span class=\"aioseo-breadcrumb\">\n\t\t\t<a href=\"https:\/\/www.worldrally.eu\/index.php\/category\/wrc\/\" title=\"WRC\">WRC<\/a>\n\t\t<\/span><span class=\"aioseo-breadcrumb-separator\">&raquo;<\/span><span class=\"aioseo-breadcrumb\">\n\t\t\tLappi pozostaje w Hyundai na 2024\n\t\t<\/span><\/div>","aioseo_breadcrumb_json":[{"label":"Home","link":"https:\/\/www.worldrally.eu"},{"label":"WRC","link":"https:\/\/www.worldrally.eu\/index.php\/category\/wrc\/"},{"label":"Lappi pozostaje w Hyundai na 2024","link":"https:\/\/www.worldrally.eu\/index.php\/2023\/11\/16\/lappi-pozostaje-w-hyundai-na-2024\/"}],"cc_featured_image_caption":{"caption_text":"Foto - WRCcom","source_text":"","source_url":""},"_links":{"self":[{"href":"https:\/\/www.worldrally.eu\/index.php\/wp-json\/wp\/v2\/posts\/2202","targetHints":{"allow":["GET"]}}],"collection":[{"href":"https:\/\/www.worldrally.eu\/index.php\/wp-json\/wp\/v2\/posts"}],"about":[{"href":"https:\/\/www.worldrally.eu\/index.php\/wp-json\/wp\/v2\/types\/post"}],"author":[{"embeddable":true,"href":"https:\/\/www.worldrally.eu\/index.php\/wp-json\/wp\/v2\/users\/4"}],"replies":[{"embeddable":true,"href":"https:\/\/www.worldrally.eu\/index.php\/wp-json\/wp\/v2\/comments?post=2202"}],"version-history":[{"count":1,"href":"https:\/\/www.worldrally.eu\/index.php\/wp-json\/wp\/v2\/posts\/2202\/revisions"}],"predecessor-version":[{"id":2203,"href":"https:\/\/www.worldrally.eu\/index.php\/wp-json\/wp\/v2\/posts\/2202\/revisions\/2203"}],"wp:featuredmedia":[{"embeddable":true,"href":"https:\/\/www.worldrally.eu\/index.php\/wp-json\/wp\/v2\/media\/1753"}],"wp:attachment":[{"href":"https:\/\/www.worldrally.eu\/index.php\/wp-json\/wp\/v2\/media?parent=2202"}],"wp:term":[{"taxonomy":"category","embeddable":true,"href":"https:\/\/www.worldrally.eu\/index.php\/wp-json\/wp\/v2\/categories?post=2202"},{"taxonomy":"post_tag","embeddable":true,"href":"https:\/\/www.worldrally.eu\/index.php\/wp-json\/wp\/v2\/tags?post=2202"}],"curies":[{"name":"wp","href":"https:\/\/api.w.org\/{rel}","templated":true}]}}