{"id":220,"date":"2023-02-10T19:46:18","date_gmt":"2023-02-10T19:46:18","guid":{"rendered":"https:\/\/www.worldrally.eu\/?p=220"},"modified":"2023-02-10T19:46:20","modified_gmt":"2023-02-10T19:46:20","slug":"tanak-bardzo-szybki-w-porannej-petli","status":"publish","type":"post","link":"https:\/\/www.worldrally.eu\/index.php\/2023\/02\/10\/tanak-bardzo-szybki-w-porannej-petli\/","title":{"rendered":"T\u00e4nak bardzo szybki w porannej p\u0119tli"},"content":{"rendered":"\n<p class=\"wp-block-paragraph\">Poranna p\u0119tla by\u0142a pe\u0142na niespodzianek, r\u00f3\u017cni kierowcy wygrywali poszczeg\u00f3lne odcinki specjalne drugiej rundy mistrzostw \u015bwiata, ale to Ott T\u00e4nak wyszed\u0142 na prowadzenie. Jak wida\u0107 Esto\u0144czyk po zmianie barw Teamu bardzo szybko zgra\u0142 si\u0119 z nowym samochodem i pokaza\u0142, \u017ce b\u0119dzie walczy\u0142 o najwy\u017cszy stopie\u0144 podium.<\/p>\n\n\n\n<p class=\"wp-block-paragraph\"><em>\u201ePrawdopodobnie powinni\u015bmy by\u0107 szybsi&#8221;<\/em> -, zamy\u015bli\u0142 si\u0119 lider, sugeruj\u0105c, \u017ce po po\u0142udniu jest miejsce na popraw\u0119. <em>&#8220;Powinno by\u0107 du\u017co lepiej, wi\u0119c zobaczymy, co przyniesie druga p\u0119tla. W tej chwili warunki nie s\u0105 takie \u0142atwe , na pewno.&#8221;<\/em><\/p>\n\n\n\n<p class=\"wp-block-paragraph\">To pierwszy raz, kiedy brytyjski zesp\u00f3\u0142 poprowadzi\u0142 rajd WRC od ubieg\u0142orocznego Repco Rally New Zealand. Jednak maj\u0105c zaledwie 2,1 sekundy przewagi nad szar\u017cuj\u0105cym Craigiem Breenem, T\u00e4nak nie ma miejsca na relaks.musi pozosta\u0107 w pe\u0142nym skupieniu aby fotel lidera dowie do koca dnia.<\/p>\n\n\n\n<p class=\"wp-block-paragraph\"><\/p>\n","protected":false},"excerpt":{"rendered":"<p>Poranna p\u0119tla by\u0142a pe\u0142na niespodzianek, r\u00f3\u017cni kierowcy wygrywali poszczeg\u00f3lne odcinki specjalne drugiej rundy mistrzostw \u015bwiata, ale to Ott T\u00e4nak wyszed\u0142 na prowadzenie. Jak wida\u0107 Esto\u0144czyk po zmianie barw Teamu bardzo szybko zgra\u0142 si\u0119 z nowym samochodem i pokaza\u0142, \u017ce b\u0119dzie walczy\u0142 o najwy\u017cszy stopie\u0144 podium. \u201ePrawdopodobnie powinni\u015bmy by\u0107 szybsi&#8221; -, zamy\u015bli\u0142 si\u0119 lider, sugeruj\u0105c, \u017ce [&hellip;]<\/p>\n","protected":false},"author":1,"featured_media":221,"comment_status":"closed","ping_status":"closed","sticky":false,"template":"","format":"standard","meta":{"_monsterinsights_skip_tracking":false,"_monsterinsights_sitenote_active":false,"_monsterinsights_sitenote_note":"","_monsterinsights_sitenote_category":0,"footnotes":""},"categories":[3],"tags":[],"class_list":["post-220","post","type-post","status-publish","format-standard","has-post-thumbnail","hentry","category-wrc"],"aioseo_notices":[],"aioseo_head":"\n\t\t<!-- All in One SEO 4.9.9 - aioseo.com -->\n\t<meta name=\"description\" content=\"Poranna p\u0119tla by\u0142a pe\u0142na niespodzianek, r\u00f3\u017cni kierowcy wygrywali poszczeg\u00f3lne odcinki specjalne drugiej rundy mistrzostw \u015bwiata, ale to Ott T\u00e4nak wyszed\u0142 na prowadzenie. Jak wida\u0107 Esto\u0144czyk po zmianie barw Teamu bardzo szybko zgra\u0142 si\u0119 z nowym samochodem i pokaza\u0142, \u017ce b\u0119dzie walczy\u0142 o najwy\u017cszy stopie\u0144 podium. \u201ePrawdopodobnie powinni\u015bmy by\u0107 szybsi&quot; -, zamy\u015bli\u0142 si\u0119 lider, sugeruj\u0105c, \u017ce\" \/>\n\t<meta name=\"robots\" content=\"max-image-preview:large\" \/>\n\t<meta name=\"author\" content=\"Junior\"\/>\n\t<link rel=\"canonical\" href=\"https:\/\/www.worldrally.eu\/index.php\/2023\/02\/10\/tanak-bardzo-szybki-w-porannej-petli\/\" \/>\n\t<meta name=\"generator\" content=\"All in One SEO (AIOSEO) 4.9.9\" \/>\n\t\t<meta property=\"og:locale\" content=\"en_GB\" \/>\n\t\t<meta property=\"og:site_name\" content=\"WorldRally.eu \u00bb\" \/>\n\t\t<meta property=\"og:type\" content=\"article\" \/>\n\t\t<meta property=\"og:title\" content=\"T\u00e4nak bardzo szybki w porannej p\u0119tli \u00bb WorldRally.eu\" \/>\n\t\t<meta property=\"og:description\" content=\"Poranna p\u0119tla by\u0142a pe\u0142na niespodzianek, r\u00f3\u017cni kierowcy wygrywali poszczeg\u00f3lne odcinki specjalne drugiej rundy mistrzostw \u015bwiata, ale to Ott T\u00e4nak wyszed\u0142 na prowadzenie. Jak wida\u0107 Esto\u0144czyk po zmianie barw Teamu bardzo szybko zgra\u0142 si\u0119 z nowym samochodem i pokaza\u0142, \u017ce b\u0119dzie walczy\u0142 o najwy\u017cszy stopie\u0144 podium. \u201ePrawdopodobnie powinni\u015bmy by\u0107 szybsi&quot; -, zamy\u015bli\u0142 si\u0119 lider, sugeruj\u0105c, \u017ce\" \/>\n\t\t<meta property=\"og:url\" content=\"https:\/\/www.worldrally.eu\/index.php\/2023\/02\/10\/tanak-bardzo-szybki-w-porannej-petli\/\" \/>\n\t\t<meta property=\"og:image\" content=\"https:\/\/www.worldrally.eu\/wp-content\/uploads\/2023\/02\/tnak.jpg\" \/>\n\t\t<meta property=\"og:image:secure_url\" content=\"https:\/\/www.worldrally.eu\/wp-content\/uploads\/2023\/02\/tnak.jpg\" \/>\n\t\t<meta property=\"og:image:width\" content=\"1400\" \/>\n\t\t<meta property=\"og:image:height\" content=\"788\" \/>\n\t\t<meta property=\"article:published_time\" content=\"2023-02-10T19:46:18+00:00\" \/>\n\t\t<meta property=\"article:modified_time\" content=\"2023-02-10T19:46:20+00:00\" \/>\n\t\t<meta name=\"twitter:card\" content=\"summary_large_image\" \/>\n\t\t<meta name=\"twitter:title\" content=\"T\u00e4nak bardzo szybki w porannej p\u0119tli \u00bb WorldRally.eu\" \/>\n\t\t<meta name=\"twitter:description\" content=\"Poranna p\u0119tla by\u0142a pe\u0142na niespodzianek, r\u00f3\u017cni kierowcy wygrywali poszczeg\u00f3lne odcinki specjalne drugiej rundy mistrzostw \u015bwiata, ale to Ott T\u00e4nak wyszed\u0142 na prowadzenie. Jak wida\u0107 Esto\u0144czyk po zmianie barw Teamu bardzo szybko zgra\u0142 si\u0119 z nowym samochodem i pokaza\u0142, \u017ce b\u0119dzie walczy\u0142 o najwy\u017cszy stopie\u0144 podium. \u201ePrawdopodobnie powinni\u015bmy by\u0107 szybsi&quot; -, zamy\u015bli\u0142 si\u0119 lider, sugeruj\u0105c, \u017ce\" \/>\n\t\t<meta name=\"twitter:image\" content=\"https:\/\/www.worldrally.eu\/wp-content\/uploads\/2023\/02\/tnak.jpg\" \/>\n\t\t<script type=\"application\/ld+json\" class=\"aioseo-schema\">\n\t\t\t{\"@context\":\"https:\\\/\\\/schema.org\",\"@graph\":[{\"@type\":\"BlogPosting\",\"@id\":\"https:\\\/\\\/www.worldrally.eu\\\/index.php\\\/2023\\\/02\\\/10\\\/tanak-bardzo-szybki-w-porannej-petli\\\/#blogposting\",\"name\":\"T\\u00e4nak bardzo szybki w porannej p\\u0119tli \\u00bb WorldRally.eu\",\"headline\":\"T\\u00e4nak bardzo szybki w porannej p\\u0119tli\",\"author\":{\"@id\":\"https:\\\/\\\/www.worldrally.eu\\\/index.php\\\/author\\\/admin\\\/#author\"},\"publisher\":{\"@id\":\"https:\\\/\\\/www.worldrally.eu\\\/#organization\"},\"image\":{\"@type\":\"ImageObject\",\"url\":\"https:\\\/\\\/www.worldrally.eu\\\/wp-content\\\/uploads\\\/2023\\\/02\\\/tnak.jpg\",\"width\":1400,\"height\":788},\"datePublished\":\"2023-02-10T19:46:18+00:00\",\"dateModified\":\"2023-02-10T19:46:20+00:00\",\"inLanguage\":\"en-GB\",\"mainEntityOfPage\":{\"@id\":\"https:\\\/\\\/www.worldrally.eu\\\/index.php\\\/2023\\\/02\\\/10\\\/tanak-bardzo-szybki-w-porannej-petli\\\/#webpage\"},\"isPartOf\":{\"@id\":\"https:\\\/\\\/www.worldrally.eu\\\/index.php\\\/2023\\\/02\\\/10\\\/tanak-bardzo-szybki-w-porannej-petli\\\/#webpage\"},\"articleSection\":\"WRC\"},{\"@type\":\"BreadcrumbList\",\"@id\":\"https:\\\/\\\/www.worldrally.eu\\\/index.php\\\/2023\\\/02\\\/10\\\/tanak-bardzo-szybki-w-porannej-petli\\\/#breadcrumblist\",\"itemListElement\":[{\"@type\":\"ListItem\",\"@id\":\"https:\\\/\\\/www.worldrally.eu#listItem\",\"position\":1,\"name\":\"Home\",\"item\":\"https:\\\/\\\/www.worldrally.eu\",\"nextItem\":{\"@type\":\"ListItem\",\"@id\":\"https:\\\/\\\/www.worldrally.eu\\\/index.php\\\/category\\\/wrc\\\/#listItem\",\"name\":\"WRC\"}},{\"@type\":\"ListItem\",\"@id\":\"https:\\\/\\\/www.worldrally.eu\\\/index.php\\\/category\\\/wrc\\\/#listItem\",\"position\":2,\"name\":\"WRC\",\"item\":\"https:\\\/\\\/www.worldrally.eu\\\/index.php\\\/category\\\/wrc\\\/\",\"nextItem\":{\"@type\":\"ListItem\",\"@id\":\"https:\\\/\\\/www.worldrally.eu\\\/index.php\\\/2023\\\/02\\\/10\\\/tanak-bardzo-szybki-w-porannej-petli\\\/#listItem\",\"name\":\"T\\u00e4nak bardzo szybki w porannej p\\u0119tli\"},\"previousItem\":{\"@type\":\"ListItem\",\"@id\":\"https:\\\/\\\/www.worldrally.eu#listItem\",\"name\":\"Home\"}},{\"@type\":\"ListItem\",\"@id\":\"https:\\\/\\\/www.worldrally.eu\\\/index.php\\\/2023\\\/02\\\/10\\\/tanak-bardzo-szybki-w-porannej-petli\\\/#listItem\",\"position\":3,\"name\":\"T\\u00e4nak bardzo szybki w porannej p\\u0119tli\",\"previousItem\":{\"@type\":\"ListItem\",\"@id\":\"https:\\\/\\\/www.worldrally.eu\\\/index.php\\\/category\\\/wrc\\\/#listItem\",\"name\":\"WRC\"}}]},{\"@type\":\"Organization\",\"@id\":\"https:\\\/\\\/www.worldrally.eu\\\/#organization\",\"name\":\"WorldRally.eu\",\"url\":\"https:\\\/\\\/www.worldrally.eu\\\/\",\"logo\":{\"@type\":\"ImageObject\",\"url\":\"https:\\\/\\\/www.worldrally.eu\\\/wp-content\\\/uploads\\\/2026\\\/01\\\/cropped-logo-3.png\",\"@id\":\"https:\\\/\\\/www.worldrally.eu\\\/index.php\\\/2023\\\/02\\\/10\\\/tanak-bardzo-szybki-w-porannej-petli\\\/#organizationLogo\",\"width\":2039,\"height\":756},\"image\":{\"@id\":\"https:\\\/\\\/www.worldrally.eu\\\/index.php\\\/2023\\\/02\\\/10\\\/tanak-bardzo-szybki-w-porannej-petli\\\/#organizationLogo\"}},{\"@type\":\"Person\",\"@id\":\"https:\\\/\\\/www.worldrally.eu\\\/index.php\\\/author\\\/admin\\\/#author\",\"url\":\"https:\\\/\\\/www.worldrally.eu\\\/index.php\\\/author\\\/admin\\\/\",\"name\":\"Junior\",\"image\":{\"@type\":\"ImageObject\",\"@id\":\"https:\\\/\\\/www.worldrally.eu\\\/index.php\\\/2023\\\/02\\\/10\\\/tanak-bardzo-szybki-w-porannej-petli\\\/#authorImage\",\"url\":\"https:\\\/\\\/secure.gravatar.com\\\/avatar\\\/5bd369ac0447285dc20b588693ca1756d0179a7f957258050a42a968bf3b9d0a?s=96&d=mm&r=g\",\"width\":96,\"height\":96,\"caption\":\"Junior\"}},{\"@type\":\"WebPage\",\"@id\":\"https:\\\/\\\/www.worldrally.eu\\\/index.php\\\/2023\\\/02\\\/10\\\/tanak-bardzo-szybki-w-porannej-petli\\\/#webpage\",\"url\":\"https:\\\/\\\/www.worldrally.eu\\\/index.php\\\/2023\\\/02\\\/10\\\/tanak-bardzo-szybki-w-porannej-petli\\\/\",\"name\":\"T\\u00e4nak bardzo szybki w porannej p\\u0119tli \\u00bb WorldRally.eu\",\"description\":\"Poranna p\\u0119tla by\\u0142a pe\\u0142na niespodzianek, r\\u00f3\\u017cni kierowcy wygrywali poszczeg\\u00f3lne odcinki specjalne drugiej rundy mistrzostw \\u015bwiata, ale to Ott T\\u00e4nak wyszed\\u0142 na prowadzenie. Jak wida\\u0107 Esto\\u0144czyk po zmianie barw Teamu bardzo szybko zgra\\u0142 si\\u0119 z nowym samochodem i pokaza\\u0142, \\u017ce b\\u0119dzie walczy\\u0142 o najwy\\u017cszy stopie\\u0144 podium. \\u201ePrawdopodobnie powinni\\u015bmy by\\u0107 szybsi\\\" -, zamy\\u015bli\\u0142 si\\u0119 lider, sugeruj\\u0105c, \\u017ce\",\"inLanguage\":\"en-GB\",\"isPartOf\":{\"@id\":\"https:\\\/\\\/www.worldrally.eu\\\/#website\"},\"breadcrumb\":{\"@id\":\"https:\\\/\\\/www.worldrally.eu\\\/index.php\\\/2023\\\/02\\\/10\\\/tanak-bardzo-szybki-w-porannej-petli\\\/#breadcrumblist\"},\"author\":{\"@id\":\"https:\\\/\\\/www.worldrally.eu\\\/index.php\\\/author\\\/admin\\\/#author\"},\"creator\":{\"@id\":\"https:\\\/\\\/www.worldrally.eu\\\/index.php\\\/author\\\/admin\\\/#author\"},\"image\":{\"@type\":\"ImageObject\",\"url\":\"https:\\\/\\\/www.worldrally.eu\\\/wp-content\\\/uploads\\\/2023\\\/02\\\/tnak.jpg\",\"@id\":\"https:\\\/\\\/www.worldrally.eu\\\/index.php\\\/2023\\\/02\\\/10\\\/tanak-bardzo-szybki-w-porannej-petli\\\/#mainImage\",\"width\":1400,\"height\":788},\"primaryImageOfPage\":{\"@id\":\"https:\\\/\\\/www.worldrally.eu\\\/index.php\\\/2023\\\/02\\\/10\\\/tanak-bardzo-szybki-w-porannej-petli\\\/#mainImage\"},\"datePublished\":\"2023-02-10T19:46:18+00:00\",\"dateModified\":\"2023-02-10T19:46:20+00:00\"},{\"@type\":\"WebSite\",\"@id\":\"https:\\\/\\\/www.worldrally.eu\\\/#website\",\"url\":\"https:\\\/\\\/www.worldrally.eu\\\/\",\"name\":\"WorldRally.eu\",\"inLanguage\":\"en-GB\",\"publisher\":{\"@id\":\"https:\\\/\\\/www.worldrally.eu\\\/#organization\"}}]}\n\t\t<\/script>\n\t\t<!-- All in One SEO -->\n\n","aioseo_head_json":{"title":"T\u00e4nak bardzo szybki w porannej p\u0119tli \u00bb WorldRally.eu","description":"Poranna p\u0119tla by\u0142a pe\u0142na niespodzianek, r\u00f3\u017cni kierowcy wygrywali poszczeg\u00f3lne odcinki specjalne drugiej rundy mistrzostw \u015bwiata, ale to Ott T\u00e4nak wyszed\u0142 na prowadzenie. Jak wida\u0107 Esto\u0144czyk po zmianie barw Teamu bardzo szybko zgra\u0142 si\u0119 z nowym samochodem i pokaza\u0142, \u017ce b\u0119dzie walczy\u0142 o najwy\u017cszy stopie\u0144 podium. \u201ePrawdopodobnie powinni\u015bmy by\u0107 szybsi\" -, zamy\u015bli\u0142 si\u0119 lider, sugeruj\u0105c, \u017ce","canonical_url":"https:\/\/www.worldrally.eu\/index.php\/2023\/02\/10\/tanak-bardzo-szybki-w-porannej-petli\/","robots":"max-image-preview:large","keywords":"","webmasterTools":{"miscellaneous":""},"schema":{"@context":"https:\/\/schema.org","@graph":[{"@type":"BlogPosting","@id":"https:\/\/www.worldrally.eu\/index.php\/2023\/02\/10\/tanak-bardzo-szybki-w-porannej-petli\/#blogposting","name":"T\u00e4nak bardzo szybki w porannej p\u0119tli \u00bb WorldRally.eu","headline":"T\u00e4nak bardzo szybki w porannej p\u0119tli","author":{"@id":"https:\/\/www.worldrally.eu\/index.php\/author\/admin\/#author"},"publisher":{"@id":"https:\/\/www.worldrally.eu\/#organization"},"image":{"@type":"ImageObject","url":"https:\/\/www.worldrally.eu\/wp-content\/uploads\/2023\/02\/tnak.jpg","width":1400,"height":788},"datePublished":"2023-02-10T19:46:18+00:00","dateModified":"2023-02-10T19:46:20+00:00","inLanguage":"en-GB","mainEntityOfPage":{"@id":"https:\/\/www.worldrally.eu\/index.php\/2023\/02\/10\/tanak-bardzo-szybki-w-porannej-petli\/#webpage"},"isPartOf":{"@id":"https:\/\/www.worldrally.eu\/index.php\/2023\/02\/10\/tanak-bardzo-szybki-w-porannej-petli\/#webpage"},"articleSection":"WRC"},{"@type":"BreadcrumbList","@id":"https:\/\/www.worldrally.eu\/index.php\/2023\/02\/10\/tanak-bardzo-szybki-w-porannej-petli\/#breadcrumblist","itemListElement":[{"@type":"ListItem","@id":"https:\/\/www.worldrally.eu#listItem","position":1,"name":"Home","item":"https:\/\/www.worldrally.eu","nextItem":{"@type":"ListItem","@id":"https:\/\/www.worldrally.eu\/index.php\/category\/wrc\/#listItem","name":"WRC"}},{"@type":"ListItem","@id":"https:\/\/www.worldrally.eu\/index.php\/category\/wrc\/#listItem","position":2,"name":"WRC","item":"https:\/\/www.worldrally.eu\/index.php\/category\/wrc\/","nextItem":{"@type":"ListItem","@id":"https:\/\/www.worldrally.eu\/index.php\/2023\/02\/10\/tanak-bardzo-szybki-w-porannej-petli\/#listItem","name":"T\u00e4nak bardzo szybki w porannej p\u0119tli"},"previousItem":{"@type":"ListItem","@id":"https:\/\/www.worldrally.eu#listItem","name":"Home"}},{"@type":"ListItem","@id":"https:\/\/www.worldrally.eu\/index.php\/2023\/02\/10\/tanak-bardzo-szybki-w-porannej-petli\/#listItem","position":3,"name":"T\u00e4nak bardzo szybki w porannej p\u0119tli","previousItem":{"@type":"ListItem","@id":"https:\/\/www.worldrally.eu\/index.php\/category\/wrc\/#listItem","name":"WRC"}}]},{"@type":"Organization","@id":"https:\/\/www.worldrally.eu\/#organization","name":"WorldRally.eu","url":"https:\/\/www.worldrally.eu\/","logo":{"@type":"ImageObject","url":"https:\/\/www.worldrally.eu\/wp-content\/uploads\/2026\/01\/cropped-logo-3.png","@id":"https:\/\/www.worldrally.eu\/index.php\/2023\/02\/10\/tanak-bardzo-szybki-w-porannej-petli\/#organizationLogo","width":2039,"height":756},"image":{"@id":"https:\/\/www.worldrally.eu\/index.php\/2023\/02\/10\/tanak-bardzo-szybki-w-porannej-petli\/#organizationLogo"}},{"@type":"Person","@id":"https:\/\/www.worldrally.eu\/index.php\/author\/admin\/#author","url":"https:\/\/www.worldrally.eu\/index.php\/author\/admin\/","name":"Junior","image":{"@type":"ImageObject","@id":"https:\/\/www.worldrally.eu\/index.php\/2023\/02\/10\/tanak-bardzo-szybki-w-porannej-petli\/#authorImage","url":"https:\/\/secure.gravatar.com\/avatar\/5bd369ac0447285dc20b588693ca1756d0179a7f957258050a42a968bf3b9d0a?s=96&d=mm&r=g","width":96,"height":96,"caption":"Junior"}},{"@type":"WebPage","@id":"https:\/\/www.worldrally.eu\/index.php\/2023\/02\/10\/tanak-bardzo-szybki-w-porannej-petli\/#webpage","url":"https:\/\/www.worldrally.eu\/index.php\/2023\/02\/10\/tanak-bardzo-szybki-w-porannej-petli\/","name":"T\u00e4nak bardzo szybki w porannej p\u0119tli \u00bb WorldRally.eu","description":"Poranna p\u0119tla by\u0142a pe\u0142na niespodzianek, r\u00f3\u017cni kierowcy wygrywali poszczeg\u00f3lne odcinki specjalne drugiej rundy mistrzostw \u015bwiata, ale to Ott T\u00e4nak wyszed\u0142 na prowadzenie. Jak wida\u0107 Esto\u0144czyk po zmianie barw Teamu bardzo szybko zgra\u0142 si\u0119 z nowym samochodem i pokaza\u0142, \u017ce b\u0119dzie walczy\u0142 o najwy\u017cszy stopie\u0144 podium. \u201ePrawdopodobnie powinni\u015bmy by\u0107 szybsi\" -, zamy\u015bli\u0142 si\u0119 lider, sugeruj\u0105c, \u017ce","inLanguage":"en-GB","isPartOf":{"@id":"https:\/\/www.worldrally.eu\/#website"},"breadcrumb":{"@id":"https:\/\/www.worldrally.eu\/index.php\/2023\/02\/10\/tanak-bardzo-szybki-w-porannej-petli\/#breadcrumblist"},"author":{"@id":"https:\/\/www.worldrally.eu\/index.php\/author\/admin\/#author"},"creator":{"@id":"https:\/\/www.worldrally.eu\/index.php\/author\/admin\/#author"},"image":{"@type":"ImageObject","url":"https:\/\/www.worldrally.eu\/wp-content\/uploads\/2023\/02\/tnak.jpg","@id":"https:\/\/www.worldrally.eu\/index.php\/2023\/02\/10\/tanak-bardzo-szybki-w-porannej-petli\/#mainImage","width":1400,"height":788},"primaryImageOfPage":{"@id":"https:\/\/www.worldrally.eu\/index.php\/2023\/02\/10\/tanak-bardzo-szybki-w-porannej-petli\/#mainImage"},"datePublished":"2023-02-10T19:46:18+00:00","dateModified":"2023-02-10T19:46:20+00:00"},{"@type":"WebSite","@id":"https:\/\/www.worldrally.eu\/#website","url":"https:\/\/www.worldrally.eu\/","name":"WorldRally.eu","inLanguage":"en-GB","publisher":{"@id":"https:\/\/www.worldrally.eu\/#organization"}}]},"og:locale":"en_GB","og:site_name":"WorldRally.eu \u00bb","og:type":"article","og:title":"T\u00e4nak bardzo szybki w porannej p\u0119tli \u00bb WorldRally.eu","og:description":"Poranna p\u0119tla by\u0142a pe\u0142na niespodzianek, r\u00f3\u017cni kierowcy wygrywali poszczeg\u00f3lne odcinki specjalne drugiej rundy mistrzostw \u015bwiata, ale to Ott T\u00e4nak wyszed\u0142 na prowadzenie. Jak wida\u0107 Esto\u0144czyk po zmianie barw Teamu bardzo szybko zgra\u0142 si\u0119 z nowym samochodem i pokaza\u0142, \u017ce b\u0119dzie walczy\u0142 o najwy\u017cszy stopie\u0144 podium. \u201ePrawdopodobnie powinni\u015bmy by\u0107 szybsi&quot; -, zamy\u015bli\u0142 si\u0119 lider, sugeruj\u0105c, \u017ce","og:url":"https:\/\/www.worldrally.eu\/index.php\/2023\/02\/10\/tanak-bardzo-szybki-w-porannej-petli\/","og:image":"https:\/\/www.worldrally.eu\/wp-content\/uploads\/2023\/02\/tnak.jpg","og:image:secure_url":"https:\/\/www.worldrally.eu\/wp-content\/uploads\/2023\/02\/tnak.jpg","og:image:width":1400,"og:image:height":788,"article:published_time":"2023-02-10T19:46:18+00:00","article:modified_time":"2023-02-10T19:46:20+00:00","twitter:card":"summary_large_image","twitter:title":"T\u00e4nak bardzo szybki w porannej p\u0119tli \u00bb WorldRally.eu","twitter:description":"Poranna p\u0119tla by\u0142a pe\u0142na niespodzianek, r\u00f3\u017cni kierowcy wygrywali poszczeg\u00f3lne odcinki specjalne drugiej rundy mistrzostw \u015bwiata, ale to Ott T\u00e4nak wyszed\u0142 na prowadzenie. Jak wida\u0107 Esto\u0144czyk po zmianie barw Teamu bardzo szybko zgra\u0142 si\u0119 z nowym samochodem i pokaza\u0142, \u017ce b\u0119dzie walczy\u0142 o najwy\u017cszy stopie\u0144 podium. \u201ePrawdopodobnie powinni\u015bmy by\u0107 szybsi&quot; -, zamy\u015bli\u0142 si\u0119 lider, sugeruj\u0105c, \u017ce","twitter:image":"https:\/\/www.worldrally.eu\/wp-content\/uploads\/2023\/02\/tnak.jpg"},"aioseo_meta_data":{"post_id":"220","title":null,"description":null,"keywords":null,"keyphrases":null,"primary_term":null,"canonical_url":null,"og_title":null,"og_description":null,"og_object_type":"default","og_image_type":"default","og_image_url":null,"og_image_width":null,"og_image_height":null,"og_image_custom_url":null,"og_image_custom_fields":null,"og_video":null,"og_custom_url":null,"og_article_section":null,"og_article_tags":null,"twitter_use_og":false,"twitter_card":"default","twitter_image_type":"default","twitter_image_url":null,"twitter_image_custom_url":null,"twitter_image_custom_fields":null,"twitter_title":null,"twitter_description":null,"schema":{"blockGraphs":[],"customGraphs":[],"default":{"data":{"Article":[],"Course":[],"Dataset":[],"FAQPage":[],"Movie":[],"Person":[],"Product":[],"ProductReview":[],"Car":[],"Recipe":[],"Service":[],"SoftwareApplication":[],"WebPage":[]},"graphName":"","isEnabled":true},"graphs":[]},"schema_type":"default","schema_type_options":null,"pillar_content":false,"robots_default":true,"robots_noindex":false,"robots_noarchive":false,"robots_nosnippet":false,"robots_nofollow":false,"robots_noimageindex":false,"robots_noodp":false,"robots_notranslate":false,"robots_max_snippet":null,"robots_max_videopreview":null,"robots_max_imagepreview":"large","priority":null,"frequency":null,"local_seo":null,"breadcrumb_settings":null,"limit_modified_date":false,"ai":null,"created":"2025-03-22 05:55:17","updated":"2025-10-26 08:48:58","seo_analyzer_scan_date":null},"aioseo_breadcrumb":"<div class=\"aioseo-breadcrumbs\"><span class=\"aioseo-breadcrumb\">\n\t\t\t<a href=\"https:\/\/www.worldrally.eu\" title=\"Home\">Home<\/a>\n\t\t<\/span><span class=\"aioseo-breadcrumb-separator\">&raquo;<\/span><span class=\"aioseo-breadcrumb\">\n\t\t\t<a href=\"https:\/\/www.worldrally.eu\/index.php\/category\/wrc\/\" title=\"WRC\">WRC<\/a>\n\t\t<\/span><span class=\"aioseo-breadcrumb-separator\">&raquo;<\/span><span class=\"aioseo-breadcrumb\">\n\t\t\tT\u00e4nak bardzo szybki w porannej p\u0119tli\n\t\t<\/span><\/div>","aioseo_breadcrumb_json":[{"label":"Home","link":"https:\/\/www.worldrally.eu"},{"label":"WRC","link":"https:\/\/www.worldrally.eu\/index.php\/category\/wrc\/"},{"label":"T\u00e4nak bardzo szybki w porannej p\u0119tli","link":"https:\/\/www.worldrally.eu\/index.php\/2023\/02\/10\/tanak-bardzo-szybki-w-porannej-petli\/"}],"cc_featured_image_caption":{"caption_text":"Foto-WRC.com","source_text":"","source_url":""},"_links":{"self":[{"href":"https:\/\/www.worldrally.eu\/index.php\/wp-json\/wp\/v2\/posts\/220","targetHints":{"allow":["GET"]}}],"collection":[{"href":"https:\/\/www.worldrally.eu\/index.php\/wp-json\/wp\/v2\/posts"}],"about":[{"href":"https:\/\/www.worldrally.eu\/index.php\/wp-json\/wp\/v2\/types\/post"}],"author":[{"embeddable":true,"href":"https:\/\/www.worldrally.eu\/index.php\/wp-json\/wp\/v2\/users\/1"}],"replies":[{"embeddable":true,"href":"https:\/\/www.worldrally.eu\/index.php\/wp-json\/wp\/v2\/comments?post=220"}],"version-history":[{"count":1,"href":"https:\/\/www.worldrally.eu\/index.php\/wp-json\/wp\/v2\/posts\/220\/revisions"}],"predecessor-version":[{"id":222,"href":"https:\/\/www.worldrally.eu\/index.php\/wp-json\/wp\/v2\/posts\/220\/revisions\/222"}],"wp:featuredmedia":[{"embeddable":true,"href":"https:\/\/www.worldrally.eu\/index.php\/wp-json\/wp\/v2\/media\/221"}],"wp:attachment":[{"href":"https:\/\/www.worldrally.eu\/index.php\/wp-json\/wp\/v2\/media?parent=220"}],"wp:term":[{"taxonomy":"category","embeddable":true,"href":"https:\/\/www.worldrally.eu\/index.php\/wp-json\/wp\/v2\/categories?post=220"},{"taxonomy":"post_tag","embeddable":true,"href":"https:\/\/www.worldrally.eu\/index.php\/wp-json\/wp\/v2\/tags?post=220"}],"curies":[{"name":"wp","href":"https:\/\/api.w.org\/{rel}","templated":true}]}}