{"id":2140,"date":"2023-10-24T16:52:51","date_gmt":"2023-10-24T16:52:51","guid":{"rendered":"https:\/\/www.worldrally.eu\/?p=2140"},"modified":"2023-10-24T16:52:52","modified_gmt":"2023-10-24T16:52:52","slug":"fourmaux-gotowy-na-wyzwania","status":"publish","type":"post","link":"https:\/\/www.worldrally.eu\/index.php\/2023\/10\/24\/fourmaux-gotowy-na-wyzwania\/","title":{"rendered":"Fourmaux gotowy na wyzwania."},"content":{"rendered":"\n<p>Adriena Fourmaux, kierowca M-Sport w tym tygodniu podczas Rajdu Europy \u015arodkowej zaprezentuje Fiest\u0119 Rally2 w najnowszej specyfikacji.<\/p>\n\n\n\n<p>Fiesta Fourmaux korzysta z najnowszych ulepsze\u0144, w tym nowego, ulepszonego i niedawno homologowanego pakietu ch\u0142odzenia. Kierowca mia\u0142 ju\u017c okazje pojecha\u0107 autem startuj\u0105c w ubieg\u0142y weekend Herbst Rallye w Austrii zaj\u0105\u0142 drugie miejsce. Pierwsze pad\u0142o \u0142upem Ott T\u00e4naka, jednak\u017ce Esto\u0144czyk jecha\u0142 Forem Puma Rally1<\/p>\n\n\n\n<blockquote class=\"wp-block-quote is-layout-flow wp-block-quote-is-layout-flow\">\n<p>To nowe wydarzenie dla wszystkich, wi\u0119c jest to troch\u0119 punkt zerowy, co jest pozytywne. Musimy stawia\u0107 wyzwania i rozwija\u0107 nasze tempo przez ca\u0142y weekend. Mi\u0142o jest mie\u0107 nowe wydarzenie Tarmac WRC, obejmuj\u0105ce trzy kraje, a drogi ka\u017cdego dnia wygl\u0105daj\u0105 zupe\u0142nie inaczej. Mi\u0142o jest wr\u00f3ci\u0107 na asfalt po tylu szutrowych wydarzeniach. Rajd przygotowawczy w Austrii, kt\u00f3ry odby\u0142 si\u0119 w ten weekend, [pom\u00f3g\u0142 nam] przygotowa\u0107 si\u0119 na Europ\u0119 \u015arodkow\u0105 \u2013 dopracowuj\u0105c ustawienia i ucz\u0105c si\u0119 jak najwi\u0119cej, co powinno nam pom\u00f3c w ten weekend.<\/p>\n<cite>powiedzia\u0142 Fourmaux<\/cite><\/blockquote>\n\n\n\n<p>Szef zespo\u0142u Richard Millener powiedzia\u0142, \u017ce jest pewien potencja\u0142u Fourmaux u\u017cywaj\u0105c nast\u0119puj\u0105cych s\u0142\u00f3w.<\/p>\n\n\n\n<blockquote class=\"wp-block-quote is-layout-flow wp-block-quote-is-layout-flow\">\n<p>ia\u0142 jak dot\u0105d dobry sezon i byli\u015bmy pod wielkim wra\u017ceniem. Kategoria WRC2 jest bardzo konkurencyjna, ale on wielokrotnie daje sobie rad\u0119 i nie ma powodu, dla kt\u00f3rego nie m\u00f3g\u0142by zrobi\u0107 tego r\u00f3wnie\u017c w tym tygodniu<\/p>\n<\/blockquote>\n","protected":false},"excerpt":{"rendered":"<p>Adriena Fourmaux, kierowca M-Sport w tym tygodniu podczas Rajdu Europy \u015arodkowej zaprezentuje Fiest\u0119 Rally2 w najnowszej specyfikacji. Fiesta Fourmaux korzysta z najnowszych ulepsze\u0144, w tym nowego, ulepszonego i niedawno homologowanego pakietu ch\u0142odzenia. Kierowca mia\u0142 ju\u017c okazje pojecha\u0107 autem startuj\u0105c w ubieg\u0142y weekend Herbst Rallye w Austrii zaj\u0105\u0142 drugie miejsce. Pierwsze pad\u0142o \u0142upem Ott T\u00e4naka, jednak\u017ce [&hellip;]<\/p>\n","protected":false},"author":2,"featured_media":2141,"comment_status":"closed","ping_status":"closed","sticky":false,"template":"","format":"standard","meta":{"footnotes":""},"categories":[3],"tags":[],"class_list":["post-2140","post","type-post","status-publish","format-standard","has-post-thumbnail","hentry","category-wrc"],"aioseo_notices":[],"cc_featured_image_caption":{"caption_text":"Foto - WRCcom","source_text":"","source_url":""},"_links":{"self":[{"href":"https:\/\/www.worldrally.eu\/index.php\/wp-json\/wp\/v2\/posts\/2140","targetHints":{"allow":["GET"]}}],"collection":[{"href":"https:\/\/www.worldrally.eu\/index.php\/wp-json\/wp\/v2\/posts"}],"about":[{"href":"https:\/\/www.worldrally.eu\/index.php\/wp-json\/wp\/v2\/types\/post"}],"author":[{"embeddable":true,"href":"https:\/\/www.worldrally.eu\/index.php\/wp-json\/wp\/v2\/users\/2"}],"replies":[{"embeddable":true,"href":"https:\/\/www.worldrally.eu\/index.php\/wp-json\/wp\/v2\/comments?post=2140"}],"version-history":[{"count":1,"href":"https:\/\/www.worldrally.eu\/index.php\/wp-json\/wp\/v2\/posts\/2140\/revisions"}],"predecessor-version":[{"id":2142,"href":"https:\/\/www.worldrally.eu\/index.php\/wp-json\/wp\/v2\/posts\/2140\/revisions\/2142"}],"wp:featuredmedia":[{"embeddable":true,"href":"https:\/\/www.worldrally.eu\/index.php\/wp-json\/wp\/v2\/media\/2141"}],"wp:attachment":[{"href":"https:\/\/www.worldrally.eu\/index.php\/wp-json\/wp\/v2\/media?parent=2140"}],"wp:term":[{"taxonomy":"category","embeddable":true,"href":"https:\/\/www.worldrally.eu\/index.php\/wp-json\/wp\/v2\/categories?post=2140"},{"taxonomy":"post_tag","embeddable":true,"href":"https:\/\/www.worldrally.eu\/index.php\/wp-json\/wp\/v2\/tags?post=2140"}],"curies":[{"name":"wp","href":"https:\/\/api.w.org\/{rel}","templated":true}]}}