{"id":2134,"date":"2023-10-24T11:23:26","date_gmt":"2023-10-24T11:23:26","guid":{"rendered":"https:\/\/www.worldrally.eu\/?p=2134"},"modified":"2023-10-24T11:23:27","modified_gmt":"2023-10-24T11:23:27","slug":"marczyk-starty-w-erc-sa-wazne","status":"publish","type":"post","link":"https:\/\/www.worldrally.eu\/index.php\/2023\/10\/24\/marczyk-starty-w-erc-sa-wazne\/","title":{"rendered":"Marczyk, starty w ERC s\u0105 wa\u017cne."},"content":{"rendered":"\n<p>Miko Marczyk startuj\u0105c w Rajdzie W\u0119gier ostatniej rundzie sezony Rajdowych Mistrzostw Europy potrzebowa\u0142 dobrze si\u0119 przygotowa\u0107 do nadchodz\u0105cej rundy mistrzostw \u015bwiata a jego start mia\u0142 by\u0107 czysto treningowym.<\/p>\n\n\n\n<p>Dwukrotny Mistrz Polski jad\u0105cy Skoda Fabia RS Rally2 nie da\u0142 wytchnienia swoim mechanik\u0105 po tym jak na ostatnim sobotnim odcinku wypad\u0142 z trasy przy du\u017cej pr\u0119dko\u015bci bardzo mocno uszkadzaj\u0105c auto. Mechanicy pracowali do p\u00f3\u017anych godzin tylko po to by polski kierowca ponownie m\u00f3g\u0142 w wzi\u0105\u0107 udzia\u0142 w niedzielnych odcinkach, kt\u00f3re by\u0142y bardzo wa\u017cnym sprawdzianem dla kierowcy.<\/p>\n\n\n\n<blockquote class=\"wp-block-quote is-layout-flow wp-block-quote-is-layout-flow\">\n<p>Jestem bardzo wdzi\u0119czny zespo\u0142owi za napraw\u0119 samochodu, sko\u0144czyli o 04:30, a badanie kontrolne odby\u0142o si\u0119 o 07:30. To by\u0142o wielkie szcz\u0119\u015bcie, \u017ce nie by\u0142o drzew, tylko krzaki i uda\u0142o nam si\u0119 wr\u00f3ci\u0107 na ostatni dzie\u0144<\/p>\n<cite>powiedzia\u0142 Marczyk<\/cite><\/blockquote>\n\n\n\n<figure class=\"wp-block-image size-large\"><img fetchpriority=\"high\" decoding=\"async\" width=\"1024\" height=\"683\" src=\"http:\/\/www.worldrally.eu\/wp-content\/uploads\/2023\/10\/Photo-Adam-Owczarek-__PhotoMS.se_Rally-Hungary_-4-1024x683.jpg\" alt=\"\" class=\"wp-image-2088\" srcset=\"https:\/\/www.worldrally.eu\/wp-content\/uploads\/2023\/10\/Photo-Adam-Owczarek-__PhotoMS.se_Rally-Hungary_-4-1024x683.jpg 1024w, https:\/\/www.worldrally.eu\/wp-content\/uploads\/2023\/10\/Photo-Adam-Owczarek-__PhotoMS.se_Rally-Hungary_-4-300x200.jpg 300w, https:\/\/www.worldrally.eu\/wp-content\/uploads\/2023\/10\/Photo-Adam-Owczarek-__PhotoMS.se_Rally-Hungary_-4-768x512.jpg 768w, https:\/\/www.worldrally.eu\/wp-content\/uploads\/2023\/10\/Photo-Adam-Owczarek-__PhotoMS.se_Rally-Hungary_-4-1536x1024.jpg 1536w, https:\/\/www.worldrally.eu\/wp-content\/uploads\/2023\/10\/Photo-Adam-Owczarek-__PhotoMS.se_Rally-Hungary_-4-446x297.jpg 446w, https:\/\/www.worldrally.eu\/wp-content\/uploads\/2023\/10\/Photo-Adam-Owczarek-__PhotoMS.se_Rally-Hungary_-4.jpg 1620w\" sizes=\"(max-width: 1024px) 100vw, 1024px\" \/><figcaption class=\"wp-element-caption\">Foto &#8211; PhotoMS<\/figcaption><\/figure>\n\n\n\n<blockquote class=\"wp-block-quote is-layout-flow wp-block-quote-is-layout-flow\">\n<p>To by\u0142o wa\u017cne z psychologicznego punktu widzenia, dla pewno\u015bci siebie po tak du\u017cej katastrofie. Chcia\u0142em wiedzie\u0107, czy uda mi si\u0119 utrzyma\u0107 swoje tempo, a moje tempo by\u0142o dobre. W klasyfikacji dnia byli\u015bmy na trzeciej pozycji, pi\u0119\u0107 sekund za Madsem \u00d8stbergiem, kt\u00f3ry wygra\u0142 rajd. Nie by\u0142em wystarczaj\u0105co szybki, aby walczy\u0107 z Mixim [Csom\u00f3sem] i Madsem podczas moich pierwszych zawod\u00f3w na asfalcie nowym samochodem, ale musz\u0119 doceni\u0107 te 0,3 sekundy [przerwa na kilometr], poniewa\u017c dw\u00f3ch lub trzech lata temu by\u0142em znacznie wolniejszym kierowc\u0105.<\/p>\n<\/blockquote>\n\n\n\n<p>Chocia\u017c Marczyk i pilot Szymon Gospodarczyk nie odnie\u015bli \u017cadnych obra\u017ce\u0144 a samoch\u00f3d zosta\u0142 odbudowany to naprawa do ko\u0144ca nie by\u0142a stu procentowa i brakowa\u0142o kilku wa\u017cnych aspekt\u00f3w.<\/p>\n\n\n\n<blockquote class=\"wp-block-quote is-layout-flow wp-block-quote-is-layout-flow\">\n<p>Nie mieli\u015bmy wycieraczek, ale ostatecznie na jednym z etap\u00f3w spad\u0142a tylko niewielka m\u017cawka. Nasz [tylny spojler] by\u0142 troch\u0119 opuszczony, poniewa\u017c naprawili\u015bmy go za pomoc\u0105 naklejek i nie dzia\u0142a\u0142. W szybkich miejscach samoch\u00f3d troch\u0119 si\u0119 podskakiwa\u0142, ale wszystko by\u0142o w porz\u0105dku<\/p>\n<cite>doda\u0142 Marczyk<\/cite><\/blockquote>\n","protected":false},"excerpt":{"rendered":"<p>Miko Marczyk startuj\u0105c w Rajdzie W\u0119gier ostatniej rundzie sezony Rajdowych Mistrzostw Europy potrzebowa\u0142 dobrze si\u0119 przygotowa\u0107 do nadchodz\u0105cej rundy mistrzostw \u015bwiata a jego start mia\u0142 by\u0107 czysto treningowym. Dwukrotny Mistrz Polski jad\u0105cy Skoda Fabia RS Rally2 nie da\u0142 wytchnienia swoim mechanik\u0105 po tym jak na ostatnim sobotnim odcinku wypad\u0142 z trasy przy du\u017cej pr\u0119dko\u015bci bardzo [&hellip;]<\/p>\n","protected":false},"author":2,"featured_media":2135,"comment_status":"closed","ping_status":"closed","sticky":false,"template":"","format":"standard","meta":{"footnotes":""},"categories":[4],"tags":[],"class_list":["post-2134","post","type-post","status-publish","format-standard","has-post-thumbnail","hentry","category-erc"],"aioseo_notices":[],"cc_featured_image_caption":{"caption_text":"Foto - PhotoMS","source_text":"","source_url":""},"_links":{"self":[{"href":"https:\/\/www.worldrally.eu\/index.php\/wp-json\/wp\/v2\/posts\/2134","targetHints":{"allow":["GET"]}}],"collection":[{"href":"https:\/\/www.worldrally.eu\/index.php\/wp-json\/wp\/v2\/posts"}],"about":[{"href":"https:\/\/www.worldrally.eu\/index.php\/wp-json\/wp\/v2\/types\/post"}],"author":[{"embeddable":true,"href":"https:\/\/www.worldrally.eu\/index.php\/wp-json\/wp\/v2\/users\/2"}],"replies":[{"embeddable":true,"href":"https:\/\/www.worldrally.eu\/index.php\/wp-json\/wp\/v2\/comments?post=2134"}],"version-history":[{"count":1,"href":"https:\/\/www.worldrally.eu\/index.php\/wp-json\/wp\/v2\/posts\/2134\/revisions"}],"predecessor-version":[{"id":2136,"href":"https:\/\/www.worldrally.eu\/index.php\/wp-json\/wp\/v2\/posts\/2134\/revisions\/2136"}],"wp:featuredmedia":[{"embeddable":true,"href":"https:\/\/www.worldrally.eu\/index.php\/wp-json\/wp\/v2\/media\/2135"}],"wp:attachment":[{"href":"https:\/\/www.worldrally.eu\/index.php\/wp-json\/wp\/v2\/media?parent=2134"}],"wp:term":[{"taxonomy":"category","embeddable":true,"href":"https:\/\/www.worldrally.eu\/index.php\/wp-json\/wp\/v2\/categories?post=2134"},{"taxonomy":"post_tag","embeddable":true,"href":"https:\/\/www.worldrally.eu\/index.php\/wp-json\/wp\/v2\/tags?post=2134"}],"curies":[{"name":"wp","href":"https:\/\/api.w.org\/{rel}","templated":true}]}}