{"id":2106,"date":"2023-10-10T17:37:00","date_gmt":"2023-10-10T17:37:00","guid":{"rendered":"https:\/\/www.worldrally.eu\/?p=2106"},"modified":"2023-10-15T17:52:42","modified_gmt":"2023-10-15T17:52:42","slug":"maior-zostaje-mistrzem-junior-erc","status":"publish","type":"post","link":"https:\/\/www.worldrally.eu\/index.php\/2023\/10\/10\/maior-zostaje-mistrzem-junior-erc\/","title":{"rendered":"Maior zostaje mistrzem Junior ERC"},"content":{"rendered":"\n<p>Norbert Maior jad\u0105cy Peugeotem 208 Rally4 wygrywa Rajd W\u0119gier i tym samym do\u0142\u0105cza do grona Mistrz\u00f3w Junior ERC, po tym, jak pokona\u0142 Roberto Dapr\u00e0. Trecie miejsce na podium w rajdzie pad\u0142o \u0142upem Marka Skulj.<\/p>\n\n\n\n<blockquote class=\"wp-block-quote is-layout-flow wp-block-quote-is-layout-flow\">\n<p>Brak mi s\u0142\u00f3w, to z pewno\u015bci\u0105 niewiarygodne. To by\u0142 trudny rok, pr\u00f3bowali\u015bmy wszystkiego, aby by\u0107 w ERC w ka\u017cdej rundzie i uda\u0142o nam si\u0119. Jeste\u015bmy naprawd\u0119 szcz\u0119\u015bliwi. Jest wielu ludzi, kt\u00f3rzy zas\u0142u\u017cyli na to zwyci\u0119stwo. OK, ja i Francesca, jeste\u015bmy w samochodzie, ale inni ludzie s\u0105 obok nas i bardzo nam pomagaj\u0105. Dzi\u0119kuj\u0119 HRT Racing, Napoca Rally Academy i wszystkim moim przyjacio\u0142om, dzi\u0119ki kt\u00f3rym by\u0142o to mo\u017cliwe. To niesamowite uczucie<\/p>\n<cite>powiedzia\u0142 Major<\/cite><\/blockquote>\n\n\n\n<p> <\/p>\n\n\n\n<figure class=\"wp-block-image size-large\"><img fetchpriority=\"high\" decoding=\"async\" width=\"1024\" height=\"683\" src=\"https:\/\/www.worldrally.eu\/wp-content\/uploads\/2023\/10\/Photo-Adam-Owczarek-__PhotoMS.se_Rally-Hungary-Day-3_-39-1024x683.jpg\" alt=\"\" class=\"wp-image-2108\" srcset=\"https:\/\/www.worldrally.eu\/wp-content\/uploads\/2023\/10\/Photo-Adam-Owczarek-__PhotoMS.se_Rally-Hungary-Day-3_-39-1024x683.jpg 1024w, https:\/\/www.worldrally.eu\/wp-content\/uploads\/2023\/10\/Photo-Adam-Owczarek-__PhotoMS.se_Rally-Hungary-Day-3_-39-300x200.jpg 300w, https:\/\/www.worldrally.eu\/wp-content\/uploads\/2023\/10\/Photo-Adam-Owczarek-__PhotoMS.se_Rally-Hungary-Day-3_-39-768x512.jpg 768w, https:\/\/www.worldrally.eu\/wp-content\/uploads\/2023\/10\/Photo-Adam-Owczarek-__PhotoMS.se_Rally-Hungary-Day-3_-39-1536x1024.jpg 1536w, https:\/\/www.worldrally.eu\/wp-content\/uploads\/2023\/10\/Photo-Adam-Owczarek-__PhotoMS.se_Rally-Hungary-Day-3_-39-446x297.jpg 446w, https:\/\/www.worldrally.eu\/wp-content\/uploads\/2023\/10\/Photo-Adam-Owczarek-__PhotoMS.se_Rally-Hungary-Day-3_-39.jpg 1620w\" sizes=\"(max-width: 1024px) 100vw, 1024px\" \/><figcaption class=\"wp-element-caption\">Foto &#8211; PhotoMS<\/figcaption><\/figure>\n\n\n\n<blockquote class=\"wp-block-quote is-layout-flow wp-block-quote-is-layout-flow\">\n<p>Zacz\u0119li\u015bmy rok, staraj\u0105c si\u0119 da\u0107 z siebie wszystko, aby zdoby\u0107 tytu\u0142 Junior ERC i niestety przez siedem sekund nie uda\u0142o nam si\u0119 wygra\u0107 Junior ERC. To by\u0142a najwi\u0119ksza walka w moim \u017cyciu, poniewa\u017c nie zdarza si\u0119 to codziennie. Jestem bardzo dumny i wdzi\u0119czny, a tak\u017ce szcz\u0119\u015bliwy z powodu Norberta. Jest bardzo uczciwym i uczciwym cz\u0142owiekiem i zas\u0142uguje na zwyci\u0119stwo.<\/p>\n<cite>powiedzia\u0142 Dapr\u00e0<\/cite><\/blockquote>\n\n\n\n<p>Nore wystartowa\u0142 w Rajdzie W\u0119gier w ramach tr\u00f3jstronnej walki o tytu\u0142, jednak\u017ce przebita opona ju\u017c na OS2 spowodowa\u0142a, \u017ce musia\u0142 prze\u0142kn\u0105\u0107 gorycz pora\u017cki, gdy\u017c strata nie by\u0142a mo\u017cliwa do odrobienia.<\/p>\n\n\n\n<blockquote class=\"wp-block-quote is-layout-flow wp-block-quote-is-layout-flow\">\n<p>Mia\u0142em wielkiego pecha. Dzisiaj na jednym etapie dosz\u0142o do wypadku, a na drugim utkn\u0105\u0142em, wi\u0119c ten rajd nie by\u0142 udany, ze wzgl\u0119du na wzloty i upadki<\/p>\n<cite>powiedzia\u0142 Nore<\/cite><\/blockquote>\n\n\n\n<figure class=\"wp-block-image size-large\"><img decoding=\"async\" width=\"1024\" height=\"683\" src=\"https:\/\/www.worldrally.eu\/wp-content\/uploads\/2023\/10\/Photo-Adam-Owczarek-__PhotoMS.se_Rally-Hungary-Day-3_33-1024x683.jpg\" alt=\"\" class=\"wp-image-2109\" srcset=\"https:\/\/www.worldrally.eu\/wp-content\/uploads\/2023\/10\/Photo-Adam-Owczarek-__PhotoMS.se_Rally-Hungary-Day-3_33-1024x683.jpg 1024w, https:\/\/www.worldrally.eu\/wp-content\/uploads\/2023\/10\/Photo-Adam-Owczarek-__PhotoMS.se_Rally-Hungary-Day-3_33-300x200.jpg 300w, https:\/\/www.worldrally.eu\/wp-content\/uploads\/2023\/10\/Photo-Adam-Owczarek-__PhotoMS.se_Rally-Hungary-Day-3_33-768x512.jpg 768w, https:\/\/www.worldrally.eu\/wp-content\/uploads\/2023\/10\/Photo-Adam-Owczarek-__PhotoMS.se_Rally-Hungary-Day-3_33-1536x1024.jpg 1536w, https:\/\/www.worldrally.eu\/wp-content\/uploads\/2023\/10\/Photo-Adam-Owczarek-__PhotoMS.se_Rally-Hungary-Day-3_33-446x297.jpg 446w, https:\/\/www.worldrally.eu\/wp-content\/uploads\/2023\/10\/Photo-Adam-Owczarek-__PhotoMS.se_Rally-Hungary-Day-3_33.jpg 1620w\" sizes=\"(max-width: 1024px) 100vw, 1024px\" \/><figcaption class=\"wp-element-caption\">Foto &#8211; PhotoMS<\/figcaption><\/figure>\n\n\n\n<p>Mille Johansson w swoim pierwszym starcie w Oplu Corsie zaj\u0105\u0142 sz\u00f3ste miejsce, a Schulz w sobot\u0119 walczy\u0142 z problemami ze wspomaganiem i zaj\u0105\u0142 si\u00f3dme miejsce dzi\u0119ki kolejnym zwyci\u0119stwom etapowym w niedzielne popo\u0142udnie<\/p>\n\n\n\n<figure class=\"wp-block-image size-large\"><img decoding=\"async\" width=\"1024\" height=\"602\" src=\"https:\/\/www.worldrally.eu\/wp-content\/uploads\/2023\/10\/Photo-Adam-Owczarek-__PhotoMS.se_Rally-Hungary-Day-3_47-1024x602.jpg\" alt=\"\" class=\"wp-image-2110\" srcset=\"https:\/\/www.worldrally.eu\/wp-content\/uploads\/2023\/10\/Photo-Adam-Owczarek-__PhotoMS.se_Rally-Hungary-Day-3_47-1024x602.jpg 1024w, https:\/\/www.worldrally.eu\/wp-content\/uploads\/2023\/10\/Photo-Adam-Owczarek-__PhotoMS.se_Rally-Hungary-Day-3_47-300x176.jpg 300w, https:\/\/www.worldrally.eu\/wp-content\/uploads\/2023\/10\/Photo-Adam-Owczarek-__PhotoMS.se_Rally-Hungary-Day-3_47-768x452.jpg 768w, https:\/\/www.worldrally.eu\/wp-content\/uploads\/2023\/10\/Photo-Adam-Owczarek-__PhotoMS.se_Rally-Hungary-Day-3_47-1536x904.jpg 1536w, https:\/\/www.worldrally.eu\/wp-content\/uploads\/2023\/10\/Photo-Adam-Owczarek-__PhotoMS.se_Rally-Hungary-Day-3_47.jpg 1620w\" sizes=\"(max-width: 1024px) 100vw, 1024px\" \/><figcaption class=\"wp-element-caption\">Foto &#8211; PhotoMS<\/figcaption><\/figure>\n\n\n\n<figure class=\"wp-block-table\"><table><tbody><tr><td>1.<\/td><td><img decoding=\"async\" src=\"https:\/\/www.ewrc-results.com\/images\/flags2\/romania.png\" alt=\"flag\"><br>#21<\/td><td><img decoding=\"async\" src=\"https:\/\/www.ewrc-results.com\/images\/icon\/peugeot2010.png\" alt=\"logo\"> <a href=\"https:\/\/www.ewrc-results.com\/entryinfo\/79799-rally-hungary-2023\/3837248\/\">Maior Norbert &#8211; Maior F.<\/a><br>Peugeot 208 Rally4 <img decoding=\"async\" src=\"https:\/\/www.ewrc-results.com\/images\/tyres\/hankook2.png\" alt=\"tyre\"><\/td><td>RC4<\/td><td>1:46:07.6<br><\/td><td><\/td><td>101.9<\/td><\/tr><tr><td>2.<\/td><td><img decoding=\"async\" src=\"https:\/\/www.ewrc-results.com\/images\/flags2\/italy.png\" alt=\"flag\"><br>#22<\/td><td><img decoding=\"async\" src=\"https:\/\/www.ewrc-results.com\/images\/icon\/peugeot2010.png\" alt=\"logo\"> <a href=\"https:\/\/www.ewrc-results.com\/entryinfo\/79799-rally-hungary-2023\/3837249\/\">Dapr\u00e0 Roberto &#8211; Guglielmetti L.<\/a><br>Peugeot 208 Rally4 <img decoding=\"async\" src=\"https:\/\/www.ewrc-results.com\/images\/tyres\/hankook2.png\" alt=\"tyre\"><\/td><td>RC4<\/td><td>1:46:14.7<br><\/td><td>+7.1<br>+7.1<\/td><td>101.8<br>0.04<\/td><\/tr><tr><td>3.<\/td><td><img decoding=\"async\" src=\"https:\/\/www.ewrc-results.com\/images\/flags2\/slovenia.png\" alt=\"flag\"><br>#28<\/td><td><img decoding=\"async\" src=\"https:\/\/www.ewrc-results.com\/images\/icon\/opel.png\" alt=\"logo\"> <a href=\"https:\/\/www.ewrc-results.com\/entryinfo\/79799-rally-hungary-2023\/3837255\/\">\u0160kulj Mark &#8211; \u010car Matej<\/a><br>Opel Corsa Rally4 <img decoding=\"async\" src=\"https:\/\/www.ewrc-results.com\/images\/tyres\/hankook2.png\" alt=\"tyre\"><\/td><td>RC4<\/td><td>1:48:06.1<br><\/td><td>+1:58.5<br>+1:51.4<\/td><td>100.0<br>0.66<\/td><\/tr><tr><td>4.<\/td><td><img decoding=\"async\" src=\"https:\/\/www.ewrc-results.com\/images\/flags2\/hungary.png\" alt=\"flag\"><br>#29<\/td><td><img decoding=\"async\" src=\"https:\/\/www.ewrc-results.com\/images\/icon\/peugeot2010.png\" alt=\"logo\"> <a href=\"https:\/\/www.ewrc-results.com\/entryinfo\/79799-rally-hungary-2023\/3837256\/\">Herczig Patrik &#8211; Varga Krist\u00f3f<\/a><br>Peugeot 208 Rally4 <img decoding=\"async\" src=\"https:\/\/www.ewrc-results.com\/images\/tyres\/hankook2.png\" alt=\"tyre\"><\/td><td>RC4<\/td><td>1:48:36.2<br><\/td><td>+2:28.6<br>+30.1<\/td><td>99.6<br>0.82<\/td><\/tr><tr><td>5.<br>+1<\/td><td><img decoding=\"async\" src=\"https:\/\/www.ewrc-results.com\/images\/flags2\/norway.png\" alt=\"flag\"><br>#23<\/td><td><img decoding=\"async\" src=\"https:\/\/www.ewrc-results.com\/images\/icon\/opel.png\" alt=\"logo\"> <a href=\"https:\/\/www.ewrc-results.com\/entryinfo\/79799-rally-hungary-2023\/3837250\/\">Nore Ola Jr. &#8211; Eilertsen Rune<\/a><br>Opel Corsa Rally4 <img decoding=\"async\" src=\"https:\/\/www.ewrc-results.com\/images\/tyres\/hankook2.png\" alt=\"tyre\"><\/td><td>RC4<\/td><td>1:50:10.0<br><\/td><td>+4:02.4<br>+1:33.8<\/td><td>98.2<br>1.35<\/td><\/tr><tr><td>6.<br>\u22121<\/td><td><img decoding=\"async\" src=\"https:\/\/www.ewrc-results.com\/images\/flags2\/sweden.png\" alt=\"flag\"><br>#27<\/td><td><img decoding=\"async\" src=\"https:\/\/www.ewrc-results.com\/images\/icon\/opel.png\" alt=\"logo\"> <a href=\"https:\/\/www.ewrc-results.com\/entryinfo\/79799-rally-hungary-2023\/3837253\/\">Johansson Mille &#8211; Gr\u00f6nvall Johan<\/a><br>Opel Corsa Rally4 <img decoding=\"async\" src=\"https:\/\/www.ewrc-results.com\/images\/tyres\/hankook2.png\" alt=\"tyre\"><\/td><td>RC4<\/td><td>1:50:12.1<br><\/td><td>+4:04.5<br>+2.1<\/td><td>98.1<br>1.36<\/td><\/tr><tr><td>7.<\/td><td><img decoding=\"async\" src=\"https:\/\/www.ewrc-results.com\/images\/flags2\/germany.png\" alt=\"flag\"><br>#24<\/td><td><img decoding=\"async\" src=\"https:\/\/www.ewrc-results.com\/images\/icon\/opel.png\" alt=\"logo\"> <a href=\"https:\/\/www.ewrc-results.com\/entryinfo\/79799-rally-hungary-2023\/3837251\/\">Schulz Timo &#8211; Wenzel Michael<\/a><br>Opel Corsa Rally4 <img decoding=\"async\" src=\"https:\/\/www.ewrc-results.com\/images\/tyres\/hankook2.png\" alt=\"tyre\"><\/td><td>RC4<\/td><td>1:51:16.0<br>0:10<\/td><td>+5:08.4<br>+1:03.9<\/td><td>97.3<br>1.71<\/td><\/tr><tr><td>8.<\/td><td><img decoding=\"async\" src=\"https:\/\/www.ewrc-results.com\/images\/flags2\/italy.png\" alt=\"flag\"><br>#25<\/td><td><img decoding=\"async\" src=\"https:\/\/www.ewrc-results.com\/images\/icon\/peugeot2010.png\" alt=\"logo\"> <a href=\"https:\/\/www.ewrc-results.com\/entryinfo\/79799-rally-hungary-2023\/3837252\/\">Zanin Mattia &#8211; De Guio Elia<\/a><br>Peugeot 208 Rally4 <img decoding=\"async\" src=\"https:\/\/www.ewrc-results.com\/images\/tyres\/hankook2.png\" alt=\"tyre\"> <a>[SR]<\/a><\/td><td>RC4<\/td><td>1:58:43.9<br><\/td><td>+12:36.3<br>+7:27.9<\/td><td>91.1<br>4.20<\/td><\/tr><tr><td>9.<\/td><td><img decoding=\"async\" src=\"https:\/\/www.ewrc-results.com\/images\/flags2\/uk.png\" alt=\"flag\"><br>#26<\/td><td><img decoding=\"async\" src=\"https:\/\/www.ewrc-results.com\/images\/icon\/opel.png\" alt=\"logo\"> <a href=\"https:\/\/www.ewrc-results.com\/entryinfo\/79799-rally-hungary-2023\/3837254\/\">McRae Max &#8211; Kierans Mac<\/a><br>Opel Corsa Rally4 <img decoding=\"async\" src=\"https:\/\/www.ewrc-results.com\/images\/tyres\/hankook2.png\" alt=\"tyre\"> <a>[SR]<\/a><\/td><td>RC4<\/td><td>2:27:20.8<br><\/td><td>+41:13.2<br>+28:36.9<\/td><td>73.4<br>13.7<\/td><\/tr><\/tbody><\/table><\/figure>\n","protected":false},"excerpt":{"rendered":"<p>Norbert Maior jad\u0105cy Peugeotem 208 Rally4 wygrywa Rajd W\u0119gier i tym samym do\u0142\u0105cza do grona Mistrz\u00f3w Junior ERC, po tym, jak pokona\u0142 Roberto Dapr\u00e0. Trecie miejsce na podium w rajdzie pad\u0142o \u0142upem Marka Skulj. Brak mi s\u0142\u00f3w, to z pewno\u015bci\u0105 niewiarygodne. To by\u0142 trudny rok, pr\u00f3bowali\u015bmy wszystkiego, aby by\u0107 w ERC w ka\u017cdej rundzie i [&hellip;]<\/p>\n","protected":false},"author":4,"featured_media":2107,"comment_status":"closed","ping_status":"closed","sticky":false,"template":"","format":"standard","meta":{"footnotes":""},"categories":[4],"tags":[],"class_list":["post-2106","post","type-post","status-publish","format-standard","has-post-thumbnail","hentry","category-erc"],"aioseo_notices":[],"cc_featured_image_caption":{"caption_text":"Foto - PhotoMS","source_text":"","source_url":""},"_links":{"self":[{"href":"https:\/\/www.worldrally.eu\/index.php\/wp-json\/wp\/v2\/posts\/2106","targetHints":{"allow":["GET"]}}],"collection":[{"href":"https:\/\/www.worldrally.eu\/index.php\/wp-json\/wp\/v2\/posts"}],"about":[{"href":"https:\/\/www.worldrally.eu\/index.php\/wp-json\/wp\/v2\/types\/post"}],"author":[{"embeddable":true,"href":"https:\/\/www.worldrally.eu\/index.php\/wp-json\/wp\/v2\/users\/4"}],"replies":[{"embeddable":true,"href":"https:\/\/www.worldrally.eu\/index.php\/wp-json\/wp\/v2\/comments?post=2106"}],"version-history":[{"count":1,"href":"https:\/\/www.worldrally.eu\/index.php\/wp-json\/wp\/v2\/posts\/2106\/revisions"}],"predecessor-version":[{"id":2111,"href":"https:\/\/www.worldrally.eu\/index.php\/wp-json\/wp\/v2\/posts\/2106\/revisions\/2111"}],"wp:featuredmedia":[{"embeddable":true,"href":"https:\/\/www.worldrally.eu\/index.php\/wp-json\/wp\/v2\/media\/2107"}],"wp:attachment":[{"href":"https:\/\/www.worldrally.eu\/index.php\/wp-json\/wp\/v2\/media?parent=2106"}],"wp:term":[{"taxonomy":"category","embeddable":true,"href":"https:\/\/www.worldrally.eu\/index.php\/wp-json\/wp\/v2\/categories?post=2106"},{"taxonomy":"post_tag","embeddable":true,"href":"https:\/\/www.worldrally.eu\/index.php\/wp-json\/wp\/v2\/tags?post=2106"}],"curies":[{"name":"wp","href":"https:\/\/api.w.org\/{rel}","templated":true}]}}