{"id":2062,"date":"2023-10-02T19:09:32","date_gmt":"2023-10-02T19:09:32","guid":{"rendered":"https:\/\/www.worldrally.eu\/?p=2062"},"modified":"2023-10-02T19:09:32","modified_gmt":"2023-10-02T19:09:32","slug":"rajd-wegier-z-naciskiem-na-bezpieczenstwo","status":"publish","type":"post","link":"https:\/\/www.worldrally.eu\/index.php\/2023\/10\/02\/rajd-wegier-z-naciskiem-na-bezpieczenstwo\/","title":{"rendered":"Rajd W\u0119gier z naciskiem na bezpiecze\u0144stwo"},"content":{"rendered":"\n<p class=\"wp-block-paragraph\">Organizatorzy ostatniej rundy Rajdowych Mistrzostw Europy, kt\u00f3ra odb\u0119dzie si\u0119 na W\u0119grzech k\u0142ad\u0105 du\u017cy nacisk na bezpiecze\u0144stwo co ma by\u0107 ich priorytetem podczas tych zawod\u00f3w.<\/p>\n\n\n\n<p class=\"wp-block-paragraph\">Rajd W\u0119gier odbywa si\u0119 w mie\u015bcie Ny\u00edregyh\u00e1za w p\u00f3\u0142nocno-wschodniej cz\u0119\u015bci kraju ju\u017c w tym tygdniu pa\u017adziernika, a wsp\u00f3\u0142praca z W\u0119giersk\u0105 Agencj\u0105 Rozwoju Mobilno\u015bci (HUMDA) ma na celu egzekwowanie wa\u017cnych komunikat\u00f3w dotycz\u0105cych bezpiecze\u0144stwa drogowego.<\/p>\n\n\n\n<blockquote class=\"wp-block-quote is-layout-flow wp-block-quote-is-layout-flow\">\n<p class=\"wp-block-paragraph\">Jednym z wa\u017cnych zada\u0144 HUMDA jest zapewnienie edukacji i szkole\u0144 w zakresie bezpiecze\u0144stwa drogowego. W ramach tego w ostatnich latach zorganizowano szereg r\u00f3\u017cnorodnych program\u00f3w i akcji, w tym og\u00f3lnopolski roadshow dla dzieci. Do tej pory wzi\u0119\u0142o w nim udzia\u0142 ponad 100 000 uczni\u00f3w, w zabawny spos\u00f3b podnosz\u0105c \u015bwiadomo\u015b\u0107 znaczenia bezpiecznej jazdy<\/p>\n<cite>powiedzia\u0142 Korn\u00e9l \u0150ry, Przewodnicz\u0105cy Komitetu Organizacyjnego Rajdu W\u0119gier<\/cite><\/blockquote>\n\n\n\n<figure class=\"wp-block-image size-large\"><img fetchpriority=\"high\" decoding=\"async\" width=\"1024\" height=\"683\" src=\"http:\/\/www.worldrally.eu\/wp-content\/uploads\/2023\/09\/Photo-Adam-Owczarek-__PhotoMS.se_Barum-Czech-Rally-Zlin-2023_Day-2_-3-1024x683.jpg\" alt=\"\" class=\"wp-image-2008\" srcset=\"https:\/\/www.worldrally.eu\/wp-content\/uploads\/2023\/09\/Photo-Adam-Owczarek-__PhotoMS.se_Barum-Czech-Rally-Zlin-2023_Day-2_-3-1024x683.jpg 1024w, https:\/\/www.worldrally.eu\/wp-content\/uploads\/2023\/09\/Photo-Adam-Owczarek-__PhotoMS.se_Barum-Czech-Rally-Zlin-2023_Day-2_-3-300x200.jpg 300w, https:\/\/www.worldrally.eu\/wp-content\/uploads\/2023\/09\/Photo-Adam-Owczarek-__PhotoMS.se_Barum-Czech-Rally-Zlin-2023_Day-2_-3-768x512.jpg 768w, https:\/\/www.worldrally.eu\/wp-content\/uploads\/2023\/09\/Photo-Adam-Owczarek-__PhotoMS.se_Barum-Czech-Rally-Zlin-2023_Day-2_-3-1536x1024.jpg 1536w, https:\/\/www.worldrally.eu\/wp-content\/uploads\/2023\/09\/Photo-Adam-Owczarek-__PhotoMS.se_Barum-Czech-Rally-Zlin-2023_Day-2_-3-446x297.jpg 446w, https:\/\/www.worldrally.eu\/wp-content\/uploads\/2023\/09\/Photo-Adam-Owczarek-__PhotoMS.se_Barum-Czech-Rally-Zlin-2023_Day-2_-3.jpg 1620w\" sizes=\"(max-width: 1024px) 100vw, 1024px\" \/><figcaption class=\"wp-element-caption\">Foto &#8211; PhotoMS<\/figcaption><\/figure>\n\n\n\n<blockquote class=\"wp-block-quote is-layout-flow wp-block-quote-is-layout-flow\">\n<p class=\"wp-block-paragraph\">HUMDA przygotowuje podobny program na Rajdzie W\u0119gier, obejmuj\u0105cy program dla rodzin odbywaj\u0105cy si\u0119 na placu Kossutha w Ny\u00edregyh\u00e1za oraz kampani\u0119 plakatow\u0105 rozpocz\u0119t\u0105 we wsp\u00f3\u0142pracy z organizatorami wy\u015bcigu. Plakaty te wywieszane s\u0105 wzd\u0142u\u017c autostrady i zwracaj\u0105 uwag\u0119 na to, \u017ce droga nie jest torem wy\u015bcigowym i nale\u017cy zawsze przestrzega\u0107 przepis\u00f3w ruchu drogowego. Wy\u015bcigi rajdowe to etapy.<\/p>\n<cite>doda\u0142 \u0150ry<\/cite><\/blockquote>\n\n\n\n<figure class=\"wp-block-image size-large\"><img decoding=\"async\" width=\"1024\" height=\"683\" src=\"https:\/\/www.worldrally.eu\/wp-content\/uploads\/2023\/10\/79-Rally-Poland-2023-Photo-Adam-Owczarek-PhotoMS.se-81-1024x683.jpg\" alt=\"\" class=\"wp-image-2064\" srcset=\"https:\/\/www.worldrally.eu\/wp-content\/uploads\/2023\/10\/79-Rally-Poland-2023-Photo-Adam-Owczarek-PhotoMS.se-81-1024x683.jpg 1024w, https:\/\/www.worldrally.eu\/wp-content\/uploads\/2023\/10\/79-Rally-Poland-2023-Photo-Adam-Owczarek-PhotoMS.se-81-300x200.jpg 300w, https:\/\/www.worldrally.eu\/wp-content\/uploads\/2023\/10\/79-Rally-Poland-2023-Photo-Adam-Owczarek-PhotoMS.se-81-768x512.jpg 768w, https:\/\/www.worldrally.eu\/wp-content\/uploads\/2023\/10\/79-Rally-Poland-2023-Photo-Adam-Owczarek-PhotoMS.se-81-1536x1024.jpg 1536w, https:\/\/www.worldrally.eu\/wp-content\/uploads\/2023\/10\/79-Rally-Poland-2023-Photo-Adam-Owczarek-PhotoMS.se-81-446x297.jpg 446w, https:\/\/www.worldrally.eu\/wp-content\/uploads\/2023\/10\/79-Rally-Poland-2023-Photo-Adam-Owczarek-PhotoMS.se-81.jpg 1620w\" sizes=\"(max-width: 1024px) 100vw, 1024px\" \/><figcaption class=\"wp-element-caption\">Foto &#8211; PhotoMS<\/figcaption><\/figure>\n","protected":false},"excerpt":{"rendered":"<p>Organizatorzy ostatniej rundy Rajdowych Mistrzostw Europy, kt\u00f3ra odb\u0119dzie si\u0119 na W\u0119grzech k\u0142ad\u0105 du\u017cy nacisk na bezpiecze\u0144stwo co ma by\u0107 ich priorytetem podczas tych zawod\u00f3w. Rajd W\u0119gier odbywa si\u0119 w mie\u015bcie Ny\u00edregyh\u00e1za w p\u00f3\u0142nocno-wschodniej cz\u0119\u015bci kraju ju\u017c w tym tygdniu pa\u017adziernika, a wsp\u00f3\u0142praca z W\u0119giersk\u0105 Agencj\u0105 Rozwoju Mobilno\u015bci (HUMDA) ma na celu egzekwowanie wa\u017cnych komunikat\u00f3w dotycz\u0105cych [&hellip;]<\/p>\n","protected":false},"author":1,"featured_media":2063,"comment_status":"closed","ping_status":"closed","sticky":false,"template":"","format":"standard","meta":{"_monsterinsights_skip_tracking":false,"_monsterinsights_sitenote_active":false,"_monsterinsights_sitenote_note":"","_monsterinsights_sitenote_category":0,"footnotes":""},"categories":[4],"tags":[],"class_list":["post-2062","post","type-post","status-publish","format-standard","has-post-thumbnail","hentry","category-erc"],"aioseo_notices":[],"aioseo_head":"\n\t\t<!-- All in One SEO 4.9.9 - aioseo.com -->\n\t<meta name=\"description\" content=\"Organizatorzy ostatniej rundy Rajdowych Mistrzostw Europy, kt\u00f3ra odb\u0119dzie si\u0119 na W\u0119grzech k\u0142ad\u0105 du\u017cy nacisk na bezpiecze\u0144stwo co ma by\u0107 ich priorytetem podczas tych zawod\u00f3w. Rajd W\u0119gier odbywa si\u0119 w mie\u015bcie Ny\u00edregyh\u00e1za w p\u00f3\u0142nocno-wschodniej cz\u0119\u015bci kraju ju\u017c w tym tygdniu pa\u017adziernika, a wsp\u00f3\u0142praca z W\u0119giersk\u0105 Agencj\u0105 Rozwoju Mobilno\u015bci (HUMDA) ma na celu egzekwowanie wa\u017cnych komunikat\u00f3w dotycz\u0105cych\" \/>\n\t<meta name=\"robots\" content=\"max-image-preview:large\" \/>\n\t<meta name=\"author\" content=\"Junior\"\/>\n\t<link rel=\"canonical\" href=\"https:\/\/www.worldrally.eu\/index.php\/2023\/10\/02\/rajd-wegier-z-naciskiem-na-bezpieczenstwo\/\" \/>\n\t<meta name=\"generator\" content=\"All in One SEO (AIOSEO) 4.9.9\" \/>\n\t\t<meta property=\"og:locale\" content=\"en_GB\" \/>\n\t\t<meta property=\"og:site_name\" content=\"WorldRally.eu \u00bb\" \/>\n\t\t<meta property=\"og:type\" content=\"article\" \/>\n\t\t<meta property=\"og:title\" content=\"Rajd W\u0119gier z naciskiem na bezpiecze\u0144stwo \u00bb WorldRally.eu\" \/>\n\t\t<meta property=\"og:description\" content=\"Organizatorzy ostatniej rundy Rajdowych Mistrzostw Europy, kt\u00f3ra odb\u0119dzie si\u0119 na W\u0119grzech k\u0142ad\u0105 du\u017cy nacisk na bezpiecze\u0144stwo co ma by\u0107 ich priorytetem podczas tych zawod\u00f3w. Rajd W\u0119gier odbywa si\u0119 w mie\u015bcie Ny\u00edregyh\u00e1za w p\u00f3\u0142nocno-wschodniej cz\u0119\u015bci kraju ju\u017c w tym tygdniu pa\u017adziernika, a wsp\u00f3\u0142praca z W\u0119giersk\u0105 Agencj\u0105 Rozwoju Mobilno\u015bci (HUMDA) ma na celu egzekwowanie wa\u017cnych komunikat\u00f3w dotycz\u0105cych\" \/>\n\t\t<meta property=\"og:url\" content=\"https:\/\/www.worldrally.eu\/index.php\/2023\/10\/02\/rajd-wegier-z-naciskiem-na-bezpieczenstwo\/\" \/>\n\t\t<meta property=\"og:image\" content=\"https:\/\/www.worldrally.eu\/wp-content\/uploads\/2023\/10\/79-Rally-Poland-2023-Photo-Adam-Owczarek-PhotoMS.se-74.jpg\" \/>\n\t\t<meta property=\"og:image:secure_url\" content=\"https:\/\/www.worldrally.eu\/wp-content\/uploads\/2023\/10\/79-Rally-Poland-2023-Photo-Adam-Owczarek-PhotoMS.se-74.jpg\" \/>\n\t\t<meta property=\"og:image:width\" content=\"1620\" \/>\n\t\t<meta property=\"og:image:height\" content=\"1080\" \/>\n\t\t<meta property=\"article:published_time\" content=\"2023-10-02T19:09:32+00:00\" \/>\n\t\t<meta property=\"article:modified_time\" content=\"2023-10-02T19:09:32+00:00\" \/>\n\t\t<meta name=\"twitter:card\" content=\"summary_large_image\" \/>\n\t\t<meta name=\"twitter:title\" content=\"Rajd W\u0119gier z naciskiem na bezpiecze\u0144stwo \u00bb WorldRally.eu\" \/>\n\t\t<meta name=\"twitter:description\" content=\"Organizatorzy ostatniej rundy Rajdowych Mistrzostw Europy, kt\u00f3ra odb\u0119dzie si\u0119 na W\u0119grzech k\u0142ad\u0105 du\u017cy nacisk na bezpiecze\u0144stwo co ma by\u0107 ich priorytetem podczas tych zawod\u00f3w. Rajd W\u0119gier odbywa si\u0119 w mie\u015bcie Ny\u00edregyh\u00e1za w p\u00f3\u0142nocno-wschodniej cz\u0119\u015bci kraju ju\u017c w tym tygdniu pa\u017adziernika, a wsp\u00f3\u0142praca z W\u0119giersk\u0105 Agencj\u0105 Rozwoju Mobilno\u015bci (HUMDA) ma na celu egzekwowanie wa\u017cnych komunikat\u00f3w dotycz\u0105cych\" \/>\n\t\t<meta name=\"twitter:image\" content=\"https:\/\/www.worldrally.eu\/wp-content\/uploads\/2023\/10\/79-Rally-Poland-2023-Photo-Adam-Owczarek-PhotoMS.se-74.jpg\" \/>\n\t\t<script type=\"application\/ld+json\" class=\"aioseo-schema\">\n\t\t\t{\"@context\":\"https:\\\/\\\/schema.org\",\"@graph\":[{\"@type\":\"BlogPosting\",\"@id\":\"https:\\\/\\\/www.worldrally.eu\\\/index.php\\\/2023\\\/10\\\/02\\\/rajd-wegier-z-naciskiem-na-bezpieczenstwo\\\/#blogposting\",\"name\":\"Rajd W\\u0119gier z naciskiem na bezpiecze\\u0144stwo \\u00bb WorldRally.eu\",\"headline\":\"Rajd W\\u0119gier z naciskiem na bezpiecze\\u0144stwo\",\"author\":{\"@id\":\"https:\\\/\\\/www.worldrally.eu\\\/index.php\\\/author\\\/admin\\\/#author\"},\"publisher\":{\"@id\":\"https:\\\/\\\/www.worldrally.eu\\\/#organization\"},\"image\":{\"@type\":\"ImageObject\",\"url\":\"https:\\\/\\\/www.worldrally.eu\\\/wp-content\\\/uploads\\\/2023\\\/10\\\/79-Rally-Poland-2023-Photo-Adam-Owczarek-PhotoMS.se-74.jpg\",\"width\":1620,\"height\":1080},\"datePublished\":\"2023-10-02T19:09:32+00:00\",\"dateModified\":\"2023-10-02T19:09:32+00:00\",\"inLanguage\":\"en-GB\",\"mainEntityOfPage\":{\"@id\":\"https:\\\/\\\/www.worldrally.eu\\\/index.php\\\/2023\\\/10\\\/02\\\/rajd-wegier-z-naciskiem-na-bezpieczenstwo\\\/#webpage\"},\"isPartOf\":{\"@id\":\"https:\\\/\\\/www.worldrally.eu\\\/index.php\\\/2023\\\/10\\\/02\\\/rajd-wegier-z-naciskiem-na-bezpieczenstwo\\\/#webpage\"},\"articleSection\":\"ERC\"},{\"@type\":\"BreadcrumbList\",\"@id\":\"https:\\\/\\\/www.worldrally.eu\\\/index.php\\\/2023\\\/10\\\/02\\\/rajd-wegier-z-naciskiem-na-bezpieczenstwo\\\/#breadcrumblist\",\"itemListElement\":[{\"@type\":\"ListItem\",\"@id\":\"https:\\\/\\\/www.worldrally.eu#listItem\",\"position\":1,\"name\":\"Home\",\"item\":\"https:\\\/\\\/www.worldrally.eu\",\"nextItem\":{\"@type\":\"ListItem\",\"@id\":\"https:\\\/\\\/www.worldrally.eu\\\/index.php\\\/category\\\/erc\\\/#listItem\",\"name\":\"ERC\"}},{\"@type\":\"ListItem\",\"@id\":\"https:\\\/\\\/www.worldrally.eu\\\/index.php\\\/category\\\/erc\\\/#listItem\",\"position\":2,\"name\":\"ERC\",\"item\":\"https:\\\/\\\/www.worldrally.eu\\\/index.php\\\/category\\\/erc\\\/\",\"nextItem\":{\"@type\":\"ListItem\",\"@id\":\"https:\\\/\\\/www.worldrally.eu\\\/index.php\\\/2023\\\/10\\\/02\\\/rajd-wegier-z-naciskiem-na-bezpieczenstwo\\\/#listItem\",\"name\":\"Rajd W\\u0119gier z naciskiem na bezpiecze\\u0144stwo\"},\"previousItem\":{\"@type\":\"ListItem\",\"@id\":\"https:\\\/\\\/www.worldrally.eu#listItem\",\"name\":\"Home\"}},{\"@type\":\"ListItem\",\"@id\":\"https:\\\/\\\/www.worldrally.eu\\\/index.php\\\/2023\\\/10\\\/02\\\/rajd-wegier-z-naciskiem-na-bezpieczenstwo\\\/#listItem\",\"position\":3,\"name\":\"Rajd W\\u0119gier z naciskiem na bezpiecze\\u0144stwo\",\"previousItem\":{\"@type\":\"ListItem\",\"@id\":\"https:\\\/\\\/www.worldrally.eu\\\/index.php\\\/category\\\/erc\\\/#listItem\",\"name\":\"ERC\"}}]},{\"@type\":\"Organization\",\"@id\":\"https:\\\/\\\/www.worldrally.eu\\\/#organization\",\"name\":\"WorldRally.eu\",\"url\":\"https:\\\/\\\/www.worldrally.eu\\\/\",\"logo\":{\"@type\":\"ImageObject\",\"url\":\"https:\\\/\\\/www.worldrally.eu\\\/wp-content\\\/uploads\\\/2026\\\/01\\\/cropped-logo-3.png\",\"@id\":\"https:\\\/\\\/www.worldrally.eu\\\/index.php\\\/2023\\\/10\\\/02\\\/rajd-wegier-z-naciskiem-na-bezpieczenstwo\\\/#organizationLogo\",\"width\":2039,\"height\":756},\"image\":{\"@id\":\"https:\\\/\\\/www.worldrally.eu\\\/index.php\\\/2023\\\/10\\\/02\\\/rajd-wegier-z-naciskiem-na-bezpieczenstwo\\\/#organizationLogo\"}},{\"@type\":\"Person\",\"@id\":\"https:\\\/\\\/www.worldrally.eu\\\/index.php\\\/author\\\/admin\\\/#author\",\"url\":\"https:\\\/\\\/www.worldrally.eu\\\/index.php\\\/author\\\/admin\\\/\",\"name\":\"Junior\",\"image\":{\"@type\":\"ImageObject\",\"@id\":\"https:\\\/\\\/www.worldrally.eu\\\/index.php\\\/2023\\\/10\\\/02\\\/rajd-wegier-z-naciskiem-na-bezpieczenstwo\\\/#authorImage\",\"url\":\"https:\\\/\\\/secure.gravatar.com\\\/avatar\\\/5bd369ac0447285dc20b588693ca1756d0179a7f957258050a42a968bf3b9d0a?s=96&d=mm&r=g\",\"width\":96,\"height\":96,\"caption\":\"Junior\"}},{\"@type\":\"WebPage\",\"@id\":\"https:\\\/\\\/www.worldrally.eu\\\/index.php\\\/2023\\\/10\\\/02\\\/rajd-wegier-z-naciskiem-na-bezpieczenstwo\\\/#webpage\",\"url\":\"https:\\\/\\\/www.worldrally.eu\\\/index.php\\\/2023\\\/10\\\/02\\\/rajd-wegier-z-naciskiem-na-bezpieczenstwo\\\/\",\"name\":\"Rajd W\\u0119gier z naciskiem na bezpiecze\\u0144stwo \\u00bb WorldRally.eu\",\"description\":\"Organizatorzy ostatniej rundy Rajdowych Mistrzostw Europy, kt\\u00f3ra odb\\u0119dzie si\\u0119 na W\\u0119grzech k\\u0142ad\\u0105 du\\u017cy nacisk na bezpiecze\\u0144stwo co ma by\\u0107 ich priorytetem podczas tych zawod\\u00f3w. Rajd W\\u0119gier odbywa si\\u0119 w mie\\u015bcie Ny\\u00edregyh\\u00e1za w p\\u00f3\\u0142nocno-wschodniej cz\\u0119\\u015bci kraju ju\\u017c w tym tygdniu pa\\u017adziernika, a wsp\\u00f3\\u0142praca z W\\u0119giersk\\u0105 Agencj\\u0105 Rozwoju Mobilno\\u015bci (HUMDA) ma na celu egzekwowanie wa\\u017cnych komunikat\\u00f3w dotycz\\u0105cych\",\"inLanguage\":\"en-GB\",\"isPartOf\":{\"@id\":\"https:\\\/\\\/www.worldrally.eu\\\/#website\"},\"breadcrumb\":{\"@id\":\"https:\\\/\\\/www.worldrally.eu\\\/index.php\\\/2023\\\/10\\\/02\\\/rajd-wegier-z-naciskiem-na-bezpieczenstwo\\\/#breadcrumblist\"},\"author\":{\"@id\":\"https:\\\/\\\/www.worldrally.eu\\\/index.php\\\/author\\\/admin\\\/#author\"},\"creator\":{\"@id\":\"https:\\\/\\\/www.worldrally.eu\\\/index.php\\\/author\\\/admin\\\/#author\"},\"image\":{\"@type\":\"ImageObject\",\"url\":\"https:\\\/\\\/www.worldrally.eu\\\/wp-content\\\/uploads\\\/2023\\\/10\\\/79-Rally-Poland-2023-Photo-Adam-Owczarek-PhotoMS.se-74.jpg\",\"@id\":\"https:\\\/\\\/www.worldrally.eu\\\/index.php\\\/2023\\\/10\\\/02\\\/rajd-wegier-z-naciskiem-na-bezpieczenstwo\\\/#mainImage\",\"width\":1620,\"height\":1080},\"primaryImageOfPage\":{\"@id\":\"https:\\\/\\\/www.worldrally.eu\\\/index.php\\\/2023\\\/10\\\/02\\\/rajd-wegier-z-naciskiem-na-bezpieczenstwo\\\/#mainImage\"},\"datePublished\":\"2023-10-02T19:09:32+00:00\",\"dateModified\":\"2023-10-02T19:09:32+00:00\"},{\"@type\":\"WebSite\",\"@id\":\"https:\\\/\\\/www.worldrally.eu\\\/#website\",\"url\":\"https:\\\/\\\/www.worldrally.eu\\\/\",\"name\":\"WorldRally.eu\",\"inLanguage\":\"en-GB\",\"publisher\":{\"@id\":\"https:\\\/\\\/www.worldrally.eu\\\/#organization\"}}]}\n\t\t<\/script>\n\t\t<!-- All in One SEO -->\n\n","aioseo_head_json":{"title":"Rajd W\u0119gier z naciskiem na bezpiecze\u0144stwo \u00bb WorldRally.eu","description":"Organizatorzy ostatniej rundy Rajdowych Mistrzostw Europy, kt\u00f3ra odb\u0119dzie si\u0119 na W\u0119grzech k\u0142ad\u0105 du\u017cy nacisk na bezpiecze\u0144stwo co ma by\u0107 ich priorytetem podczas tych zawod\u00f3w. Rajd W\u0119gier odbywa si\u0119 w mie\u015bcie Ny\u00edregyh\u00e1za w p\u00f3\u0142nocno-wschodniej cz\u0119\u015bci kraju ju\u017c w tym tygdniu pa\u017adziernika, a wsp\u00f3\u0142praca z W\u0119giersk\u0105 Agencj\u0105 Rozwoju Mobilno\u015bci (HUMDA) ma na celu egzekwowanie wa\u017cnych komunikat\u00f3w dotycz\u0105cych","canonical_url":"https:\/\/www.worldrally.eu\/index.php\/2023\/10\/02\/rajd-wegier-z-naciskiem-na-bezpieczenstwo\/","robots":"max-image-preview:large","keywords":"","webmasterTools":{"miscellaneous":""},"schema":{"@context":"https:\/\/schema.org","@graph":[{"@type":"BlogPosting","@id":"https:\/\/www.worldrally.eu\/index.php\/2023\/10\/02\/rajd-wegier-z-naciskiem-na-bezpieczenstwo\/#blogposting","name":"Rajd W\u0119gier z naciskiem na bezpiecze\u0144stwo \u00bb WorldRally.eu","headline":"Rajd W\u0119gier z naciskiem na bezpiecze\u0144stwo","author":{"@id":"https:\/\/www.worldrally.eu\/index.php\/author\/admin\/#author"},"publisher":{"@id":"https:\/\/www.worldrally.eu\/#organization"},"image":{"@type":"ImageObject","url":"https:\/\/www.worldrally.eu\/wp-content\/uploads\/2023\/10\/79-Rally-Poland-2023-Photo-Adam-Owczarek-PhotoMS.se-74.jpg","width":1620,"height":1080},"datePublished":"2023-10-02T19:09:32+00:00","dateModified":"2023-10-02T19:09:32+00:00","inLanguage":"en-GB","mainEntityOfPage":{"@id":"https:\/\/www.worldrally.eu\/index.php\/2023\/10\/02\/rajd-wegier-z-naciskiem-na-bezpieczenstwo\/#webpage"},"isPartOf":{"@id":"https:\/\/www.worldrally.eu\/index.php\/2023\/10\/02\/rajd-wegier-z-naciskiem-na-bezpieczenstwo\/#webpage"},"articleSection":"ERC"},{"@type":"BreadcrumbList","@id":"https:\/\/www.worldrally.eu\/index.php\/2023\/10\/02\/rajd-wegier-z-naciskiem-na-bezpieczenstwo\/#breadcrumblist","itemListElement":[{"@type":"ListItem","@id":"https:\/\/www.worldrally.eu#listItem","position":1,"name":"Home","item":"https:\/\/www.worldrally.eu","nextItem":{"@type":"ListItem","@id":"https:\/\/www.worldrally.eu\/index.php\/category\/erc\/#listItem","name":"ERC"}},{"@type":"ListItem","@id":"https:\/\/www.worldrally.eu\/index.php\/category\/erc\/#listItem","position":2,"name":"ERC","item":"https:\/\/www.worldrally.eu\/index.php\/category\/erc\/","nextItem":{"@type":"ListItem","@id":"https:\/\/www.worldrally.eu\/index.php\/2023\/10\/02\/rajd-wegier-z-naciskiem-na-bezpieczenstwo\/#listItem","name":"Rajd W\u0119gier z naciskiem na bezpiecze\u0144stwo"},"previousItem":{"@type":"ListItem","@id":"https:\/\/www.worldrally.eu#listItem","name":"Home"}},{"@type":"ListItem","@id":"https:\/\/www.worldrally.eu\/index.php\/2023\/10\/02\/rajd-wegier-z-naciskiem-na-bezpieczenstwo\/#listItem","position":3,"name":"Rajd W\u0119gier z naciskiem na bezpiecze\u0144stwo","previousItem":{"@type":"ListItem","@id":"https:\/\/www.worldrally.eu\/index.php\/category\/erc\/#listItem","name":"ERC"}}]},{"@type":"Organization","@id":"https:\/\/www.worldrally.eu\/#organization","name":"WorldRally.eu","url":"https:\/\/www.worldrally.eu\/","logo":{"@type":"ImageObject","url":"https:\/\/www.worldrally.eu\/wp-content\/uploads\/2026\/01\/cropped-logo-3.png","@id":"https:\/\/www.worldrally.eu\/index.php\/2023\/10\/02\/rajd-wegier-z-naciskiem-na-bezpieczenstwo\/#organizationLogo","width":2039,"height":756},"image":{"@id":"https:\/\/www.worldrally.eu\/index.php\/2023\/10\/02\/rajd-wegier-z-naciskiem-na-bezpieczenstwo\/#organizationLogo"}},{"@type":"Person","@id":"https:\/\/www.worldrally.eu\/index.php\/author\/admin\/#author","url":"https:\/\/www.worldrally.eu\/index.php\/author\/admin\/","name":"Junior","image":{"@type":"ImageObject","@id":"https:\/\/www.worldrally.eu\/index.php\/2023\/10\/02\/rajd-wegier-z-naciskiem-na-bezpieczenstwo\/#authorImage","url":"https:\/\/secure.gravatar.com\/avatar\/5bd369ac0447285dc20b588693ca1756d0179a7f957258050a42a968bf3b9d0a?s=96&d=mm&r=g","width":96,"height":96,"caption":"Junior"}},{"@type":"WebPage","@id":"https:\/\/www.worldrally.eu\/index.php\/2023\/10\/02\/rajd-wegier-z-naciskiem-na-bezpieczenstwo\/#webpage","url":"https:\/\/www.worldrally.eu\/index.php\/2023\/10\/02\/rajd-wegier-z-naciskiem-na-bezpieczenstwo\/","name":"Rajd W\u0119gier z naciskiem na bezpiecze\u0144stwo \u00bb WorldRally.eu","description":"Organizatorzy ostatniej rundy Rajdowych Mistrzostw Europy, kt\u00f3ra odb\u0119dzie si\u0119 na W\u0119grzech k\u0142ad\u0105 du\u017cy nacisk na bezpiecze\u0144stwo co ma by\u0107 ich priorytetem podczas tych zawod\u00f3w. Rajd W\u0119gier odbywa si\u0119 w mie\u015bcie Ny\u00edregyh\u00e1za w p\u00f3\u0142nocno-wschodniej cz\u0119\u015bci kraju ju\u017c w tym tygdniu pa\u017adziernika, a wsp\u00f3\u0142praca z W\u0119giersk\u0105 Agencj\u0105 Rozwoju Mobilno\u015bci (HUMDA) ma na celu egzekwowanie wa\u017cnych komunikat\u00f3w dotycz\u0105cych","inLanguage":"en-GB","isPartOf":{"@id":"https:\/\/www.worldrally.eu\/#website"},"breadcrumb":{"@id":"https:\/\/www.worldrally.eu\/index.php\/2023\/10\/02\/rajd-wegier-z-naciskiem-na-bezpieczenstwo\/#breadcrumblist"},"author":{"@id":"https:\/\/www.worldrally.eu\/index.php\/author\/admin\/#author"},"creator":{"@id":"https:\/\/www.worldrally.eu\/index.php\/author\/admin\/#author"},"image":{"@type":"ImageObject","url":"https:\/\/www.worldrally.eu\/wp-content\/uploads\/2023\/10\/79-Rally-Poland-2023-Photo-Adam-Owczarek-PhotoMS.se-74.jpg","@id":"https:\/\/www.worldrally.eu\/index.php\/2023\/10\/02\/rajd-wegier-z-naciskiem-na-bezpieczenstwo\/#mainImage","width":1620,"height":1080},"primaryImageOfPage":{"@id":"https:\/\/www.worldrally.eu\/index.php\/2023\/10\/02\/rajd-wegier-z-naciskiem-na-bezpieczenstwo\/#mainImage"},"datePublished":"2023-10-02T19:09:32+00:00","dateModified":"2023-10-02T19:09:32+00:00"},{"@type":"WebSite","@id":"https:\/\/www.worldrally.eu\/#website","url":"https:\/\/www.worldrally.eu\/","name":"WorldRally.eu","inLanguage":"en-GB","publisher":{"@id":"https:\/\/www.worldrally.eu\/#organization"}}]},"og:locale":"en_GB","og:site_name":"WorldRally.eu \u00bb","og:type":"article","og:title":"Rajd W\u0119gier z naciskiem na bezpiecze\u0144stwo \u00bb WorldRally.eu","og:description":"Organizatorzy ostatniej rundy Rajdowych Mistrzostw Europy, kt\u00f3ra odb\u0119dzie si\u0119 na W\u0119grzech k\u0142ad\u0105 du\u017cy nacisk na bezpiecze\u0144stwo co ma by\u0107 ich priorytetem podczas tych zawod\u00f3w. Rajd W\u0119gier odbywa si\u0119 w mie\u015bcie Ny\u00edregyh\u00e1za w p\u00f3\u0142nocno-wschodniej cz\u0119\u015bci kraju ju\u017c w tym tygdniu pa\u017adziernika, a wsp\u00f3\u0142praca z W\u0119giersk\u0105 Agencj\u0105 Rozwoju Mobilno\u015bci (HUMDA) ma na celu egzekwowanie wa\u017cnych komunikat\u00f3w dotycz\u0105cych","og:url":"https:\/\/www.worldrally.eu\/index.php\/2023\/10\/02\/rajd-wegier-z-naciskiem-na-bezpieczenstwo\/","og:image":"https:\/\/www.worldrally.eu\/wp-content\/uploads\/2023\/10\/79-Rally-Poland-2023-Photo-Adam-Owczarek-PhotoMS.se-74.jpg","og:image:secure_url":"https:\/\/www.worldrally.eu\/wp-content\/uploads\/2023\/10\/79-Rally-Poland-2023-Photo-Adam-Owczarek-PhotoMS.se-74.jpg","og:image:width":1620,"og:image:height":1080,"article:published_time":"2023-10-02T19:09:32+00:00","article:modified_time":"2023-10-02T19:09:32+00:00","twitter:card":"summary_large_image","twitter:title":"Rajd W\u0119gier z naciskiem na bezpiecze\u0144stwo \u00bb WorldRally.eu","twitter:description":"Organizatorzy ostatniej rundy Rajdowych Mistrzostw Europy, kt\u00f3ra odb\u0119dzie si\u0119 na W\u0119grzech k\u0142ad\u0105 du\u017cy nacisk na bezpiecze\u0144stwo co ma by\u0107 ich priorytetem podczas tych zawod\u00f3w. Rajd W\u0119gier odbywa si\u0119 w mie\u015bcie Ny\u00edregyh\u00e1za w p\u00f3\u0142nocno-wschodniej cz\u0119\u015bci kraju ju\u017c w tym tygdniu pa\u017adziernika, a wsp\u00f3\u0142praca z W\u0119giersk\u0105 Agencj\u0105 Rozwoju Mobilno\u015bci (HUMDA) ma na celu egzekwowanie wa\u017cnych komunikat\u00f3w dotycz\u0105cych","twitter:image":"https:\/\/www.worldrally.eu\/wp-content\/uploads\/2023\/10\/79-Rally-Poland-2023-Photo-Adam-Owczarek-PhotoMS.se-74.jpg"},"aioseo_meta_data":{"post_id":"2062","title":null,"description":null,"keywords":null,"keyphrases":null,"primary_term":null,"canonical_url":null,"og_title":null,"og_description":null,"og_object_type":"default","og_image_type":"default","og_image_url":null,"og_image_width":null,"og_image_height":null,"og_image_custom_url":null,"og_image_custom_fields":null,"og_video":null,"og_custom_url":null,"og_article_section":null,"og_article_tags":null,"twitter_use_og":false,"twitter_card":"default","twitter_image_type":"default","twitter_image_url":null,"twitter_image_custom_url":null,"twitter_image_custom_fields":null,"twitter_title":null,"twitter_description":null,"schema":{"blockGraphs":[],"customGraphs":[],"default":{"data":{"Article":[],"Course":[],"Dataset":[],"FAQPage":[],"Movie":[],"Person":[],"Product":[],"ProductReview":[],"Car":[],"Recipe":[],"Service":[],"SoftwareApplication":[],"WebPage":[]},"graphName":"","isEnabled":true},"graphs":[]},"schema_type":"default","schema_type_options":null,"pillar_content":false,"robots_default":true,"robots_noindex":false,"robots_noarchive":false,"robots_nosnippet":false,"robots_nofollow":false,"robots_noimageindex":false,"robots_noodp":false,"robots_notranslate":false,"robots_max_snippet":null,"robots_max_videopreview":null,"robots_max_imagepreview":"large","priority":null,"frequency":null,"local_seo":null,"breadcrumb_settings":null,"limit_modified_date":false,"ai":null,"created":"2025-03-22 06:28:14","updated":"2025-10-26 11:57:34","seo_analyzer_scan_date":null},"aioseo_breadcrumb":"<div class=\"aioseo-breadcrumbs\"><span class=\"aioseo-breadcrumb\">\n\t\t\t<a href=\"https:\/\/www.worldrally.eu\" title=\"Home\">Home<\/a>\n\t\t<\/span><span class=\"aioseo-breadcrumb-separator\">&raquo;<\/span><span class=\"aioseo-breadcrumb\">\n\t\t\t<a href=\"https:\/\/www.worldrally.eu\/index.php\/category\/erc\/\" title=\"ERC\">ERC<\/a>\n\t\t<\/span><span class=\"aioseo-breadcrumb-separator\">&raquo;<\/span><span class=\"aioseo-breadcrumb\">\n\t\t\tRajd W\u0119gier z naciskiem na bezpiecze\u0144stwo\n\t\t<\/span><\/div>","aioseo_breadcrumb_json":[{"label":"Home","link":"https:\/\/www.worldrally.eu"},{"label":"ERC","link":"https:\/\/www.worldrally.eu\/index.php\/category\/erc\/"},{"label":"Rajd W\u0119gier z naciskiem na bezpiecze\u0144stwo","link":"https:\/\/www.worldrally.eu\/index.php\/2023\/10\/02\/rajd-wegier-z-naciskiem-na-bezpieczenstwo\/"}],"cc_featured_image_caption":{"caption_text":"Foto - PhotoMS","source_text":"","source_url":""},"_links":{"self":[{"href":"https:\/\/www.worldrally.eu\/index.php\/wp-json\/wp\/v2\/posts\/2062","targetHints":{"allow":["GET"]}}],"collection":[{"href":"https:\/\/www.worldrally.eu\/index.php\/wp-json\/wp\/v2\/posts"}],"about":[{"href":"https:\/\/www.worldrally.eu\/index.php\/wp-json\/wp\/v2\/types\/post"}],"author":[{"embeddable":true,"href":"https:\/\/www.worldrally.eu\/index.php\/wp-json\/wp\/v2\/users\/1"}],"replies":[{"embeddable":true,"href":"https:\/\/www.worldrally.eu\/index.php\/wp-json\/wp\/v2\/comments?post=2062"}],"version-history":[{"count":1,"href":"https:\/\/www.worldrally.eu\/index.php\/wp-json\/wp\/v2\/posts\/2062\/revisions"}],"predecessor-version":[{"id":2065,"href":"https:\/\/www.worldrally.eu\/index.php\/wp-json\/wp\/v2\/posts\/2062\/revisions\/2065"}],"wp:featuredmedia":[{"embeddable":true,"href":"https:\/\/www.worldrally.eu\/index.php\/wp-json\/wp\/v2\/media\/2063"}],"wp:attachment":[{"href":"https:\/\/www.worldrally.eu\/index.php\/wp-json\/wp\/v2\/media?parent=2062"}],"wp:term":[{"taxonomy":"category","embeddable":true,"href":"https:\/\/www.worldrally.eu\/index.php\/wp-json\/wp\/v2\/categories?post=2062"},{"taxonomy":"post_tag","embeddable":true,"href":"https:\/\/www.worldrally.eu\/index.php\/wp-json\/wp\/v2\/tags?post=2062"}],"curies":[{"name":"wp","href":"https:\/\/api.w.org\/{rel}","templated":true}]}}