{"id":2053,"date":"2023-10-01T17:24:00","date_gmt":"2023-10-01T17:24:00","guid":{"rendered":"https:\/\/www.worldrally.eu\/?p=2053"},"modified":"2023-10-02T10:45:59","modified_gmt":"2023-10-02T10:45:59","slug":"suninen-odpada-na-przed-ostatnim-odcinku","status":"publish","type":"post","link":"https:\/\/www.worldrally.eu\/index.php\/2023\/10\/01\/suninen-odpada-na-przed-ostatnim-odcinku\/","title":{"rendered":"Suninen odpada na przed ostatnim odcinku."},"content":{"rendered":"\n<p class=\"wp-block-paragraph\">Teemu Suninen by\u0142 na drugim miejscu w Rajdzie Chile maj\u0105c bezpieczn\u0105 przewag\u0119 prawie jednej minuty nad koleg\u0105 zespo\u0142owym Neuvillem do momentu gdy na OS15 uderzy\u0142 w pie\u0144 drzewa uszkadzaj\u0105c przednie zawieszenie co spowodowa\u0142o wypadni\u0119cie z drogi.<\/p>\n\n\n\n<p class=\"wp-block-paragraph\">Jeszcze przed rozpocz\u0119ciem ostatniej niedzielnej p\u0119tli pojawia\u0142y si\u0119 dyskusje czy zesp\u00f3\u0142 Hyundaia poprosi Fina o rezygnacje z drugiego miejsca na rzecz Thierry&#8217;ego Neuville&#8217;a<\/p>\n\n\n\n<p class=\"wp-block-paragraph\">Przez ca\u0142y sezon Rajdowych Mistrzostw \u015awiata Hyundai wyznacza\u0142 jasn\u0105 strategi\u0119 robienia wszystkiego, co w jego mocy, aby pom\u00f3c Neuville\u2019owi w ko\u0144cu zdoby\u0107 mistrzostwo kierowc\u00f3w. Oznacza\u0142o to poproszenie innych kierowc\u00f3w \u2013 takich jak Craig Breen w Szwecji i Esapekka Lappi na Sardynii \u2013 o ust\u0105pienie pozycji lub wycofanie si\u0119, aby zwi\u0119kszy\u0107 liczb\u0119 punkt\u00f3w Neuville\u2019a.<\/p>\n\n\n\n<p class=\"wp-block-paragraph\">Cyril Abiteboul, jest oczywi\u015bcie rozczarowany, ale ma nadziej\u0119, \u017ce Suninen wyci\u0105gnie wnioski z trudnej lekcji Szef zespo\u0142u Hyundaia, Cyril Abiteboul, podzieli\u0142 si\u0119 z DirtFish swoj\u0105 reakcj\u0105 na przedostatni wypadek Teemu Suninena na etapie Rajdu Chile.<\/p>\n\n\n\n<blockquote class=\"wp-block-quote is-layout-flow wp-block-quote-is-layout-flow\">\n<p class=\"wp-block-paragraph\">Wiesz, \u017ce to trudne, poniewa\u017c jednocze\u015bnie my\u015bl\u0119, \u017ce ch\u0142opaki chc\u0105 b\u0142yszcze\u0107. Chc\u0105 b\u0142yszcze\u0107 dla zespo\u0142u, chc\u0105 osi\u0105ga\u0107 sukcesy, ale tak\u017ce chc\u0105 b\u0142yszcze\u0107 dla siebie. I my\u015bl\u0119, \u017ce to mo\u017ce by\u0107 krok za daleko w tym do\u015bwiadczeniu, mo\u017ce dojrza\u0142o\u015b\u0107 pomaga ci tego nie robi\u0107. I w tym przypadku to naprawd\u0119 nie pomog\u0142o. Nie chc\u0119 by\u0107 zbyt surowy, poniewa\u017c ponownie nie nale\u017cy zapomina\u0107, \u017ce wykona\u0142 fantastyczny rajd, aby wyprowadzi\u0107 go na t\u0119 pozycj\u0119 i da\u0107 zespo\u0142owi szans\u0119 na posiadanie dw\u00f3ch samochod\u00f3w na podium. Ale tak si\u0119 nie dzieje. My\u015bl\u0119, mam nadziej\u0119 i wierz\u0119, \u017ce pomo\u017ce mu to r\u00f3wnie\u017c w procesie budowania. Wszystko zale\u017cy od krzywej uczenia si\u0119. Gdy m\u00f3wimy o krzywej uczenia si\u0119, o tym, jak radzi\u0107 sobie z samochodem, jak radzi\u0107 sobie wczoraj z twardymi oponami, czego on wcze\u015bniej nie do\u015bwiadczy\u0142.<\/p>\n<cite>powiedzia\u0142 Abiteboul<\/cite><\/blockquote>\n\n\n\n<figure class=\"wp-block-image size-large\"><img fetchpriority=\"high\" decoding=\"async\" width=\"1024\" height=\"683\" src=\"https:\/\/www.worldrally.eu\/wp-content\/uploads\/2023\/10\/teemu2-1024x683.jpg\" alt=\"\" class=\"wp-image-2055\" srcset=\"https:\/\/www.worldrally.eu\/wp-content\/uploads\/2023\/10\/teemu2-1024x683.jpg 1024w, https:\/\/www.worldrally.eu\/wp-content\/uploads\/2023\/10\/teemu2-300x200.jpg 300w, https:\/\/www.worldrally.eu\/wp-content\/uploads\/2023\/10\/teemu2-768x512.jpg 768w, https:\/\/www.worldrally.eu\/wp-content\/uploads\/2023\/10\/teemu2-1536x1024.jpg 1536w, https:\/\/www.worldrally.eu\/wp-content\/uploads\/2023\/10\/teemu2-446x297.jpg 446w, https:\/\/www.worldrally.eu\/wp-content\/uploads\/2023\/10\/teemu2.jpg 2048w\" sizes=\"(max-width: 1024px) 100vw, 1024px\" \/><figcaption class=\"wp-element-caption\">2023 FIA World Rally Championship\nRound 11, Rally Chile, 29 September-01 October 2023\n\nTeemu Suninen, Atmosphere during Day 2 of Rally Chile 2023    \n\nPhotographer: Vincent Thuillier\nWorldwide copyright: Hyundai Motorsport GmbH<\/figcaption><\/figure>\n\n\n\n<blockquote class=\"wp-block-quote is-layout-flow wp-block-quote-is-layout-flow\">\n<p class=\"wp-block-paragraph\">Heartbreak na przedostatnim etapie. Niestety w Rajdzie Chile to ju\u017c koniec. Bardzo mi przykro z powodu zespo\u0142u i wszystkich, to oczywi\u015bcie du\u017ce rozczarowanie.<\/p>\n\n\n\n<p class=\"wp-block-paragraph\">Stoczyli\u015bmy dobr\u0105 walk\u0119 z Thierrym, ale co najwa\u017cniejsze, poczynili\u015bmy du\u017ce post\u0119py w nauce samochodu. Jest jeszcze wiele pozytyw\u00f3w do zabrania ze sob\u0105, ale w tej chwili wszystko wydaje si\u0119 bez znaczenia.<\/p>\n<cite>napisa\u0142 Suninen w mediach spo\u0142eczno\u015bciowych<\/cite><\/blockquote>\n","protected":false},"excerpt":{"rendered":"<p>Teemu Suninen by\u0142 na drugim miejscu w Rajdzie Chile maj\u0105c bezpieczn\u0105 przewag\u0119 prawie jednej minuty nad koleg\u0105 zespo\u0142owym Neuvillem do momentu gdy na OS15 uderzy\u0142 w pie\u0144 drzewa uszkadzaj\u0105c przednie zawieszenie co spowodowa\u0142o wypadni\u0119cie z drogi. Jeszcze przed rozpocz\u0119ciem ostatniej niedzielnej p\u0119tli pojawia\u0142y si\u0119 dyskusje czy zesp\u00f3\u0142 Hyundaia poprosi Fina o rezygnacje z drugiego miejsca [&hellip;]<\/p>\n","protected":false},"author":1,"featured_media":2054,"comment_status":"closed","ping_status":"closed","sticky":false,"template":"","format":"standard","meta":{"_monsterinsights_skip_tracking":false,"_monsterinsights_sitenote_active":false,"_monsterinsights_sitenote_note":"","_monsterinsights_sitenote_category":0,"footnotes":""},"categories":[3],"tags":[],"class_list":["post-2053","post","type-post","status-publish","format-standard","has-post-thumbnail","hentry","category-wrc"],"aioseo_notices":[],"aioseo_head":"\n\t\t<!-- All in One SEO 4.9.9 - aioseo.com -->\n\t<meta name=\"description\" content=\"Teemu Suninen by\u0142 na drugim miejscu w Rajdzie Chile maj\u0105c bezpieczn\u0105 przewag\u0119 prawie jednej minuty nad koleg\u0105 zespo\u0142owym Neuvillem do momentu gdy na OS15 uderzy\u0142 w pie\u0144 drzewa uszkadzaj\u0105c przednie zawieszenie co spowodowa\u0142o wypadni\u0119cie z drogi. Jeszcze przed rozpocz\u0119ciem ostatniej niedzielnej p\u0119tli pojawia\u0142y si\u0119 dyskusje czy zesp\u00f3\u0142 Hyundaia poprosi Fina o rezygnacje z drugiego miejsca\" \/>\n\t<meta name=\"robots\" content=\"max-image-preview:large\" \/>\n\t<meta name=\"author\" content=\"Junior\"\/>\n\t<link rel=\"canonical\" href=\"https:\/\/www.worldrally.eu\/index.php\/2023\/10\/01\/suninen-odpada-na-przed-ostatnim-odcinku\/\" \/>\n\t<meta name=\"generator\" content=\"All in One SEO (AIOSEO) 4.9.9\" \/>\n\t\t<meta property=\"og:locale\" content=\"en_GB\" \/>\n\t\t<meta property=\"og:site_name\" content=\"WorldRally.eu \u00bb\" \/>\n\t\t<meta property=\"og:type\" content=\"article\" \/>\n\t\t<meta property=\"og:title\" content=\"Suninen odpada na przed ostatnim odcinku. \u00bb WorldRally.eu\" \/>\n\t\t<meta property=\"og:description\" content=\"Teemu Suninen by\u0142 na drugim miejscu w Rajdzie Chile maj\u0105c bezpieczn\u0105 przewag\u0119 prawie jednej minuty nad koleg\u0105 zespo\u0142owym Neuvillem do momentu gdy na OS15 uderzy\u0142 w pie\u0144 drzewa uszkadzaj\u0105c przednie zawieszenie co spowodowa\u0142o wypadni\u0119cie z drogi. Jeszcze przed rozpocz\u0119ciem ostatniej niedzielnej p\u0119tli pojawia\u0142y si\u0119 dyskusje czy zesp\u00f3\u0142 Hyundaia poprosi Fina o rezygnacje z drugiego miejsca\" \/>\n\t\t<meta property=\"og:url\" content=\"https:\/\/www.worldrally.eu\/index.php\/2023\/10\/01\/suninen-odpada-na-przed-ostatnim-odcinku\/\" \/>\n\t\t<meta property=\"og:image\" content=\"https:\/\/www.worldrally.eu\/wp-content\/uploads\/2023\/10\/teemu-1.jpg\" \/>\n\t\t<meta property=\"og:image:secure_url\" content=\"https:\/\/www.worldrally.eu\/wp-content\/uploads\/2023\/10\/teemu-1.jpg\" \/>\n\t\t<meta property=\"og:image:width\" content=\"2048\" \/>\n\t\t<meta property=\"og:image:height\" content=\"1365\" \/>\n\t\t<meta property=\"article:published_time\" content=\"2023-10-01T17:24:00+00:00\" \/>\n\t\t<meta property=\"article:modified_time\" content=\"2023-10-02T10:45:59+00:00\" \/>\n\t\t<meta name=\"twitter:card\" content=\"summary_large_image\" \/>\n\t\t<meta name=\"twitter:title\" content=\"Suninen odpada na przed ostatnim odcinku. \u00bb WorldRally.eu\" \/>\n\t\t<meta name=\"twitter:description\" content=\"Teemu Suninen by\u0142 na drugim miejscu w Rajdzie Chile maj\u0105c bezpieczn\u0105 przewag\u0119 prawie jednej minuty nad koleg\u0105 zespo\u0142owym Neuvillem do momentu gdy na OS15 uderzy\u0142 w pie\u0144 drzewa uszkadzaj\u0105c przednie zawieszenie co spowodowa\u0142o wypadni\u0119cie z drogi. Jeszcze przed rozpocz\u0119ciem ostatniej niedzielnej p\u0119tli pojawia\u0142y si\u0119 dyskusje czy zesp\u00f3\u0142 Hyundaia poprosi Fina o rezygnacje z drugiego miejsca\" \/>\n\t\t<meta name=\"twitter:image\" content=\"https:\/\/www.worldrally.eu\/wp-content\/uploads\/2023\/10\/teemu-1.jpg\" \/>\n\t\t<script type=\"application\/ld+json\" class=\"aioseo-schema\">\n\t\t\t{\"@context\":\"https:\\\/\\\/schema.org\",\"@graph\":[{\"@type\":\"BlogPosting\",\"@id\":\"https:\\\/\\\/www.worldrally.eu\\\/index.php\\\/2023\\\/10\\\/01\\\/suninen-odpada-na-przed-ostatnim-odcinku\\\/#blogposting\",\"name\":\"Suninen odpada na przed ostatnim odcinku. \\u00bb WorldRally.eu\",\"headline\":\"Suninen odpada na przed ostatnim odcinku.\",\"author\":{\"@id\":\"https:\\\/\\\/www.worldrally.eu\\\/index.php\\\/author\\\/admin\\\/#author\"},\"publisher\":{\"@id\":\"https:\\\/\\\/www.worldrally.eu\\\/#organization\"},\"image\":{\"@type\":\"ImageObject\",\"url\":\"https:\\\/\\\/www.worldrally.eu\\\/wp-content\\\/uploads\\\/2023\\\/10\\\/teemu-1.jpg\",\"width\":2048,\"height\":1365,\"caption\":\"2023 FIA World Rally Championship\\nRound 11, Rally Chile\\n27 September - 01 October 2023\\n\\nTeemu Suninen, Mikko Markkula, Hyundai i20 N Rally1 Hybrid\\n\\nPhotographer: Dufour Fabien\\nWorldwide copyright: Hyundai Motorsport GmbH\"},\"datePublished\":\"2023-10-01T17:24:00+00:00\",\"dateModified\":\"2023-10-02T10:45:59+00:00\",\"inLanguage\":\"en-GB\",\"mainEntityOfPage\":{\"@id\":\"https:\\\/\\\/www.worldrally.eu\\\/index.php\\\/2023\\\/10\\\/01\\\/suninen-odpada-na-przed-ostatnim-odcinku\\\/#webpage\"},\"isPartOf\":{\"@id\":\"https:\\\/\\\/www.worldrally.eu\\\/index.php\\\/2023\\\/10\\\/01\\\/suninen-odpada-na-przed-ostatnim-odcinku\\\/#webpage\"},\"articleSection\":\"WRC\"},{\"@type\":\"BreadcrumbList\",\"@id\":\"https:\\\/\\\/www.worldrally.eu\\\/index.php\\\/2023\\\/10\\\/01\\\/suninen-odpada-na-przed-ostatnim-odcinku\\\/#breadcrumblist\",\"itemListElement\":[{\"@type\":\"ListItem\",\"@id\":\"https:\\\/\\\/www.worldrally.eu#listItem\",\"position\":1,\"name\":\"Home\",\"item\":\"https:\\\/\\\/www.worldrally.eu\",\"nextItem\":{\"@type\":\"ListItem\",\"@id\":\"https:\\\/\\\/www.worldrally.eu\\\/index.php\\\/category\\\/wrc\\\/#listItem\",\"name\":\"WRC\"}},{\"@type\":\"ListItem\",\"@id\":\"https:\\\/\\\/www.worldrally.eu\\\/index.php\\\/category\\\/wrc\\\/#listItem\",\"position\":2,\"name\":\"WRC\",\"item\":\"https:\\\/\\\/www.worldrally.eu\\\/index.php\\\/category\\\/wrc\\\/\",\"nextItem\":{\"@type\":\"ListItem\",\"@id\":\"https:\\\/\\\/www.worldrally.eu\\\/index.php\\\/2023\\\/10\\\/01\\\/suninen-odpada-na-przed-ostatnim-odcinku\\\/#listItem\",\"name\":\"Suninen odpada na przed ostatnim odcinku.\"},\"previousItem\":{\"@type\":\"ListItem\",\"@id\":\"https:\\\/\\\/www.worldrally.eu#listItem\",\"name\":\"Home\"}},{\"@type\":\"ListItem\",\"@id\":\"https:\\\/\\\/www.worldrally.eu\\\/index.php\\\/2023\\\/10\\\/01\\\/suninen-odpada-na-przed-ostatnim-odcinku\\\/#listItem\",\"position\":3,\"name\":\"Suninen odpada na przed ostatnim odcinku.\",\"previousItem\":{\"@type\":\"ListItem\",\"@id\":\"https:\\\/\\\/www.worldrally.eu\\\/index.php\\\/category\\\/wrc\\\/#listItem\",\"name\":\"WRC\"}}]},{\"@type\":\"Organization\",\"@id\":\"https:\\\/\\\/www.worldrally.eu\\\/#organization\",\"name\":\"WorldRally.eu\",\"url\":\"https:\\\/\\\/www.worldrally.eu\\\/\",\"logo\":{\"@type\":\"ImageObject\",\"url\":\"https:\\\/\\\/www.worldrally.eu\\\/wp-content\\\/uploads\\\/2026\\\/01\\\/cropped-logo-3.png\",\"@id\":\"https:\\\/\\\/www.worldrally.eu\\\/index.php\\\/2023\\\/10\\\/01\\\/suninen-odpada-na-przed-ostatnim-odcinku\\\/#organizationLogo\",\"width\":2039,\"height\":756},\"image\":{\"@id\":\"https:\\\/\\\/www.worldrally.eu\\\/index.php\\\/2023\\\/10\\\/01\\\/suninen-odpada-na-przed-ostatnim-odcinku\\\/#organizationLogo\"}},{\"@type\":\"Person\",\"@id\":\"https:\\\/\\\/www.worldrally.eu\\\/index.php\\\/author\\\/admin\\\/#author\",\"url\":\"https:\\\/\\\/www.worldrally.eu\\\/index.php\\\/author\\\/admin\\\/\",\"name\":\"Junior\",\"image\":{\"@type\":\"ImageObject\",\"@id\":\"https:\\\/\\\/www.worldrally.eu\\\/index.php\\\/2023\\\/10\\\/01\\\/suninen-odpada-na-przed-ostatnim-odcinku\\\/#authorImage\",\"url\":\"https:\\\/\\\/secure.gravatar.com\\\/avatar\\\/5bd369ac0447285dc20b588693ca1756d0179a7f957258050a42a968bf3b9d0a?s=96&d=mm&r=g\",\"width\":96,\"height\":96,\"caption\":\"Junior\"}},{\"@type\":\"WebPage\",\"@id\":\"https:\\\/\\\/www.worldrally.eu\\\/index.php\\\/2023\\\/10\\\/01\\\/suninen-odpada-na-przed-ostatnim-odcinku\\\/#webpage\",\"url\":\"https:\\\/\\\/www.worldrally.eu\\\/index.php\\\/2023\\\/10\\\/01\\\/suninen-odpada-na-przed-ostatnim-odcinku\\\/\",\"name\":\"Suninen odpada na przed ostatnim odcinku. \\u00bb WorldRally.eu\",\"description\":\"Teemu Suninen by\\u0142 na drugim miejscu w Rajdzie Chile maj\\u0105c bezpieczn\\u0105 przewag\\u0119 prawie jednej minuty nad koleg\\u0105 zespo\\u0142owym Neuvillem do momentu gdy na OS15 uderzy\\u0142 w pie\\u0144 drzewa uszkadzaj\\u0105c przednie zawieszenie co spowodowa\\u0142o wypadni\\u0119cie z drogi. Jeszcze przed rozpocz\\u0119ciem ostatniej niedzielnej p\\u0119tli pojawia\\u0142y si\\u0119 dyskusje czy zesp\\u00f3\\u0142 Hyundaia poprosi Fina o rezygnacje z drugiego miejsca\",\"inLanguage\":\"en-GB\",\"isPartOf\":{\"@id\":\"https:\\\/\\\/www.worldrally.eu\\\/#website\"},\"breadcrumb\":{\"@id\":\"https:\\\/\\\/www.worldrally.eu\\\/index.php\\\/2023\\\/10\\\/01\\\/suninen-odpada-na-przed-ostatnim-odcinku\\\/#breadcrumblist\"},\"author\":{\"@id\":\"https:\\\/\\\/www.worldrally.eu\\\/index.php\\\/author\\\/admin\\\/#author\"},\"creator\":{\"@id\":\"https:\\\/\\\/www.worldrally.eu\\\/index.php\\\/author\\\/admin\\\/#author\"},\"image\":{\"@type\":\"ImageObject\",\"url\":\"https:\\\/\\\/www.worldrally.eu\\\/wp-content\\\/uploads\\\/2023\\\/10\\\/teemu-1.jpg\",\"@id\":\"https:\\\/\\\/www.worldrally.eu\\\/index.php\\\/2023\\\/10\\\/01\\\/suninen-odpada-na-przed-ostatnim-odcinku\\\/#mainImage\",\"width\":2048,\"height\":1365,\"caption\":\"2023 FIA World Rally Championship\\nRound 11, Rally Chile\\n27 September - 01 October 2023\\n\\nTeemu Suninen, Mikko Markkula, Hyundai i20 N Rally1 Hybrid\\n\\nPhotographer: Dufour Fabien\\nWorldwide copyright: Hyundai Motorsport GmbH\"},\"primaryImageOfPage\":{\"@id\":\"https:\\\/\\\/www.worldrally.eu\\\/index.php\\\/2023\\\/10\\\/01\\\/suninen-odpada-na-przed-ostatnim-odcinku\\\/#mainImage\"},\"datePublished\":\"2023-10-01T17:24:00+00:00\",\"dateModified\":\"2023-10-02T10:45:59+00:00\"},{\"@type\":\"WebSite\",\"@id\":\"https:\\\/\\\/www.worldrally.eu\\\/#website\",\"url\":\"https:\\\/\\\/www.worldrally.eu\\\/\",\"name\":\"WorldRally.eu\",\"inLanguage\":\"en-GB\",\"publisher\":{\"@id\":\"https:\\\/\\\/www.worldrally.eu\\\/#organization\"}}]}\n\t\t<\/script>\n\t\t<!-- All in One SEO -->\n\n","aioseo_head_json":{"title":"Suninen odpada na przed ostatnim odcinku. \u00bb WorldRally.eu","description":"Teemu Suninen by\u0142 na drugim miejscu w Rajdzie Chile maj\u0105c bezpieczn\u0105 przewag\u0119 prawie jednej minuty nad koleg\u0105 zespo\u0142owym Neuvillem do momentu gdy na OS15 uderzy\u0142 w pie\u0144 drzewa uszkadzaj\u0105c przednie zawieszenie co spowodowa\u0142o wypadni\u0119cie z drogi. Jeszcze przed rozpocz\u0119ciem ostatniej niedzielnej p\u0119tli pojawia\u0142y si\u0119 dyskusje czy zesp\u00f3\u0142 Hyundaia poprosi Fina o rezygnacje z drugiego miejsca","canonical_url":"https:\/\/www.worldrally.eu\/index.php\/2023\/10\/01\/suninen-odpada-na-przed-ostatnim-odcinku\/","robots":"max-image-preview:large","keywords":"","webmasterTools":{"miscellaneous":""},"schema":{"@context":"https:\/\/schema.org","@graph":[{"@type":"BlogPosting","@id":"https:\/\/www.worldrally.eu\/index.php\/2023\/10\/01\/suninen-odpada-na-przed-ostatnim-odcinku\/#blogposting","name":"Suninen odpada na przed ostatnim odcinku. \u00bb WorldRally.eu","headline":"Suninen odpada na przed ostatnim odcinku.","author":{"@id":"https:\/\/www.worldrally.eu\/index.php\/author\/admin\/#author"},"publisher":{"@id":"https:\/\/www.worldrally.eu\/#organization"},"image":{"@type":"ImageObject","url":"https:\/\/www.worldrally.eu\/wp-content\/uploads\/2023\/10\/teemu-1.jpg","width":2048,"height":1365,"caption":"2023 FIA World Rally Championship\nRound 11, Rally Chile\n27 September - 01 October 2023\n\nTeemu Suninen, Mikko Markkula, Hyundai i20 N Rally1 Hybrid\n\nPhotographer: Dufour Fabien\nWorldwide copyright: Hyundai Motorsport GmbH"},"datePublished":"2023-10-01T17:24:00+00:00","dateModified":"2023-10-02T10:45:59+00:00","inLanguage":"en-GB","mainEntityOfPage":{"@id":"https:\/\/www.worldrally.eu\/index.php\/2023\/10\/01\/suninen-odpada-na-przed-ostatnim-odcinku\/#webpage"},"isPartOf":{"@id":"https:\/\/www.worldrally.eu\/index.php\/2023\/10\/01\/suninen-odpada-na-przed-ostatnim-odcinku\/#webpage"},"articleSection":"WRC"},{"@type":"BreadcrumbList","@id":"https:\/\/www.worldrally.eu\/index.php\/2023\/10\/01\/suninen-odpada-na-przed-ostatnim-odcinku\/#breadcrumblist","itemListElement":[{"@type":"ListItem","@id":"https:\/\/www.worldrally.eu#listItem","position":1,"name":"Home","item":"https:\/\/www.worldrally.eu","nextItem":{"@type":"ListItem","@id":"https:\/\/www.worldrally.eu\/index.php\/category\/wrc\/#listItem","name":"WRC"}},{"@type":"ListItem","@id":"https:\/\/www.worldrally.eu\/index.php\/category\/wrc\/#listItem","position":2,"name":"WRC","item":"https:\/\/www.worldrally.eu\/index.php\/category\/wrc\/","nextItem":{"@type":"ListItem","@id":"https:\/\/www.worldrally.eu\/index.php\/2023\/10\/01\/suninen-odpada-na-przed-ostatnim-odcinku\/#listItem","name":"Suninen odpada na przed ostatnim odcinku."},"previousItem":{"@type":"ListItem","@id":"https:\/\/www.worldrally.eu#listItem","name":"Home"}},{"@type":"ListItem","@id":"https:\/\/www.worldrally.eu\/index.php\/2023\/10\/01\/suninen-odpada-na-przed-ostatnim-odcinku\/#listItem","position":3,"name":"Suninen odpada na przed ostatnim odcinku.","previousItem":{"@type":"ListItem","@id":"https:\/\/www.worldrally.eu\/index.php\/category\/wrc\/#listItem","name":"WRC"}}]},{"@type":"Organization","@id":"https:\/\/www.worldrally.eu\/#organization","name":"WorldRally.eu","url":"https:\/\/www.worldrally.eu\/","logo":{"@type":"ImageObject","url":"https:\/\/www.worldrally.eu\/wp-content\/uploads\/2026\/01\/cropped-logo-3.png","@id":"https:\/\/www.worldrally.eu\/index.php\/2023\/10\/01\/suninen-odpada-na-przed-ostatnim-odcinku\/#organizationLogo","width":2039,"height":756},"image":{"@id":"https:\/\/www.worldrally.eu\/index.php\/2023\/10\/01\/suninen-odpada-na-przed-ostatnim-odcinku\/#organizationLogo"}},{"@type":"Person","@id":"https:\/\/www.worldrally.eu\/index.php\/author\/admin\/#author","url":"https:\/\/www.worldrally.eu\/index.php\/author\/admin\/","name":"Junior","image":{"@type":"ImageObject","@id":"https:\/\/www.worldrally.eu\/index.php\/2023\/10\/01\/suninen-odpada-na-przed-ostatnim-odcinku\/#authorImage","url":"https:\/\/secure.gravatar.com\/avatar\/5bd369ac0447285dc20b588693ca1756d0179a7f957258050a42a968bf3b9d0a?s=96&d=mm&r=g","width":96,"height":96,"caption":"Junior"}},{"@type":"WebPage","@id":"https:\/\/www.worldrally.eu\/index.php\/2023\/10\/01\/suninen-odpada-na-przed-ostatnim-odcinku\/#webpage","url":"https:\/\/www.worldrally.eu\/index.php\/2023\/10\/01\/suninen-odpada-na-przed-ostatnim-odcinku\/","name":"Suninen odpada na przed ostatnim odcinku. \u00bb WorldRally.eu","description":"Teemu Suninen by\u0142 na drugim miejscu w Rajdzie Chile maj\u0105c bezpieczn\u0105 przewag\u0119 prawie jednej minuty nad koleg\u0105 zespo\u0142owym Neuvillem do momentu gdy na OS15 uderzy\u0142 w pie\u0144 drzewa uszkadzaj\u0105c przednie zawieszenie co spowodowa\u0142o wypadni\u0119cie z drogi. Jeszcze przed rozpocz\u0119ciem ostatniej niedzielnej p\u0119tli pojawia\u0142y si\u0119 dyskusje czy zesp\u00f3\u0142 Hyundaia poprosi Fina o rezygnacje z drugiego miejsca","inLanguage":"en-GB","isPartOf":{"@id":"https:\/\/www.worldrally.eu\/#website"},"breadcrumb":{"@id":"https:\/\/www.worldrally.eu\/index.php\/2023\/10\/01\/suninen-odpada-na-przed-ostatnim-odcinku\/#breadcrumblist"},"author":{"@id":"https:\/\/www.worldrally.eu\/index.php\/author\/admin\/#author"},"creator":{"@id":"https:\/\/www.worldrally.eu\/index.php\/author\/admin\/#author"},"image":{"@type":"ImageObject","url":"https:\/\/www.worldrally.eu\/wp-content\/uploads\/2023\/10\/teemu-1.jpg","@id":"https:\/\/www.worldrally.eu\/index.php\/2023\/10\/01\/suninen-odpada-na-przed-ostatnim-odcinku\/#mainImage","width":2048,"height":1365,"caption":"2023 FIA World Rally Championship\nRound 11, Rally Chile\n27 September - 01 October 2023\n\nTeemu Suninen, Mikko Markkula, Hyundai i20 N Rally1 Hybrid\n\nPhotographer: Dufour Fabien\nWorldwide copyright: Hyundai Motorsport GmbH"},"primaryImageOfPage":{"@id":"https:\/\/www.worldrally.eu\/index.php\/2023\/10\/01\/suninen-odpada-na-przed-ostatnim-odcinku\/#mainImage"},"datePublished":"2023-10-01T17:24:00+00:00","dateModified":"2023-10-02T10:45:59+00:00"},{"@type":"WebSite","@id":"https:\/\/www.worldrally.eu\/#website","url":"https:\/\/www.worldrally.eu\/","name":"WorldRally.eu","inLanguage":"en-GB","publisher":{"@id":"https:\/\/www.worldrally.eu\/#organization"}}]},"og:locale":"en_GB","og:site_name":"WorldRally.eu \u00bb","og:type":"article","og:title":"Suninen odpada na przed ostatnim odcinku. \u00bb WorldRally.eu","og:description":"Teemu Suninen by\u0142 na drugim miejscu w Rajdzie Chile maj\u0105c bezpieczn\u0105 przewag\u0119 prawie jednej minuty nad koleg\u0105 zespo\u0142owym Neuvillem do momentu gdy na OS15 uderzy\u0142 w pie\u0144 drzewa uszkadzaj\u0105c przednie zawieszenie co spowodowa\u0142o wypadni\u0119cie z drogi. Jeszcze przed rozpocz\u0119ciem ostatniej niedzielnej p\u0119tli pojawia\u0142y si\u0119 dyskusje czy zesp\u00f3\u0142 Hyundaia poprosi Fina o rezygnacje z drugiego miejsca","og:url":"https:\/\/www.worldrally.eu\/index.php\/2023\/10\/01\/suninen-odpada-na-przed-ostatnim-odcinku\/","og:image":"https:\/\/www.worldrally.eu\/wp-content\/uploads\/2023\/10\/teemu-1.jpg","og:image:secure_url":"https:\/\/www.worldrally.eu\/wp-content\/uploads\/2023\/10\/teemu-1.jpg","og:image:width":2048,"og:image:height":1365,"article:published_time":"2023-10-01T17:24:00+00:00","article:modified_time":"2023-10-02T10:45:59+00:00","twitter:card":"summary_large_image","twitter:title":"Suninen odpada na przed ostatnim odcinku. \u00bb WorldRally.eu","twitter:description":"Teemu Suninen by\u0142 na drugim miejscu w Rajdzie Chile maj\u0105c bezpieczn\u0105 przewag\u0119 prawie jednej minuty nad koleg\u0105 zespo\u0142owym Neuvillem do momentu gdy na OS15 uderzy\u0142 w pie\u0144 drzewa uszkadzaj\u0105c przednie zawieszenie co spowodowa\u0142o wypadni\u0119cie z drogi. Jeszcze przed rozpocz\u0119ciem ostatniej niedzielnej p\u0119tli pojawia\u0142y si\u0119 dyskusje czy zesp\u00f3\u0142 Hyundaia poprosi Fina o rezygnacje z drugiego miejsca","twitter:image":"https:\/\/www.worldrally.eu\/wp-content\/uploads\/2023\/10\/teemu-1.jpg"},"aioseo_meta_data":{"post_id":"2053","title":null,"description":null,"keywords":null,"keyphrases":null,"primary_term":null,"canonical_url":null,"og_title":null,"og_description":null,"og_object_type":"default","og_image_type":"default","og_image_url":null,"og_image_width":null,"og_image_height":null,"og_image_custom_url":null,"og_image_custom_fields":null,"og_video":null,"og_custom_url":null,"og_article_section":null,"og_article_tags":null,"twitter_use_og":false,"twitter_card":"default","twitter_image_type":"default","twitter_image_url":null,"twitter_image_custom_url":null,"twitter_image_custom_fields":null,"twitter_title":null,"twitter_description":null,"schema":{"blockGraphs":[],"customGraphs":[],"default":{"data":{"Article":[],"Course":[],"Dataset":[],"FAQPage":[],"Movie":[],"Person":[],"Product":[],"ProductReview":[],"Car":[],"Recipe":[],"Service":[],"SoftwareApplication":[],"WebPage":[]},"graphName":"","isEnabled":true},"graphs":[]},"schema_type":"default","schema_type_options":null,"pillar_content":false,"robots_default":true,"robots_noindex":false,"robots_noarchive":false,"robots_nosnippet":false,"robots_nofollow":false,"robots_noimageindex":false,"robots_noodp":false,"robots_notranslate":false,"robots_max_snippet":null,"robots_max_videopreview":null,"robots_max_imagepreview":"large","priority":null,"frequency":null,"local_seo":null,"breadcrumb_settings":null,"limit_modified_date":false,"ai":null,"created":"2025-03-22 06:27:09","updated":"2025-10-26 11:57:34","seo_analyzer_scan_date":null},"aioseo_breadcrumb":"<div class=\"aioseo-breadcrumbs\"><span class=\"aioseo-breadcrumb\">\n\t\t\t<a href=\"https:\/\/www.worldrally.eu\" title=\"Home\">Home<\/a>\n\t\t<\/span><span class=\"aioseo-breadcrumb-separator\">&raquo;<\/span><span class=\"aioseo-breadcrumb\">\n\t\t\t<a href=\"https:\/\/www.worldrally.eu\/index.php\/category\/wrc\/\" title=\"WRC\">WRC<\/a>\n\t\t<\/span><span class=\"aioseo-breadcrumb-separator\">&raquo;<\/span><span class=\"aioseo-breadcrumb\">\n\t\t\tSuninen odpada na przed ostatnim odcinku.\n\t\t<\/span><\/div>","aioseo_breadcrumb_json":[{"label":"Home","link":"https:\/\/www.worldrally.eu"},{"label":"WRC","link":"https:\/\/www.worldrally.eu\/index.php\/category\/wrc\/"},{"label":"Suninen odpada na przed ostatnim odcinku.","link":"https:\/\/www.worldrally.eu\/index.php\/2023\/10\/01\/suninen-odpada-na-przed-ostatnim-odcinku\/"}],"cc_featured_image_caption":{"caption_text":"Foto - Suninen FB","source_text":"","source_url":""},"_links":{"self":[{"href":"https:\/\/www.worldrally.eu\/index.php\/wp-json\/wp\/v2\/posts\/2053","targetHints":{"allow":["GET"]}}],"collection":[{"href":"https:\/\/www.worldrally.eu\/index.php\/wp-json\/wp\/v2\/posts"}],"about":[{"href":"https:\/\/www.worldrally.eu\/index.php\/wp-json\/wp\/v2\/types\/post"}],"author":[{"embeddable":true,"href":"https:\/\/www.worldrally.eu\/index.php\/wp-json\/wp\/v2\/users\/1"}],"replies":[{"embeddable":true,"href":"https:\/\/www.worldrally.eu\/index.php\/wp-json\/wp\/v2\/comments?post=2053"}],"version-history":[{"count":1,"href":"https:\/\/www.worldrally.eu\/index.php\/wp-json\/wp\/v2\/posts\/2053\/revisions"}],"predecessor-version":[{"id":2056,"href":"https:\/\/www.worldrally.eu\/index.php\/wp-json\/wp\/v2\/posts\/2053\/revisions\/2056"}],"wp:featuredmedia":[{"embeddable":true,"href":"https:\/\/www.worldrally.eu\/index.php\/wp-json\/wp\/v2\/media\/2054"}],"wp:attachment":[{"href":"https:\/\/www.worldrally.eu\/index.php\/wp-json\/wp\/v2\/media?parent=2053"}],"wp:term":[{"taxonomy":"category","embeddable":true,"href":"https:\/\/www.worldrally.eu\/index.php\/wp-json\/wp\/v2\/categories?post=2053"},{"taxonomy":"post_tag","embeddable":true,"href":"https:\/\/www.worldrally.eu\/index.php\/wp-json\/wp\/v2\/tags?post=2053"}],"curies":[{"name":"wp","href":"https:\/\/api.w.org\/{rel}","templated":true}]}}