{"id":2020,"date":"2023-09-28T21:23:13","date_gmt":"2023-09-28T21:23:13","guid":{"rendered":"https:\/\/www.worldrally.eu\/?p=2020"},"modified":"2023-09-28T21:23:14","modified_gmt":"2023-09-28T21:23:14","slug":"4-rally-hungary-2023-lista-startowa","status":"publish","type":"post","link":"https:\/\/www.worldrally.eu\/index.php\/2023\/09\/28\/4-rally-hungary-2023-lista-startowa\/","title":{"rendered":"4. Rally Hungary 2023 &#8211; lista startowa"},"content":{"rendered":"\n<p>36 aut stanie na linii startowej do ostatniej rundy Rajdowych Mistrzostw Europy, kt\u00f3ra odb\u0119dzie si\u0119 na W\u0119grzech w dniach 6-8 pa\u017adziernika. W \u015br\u00f3d gwiazd zobaczymy mi\u0119dzy innymi takie nazwiska jak, Yoann Bonato, Efr\u00e9n Llarena, Miko Marczyk, Mads \u00d8stberg, M\u0101rti\u1e47\u0161 Sesks i Frigyes Tur\u00e1n a tak\u017ce innych znanych kierowc\u00f3w, kt\u00f3rzy b\u0119d\u0105 walczy\u0107 o stopnie na podium.<\/p>\n\n\n\n<p>Mistrz W\u0119gier Ferenz Vincze, Mathieu Franceschi, Erik Cais i Filip Mare\u0161, a tak\u017ce bohater gospodarzy Mikl\u00f3s Csom\u00f3s, kt\u00f3ry zdoby\u0142 prze\u0142omowe podium ERC podczas zesz\u0142omiesi\u0119cznego Rajdu Barum Czech Rally Zlin<\/p>\n\n\n\n<figure class=\"wp-block-image size-large\"><img fetchpriority=\"high\" decoding=\"async\" width=\"1024\" height=\"683\" src=\"http:\/\/www.worldrally.eu\/wp-content\/uploads\/2023\/09\/Photo-Adam-Owczarek-__PhotoMS.se_Barum-Czech-Rally-Zlin-2023_Day-2_-3-1024x683.jpg\" alt=\"\" class=\"wp-image-2008\" srcset=\"https:\/\/www.worldrally.eu\/wp-content\/uploads\/2023\/09\/Photo-Adam-Owczarek-__PhotoMS.se_Barum-Czech-Rally-Zlin-2023_Day-2_-3-1024x683.jpg 1024w, https:\/\/www.worldrally.eu\/wp-content\/uploads\/2023\/09\/Photo-Adam-Owczarek-__PhotoMS.se_Barum-Czech-Rally-Zlin-2023_Day-2_-3-300x200.jpg 300w, https:\/\/www.worldrally.eu\/wp-content\/uploads\/2023\/09\/Photo-Adam-Owczarek-__PhotoMS.se_Barum-Czech-Rally-Zlin-2023_Day-2_-3-768x512.jpg 768w, https:\/\/www.worldrally.eu\/wp-content\/uploads\/2023\/09\/Photo-Adam-Owczarek-__PhotoMS.se_Barum-Czech-Rally-Zlin-2023_Day-2_-3-1536x1024.jpg 1536w, https:\/\/www.worldrally.eu\/wp-content\/uploads\/2023\/09\/Photo-Adam-Owczarek-__PhotoMS.se_Barum-Czech-Rally-Zlin-2023_Day-2_-3-446x297.jpg 446w, https:\/\/www.worldrally.eu\/wp-content\/uploads\/2023\/09\/Photo-Adam-Owczarek-__PhotoMS.se_Barum-Czech-Rally-Zlin-2023_Day-2_-3.jpg 1620w\" sizes=\"(max-width: 1024px) 100vw, 1024px\" \/><\/figure>\n\n\n\n<p>Foto &#8211; PhotoMS<\/p>\n\n\n\n<p>Pe\u0142na lista wszystkich za\u0142\u00f3g znajduje si\u0119 <a href=\"https:\/\/www.ewrc-results.com\/entries\/79799-rally-hungary-2023\/\" data-type=\"URL\" data-id=\"https:\/\/www.ewrc-results.com\/entries\/79799-rally-hungary-2023\/\" target=\"_blank\" rel=\"noreferrer noopener\">TUTAJ<\/a><\/p>\n\n\n\n<p><\/p>\n","protected":false},"excerpt":{"rendered":"<p>36 aut stanie na linii startowej do ostatniej rundy Rajdowych Mistrzostw Europy, kt\u00f3ra odb\u0119dzie si\u0119 na W\u0119grzech w dniach 6-8 pa\u017adziernika. W \u015br\u00f3d gwiazd zobaczymy mi\u0119dzy innymi takie nazwiska jak, Yoann Bonato, Efr\u00e9n Llarena, Miko Marczyk, Mads \u00d8stberg, M\u0101rti\u1e47\u0161 Sesks i Frigyes Tur\u00e1n a tak\u017ce innych znanych kierowc\u00f3w, kt\u00f3rzy b\u0119d\u0105 walczy\u0107 o stopnie na podium. [&hellip;]<\/p>\n","protected":false},"author":1,"featured_media":1921,"comment_status":"closed","ping_status":"closed","sticky":false,"template":"","format":"standard","meta":{"footnotes":""},"categories":[4],"tags":[],"class_list":["post-2020","post","type-post","status-publish","format-standard","has-post-thumbnail","hentry","category-erc"],"aioseo_notices":[],"cc_featured_image_caption":{"caption_text":"Foto - PhotoMS","source_text":"","source_url":""},"_links":{"self":[{"href":"https:\/\/www.worldrally.eu\/index.php\/wp-json\/wp\/v2\/posts\/2020","targetHints":{"allow":["GET"]}}],"collection":[{"href":"https:\/\/www.worldrally.eu\/index.php\/wp-json\/wp\/v2\/posts"}],"about":[{"href":"https:\/\/www.worldrally.eu\/index.php\/wp-json\/wp\/v2\/types\/post"}],"author":[{"embeddable":true,"href":"https:\/\/www.worldrally.eu\/index.php\/wp-json\/wp\/v2\/users\/1"}],"replies":[{"embeddable":true,"href":"https:\/\/www.worldrally.eu\/index.php\/wp-json\/wp\/v2\/comments?post=2020"}],"version-history":[{"count":1,"href":"https:\/\/www.worldrally.eu\/index.php\/wp-json\/wp\/v2\/posts\/2020\/revisions"}],"predecessor-version":[{"id":2021,"href":"https:\/\/www.worldrally.eu\/index.php\/wp-json\/wp\/v2\/posts\/2020\/revisions\/2021"}],"wp:featuredmedia":[{"embeddable":true,"href":"https:\/\/www.worldrally.eu\/index.php\/wp-json\/wp\/v2\/media\/1921"}],"wp:attachment":[{"href":"https:\/\/www.worldrally.eu\/index.php\/wp-json\/wp\/v2\/media?parent=2020"}],"wp:term":[{"taxonomy":"category","embeddable":true,"href":"https:\/\/www.worldrally.eu\/index.php\/wp-json\/wp\/v2\/categories?post=2020"},{"taxonomy":"post_tag","embeddable":true,"href":"https:\/\/www.worldrally.eu\/index.php\/wp-json\/wp\/v2\/tags?post=2020"}],"curies":[{"name":"wp","href":"https:\/\/api.w.org\/{rel}","templated":true}]}}