{"id":1988,"date":"2023-09-14T18:52:23","date_gmt":"2023-09-14T18:52:23","guid":{"rendered":"https:\/\/www.worldrally.eu\/?p=1988"},"modified":"2023-09-14T18:52:23","modified_gmt":"2023-09-14T18:52:23","slug":"kreuter-okazuje-zadowolenie","status":"publish","type":"post","link":"https:\/\/www.worldrally.eu\/index.php\/2023\/09\/14\/kreuter-okazuje-zadowolenie\/","title":{"rendered":"Kreuter okazuje zadowolenie"},"content":{"rendered":"\n<p>Norman Kreuter po starcie w Barum Czech Rally Zl\u00edn w zesz\u0142ym miesi\u0105cu nie ukrywa, i\u017c jest zadowolony ze swoich wyst\u0119p\u00f3w w obecnym sezonie.<\/p>\n\n\n\n<p>Zawodnik ERC4 z Niemiec jest jedynym kierowc\u0105, kt\u00f3ry zdoby\u0142 punkty we wszystkich dotychczasowych startach w sezonie 2023, co sprawi\u0142o \u017ce bardzo cz\u0119sto udziela wywiad\u00f3w niejedno krotnie m\u00f3wi\u0105c.<\/p>\n\n\n\n<blockquote class=\"wp-block-quote is-layout-flow wp-block-quote-is-layout-flow\">\n<p>Jeste\u015bmy ostatni\u0105 dru\u017cyn\u0105, kt\u00f3ra stan\u0119\u0142a na podium, ale wszystko jest w doskona\u0142ej formie i jeste\u015bmy zadowoleni [ze zdobywali\u015bmy punkty w ka\u017cdym rajdzie, co by\u0142o moim celem przed rozpocz\u0119ciem sezonu]\u201d \u2013 powiedzia\u0142 Kreuter podczas ko\u0144cowego serwisu w Barum Czech Rally Zl\u00edn. \u201eUbieg\u0142y rok by\u0142 trudniejszy ze wzgl\u0119du na deszcz, tym razem nie by\u0142em na najwy\u017cszym poziomie, wi\u0119c pope\u0142nili\u015bmy kilka b\u0142\u0119d\u00f3w i musieli\u015bmy po prostu bezpiecznie sprowadzi\u0107 samoch\u00f3d do domu na koniec, nie pchaj\u0105c si\u0119. Jeste\u015bmy szcz\u0119\u015bliwi, \u017ce tu jeste\u015bmy, samoch\u00f3d spisa\u0142 si\u0119 idealnie i wszystko jest w porz\u0105dku.<\/p>\n<\/blockquote>\n\n\n\n<p>Mimo, \u017ce nie ka\u017cdy przejazd by\u0142 czysty to zawodnik nie ukrywa swoich b\u0142\u0119d\u00f3w i otwarcie o nich opowiada.<\/p>\n\n\n\n<blockquote class=\"wp-block-quote is-layout-flow wp-block-quote-is-layout-flow\">\n<p>W niedziel\u0119 zakr\u0119cili\u015bmy si\u0119 na pierwszym etapie, utkn\u0119li\u015bmy w trawie i musieli\u015bmy zosta\u0107 wypchni\u0119ci, wi\u0119c stracili\u015bmy tam 50 sekund\u201d \u2013 powiedzia\u0142 Kreuter. \u201eW sobotnie popo\u0142udnie mieli\u015bmy wielkie \u201eaha\u201d. Hamowa\u0142em przed prawym czwartym zakr\u0119tem, wszystko si\u0119 zamyka\u0142o, a my byli\u015bmy wsz\u0119dzie. Dosz\u0142o te\u017c do lekkiego dotkni\u0119cia po nawrocie [w sobotni poranek], mieli\u015bmy troch\u0119 za du\u017c\u0105 pr\u0119dko\u015b\u0107, co kosztowa\u0142o mnie du\u017co czasu. Ale ten rajd by\u0142 \u015bwietn\u0105 zabaw\u0105, by\u0142 bardzo trudny, ale bardzo zabawny.<\/p>\n<\/blockquote>\n\n\n\n<p>Do ko\u0144ca sezonu pozosta\u0142 ju\u017c tylko Rajd W\u0119gier, Kreuter na chwile obecn\u0105 zajmuje sz\u00f3st\u0105 pozycj\u0119 w klasyfikacji generalnej.<\/p>\n","protected":false},"excerpt":{"rendered":"<p>Norman Kreuter po starcie w Barum Czech Rally Zl\u00edn w zesz\u0142ym miesi\u0105cu nie ukrywa, i\u017c jest zadowolony ze swoich wyst\u0119p\u00f3w w obecnym sezonie. Zawodnik ERC4 z Niemiec jest jedynym kierowc\u0105, kt\u00f3ry zdoby\u0142 punkty we wszystkich dotychczasowych startach w sezonie 2023, co sprawi\u0142o \u017ce bardzo cz\u0119sto udziela wywiad\u00f3w niejedno krotnie m\u00f3wi\u0105c. Jeste\u015bmy ostatni\u0105 dru\u017cyn\u0105, kt\u00f3ra stan\u0119\u0142a [&hellip;]<\/p>\n","protected":false},"author":2,"featured_media":1989,"comment_status":"closed","ping_status":"closed","sticky":false,"template":"","format":"standard","meta":{"footnotes":""},"categories":[4],"tags":[],"class_list":["post-1988","post","type-post","status-publish","format-standard","has-post-thumbnail","hentry","category-erc"],"aioseo_notices":[],"cc_featured_image_caption":{"caption_text":"Foto - PhotoMS","source_text":"","source_url":""},"_links":{"self":[{"href":"https:\/\/www.worldrally.eu\/index.php\/wp-json\/wp\/v2\/posts\/1988","targetHints":{"allow":["GET"]}}],"collection":[{"href":"https:\/\/www.worldrally.eu\/index.php\/wp-json\/wp\/v2\/posts"}],"about":[{"href":"https:\/\/www.worldrally.eu\/index.php\/wp-json\/wp\/v2\/types\/post"}],"author":[{"embeddable":true,"href":"https:\/\/www.worldrally.eu\/index.php\/wp-json\/wp\/v2\/users\/2"}],"replies":[{"embeddable":true,"href":"https:\/\/www.worldrally.eu\/index.php\/wp-json\/wp\/v2\/comments?post=1988"}],"version-history":[{"count":1,"href":"https:\/\/www.worldrally.eu\/index.php\/wp-json\/wp\/v2\/posts\/1988\/revisions"}],"predecessor-version":[{"id":1990,"href":"https:\/\/www.worldrally.eu\/index.php\/wp-json\/wp\/v2\/posts\/1988\/revisions\/1990"}],"wp:featuredmedia":[{"embeddable":true,"href":"https:\/\/www.worldrally.eu\/index.php\/wp-json\/wp\/v2\/media\/1989"}],"wp:attachment":[{"href":"https:\/\/www.worldrally.eu\/index.php\/wp-json\/wp\/v2\/media?parent=1988"}],"wp:term":[{"taxonomy":"category","embeddable":true,"href":"https:\/\/www.worldrally.eu\/index.php\/wp-json\/wp\/v2\/categories?post=1988"},{"taxonomy":"post_tag","embeddable":true,"href":"https:\/\/www.worldrally.eu\/index.php\/wp-json\/wp\/v2\/tags?post=1988"}],"curies":[{"name":"wp","href":"https:\/\/api.w.org\/{rel}","templated":true}]}}