{"id":1971,"date":"2023-09-09T13:07:00","date_gmt":"2023-09-09T13:07:00","guid":{"rendered":"https:\/\/www.worldrally.eu\/?p=1971"},"modified":"2023-09-13T19:27:04","modified_gmt":"2023-09-13T19:27:04","slug":"neuville-zwieksza-przewage","status":"publish","type":"post","link":"https:\/\/www.worldrally.eu\/index.php\/2023\/09\/09\/neuville-zwieksza-przewage\/","title":{"rendered":"Neuville zwi\u0119ksza przewag\u0119."},"content":{"rendered":"\n<p class=\"wp-block-paragraph\">Thierry Neuville odzyska\u0142 prowadzenie w Rajdzie Akropolu po utracie prowadzenia na porannym odcinku specjalnym i ponownie wyprzedza Sebastiena Ogiera 10,9 sekundy i Kalle Rovenper\u00e4 o 23,7 sekundy.<\/p>\n\n\n\n<p class=\"wp-block-paragraph\">Kierowca Hyundaia jeszcze przed rozpocz\u0119ciem porannej rywalizacji mia\u0142 przewag\u0119 2,8 sekundy, jednak\u017ce pr\u00f3ba na odcinku Pavlianiego przynios\u0142a strat\u0119 7,8 sekundy do Ogiera. Belg wygra\u0142 kolejny odcinek i powr\u00f3ci\u0142 na prowadzenie uzyskuj\u0105c zaledwie 2 sekundy przewagi a nast\u0119pnie w ponownym przeje\u017adzie druga pozycja da\u0142a dodatkowe sekundy na Ogierem.<\/p>\n\n\n\n<blockquote class=\"wp-block-quote is-layout-flow wp-block-quote-is-layout-flow\">\n<p class=\"wp-block-paragraph\">Mieli\u015bmy dobry etap, ale na nim zrobi\u0142o si\u0119 zbyt ci\u0119\u017cko. Nie jestem pewien, czy drugie przej\u015bcie b\u0119dzie mo\u017cliwe. W zesz\u0142ym roku drugie przej\u015bcie zosta\u0142o zniszczone, ale w tym roku b\u0119dzie to inny poziom, wi\u0119c musimy na to uwa\u017ca\u0107.<\/p>\n<cite>powiedzia\u0142 Neuville<\/cite><\/blockquote>\n\n\n\n<figure class=\"wp-block-image size-large\"><img fetchpriority=\"high\" decoding=\"async\" width=\"1024\" height=\"683\" src=\"https:\/\/www.worldrally.eu\/wp-content\/uploads\/2023\/09\/Ogier-SS9-1024x683.jpg\" alt=\"\" class=\"wp-image-1973\" srcset=\"https:\/\/www.worldrally.eu\/wp-content\/uploads\/2023\/09\/Ogier-SS9-1024x683.jpg 1024w, https:\/\/www.worldrally.eu\/wp-content\/uploads\/2023\/09\/Ogier-SS9-300x200.jpg 300w, https:\/\/www.worldrally.eu\/wp-content\/uploads\/2023\/09\/Ogier-SS9-768x512.jpg 768w, https:\/\/www.worldrally.eu\/wp-content\/uploads\/2023\/09\/Ogier-SS9-446x297.jpg 446w, https:\/\/www.worldrally.eu\/wp-content\/uploads\/2023\/09\/Ogier-SS9.jpg 1200w\" sizes=\"(max-width: 1024px) 100vw, 1024px\" \/><figcaption class=\"wp-element-caption\">Foto &#8211; Ogier FB<\/figcaption><\/figure>\n\n\n\n<p class=\"wp-block-paragraph\">Obro\u0144ca tytu\u0142u Rovanper\u00e4 odzyskiwa\u0142 pewno\u015b\u0107 prowadzenia auta co by\u0142o widoczne w wynikach po tym jak wygra\u0142 ostatni przedpo\u0142udniowy odcinek.<\/p>\n\n\n\n<blockquote class=\"wp-block-quote is-layout-flow wp-block-quote-is-layout-flow\">\n<p class=\"wp-block-paragraph\">Od razu, gdy droga nie jest ca\u0142kowicie sucha, jazda sprawia mi du\u017co wi\u0119ksz\u0105 przyjemno\u015b\u0107. Samoch\u00f3d po prostu lepiej spisuje si\u0119 na mi\u0119kkich oponach i w takim stanie, jak na moj\u0105 jazd\u0119<\/p>\n<cite>powiedzia\u0142 Rovanper\u00e4<\/cite><\/blockquote>\n\n\n\n<p class=\"wp-block-paragraph\">Dani Sordo z Hyundaia awansowa\u0142 na pi\u0105te miejsce po tym, jak jego kolega z zespo\u0142u, Esapekka Lappi, zatrzyma\u0142 si\u0119 z powodu przebicia opony i straci\u0142 dwie minuty.<\/p>\n\n\n\n<blockquote class=\"wp-block-quote is-layout-flow wp-block-quote-is-layout-flow\">\n<p class=\"wp-block-paragraph\">By\u0142 tam ogromny kamie\u0144. Na szcz\u0119\u015bcie to tylko przebicie. To znaczy, by\u0142 taki du\u017cy\u2026<\/p>\n<cite>powiedzia\u0142 Lappi<\/cite><\/blockquote>\n\n\n\n<figure class=\"wp-block-image size-large\"><img decoding=\"async\" width=\"1024\" height=\"683\" src=\"https:\/\/www.worldrally.eu\/wp-content\/uploads\/2023\/09\/Kalle-SS9-1024x683.jpg\" alt=\"\" class=\"wp-image-1974\" srcset=\"https:\/\/www.worldrally.eu\/wp-content\/uploads\/2023\/09\/Kalle-SS9-1024x683.jpg 1024w, https:\/\/www.worldrally.eu\/wp-content\/uploads\/2023\/09\/Kalle-SS9-300x200.jpg 300w, https:\/\/www.worldrally.eu\/wp-content\/uploads\/2023\/09\/Kalle-SS9-768x512.jpg 768w, https:\/\/www.worldrally.eu\/wp-content\/uploads\/2023\/09\/Kalle-SS9-1536x1025.jpg 1536w, https:\/\/www.worldrally.eu\/wp-content\/uploads\/2023\/09\/Kalle-SS9-446x297.jpg 446w, https:\/\/www.worldrally.eu\/wp-content\/uploads\/2023\/09\/Kalle-SS9.jpg 2048w\" sizes=\"(max-width: 1024px) 100vw, 1024px\" \/><figcaption class=\"wp-element-caption\">2023 FIA World Rally Championship \/ Round 10 \/ Acropolis Rally Greece 2023 \/ 7th-10th September 2023 \/\/ Worldwide Copyright: McKlein<\/figcaption><\/figure>\n\n\n\n<p class=\"wp-block-paragraph\">Wyniki po SS9<\/p>\n\n\n\n<figure class=\"wp-block-table\"><table><tbody><tr><td>1.<\/td><td><img decoding=\"async\" src=\"https:\/\/www.ewrc-results.com\/images\/flags2\/belgium.png\" alt=\"flag\"><br>#11<\/td><td><img decoding=\"async\" src=\"https:\/\/www.ewrc-results.com\/images\/icon\/hyundai2.png\" alt=\"logo\"> <a href=\"https:\/\/www.ewrc-results.com\/entryinfo\/80243-eko-acropolis-rally-greece-2023\/3793767\/\">Neuville Thierry &#8211; Wydaeghe M.<\/a><br>Hyundai i20 N Rally1 <img decoding=\"async\" src=\"https:\/\/www.ewrc-results.com\/images\/tyres\/pirelli_red.png\" alt=\"tyre\"><\/td><td>RC1<br>M<\/td><td>1:42:58.4<br><\/td><td><\/td><td>92.5<\/td><\/tr><tr><td>2.<\/td><td><img decoding=\"async\" src=\"https:\/\/www.ewrc-results.com\/images\/flags2\/france.png\" alt=\"flag\"><br>#17<\/td><td><img decoding=\"async\" src=\"https:\/\/www.ewrc-results.com\/images\/icon\/toyota2019.png\" alt=\"logo\"> <a href=\"https:\/\/www.ewrc-results.com\/entryinfo\/80243-eko-acropolis-rally-greece-2023\/3793768\/\">Ogier S\u00e9bastien &#8211; Landais V.<\/a><br>Toyota GR Yaris Rally1 <img decoding=\"async\" src=\"https:\/\/www.ewrc-results.com\/images\/tyres\/pirelli_red.png\" alt=\"tyre\"><\/td><td>RC1<br>M<\/td><td>1:43:09.3<br><\/td><td>+10.9<br>+10.9<\/td><td>92.3<br>0.07<\/td><\/tr><tr><td>3.<\/td><td><img decoding=\"async\" src=\"https:\/\/www.ewrc-results.com\/images\/flags2\/finland.png\" alt=\"flag\"><br>#69<\/td><td><img decoding=\"async\" src=\"https:\/\/www.ewrc-results.com\/images\/icon\/toyota2019.png\" alt=\"logo\"> <a href=\"https:\/\/www.ewrc-results.com\/entryinfo\/80243-eko-acropolis-rally-greece-2023\/3793763\/\">Rovanper\u00e4 Kalle &#8211; Halttunen J.<\/a><br>Toyota GR Yaris Rally1 <img decoding=\"async\" src=\"https:\/\/www.ewrc-results.com\/images\/tyres\/pirelli_red.png\" alt=\"tyre\"><\/td><td>RC1<br>M<\/td><td>1:43:22.1<br><\/td><td>+23.7<br>+12.8<\/td><td>92.2<br>0.15<\/td><\/tr><tr><td>4.<br>+1<\/td><td><img decoding=\"async\" src=\"https:\/\/www.ewrc-results.com\/images\/flags2\/spain.png\" alt=\"flag\"><br>#6<\/td><td><img decoding=\"async\" src=\"https:\/\/www.ewrc-results.com\/images\/icon\/hyundai2.png\" alt=\"logo\"> <a href=\"https:\/\/www.ewrc-results.com\/entryinfo\/80243-eko-acropolis-rally-greece-2023\/3793769\/\">Sordo Dani &#8211; Carrera C\u00e1ndido<\/a><br>Hyundai i20 N Rally1 <img decoding=\"async\" src=\"https:\/\/www.ewrc-results.com\/images\/tyres\/pirelli_red.png\" alt=\"tyre\"><\/td><td>RC1<br>M<\/td><td>1:44:46.4<br><\/td><td>+1:48.0<br>+1:24.3<\/td><td>90.9<br>0.68<\/td><\/tr><tr><td>5.<br>\u22121<\/td><td><img decoding=\"async\" src=\"https:\/\/www.ewrc-results.com\/images\/flags2\/uk.png\" alt=\"flag\"><br>#33<\/td><td><img decoding=\"async\" src=\"https:\/\/www.ewrc-results.com\/images\/icon\/toyota2019.png\" alt=\"logo\"> <a href=\"https:\/\/www.ewrc-results.com\/entryinfo\/80243-eko-acropolis-rally-greece-2023\/3793764\/\">Evans Elfyn &#8211; Martin Scott<\/a><br>Toyota GR Yaris Rally1 <img decoding=\"async\" src=\"https:\/\/www.ewrc-results.com\/images\/tyres\/pirelli_red.png\" alt=\"tyre\"><\/td><td>RC1<br>M<\/td><td>1:44:52.8<br><\/td><td>+1:54.4<br>+6.4<\/td><td>90.8<br>0.72<\/td><\/tr><tr><td>6.<\/td><td><img decoding=\"async\" src=\"https:\/\/www.ewrc-results.com\/images\/flags2\/japan.png\" alt=\"flag\"><br>#18<\/td><td><img decoding=\"async\" src=\"https:\/\/www.ewrc-results.com\/images\/icon\/toyota2019.png\" alt=\"logo\"> <a href=\"https:\/\/www.ewrc-results.com\/entryinfo\/80243-eko-acropolis-rally-greece-2023\/3793771\/\">Katsuta Takamoto &#8211; Johnston Aaron<\/a><br>Toyota GR Yaris Rally1 <img decoding=\"async\" src=\"https:\/\/www.ewrc-results.com\/images\/tyres\/pirelli_red.png\" alt=\"tyre\"><\/td><td>RC1<\/td><td>1:44:58.1<br><\/td><td>+1:59.7<br>+5.3<\/td><td>90.7<br>0.75<\/td><\/tr><tr><td>7.<\/td><td><img decoding=\"async\" src=\"https:\/\/www.ewrc-results.com\/images\/flags2\/finland.png\" alt=\"flag\"><br>#4<\/td><td><img decoding=\"async\" src=\"https:\/\/www.ewrc-results.com\/images\/icon\/hyundai2.png\" alt=\"logo\"> <a href=\"https:\/\/www.ewrc-results.com\/entryinfo\/80243-eko-acropolis-rally-greece-2023\/3793765\/\">Lappi Esapekka &#8211; Ferm Janne<\/a><br>Hyundai i20 N Rally1 <img decoding=\"async\" src=\"https:\/\/www.ewrc-results.com\/images\/tyres\/pirelli_red.png\" alt=\"tyre\"><\/td><td>RC1<br>M<\/td><td>1:46:50.8<br><\/td><td>+3:52.4<br>+1:52.7<\/td><td>89.2<br>1.46<\/td><\/tr><tr><td>8.<\/td><td><img decoding=\"async\" src=\"https:\/\/www.ewrc-results.com\/images\/flags2\/estonia.png\" alt=\"flag\"><br>#8<\/td><td><img decoding=\"async\" src=\"https:\/\/www.ewrc-results.com\/images\/icon\/ford.png\" alt=\"logo\"> <a href=\"https:\/\/www.ewrc-results.com\/entryinfo\/80243-eko-acropolis-rally-greece-2023\/3793766\/\">T\u00e4nak Ott &#8211; J\u00e4rveoja Martin<\/a><br>Ford Puma Rally1 <img decoding=\"async\" src=\"https:\/\/www.ewrc-results.com\/images\/tyres\/pirelli_red.png\" alt=\"tyre\"><\/td><td>RC1<br>M<\/td><td>1:47:25.3<br>3:40<\/td><td>+4:26.9<br>+34.5<\/td><td>91.8<br>1.68<\/td><\/tr><tr><td>9.<\/td><td><img decoding=\"async\" src=\"https:\/\/www.ewrc-results.com\/images\/flags2\/france.png\" alt=\"flag\"><br>#21<\/td><td><img decoding=\"async\" src=\"https:\/\/www.ewrc-results.com\/images\/icon\/citroen2009.png\" alt=\"logo\"> <a href=\"https:\/\/www.ewrc-results.com\/entryinfo\/80243-eko-acropolis-rally-greece-2023\/3795612\/\">Rossel Yohan &#8211; Dunand Arnaud<\/a><br>Citro\u00ebn C3 Rally2 <img decoding=\"async\" src=\"https:\/\/www.ewrc-results.com\/images\/tyres\/pirelli_red.png\" alt=\"tyre\"><\/td><td>RC2<\/td><td>1:49:28.2<br><\/td><td>+6:29.8<br>+2:02.9<\/td><td>87.0<br>2.46<\/td><\/tr><tr><td>10.<br>+1<\/td><td><img decoding=\"async\" src=\"https:\/\/www.ewrc-results.com\/images\/flags2\/uk.png\" alt=\"flag\"><br>#24<\/td><td><img decoding=\"async\" src=\"https:\/\/www.ewrc-results.com\/images\/icon\/skoda2023b.png\" alt=\"logo\"> <a href=\"https:\/\/www.ewrc-results.com\/entryinfo\/80243-eko-acropolis-rally-greece-2023\/3797160\/\">Greensmith Gus &#8211; Andersson Jonas<\/a><br>\u0160koda Fabia RS Rally2 <img decoding=\"async\" src=\"https:\/\/www.ewrc-results.com\/images\/tyres\/pirelli_red.png\" alt=\"tyre\"><\/td><td>RC2<\/td><td>1:49:35.8<br><\/td><td>+6:37.4<br>+7.6<\/td><td>86.9<br>2.50<\/td><\/tr><tr><td>11.<br>+2<\/td><td><img decoding=\"async\" src=\"https:\/\/www.ewrc-results.com\/images\/flags2\/finland.png\" alt=\"flag\"><br>#22<\/td><td><img decoding=\"async\" src=\"https:\/\/www.ewrc-results.com\/images\/icon\/skoda2023b.png\" alt=\"logo\"> <a href=\"https:\/\/www.ewrc-results.com\/entryinfo\/80243-eko-acropolis-rally-greece-2023\/3797159\/\">Pajari Sami &#8211; M\u00e4lk\u00f6nen Enni<\/a><br>\u0160koda Fabia RS Rally2 <img decoding=\"async\" src=\"https:\/\/www.ewrc-results.com\/images\/tyres\/pirelli_red.png\" alt=\"tyre\"><\/td><td>RC2<\/td><td>1:49:55.3<br><\/td><td>+6:56.9<br>+19.5<\/td><td>86.7<br>2.63<\/td><\/tr><tr><td>12.<br>+3<\/td><td><img decoding=\"async\" src=\"https:\/\/www.ewrc-results.com\/images\/flags2\/norway.png\" alt=\"flag\"><br>#20<\/td><td><img decoding=\"async\" src=\"https:\/\/www.ewrc-results.com\/images\/icon\/skoda2023b.png\" alt=\"logo\"> <a href=\"https:\/\/www.ewrc-results.com\/entryinfo\/80243-eko-acropolis-rally-greece-2023\/3797173\/\">Mikkelsen Andreas &#8211; Eriksen T.<\/a><br>\u0160koda Fabia RS Rally2 <img decoding=\"async\" src=\"https:\/\/www.ewrc-results.com\/images\/tyres\/pirelli_red.png\" alt=\"tyre\"><\/td><td>RC2<\/td><td>1:50:11.8<br><\/td><td>+7:13.4<br>+16.5<\/td><td>86.4<br>2.73<\/td><\/tr><tr><td>13.<br>+1<\/td><td><img decoding=\"async\" src=\"https:\/\/www.ewrc-results.com\/images\/flags2\/finland.png\" alt=\"flag\"><br>#34<\/td><td><img decoding=\"async\" src=\"https:\/\/www.ewrc-results.com\/images\/icon\/skoda2023b.png\" alt=\"logo\"> <a href=\"https:\/\/www.ewrc-results.com\/entryinfo\/80243-eko-acropolis-rally-greece-2023\/3798021\/\">Joona Lauri &#8211; Shemeikka Tuukka<\/a><br>\u0160koda Fabia RS Rally2 <img decoding=\"async\" src=\"https:\/\/www.ewrc-results.com\/images\/tyres\/pirelli_red.png\" alt=\"tyre\"><\/td><td>RC2<\/td><td>1:50:19.4<br><\/td><td>+7:21.0<br>+7.6<\/td><td>86.3<br>2.78<\/td><\/tr><tr><td>14.<br>\u22122<\/td><td><img decoding=\"async\" src=\"https:\/\/www.ewrc-results.com\/images\/flags2\/poland.png\" alt=\"flag\"><br>#25<\/td><td><img decoding=\"async\" src=\"https:\/\/www.ewrc-results.com\/images\/icon\/skoda2023b.png\" alt=\"logo\"> <a href=\"https:\/\/www.ewrc-results.com\/entryinfo\/80243-eko-acropolis-rally-greece-2023\/3797125\/\">Kajetanowicz K. &#8211; Szczepaniak M.<\/a><br>\u0160koda Fabia RS Rally2 <img decoding=\"async\" src=\"https:\/\/www.ewrc-results.com\/images\/tyres\/pirelli_red.png\" alt=\"tyre\"><\/td><td>RC2<\/td><td>1:50:25.4<br><\/td><td>+7:27.0<br>+6.0<\/td><td>86.3<br>2.82<\/td><\/tr><tr><td>15.<br>+1<\/td><td><img decoding=\"async\" src=\"https:\/\/www.ewrc-results.com\/images\/flags2\/luxembourg.png\" alt=\"flag\"><br>#32<\/td><td><img decoding=\"async\" src=\"https:\/\/www.ewrc-results.com\/images\/icon\/ford.png\" alt=\"logo\"> <a href=\"https:\/\/www.ewrc-results.com\/entryinfo\/80243-eko-acropolis-rally-greece-2023\/3797164\/\">Munster Gr\u00e9goire &#8211; Louka Louis<\/a><br>Ford Fiesta Rally2 <img decoding=\"async\" src=\"https:\/\/www.ewrc-results.com\/images\/tyres\/pirelli_red.png\" alt=\"tyre\"><\/td><td>RC2<\/td><td>1:50:43.2<br><\/td><td>+7:44.8<br>+17.8<\/td><td>86.0<br>2.93<\/td><\/tr><\/tbody><\/table><\/figure>\n","protected":false},"excerpt":{"rendered":"<p>Thierry Neuville odzyska\u0142 prowadzenie w Rajdzie Akropolu po utracie prowadzenia na porannym odcinku specjalnym i ponownie wyprzedza Sebastiena Ogiera 10,9 sekundy i Kalle Rovenper\u00e4 o 23,7 sekundy. Kierowca Hyundaia jeszcze przed rozpocz\u0119ciem porannej rywalizacji mia\u0142 przewag\u0119 2,8 sekundy, jednak\u017ce pr\u00f3ba na odcinku Pavlianiego przynios\u0142a strat\u0119 7,8 sekundy do Ogiera. Belg wygra\u0142 kolejny odcinek i powr\u00f3ci\u0142 [&hellip;]<\/p>\n","protected":false},"author":2,"featured_media":1972,"comment_status":"closed","ping_status":"closed","sticky":false,"template":"","format":"standard","meta":{"_monsterinsights_skip_tracking":false,"_monsterinsights_sitenote_active":false,"_monsterinsights_sitenote_note":"","_monsterinsights_sitenote_category":0,"footnotes":""},"categories":[3],"tags":[],"class_list":["post-1971","post","type-post","status-publish","format-standard","has-post-thumbnail","hentry","category-wrc"],"aioseo_notices":[],"aioseo_head":"\n\t\t<!-- All in One SEO 4.9.9 - aioseo.com -->\n\t<meta name=\"description\" content=\"Thierry Neuville odzyska\u0142 prowadzenie w Rajdzie Akropolu po utracie prowadzenia na porannym odcinku specjalnym i ponownie wyprzedza Sebastiena Ogiera 10,9 sekundy i Kalle Rovenper\u00e4 o 23,7 sekundy. Kierowca Hyundaia jeszcze przed rozpocz\u0119ciem porannej rywalizacji mia\u0142 przewag\u0119 2,8 sekundy, jednak\u017ce pr\u00f3ba na odcinku Pavlianiego przynios\u0142a strat\u0119 7,8 sekundy do Ogiera. Belg wygra\u0142 kolejny odcinek i powr\u00f3ci\u0142\" \/>\n\t<meta name=\"robots\" content=\"max-image-preview:large\" \/>\n\t<meta name=\"author\" content=\"Magdalena\"\/>\n\t<link rel=\"canonical\" href=\"https:\/\/www.worldrally.eu\/index.php\/2023\/09\/09\/neuville-zwieksza-przewage\/\" \/>\n\t<meta name=\"generator\" content=\"All in One SEO (AIOSEO) 4.9.9\" \/>\n\t\t<meta property=\"og:locale\" content=\"en_GB\" \/>\n\t\t<meta property=\"og:site_name\" content=\"WorldRally.eu \u00bb\" \/>\n\t\t<meta property=\"og:type\" content=\"article\" \/>\n\t\t<meta property=\"og:title\" content=\"Neuville zwi\u0119ksza przewag\u0119. \u00bb WorldRally.eu\" \/>\n\t\t<meta property=\"og:description\" content=\"Thierry Neuville odzyska\u0142 prowadzenie w Rajdzie Akropolu po utracie prowadzenia na porannym odcinku specjalnym i ponownie wyprzedza Sebastiena Ogiera 10,9 sekundy i Kalle Rovenper\u00e4 o 23,7 sekundy. Kierowca Hyundaia jeszcze przed rozpocz\u0119ciem porannej rywalizacji mia\u0142 przewag\u0119 2,8 sekundy, jednak\u017ce pr\u00f3ba na odcinku Pavlianiego przynios\u0142a strat\u0119 7,8 sekundy do Ogiera. Belg wygra\u0142 kolejny odcinek i powr\u00f3ci\u0142\" \/>\n\t\t<meta property=\"og:url\" content=\"https:\/\/www.worldrally.eu\/index.php\/2023\/09\/09\/neuville-zwieksza-przewage\/\" \/>\n\t\t<meta property=\"og:image\" content=\"https:\/\/www.worldrally.eu\/wp-content\/uploads\/2023\/09\/Neuville-SS9.jpg\" \/>\n\t\t<meta property=\"og:image:secure_url\" content=\"https:\/\/www.worldrally.eu\/wp-content\/uploads\/2023\/09\/Neuville-SS9.jpg\" \/>\n\t\t<meta property=\"og:image:width\" content=\"1280\" \/>\n\t\t<meta property=\"og:image:height\" content=\"854\" \/>\n\t\t<meta property=\"article:published_time\" content=\"2023-09-09T13:07:00+00:00\" \/>\n\t\t<meta property=\"article:modified_time\" content=\"2023-09-13T19:27:04+00:00\" \/>\n\t\t<meta name=\"twitter:card\" content=\"summary_large_image\" \/>\n\t\t<meta name=\"twitter:title\" content=\"Neuville zwi\u0119ksza przewag\u0119. \u00bb WorldRally.eu\" \/>\n\t\t<meta name=\"twitter:description\" content=\"Thierry Neuville odzyska\u0142 prowadzenie w Rajdzie Akropolu po utracie prowadzenia na porannym odcinku specjalnym i ponownie wyprzedza Sebastiena Ogiera 10,9 sekundy i Kalle Rovenper\u00e4 o 23,7 sekundy. Kierowca Hyundaia jeszcze przed rozpocz\u0119ciem porannej rywalizacji mia\u0142 przewag\u0119 2,8 sekundy, jednak\u017ce pr\u00f3ba na odcinku Pavlianiego przynios\u0142a strat\u0119 7,8 sekundy do Ogiera. Belg wygra\u0142 kolejny odcinek i powr\u00f3ci\u0142\" \/>\n\t\t<meta name=\"twitter:image\" content=\"https:\/\/www.worldrally.eu\/wp-content\/uploads\/2023\/09\/Neuville-SS9.jpg\" \/>\n\t\t<script type=\"application\/ld+json\" class=\"aioseo-schema\">\n\t\t\t{\"@context\":\"https:\\\/\\\/schema.org\",\"@graph\":[{\"@type\":\"BlogPosting\",\"@id\":\"https:\\\/\\\/www.worldrally.eu\\\/index.php\\\/2023\\\/09\\\/09\\\/neuville-zwieksza-przewage\\\/#blogposting\",\"name\":\"Neuville zwi\\u0119ksza przewag\\u0119. \\u00bb WorldRally.eu\",\"headline\":\"Neuville zwi\\u0119ksza przewag\\u0119.\",\"author\":{\"@id\":\"https:\\\/\\\/www.worldrally.eu\\\/index.php\\\/author\\\/magdalena\\\/#author\"},\"publisher\":{\"@id\":\"https:\\\/\\\/www.worldrally.eu\\\/#organization\"},\"image\":{\"@type\":\"ImageObject\",\"url\":\"https:\\\/\\\/www.worldrally.eu\\\/wp-content\\\/uploads\\\/2023\\\/09\\\/Neuville-SS9.jpg\",\"width\":1280,\"height\":854},\"datePublished\":\"2023-09-09T13:07:00+00:00\",\"dateModified\":\"2023-09-13T19:27:04+00:00\",\"inLanguage\":\"en-GB\",\"mainEntityOfPage\":{\"@id\":\"https:\\\/\\\/www.worldrally.eu\\\/index.php\\\/2023\\\/09\\\/09\\\/neuville-zwieksza-przewage\\\/#webpage\"},\"isPartOf\":{\"@id\":\"https:\\\/\\\/www.worldrally.eu\\\/index.php\\\/2023\\\/09\\\/09\\\/neuville-zwieksza-przewage\\\/#webpage\"},\"articleSection\":\"WRC\"},{\"@type\":\"BreadcrumbList\",\"@id\":\"https:\\\/\\\/www.worldrally.eu\\\/index.php\\\/2023\\\/09\\\/09\\\/neuville-zwieksza-przewage\\\/#breadcrumblist\",\"itemListElement\":[{\"@type\":\"ListItem\",\"@id\":\"https:\\\/\\\/www.worldrally.eu#listItem\",\"position\":1,\"name\":\"Home\",\"item\":\"https:\\\/\\\/www.worldrally.eu\",\"nextItem\":{\"@type\":\"ListItem\",\"@id\":\"https:\\\/\\\/www.worldrally.eu\\\/index.php\\\/category\\\/wrc\\\/#listItem\",\"name\":\"WRC\"}},{\"@type\":\"ListItem\",\"@id\":\"https:\\\/\\\/www.worldrally.eu\\\/index.php\\\/category\\\/wrc\\\/#listItem\",\"position\":2,\"name\":\"WRC\",\"item\":\"https:\\\/\\\/www.worldrally.eu\\\/index.php\\\/category\\\/wrc\\\/\",\"nextItem\":{\"@type\":\"ListItem\",\"@id\":\"https:\\\/\\\/www.worldrally.eu\\\/index.php\\\/2023\\\/09\\\/09\\\/neuville-zwieksza-przewage\\\/#listItem\",\"name\":\"Neuville zwi\\u0119ksza przewag\\u0119.\"},\"previousItem\":{\"@type\":\"ListItem\",\"@id\":\"https:\\\/\\\/www.worldrally.eu#listItem\",\"name\":\"Home\"}},{\"@type\":\"ListItem\",\"@id\":\"https:\\\/\\\/www.worldrally.eu\\\/index.php\\\/2023\\\/09\\\/09\\\/neuville-zwieksza-przewage\\\/#listItem\",\"position\":3,\"name\":\"Neuville zwi\\u0119ksza przewag\\u0119.\",\"previousItem\":{\"@type\":\"ListItem\",\"@id\":\"https:\\\/\\\/www.worldrally.eu\\\/index.php\\\/category\\\/wrc\\\/#listItem\",\"name\":\"WRC\"}}]},{\"@type\":\"Organization\",\"@id\":\"https:\\\/\\\/www.worldrally.eu\\\/#organization\",\"name\":\"WorldRally.eu\",\"url\":\"https:\\\/\\\/www.worldrally.eu\\\/\",\"logo\":{\"@type\":\"ImageObject\",\"url\":\"https:\\\/\\\/www.worldrally.eu\\\/wp-content\\\/uploads\\\/2026\\\/01\\\/cropped-logo-3.png\",\"@id\":\"https:\\\/\\\/www.worldrally.eu\\\/index.php\\\/2023\\\/09\\\/09\\\/neuville-zwieksza-przewage\\\/#organizationLogo\",\"width\":2039,\"height\":756},\"image\":{\"@id\":\"https:\\\/\\\/www.worldrally.eu\\\/index.php\\\/2023\\\/09\\\/09\\\/neuville-zwieksza-przewage\\\/#organizationLogo\"}},{\"@type\":\"Person\",\"@id\":\"https:\\\/\\\/www.worldrally.eu\\\/index.php\\\/author\\\/magdalena\\\/#author\",\"url\":\"https:\\\/\\\/www.worldrally.eu\\\/index.php\\\/author\\\/magdalena\\\/\",\"name\":\"Magdalena\",\"image\":{\"@type\":\"ImageObject\",\"@id\":\"https:\\\/\\\/www.worldrally.eu\\\/index.php\\\/2023\\\/09\\\/09\\\/neuville-zwieksza-przewage\\\/#authorImage\",\"url\":\"https:\\\/\\\/secure.gravatar.com\\\/avatar\\\/853239b46cec38ba30b48d2b091f5538817cc78bdc0944c9ef7408579307e2ea?s=96&d=mm&r=g\",\"width\":96,\"height\":96,\"caption\":\"Magdalena\"}},{\"@type\":\"WebPage\",\"@id\":\"https:\\\/\\\/www.worldrally.eu\\\/index.php\\\/2023\\\/09\\\/09\\\/neuville-zwieksza-przewage\\\/#webpage\",\"url\":\"https:\\\/\\\/www.worldrally.eu\\\/index.php\\\/2023\\\/09\\\/09\\\/neuville-zwieksza-przewage\\\/\",\"name\":\"Neuville zwi\\u0119ksza przewag\\u0119. \\u00bb WorldRally.eu\",\"description\":\"Thierry Neuville odzyska\\u0142 prowadzenie w Rajdzie Akropolu po utracie prowadzenia na porannym odcinku specjalnym i ponownie wyprzedza Sebastiena Ogiera 10,9 sekundy i Kalle Rovenper\\u00e4 o 23,7 sekundy. Kierowca Hyundaia jeszcze przed rozpocz\\u0119ciem porannej rywalizacji mia\\u0142 przewag\\u0119 2,8 sekundy, jednak\\u017ce pr\\u00f3ba na odcinku Pavlianiego przynios\\u0142a strat\\u0119 7,8 sekundy do Ogiera. Belg wygra\\u0142 kolejny odcinek i powr\\u00f3ci\\u0142\",\"inLanguage\":\"en-GB\",\"isPartOf\":{\"@id\":\"https:\\\/\\\/www.worldrally.eu\\\/#website\"},\"breadcrumb\":{\"@id\":\"https:\\\/\\\/www.worldrally.eu\\\/index.php\\\/2023\\\/09\\\/09\\\/neuville-zwieksza-przewage\\\/#breadcrumblist\"},\"author\":{\"@id\":\"https:\\\/\\\/www.worldrally.eu\\\/index.php\\\/author\\\/magdalena\\\/#author\"},\"creator\":{\"@id\":\"https:\\\/\\\/www.worldrally.eu\\\/index.php\\\/author\\\/magdalena\\\/#author\"},\"image\":{\"@type\":\"ImageObject\",\"url\":\"https:\\\/\\\/www.worldrally.eu\\\/wp-content\\\/uploads\\\/2023\\\/09\\\/Neuville-SS9.jpg\",\"@id\":\"https:\\\/\\\/www.worldrally.eu\\\/index.php\\\/2023\\\/09\\\/09\\\/neuville-zwieksza-przewage\\\/#mainImage\",\"width\":1280,\"height\":854},\"primaryImageOfPage\":{\"@id\":\"https:\\\/\\\/www.worldrally.eu\\\/index.php\\\/2023\\\/09\\\/09\\\/neuville-zwieksza-przewage\\\/#mainImage\"},\"datePublished\":\"2023-09-09T13:07:00+00:00\",\"dateModified\":\"2023-09-13T19:27:04+00:00\"},{\"@type\":\"WebSite\",\"@id\":\"https:\\\/\\\/www.worldrally.eu\\\/#website\",\"url\":\"https:\\\/\\\/www.worldrally.eu\\\/\",\"name\":\"WorldRally.eu\",\"inLanguage\":\"en-GB\",\"publisher\":{\"@id\":\"https:\\\/\\\/www.worldrally.eu\\\/#organization\"}}]}\n\t\t<\/script>\n\t\t<!-- All in One SEO -->\n\n","aioseo_head_json":{"title":"Neuville zwi\u0119ksza przewag\u0119. \u00bb WorldRally.eu","description":"Thierry Neuville odzyska\u0142 prowadzenie w Rajdzie Akropolu po utracie prowadzenia na porannym odcinku specjalnym i ponownie wyprzedza Sebastiena Ogiera 10,9 sekundy i Kalle Rovenper\u00e4 o 23,7 sekundy. Kierowca Hyundaia jeszcze przed rozpocz\u0119ciem porannej rywalizacji mia\u0142 przewag\u0119 2,8 sekundy, jednak\u017ce pr\u00f3ba na odcinku Pavlianiego przynios\u0142a strat\u0119 7,8 sekundy do Ogiera. Belg wygra\u0142 kolejny odcinek i powr\u00f3ci\u0142","canonical_url":"https:\/\/www.worldrally.eu\/index.php\/2023\/09\/09\/neuville-zwieksza-przewage\/","robots":"max-image-preview:large","keywords":"","webmasterTools":{"miscellaneous":""},"schema":{"@context":"https:\/\/schema.org","@graph":[{"@type":"BlogPosting","@id":"https:\/\/www.worldrally.eu\/index.php\/2023\/09\/09\/neuville-zwieksza-przewage\/#blogposting","name":"Neuville zwi\u0119ksza przewag\u0119. \u00bb WorldRally.eu","headline":"Neuville zwi\u0119ksza przewag\u0119.","author":{"@id":"https:\/\/www.worldrally.eu\/index.php\/author\/magdalena\/#author"},"publisher":{"@id":"https:\/\/www.worldrally.eu\/#organization"},"image":{"@type":"ImageObject","url":"https:\/\/www.worldrally.eu\/wp-content\/uploads\/2023\/09\/Neuville-SS9.jpg","width":1280,"height":854},"datePublished":"2023-09-09T13:07:00+00:00","dateModified":"2023-09-13T19:27:04+00:00","inLanguage":"en-GB","mainEntityOfPage":{"@id":"https:\/\/www.worldrally.eu\/index.php\/2023\/09\/09\/neuville-zwieksza-przewage\/#webpage"},"isPartOf":{"@id":"https:\/\/www.worldrally.eu\/index.php\/2023\/09\/09\/neuville-zwieksza-przewage\/#webpage"},"articleSection":"WRC"},{"@type":"BreadcrumbList","@id":"https:\/\/www.worldrally.eu\/index.php\/2023\/09\/09\/neuville-zwieksza-przewage\/#breadcrumblist","itemListElement":[{"@type":"ListItem","@id":"https:\/\/www.worldrally.eu#listItem","position":1,"name":"Home","item":"https:\/\/www.worldrally.eu","nextItem":{"@type":"ListItem","@id":"https:\/\/www.worldrally.eu\/index.php\/category\/wrc\/#listItem","name":"WRC"}},{"@type":"ListItem","@id":"https:\/\/www.worldrally.eu\/index.php\/category\/wrc\/#listItem","position":2,"name":"WRC","item":"https:\/\/www.worldrally.eu\/index.php\/category\/wrc\/","nextItem":{"@type":"ListItem","@id":"https:\/\/www.worldrally.eu\/index.php\/2023\/09\/09\/neuville-zwieksza-przewage\/#listItem","name":"Neuville zwi\u0119ksza przewag\u0119."},"previousItem":{"@type":"ListItem","@id":"https:\/\/www.worldrally.eu#listItem","name":"Home"}},{"@type":"ListItem","@id":"https:\/\/www.worldrally.eu\/index.php\/2023\/09\/09\/neuville-zwieksza-przewage\/#listItem","position":3,"name":"Neuville zwi\u0119ksza przewag\u0119.","previousItem":{"@type":"ListItem","@id":"https:\/\/www.worldrally.eu\/index.php\/category\/wrc\/#listItem","name":"WRC"}}]},{"@type":"Organization","@id":"https:\/\/www.worldrally.eu\/#organization","name":"WorldRally.eu","url":"https:\/\/www.worldrally.eu\/","logo":{"@type":"ImageObject","url":"https:\/\/www.worldrally.eu\/wp-content\/uploads\/2026\/01\/cropped-logo-3.png","@id":"https:\/\/www.worldrally.eu\/index.php\/2023\/09\/09\/neuville-zwieksza-przewage\/#organizationLogo","width":2039,"height":756},"image":{"@id":"https:\/\/www.worldrally.eu\/index.php\/2023\/09\/09\/neuville-zwieksza-przewage\/#organizationLogo"}},{"@type":"Person","@id":"https:\/\/www.worldrally.eu\/index.php\/author\/magdalena\/#author","url":"https:\/\/www.worldrally.eu\/index.php\/author\/magdalena\/","name":"Magdalena","image":{"@type":"ImageObject","@id":"https:\/\/www.worldrally.eu\/index.php\/2023\/09\/09\/neuville-zwieksza-przewage\/#authorImage","url":"https:\/\/secure.gravatar.com\/avatar\/853239b46cec38ba30b48d2b091f5538817cc78bdc0944c9ef7408579307e2ea?s=96&d=mm&r=g","width":96,"height":96,"caption":"Magdalena"}},{"@type":"WebPage","@id":"https:\/\/www.worldrally.eu\/index.php\/2023\/09\/09\/neuville-zwieksza-przewage\/#webpage","url":"https:\/\/www.worldrally.eu\/index.php\/2023\/09\/09\/neuville-zwieksza-przewage\/","name":"Neuville zwi\u0119ksza przewag\u0119. \u00bb WorldRally.eu","description":"Thierry Neuville odzyska\u0142 prowadzenie w Rajdzie Akropolu po utracie prowadzenia na porannym odcinku specjalnym i ponownie wyprzedza Sebastiena Ogiera 10,9 sekundy i Kalle Rovenper\u00e4 o 23,7 sekundy. Kierowca Hyundaia jeszcze przed rozpocz\u0119ciem porannej rywalizacji mia\u0142 przewag\u0119 2,8 sekundy, jednak\u017ce pr\u00f3ba na odcinku Pavlianiego przynios\u0142a strat\u0119 7,8 sekundy do Ogiera. Belg wygra\u0142 kolejny odcinek i powr\u00f3ci\u0142","inLanguage":"en-GB","isPartOf":{"@id":"https:\/\/www.worldrally.eu\/#website"},"breadcrumb":{"@id":"https:\/\/www.worldrally.eu\/index.php\/2023\/09\/09\/neuville-zwieksza-przewage\/#breadcrumblist"},"author":{"@id":"https:\/\/www.worldrally.eu\/index.php\/author\/magdalena\/#author"},"creator":{"@id":"https:\/\/www.worldrally.eu\/index.php\/author\/magdalena\/#author"},"image":{"@type":"ImageObject","url":"https:\/\/www.worldrally.eu\/wp-content\/uploads\/2023\/09\/Neuville-SS9.jpg","@id":"https:\/\/www.worldrally.eu\/index.php\/2023\/09\/09\/neuville-zwieksza-przewage\/#mainImage","width":1280,"height":854},"primaryImageOfPage":{"@id":"https:\/\/www.worldrally.eu\/index.php\/2023\/09\/09\/neuville-zwieksza-przewage\/#mainImage"},"datePublished":"2023-09-09T13:07:00+00:00","dateModified":"2023-09-13T19:27:04+00:00"},{"@type":"WebSite","@id":"https:\/\/www.worldrally.eu\/#website","url":"https:\/\/www.worldrally.eu\/","name":"WorldRally.eu","inLanguage":"en-GB","publisher":{"@id":"https:\/\/www.worldrally.eu\/#organization"}}]},"og:locale":"en_GB","og:site_name":"WorldRally.eu \u00bb","og:type":"article","og:title":"Neuville zwi\u0119ksza przewag\u0119. \u00bb WorldRally.eu","og:description":"Thierry Neuville odzyska\u0142 prowadzenie w Rajdzie Akropolu po utracie prowadzenia na porannym odcinku specjalnym i ponownie wyprzedza Sebastiena Ogiera 10,9 sekundy i Kalle Rovenper\u00e4 o 23,7 sekundy. Kierowca Hyundaia jeszcze przed rozpocz\u0119ciem porannej rywalizacji mia\u0142 przewag\u0119 2,8 sekundy, jednak\u017ce pr\u00f3ba na odcinku Pavlianiego przynios\u0142a strat\u0119 7,8 sekundy do Ogiera. Belg wygra\u0142 kolejny odcinek i powr\u00f3ci\u0142","og:url":"https:\/\/www.worldrally.eu\/index.php\/2023\/09\/09\/neuville-zwieksza-przewage\/","og:image":"https:\/\/www.worldrally.eu\/wp-content\/uploads\/2023\/09\/Neuville-SS9.jpg","og:image:secure_url":"https:\/\/www.worldrally.eu\/wp-content\/uploads\/2023\/09\/Neuville-SS9.jpg","og:image:width":1280,"og:image:height":854,"article:published_time":"2023-09-09T13:07:00+00:00","article:modified_time":"2023-09-13T19:27:04+00:00","twitter:card":"summary_large_image","twitter:title":"Neuville zwi\u0119ksza przewag\u0119. \u00bb WorldRally.eu","twitter:description":"Thierry Neuville odzyska\u0142 prowadzenie w Rajdzie Akropolu po utracie prowadzenia na porannym odcinku specjalnym i ponownie wyprzedza Sebastiena Ogiera 10,9 sekundy i Kalle Rovenper\u00e4 o 23,7 sekundy. Kierowca Hyundaia jeszcze przed rozpocz\u0119ciem porannej rywalizacji mia\u0142 przewag\u0119 2,8 sekundy, jednak\u017ce pr\u00f3ba na odcinku Pavlianiego przynios\u0142a strat\u0119 7,8 sekundy do Ogiera. Belg wygra\u0142 kolejny odcinek i powr\u00f3ci\u0142","twitter:image":"https:\/\/www.worldrally.eu\/wp-content\/uploads\/2023\/09\/Neuville-SS9.jpg"},"aioseo_meta_data":{"post_id":"1971","title":null,"description":null,"keywords":null,"keyphrases":null,"primary_term":null,"canonical_url":null,"og_title":null,"og_description":null,"og_object_type":"default","og_image_type":"default","og_image_url":null,"og_image_width":null,"og_image_height":null,"og_image_custom_url":null,"og_image_custom_fields":null,"og_video":null,"og_custom_url":null,"og_article_section":null,"og_article_tags":null,"twitter_use_og":false,"twitter_card":"default","twitter_image_type":"default","twitter_image_url":null,"twitter_image_custom_url":null,"twitter_image_custom_fields":null,"twitter_title":null,"twitter_description":null,"schema":{"blockGraphs":[],"customGraphs":[],"default":{"data":{"Article":[],"Course":[],"Dataset":[],"FAQPage":[],"Movie":[],"Person":[],"Product":[],"ProductReview":[],"Car":[],"Recipe":[],"Service":[],"SoftwareApplication":[],"WebPage":[]},"graphName":"","isEnabled":true},"graphs":[]},"schema_type":"default","schema_type_options":null,"pillar_content":false,"robots_default":true,"robots_noindex":false,"robots_noarchive":false,"robots_nosnippet":false,"robots_nofollow":false,"robots_noimageindex":false,"robots_noodp":false,"robots_notranslate":false,"robots_max_snippet":null,"robots_max_videopreview":null,"robots_max_imagepreview":"large","priority":null,"frequency":null,"local_seo":null,"breadcrumb_settings":null,"limit_modified_date":false,"ai":null,"created":"2025-03-22 06:26:32","updated":"2025-10-26 11:44:53","seo_analyzer_scan_date":null},"aioseo_breadcrumb":"<div class=\"aioseo-breadcrumbs\"><span class=\"aioseo-breadcrumb\">\n\t\t\t<a href=\"https:\/\/www.worldrally.eu\" title=\"Home\">Home<\/a>\n\t\t<\/span><span class=\"aioseo-breadcrumb-separator\">&raquo;<\/span><span class=\"aioseo-breadcrumb\">\n\t\t\t<a href=\"https:\/\/www.worldrally.eu\/index.php\/category\/wrc\/\" title=\"WRC\">WRC<\/a>\n\t\t<\/span><span class=\"aioseo-breadcrumb-separator\">&raquo;<\/span><span class=\"aioseo-breadcrumb\">\n\t\t\tNeuville zwi\u0119ksza przewag\u0119.\n\t\t<\/span><\/div>","aioseo_breadcrumb_json":[{"label":"Home","link":"https:\/\/www.worldrally.eu"},{"label":"WRC","link":"https:\/\/www.worldrally.eu\/index.php\/category\/wrc\/"},{"label":"Neuville zwi\u0119ksza przewag\u0119.","link":"https:\/\/www.worldrally.eu\/index.php\/2023\/09\/09\/neuville-zwieksza-przewage\/"}],"cc_featured_image_caption":{"caption_text":"Foto - Neuville FB","source_text":"","source_url":""},"_links":{"self":[{"href":"https:\/\/www.worldrally.eu\/index.php\/wp-json\/wp\/v2\/posts\/1971","targetHints":{"allow":["GET"]}}],"collection":[{"href":"https:\/\/www.worldrally.eu\/index.php\/wp-json\/wp\/v2\/posts"}],"about":[{"href":"https:\/\/www.worldrally.eu\/index.php\/wp-json\/wp\/v2\/types\/post"}],"author":[{"embeddable":true,"href":"https:\/\/www.worldrally.eu\/index.php\/wp-json\/wp\/v2\/users\/2"}],"replies":[{"embeddable":true,"href":"https:\/\/www.worldrally.eu\/index.php\/wp-json\/wp\/v2\/comments?post=1971"}],"version-history":[{"count":1,"href":"https:\/\/www.worldrally.eu\/index.php\/wp-json\/wp\/v2\/posts\/1971\/revisions"}],"predecessor-version":[{"id":1975,"href":"https:\/\/www.worldrally.eu\/index.php\/wp-json\/wp\/v2\/posts\/1971\/revisions\/1975"}],"wp:featuredmedia":[{"embeddable":true,"href":"https:\/\/www.worldrally.eu\/index.php\/wp-json\/wp\/v2\/media\/1972"}],"wp:attachment":[{"href":"https:\/\/www.worldrally.eu\/index.php\/wp-json\/wp\/v2\/media?parent=1971"}],"wp:term":[{"taxonomy":"category","embeddable":true,"href":"https:\/\/www.worldrally.eu\/index.php\/wp-json\/wp\/v2\/categories?post=1971"},{"taxonomy":"post_tag","embeddable":true,"href":"https:\/\/www.worldrally.eu\/index.php\/wp-json\/wp\/v2\/tags?post=1971"}],"curies":[{"name":"wp","href":"https:\/\/api.w.org\/{rel}","templated":true}]}}