{"id":1960,"date":"2023-09-12T14:08:43","date_gmt":"2023-09-12T14:08:43","guid":{"rendered":"https:\/\/www.worldrally.eu\/?p=1960"},"modified":"2023-09-12T14:08:43","modified_gmt":"2023-09-12T14:08:43","slug":"mabellini-bede-silniejszy","status":"publish","type":"post","link":"https:\/\/www.worldrally.eu\/index.php\/2023\/09\/12\/mabellini-bede-silniejszy\/","title":{"rendered":"Mabellini b\u0119d\u0119 silniejszy"},"content":{"rendered":"\n<p class=\"wp-block-paragraph\">Andrea Mabellini nie by\u0142 w stanie przyst\u0105pi\u0107 do Rajdu Czech Barum Zl\u00edn ze wzgl\u0119d\u00f3w finansowych, jednak\u017ce kierowca chce wykorzysta obecny fakt i skupi\u0107 si\u0119 nad sezonem 2023.<\/p>\n\n\n\n<blockquote class=\"wp-block-quote is-layout-flow wp-block-quote-is-layout-flow\">\n<p class=\"wp-block-paragraph\">o proste, nasz bud\u017cet si\u0119 sko\u0144czy\u0142 i nie mo\u017cemy kontynuowa\u0107. Nie jest \u0142atwo zatrzyma\u0107 nasz program, ale tak jest. Staramy si\u0119 pracowa\u0107 na przysz\u0142y rok. W\u0119gry b\u0119d\u0105 bardzo trudne [dla bud\u017cetu]. Postaramy si\u0119 tam by\u0107, ale mo\u017ce to dobry moment, aby si\u0119 zatrzyma\u0107 i zacz\u0105\u0107 my\u015ble\u0107 o roku 2024. Niekt\u00f3re rzeczy sz\u0142y dobrze w tym roku, ale inne nie. Mieli\u015bmy kilka dobrych wynik\u00f3w, ale nie wyniki og\u00f3lne, ale czasami byli\u015bmy do\u015b\u0107 szybcy, wi\u0119c znacznie si\u0119 poprawili\u015bmy, a to jest najwa\u017cniejsze. Zrobimy kilka w\u0142oskich wy\u015bcig\u00f3w, aby pozosta\u0107 w samochodzie i nie przerwa\u0107 ca\u0142kowicie naszego programu w tym roku, a mo\u017ce w przysz\u0142ym roku b\u0119dziemy mogli wr\u00f3ci\u0107 silniejsi<\/p>\n<cite>wyja\u015bni\u0142 Mabellini<\/cite><\/blockquote>\n\n\n\n<figure class=\"wp-block-image size-large\"><img fetchpriority=\"high\" decoding=\"async\" width=\"1024\" height=\"683\" src=\"https:\/\/www.worldrally.eu\/wp-content\/uploads\/2023\/09\/Photo-Adam-Owczarek-__PhotoMS.se_Bauhaus-Royal-Of-Scandinavia_1_16b-1024x683.jpg\" alt=\"\" class=\"wp-image-1962\" srcset=\"https:\/\/www.worldrally.eu\/wp-content\/uploads\/2023\/09\/Photo-Adam-Owczarek-__PhotoMS.se_Bauhaus-Royal-Of-Scandinavia_1_16b-1024x683.jpg 1024w, https:\/\/www.worldrally.eu\/wp-content\/uploads\/2023\/09\/Photo-Adam-Owczarek-__PhotoMS.se_Bauhaus-Royal-Of-Scandinavia_1_16b-300x200.jpg 300w, https:\/\/www.worldrally.eu\/wp-content\/uploads\/2023\/09\/Photo-Adam-Owczarek-__PhotoMS.se_Bauhaus-Royal-Of-Scandinavia_1_16b-768x512.jpg 768w, https:\/\/www.worldrally.eu\/wp-content\/uploads\/2023\/09\/Photo-Adam-Owczarek-__PhotoMS.se_Bauhaus-Royal-Of-Scandinavia_1_16b-1536x1024.jpg 1536w, https:\/\/www.worldrally.eu\/wp-content\/uploads\/2023\/09\/Photo-Adam-Owczarek-__PhotoMS.se_Bauhaus-Royal-Of-Scandinavia_1_16b-446x297.jpg 446w, https:\/\/www.worldrally.eu\/wp-content\/uploads\/2023\/09\/Photo-Adam-Owczarek-__PhotoMS.se_Bauhaus-Royal-Of-Scandinavia_1_16b.jpg 1620w\" sizes=\"(max-width: 1024px) 100vw, 1024px\" \/><figcaption class=\"wp-element-caption\">Foto &#8211; PhotoMS<\/figcaption><\/figure>\n\n\n\n<p class=\"wp-block-paragraph\">Zesz\u0142oroczny wicemistrz ERC4 Mabellini w tym sezonie wspi\u0105\u0142 si\u0119 na poziom Rally2 wraz z pilotk\u0105 i partnerk\u0105 Virgini\u0105 Lenzi na pok\u0142adzie \u0160kody Fabia Evo.<\/p>\n\n\n\n<blockquote class=\"wp-block-quote is-layout-flow wp-block-quote-is-layout-flow\">\n<p class=\"wp-block-paragraph\">ie by\u0142o \u0142atwo zacz\u0105\u0107 w Rally2 z tymi [silnymi] przeciwnikami, ale przynajmniej wykonali\u015bmy dobr\u0105 robot\u0119.Czasami byli\u015bmy na najwy\u017cszym poziomie i dla mnie i dla Virgi bardzo wa\u017cne by\u0142o, aby spr\u00f3bowa\u0107 przekroczy\u0107 nasze granice. Kt\u00f3rego\u015b razu dotarli\u015bmy do celu i przewr\u00f3cili\u015bmy si\u0119, ale to cz\u0119\u015b\u0107 gry i je\u015bli nie przekroczysz tego limitu, nigdy nie b\u0119dziesz w stanie powiedzie\u0107 [gdzie jest ten limit], wi\u0119c dla mnie wa\u017cne jest, aby znale\u017a\u0107 ten limit na szutrze. Jednak nasz rok by\u0142 naprawd\u0119 dobry i mo\u017cemy by\u0107 dumni z tego, czego dokonali\u015bmy, i mam nadziej\u0119, \u017ce uda nam si\u0119 osi\u0105gn\u0105\u0107 bud\u017cet, aby zako\u0144czy\u0107 przysz\u0142y rok z nieco wi\u0119kszym do\u015bwiadczeniem i z celem, kt\u00f3ry jest nieco wy\u017cszy ni\u017c w tym roku<\/p>\n<cite>doda\u0142<\/cite><\/blockquote>\n","protected":false},"excerpt":{"rendered":"<p>Andrea Mabellini nie by\u0142 w stanie przyst\u0105pi\u0107 do Rajdu Czech Barum Zl\u00edn ze wzgl\u0119d\u00f3w finansowych, jednak\u017ce kierowca chce wykorzysta obecny fakt i skupi\u0107 si\u0119 nad sezonem 2023. o proste, nasz bud\u017cet si\u0119 sko\u0144czy\u0142 i nie mo\u017cemy kontynuowa\u0107. Nie jest \u0142atwo zatrzyma\u0107 nasz program, ale tak jest. Staramy si\u0119 pracowa\u0107 na przysz\u0142y rok. W\u0119gry b\u0119d\u0105 bardzo [&hellip;]<\/p>\n","protected":false},"author":1,"featured_media":1961,"comment_status":"closed","ping_status":"closed","sticky":false,"template":"","format":"standard","meta":{"_monsterinsights_skip_tracking":false,"_monsterinsights_sitenote_active":false,"_monsterinsights_sitenote_note":"","_monsterinsights_sitenote_category":0,"footnotes":""},"categories":[4],"tags":[],"class_list":["post-1960","post","type-post","status-publish","format-standard","has-post-thumbnail","hentry","category-erc"],"aioseo_notices":[],"aioseo_head":"\n\t\t<!-- All in One SEO 4.9.9 - aioseo.com -->\n\t<meta name=\"description\" content=\"Andrea Mabellini nie by\u0142 w stanie przyst\u0105pi\u0107 do Rajdu Czech Barum Zl\u00edn ze wzgl\u0119d\u00f3w finansowych, jednak\u017ce kierowca chce wykorzysta obecny fakt i skupi\u0107 si\u0119 nad sezonem 2023. o proste, nasz bud\u017cet si\u0119 sko\u0144czy\u0142 i nie mo\u017cemy kontynuowa\u0107. Nie jest \u0142atwo zatrzyma\u0107 nasz program, ale tak jest. Staramy si\u0119 pracowa\u0107 na przysz\u0142y rok. W\u0119gry b\u0119d\u0105 bardzo\" \/>\n\t<meta name=\"robots\" content=\"max-image-preview:large\" \/>\n\t<meta name=\"author\" content=\"Junior\"\/>\n\t<link rel=\"canonical\" href=\"https:\/\/www.worldrally.eu\/index.php\/2023\/09\/12\/mabellini-bede-silniejszy\/\" \/>\n\t<meta name=\"generator\" content=\"All in One SEO (AIOSEO) 4.9.9\" \/>\n\t\t<meta property=\"og:locale\" content=\"en_GB\" \/>\n\t\t<meta property=\"og:site_name\" content=\"WorldRally.eu \u00bb\" \/>\n\t\t<meta property=\"og:type\" content=\"article\" \/>\n\t\t<meta property=\"og:title\" content=\"Mabellini b\u0119d\u0119 silniejszy \u00bb WorldRally.eu\" \/>\n\t\t<meta property=\"og:description\" content=\"Andrea Mabellini nie by\u0142 w stanie przyst\u0105pi\u0107 do Rajdu Czech Barum Zl\u00edn ze wzgl\u0119d\u00f3w finansowych, jednak\u017ce kierowca chce wykorzysta obecny fakt i skupi\u0107 si\u0119 nad sezonem 2023. o proste, nasz bud\u017cet si\u0119 sko\u0144czy\u0142 i nie mo\u017cemy kontynuowa\u0107. Nie jest \u0142atwo zatrzyma\u0107 nasz program, ale tak jest. Staramy si\u0119 pracowa\u0107 na przysz\u0142y rok. W\u0119gry b\u0119d\u0105 bardzo\" \/>\n\t\t<meta property=\"og:url\" content=\"https:\/\/www.worldrally.eu\/index.php\/2023\/09\/12\/mabellini-bede-silniejszy\/\" \/>\n\t\t<meta property=\"og:image\" content=\"https:\/\/www.worldrally.eu\/wp-content\/uploads\/2023\/09\/Photo-Adam-Owczarek-__PhotoMS.se_Bauhaus-Royal-Of-Scandinavia_1_5b.jpg\" \/>\n\t\t<meta property=\"og:image:secure_url\" content=\"https:\/\/www.worldrally.eu\/wp-content\/uploads\/2023\/09\/Photo-Adam-Owczarek-__PhotoMS.se_Bauhaus-Royal-Of-Scandinavia_1_5b.jpg\" \/>\n\t\t<meta property=\"og:image:width\" content=\"1620\" \/>\n\t\t<meta property=\"og:image:height\" content=\"1080\" \/>\n\t\t<meta property=\"article:published_time\" content=\"2023-09-12T14:08:43+00:00\" \/>\n\t\t<meta property=\"article:modified_time\" content=\"2023-09-12T14:08:43+00:00\" \/>\n\t\t<meta name=\"twitter:card\" content=\"summary_large_image\" \/>\n\t\t<meta name=\"twitter:title\" content=\"Mabellini b\u0119d\u0119 silniejszy \u00bb WorldRally.eu\" \/>\n\t\t<meta name=\"twitter:description\" content=\"Andrea Mabellini nie by\u0142 w stanie przyst\u0105pi\u0107 do Rajdu Czech Barum Zl\u00edn ze wzgl\u0119d\u00f3w finansowych, jednak\u017ce kierowca chce wykorzysta obecny fakt i skupi\u0107 si\u0119 nad sezonem 2023. o proste, nasz bud\u017cet si\u0119 sko\u0144czy\u0142 i nie mo\u017cemy kontynuowa\u0107. Nie jest \u0142atwo zatrzyma\u0107 nasz program, ale tak jest. Staramy si\u0119 pracowa\u0107 na przysz\u0142y rok. W\u0119gry b\u0119d\u0105 bardzo\" \/>\n\t\t<meta name=\"twitter:image\" content=\"https:\/\/www.worldrally.eu\/wp-content\/uploads\/2023\/09\/Photo-Adam-Owczarek-__PhotoMS.se_Bauhaus-Royal-Of-Scandinavia_1_5b.jpg\" \/>\n\t\t<script type=\"application\/ld+json\" class=\"aioseo-schema\">\n\t\t\t{\"@context\":\"https:\\\/\\\/schema.org\",\"@graph\":[{\"@type\":\"BlogPosting\",\"@id\":\"https:\\\/\\\/www.worldrally.eu\\\/index.php\\\/2023\\\/09\\\/12\\\/mabellini-bede-silniejszy\\\/#blogposting\",\"name\":\"Mabellini b\\u0119d\\u0119 silniejszy \\u00bb WorldRally.eu\",\"headline\":\"Mabellini b\\u0119d\\u0119 silniejszy\",\"author\":{\"@id\":\"https:\\\/\\\/www.worldrally.eu\\\/index.php\\\/author\\\/admin\\\/#author\"},\"publisher\":{\"@id\":\"https:\\\/\\\/www.worldrally.eu\\\/#organization\"},\"image\":{\"@type\":\"ImageObject\",\"url\":\"https:\\\/\\\/www.worldrally.eu\\\/wp-content\\\/uploads\\\/2023\\\/09\\\/Photo-Adam-Owczarek-__PhotoMS.se_Bauhaus-Royal-Of-Scandinavia_1_5b.jpg\",\"width\":1620,\"height\":1080},\"datePublished\":\"2023-09-12T14:08:43+00:00\",\"dateModified\":\"2023-09-12T14:08:43+00:00\",\"inLanguage\":\"en-GB\",\"mainEntityOfPage\":{\"@id\":\"https:\\\/\\\/www.worldrally.eu\\\/index.php\\\/2023\\\/09\\\/12\\\/mabellini-bede-silniejszy\\\/#webpage\"},\"isPartOf\":{\"@id\":\"https:\\\/\\\/www.worldrally.eu\\\/index.php\\\/2023\\\/09\\\/12\\\/mabellini-bede-silniejszy\\\/#webpage\"},\"articleSection\":\"ERC\"},{\"@type\":\"BreadcrumbList\",\"@id\":\"https:\\\/\\\/www.worldrally.eu\\\/index.php\\\/2023\\\/09\\\/12\\\/mabellini-bede-silniejszy\\\/#breadcrumblist\",\"itemListElement\":[{\"@type\":\"ListItem\",\"@id\":\"https:\\\/\\\/www.worldrally.eu#listItem\",\"position\":1,\"name\":\"Home\",\"item\":\"https:\\\/\\\/www.worldrally.eu\",\"nextItem\":{\"@type\":\"ListItem\",\"@id\":\"https:\\\/\\\/www.worldrally.eu\\\/index.php\\\/category\\\/erc\\\/#listItem\",\"name\":\"ERC\"}},{\"@type\":\"ListItem\",\"@id\":\"https:\\\/\\\/www.worldrally.eu\\\/index.php\\\/category\\\/erc\\\/#listItem\",\"position\":2,\"name\":\"ERC\",\"item\":\"https:\\\/\\\/www.worldrally.eu\\\/index.php\\\/category\\\/erc\\\/\",\"nextItem\":{\"@type\":\"ListItem\",\"@id\":\"https:\\\/\\\/www.worldrally.eu\\\/index.php\\\/2023\\\/09\\\/12\\\/mabellini-bede-silniejszy\\\/#listItem\",\"name\":\"Mabellini b\\u0119d\\u0119 silniejszy\"},\"previousItem\":{\"@type\":\"ListItem\",\"@id\":\"https:\\\/\\\/www.worldrally.eu#listItem\",\"name\":\"Home\"}},{\"@type\":\"ListItem\",\"@id\":\"https:\\\/\\\/www.worldrally.eu\\\/index.php\\\/2023\\\/09\\\/12\\\/mabellini-bede-silniejszy\\\/#listItem\",\"position\":3,\"name\":\"Mabellini b\\u0119d\\u0119 silniejszy\",\"previousItem\":{\"@type\":\"ListItem\",\"@id\":\"https:\\\/\\\/www.worldrally.eu\\\/index.php\\\/category\\\/erc\\\/#listItem\",\"name\":\"ERC\"}}]},{\"@type\":\"Organization\",\"@id\":\"https:\\\/\\\/www.worldrally.eu\\\/#organization\",\"name\":\"WorldRally.eu\",\"url\":\"https:\\\/\\\/www.worldrally.eu\\\/\",\"logo\":{\"@type\":\"ImageObject\",\"url\":\"https:\\\/\\\/www.worldrally.eu\\\/wp-content\\\/uploads\\\/2026\\\/01\\\/cropped-logo-3.png\",\"@id\":\"https:\\\/\\\/www.worldrally.eu\\\/index.php\\\/2023\\\/09\\\/12\\\/mabellini-bede-silniejszy\\\/#organizationLogo\",\"width\":2039,\"height\":756},\"image\":{\"@id\":\"https:\\\/\\\/www.worldrally.eu\\\/index.php\\\/2023\\\/09\\\/12\\\/mabellini-bede-silniejszy\\\/#organizationLogo\"}},{\"@type\":\"Person\",\"@id\":\"https:\\\/\\\/www.worldrally.eu\\\/index.php\\\/author\\\/admin\\\/#author\",\"url\":\"https:\\\/\\\/www.worldrally.eu\\\/index.php\\\/author\\\/admin\\\/\",\"name\":\"Junior\",\"image\":{\"@type\":\"ImageObject\",\"@id\":\"https:\\\/\\\/www.worldrally.eu\\\/index.php\\\/2023\\\/09\\\/12\\\/mabellini-bede-silniejszy\\\/#authorImage\",\"url\":\"https:\\\/\\\/secure.gravatar.com\\\/avatar\\\/5bd369ac0447285dc20b588693ca1756d0179a7f957258050a42a968bf3b9d0a?s=96&d=mm&r=g\",\"width\":96,\"height\":96,\"caption\":\"Junior\"}},{\"@type\":\"WebPage\",\"@id\":\"https:\\\/\\\/www.worldrally.eu\\\/index.php\\\/2023\\\/09\\\/12\\\/mabellini-bede-silniejszy\\\/#webpage\",\"url\":\"https:\\\/\\\/www.worldrally.eu\\\/index.php\\\/2023\\\/09\\\/12\\\/mabellini-bede-silniejszy\\\/\",\"name\":\"Mabellini b\\u0119d\\u0119 silniejszy \\u00bb WorldRally.eu\",\"description\":\"Andrea Mabellini nie by\\u0142 w stanie przyst\\u0105pi\\u0107 do Rajdu Czech Barum Zl\\u00edn ze wzgl\\u0119d\\u00f3w finansowych, jednak\\u017ce kierowca chce wykorzysta obecny fakt i skupi\\u0107 si\\u0119 nad sezonem 2023. o proste, nasz bud\\u017cet si\\u0119 sko\\u0144czy\\u0142 i nie mo\\u017cemy kontynuowa\\u0107. Nie jest \\u0142atwo zatrzyma\\u0107 nasz program, ale tak jest. Staramy si\\u0119 pracowa\\u0107 na przysz\\u0142y rok. W\\u0119gry b\\u0119d\\u0105 bardzo\",\"inLanguage\":\"en-GB\",\"isPartOf\":{\"@id\":\"https:\\\/\\\/www.worldrally.eu\\\/#website\"},\"breadcrumb\":{\"@id\":\"https:\\\/\\\/www.worldrally.eu\\\/index.php\\\/2023\\\/09\\\/12\\\/mabellini-bede-silniejszy\\\/#breadcrumblist\"},\"author\":{\"@id\":\"https:\\\/\\\/www.worldrally.eu\\\/index.php\\\/author\\\/admin\\\/#author\"},\"creator\":{\"@id\":\"https:\\\/\\\/www.worldrally.eu\\\/index.php\\\/author\\\/admin\\\/#author\"},\"image\":{\"@type\":\"ImageObject\",\"url\":\"https:\\\/\\\/www.worldrally.eu\\\/wp-content\\\/uploads\\\/2023\\\/09\\\/Photo-Adam-Owczarek-__PhotoMS.se_Bauhaus-Royal-Of-Scandinavia_1_5b.jpg\",\"@id\":\"https:\\\/\\\/www.worldrally.eu\\\/index.php\\\/2023\\\/09\\\/12\\\/mabellini-bede-silniejszy\\\/#mainImage\",\"width\":1620,\"height\":1080},\"primaryImageOfPage\":{\"@id\":\"https:\\\/\\\/www.worldrally.eu\\\/index.php\\\/2023\\\/09\\\/12\\\/mabellini-bede-silniejszy\\\/#mainImage\"},\"datePublished\":\"2023-09-12T14:08:43+00:00\",\"dateModified\":\"2023-09-12T14:08:43+00:00\"},{\"@type\":\"WebSite\",\"@id\":\"https:\\\/\\\/www.worldrally.eu\\\/#website\",\"url\":\"https:\\\/\\\/www.worldrally.eu\\\/\",\"name\":\"WorldRally.eu\",\"inLanguage\":\"en-GB\",\"publisher\":{\"@id\":\"https:\\\/\\\/www.worldrally.eu\\\/#organization\"}}]}\n\t\t<\/script>\n\t\t<!-- All in One SEO -->\n\n","aioseo_head_json":{"title":"Mabellini b\u0119d\u0119 silniejszy \u00bb WorldRally.eu","description":"Andrea Mabellini nie by\u0142 w stanie przyst\u0105pi\u0107 do Rajdu Czech Barum Zl\u00edn ze wzgl\u0119d\u00f3w finansowych, jednak\u017ce kierowca chce wykorzysta obecny fakt i skupi\u0107 si\u0119 nad sezonem 2023. o proste, nasz bud\u017cet si\u0119 sko\u0144czy\u0142 i nie mo\u017cemy kontynuowa\u0107. Nie jest \u0142atwo zatrzyma\u0107 nasz program, ale tak jest. Staramy si\u0119 pracowa\u0107 na przysz\u0142y rok. W\u0119gry b\u0119d\u0105 bardzo","canonical_url":"https:\/\/www.worldrally.eu\/index.php\/2023\/09\/12\/mabellini-bede-silniejszy\/","robots":"max-image-preview:large","keywords":"","webmasterTools":{"miscellaneous":""},"schema":{"@context":"https:\/\/schema.org","@graph":[{"@type":"BlogPosting","@id":"https:\/\/www.worldrally.eu\/index.php\/2023\/09\/12\/mabellini-bede-silniejszy\/#blogposting","name":"Mabellini b\u0119d\u0119 silniejszy \u00bb WorldRally.eu","headline":"Mabellini b\u0119d\u0119 silniejszy","author":{"@id":"https:\/\/www.worldrally.eu\/index.php\/author\/admin\/#author"},"publisher":{"@id":"https:\/\/www.worldrally.eu\/#organization"},"image":{"@type":"ImageObject","url":"https:\/\/www.worldrally.eu\/wp-content\/uploads\/2023\/09\/Photo-Adam-Owczarek-__PhotoMS.se_Bauhaus-Royal-Of-Scandinavia_1_5b.jpg","width":1620,"height":1080},"datePublished":"2023-09-12T14:08:43+00:00","dateModified":"2023-09-12T14:08:43+00:00","inLanguage":"en-GB","mainEntityOfPage":{"@id":"https:\/\/www.worldrally.eu\/index.php\/2023\/09\/12\/mabellini-bede-silniejszy\/#webpage"},"isPartOf":{"@id":"https:\/\/www.worldrally.eu\/index.php\/2023\/09\/12\/mabellini-bede-silniejszy\/#webpage"},"articleSection":"ERC"},{"@type":"BreadcrumbList","@id":"https:\/\/www.worldrally.eu\/index.php\/2023\/09\/12\/mabellini-bede-silniejszy\/#breadcrumblist","itemListElement":[{"@type":"ListItem","@id":"https:\/\/www.worldrally.eu#listItem","position":1,"name":"Home","item":"https:\/\/www.worldrally.eu","nextItem":{"@type":"ListItem","@id":"https:\/\/www.worldrally.eu\/index.php\/category\/erc\/#listItem","name":"ERC"}},{"@type":"ListItem","@id":"https:\/\/www.worldrally.eu\/index.php\/category\/erc\/#listItem","position":2,"name":"ERC","item":"https:\/\/www.worldrally.eu\/index.php\/category\/erc\/","nextItem":{"@type":"ListItem","@id":"https:\/\/www.worldrally.eu\/index.php\/2023\/09\/12\/mabellini-bede-silniejszy\/#listItem","name":"Mabellini b\u0119d\u0119 silniejszy"},"previousItem":{"@type":"ListItem","@id":"https:\/\/www.worldrally.eu#listItem","name":"Home"}},{"@type":"ListItem","@id":"https:\/\/www.worldrally.eu\/index.php\/2023\/09\/12\/mabellini-bede-silniejszy\/#listItem","position":3,"name":"Mabellini b\u0119d\u0119 silniejszy","previousItem":{"@type":"ListItem","@id":"https:\/\/www.worldrally.eu\/index.php\/category\/erc\/#listItem","name":"ERC"}}]},{"@type":"Organization","@id":"https:\/\/www.worldrally.eu\/#organization","name":"WorldRally.eu","url":"https:\/\/www.worldrally.eu\/","logo":{"@type":"ImageObject","url":"https:\/\/www.worldrally.eu\/wp-content\/uploads\/2026\/01\/cropped-logo-3.png","@id":"https:\/\/www.worldrally.eu\/index.php\/2023\/09\/12\/mabellini-bede-silniejszy\/#organizationLogo","width":2039,"height":756},"image":{"@id":"https:\/\/www.worldrally.eu\/index.php\/2023\/09\/12\/mabellini-bede-silniejszy\/#organizationLogo"}},{"@type":"Person","@id":"https:\/\/www.worldrally.eu\/index.php\/author\/admin\/#author","url":"https:\/\/www.worldrally.eu\/index.php\/author\/admin\/","name":"Junior","image":{"@type":"ImageObject","@id":"https:\/\/www.worldrally.eu\/index.php\/2023\/09\/12\/mabellini-bede-silniejszy\/#authorImage","url":"https:\/\/secure.gravatar.com\/avatar\/5bd369ac0447285dc20b588693ca1756d0179a7f957258050a42a968bf3b9d0a?s=96&d=mm&r=g","width":96,"height":96,"caption":"Junior"}},{"@type":"WebPage","@id":"https:\/\/www.worldrally.eu\/index.php\/2023\/09\/12\/mabellini-bede-silniejszy\/#webpage","url":"https:\/\/www.worldrally.eu\/index.php\/2023\/09\/12\/mabellini-bede-silniejszy\/","name":"Mabellini b\u0119d\u0119 silniejszy \u00bb WorldRally.eu","description":"Andrea Mabellini nie by\u0142 w stanie przyst\u0105pi\u0107 do Rajdu Czech Barum Zl\u00edn ze wzgl\u0119d\u00f3w finansowych, jednak\u017ce kierowca chce wykorzysta obecny fakt i skupi\u0107 si\u0119 nad sezonem 2023. o proste, nasz bud\u017cet si\u0119 sko\u0144czy\u0142 i nie mo\u017cemy kontynuowa\u0107. Nie jest \u0142atwo zatrzyma\u0107 nasz program, ale tak jest. Staramy si\u0119 pracowa\u0107 na przysz\u0142y rok. W\u0119gry b\u0119d\u0105 bardzo","inLanguage":"en-GB","isPartOf":{"@id":"https:\/\/www.worldrally.eu\/#website"},"breadcrumb":{"@id":"https:\/\/www.worldrally.eu\/index.php\/2023\/09\/12\/mabellini-bede-silniejszy\/#breadcrumblist"},"author":{"@id":"https:\/\/www.worldrally.eu\/index.php\/author\/admin\/#author"},"creator":{"@id":"https:\/\/www.worldrally.eu\/index.php\/author\/admin\/#author"},"image":{"@type":"ImageObject","url":"https:\/\/www.worldrally.eu\/wp-content\/uploads\/2023\/09\/Photo-Adam-Owczarek-__PhotoMS.se_Bauhaus-Royal-Of-Scandinavia_1_5b.jpg","@id":"https:\/\/www.worldrally.eu\/index.php\/2023\/09\/12\/mabellini-bede-silniejszy\/#mainImage","width":1620,"height":1080},"primaryImageOfPage":{"@id":"https:\/\/www.worldrally.eu\/index.php\/2023\/09\/12\/mabellini-bede-silniejszy\/#mainImage"},"datePublished":"2023-09-12T14:08:43+00:00","dateModified":"2023-09-12T14:08:43+00:00"},{"@type":"WebSite","@id":"https:\/\/www.worldrally.eu\/#website","url":"https:\/\/www.worldrally.eu\/","name":"WorldRally.eu","inLanguage":"en-GB","publisher":{"@id":"https:\/\/www.worldrally.eu\/#organization"}}]},"og:locale":"en_GB","og:site_name":"WorldRally.eu \u00bb","og:type":"article","og:title":"Mabellini b\u0119d\u0119 silniejszy \u00bb WorldRally.eu","og:description":"Andrea Mabellini nie by\u0142 w stanie przyst\u0105pi\u0107 do Rajdu Czech Barum Zl\u00edn ze wzgl\u0119d\u00f3w finansowych, jednak\u017ce kierowca chce wykorzysta obecny fakt i skupi\u0107 si\u0119 nad sezonem 2023. o proste, nasz bud\u017cet si\u0119 sko\u0144czy\u0142 i nie mo\u017cemy kontynuowa\u0107. Nie jest \u0142atwo zatrzyma\u0107 nasz program, ale tak jest. Staramy si\u0119 pracowa\u0107 na przysz\u0142y rok. W\u0119gry b\u0119d\u0105 bardzo","og:url":"https:\/\/www.worldrally.eu\/index.php\/2023\/09\/12\/mabellini-bede-silniejszy\/","og:image":"https:\/\/www.worldrally.eu\/wp-content\/uploads\/2023\/09\/Photo-Adam-Owczarek-__PhotoMS.se_Bauhaus-Royal-Of-Scandinavia_1_5b.jpg","og:image:secure_url":"https:\/\/www.worldrally.eu\/wp-content\/uploads\/2023\/09\/Photo-Adam-Owczarek-__PhotoMS.se_Bauhaus-Royal-Of-Scandinavia_1_5b.jpg","og:image:width":1620,"og:image:height":1080,"article:published_time":"2023-09-12T14:08:43+00:00","article:modified_time":"2023-09-12T14:08:43+00:00","twitter:card":"summary_large_image","twitter:title":"Mabellini b\u0119d\u0119 silniejszy \u00bb WorldRally.eu","twitter:description":"Andrea Mabellini nie by\u0142 w stanie przyst\u0105pi\u0107 do Rajdu Czech Barum Zl\u00edn ze wzgl\u0119d\u00f3w finansowych, jednak\u017ce kierowca chce wykorzysta obecny fakt i skupi\u0107 si\u0119 nad sezonem 2023. o proste, nasz bud\u017cet si\u0119 sko\u0144czy\u0142 i nie mo\u017cemy kontynuowa\u0107. Nie jest \u0142atwo zatrzyma\u0107 nasz program, ale tak jest. Staramy si\u0119 pracowa\u0107 na przysz\u0142y rok. W\u0119gry b\u0119d\u0105 bardzo","twitter:image":"https:\/\/www.worldrally.eu\/wp-content\/uploads\/2023\/09\/Photo-Adam-Owczarek-__PhotoMS.se_Bauhaus-Royal-Of-Scandinavia_1_5b.jpg"},"aioseo_meta_data":{"post_id":"1960","title":null,"description":null,"keywords":null,"keyphrases":null,"primary_term":null,"canonical_url":null,"og_title":null,"og_description":null,"og_object_type":"default","og_image_type":"default","og_image_url":null,"og_image_width":null,"og_image_height":null,"og_image_custom_url":null,"og_image_custom_fields":null,"og_video":null,"og_custom_url":null,"og_article_section":null,"og_article_tags":null,"twitter_use_og":false,"twitter_card":"default","twitter_image_type":"default","twitter_image_url":null,"twitter_image_custom_url":null,"twitter_image_custom_fields":null,"twitter_title":null,"twitter_description":null,"schema":{"blockGraphs":[],"customGraphs":[],"default":{"data":{"Article":[],"Course":[],"Dataset":[],"FAQPage":[],"Movie":[],"Person":[],"Product":[],"ProductReview":[],"Car":[],"Recipe":[],"Service":[],"SoftwareApplication":[],"WebPage":[]},"graphName":"","isEnabled":true},"graphs":[]},"schema_type":"default","schema_type_options":null,"pillar_content":false,"robots_default":true,"robots_noindex":false,"robots_noarchive":false,"robots_nosnippet":false,"robots_nofollow":false,"robots_noimageindex":false,"robots_noodp":false,"robots_notranslate":false,"robots_max_snippet":null,"robots_max_videopreview":null,"robots_max_imagepreview":"large","priority":null,"frequency":null,"local_seo":null,"breadcrumb_settings":null,"limit_modified_date":false,"ai":null,"created":"2025-03-22 06:26:32","updated":"2025-10-26 11:55:26","seo_analyzer_scan_date":null},"aioseo_breadcrumb":"<div class=\"aioseo-breadcrumbs\"><span class=\"aioseo-breadcrumb\">\n\t\t\t<a href=\"https:\/\/www.worldrally.eu\" title=\"Home\">Home<\/a>\n\t\t<\/span><span class=\"aioseo-breadcrumb-separator\">&raquo;<\/span><span class=\"aioseo-breadcrumb\">\n\t\t\t<a href=\"https:\/\/www.worldrally.eu\/index.php\/category\/erc\/\" title=\"ERC\">ERC<\/a>\n\t\t<\/span><span class=\"aioseo-breadcrumb-separator\">&raquo;<\/span><span class=\"aioseo-breadcrumb\">\n\t\t\tMabellini b\u0119d\u0119 silniejszy\n\t\t<\/span><\/div>","aioseo_breadcrumb_json":[{"label":"Home","link":"https:\/\/www.worldrally.eu"},{"label":"ERC","link":"https:\/\/www.worldrally.eu\/index.php\/category\/erc\/"},{"label":"Mabellini b\u0119d\u0119 silniejszy","link":"https:\/\/www.worldrally.eu\/index.php\/2023\/09\/12\/mabellini-bede-silniejszy\/"}],"cc_featured_image_caption":{"caption_text":"Photo-Adam-Owczarek-__PhotoMS.se_Bauhaus-Royal-Of-Scandinavia_","source_text":"","source_url":""},"_links":{"self":[{"href":"https:\/\/www.worldrally.eu\/index.php\/wp-json\/wp\/v2\/posts\/1960","targetHints":{"allow":["GET"]}}],"collection":[{"href":"https:\/\/www.worldrally.eu\/index.php\/wp-json\/wp\/v2\/posts"}],"about":[{"href":"https:\/\/www.worldrally.eu\/index.php\/wp-json\/wp\/v2\/types\/post"}],"author":[{"embeddable":true,"href":"https:\/\/www.worldrally.eu\/index.php\/wp-json\/wp\/v2\/users\/1"}],"replies":[{"embeddable":true,"href":"https:\/\/www.worldrally.eu\/index.php\/wp-json\/wp\/v2\/comments?post=1960"}],"version-history":[{"count":1,"href":"https:\/\/www.worldrally.eu\/index.php\/wp-json\/wp\/v2\/posts\/1960\/revisions"}],"predecessor-version":[{"id":1963,"href":"https:\/\/www.worldrally.eu\/index.php\/wp-json\/wp\/v2\/posts\/1960\/revisions\/1963"}],"wp:featuredmedia":[{"embeddable":true,"href":"https:\/\/www.worldrally.eu\/index.php\/wp-json\/wp\/v2\/media\/1961"}],"wp:attachment":[{"href":"https:\/\/www.worldrally.eu\/index.php\/wp-json\/wp\/v2\/media?parent=1960"}],"wp:term":[{"taxonomy":"category","embeddable":true,"href":"https:\/\/www.worldrally.eu\/index.php\/wp-json\/wp\/v2\/categories?post=1960"},{"taxonomy":"post_tag","embeddable":true,"href":"https:\/\/www.worldrally.eu\/index.php\/wp-json\/wp\/v2\/tags?post=1960"}],"curies":[{"name":"wp","href":"https:\/\/api.w.org\/{rel}","templated":true}]}}