{"id":1933,"date":"2023-09-01T21:37:02","date_gmt":"2023-09-01T21:37:02","guid":{"rendered":"https:\/\/www.worldrally.eu\/?p=1933"},"modified":"2023-09-01T21:37:02","modified_gmt":"2023-09-01T21:37:02","slug":"lappi-liczy-na-podium","status":"publish","type":"post","link":"https:\/\/www.worldrally.eu\/index.php\/2023\/09\/01\/lappi-liczy-na-podium\/","title":{"rendered":"Lappi liczy na podium"},"content":{"rendered":"\n<p class=\"wp-block-paragraph\">Esapekka Lappi, kierowca Hyundaia stara si\u0119 odnale\u017a\u0107 spos\u00f3b powrotu do formy, kt\u00f3ry by m\u00f3g\u0142 mu umo\u017cliwi\u0107 zdobycie podium podczas nadchodz\u0105cej rundy EKO Acropolis Rally Grecja.<\/p>\n\n\n\n<p class=\"wp-block-paragraph\">Wcze\u015bniej 32-latek zajmowa\u0142 trzy miejsca w pierwszej tr\u00f3jce w czterech z pi\u0119ciu ostatnich start\u00f3w, nie jednokrotnie pokaza\u0142, \u017ce tempo nie stanowi problemu i potrafi by\u0107 niezmierni szybki ,aczkolwiek nie do ko\u0144ca sprzyjaj\u0105ce szcz\u0119\u015bcie mu towarzyszy\u0142o ww obecnym sezonie.<\/p>\n\n\n\n<blockquote class=\"wp-block-quote is-layout-flow wp-block-quote-is-layout-flow\">\n<p class=\"wp-block-paragraph\">Grecja to trudny kraj, ale celem jest podium \u2013 tam chc\u0119 by\u0107 w niedziel\u0119, wi\u0119c o to b\u0119dziemy walczy\u0107. Oczywi\u015bcie Finlandia by\u0142a rozczarowuj\u0105ca. Nie czu\u0142em si\u0119 komfortowo w samochodzie, a kiedy pcha\u0142em, odczuwa\u0142em coraz wi\u0119kszy dyskomfort. Grecja to zupe\u0142nie inny rajd<\/p>\n<cite>powiedzia\u0142 Lappi<\/cite><\/blockquote>\n\n\n\n<figure class=\"wp-block-image size-large\"><img fetchpriority=\"high\" decoding=\"async\" width=\"1024\" height=\"768\" src=\"http:\/\/www.worldrally.eu\/wp-content\/uploads\/2023\/07\/esapekka-1-1024x768.jpg\" alt=\"\" class=\"wp-image-1753\" srcset=\"https:\/\/www.worldrally.eu\/wp-content\/uploads\/2023\/07\/esapekka-1-1024x768.jpg 1024w, https:\/\/www.worldrally.eu\/wp-content\/uploads\/2023\/07\/esapekka-1-300x225.jpg 300w, https:\/\/www.worldrally.eu\/wp-content\/uploads\/2023\/07\/esapekka-1-768x576.jpg 768w, https:\/\/www.worldrally.eu\/wp-content\/uploads\/2023\/07\/esapekka-1-1536x1152.jpg 1536w, https:\/\/www.worldrally.eu\/wp-content\/uploads\/2023\/07\/esapekka-1.jpg 2048w\" sizes=\"(max-width: 1024px) 100vw, 1024px\" \/><figcaption class=\"wp-element-caption\">Foto &#8211; WRCcom<\/figcaption><\/figure>\n\n\n\n<blockquote class=\"wp-block-quote is-layout-flow wp-block-quote-is-layout-flow\">\n<p class=\"wp-block-paragraph\">B\u0119dzie gor\u0105co, to pewne. To sprawia, \u017ce jest to bardzo wymagaj\u0105ce dla opon i hamulc\u00f3w, a tak\u017ce dla za\u0142ogi \u2013 musimy zadba\u0107 o odpowiednie nawodnienie. Musimy trzyma\u0107 si\u0119 z daleka od k\u0142opot\u00f3w i utrzymywa\u0107 samoch\u00f3d na czystej linii, aby zapewni\u0107 maksymaln\u0105 przyczepno\u015b\u0107.<\/p>\n<cite>daoda\u0142<\/cite><\/blockquote>\n","protected":false},"excerpt":{"rendered":"<p>Esapekka Lappi, kierowca Hyundaia stara si\u0119 odnale\u017a\u0107 spos\u00f3b powrotu do formy, kt\u00f3ry by m\u00f3g\u0142 mu umo\u017cliwi\u0107 zdobycie podium podczas nadchodz\u0105cej rundy EKO Acropolis Rally Grecja. Wcze\u015bniej 32-latek zajmowa\u0142 trzy miejsca w pierwszej tr\u00f3jce w czterech z pi\u0119ciu ostatnich start\u00f3w, nie jednokrotnie pokaza\u0142, \u017ce tempo nie stanowi problemu i potrafi by\u0107 niezmierni szybki ,aczkolwiek nie do [&hellip;]<\/p>\n","protected":false},"author":1,"featured_media":1934,"comment_status":"closed","ping_status":"closed","sticky":false,"template":"","format":"standard","meta":{"_monsterinsights_skip_tracking":false,"_monsterinsights_sitenote_active":false,"_monsterinsights_sitenote_note":"","_monsterinsights_sitenote_category":0,"footnotes":""},"categories":[3],"tags":[],"class_list":["post-1933","post","type-post","status-publish","format-standard","has-post-thumbnail","hentry","category-wrc"],"aioseo_notices":[],"aioseo_head":"\n\t\t<!-- All in One SEO 4.9.9 - aioseo.com -->\n\t<meta name=\"description\" content=\"Esapekka Lappi, kierowca Hyundaia stara si\u0119 odnale\u017a\u0107 spos\u00f3b powrotu do formy, kt\u00f3ry by m\u00f3g\u0142 mu umo\u017cliwi\u0107 zdobycie podium podczas nadchodz\u0105cej rundy EKO Acropolis Rally Grecja. Wcze\u015bniej 32-latek zajmowa\u0142 trzy miejsca w pierwszej tr\u00f3jce w czterech z pi\u0119ciu ostatnich start\u00f3w, nie jednokrotnie pokaza\u0142, \u017ce tempo nie stanowi problemu i potrafi by\u0107 niezmierni szybki ,aczkolwiek nie do\" \/>\n\t<meta name=\"robots\" content=\"max-image-preview:large\" \/>\n\t<meta name=\"author\" content=\"Junior\"\/>\n\t<link rel=\"canonical\" href=\"https:\/\/www.worldrally.eu\/index.php\/2023\/09\/01\/lappi-liczy-na-podium\/\" \/>\n\t<meta name=\"generator\" content=\"All in One SEO (AIOSEO) 4.9.9\" \/>\n\t\t<meta property=\"og:locale\" content=\"en_GB\" \/>\n\t\t<meta property=\"og:site_name\" content=\"WorldRally.eu \u00bb\" \/>\n\t\t<meta property=\"og:type\" content=\"article\" \/>\n\t\t<meta property=\"og:title\" content=\"Lappi liczy na podium \u00bb WorldRally.eu\" \/>\n\t\t<meta property=\"og:description\" content=\"Esapekka Lappi, kierowca Hyundaia stara si\u0119 odnale\u017a\u0107 spos\u00f3b powrotu do formy, kt\u00f3ry by m\u00f3g\u0142 mu umo\u017cliwi\u0107 zdobycie podium podczas nadchodz\u0105cej rundy EKO Acropolis Rally Grecja. Wcze\u015bniej 32-latek zajmowa\u0142 trzy miejsca w pierwszej tr\u00f3jce w czterech z pi\u0119ciu ostatnich start\u00f3w, nie jednokrotnie pokaza\u0142, \u017ce tempo nie stanowi problemu i potrafi by\u0107 niezmierni szybki ,aczkolwiek nie do\" \/>\n\t\t<meta property=\"og:url\" content=\"https:\/\/www.worldrally.eu\/index.php\/2023\/09\/01\/lappi-liczy-na-podium\/\" \/>\n\t\t<meta property=\"og:image\" content=\"https:\/\/www.worldrally.eu\/wp-content\/uploads\/2023\/09\/2f7c1977-842c-413b-a8dd-db993fe5cbdc_010923hmsglappi1.jpg\" \/>\n\t\t<meta property=\"og:image:secure_url\" content=\"https:\/\/www.worldrally.eu\/wp-content\/uploads\/2023\/09\/2f7c1977-842c-413b-a8dd-db993fe5cbdc_010923hmsglappi1.jpg\" \/>\n\t\t<meta property=\"og:image:width\" content=\"1920\" \/>\n\t\t<meta property=\"og:image:height\" content=\"1080\" \/>\n\t\t<meta property=\"article:published_time\" content=\"2023-09-01T21:37:02+00:00\" \/>\n\t\t<meta property=\"article:modified_time\" content=\"2023-09-01T21:37:02+00:00\" \/>\n\t\t<meta name=\"twitter:card\" content=\"summary_large_image\" \/>\n\t\t<meta name=\"twitter:title\" content=\"Lappi liczy na podium \u00bb WorldRally.eu\" \/>\n\t\t<meta name=\"twitter:description\" content=\"Esapekka Lappi, kierowca Hyundaia stara si\u0119 odnale\u017a\u0107 spos\u00f3b powrotu do formy, kt\u00f3ry by m\u00f3g\u0142 mu umo\u017cliwi\u0107 zdobycie podium podczas nadchodz\u0105cej rundy EKO Acropolis Rally Grecja. Wcze\u015bniej 32-latek zajmowa\u0142 trzy miejsca w pierwszej tr\u00f3jce w czterech z pi\u0119ciu ostatnich start\u00f3w, nie jednokrotnie pokaza\u0142, \u017ce tempo nie stanowi problemu i potrafi by\u0107 niezmierni szybki ,aczkolwiek nie do\" \/>\n\t\t<meta name=\"twitter:image\" content=\"https:\/\/www.worldrally.eu\/wp-content\/uploads\/2023\/09\/2f7c1977-842c-413b-a8dd-db993fe5cbdc_010923hmsglappi1.jpg\" \/>\n\t\t<script type=\"application\/ld+json\" class=\"aioseo-schema\">\n\t\t\t{\"@context\":\"https:\\\/\\\/schema.org\",\"@graph\":[{\"@type\":\"BlogPosting\",\"@id\":\"https:\\\/\\\/www.worldrally.eu\\\/index.php\\\/2023\\\/09\\\/01\\\/lappi-liczy-na-podium\\\/#blogposting\",\"name\":\"Lappi liczy na podium \\u00bb WorldRally.eu\",\"headline\":\"Lappi liczy na podium\",\"author\":{\"@id\":\"https:\\\/\\\/www.worldrally.eu\\\/index.php\\\/author\\\/admin\\\/#author\"},\"publisher\":{\"@id\":\"https:\\\/\\\/www.worldrally.eu\\\/#organization\"},\"image\":{\"@type\":\"ImageObject\",\"url\":\"https:\\\/\\\/www.worldrally.eu\\\/wp-content\\\/uploads\\\/2023\\\/09\\\/2f7c1977-842c-413b-a8dd-db993fe5cbdc_010923hmsglappi1.jpg\",\"width\":1920,\"height\":1080},\"datePublished\":\"2023-09-01T21:37:02+00:00\",\"dateModified\":\"2023-09-01T21:37:02+00:00\",\"inLanguage\":\"en-GB\",\"mainEntityOfPage\":{\"@id\":\"https:\\\/\\\/www.worldrally.eu\\\/index.php\\\/2023\\\/09\\\/01\\\/lappi-liczy-na-podium\\\/#webpage\"},\"isPartOf\":{\"@id\":\"https:\\\/\\\/www.worldrally.eu\\\/index.php\\\/2023\\\/09\\\/01\\\/lappi-liczy-na-podium\\\/#webpage\"},\"articleSection\":\"WRC\"},{\"@type\":\"BreadcrumbList\",\"@id\":\"https:\\\/\\\/www.worldrally.eu\\\/index.php\\\/2023\\\/09\\\/01\\\/lappi-liczy-na-podium\\\/#breadcrumblist\",\"itemListElement\":[{\"@type\":\"ListItem\",\"@id\":\"https:\\\/\\\/www.worldrally.eu#listItem\",\"position\":1,\"name\":\"Home\",\"item\":\"https:\\\/\\\/www.worldrally.eu\",\"nextItem\":{\"@type\":\"ListItem\",\"@id\":\"https:\\\/\\\/www.worldrally.eu\\\/index.php\\\/category\\\/wrc\\\/#listItem\",\"name\":\"WRC\"}},{\"@type\":\"ListItem\",\"@id\":\"https:\\\/\\\/www.worldrally.eu\\\/index.php\\\/category\\\/wrc\\\/#listItem\",\"position\":2,\"name\":\"WRC\",\"item\":\"https:\\\/\\\/www.worldrally.eu\\\/index.php\\\/category\\\/wrc\\\/\",\"nextItem\":{\"@type\":\"ListItem\",\"@id\":\"https:\\\/\\\/www.worldrally.eu\\\/index.php\\\/2023\\\/09\\\/01\\\/lappi-liczy-na-podium\\\/#listItem\",\"name\":\"Lappi liczy na podium\"},\"previousItem\":{\"@type\":\"ListItem\",\"@id\":\"https:\\\/\\\/www.worldrally.eu#listItem\",\"name\":\"Home\"}},{\"@type\":\"ListItem\",\"@id\":\"https:\\\/\\\/www.worldrally.eu\\\/index.php\\\/2023\\\/09\\\/01\\\/lappi-liczy-na-podium\\\/#listItem\",\"position\":3,\"name\":\"Lappi liczy na podium\",\"previousItem\":{\"@type\":\"ListItem\",\"@id\":\"https:\\\/\\\/www.worldrally.eu\\\/index.php\\\/category\\\/wrc\\\/#listItem\",\"name\":\"WRC\"}}]},{\"@type\":\"Organization\",\"@id\":\"https:\\\/\\\/www.worldrally.eu\\\/#organization\",\"name\":\"WorldRally.eu\",\"url\":\"https:\\\/\\\/www.worldrally.eu\\\/\",\"logo\":{\"@type\":\"ImageObject\",\"url\":\"https:\\\/\\\/www.worldrally.eu\\\/wp-content\\\/uploads\\\/2026\\\/01\\\/cropped-logo-3.png\",\"@id\":\"https:\\\/\\\/www.worldrally.eu\\\/index.php\\\/2023\\\/09\\\/01\\\/lappi-liczy-na-podium\\\/#organizationLogo\",\"width\":2039,\"height\":756},\"image\":{\"@id\":\"https:\\\/\\\/www.worldrally.eu\\\/index.php\\\/2023\\\/09\\\/01\\\/lappi-liczy-na-podium\\\/#organizationLogo\"}},{\"@type\":\"Person\",\"@id\":\"https:\\\/\\\/www.worldrally.eu\\\/index.php\\\/author\\\/admin\\\/#author\",\"url\":\"https:\\\/\\\/www.worldrally.eu\\\/index.php\\\/author\\\/admin\\\/\",\"name\":\"Junior\",\"image\":{\"@type\":\"ImageObject\",\"@id\":\"https:\\\/\\\/www.worldrally.eu\\\/index.php\\\/2023\\\/09\\\/01\\\/lappi-liczy-na-podium\\\/#authorImage\",\"url\":\"https:\\\/\\\/secure.gravatar.com\\\/avatar\\\/5bd369ac0447285dc20b588693ca1756d0179a7f957258050a42a968bf3b9d0a?s=96&d=mm&r=g\",\"width\":96,\"height\":96,\"caption\":\"Junior\"}},{\"@type\":\"WebPage\",\"@id\":\"https:\\\/\\\/www.worldrally.eu\\\/index.php\\\/2023\\\/09\\\/01\\\/lappi-liczy-na-podium\\\/#webpage\",\"url\":\"https:\\\/\\\/www.worldrally.eu\\\/index.php\\\/2023\\\/09\\\/01\\\/lappi-liczy-na-podium\\\/\",\"name\":\"Lappi liczy na podium \\u00bb WorldRally.eu\",\"description\":\"Esapekka Lappi, kierowca Hyundaia stara si\\u0119 odnale\\u017a\\u0107 spos\\u00f3b powrotu do formy, kt\\u00f3ry by m\\u00f3g\\u0142 mu umo\\u017cliwi\\u0107 zdobycie podium podczas nadchodz\\u0105cej rundy EKO Acropolis Rally Grecja. Wcze\\u015bniej 32-latek zajmowa\\u0142 trzy miejsca w pierwszej tr\\u00f3jce w czterech z pi\\u0119ciu ostatnich start\\u00f3w, nie jednokrotnie pokaza\\u0142, \\u017ce tempo nie stanowi problemu i potrafi by\\u0107 niezmierni szybki ,aczkolwiek nie do\",\"inLanguage\":\"en-GB\",\"isPartOf\":{\"@id\":\"https:\\\/\\\/www.worldrally.eu\\\/#website\"},\"breadcrumb\":{\"@id\":\"https:\\\/\\\/www.worldrally.eu\\\/index.php\\\/2023\\\/09\\\/01\\\/lappi-liczy-na-podium\\\/#breadcrumblist\"},\"author\":{\"@id\":\"https:\\\/\\\/www.worldrally.eu\\\/index.php\\\/author\\\/admin\\\/#author\"},\"creator\":{\"@id\":\"https:\\\/\\\/www.worldrally.eu\\\/index.php\\\/author\\\/admin\\\/#author\"},\"image\":{\"@type\":\"ImageObject\",\"url\":\"https:\\\/\\\/www.worldrally.eu\\\/wp-content\\\/uploads\\\/2023\\\/09\\\/2f7c1977-842c-413b-a8dd-db993fe5cbdc_010923hmsglappi1.jpg\",\"@id\":\"https:\\\/\\\/www.worldrally.eu\\\/index.php\\\/2023\\\/09\\\/01\\\/lappi-liczy-na-podium\\\/#mainImage\",\"width\":1920,\"height\":1080},\"primaryImageOfPage\":{\"@id\":\"https:\\\/\\\/www.worldrally.eu\\\/index.php\\\/2023\\\/09\\\/01\\\/lappi-liczy-na-podium\\\/#mainImage\"},\"datePublished\":\"2023-09-01T21:37:02+00:00\",\"dateModified\":\"2023-09-01T21:37:02+00:00\"},{\"@type\":\"WebSite\",\"@id\":\"https:\\\/\\\/www.worldrally.eu\\\/#website\",\"url\":\"https:\\\/\\\/www.worldrally.eu\\\/\",\"name\":\"WorldRally.eu\",\"inLanguage\":\"en-GB\",\"publisher\":{\"@id\":\"https:\\\/\\\/www.worldrally.eu\\\/#organization\"}}]}\n\t\t<\/script>\n\t\t<!-- All in One SEO -->\n\n","aioseo_head_json":{"title":"Lappi liczy na podium \u00bb WorldRally.eu","description":"Esapekka Lappi, kierowca Hyundaia stara si\u0119 odnale\u017a\u0107 spos\u00f3b powrotu do formy, kt\u00f3ry by m\u00f3g\u0142 mu umo\u017cliwi\u0107 zdobycie podium podczas nadchodz\u0105cej rundy EKO Acropolis Rally Grecja. Wcze\u015bniej 32-latek zajmowa\u0142 trzy miejsca w pierwszej tr\u00f3jce w czterech z pi\u0119ciu ostatnich start\u00f3w, nie jednokrotnie pokaza\u0142, \u017ce tempo nie stanowi problemu i potrafi by\u0107 niezmierni szybki ,aczkolwiek nie do","canonical_url":"https:\/\/www.worldrally.eu\/index.php\/2023\/09\/01\/lappi-liczy-na-podium\/","robots":"max-image-preview:large","keywords":"","webmasterTools":{"miscellaneous":""},"schema":{"@context":"https:\/\/schema.org","@graph":[{"@type":"BlogPosting","@id":"https:\/\/www.worldrally.eu\/index.php\/2023\/09\/01\/lappi-liczy-na-podium\/#blogposting","name":"Lappi liczy na podium \u00bb WorldRally.eu","headline":"Lappi liczy na podium","author":{"@id":"https:\/\/www.worldrally.eu\/index.php\/author\/admin\/#author"},"publisher":{"@id":"https:\/\/www.worldrally.eu\/#organization"},"image":{"@type":"ImageObject","url":"https:\/\/www.worldrally.eu\/wp-content\/uploads\/2023\/09\/2f7c1977-842c-413b-a8dd-db993fe5cbdc_010923hmsglappi1.jpg","width":1920,"height":1080},"datePublished":"2023-09-01T21:37:02+00:00","dateModified":"2023-09-01T21:37:02+00:00","inLanguage":"en-GB","mainEntityOfPage":{"@id":"https:\/\/www.worldrally.eu\/index.php\/2023\/09\/01\/lappi-liczy-na-podium\/#webpage"},"isPartOf":{"@id":"https:\/\/www.worldrally.eu\/index.php\/2023\/09\/01\/lappi-liczy-na-podium\/#webpage"},"articleSection":"WRC"},{"@type":"BreadcrumbList","@id":"https:\/\/www.worldrally.eu\/index.php\/2023\/09\/01\/lappi-liczy-na-podium\/#breadcrumblist","itemListElement":[{"@type":"ListItem","@id":"https:\/\/www.worldrally.eu#listItem","position":1,"name":"Home","item":"https:\/\/www.worldrally.eu","nextItem":{"@type":"ListItem","@id":"https:\/\/www.worldrally.eu\/index.php\/category\/wrc\/#listItem","name":"WRC"}},{"@type":"ListItem","@id":"https:\/\/www.worldrally.eu\/index.php\/category\/wrc\/#listItem","position":2,"name":"WRC","item":"https:\/\/www.worldrally.eu\/index.php\/category\/wrc\/","nextItem":{"@type":"ListItem","@id":"https:\/\/www.worldrally.eu\/index.php\/2023\/09\/01\/lappi-liczy-na-podium\/#listItem","name":"Lappi liczy na podium"},"previousItem":{"@type":"ListItem","@id":"https:\/\/www.worldrally.eu#listItem","name":"Home"}},{"@type":"ListItem","@id":"https:\/\/www.worldrally.eu\/index.php\/2023\/09\/01\/lappi-liczy-na-podium\/#listItem","position":3,"name":"Lappi liczy na podium","previousItem":{"@type":"ListItem","@id":"https:\/\/www.worldrally.eu\/index.php\/category\/wrc\/#listItem","name":"WRC"}}]},{"@type":"Organization","@id":"https:\/\/www.worldrally.eu\/#organization","name":"WorldRally.eu","url":"https:\/\/www.worldrally.eu\/","logo":{"@type":"ImageObject","url":"https:\/\/www.worldrally.eu\/wp-content\/uploads\/2026\/01\/cropped-logo-3.png","@id":"https:\/\/www.worldrally.eu\/index.php\/2023\/09\/01\/lappi-liczy-na-podium\/#organizationLogo","width":2039,"height":756},"image":{"@id":"https:\/\/www.worldrally.eu\/index.php\/2023\/09\/01\/lappi-liczy-na-podium\/#organizationLogo"}},{"@type":"Person","@id":"https:\/\/www.worldrally.eu\/index.php\/author\/admin\/#author","url":"https:\/\/www.worldrally.eu\/index.php\/author\/admin\/","name":"Junior","image":{"@type":"ImageObject","@id":"https:\/\/www.worldrally.eu\/index.php\/2023\/09\/01\/lappi-liczy-na-podium\/#authorImage","url":"https:\/\/secure.gravatar.com\/avatar\/5bd369ac0447285dc20b588693ca1756d0179a7f957258050a42a968bf3b9d0a?s=96&d=mm&r=g","width":96,"height":96,"caption":"Junior"}},{"@type":"WebPage","@id":"https:\/\/www.worldrally.eu\/index.php\/2023\/09\/01\/lappi-liczy-na-podium\/#webpage","url":"https:\/\/www.worldrally.eu\/index.php\/2023\/09\/01\/lappi-liczy-na-podium\/","name":"Lappi liczy na podium \u00bb WorldRally.eu","description":"Esapekka Lappi, kierowca Hyundaia stara si\u0119 odnale\u017a\u0107 spos\u00f3b powrotu do formy, kt\u00f3ry by m\u00f3g\u0142 mu umo\u017cliwi\u0107 zdobycie podium podczas nadchodz\u0105cej rundy EKO Acropolis Rally Grecja. Wcze\u015bniej 32-latek zajmowa\u0142 trzy miejsca w pierwszej tr\u00f3jce w czterech z pi\u0119ciu ostatnich start\u00f3w, nie jednokrotnie pokaza\u0142, \u017ce tempo nie stanowi problemu i potrafi by\u0107 niezmierni szybki ,aczkolwiek nie do","inLanguage":"en-GB","isPartOf":{"@id":"https:\/\/www.worldrally.eu\/#website"},"breadcrumb":{"@id":"https:\/\/www.worldrally.eu\/index.php\/2023\/09\/01\/lappi-liczy-na-podium\/#breadcrumblist"},"author":{"@id":"https:\/\/www.worldrally.eu\/index.php\/author\/admin\/#author"},"creator":{"@id":"https:\/\/www.worldrally.eu\/index.php\/author\/admin\/#author"},"image":{"@type":"ImageObject","url":"https:\/\/www.worldrally.eu\/wp-content\/uploads\/2023\/09\/2f7c1977-842c-413b-a8dd-db993fe5cbdc_010923hmsglappi1.jpg","@id":"https:\/\/www.worldrally.eu\/index.php\/2023\/09\/01\/lappi-liczy-na-podium\/#mainImage","width":1920,"height":1080},"primaryImageOfPage":{"@id":"https:\/\/www.worldrally.eu\/index.php\/2023\/09\/01\/lappi-liczy-na-podium\/#mainImage"},"datePublished":"2023-09-01T21:37:02+00:00","dateModified":"2023-09-01T21:37:02+00:00"},{"@type":"WebSite","@id":"https:\/\/www.worldrally.eu\/#website","url":"https:\/\/www.worldrally.eu\/","name":"WorldRally.eu","inLanguage":"en-GB","publisher":{"@id":"https:\/\/www.worldrally.eu\/#organization"}}]},"og:locale":"en_GB","og:site_name":"WorldRally.eu \u00bb","og:type":"article","og:title":"Lappi liczy na podium \u00bb WorldRally.eu","og:description":"Esapekka Lappi, kierowca Hyundaia stara si\u0119 odnale\u017a\u0107 spos\u00f3b powrotu do formy, kt\u00f3ry by m\u00f3g\u0142 mu umo\u017cliwi\u0107 zdobycie podium podczas nadchodz\u0105cej rundy EKO Acropolis Rally Grecja. Wcze\u015bniej 32-latek zajmowa\u0142 trzy miejsca w pierwszej tr\u00f3jce w czterech z pi\u0119ciu ostatnich start\u00f3w, nie jednokrotnie pokaza\u0142, \u017ce tempo nie stanowi problemu i potrafi by\u0107 niezmierni szybki ,aczkolwiek nie do","og:url":"https:\/\/www.worldrally.eu\/index.php\/2023\/09\/01\/lappi-liczy-na-podium\/","og:image":"https:\/\/www.worldrally.eu\/wp-content\/uploads\/2023\/09\/2f7c1977-842c-413b-a8dd-db993fe5cbdc_010923hmsglappi1.jpg","og:image:secure_url":"https:\/\/www.worldrally.eu\/wp-content\/uploads\/2023\/09\/2f7c1977-842c-413b-a8dd-db993fe5cbdc_010923hmsglappi1.jpg","og:image:width":1920,"og:image:height":1080,"article:published_time":"2023-09-01T21:37:02+00:00","article:modified_time":"2023-09-01T21:37:02+00:00","twitter:card":"summary_large_image","twitter:title":"Lappi liczy na podium \u00bb WorldRally.eu","twitter:description":"Esapekka Lappi, kierowca Hyundaia stara si\u0119 odnale\u017a\u0107 spos\u00f3b powrotu do formy, kt\u00f3ry by m\u00f3g\u0142 mu umo\u017cliwi\u0107 zdobycie podium podczas nadchodz\u0105cej rundy EKO Acropolis Rally Grecja. Wcze\u015bniej 32-latek zajmowa\u0142 trzy miejsca w pierwszej tr\u00f3jce w czterech z pi\u0119ciu ostatnich start\u00f3w, nie jednokrotnie pokaza\u0142, \u017ce tempo nie stanowi problemu i potrafi by\u0107 niezmierni szybki ,aczkolwiek nie do","twitter:image":"https:\/\/www.worldrally.eu\/wp-content\/uploads\/2023\/09\/2f7c1977-842c-413b-a8dd-db993fe5cbdc_010923hmsglappi1.jpg"},"aioseo_meta_data":{"post_id":"1933","title":null,"description":null,"keywords":null,"keyphrases":null,"primary_term":null,"canonical_url":null,"og_title":null,"og_description":null,"og_object_type":"default","og_image_type":"default","og_image_url":null,"og_image_width":null,"og_image_height":null,"og_image_custom_url":null,"og_image_custom_fields":null,"og_video":null,"og_custom_url":null,"og_article_section":null,"og_article_tags":null,"twitter_use_og":false,"twitter_card":"default","twitter_image_type":"default","twitter_image_url":null,"twitter_image_custom_url":null,"twitter_image_custom_fields":null,"twitter_title":null,"twitter_description":null,"schema":{"blockGraphs":[],"customGraphs":[],"default":{"data":{"Article":[],"Course":[],"Dataset":[],"FAQPage":[],"Movie":[],"Person":[],"Product":[],"ProductReview":[],"Car":[],"Recipe":[],"Service":[],"SoftwareApplication":[],"WebPage":[]},"graphName":"","isEnabled":true},"graphs":[]},"schema_type":"default","schema_type_options":null,"pillar_content":false,"robots_default":true,"robots_noindex":false,"robots_noarchive":false,"robots_nosnippet":false,"robots_nofollow":false,"robots_noimageindex":false,"robots_noodp":false,"robots_notranslate":false,"robots_max_snippet":null,"robots_max_videopreview":null,"robots_max_imagepreview":"large","priority":null,"frequency":null,"local_seo":null,"breadcrumb_settings":null,"limit_modified_date":false,"ai":null,"created":"2025-03-22 06:25:17","updated":"2025-10-26 11:39:51","seo_analyzer_scan_date":null},"aioseo_breadcrumb":"<div class=\"aioseo-breadcrumbs\"><span class=\"aioseo-breadcrumb\">\n\t\t\t<a href=\"https:\/\/www.worldrally.eu\" title=\"Home\">Home<\/a>\n\t\t<\/span><span class=\"aioseo-breadcrumb-separator\">&raquo;<\/span><span class=\"aioseo-breadcrumb\">\n\t\t\t<a href=\"https:\/\/www.worldrally.eu\/index.php\/category\/wrc\/\" title=\"WRC\">WRC<\/a>\n\t\t<\/span><span class=\"aioseo-breadcrumb-separator\">&raquo;<\/span><span class=\"aioseo-breadcrumb\">\n\t\t\tLappi liczy na podium\n\t\t<\/span><\/div>","aioseo_breadcrumb_json":[{"label":"Home","link":"https:\/\/www.worldrally.eu"},{"label":"WRC","link":"https:\/\/www.worldrally.eu\/index.php\/category\/wrc\/"},{"label":"Lappi liczy na podium","link":"https:\/\/www.worldrally.eu\/index.php\/2023\/09\/01\/lappi-liczy-na-podium\/"}],"cc_featured_image_caption":{"caption_text":"Foto - WRCcom","source_text":"","source_url":""},"_links":{"self":[{"href":"https:\/\/www.worldrally.eu\/index.php\/wp-json\/wp\/v2\/posts\/1933","targetHints":{"allow":["GET"]}}],"collection":[{"href":"https:\/\/www.worldrally.eu\/index.php\/wp-json\/wp\/v2\/posts"}],"about":[{"href":"https:\/\/www.worldrally.eu\/index.php\/wp-json\/wp\/v2\/types\/post"}],"author":[{"embeddable":true,"href":"https:\/\/www.worldrally.eu\/index.php\/wp-json\/wp\/v2\/users\/1"}],"replies":[{"embeddable":true,"href":"https:\/\/www.worldrally.eu\/index.php\/wp-json\/wp\/v2\/comments?post=1933"}],"version-history":[{"count":1,"href":"https:\/\/www.worldrally.eu\/index.php\/wp-json\/wp\/v2\/posts\/1933\/revisions"}],"predecessor-version":[{"id":1935,"href":"https:\/\/www.worldrally.eu\/index.php\/wp-json\/wp\/v2\/posts\/1933\/revisions\/1935"}],"wp:featuredmedia":[{"embeddable":true,"href":"https:\/\/www.worldrally.eu\/index.php\/wp-json\/wp\/v2\/media\/1934"}],"wp:attachment":[{"href":"https:\/\/www.worldrally.eu\/index.php\/wp-json\/wp\/v2\/media?parent=1933"}],"wp:term":[{"taxonomy":"category","embeddable":true,"href":"https:\/\/www.worldrally.eu\/index.php\/wp-json\/wp\/v2\/categories?post=1933"},{"taxonomy":"post_tag","embeddable":true,"href":"https:\/\/www.worldrally.eu\/index.php\/wp-json\/wp\/v2\/tags?post=1933"}],"curies":[{"name":"wp","href":"https:\/\/api.w.org\/{rel}","templated":true}]}}