{"id":1924,"date":"2023-08-31T16:39:07","date_gmt":"2023-08-31T16:39:07","guid":{"rendered":"https:\/\/www.worldrally.eu\/?p=1924"},"modified":"2023-08-31T16:39:07","modified_gmt":"2023-08-31T16:39:07","slug":"wagner-spokojny-i-opanowany","status":"publish","type":"post","link":"https:\/\/www.worldrally.eu\/index.php\/2023\/08\/31\/wagner-spokojny-i-opanowany\/","title":{"rendered":"Wagner spokojny i opanowany."},"content":{"rendered":"\n<p>Simon Wagner opisa\u0142, jak zachowanie spokoju i opanowania by\u0142o kluczem do jego zwyci\u0119stwa na Power Stage co w ostateczno\u015bci zaowocowa\u0142o miejscem na podium w Barum Czech Rally Zlin.<\/p>\n\n\n\n<p>Wagner by\u0142 na skraju utraty dobrego trzeciego miejsca w klasyfikacji generalnej, jednak\u017ce zdawa\u0142 sobie spraw\u0119, \u017ce ostatni odcinek b\u0119dzie decyduj\u0105cy o tym czy to miejsce zdob\u0119dzie. Ogromna presja przed startem do 16,69 kilometrowego odcinka  i \u015bwiadomo\u015b\u0107, \u017ce musi pokona\u0107 B\u0159ez\u00edka si\u0119ga\u0142a zenitu.<\/p>\n\n\n\n<blockquote class=\"wp-block-quote is-layout-flow wp-block-quote-is-layout-flow\">\n<p>Wygrali\u015bmy pierwszy etap w mie\u015bcie, a teraz Power Stage, wi\u0119c mo\u017cemy by\u0107 ca\u0142kiem szcz\u0119\u015bliwi. W \u015brodku weekendu, zw\u0142aszcza ostatniego ranka, nie czu\u0142em si\u0119 w stu procentach pewny siebie, ale stara\u0142em si\u0119 skupi\u0107 na Power Stage i w ko\u0144cu zdobyli\u015bmy trzecie miejsce. To by\u0142a wielka przyjemno\u015b\u0107 je\u017adzi\u0107 w Czechach, przy du\u017cej liczbie fan\u00f3w i du\u017cej konkurencji<\/p>\n<cite>powiedzia\u0142 Wagner na mecie Barum Czech Rally Zl\u00edn<\/cite><\/blockquote>\n\n\n\n<figure class=\"wp-block-image size-large\"><img fetchpriority=\"high\" decoding=\"async\" width=\"1024\" height=\"683\" src=\"https:\/\/www.worldrally.eu\/wp-content\/uploads\/2023\/08\/Photo-Adam-Owczarek-__PhotoMS.se_Barum-Czech-Rally-Zlin-2023_Day-3_3a-1024x683.jpg\" alt=\"\" class=\"wp-image-1925\" srcset=\"https:\/\/www.worldrally.eu\/wp-content\/uploads\/2023\/08\/Photo-Adam-Owczarek-__PhotoMS.se_Barum-Czech-Rally-Zlin-2023_Day-3_3a-1024x683.jpg 1024w, https:\/\/www.worldrally.eu\/wp-content\/uploads\/2023\/08\/Photo-Adam-Owczarek-__PhotoMS.se_Barum-Czech-Rally-Zlin-2023_Day-3_3a-300x200.jpg 300w, https:\/\/www.worldrally.eu\/wp-content\/uploads\/2023\/08\/Photo-Adam-Owczarek-__PhotoMS.se_Barum-Czech-Rally-Zlin-2023_Day-3_3a-768x512.jpg 768w, https:\/\/www.worldrally.eu\/wp-content\/uploads\/2023\/08\/Photo-Adam-Owczarek-__PhotoMS.se_Barum-Czech-Rally-Zlin-2023_Day-3_3a-1536x1024.jpg 1536w, https:\/\/www.worldrally.eu\/wp-content\/uploads\/2023\/08\/Photo-Adam-Owczarek-__PhotoMS.se_Barum-Czech-Rally-Zlin-2023_Day-3_3a-446x297.jpg 446w, https:\/\/www.worldrally.eu\/wp-content\/uploads\/2023\/08\/Photo-Adam-Owczarek-__PhotoMS.se_Barum-Czech-Rally-Zlin-2023_Day-3_3a.jpg 1620w\" sizes=\"(max-width: 1024px) 100vw, 1024px\" \/><figcaption class=\"wp-element-caption\">Foto &#8211; PhotoMS<\/figcaption><\/figure>\n\n\n\n<blockquote class=\"wp-block-quote is-layout-flow wp-block-quote-is-layout-flow\">\n<p>Mi\u0142o jest widzie\u0107, \u017ce mamy pr\u0119dko\u015b\u0107, poniewa\u017c jestem prawie pewien, \u017ce na Power Stage wszyscy pr\u00f3bowali zdoby\u0107 punkty, wi\u0119c jeste\u015bmy zadowoleni z czasu. Wiem, \u017ce jest we mnie troch\u0119 wi\u0119cej, ale zawsze chodzi o to, kto p\u0142aci depozyt, poniewa\u017c w przypadku tego samochodu jest to do\u015b\u0107 drogie. Je\u015bli zdarzy mi si\u0119 wypadek, sezon si\u0119 ko\u0144czy, wi\u0119c musimy pozosta\u0107 w trasie. By\u0107 mo\u017ce w przysz\u0142o\u015bci znajdziemy kogo\u015b, kto wesprze nas w tych kosztach<\/p>\n<cite>doda\u0142<\/cite><\/blockquote>\n\n\n\n<p>Wagner, kt\u00f3rego pilotem jest Austriak Gerald Winter, zajmuje si\u00f3dme miejsce w tymczasowej klasyfikacji ERC, a do ko\u0144ca sezonu Rajdu W\u0119gier na pocz\u0105tku pa\u017adziernika.<\/p>\n","protected":false},"excerpt":{"rendered":"<p>Simon Wagner opisa\u0142, jak zachowanie spokoju i opanowania by\u0142o kluczem do jego zwyci\u0119stwa na Power Stage co w ostateczno\u015bci zaowocowa\u0142o miejscem na podium w Barum Czech Rally Zlin. Wagner by\u0142 na skraju utraty dobrego trzeciego miejsca w klasyfikacji generalnej, jednak\u017ce zdawa\u0142 sobie spraw\u0119, \u017ce ostatni odcinek b\u0119dzie decyduj\u0105cy o tym czy to miejsce zdob\u0119dzie. Ogromna [&hellip;]<\/p>\n","protected":false},"author":4,"featured_media":1860,"comment_status":"closed","ping_status":"closed","sticky":false,"template":"","format":"standard","meta":{"footnotes":""},"categories":[4],"tags":[],"class_list":["post-1924","post","type-post","status-publish","format-standard","has-post-thumbnail","hentry","category-erc"],"aioseo_notices":[],"cc_featured_image_caption":{"caption_text":"Foto - PhotoMS","source_text":"","source_url":""},"_links":{"self":[{"href":"https:\/\/www.worldrally.eu\/index.php\/wp-json\/wp\/v2\/posts\/1924","targetHints":{"allow":["GET"]}}],"collection":[{"href":"https:\/\/www.worldrally.eu\/index.php\/wp-json\/wp\/v2\/posts"}],"about":[{"href":"https:\/\/www.worldrally.eu\/index.php\/wp-json\/wp\/v2\/types\/post"}],"author":[{"embeddable":true,"href":"https:\/\/www.worldrally.eu\/index.php\/wp-json\/wp\/v2\/users\/4"}],"replies":[{"embeddable":true,"href":"https:\/\/www.worldrally.eu\/index.php\/wp-json\/wp\/v2\/comments?post=1924"}],"version-history":[{"count":1,"href":"https:\/\/www.worldrally.eu\/index.php\/wp-json\/wp\/v2\/posts\/1924\/revisions"}],"predecessor-version":[{"id":1926,"href":"https:\/\/www.worldrally.eu\/index.php\/wp-json\/wp\/v2\/posts\/1924\/revisions\/1926"}],"wp:featuredmedia":[{"embeddable":true,"href":"https:\/\/www.worldrally.eu\/index.php\/wp-json\/wp\/v2\/media\/1860"}],"wp:attachment":[{"href":"https:\/\/www.worldrally.eu\/index.php\/wp-json\/wp\/v2\/media?parent=1924"}],"wp:term":[{"taxonomy":"category","embeddable":true,"href":"https:\/\/www.worldrally.eu\/index.php\/wp-json\/wp\/v2\/categories?post=1924"},{"taxonomy":"post_tag","embeddable":true,"href":"https:\/\/www.worldrally.eu\/index.php\/wp-json\/wp\/v2\/tags?post=1924"}],"curies":[{"name":"wp","href":"https:\/\/api.w.org\/{rel}","templated":true}]}}