{"id":1916,"date":"2023-08-19T20:10:00","date_gmt":"2023-08-19T20:10:00","guid":{"rendered":"https:\/\/www.worldrally.eu\/?p=1916"},"modified":"2023-08-29T17:17:00","modified_gmt":"2023-08-29T17:17:00","slug":"widlak-liderem-erc3","status":"publish","type":"post","link":"https:\/\/www.worldrally.eu\/index.php\/2023\/08\/19\/widlak-liderem-erc3\/","title":{"rendered":"Wid\u0142ak liderem ERC3"},"content":{"rendered":"\n<p class=\"wp-block-paragraph\">Igor Wid\u0142ak zaznaczy\u0142 sw\u00f3j powr\u00f3t do Rajdowych Mistrzostw Europy FIA 12 miesi\u0119cy po zdobyciu tytu\u0142u ERC3, prowadz\u0105c po pierwszym etapie w swojej kategorii w Barum Czech Rally Zl\u00edn.<\/p>\n\n\n\n<p class=\"wp-block-paragraph\">Chocia\u017c nale\u017c\u0105cy do M-Sport Poland Ford Fiesta Rally3 nale\u017c\u0105cy do Armstronga zosta\u0142 powa\u017cnie uszkodzony, zar\u00f3wno on, jak i jego pilot Cameron Fair zdo\u0142ali samodzielnie wydosta\u0107 si\u0119 z samochodu, zanim zgodnie ze zwyczajow\u0105 procedur\u0105 zostali zabrani do szpitala na profilaktyczne badania lekarskie.<\/p>\n\n\n\n<p class=\"wp-block-paragraph\">W o\u015bwiadczeniu M-Sport Poland czytamy:<\/p>\n\n\n\n<blockquote class=\"wp-block-quote is-layout-flow wp-block-quote-is-layout-flow\">\n<p class=\"wp-block-paragraph\">Jon i Cameron przejechali swoj\u0105 Fiest\u0105 Rally3. Oboje wyszli z samochodu bez obra\u017ce\u0144, ale zostali zabrani do szpitala na badania profilaktyczne. Chcieliby\u015bmy podzi\u0119kowa\u0107 organizatorom, s\u0119dziom, FIA i ERC za szybkie my\u015blenie i pomoc.<\/p>\n<\/blockquote>\n\n\n\n<p class=\"wp-block-paragraph\">Wid\u0142ak stwierdzi\u0142, \u017ce to by\u0142 <em>\u201ebardzo trudny dzie\u0144\u201d<\/em> i doda\u0142:<\/p>\n\n\n\n<blockquote class=\"wp-block-quote is-layout-flow wp-block-quote-is-layout-flow\">\n<p class=\"wp-block-paragraph\">By\u0142em szcz\u0119\u015bliwy a\u017c do chwili, gdy Jon si\u0119 rozbi\u0142. Mam kontakt z Jonem, jest w szpitalu i mam nadziej\u0119, \u017ce wszystko z nim w porz\u0105dku. Straci\u0142am ca\u0142e dzisiejsze szcz\u0119\u015bcie, koncentracj\u0119 i wszystko. Mam nadziej\u0119, \u017ce wkr\u00f3tce wr\u00f3ci. U mnie dzisiaj wszystko jest w porz\u0105dku, nie je\u017cd\u017c\u0119 rok i ci\u0119\u017cko mi wr\u00f3ci\u0107. Musz\u0119 zbudowa\u0107 swoj\u0105 pewno\u015b\u0107 siebie i w og\u00f3le.<\/p>\n<\/blockquote>\n\n\n\n<p class=\"wp-block-paragraph\">Starania Jakuba Matulki o wi\u0119cej punkt\u00f3w ERC3 zako\u0144czy\u0142y si\u0119, gdy zosta\u0142 zmuszony do wycofania swojej Fiesty z powodu problem\u00f3w ze sterowaniem na SS2.<\/p>\n\n\n\n<figure class=\"wp-block-image size-large\"><img fetchpriority=\"high\" decoding=\"async\" width=\"1024\" height=\"683\" src=\"https:\/\/www.worldrally.eu\/wp-content\/uploads\/2023\/08\/Photo-Adam-Owczarek-__PhotoMS.se_Barum-Czech-Rally-Zlin-2023_-40-1024x683.jpg\" alt=\"\" class=\"wp-image-1918\" srcset=\"https:\/\/www.worldrally.eu\/wp-content\/uploads\/2023\/08\/Photo-Adam-Owczarek-__PhotoMS.se_Barum-Czech-Rally-Zlin-2023_-40-1024x683.jpg 1024w, https:\/\/www.worldrally.eu\/wp-content\/uploads\/2023\/08\/Photo-Adam-Owczarek-__PhotoMS.se_Barum-Czech-Rally-Zlin-2023_-40-300x200.jpg 300w, https:\/\/www.worldrally.eu\/wp-content\/uploads\/2023\/08\/Photo-Adam-Owczarek-__PhotoMS.se_Barum-Czech-Rally-Zlin-2023_-40-768x512.jpg 768w, https:\/\/www.worldrally.eu\/wp-content\/uploads\/2023\/08\/Photo-Adam-Owczarek-__PhotoMS.se_Barum-Czech-Rally-Zlin-2023_-40-1536x1024.jpg 1536w, https:\/\/www.worldrally.eu\/wp-content\/uploads\/2023\/08\/Photo-Adam-Owczarek-__PhotoMS.se_Barum-Czech-Rally-Zlin-2023_-40-446x297.jpg 446w, https:\/\/www.worldrally.eu\/wp-content\/uploads\/2023\/08\/Photo-Adam-Owczarek-__PhotoMS.se_Barum-Czech-Rally-Zlin-2023_-40.jpg 1620w\" sizes=\"(max-width: 1024px) 100vw, 1024px\" \/><figcaption class=\"wp-element-caption\">Foto &#8211; PhotoMS<\/figcaption><\/figure>\n","protected":false},"excerpt":{"rendered":"<p>Igor Wid\u0142ak zaznaczy\u0142 sw\u00f3j powr\u00f3t do Rajdowych Mistrzostw Europy FIA 12 miesi\u0119cy po zdobyciu tytu\u0142u ERC3, prowadz\u0105c po pierwszym etapie w swojej kategorii w Barum Czech Rally Zl\u00edn. Chocia\u017c nale\u017c\u0105cy do M-Sport Poland Ford Fiesta Rally3 nale\u017c\u0105cy do Armstronga zosta\u0142 powa\u017cnie uszkodzony, zar\u00f3wno on, jak i jego pilot Cameron Fair zdo\u0142ali samodzielnie wydosta\u0107 si\u0119 z [&hellip;]<\/p>\n","protected":false},"author":4,"featured_media":1917,"comment_status":"closed","ping_status":"closed","sticky":false,"template":"","format":"standard","meta":{"_monsterinsights_skip_tracking":false,"_monsterinsights_sitenote_active":false,"_monsterinsights_sitenote_note":"","_monsterinsights_sitenote_category":0,"footnotes":""},"categories":[4],"tags":[],"class_list":["post-1916","post","type-post","status-publish","format-standard","has-post-thumbnail","hentry","category-erc"],"aioseo_notices":[],"aioseo_head":"\n\t\t<!-- All in One SEO 4.9.9 - aioseo.com -->\n\t<meta name=\"description\" content=\"Igor Wid\u0142ak zaznaczy\u0142 sw\u00f3j powr\u00f3t do Rajdowych Mistrzostw Europy FIA 12 miesi\u0119cy po zdobyciu tytu\u0142u ERC3, prowadz\u0105c po pierwszym etapie w swojej kategorii w Barum Czech Rally Zl\u00edn. Chocia\u017c nale\u017c\u0105cy do M-Sport Poland Ford Fiesta Rally3 nale\u017c\u0105cy do Armstronga zosta\u0142 powa\u017cnie uszkodzony, zar\u00f3wno on, jak i jego pilot Cameron Fair zdo\u0142ali samodzielnie wydosta\u0107 si\u0119 z\" \/>\n\t<meta name=\"robots\" content=\"max-image-preview:large\" \/>\n\t<meta name=\"author\" content=\"Slawek\"\/>\n\t<link rel=\"canonical\" href=\"https:\/\/www.worldrally.eu\/index.php\/2023\/08\/19\/widlak-liderem-erc3\/\" \/>\n\t<meta name=\"generator\" content=\"All in One SEO (AIOSEO) 4.9.9\" \/>\n\t\t<meta property=\"og:locale\" content=\"en_GB\" \/>\n\t\t<meta property=\"og:site_name\" content=\"WorldRally.eu \u00bb\" \/>\n\t\t<meta property=\"og:type\" content=\"article\" \/>\n\t\t<meta property=\"og:title\" content=\"Wid\u0142ak liderem ERC3 \u00bb WorldRally.eu\" \/>\n\t\t<meta property=\"og:description\" content=\"Igor Wid\u0142ak zaznaczy\u0142 sw\u00f3j powr\u00f3t do Rajdowych Mistrzostw Europy FIA 12 miesi\u0119cy po zdobyciu tytu\u0142u ERC3, prowadz\u0105c po pierwszym etapie w swojej kategorii w Barum Czech Rally Zl\u00edn. Chocia\u017c nale\u017c\u0105cy do M-Sport Poland Ford Fiesta Rally3 nale\u017c\u0105cy do Armstronga zosta\u0142 powa\u017cnie uszkodzony, zar\u00f3wno on, jak i jego pilot Cameron Fair zdo\u0142ali samodzielnie wydosta\u0107 si\u0119 z\" \/>\n\t\t<meta property=\"og:url\" content=\"https:\/\/www.worldrally.eu\/index.php\/2023\/08\/19\/widlak-liderem-erc3\/\" \/>\n\t\t<meta property=\"og:image\" content=\"https:\/\/www.worldrally.eu\/wp-content\/uploads\/2023\/08\/Photo-Adam-Owczarek-__PhotoMS.se_Barum-Czech-Rally-Zlin-2023_-28.jpg\" \/>\n\t\t<meta property=\"og:image:secure_url\" content=\"https:\/\/www.worldrally.eu\/wp-content\/uploads\/2023\/08\/Photo-Adam-Owczarek-__PhotoMS.se_Barum-Czech-Rally-Zlin-2023_-28.jpg\" \/>\n\t\t<meta property=\"og:image:width\" content=\"1514\" \/>\n\t\t<meta property=\"og:image:height\" content=\"1080\" \/>\n\t\t<meta property=\"article:published_time\" content=\"2023-08-19T20:10:00+00:00\" \/>\n\t\t<meta property=\"article:modified_time\" content=\"2023-08-29T17:17:00+00:00\" \/>\n\t\t<meta name=\"twitter:card\" content=\"summary_large_image\" \/>\n\t\t<meta name=\"twitter:title\" content=\"Wid\u0142ak liderem ERC3 \u00bb WorldRally.eu\" \/>\n\t\t<meta name=\"twitter:description\" content=\"Igor Wid\u0142ak zaznaczy\u0142 sw\u00f3j powr\u00f3t do Rajdowych Mistrzostw Europy FIA 12 miesi\u0119cy po zdobyciu tytu\u0142u ERC3, prowadz\u0105c po pierwszym etapie w swojej kategorii w Barum Czech Rally Zl\u00edn. Chocia\u017c nale\u017c\u0105cy do M-Sport Poland Ford Fiesta Rally3 nale\u017c\u0105cy do Armstronga zosta\u0142 powa\u017cnie uszkodzony, zar\u00f3wno on, jak i jego pilot Cameron Fair zdo\u0142ali samodzielnie wydosta\u0107 si\u0119 z\" \/>\n\t\t<meta name=\"twitter:image\" content=\"https:\/\/www.worldrally.eu\/wp-content\/uploads\/2023\/08\/Photo-Adam-Owczarek-__PhotoMS.se_Barum-Czech-Rally-Zlin-2023_-28.jpg\" \/>\n\t\t<script type=\"application\/ld+json\" class=\"aioseo-schema\">\n\t\t\t{\"@context\":\"https:\\\/\\\/schema.org\",\"@graph\":[{\"@type\":\"BlogPosting\",\"@id\":\"https:\\\/\\\/www.worldrally.eu\\\/index.php\\\/2023\\\/08\\\/19\\\/widlak-liderem-erc3\\\/#blogposting\",\"name\":\"Wid\\u0142ak liderem ERC3 \\u00bb WorldRally.eu\",\"headline\":\"Wid\\u0142ak liderem ERC3\",\"author\":{\"@id\":\"https:\\\/\\\/www.worldrally.eu\\\/index.php\\\/author\\\/slawek\\\/#author\"},\"publisher\":{\"@id\":\"https:\\\/\\\/www.worldrally.eu\\\/#organization\"},\"image\":{\"@type\":\"ImageObject\",\"url\":\"https:\\\/\\\/www.worldrally.eu\\\/wp-content\\\/uploads\\\/2023\\\/08\\\/Photo-Adam-Owczarek-__PhotoMS.se_Barum-Czech-Rally-Zlin-2023_-28.jpg\",\"width\":1514,\"height\":1080},\"datePublished\":\"2023-08-19T20:10:00+00:00\",\"dateModified\":\"2023-08-29T17:17:00+00:00\",\"inLanguage\":\"en-GB\",\"mainEntityOfPage\":{\"@id\":\"https:\\\/\\\/www.worldrally.eu\\\/index.php\\\/2023\\\/08\\\/19\\\/widlak-liderem-erc3\\\/#webpage\"},\"isPartOf\":{\"@id\":\"https:\\\/\\\/www.worldrally.eu\\\/index.php\\\/2023\\\/08\\\/19\\\/widlak-liderem-erc3\\\/#webpage\"},\"articleSection\":\"ERC\"},{\"@type\":\"BreadcrumbList\",\"@id\":\"https:\\\/\\\/www.worldrally.eu\\\/index.php\\\/2023\\\/08\\\/19\\\/widlak-liderem-erc3\\\/#breadcrumblist\",\"itemListElement\":[{\"@type\":\"ListItem\",\"@id\":\"https:\\\/\\\/www.worldrally.eu#listItem\",\"position\":1,\"name\":\"Home\",\"item\":\"https:\\\/\\\/www.worldrally.eu\",\"nextItem\":{\"@type\":\"ListItem\",\"@id\":\"https:\\\/\\\/www.worldrally.eu\\\/index.php\\\/category\\\/erc\\\/#listItem\",\"name\":\"ERC\"}},{\"@type\":\"ListItem\",\"@id\":\"https:\\\/\\\/www.worldrally.eu\\\/index.php\\\/category\\\/erc\\\/#listItem\",\"position\":2,\"name\":\"ERC\",\"item\":\"https:\\\/\\\/www.worldrally.eu\\\/index.php\\\/category\\\/erc\\\/\",\"nextItem\":{\"@type\":\"ListItem\",\"@id\":\"https:\\\/\\\/www.worldrally.eu\\\/index.php\\\/2023\\\/08\\\/19\\\/widlak-liderem-erc3\\\/#listItem\",\"name\":\"Wid\\u0142ak liderem ERC3\"},\"previousItem\":{\"@type\":\"ListItem\",\"@id\":\"https:\\\/\\\/www.worldrally.eu#listItem\",\"name\":\"Home\"}},{\"@type\":\"ListItem\",\"@id\":\"https:\\\/\\\/www.worldrally.eu\\\/index.php\\\/2023\\\/08\\\/19\\\/widlak-liderem-erc3\\\/#listItem\",\"position\":3,\"name\":\"Wid\\u0142ak liderem ERC3\",\"previousItem\":{\"@type\":\"ListItem\",\"@id\":\"https:\\\/\\\/www.worldrally.eu\\\/index.php\\\/category\\\/erc\\\/#listItem\",\"name\":\"ERC\"}}]},{\"@type\":\"Organization\",\"@id\":\"https:\\\/\\\/www.worldrally.eu\\\/#organization\",\"name\":\"WorldRally.eu\",\"url\":\"https:\\\/\\\/www.worldrally.eu\\\/\",\"logo\":{\"@type\":\"ImageObject\",\"url\":\"https:\\\/\\\/www.worldrally.eu\\\/wp-content\\\/uploads\\\/2026\\\/01\\\/cropped-logo-3.png\",\"@id\":\"https:\\\/\\\/www.worldrally.eu\\\/index.php\\\/2023\\\/08\\\/19\\\/widlak-liderem-erc3\\\/#organizationLogo\",\"width\":2039,\"height\":756},\"image\":{\"@id\":\"https:\\\/\\\/www.worldrally.eu\\\/index.php\\\/2023\\\/08\\\/19\\\/widlak-liderem-erc3\\\/#organizationLogo\"}},{\"@type\":\"Person\",\"@id\":\"https:\\\/\\\/www.worldrally.eu\\\/index.php\\\/author\\\/slawek\\\/#author\",\"url\":\"https:\\\/\\\/www.worldrally.eu\\\/index.php\\\/author\\\/slawek\\\/\",\"name\":\"Slawek\",\"image\":{\"@type\":\"ImageObject\",\"@id\":\"https:\\\/\\\/www.worldrally.eu\\\/index.php\\\/2023\\\/08\\\/19\\\/widlak-liderem-erc3\\\/#authorImage\",\"url\":\"https:\\\/\\\/secure.gravatar.com\\\/avatar\\\/69f360f7dae72083ae4bc4ab808684e60db7862f2a4c55f482a5c339df672fd5?s=96&d=mm&r=g\",\"width\":96,\"height\":96,\"caption\":\"Slawek\"}},{\"@type\":\"WebPage\",\"@id\":\"https:\\\/\\\/www.worldrally.eu\\\/index.php\\\/2023\\\/08\\\/19\\\/widlak-liderem-erc3\\\/#webpage\",\"url\":\"https:\\\/\\\/www.worldrally.eu\\\/index.php\\\/2023\\\/08\\\/19\\\/widlak-liderem-erc3\\\/\",\"name\":\"Wid\\u0142ak liderem ERC3 \\u00bb WorldRally.eu\",\"description\":\"Igor Wid\\u0142ak zaznaczy\\u0142 sw\\u00f3j powr\\u00f3t do Rajdowych Mistrzostw Europy FIA 12 miesi\\u0119cy po zdobyciu tytu\\u0142u ERC3, prowadz\\u0105c po pierwszym etapie w swojej kategorii w Barum Czech Rally Zl\\u00edn. Chocia\\u017c nale\\u017c\\u0105cy do M-Sport Poland Ford Fiesta Rally3 nale\\u017c\\u0105cy do Armstronga zosta\\u0142 powa\\u017cnie uszkodzony, zar\\u00f3wno on, jak i jego pilot Cameron Fair zdo\\u0142ali samodzielnie wydosta\\u0107 si\\u0119 z\",\"inLanguage\":\"en-GB\",\"isPartOf\":{\"@id\":\"https:\\\/\\\/www.worldrally.eu\\\/#website\"},\"breadcrumb\":{\"@id\":\"https:\\\/\\\/www.worldrally.eu\\\/index.php\\\/2023\\\/08\\\/19\\\/widlak-liderem-erc3\\\/#breadcrumblist\"},\"author\":{\"@id\":\"https:\\\/\\\/www.worldrally.eu\\\/index.php\\\/author\\\/slawek\\\/#author\"},\"creator\":{\"@id\":\"https:\\\/\\\/www.worldrally.eu\\\/index.php\\\/author\\\/slawek\\\/#author\"},\"image\":{\"@type\":\"ImageObject\",\"url\":\"https:\\\/\\\/www.worldrally.eu\\\/wp-content\\\/uploads\\\/2023\\\/08\\\/Photo-Adam-Owczarek-__PhotoMS.se_Barum-Czech-Rally-Zlin-2023_-28.jpg\",\"@id\":\"https:\\\/\\\/www.worldrally.eu\\\/index.php\\\/2023\\\/08\\\/19\\\/widlak-liderem-erc3\\\/#mainImage\",\"width\":1514,\"height\":1080},\"primaryImageOfPage\":{\"@id\":\"https:\\\/\\\/www.worldrally.eu\\\/index.php\\\/2023\\\/08\\\/19\\\/widlak-liderem-erc3\\\/#mainImage\"},\"datePublished\":\"2023-08-19T20:10:00+00:00\",\"dateModified\":\"2023-08-29T17:17:00+00:00\"},{\"@type\":\"WebSite\",\"@id\":\"https:\\\/\\\/www.worldrally.eu\\\/#website\",\"url\":\"https:\\\/\\\/www.worldrally.eu\\\/\",\"name\":\"WorldRally.eu\",\"inLanguage\":\"en-GB\",\"publisher\":{\"@id\":\"https:\\\/\\\/www.worldrally.eu\\\/#organization\"}}]}\n\t\t<\/script>\n\t\t<!-- All in One SEO -->\n\n","aioseo_head_json":{"title":"Wid\u0142ak liderem ERC3 \u00bb WorldRally.eu","description":"Igor Wid\u0142ak zaznaczy\u0142 sw\u00f3j powr\u00f3t do Rajdowych Mistrzostw Europy FIA 12 miesi\u0119cy po zdobyciu tytu\u0142u ERC3, prowadz\u0105c po pierwszym etapie w swojej kategorii w Barum Czech Rally Zl\u00edn. Chocia\u017c nale\u017c\u0105cy do M-Sport Poland Ford Fiesta Rally3 nale\u017c\u0105cy do Armstronga zosta\u0142 powa\u017cnie uszkodzony, zar\u00f3wno on, jak i jego pilot Cameron Fair zdo\u0142ali samodzielnie wydosta\u0107 si\u0119 z","canonical_url":"https:\/\/www.worldrally.eu\/index.php\/2023\/08\/19\/widlak-liderem-erc3\/","robots":"max-image-preview:large","keywords":"","webmasterTools":{"miscellaneous":""},"schema":{"@context":"https:\/\/schema.org","@graph":[{"@type":"BlogPosting","@id":"https:\/\/www.worldrally.eu\/index.php\/2023\/08\/19\/widlak-liderem-erc3\/#blogposting","name":"Wid\u0142ak liderem ERC3 \u00bb WorldRally.eu","headline":"Wid\u0142ak liderem ERC3","author":{"@id":"https:\/\/www.worldrally.eu\/index.php\/author\/slawek\/#author"},"publisher":{"@id":"https:\/\/www.worldrally.eu\/#organization"},"image":{"@type":"ImageObject","url":"https:\/\/www.worldrally.eu\/wp-content\/uploads\/2023\/08\/Photo-Adam-Owczarek-__PhotoMS.se_Barum-Czech-Rally-Zlin-2023_-28.jpg","width":1514,"height":1080},"datePublished":"2023-08-19T20:10:00+00:00","dateModified":"2023-08-29T17:17:00+00:00","inLanguage":"en-GB","mainEntityOfPage":{"@id":"https:\/\/www.worldrally.eu\/index.php\/2023\/08\/19\/widlak-liderem-erc3\/#webpage"},"isPartOf":{"@id":"https:\/\/www.worldrally.eu\/index.php\/2023\/08\/19\/widlak-liderem-erc3\/#webpage"},"articleSection":"ERC"},{"@type":"BreadcrumbList","@id":"https:\/\/www.worldrally.eu\/index.php\/2023\/08\/19\/widlak-liderem-erc3\/#breadcrumblist","itemListElement":[{"@type":"ListItem","@id":"https:\/\/www.worldrally.eu#listItem","position":1,"name":"Home","item":"https:\/\/www.worldrally.eu","nextItem":{"@type":"ListItem","@id":"https:\/\/www.worldrally.eu\/index.php\/category\/erc\/#listItem","name":"ERC"}},{"@type":"ListItem","@id":"https:\/\/www.worldrally.eu\/index.php\/category\/erc\/#listItem","position":2,"name":"ERC","item":"https:\/\/www.worldrally.eu\/index.php\/category\/erc\/","nextItem":{"@type":"ListItem","@id":"https:\/\/www.worldrally.eu\/index.php\/2023\/08\/19\/widlak-liderem-erc3\/#listItem","name":"Wid\u0142ak liderem ERC3"},"previousItem":{"@type":"ListItem","@id":"https:\/\/www.worldrally.eu#listItem","name":"Home"}},{"@type":"ListItem","@id":"https:\/\/www.worldrally.eu\/index.php\/2023\/08\/19\/widlak-liderem-erc3\/#listItem","position":3,"name":"Wid\u0142ak liderem ERC3","previousItem":{"@type":"ListItem","@id":"https:\/\/www.worldrally.eu\/index.php\/category\/erc\/#listItem","name":"ERC"}}]},{"@type":"Organization","@id":"https:\/\/www.worldrally.eu\/#organization","name":"WorldRally.eu","url":"https:\/\/www.worldrally.eu\/","logo":{"@type":"ImageObject","url":"https:\/\/www.worldrally.eu\/wp-content\/uploads\/2026\/01\/cropped-logo-3.png","@id":"https:\/\/www.worldrally.eu\/index.php\/2023\/08\/19\/widlak-liderem-erc3\/#organizationLogo","width":2039,"height":756},"image":{"@id":"https:\/\/www.worldrally.eu\/index.php\/2023\/08\/19\/widlak-liderem-erc3\/#organizationLogo"}},{"@type":"Person","@id":"https:\/\/www.worldrally.eu\/index.php\/author\/slawek\/#author","url":"https:\/\/www.worldrally.eu\/index.php\/author\/slawek\/","name":"Slawek","image":{"@type":"ImageObject","@id":"https:\/\/www.worldrally.eu\/index.php\/2023\/08\/19\/widlak-liderem-erc3\/#authorImage","url":"https:\/\/secure.gravatar.com\/avatar\/69f360f7dae72083ae4bc4ab808684e60db7862f2a4c55f482a5c339df672fd5?s=96&d=mm&r=g","width":96,"height":96,"caption":"Slawek"}},{"@type":"WebPage","@id":"https:\/\/www.worldrally.eu\/index.php\/2023\/08\/19\/widlak-liderem-erc3\/#webpage","url":"https:\/\/www.worldrally.eu\/index.php\/2023\/08\/19\/widlak-liderem-erc3\/","name":"Wid\u0142ak liderem ERC3 \u00bb WorldRally.eu","description":"Igor Wid\u0142ak zaznaczy\u0142 sw\u00f3j powr\u00f3t do Rajdowych Mistrzostw Europy FIA 12 miesi\u0119cy po zdobyciu tytu\u0142u ERC3, prowadz\u0105c po pierwszym etapie w swojej kategorii w Barum Czech Rally Zl\u00edn. Chocia\u017c nale\u017c\u0105cy do M-Sport Poland Ford Fiesta Rally3 nale\u017c\u0105cy do Armstronga zosta\u0142 powa\u017cnie uszkodzony, zar\u00f3wno on, jak i jego pilot Cameron Fair zdo\u0142ali samodzielnie wydosta\u0107 si\u0119 z","inLanguage":"en-GB","isPartOf":{"@id":"https:\/\/www.worldrally.eu\/#website"},"breadcrumb":{"@id":"https:\/\/www.worldrally.eu\/index.php\/2023\/08\/19\/widlak-liderem-erc3\/#breadcrumblist"},"author":{"@id":"https:\/\/www.worldrally.eu\/index.php\/author\/slawek\/#author"},"creator":{"@id":"https:\/\/www.worldrally.eu\/index.php\/author\/slawek\/#author"},"image":{"@type":"ImageObject","url":"https:\/\/www.worldrally.eu\/wp-content\/uploads\/2023\/08\/Photo-Adam-Owczarek-__PhotoMS.se_Barum-Czech-Rally-Zlin-2023_-28.jpg","@id":"https:\/\/www.worldrally.eu\/index.php\/2023\/08\/19\/widlak-liderem-erc3\/#mainImage","width":1514,"height":1080},"primaryImageOfPage":{"@id":"https:\/\/www.worldrally.eu\/index.php\/2023\/08\/19\/widlak-liderem-erc3\/#mainImage"},"datePublished":"2023-08-19T20:10:00+00:00","dateModified":"2023-08-29T17:17:00+00:00"},{"@type":"WebSite","@id":"https:\/\/www.worldrally.eu\/#website","url":"https:\/\/www.worldrally.eu\/","name":"WorldRally.eu","inLanguage":"en-GB","publisher":{"@id":"https:\/\/www.worldrally.eu\/#organization"}}]},"og:locale":"en_GB","og:site_name":"WorldRally.eu \u00bb","og:type":"article","og:title":"Wid\u0142ak liderem ERC3 \u00bb WorldRally.eu","og:description":"Igor Wid\u0142ak zaznaczy\u0142 sw\u00f3j powr\u00f3t do Rajdowych Mistrzostw Europy FIA 12 miesi\u0119cy po zdobyciu tytu\u0142u ERC3, prowadz\u0105c po pierwszym etapie w swojej kategorii w Barum Czech Rally Zl\u00edn. Chocia\u017c nale\u017c\u0105cy do M-Sport Poland Ford Fiesta Rally3 nale\u017c\u0105cy do Armstronga zosta\u0142 powa\u017cnie uszkodzony, zar\u00f3wno on, jak i jego pilot Cameron Fair zdo\u0142ali samodzielnie wydosta\u0107 si\u0119 z","og:url":"https:\/\/www.worldrally.eu\/index.php\/2023\/08\/19\/widlak-liderem-erc3\/","og:image":"https:\/\/www.worldrally.eu\/wp-content\/uploads\/2023\/08\/Photo-Adam-Owczarek-__PhotoMS.se_Barum-Czech-Rally-Zlin-2023_-28.jpg","og:image:secure_url":"https:\/\/www.worldrally.eu\/wp-content\/uploads\/2023\/08\/Photo-Adam-Owczarek-__PhotoMS.se_Barum-Czech-Rally-Zlin-2023_-28.jpg","og:image:width":1514,"og:image:height":1080,"article:published_time":"2023-08-19T20:10:00+00:00","article:modified_time":"2023-08-29T17:17:00+00:00","twitter:card":"summary_large_image","twitter:title":"Wid\u0142ak liderem ERC3 \u00bb WorldRally.eu","twitter:description":"Igor Wid\u0142ak zaznaczy\u0142 sw\u00f3j powr\u00f3t do Rajdowych Mistrzostw Europy FIA 12 miesi\u0119cy po zdobyciu tytu\u0142u ERC3, prowadz\u0105c po pierwszym etapie w swojej kategorii w Barum Czech Rally Zl\u00edn. Chocia\u017c nale\u017c\u0105cy do M-Sport Poland Ford Fiesta Rally3 nale\u017c\u0105cy do Armstronga zosta\u0142 powa\u017cnie uszkodzony, zar\u00f3wno on, jak i jego pilot Cameron Fair zdo\u0142ali samodzielnie wydosta\u0107 si\u0119 z","twitter:image":"https:\/\/www.worldrally.eu\/wp-content\/uploads\/2023\/08\/Photo-Adam-Owczarek-__PhotoMS.se_Barum-Czech-Rally-Zlin-2023_-28.jpg"},"aioseo_meta_data":{"post_id":"1916","title":null,"description":null,"keywords":null,"keyphrases":null,"primary_term":null,"canonical_url":null,"og_title":null,"og_description":null,"og_object_type":"default","og_image_type":"default","og_image_url":null,"og_image_width":null,"og_image_height":null,"og_image_custom_url":null,"og_image_custom_fields":null,"og_video":null,"og_custom_url":null,"og_article_section":null,"og_article_tags":null,"twitter_use_og":false,"twitter_card":"default","twitter_image_type":"default","twitter_image_url":null,"twitter_image_custom_url":null,"twitter_image_custom_fields":null,"twitter_title":null,"twitter_description":null,"schema":{"blockGraphs":[],"customGraphs":[],"default":{"data":{"Article":[],"Course":[],"Dataset":[],"FAQPage":[],"Movie":[],"Person":[],"Product":[],"ProductReview":[],"Car":[],"Recipe":[],"Service":[],"SoftwareApplication":[],"WebPage":[]},"graphName":"","isEnabled":true},"graphs":[]},"schema_type":"default","schema_type_options":null,"pillar_content":false,"robots_default":true,"robots_noindex":false,"robots_noarchive":false,"robots_nosnippet":false,"robots_nofollow":false,"robots_noimageindex":false,"robots_noodp":false,"robots_notranslate":false,"robots_max_snippet":null,"robots_max_videopreview":null,"robots_max_imagepreview":"large","priority":null,"frequency":null,"local_seo":null,"breadcrumb_settings":null,"limit_modified_date":false,"ai":null,"created":"2025-03-22 06:23:34","updated":"2025-10-26 11:37:09","seo_analyzer_scan_date":null},"aioseo_breadcrumb":"<div class=\"aioseo-breadcrumbs\"><span class=\"aioseo-breadcrumb\">\n\t\t\t<a href=\"https:\/\/www.worldrally.eu\" title=\"Home\">Home<\/a>\n\t\t<\/span><span class=\"aioseo-breadcrumb-separator\">&raquo;<\/span><span class=\"aioseo-breadcrumb\">\n\t\t\t<a href=\"https:\/\/www.worldrally.eu\/index.php\/category\/erc\/\" title=\"ERC\">ERC<\/a>\n\t\t<\/span><span class=\"aioseo-breadcrumb-separator\">&raquo;<\/span><span class=\"aioseo-breadcrumb\">\n\t\t\tWid\u0142ak liderem ERC3\n\t\t<\/span><\/div>","aioseo_breadcrumb_json":[{"label":"Home","link":"https:\/\/www.worldrally.eu"},{"label":"ERC","link":"https:\/\/www.worldrally.eu\/index.php\/category\/erc\/"},{"label":"Wid\u0142ak liderem ERC3","link":"https:\/\/www.worldrally.eu\/index.php\/2023\/08\/19\/widlak-liderem-erc3\/"}],"cc_featured_image_caption":{"caption_text":"Foto - PhotoMS","source_text":"","source_url":""},"_links":{"self":[{"href":"https:\/\/www.worldrally.eu\/index.php\/wp-json\/wp\/v2\/posts\/1916","targetHints":{"allow":["GET"]}}],"collection":[{"href":"https:\/\/www.worldrally.eu\/index.php\/wp-json\/wp\/v2\/posts"}],"about":[{"href":"https:\/\/www.worldrally.eu\/index.php\/wp-json\/wp\/v2\/types\/post"}],"author":[{"embeddable":true,"href":"https:\/\/www.worldrally.eu\/index.php\/wp-json\/wp\/v2\/users\/4"}],"replies":[{"embeddable":true,"href":"https:\/\/www.worldrally.eu\/index.php\/wp-json\/wp\/v2\/comments?post=1916"}],"version-history":[{"count":1,"href":"https:\/\/www.worldrally.eu\/index.php\/wp-json\/wp\/v2\/posts\/1916\/revisions"}],"predecessor-version":[{"id":1919,"href":"https:\/\/www.worldrally.eu\/index.php\/wp-json\/wp\/v2\/posts\/1916\/revisions\/1919"}],"wp:featuredmedia":[{"embeddable":true,"href":"https:\/\/www.worldrally.eu\/index.php\/wp-json\/wp\/v2\/media\/1917"}],"wp:attachment":[{"href":"https:\/\/www.worldrally.eu\/index.php\/wp-json\/wp\/v2\/media?parent=1916"}],"wp:term":[{"taxonomy":"category","embeddable":true,"href":"https:\/\/www.worldrally.eu\/index.php\/wp-json\/wp\/v2\/categories?post=1916"},{"taxonomy":"post_tag","embeddable":true,"href":"https:\/\/www.worldrally.eu\/index.php\/wp-json\/wp\/v2\/tags?post=1916"}],"curies":[{"name":"wp","href":"https:\/\/api.w.org\/{rel}","templated":true}]}}