{"id":182,"date":"2023-02-09T07:55:20","date_gmt":"2023-02-09T07:55:20","guid":{"rendered":"https:\/\/www.worldrally.eu\/?p=182"},"modified":"2023-02-09T07:55:36","modified_gmt":"2023-02-09T07:55:36","slug":"neuville-bez-testow-przed-rajdem-szwecji","status":"publish","type":"post","link":"https:\/\/www.worldrally.eu\/index.php\/2023\/02\/09\/neuville-bez-testow-przed-rajdem-szwecji\/","title":{"rendered":"Neuville bez dnia test\u00f3w przed Rajdem Szwecji"},"content":{"rendered":"\n<p class=\"wp-block-paragraph\">Przygotowania Thierry&#8217;ego Neuville&#8217;a do Rajdu Szwecji nie potoczy\u0142y si\u0119 tak, jak by tego oczekiwa\u0142 co mo\u017ce odbi\u0107 si\u0119 na jego pierwszych odcinkach startowych. Mimo tego, \u017ce to nie jest jego pierwszy start przygotowanie samochodu jak i aklimatyzacja w zimowych warunkach jest bardzo istotna.<\/p>\n\n\n\n<p class=\"wp-block-paragraph\">Neuville mia\u0142 mie\u0107 dwa dni test\u00f3w w swoim i20 N Rally1 zaraz po tym, jak wzi\u0105\u0142 udzia\u0142 w Race of Champions w ostatni weekend stycznia, kt\u00f3ry by\u0142 te\u017c rodzajem przygotowa\u0144 przed drug\u0105 rund\u0105 Mistrzostw \u015awiata.<\/p>\n\n\n\n<p class=\"wp-block-paragraph\">Ale drugi z jego test\u00f3w przed Rajdem Szwecji zosta\u0142 przerwany, poniewa\u017c Neuville nie m\u00f3g\u0142 tego dnia wsta\u0107 z \u0142\u00f3\u017cka co spowodowa\u0142o odwo\u0142anie ca\u0142ego dnia test\u00f3w.<\/p>\n\n\n\n<p class=\"wp-block-paragraph\">Sam kierowca podkre\u015bla, \u017ce nie ma pewno\u015bci jak jego start w drugiej rundzie b\u0119dzie wygl\u0105da\u0142, aczkolwiek nie zamierza si\u0119 poddawa\u0107 i b\u0119dzie walczy\u0142 o podium.<\/p>\n\n\n\n<p class=\"wp-block-paragraph\"><\/p>\n","protected":false},"excerpt":{"rendered":"<p>Przygotowania Thierry&#8217;ego Neuville&#8217;a do Rajdu Szwecji nie potoczy\u0142y si\u0119 tak, jak by tego oczekiwa\u0142 co mo\u017ce odbi\u0107 si\u0119 na jego pierwszych odcinkach startowych. Mimo tego, \u017ce to nie jest jego pierwszy start przygotowanie samochodu jak i aklimatyzacja w zimowych warunkach jest bardzo istotna. Neuville mia\u0142 mie\u0107 dwa dni test\u00f3w w swoim i20 N Rally1 zaraz [&hellip;]<\/p>\n","protected":false},"author":1,"featured_media":183,"comment_status":"closed","ping_status":"closed","sticky":false,"template":"","format":"standard","meta":{"_monsterinsights_skip_tracking":false,"_monsterinsights_sitenote_active":false,"_monsterinsights_sitenote_note":"","_monsterinsights_sitenote_category":0,"footnotes":""},"categories":[3],"tags":[],"class_list":["post-182","post","type-post","status-publish","format-standard","has-post-thumbnail","hentry","category-wrc"],"aioseo_notices":[],"aioseo_head":"\n\t\t<!-- All in One SEO 4.9.9 - aioseo.com -->\n\t<meta name=\"description\" content=\"Przygotowania Thierry&#039;ego Neuville&#039;a do Rajdu Szwecji nie potoczy\u0142y si\u0119 tak, jak by tego oczekiwa\u0142 co mo\u017ce odbi\u0107 si\u0119 na jego pierwszych odcinkach startowych. Mimo tego, \u017ce to nie jest jego pierwszy start przygotowanie samochodu jak i aklimatyzacja w zimowych warunkach jest bardzo istotna. Neuville mia\u0142 mie\u0107 dwa dni test\u00f3w w swoim i20 N Rally1 zaraz\" \/>\n\t<meta name=\"robots\" content=\"max-image-preview:large\" \/>\n\t<meta name=\"author\" content=\"Junior\"\/>\n\t<link rel=\"canonical\" href=\"https:\/\/www.worldrally.eu\/index.php\/2023\/02\/09\/neuville-bez-testow-przed-rajdem-szwecji\/\" \/>\n\t<meta name=\"generator\" content=\"All in One SEO (AIOSEO) 4.9.9\" \/>\n\t\t<meta property=\"og:locale\" content=\"en_GB\" \/>\n\t\t<meta property=\"og:site_name\" content=\"WorldRally.eu \u00bb\" \/>\n\t\t<meta property=\"og:type\" content=\"article\" \/>\n\t\t<meta property=\"og:title\" content=\"Neuville bez dnia test\u00f3w przed Rajdem Szwecji \u00bb WorldRally.eu\" \/>\n\t\t<meta property=\"og:description\" content=\"Przygotowania Thierry&#039;ego Neuville&#039;a do Rajdu Szwecji nie potoczy\u0142y si\u0119 tak, jak by tego oczekiwa\u0142 co mo\u017ce odbi\u0107 si\u0119 na jego pierwszych odcinkach startowych. Mimo tego, \u017ce to nie jest jego pierwszy start przygotowanie samochodu jak i aklimatyzacja w zimowych warunkach jest bardzo istotna. Neuville mia\u0142 mie\u0107 dwa dni test\u00f3w w swoim i20 N Rally1 zaraz\" \/>\n\t\t<meta property=\"og:url\" content=\"https:\/\/www.worldrally.eu\/index.php\/2023\/02\/09\/neuville-bez-testow-przed-rajdem-szwecji\/\" \/>\n\t\t<meta property=\"og:image\" content=\"https:\/\/www.worldrally.eu\/wp-content\/uploads\/2023\/02\/9.jpg\" \/>\n\t\t<meta property=\"og:image:secure_url\" content=\"https:\/\/www.worldrally.eu\/wp-content\/uploads\/2023\/02\/9.jpg\" \/>\n\t\t<meta property=\"og:image:width\" content=\"1400\" \/>\n\t\t<meta property=\"og:image:height\" content=\"788\" \/>\n\t\t<meta property=\"article:published_time\" content=\"2023-02-09T07:55:20+00:00\" \/>\n\t\t<meta property=\"article:modified_time\" content=\"2023-02-09T07:55:36+00:00\" \/>\n\t\t<meta name=\"twitter:card\" content=\"summary_large_image\" \/>\n\t\t<meta name=\"twitter:title\" content=\"Neuville bez dnia test\u00f3w przed Rajdem Szwecji \u00bb WorldRally.eu\" \/>\n\t\t<meta name=\"twitter:description\" content=\"Przygotowania Thierry&#039;ego Neuville&#039;a do Rajdu Szwecji nie potoczy\u0142y si\u0119 tak, jak by tego oczekiwa\u0142 co mo\u017ce odbi\u0107 si\u0119 na jego pierwszych odcinkach startowych. Mimo tego, \u017ce to nie jest jego pierwszy start przygotowanie samochodu jak i aklimatyzacja w zimowych warunkach jest bardzo istotna. Neuville mia\u0142 mie\u0107 dwa dni test\u00f3w w swoim i20 N Rally1 zaraz\" \/>\n\t\t<meta name=\"twitter:image\" content=\"https:\/\/www.worldrally.eu\/wp-content\/uploads\/2023\/02\/9.jpg\" \/>\n\t\t<script type=\"application\/ld+json\" class=\"aioseo-schema\">\n\t\t\t{\"@context\":\"https:\\\/\\\/schema.org\",\"@graph\":[{\"@type\":\"BlogPosting\",\"@id\":\"https:\\\/\\\/www.worldrally.eu\\\/index.php\\\/2023\\\/02\\\/09\\\/neuville-bez-testow-przed-rajdem-szwecji\\\/#blogposting\",\"name\":\"Neuville bez dnia test\\u00f3w przed Rajdem Szwecji \\u00bb WorldRally.eu\",\"headline\":\"Neuville bez dnia test\\u00f3w przed Rajdem Szwecji\",\"author\":{\"@id\":\"https:\\\/\\\/www.worldrally.eu\\\/index.php\\\/author\\\/admin\\\/#author\"},\"publisher\":{\"@id\":\"https:\\\/\\\/www.worldrally.eu\\\/#organization\"},\"image\":{\"@type\":\"ImageObject\",\"url\":\"https:\\\/\\\/www.worldrally.eu\\\/wp-content\\\/uploads\\\/2023\\\/02\\\/9.jpg\",\"width\":1400,\"height\":788},\"datePublished\":\"2023-02-09T07:55:20+00:00\",\"dateModified\":\"2023-02-09T07:55:36+00:00\",\"inLanguage\":\"en-GB\",\"mainEntityOfPage\":{\"@id\":\"https:\\\/\\\/www.worldrally.eu\\\/index.php\\\/2023\\\/02\\\/09\\\/neuville-bez-testow-przed-rajdem-szwecji\\\/#webpage\"},\"isPartOf\":{\"@id\":\"https:\\\/\\\/www.worldrally.eu\\\/index.php\\\/2023\\\/02\\\/09\\\/neuville-bez-testow-przed-rajdem-szwecji\\\/#webpage\"},\"articleSection\":\"WRC\"},{\"@type\":\"BreadcrumbList\",\"@id\":\"https:\\\/\\\/www.worldrally.eu\\\/index.php\\\/2023\\\/02\\\/09\\\/neuville-bez-testow-przed-rajdem-szwecji\\\/#breadcrumblist\",\"itemListElement\":[{\"@type\":\"ListItem\",\"@id\":\"https:\\\/\\\/www.worldrally.eu#listItem\",\"position\":1,\"name\":\"Home\",\"item\":\"https:\\\/\\\/www.worldrally.eu\",\"nextItem\":{\"@type\":\"ListItem\",\"@id\":\"https:\\\/\\\/www.worldrally.eu\\\/index.php\\\/category\\\/wrc\\\/#listItem\",\"name\":\"WRC\"}},{\"@type\":\"ListItem\",\"@id\":\"https:\\\/\\\/www.worldrally.eu\\\/index.php\\\/category\\\/wrc\\\/#listItem\",\"position\":2,\"name\":\"WRC\",\"item\":\"https:\\\/\\\/www.worldrally.eu\\\/index.php\\\/category\\\/wrc\\\/\",\"nextItem\":{\"@type\":\"ListItem\",\"@id\":\"https:\\\/\\\/www.worldrally.eu\\\/index.php\\\/2023\\\/02\\\/09\\\/neuville-bez-testow-przed-rajdem-szwecji\\\/#listItem\",\"name\":\"Neuville bez dnia test\\u00f3w przed Rajdem Szwecji\"},\"previousItem\":{\"@type\":\"ListItem\",\"@id\":\"https:\\\/\\\/www.worldrally.eu#listItem\",\"name\":\"Home\"}},{\"@type\":\"ListItem\",\"@id\":\"https:\\\/\\\/www.worldrally.eu\\\/index.php\\\/2023\\\/02\\\/09\\\/neuville-bez-testow-przed-rajdem-szwecji\\\/#listItem\",\"position\":3,\"name\":\"Neuville bez dnia test\\u00f3w przed Rajdem Szwecji\",\"previousItem\":{\"@type\":\"ListItem\",\"@id\":\"https:\\\/\\\/www.worldrally.eu\\\/index.php\\\/category\\\/wrc\\\/#listItem\",\"name\":\"WRC\"}}]},{\"@type\":\"Organization\",\"@id\":\"https:\\\/\\\/www.worldrally.eu\\\/#organization\",\"name\":\"WorldRally.eu\",\"url\":\"https:\\\/\\\/www.worldrally.eu\\\/\",\"logo\":{\"@type\":\"ImageObject\",\"url\":\"https:\\\/\\\/www.worldrally.eu\\\/wp-content\\\/uploads\\\/2026\\\/01\\\/cropped-logo-3.png\",\"@id\":\"https:\\\/\\\/www.worldrally.eu\\\/index.php\\\/2023\\\/02\\\/09\\\/neuville-bez-testow-przed-rajdem-szwecji\\\/#organizationLogo\",\"width\":2039,\"height\":756},\"image\":{\"@id\":\"https:\\\/\\\/www.worldrally.eu\\\/index.php\\\/2023\\\/02\\\/09\\\/neuville-bez-testow-przed-rajdem-szwecji\\\/#organizationLogo\"}},{\"@type\":\"Person\",\"@id\":\"https:\\\/\\\/www.worldrally.eu\\\/index.php\\\/author\\\/admin\\\/#author\",\"url\":\"https:\\\/\\\/www.worldrally.eu\\\/index.php\\\/author\\\/admin\\\/\",\"name\":\"Junior\",\"image\":{\"@type\":\"ImageObject\",\"@id\":\"https:\\\/\\\/www.worldrally.eu\\\/index.php\\\/2023\\\/02\\\/09\\\/neuville-bez-testow-przed-rajdem-szwecji\\\/#authorImage\",\"url\":\"https:\\\/\\\/secure.gravatar.com\\\/avatar\\\/5bd369ac0447285dc20b588693ca1756d0179a7f957258050a42a968bf3b9d0a?s=96&d=mm&r=g\",\"width\":96,\"height\":96,\"caption\":\"Junior\"}},{\"@type\":\"WebPage\",\"@id\":\"https:\\\/\\\/www.worldrally.eu\\\/index.php\\\/2023\\\/02\\\/09\\\/neuville-bez-testow-przed-rajdem-szwecji\\\/#webpage\",\"url\":\"https:\\\/\\\/www.worldrally.eu\\\/index.php\\\/2023\\\/02\\\/09\\\/neuville-bez-testow-przed-rajdem-szwecji\\\/\",\"name\":\"Neuville bez dnia test\\u00f3w przed Rajdem Szwecji \\u00bb WorldRally.eu\",\"description\":\"Przygotowania Thierry'ego Neuville'a do Rajdu Szwecji nie potoczy\\u0142y si\\u0119 tak, jak by tego oczekiwa\\u0142 co mo\\u017ce odbi\\u0107 si\\u0119 na jego pierwszych odcinkach startowych. Mimo tego, \\u017ce to nie jest jego pierwszy start przygotowanie samochodu jak i aklimatyzacja w zimowych warunkach jest bardzo istotna. Neuville mia\\u0142 mie\\u0107 dwa dni test\\u00f3w w swoim i20 N Rally1 zaraz\",\"inLanguage\":\"en-GB\",\"isPartOf\":{\"@id\":\"https:\\\/\\\/www.worldrally.eu\\\/#website\"},\"breadcrumb\":{\"@id\":\"https:\\\/\\\/www.worldrally.eu\\\/index.php\\\/2023\\\/02\\\/09\\\/neuville-bez-testow-przed-rajdem-szwecji\\\/#breadcrumblist\"},\"author\":{\"@id\":\"https:\\\/\\\/www.worldrally.eu\\\/index.php\\\/author\\\/admin\\\/#author\"},\"creator\":{\"@id\":\"https:\\\/\\\/www.worldrally.eu\\\/index.php\\\/author\\\/admin\\\/#author\"},\"image\":{\"@type\":\"ImageObject\",\"url\":\"https:\\\/\\\/www.worldrally.eu\\\/wp-content\\\/uploads\\\/2023\\\/02\\\/9.jpg\",\"@id\":\"https:\\\/\\\/www.worldrally.eu\\\/index.php\\\/2023\\\/02\\\/09\\\/neuville-bez-testow-przed-rajdem-szwecji\\\/#mainImage\",\"width\":1400,\"height\":788},\"primaryImageOfPage\":{\"@id\":\"https:\\\/\\\/www.worldrally.eu\\\/index.php\\\/2023\\\/02\\\/09\\\/neuville-bez-testow-przed-rajdem-szwecji\\\/#mainImage\"},\"datePublished\":\"2023-02-09T07:55:20+00:00\",\"dateModified\":\"2023-02-09T07:55:36+00:00\"},{\"@type\":\"WebSite\",\"@id\":\"https:\\\/\\\/www.worldrally.eu\\\/#website\",\"url\":\"https:\\\/\\\/www.worldrally.eu\\\/\",\"name\":\"WorldRally.eu\",\"inLanguage\":\"en-GB\",\"publisher\":{\"@id\":\"https:\\\/\\\/www.worldrally.eu\\\/#organization\"}}]}\n\t\t<\/script>\n\t\t<!-- All in One SEO -->\n\n","aioseo_head_json":{"title":"Neuville bez dnia test\u00f3w przed Rajdem Szwecji \u00bb WorldRally.eu","description":"Przygotowania Thierry'ego Neuville'a do Rajdu Szwecji nie potoczy\u0142y si\u0119 tak, jak by tego oczekiwa\u0142 co mo\u017ce odbi\u0107 si\u0119 na jego pierwszych odcinkach startowych. Mimo tego, \u017ce to nie jest jego pierwszy start przygotowanie samochodu jak i aklimatyzacja w zimowych warunkach jest bardzo istotna. Neuville mia\u0142 mie\u0107 dwa dni test\u00f3w w swoim i20 N Rally1 zaraz","canonical_url":"https:\/\/www.worldrally.eu\/index.php\/2023\/02\/09\/neuville-bez-testow-przed-rajdem-szwecji\/","robots":"max-image-preview:large","keywords":"","webmasterTools":{"miscellaneous":""},"schema":{"@context":"https:\/\/schema.org","@graph":[{"@type":"BlogPosting","@id":"https:\/\/www.worldrally.eu\/index.php\/2023\/02\/09\/neuville-bez-testow-przed-rajdem-szwecji\/#blogposting","name":"Neuville bez dnia test\u00f3w przed Rajdem Szwecji \u00bb WorldRally.eu","headline":"Neuville bez dnia test\u00f3w przed Rajdem Szwecji","author":{"@id":"https:\/\/www.worldrally.eu\/index.php\/author\/admin\/#author"},"publisher":{"@id":"https:\/\/www.worldrally.eu\/#organization"},"image":{"@type":"ImageObject","url":"https:\/\/www.worldrally.eu\/wp-content\/uploads\/2023\/02\/9.jpg","width":1400,"height":788},"datePublished":"2023-02-09T07:55:20+00:00","dateModified":"2023-02-09T07:55:36+00:00","inLanguage":"en-GB","mainEntityOfPage":{"@id":"https:\/\/www.worldrally.eu\/index.php\/2023\/02\/09\/neuville-bez-testow-przed-rajdem-szwecji\/#webpage"},"isPartOf":{"@id":"https:\/\/www.worldrally.eu\/index.php\/2023\/02\/09\/neuville-bez-testow-przed-rajdem-szwecji\/#webpage"},"articleSection":"WRC"},{"@type":"BreadcrumbList","@id":"https:\/\/www.worldrally.eu\/index.php\/2023\/02\/09\/neuville-bez-testow-przed-rajdem-szwecji\/#breadcrumblist","itemListElement":[{"@type":"ListItem","@id":"https:\/\/www.worldrally.eu#listItem","position":1,"name":"Home","item":"https:\/\/www.worldrally.eu","nextItem":{"@type":"ListItem","@id":"https:\/\/www.worldrally.eu\/index.php\/category\/wrc\/#listItem","name":"WRC"}},{"@type":"ListItem","@id":"https:\/\/www.worldrally.eu\/index.php\/category\/wrc\/#listItem","position":2,"name":"WRC","item":"https:\/\/www.worldrally.eu\/index.php\/category\/wrc\/","nextItem":{"@type":"ListItem","@id":"https:\/\/www.worldrally.eu\/index.php\/2023\/02\/09\/neuville-bez-testow-przed-rajdem-szwecji\/#listItem","name":"Neuville bez dnia test\u00f3w przed Rajdem Szwecji"},"previousItem":{"@type":"ListItem","@id":"https:\/\/www.worldrally.eu#listItem","name":"Home"}},{"@type":"ListItem","@id":"https:\/\/www.worldrally.eu\/index.php\/2023\/02\/09\/neuville-bez-testow-przed-rajdem-szwecji\/#listItem","position":3,"name":"Neuville bez dnia test\u00f3w przed Rajdem Szwecji","previousItem":{"@type":"ListItem","@id":"https:\/\/www.worldrally.eu\/index.php\/category\/wrc\/#listItem","name":"WRC"}}]},{"@type":"Organization","@id":"https:\/\/www.worldrally.eu\/#organization","name":"WorldRally.eu","url":"https:\/\/www.worldrally.eu\/","logo":{"@type":"ImageObject","url":"https:\/\/www.worldrally.eu\/wp-content\/uploads\/2026\/01\/cropped-logo-3.png","@id":"https:\/\/www.worldrally.eu\/index.php\/2023\/02\/09\/neuville-bez-testow-przed-rajdem-szwecji\/#organizationLogo","width":2039,"height":756},"image":{"@id":"https:\/\/www.worldrally.eu\/index.php\/2023\/02\/09\/neuville-bez-testow-przed-rajdem-szwecji\/#organizationLogo"}},{"@type":"Person","@id":"https:\/\/www.worldrally.eu\/index.php\/author\/admin\/#author","url":"https:\/\/www.worldrally.eu\/index.php\/author\/admin\/","name":"Junior","image":{"@type":"ImageObject","@id":"https:\/\/www.worldrally.eu\/index.php\/2023\/02\/09\/neuville-bez-testow-przed-rajdem-szwecji\/#authorImage","url":"https:\/\/secure.gravatar.com\/avatar\/5bd369ac0447285dc20b588693ca1756d0179a7f957258050a42a968bf3b9d0a?s=96&d=mm&r=g","width":96,"height":96,"caption":"Junior"}},{"@type":"WebPage","@id":"https:\/\/www.worldrally.eu\/index.php\/2023\/02\/09\/neuville-bez-testow-przed-rajdem-szwecji\/#webpage","url":"https:\/\/www.worldrally.eu\/index.php\/2023\/02\/09\/neuville-bez-testow-przed-rajdem-szwecji\/","name":"Neuville bez dnia test\u00f3w przed Rajdem Szwecji \u00bb WorldRally.eu","description":"Przygotowania Thierry'ego Neuville'a do Rajdu Szwecji nie potoczy\u0142y si\u0119 tak, jak by tego oczekiwa\u0142 co mo\u017ce odbi\u0107 si\u0119 na jego pierwszych odcinkach startowych. Mimo tego, \u017ce to nie jest jego pierwszy start przygotowanie samochodu jak i aklimatyzacja w zimowych warunkach jest bardzo istotna. Neuville mia\u0142 mie\u0107 dwa dni test\u00f3w w swoim i20 N Rally1 zaraz","inLanguage":"en-GB","isPartOf":{"@id":"https:\/\/www.worldrally.eu\/#website"},"breadcrumb":{"@id":"https:\/\/www.worldrally.eu\/index.php\/2023\/02\/09\/neuville-bez-testow-przed-rajdem-szwecji\/#breadcrumblist"},"author":{"@id":"https:\/\/www.worldrally.eu\/index.php\/author\/admin\/#author"},"creator":{"@id":"https:\/\/www.worldrally.eu\/index.php\/author\/admin\/#author"},"image":{"@type":"ImageObject","url":"https:\/\/www.worldrally.eu\/wp-content\/uploads\/2023\/02\/9.jpg","@id":"https:\/\/www.worldrally.eu\/index.php\/2023\/02\/09\/neuville-bez-testow-przed-rajdem-szwecji\/#mainImage","width":1400,"height":788},"primaryImageOfPage":{"@id":"https:\/\/www.worldrally.eu\/index.php\/2023\/02\/09\/neuville-bez-testow-przed-rajdem-szwecji\/#mainImage"},"datePublished":"2023-02-09T07:55:20+00:00","dateModified":"2023-02-09T07:55:36+00:00"},{"@type":"WebSite","@id":"https:\/\/www.worldrally.eu\/#website","url":"https:\/\/www.worldrally.eu\/","name":"WorldRally.eu","inLanguage":"en-GB","publisher":{"@id":"https:\/\/www.worldrally.eu\/#organization"}}]},"og:locale":"en_GB","og:site_name":"WorldRally.eu \u00bb","og:type":"article","og:title":"Neuville bez dnia test\u00f3w przed Rajdem Szwecji \u00bb WorldRally.eu","og:description":"Przygotowania Thierry'ego Neuville'a do Rajdu Szwecji nie potoczy\u0142y si\u0119 tak, jak by tego oczekiwa\u0142 co mo\u017ce odbi\u0107 si\u0119 na jego pierwszych odcinkach startowych. Mimo tego, \u017ce to nie jest jego pierwszy start przygotowanie samochodu jak i aklimatyzacja w zimowych warunkach jest bardzo istotna. Neuville mia\u0142 mie\u0107 dwa dni test\u00f3w w swoim i20 N Rally1 zaraz","og:url":"https:\/\/www.worldrally.eu\/index.php\/2023\/02\/09\/neuville-bez-testow-przed-rajdem-szwecji\/","og:image":"https:\/\/www.worldrally.eu\/wp-content\/uploads\/2023\/02\/9.jpg","og:image:secure_url":"https:\/\/www.worldrally.eu\/wp-content\/uploads\/2023\/02\/9.jpg","og:image:width":1400,"og:image:height":788,"article:published_time":"2023-02-09T07:55:20+00:00","article:modified_time":"2023-02-09T07:55:36+00:00","twitter:card":"summary_large_image","twitter:title":"Neuville bez dnia test\u00f3w przed Rajdem Szwecji \u00bb WorldRally.eu","twitter:description":"Przygotowania Thierry'ego Neuville'a do Rajdu Szwecji nie potoczy\u0142y si\u0119 tak, jak by tego oczekiwa\u0142 co mo\u017ce odbi\u0107 si\u0119 na jego pierwszych odcinkach startowych. Mimo tego, \u017ce to nie jest jego pierwszy start przygotowanie samochodu jak i aklimatyzacja w zimowych warunkach jest bardzo istotna. Neuville mia\u0142 mie\u0107 dwa dni test\u00f3w w swoim i20 N Rally1 zaraz","twitter:image":"https:\/\/www.worldrally.eu\/wp-content\/uploads\/2023\/02\/9.jpg"},"aioseo_meta_data":{"post_id":"182","title":null,"description":null,"keywords":null,"keyphrases":null,"primary_term":null,"canonical_url":null,"og_title":null,"og_description":null,"og_object_type":"default","og_image_type":"default","og_image_url":null,"og_image_width":null,"og_image_height":null,"og_image_custom_url":null,"og_image_custom_fields":null,"og_video":null,"og_custom_url":null,"og_article_section":null,"og_article_tags":null,"twitter_use_og":false,"twitter_card":"default","twitter_image_type":"default","twitter_image_url":null,"twitter_image_custom_url":null,"twitter_image_custom_fields":null,"twitter_title":null,"twitter_description":null,"schema":{"blockGraphs":[],"customGraphs":[],"default":{"data":{"Article":[],"Course":[],"Dataset":[],"FAQPage":[],"Movie":[],"Person":[],"Product":[],"ProductReview":[],"Car":[],"Recipe":[],"Service":[],"SoftwareApplication":[],"WebPage":[]},"graphName":"","isEnabled":true},"graphs":[]},"schema_type":"default","schema_type_options":null,"pillar_content":false,"robots_default":true,"robots_noindex":false,"robots_noarchive":false,"robots_nosnippet":false,"robots_nofollow":false,"robots_noimageindex":false,"robots_noodp":false,"robots_notranslate":false,"robots_max_snippet":null,"robots_max_videopreview":null,"robots_max_imagepreview":"large","priority":null,"frequency":null,"local_seo":null,"breadcrumb_settings":null,"limit_modified_date":false,"ai":null,"created":"2025-03-22 05:54:34","updated":"2025-10-26 08:37:02","seo_analyzer_scan_date":null},"aioseo_breadcrumb":"<div class=\"aioseo-breadcrumbs\"><span class=\"aioseo-breadcrumb\">\n\t\t\t<a href=\"https:\/\/www.worldrally.eu\" title=\"Home\">Home<\/a>\n\t\t<\/span><span class=\"aioseo-breadcrumb-separator\">&raquo;<\/span><span class=\"aioseo-breadcrumb\">\n\t\t\t<a href=\"https:\/\/www.worldrally.eu\/index.php\/category\/wrc\/\" title=\"WRC\">WRC<\/a>\n\t\t<\/span><span class=\"aioseo-breadcrumb-separator\">&raquo;<\/span><span class=\"aioseo-breadcrumb\">\n\t\t\tNeuville bez dnia test\u00f3w przed Rajdem Szwecji\n\t\t<\/span><\/div>","aioseo_breadcrumb_json":[{"label":"Home","link":"https:\/\/www.worldrally.eu"},{"label":"WRC","link":"https:\/\/www.worldrally.eu\/index.php\/category\/wrc\/"},{"label":"Neuville bez dnia test\u00f3w przed Rajdem Szwecji","link":"https:\/\/www.worldrally.eu\/index.php\/2023\/02\/09\/neuville-bez-testow-przed-rajdem-szwecji\/"}],"cc_featured_image_caption":{"caption_text":"Foto- WRC.com","source_text":"","source_url":""},"_links":{"self":[{"href":"https:\/\/www.worldrally.eu\/index.php\/wp-json\/wp\/v2\/posts\/182","targetHints":{"allow":["GET"]}}],"collection":[{"href":"https:\/\/www.worldrally.eu\/index.php\/wp-json\/wp\/v2\/posts"}],"about":[{"href":"https:\/\/www.worldrally.eu\/index.php\/wp-json\/wp\/v2\/types\/post"}],"author":[{"embeddable":true,"href":"https:\/\/www.worldrally.eu\/index.php\/wp-json\/wp\/v2\/users\/1"}],"replies":[{"embeddable":true,"href":"https:\/\/www.worldrally.eu\/index.php\/wp-json\/wp\/v2\/comments?post=182"}],"version-history":[{"count":2,"href":"https:\/\/www.worldrally.eu\/index.php\/wp-json\/wp\/v2\/posts\/182\/revisions"}],"predecessor-version":[{"id":185,"href":"https:\/\/www.worldrally.eu\/index.php\/wp-json\/wp\/v2\/posts\/182\/revisions\/185"}],"wp:featuredmedia":[{"embeddable":true,"href":"https:\/\/www.worldrally.eu\/index.php\/wp-json\/wp\/v2\/media\/183"}],"wp:attachment":[{"href":"https:\/\/www.worldrally.eu\/index.php\/wp-json\/wp\/v2\/media?parent=182"}],"wp:term":[{"taxonomy":"category","embeddable":true,"href":"https:\/\/www.worldrally.eu\/index.php\/wp-json\/wp\/v2\/categories?post=182"},{"taxonomy":"post_tag","embeddable":true,"href":"https:\/\/www.worldrally.eu\/index.php\/wp-json\/wp\/v2\/tags?post=182"}],"curies":[{"name":"wp","href":"https:\/\/api.w.org\/{rel}","templated":true}]}}