{"id":1801,"date":"2023-08-04T14:54:00","date_gmt":"2023-08-04T14:54:00","guid":{"rendered":"https:\/\/www.worldrally.eu\/?p=1801"},"modified":"2023-08-07T16:56:06","modified_gmt":"2023-08-07T16:56:06","slug":"dramat-tanaka-i-laubeta","status":"publish","type":"post","link":"https:\/\/www.worldrally.eu\/index.php\/2023\/08\/04\/dramat-tanaka-i-laubeta\/","title":{"rendered":"Dramat T\u00e4naka i Laubeta"},"content":{"rendered":"\n<p class=\"wp-block-paragraph\">To nie jest dobry pocz\u0105tek Rajdu Finlandii dla zespo\u0142u M-Sport po tym jak Ott T\u00e4nak i Pierre-Louis Loubet odpadli ju\u017c po trzecim odcinku specjalnym.<\/p>\n\n\n\n<p class=\"wp-block-paragraph\">W aucie Esto\u0144czyka zesp\u00f3\u0142 si\u0119 silnik a Loubet urwa\u0142 tylne ko\u0142o w swoim aucie Ford Puma Rally.<\/p>\n\n\n\n<p class=\"wp-block-paragraph\">T\u00e4nak by\u0142 liderem rajdu po wieczornym czwartkowym odcinku specjalnym, jednak\u017ce ju\u017c w pi\u0105tek rano by\u0142 zmuszony odda\u0107 prowadzenie obro\u0144cy tytu\u0142u mistrzowskiego Kalle Rovanp\u00e4ra, kt\u00f3ry mimo i\u017c zaj\u0105\u0142 trzecie miejsce na pierwszym odcinku specjalnym to jego rezultat pozwoli\u0142 mu na obj\u0119cie fotela lidera.<\/p>\n\n\n\n<p class=\"wp-block-paragraph\">Odcinek Lankamaa okaza\u0142 si\u0119 ostatnim nie tylko dla T\u00e4naka ale tak\u017ce dla Loubeta, kt\u00f3ry na jednym z prawych zakr\u0119t\u00f3w pojecha\u0142 bardzo szeroko co spowodowa\u0142o wyjechanie poza drog\u0119 a w efekcie urwanie tylnego ko\u0142a.<\/p>\n\n\n\n<blockquote class=\"wp-block-quote is-layout-flow wp-block-quote-is-layout-flow\">\n<p class=\"wp-block-paragraph\"><em>W bardzo szybkim miejscu wydaje si\u0119, \u017ce dotkn\u0119li\u015bmy pod\u0142o\u017ca skalnego lub czego\u015b na drodze w kompresji. Najwyra\u017aniej z\u0142ama\u0142 os\u0142on\u0119 miski olejowej i od spodu widz\u0119, \u017ce rozrusznik jest p\u0119kni\u0119ty. Poza tym nie jest to jasne, ale widz\u0119, \u017ce olej silnikowy si\u0119 sko\u0144czy\u0142, a silnik jest wyra\u017anie uszkodzony. Jest ca\u0142kiem prawdopodobne, \u017ce gdzie\u015b jest dziura w silniku, wi\u0119c my\u015bl\u0119, \u017ce ten rajd powinien zosta\u0107 zako\u0144czony<\/em><\/p>\n<cite>wyjani\u0142 T\u00e4nak<\/cite><\/blockquote>\n\n\n\n<p class=\"wp-block-paragraph\">T\u00e4nak mia\u0142 r\u00f3wnie\u017c problemy z silnikiem w Estonii, rozpoczynaj\u0105c rajd z pi\u0119ciominutow\u0105 kar\u0105 po zmianie jednostki po odcinku testowym co automatycznie wyeliminowa\u0142o go z walki o podium.<\/p>\n\n\n\n<p class=\"wp-block-paragraph\">Mistrz \u015bwiata Rovanper\u00e4 prowadzi rajd z przewag\u0105 2,2 sekundy nad koleg\u0105 z zespo\u0142u Elfynem Evansem, a trzeci jest Thierry Neuville<\/p>\n\n\n\n<p class=\"wp-block-paragraph\"><\/p>\n","protected":false},"excerpt":{"rendered":"<p>To nie jest dobry pocz\u0105tek Rajdu Finlandii dla zespo\u0142u M-Sport po tym jak Ott T\u00e4nak i Pierre-Louis Loubet odpadli ju\u017c po trzecim odcinku specjalnym. W aucie Esto\u0144czyka zesp\u00f3\u0142 si\u0119 silnik a Loubet urwa\u0142 tylne ko\u0142o w swoim aucie Ford Puma Rally. T\u00e4nak by\u0142 liderem rajdu po wieczornym czwartkowym odcinku specjalnym, jednak\u017ce ju\u017c w pi\u0105tek rano [&hellip;]<\/p>\n","protected":false},"author":4,"featured_media":1802,"comment_status":"closed","ping_status":"closed","sticky":false,"template":"","format":"standard","meta":{"_monsterinsights_skip_tracking":false,"_monsterinsights_sitenote_active":false,"_monsterinsights_sitenote_note":"","_monsterinsights_sitenote_category":0,"footnotes":""},"categories":[3],"tags":[],"class_list":["post-1801","post","type-post","status-publish","format-standard","has-post-thumbnail","hentry","category-wrc"],"aioseo_notices":[],"aioseo_head":"\n\t\t<!-- All in One SEO 4.9.9 - aioseo.com -->\n\t<meta name=\"description\" content=\"To nie jest dobry pocz\u0105tek Rajdu Finlandii dla zespo\u0142u M-Sport po tym jak Ott T\u00e4nak i Pierre-Louis Loubet odpadli ju\u017c po trzecim odcinku specjalnym. W aucie Esto\u0144czyka zesp\u00f3\u0142 si\u0119 silnik a Loubet urwa\u0142 tylne ko\u0142o w swoim aucie Ford Puma Rally. T\u00e4nak by\u0142 liderem rajdu po wieczornym czwartkowym odcinku specjalnym, jednak\u017ce ju\u017c w pi\u0105tek rano\" \/>\n\t<meta name=\"robots\" content=\"max-image-preview:large\" \/>\n\t<meta name=\"author\" content=\"Slawek\"\/>\n\t<link rel=\"canonical\" href=\"https:\/\/www.worldrally.eu\/index.php\/2023\/08\/04\/dramat-tanaka-i-laubeta\/\" \/>\n\t<meta name=\"generator\" content=\"All in One SEO (AIOSEO) 4.9.9\" \/>\n\t\t<meta property=\"og:locale\" content=\"en_GB\" \/>\n\t\t<meta property=\"og:site_name\" content=\"WorldRally.eu \u00bb\" \/>\n\t\t<meta property=\"og:type\" content=\"article\" \/>\n\t\t<meta property=\"og:title\" content=\"Dramat T\u00e4naka i Laubeta \u00bb WorldRally.eu\" \/>\n\t\t<meta property=\"og:description\" content=\"To nie jest dobry pocz\u0105tek Rajdu Finlandii dla zespo\u0142u M-Sport po tym jak Ott T\u00e4nak i Pierre-Louis Loubet odpadli ju\u017c po trzecim odcinku specjalnym. W aucie Esto\u0144czyka zesp\u00f3\u0142 si\u0119 silnik a Loubet urwa\u0142 tylne ko\u0142o w swoim aucie Ford Puma Rally. T\u00e4nak by\u0142 liderem rajdu po wieczornym czwartkowym odcinku specjalnym, jednak\u017ce ju\u017c w pi\u0105tek rano\" \/>\n\t\t<meta property=\"og:url\" content=\"https:\/\/www.worldrally.eu\/index.php\/2023\/08\/04\/dramat-tanaka-i-laubeta\/\" \/>\n\t\t<meta property=\"og:image\" content=\"https:\/\/www.worldrally.eu\/wp-content\/uploads\/2023\/08\/ott1.jpg\" \/>\n\t\t<meta property=\"og:image:secure_url\" content=\"https:\/\/www.worldrally.eu\/wp-content\/uploads\/2023\/08\/ott1.jpg\" \/>\n\t\t<meta property=\"og:image:width\" content=\"1440\" \/>\n\t\t<meta property=\"og:image:height\" content=\"1155\" \/>\n\t\t<meta property=\"article:published_time\" content=\"2023-08-04T14:54:00+00:00\" \/>\n\t\t<meta property=\"article:modified_time\" content=\"2023-08-07T16:56:06+00:00\" \/>\n\t\t<meta name=\"twitter:card\" content=\"summary_large_image\" \/>\n\t\t<meta name=\"twitter:title\" content=\"Dramat T\u00e4naka i Laubeta \u00bb WorldRally.eu\" \/>\n\t\t<meta name=\"twitter:description\" content=\"To nie jest dobry pocz\u0105tek Rajdu Finlandii dla zespo\u0142u M-Sport po tym jak Ott T\u00e4nak i Pierre-Louis Loubet odpadli ju\u017c po trzecim odcinku specjalnym. W aucie Esto\u0144czyka zesp\u00f3\u0142 si\u0119 silnik a Loubet urwa\u0142 tylne ko\u0142o w swoim aucie Ford Puma Rally. T\u00e4nak by\u0142 liderem rajdu po wieczornym czwartkowym odcinku specjalnym, jednak\u017ce ju\u017c w pi\u0105tek rano\" \/>\n\t\t<meta name=\"twitter:image\" content=\"https:\/\/www.worldrally.eu\/wp-content\/uploads\/2023\/08\/ott1.jpg\" \/>\n\t\t<script type=\"application\/ld+json\" class=\"aioseo-schema\">\n\t\t\t{\"@context\":\"https:\\\/\\\/schema.org\",\"@graph\":[{\"@type\":\"BlogPosting\",\"@id\":\"https:\\\/\\\/www.worldrally.eu\\\/index.php\\\/2023\\\/08\\\/04\\\/dramat-tanaka-i-laubeta\\\/#blogposting\",\"name\":\"Dramat T\\u00e4naka i Laubeta \\u00bb WorldRally.eu\",\"headline\":\"Dramat T\\u00e4naka i Laubeta\",\"author\":{\"@id\":\"https:\\\/\\\/www.worldrally.eu\\\/index.php\\\/author\\\/slawek\\\/#author\"},\"publisher\":{\"@id\":\"https:\\\/\\\/www.worldrally.eu\\\/#organization\"},\"image\":{\"@type\":\"ImageObject\",\"url\":\"https:\\\/\\\/www.worldrally.eu\\\/wp-content\\\/uploads\\\/2023\\\/08\\\/ott1.jpg\",\"width\":1440,\"height\":1155},\"datePublished\":\"2023-08-04T14:54:00+00:00\",\"dateModified\":\"2023-08-07T16:56:06+00:00\",\"inLanguage\":\"en-GB\",\"mainEntityOfPage\":{\"@id\":\"https:\\\/\\\/www.worldrally.eu\\\/index.php\\\/2023\\\/08\\\/04\\\/dramat-tanaka-i-laubeta\\\/#webpage\"},\"isPartOf\":{\"@id\":\"https:\\\/\\\/www.worldrally.eu\\\/index.php\\\/2023\\\/08\\\/04\\\/dramat-tanaka-i-laubeta\\\/#webpage\"},\"articleSection\":\"WRC\"},{\"@type\":\"BreadcrumbList\",\"@id\":\"https:\\\/\\\/www.worldrally.eu\\\/index.php\\\/2023\\\/08\\\/04\\\/dramat-tanaka-i-laubeta\\\/#breadcrumblist\",\"itemListElement\":[{\"@type\":\"ListItem\",\"@id\":\"https:\\\/\\\/www.worldrally.eu#listItem\",\"position\":1,\"name\":\"Home\",\"item\":\"https:\\\/\\\/www.worldrally.eu\",\"nextItem\":{\"@type\":\"ListItem\",\"@id\":\"https:\\\/\\\/www.worldrally.eu\\\/index.php\\\/category\\\/wrc\\\/#listItem\",\"name\":\"WRC\"}},{\"@type\":\"ListItem\",\"@id\":\"https:\\\/\\\/www.worldrally.eu\\\/index.php\\\/category\\\/wrc\\\/#listItem\",\"position\":2,\"name\":\"WRC\",\"item\":\"https:\\\/\\\/www.worldrally.eu\\\/index.php\\\/category\\\/wrc\\\/\",\"nextItem\":{\"@type\":\"ListItem\",\"@id\":\"https:\\\/\\\/www.worldrally.eu\\\/index.php\\\/2023\\\/08\\\/04\\\/dramat-tanaka-i-laubeta\\\/#listItem\",\"name\":\"Dramat T\\u00e4naka i Laubeta\"},\"previousItem\":{\"@type\":\"ListItem\",\"@id\":\"https:\\\/\\\/www.worldrally.eu#listItem\",\"name\":\"Home\"}},{\"@type\":\"ListItem\",\"@id\":\"https:\\\/\\\/www.worldrally.eu\\\/index.php\\\/2023\\\/08\\\/04\\\/dramat-tanaka-i-laubeta\\\/#listItem\",\"position\":3,\"name\":\"Dramat T\\u00e4naka i Laubeta\",\"previousItem\":{\"@type\":\"ListItem\",\"@id\":\"https:\\\/\\\/www.worldrally.eu\\\/index.php\\\/category\\\/wrc\\\/#listItem\",\"name\":\"WRC\"}}]},{\"@type\":\"Organization\",\"@id\":\"https:\\\/\\\/www.worldrally.eu\\\/#organization\",\"name\":\"WorldRally.eu\",\"url\":\"https:\\\/\\\/www.worldrally.eu\\\/\",\"logo\":{\"@type\":\"ImageObject\",\"url\":\"https:\\\/\\\/www.worldrally.eu\\\/wp-content\\\/uploads\\\/2026\\\/01\\\/cropped-logo-3.png\",\"@id\":\"https:\\\/\\\/www.worldrally.eu\\\/index.php\\\/2023\\\/08\\\/04\\\/dramat-tanaka-i-laubeta\\\/#organizationLogo\",\"width\":2039,\"height\":756},\"image\":{\"@id\":\"https:\\\/\\\/www.worldrally.eu\\\/index.php\\\/2023\\\/08\\\/04\\\/dramat-tanaka-i-laubeta\\\/#organizationLogo\"}},{\"@type\":\"Person\",\"@id\":\"https:\\\/\\\/www.worldrally.eu\\\/index.php\\\/author\\\/slawek\\\/#author\",\"url\":\"https:\\\/\\\/www.worldrally.eu\\\/index.php\\\/author\\\/slawek\\\/\",\"name\":\"Slawek\",\"image\":{\"@type\":\"ImageObject\",\"@id\":\"https:\\\/\\\/www.worldrally.eu\\\/index.php\\\/2023\\\/08\\\/04\\\/dramat-tanaka-i-laubeta\\\/#authorImage\",\"url\":\"https:\\\/\\\/secure.gravatar.com\\\/avatar\\\/69f360f7dae72083ae4bc4ab808684e60db7862f2a4c55f482a5c339df672fd5?s=96&d=mm&r=g\",\"width\":96,\"height\":96,\"caption\":\"Slawek\"}},{\"@type\":\"WebPage\",\"@id\":\"https:\\\/\\\/www.worldrally.eu\\\/index.php\\\/2023\\\/08\\\/04\\\/dramat-tanaka-i-laubeta\\\/#webpage\",\"url\":\"https:\\\/\\\/www.worldrally.eu\\\/index.php\\\/2023\\\/08\\\/04\\\/dramat-tanaka-i-laubeta\\\/\",\"name\":\"Dramat T\\u00e4naka i Laubeta \\u00bb WorldRally.eu\",\"description\":\"To nie jest dobry pocz\\u0105tek Rajdu Finlandii dla zespo\\u0142u M-Sport po tym jak Ott T\\u00e4nak i Pierre-Louis Loubet odpadli ju\\u017c po trzecim odcinku specjalnym. W aucie Esto\\u0144czyka zesp\\u00f3\\u0142 si\\u0119 silnik a Loubet urwa\\u0142 tylne ko\\u0142o w swoim aucie Ford Puma Rally. T\\u00e4nak by\\u0142 liderem rajdu po wieczornym czwartkowym odcinku specjalnym, jednak\\u017ce ju\\u017c w pi\\u0105tek rano\",\"inLanguage\":\"en-GB\",\"isPartOf\":{\"@id\":\"https:\\\/\\\/www.worldrally.eu\\\/#website\"},\"breadcrumb\":{\"@id\":\"https:\\\/\\\/www.worldrally.eu\\\/index.php\\\/2023\\\/08\\\/04\\\/dramat-tanaka-i-laubeta\\\/#breadcrumblist\"},\"author\":{\"@id\":\"https:\\\/\\\/www.worldrally.eu\\\/index.php\\\/author\\\/slawek\\\/#author\"},\"creator\":{\"@id\":\"https:\\\/\\\/www.worldrally.eu\\\/index.php\\\/author\\\/slawek\\\/#author\"},\"image\":{\"@type\":\"ImageObject\",\"url\":\"https:\\\/\\\/www.worldrally.eu\\\/wp-content\\\/uploads\\\/2023\\\/08\\\/ott1.jpg\",\"@id\":\"https:\\\/\\\/www.worldrally.eu\\\/index.php\\\/2023\\\/08\\\/04\\\/dramat-tanaka-i-laubeta\\\/#mainImage\",\"width\":1440,\"height\":1155},\"primaryImageOfPage\":{\"@id\":\"https:\\\/\\\/www.worldrally.eu\\\/index.php\\\/2023\\\/08\\\/04\\\/dramat-tanaka-i-laubeta\\\/#mainImage\"},\"datePublished\":\"2023-08-04T14:54:00+00:00\",\"dateModified\":\"2023-08-07T16:56:06+00:00\"},{\"@type\":\"WebSite\",\"@id\":\"https:\\\/\\\/www.worldrally.eu\\\/#website\",\"url\":\"https:\\\/\\\/www.worldrally.eu\\\/\",\"name\":\"WorldRally.eu\",\"inLanguage\":\"en-GB\",\"publisher\":{\"@id\":\"https:\\\/\\\/www.worldrally.eu\\\/#organization\"}}]}\n\t\t<\/script>\n\t\t<!-- All in One SEO -->\n\n","aioseo_head_json":{"title":"Dramat T\u00e4naka i Laubeta \u00bb WorldRally.eu","description":"To nie jest dobry pocz\u0105tek Rajdu Finlandii dla zespo\u0142u M-Sport po tym jak Ott T\u00e4nak i Pierre-Louis Loubet odpadli ju\u017c po trzecim odcinku specjalnym. W aucie Esto\u0144czyka zesp\u00f3\u0142 si\u0119 silnik a Loubet urwa\u0142 tylne ko\u0142o w swoim aucie Ford Puma Rally. T\u00e4nak by\u0142 liderem rajdu po wieczornym czwartkowym odcinku specjalnym, jednak\u017ce ju\u017c w pi\u0105tek rano","canonical_url":"https:\/\/www.worldrally.eu\/index.php\/2023\/08\/04\/dramat-tanaka-i-laubeta\/","robots":"max-image-preview:large","keywords":"","webmasterTools":{"miscellaneous":""},"schema":{"@context":"https:\/\/schema.org","@graph":[{"@type":"BlogPosting","@id":"https:\/\/www.worldrally.eu\/index.php\/2023\/08\/04\/dramat-tanaka-i-laubeta\/#blogposting","name":"Dramat T\u00e4naka i Laubeta \u00bb WorldRally.eu","headline":"Dramat T\u00e4naka i Laubeta","author":{"@id":"https:\/\/www.worldrally.eu\/index.php\/author\/slawek\/#author"},"publisher":{"@id":"https:\/\/www.worldrally.eu\/#organization"},"image":{"@type":"ImageObject","url":"https:\/\/www.worldrally.eu\/wp-content\/uploads\/2023\/08\/ott1.jpg","width":1440,"height":1155},"datePublished":"2023-08-04T14:54:00+00:00","dateModified":"2023-08-07T16:56:06+00:00","inLanguage":"en-GB","mainEntityOfPage":{"@id":"https:\/\/www.worldrally.eu\/index.php\/2023\/08\/04\/dramat-tanaka-i-laubeta\/#webpage"},"isPartOf":{"@id":"https:\/\/www.worldrally.eu\/index.php\/2023\/08\/04\/dramat-tanaka-i-laubeta\/#webpage"},"articleSection":"WRC"},{"@type":"BreadcrumbList","@id":"https:\/\/www.worldrally.eu\/index.php\/2023\/08\/04\/dramat-tanaka-i-laubeta\/#breadcrumblist","itemListElement":[{"@type":"ListItem","@id":"https:\/\/www.worldrally.eu#listItem","position":1,"name":"Home","item":"https:\/\/www.worldrally.eu","nextItem":{"@type":"ListItem","@id":"https:\/\/www.worldrally.eu\/index.php\/category\/wrc\/#listItem","name":"WRC"}},{"@type":"ListItem","@id":"https:\/\/www.worldrally.eu\/index.php\/category\/wrc\/#listItem","position":2,"name":"WRC","item":"https:\/\/www.worldrally.eu\/index.php\/category\/wrc\/","nextItem":{"@type":"ListItem","@id":"https:\/\/www.worldrally.eu\/index.php\/2023\/08\/04\/dramat-tanaka-i-laubeta\/#listItem","name":"Dramat T\u00e4naka i Laubeta"},"previousItem":{"@type":"ListItem","@id":"https:\/\/www.worldrally.eu#listItem","name":"Home"}},{"@type":"ListItem","@id":"https:\/\/www.worldrally.eu\/index.php\/2023\/08\/04\/dramat-tanaka-i-laubeta\/#listItem","position":3,"name":"Dramat T\u00e4naka i Laubeta","previousItem":{"@type":"ListItem","@id":"https:\/\/www.worldrally.eu\/index.php\/category\/wrc\/#listItem","name":"WRC"}}]},{"@type":"Organization","@id":"https:\/\/www.worldrally.eu\/#organization","name":"WorldRally.eu","url":"https:\/\/www.worldrally.eu\/","logo":{"@type":"ImageObject","url":"https:\/\/www.worldrally.eu\/wp-content\/uploads\/2026\/01\/cropped-logo-3.png","@id":"https:\/\/www.worldrally.eu\/index.php\/2023\/08\/04\/dramat-tanaka-i-laubeta\/#organizationLogo","width":2039,"height":756},"image":{"@id":"https:\/\/www.worldrally.eu\/index.php\/2023\/08\/04\/dramat-tanaka-i-laubeta\/#organizationLogo"}},{"@type":"Person","@id":"https:\/\/www.worldrally.eu\/index.php\/author\/slawek\/#author","url":"https:\/\/www.worldrally.eu\/index.php\/author\/slawek\/","name":"Slawek","image":{"@type":"ImageObject","@id":"https:\/\/www.worldrally.eu\/index.php\/2023\/08\/04\/dramat-tanaka-i-laubeta\/#authorImage","url":"https:\/\/secure.gravatar.com\/avatar\/69f360f7dae72083ae4bc4ab808684e60db7862f2a4c55f482a5c339df672fd5?s=96&d=mm&r=g","width":96,"height":96,"caption":"Slawek"}},{"@type":"WebPage","@id":"https:\/\/www.worldrally.eu\/index.php\/2023\/08\/04\/dramat-tanaka-i-laubeta\/#webpage","url":"https:\/\/www.worldrally.eu\/index.php\/2023\/08\/04\/dramat-tanaka-i-laubeta\/","name":"Dramat T\u00e4naka i Laubeta \u00bb WorldRally.eu","description":"To nie jest dobry pocz\u0105tek Rajdu Finlandii dla zespo\u0142u M-Sport po tym jak Ott T\u00e4nak i Pierre-Louis Loubet odpadli ju\u017c po trzecim odcinku specjalnym. W aucie Esto\u0144czyka zesp\u00f3\u0142 si\u0119 silnik a Loubet urwa\u0142 tylne ko\u0142o w swoim aucie Ford Puma Rally. T\u00e4nak by\u0142 liderem rajdu po wieczornym czwartkowym odcinku specjalnym, jednak\u017ce ju\u017c w pi\u0105tek rano","inLanguage":"en-GB","isPartOf":{"@id":"https:\/\/www.worldrally.eu\/#website"},"breadcrumb":{"@id":"https:\/\/www.worldrally.eu\/index.php\/2023\/08\/04\/dramat-tanaka-i-laubeta\/#breadcrumblist"},"author":{"@id":"https:\/\/www.worldrally.eu\/index.php\/author\/slawek\/#author"},"creator":{"@id":"https:\/\/www.worldrally.eu\/index.php\/author\/slawek\/#author"},"image":{"@type":"ImageObject","url":"https:\/\/www.worldrally.eu\/wp-content\/uploads\/2023\/08\/ott1.jpg","@id":"https:\/\/www.worldrally.eu\/index.php\/2023\/08\/04\/dramat-tanaka-i-laubeta\/#mainImage","width":1440,"height":1155},"primaryImageOfPage":{"@id":"https:\/\/www.worldrally.eu\/index.php\/2023\/08\/04\/dramat-tanaka-i-laubeta\/#mainImage"},"datePublished":"2023-08-04T14:54:00+00:00","dateModified":"2023-08-07T16:56:06+00:00"},{"@type":"WebSite","@id":"https:\/\/www.worldrally.eu\/#website","url":"https:\/\/www.worldrally.eu\/","name":"WorldRally.eu","inLanguage":"en-GB","publisher":{"@id":"https:\/\/www.worldrally.eu\/#organization"}}]},"og:locale":"en_GB","og:site_name":"WorldRally.eu \u00bb","og:type":"article","og:title":"Dramat T\u00e4naka i Laubeta \u00bb WorldRally.eu","og:description":"To nie jest dobry pocz\u0105tek Rajdu Finlandii dla zespo\u0142u M-Sport po tym jak Ott T\u00e4nak i Pierre-Louis Loubet odpadli ju\u017c po trzecim odcinku specjalnym. W aucie Esto\u0144czyka zesp\u00f3\u0142 si\u0119 silnik a Loubet urwa\u0142 tylne ko\u0142o w swoim aucie Ford Puma Rally. T\u00e4nak by\u0142 liderem rajdu po wieczornym czwartkowym odcinku specjalnym, jednak\u017ce ju\u017c w pi\u0105tek rano","og:url":"https:\/\/www.worldrally.eu\/index.php\/2023\/08\/04\/dramat-tanaka-i-laubeta\/","og:image":"https:\/\/www.worldrally.eu\/wp-content\/uploads\/2023\/08\/ott1.jpg","og:image:secure_url":"https:\/\/www.worldrally.eu\/wp-content\/uploads\/2023\/08\/ott1.jpg","og:image:width":1440,"og:image:height":1155,"article:published_time":"2023-08-04T14:54:00+00:00","article:modified_time":"2023-08-07T16:56:06+00:00","twitter:card":"summary_large_image","twitter:title":"Dramat T\u00e4naka i Laubeta \u00bb WorldRally.eu","twitter:description":"To nie jest dobry pocz\u0105tek Rajdu Finlandii dla zespo\u0142u M-Sport po tym jak Ott T\u00e4nak i Pierre-Louis Loubet odpadli ju\u017c po trzecim odcinku specjalnym. W aucie Esto\u0144czyka zesp\u00f3\u0142 si\u0119 silnik a Loubet urwa\u0142 tylne ko\u0142o w swoim aucie Ford Puma Rally. T\u00e4nak by\u0142 liderem rajdu po wieczornym czwartkowym odcinku specjalnym, jednak\u017ce ju\u017c w pi\u0105tek rano","twitter:image":"https:\/\/www.worldrally.eu\/wp-content\/uploads\/2023\/08\/ott1.jpg"},"aioseo_meta_data":{"post_id":"1801","title":null,"description":null,"keywords":null,"keyphrases":null,"primary_term":null,"canonical_url":null,"og_title":null,"og_description":null,"og_object_type":"default","og_image_type":"default","og_image_url":null,"og_image_width":null,"og_image_height":null,"og_image_custom_url":null,"og_image_custom_fields":null,"og_video":null,"og_custom_url":null,"og_article_section":null,"og_article_tags":null,"twitter_use_og":false,"twitter_card":"default","twitter_image_type":"default","twitter_image_url":null,"twitter_image_custom_url":null,"twitter_image_custom_fields":null,"twitter_title":null,"twitter_description":null,"schema":{"blockGraphs":[],"customGraphs":[],"default":{"data":{"Article":[],"Course":[],"Dataset":[],"FAQPage":[],"Movie":[],"Person":[],"Product":[],"ProductReview":[],"Car":[],"Recipe":[],"Service":[],"SoftwareApplication":[],"WebPage":[]},"graphName":"","isEnabled":true},"graphs":[]},"schema_type":"default","schema_type_options":null,"pillar_content":false,"robots_default":true,"robots_noindex":false,"robots_noarchive":false,"robots_nosnippet":false,"robots_nofollow":false,"robots_noimageindex":false,"robots_noodp":false,"robots_notranslate":false,"robots_max_snippet":null,"robots_max_videopreview":null,"robots_max_imagepreview":"large","priority":null,"frequency":null,"local_seo":null,"breadcrumb_settings":null,"limit_modified_date":false,"ai":null,"created":"2025-03-22 06:22:20","updated":"2025-10-26 11:13:07","seo_analyzer_scan_date":null},"aioseo_breadcrumb":"<div class=\"aioseo-breadcrumbs\"><span class=\"aioseo-breadcrumb\">\n\t\t\t<a href=\"https:\/\/www.worldrally.eu\" title=\"Home\">Home<\/a>\n\t\t<\/span><span class=\"aioseo-breadcrumb-separator\">&raquo;<\/span><span class=\"aioseo-breadcrumb\">\n\t\t\t<a href=\"https:\/\/www.worldrally.eu\/index.php\/category\/wrc\/\" title=\"WRC\">WRC<\/a>\n\t\t<\/span><span class=\"aioseo-breadcrumb-separator\">&raquo;<\/span><span class=\"aioseo-breadcrumb\">\n\t\t\tDramat T\u00e4naka i Laubeta\n\t\t<\/span><\/div>","aioseo_breadcrumb_json":[{"label":"Home","link":"https:\/\/www.worldrally.eu"},{"label":"WRC","link":"https:\/\/www.worldrally.eu\/index.php\/category\/wrc\/"},{"label":"Dramat T\u00e4naka i Laubeta","link":"https:\/\/www.worldrally.eu\/index.php\/2023\/08\/04\/dramat-tanaka-i-laubeta\/"}],"cc_featured_image_caption":{"caption_text":"Foto T\u00e4nak FB","source_text":"","source_url":""},"_links":{"self":[{"href":"https:\/\/www.worldrally.eu\/index.php\/wp-json\/wp\/v2\/posts\/1801","targetHints":{"allow":["GET"]}}],"collection":[{"href":"https:\/\/www.worldrally.eu\/index.php\/wp-json\/wp\/v2\/posts"}],"about":[{"href":"https:\/\/www.worldrally.eu\/index.php\/wp-json\/wp\/v2\/types\/post"}],"author":[{"embeddable":true,"href":"https:\/\/www.worldrally.eu\/index.php\/wp-json\/wp\/v2\/users\/4"}],"replies":[{"embeddable":true,"href":"https:\/\/www.worldrally.eu\/index.php\/wp-json\/wp\/v2\/comments?post=1801"}],"version-history":[{"count":1,"href":"https:\/\/www.worldrally.eu\/index.php\/wp-json\/wp\/v2\/posts\/1801\/revisions"}],"predecessor-version":[{"id":1803,"href":"https:\/\/www.worldrally.eu\/index.php\/wp-json\/wp\/v2\/posts\/1801\/revisions\/1803"}],"wp:featuredmedia":[{"embeddable":true,"href":"https:\/\/www.worldrally.eu\/index.php\/wp-json\/wp\/v2\/media\/1802"}],"wp:attachment":[{"href":"https:\/\/www.worldrally.eu\/index.php\/wp-json\/wp\/v2\/media?parent=1801"}],"wp:term":[{"taxonomy":"category","embeddable":true,"href":"https:\/\/www.worldrally.eu\/index.php\/wp-json\/wp\/v2\/categories?post=1801"},{"taxonomy":"post_tag","embeddable":true,"href":"https:\/\/www.worldrally.eu\/index.php\/wp-json\/wp\/v2\/tags?post=1801"}],"curies":[{"name":"wp","href":"https:\/\/api.w.org\/{rel}","templated":true}]}}