{"id":1783,"date":"2023-07-30T19:43:00","date_gmt":"2023-07-30T19:43:00","guid":{"rendered":"https:\/\/www.worldrally.eu\/?p=1783"},"modified":"2023-08-02T19:48:55","modified_gmt":"2023-08-02T19:48:55","slug":"armstrong-wygrywa-piaty-raz-z-rzedu-erc3","status":"publish","type":"post","link":"https:\/\/www.worldrally.eu\/index.php\/2023\/07\/30\/armstrong-wygrywa-piaty-raz-z-rzedu-erc3\/","title":{"rendered":"Armstrong wygrywa piaty raz z rz\u0119du ERC3"},"content":{"rendered":"\n<p>Jon Armstrong odnosz\u0105c pi\u0105te zwyci\u0119stwo w sezonie w Rally di Roma Capitale, co da\u0142o Cameron Fair tytu\u0142 tymczasowego pilota mistrza na rok 2023, pod warunkiem potwierdzenia wynik\u00f3w przez FIA.<\/p>\n\n\n\n<blockquote class=\"wp-block-quote is-layout-flow wp-block-quote-is-layout-flow\">\n<p><em>Pi\u0119\u0107 na pi\u0119\u0107, to naprawd\u0119 dobrze i dobrze jest widzie\u0107, jak sekunda na kilometr w por\u00f3wnaniu z samochodami Rally2 jest coraz bli\u017cej, to zach\u0119caj\u0105ce. Zdobycie tytu\u0142u jest fantastyczne, a zesp\u00f3\u0142 wykona\u0142 \u015bwietn\u0105 robot\u0119 przez ca\u0142y sezon. Cameron nie bra\u0142 udzia\u0142u w mi\u0119dzynarodowym rajdzie przed startem w Rally Islas Canarias, wi\u0119c by\u0142a to dla niego dobra okazja, aby zanurzy\u0107 si\u0119 w tej scenie, a zdobycie tytu\u0142u mistrzowskiego jest dla niego naprawd\u0119 dobre. Starali\u015bmy si\u0119 dzisiaj nie podejmowa\u0107 du\u017cego ryzyka i wysz\u0142o nam naprawd\u0119 dobrze, jestem bardzo zadowolony.<\/em><\/p>\n<cite>wyja\u015bni\u0142 Armstrong<\/cite><\/blockquote>\n\n\n\n<p>Andreucci, wielokrotny mistrz W\u0142och i zwyci\u0119zca zawod\u00f3w ERC jad\u0105cy Renault Clio Rally3 zajmuj\u0105c drugie miejsce powiedzia\u0142.<\/p>\n\n\n\n<blockquote class=\"wp-block-quote is-layout-flow wp-block-quote-is-layout-flow\">\n<p><em>To dobry samoch\u00f3d, ale zaczynamy prace dopiero od tego rajdu, wi\u0119c jest bardzo nowy. Samoch\u00f3d jest fajny, hamulce i skrzynia bieg\u00f3w s\u0105 fantastyczne. Amortyzator i ustawienia, musimy popracowa\u0107 nad rozwojem, wyregulowa\u0107 niekt\u00f3re rzeczy, a tak\u017ce ustawienia z opon\u0105, ale poprawili\u015bmy si\u0119 w ci\u0105gu dnia.<\/em><\/p>\n<\/blockquote>\n","protected":false},"excerpt":{"rendered":"<p>Jon Armstrong odnosz\u0105c pi\u0105te zwyci\u0119stwo w sezonie w Rally di Roma Capitale, co da\u0142o Cameron Fair tytu\u0142 tymczasowego pilota mistrza na rok 2023, pod warunkiem potwierdzenia wynik\u00f3w przez FIA. Pi\u0119\u0107 na pi\u0119\u0107, to naprawd\u0119 dobrze i dobrze jest widzie\u0107, jak sekunda na kilometr w por\u00f3wnaniu z samochodami Rally2 jest coraz bli\u017cej, to zach\u0119caj\u0105ce. Zdobycie tytu\u0142u [&hellip;]<\/p>\n","protected":false},"author":1,"featured_media":1784,"comment_status":"closed","ping_status":"closed","sticky":false,"template":"","format":"standard","meta":{"footnotes":""},"categories":[4],"tags":[],"class_list":["post-1783","post","type-post","status-publish","format-standard","has-post-thumbnail","hentry","category-erc"],"aioseo_notices":[],"cc_featured_image_caption":{"caption_text":"Foto - Armstrong FB","source_text":"","source_url":""},"_links":{"self":[{"href":"https:\/\/www.worldrally.eu\/index.php\/wp-json\/wp\/v2\/posts\/1783","targetHints":{"allow":["GET"]}}],"collection":[{"href":"https:\/\/www.worldrally.eu\/index.php\/wp-json\/wp\/v2\/posts"}],"about":[{"href":"https:\/\/www.worldrally.eu\/index.php\/wp-json\/wp\/v2\/types\/post"}],"author":[{"embeddable":true,"href":"https:\/\/www.worldrally.eu\/index.php\/wp-json\/wp\/v2\/users\/1"}],"replies":[{"embeddable":true,"href":"https:\/\/www.worldrally.eu\/index.php\/wp-json\/wp\/v2\/comments?post=1783"}],"version-history":[{"count":1,"href":"https:\/\/www.worldrally.eu\/index.php\/wp-json\/wp\/v2\/posts\/1783\/revisions"}],"predecessor-version":[{"id":1785,"href":"https:\/\/www.worldrally.eu\/index.php\/wp-json\/wp\/v2\/posts\/1783\/revisions\/1785"}],"wp:featuredmedia":[{"embeddable":true,"href":"https:\/\/www.worldrally.eu\/index.php\/wp-json\/wp\/v2\/media\/1784"}],"wp:attachment":[{"href":"https:\/\/www.worldrally.eu\/index.php\/wp-json\/wp\/v2\/media?parent=1783"}],"wp:term":[{"taxonomy":"category","embeddable":true,"href":"https:\/\/www.worldrally.eu\/index.php\/wp-json\/wp\/v2\/categories?post=1783"},{"taxonomy":"post_tag","embeddable":true,"href":"https:\/\/www.worldrally.eu\/index.php\/wp-json\/wp\/v2\/tags?post=1783"}],"curies":[{"name":"wp","href":"https:\/\/api.w.org\/{rel}","templated":true}]}}