{"id":1763,"date":"2023-07-28T19:18:00","date_gmt":"2023-07-28T19:18:00","guid":{"rendered":"https:\/\/www.worldrally.eu\/?p=1763"},"modified":"2023-08-02T19:21:51","modified_gmt":"2023-08-02T19:21:51","slug":"armstrong-moze-swietowac","status":"publish","type":"post","link":"https:\/\/www.worldrally.eu\/index.php\/2023\/07\/28\/armstrong-moze-swietowac\/","title":{"rendered":"Armstrong mo\u017ce \u015bwi\u0119towa\u0107"},"content":{"rendered":"\n<p>Jon Armstrong odni\u00f3s\u0142 cztery zwyci\u0119stwa za kierownic\u0105 Forda Fiesta Rally3 zbudowanym i w pe\u0142ni przygotowanym aucie przez M-Sport Polska i teoretycznie mo\u017ce ju\u017c \u015bwi\u0119towa\u0107 tytu\u0142 mistrzowski.<\/p>\n\n\n\n<blockquote class=\"wp-block-quote is-layout-flow wp-block-quote-is-layout-flow\">\n<p><em>Jestem w si\u00f3dmym niebie, poniewa\u017c naprawd\u0119 fajnie jest wygra\u0107 wielkie mistrzostwa i by\u0142 to jeden z tych sezon\u00f3w, w kt\u00f3rych wygra\u0142em wszystkie zawody. W\u0142o\u017cy\u0142em du\u017co wysi\u0142ku w ci\u0105gu ostatnich kilku lat, ale dwukrotnie przegapi\u0142em tytu\u0142 Junior WRC, wi\u0119c mi\u0142o jest zdoby\u0107 tytu\u0142 na moje nazwisko. Dzi\u0119kuj\u0119 M-Sport Polska za fantastyczn\u0105 dru\u017cyn\u0119 i samoch\u00f3d, bardzo dobrze mi si\u0119 nim je\u017adzi\u0142o, a tak\u017ce wszystkim moim osobistym sponsorom. I dzi\u0119ki Cameron [Fair] i Andrew [Browne] za bycie pilotami w tym roku.<\/em><\/p>\n<cite>powiedzia\u0142 Armstrong<\/cite><\/blockquote>\n\n\n\n<p>Armstrong mo\u017ce odnie\u015b\u0107 pi\u0119\u0107 zwyci\u0119stw w ERC3 z pi\u0119ciu start\u00f3w w Rally di Roma Capitale w tym tygodniu, ale zmierzy si\u0119 z silnym przeciwnikiem wielokrotnego mistrza W\u0142och i zwyci\u0119zcy zawod\u00f3w ERC Paolo Andreucci, kt\u00f3ry pojedzie Renault Clio Rally3<\/p>\n\n\n\n<blockquote class=\"wp-block-quote is-layout-flow wp-block-quote-is-layout-flow\">\n<p><em>Og\u00f3lnie rzecz bior\u0105c, to troch\u0119 dziwne \u015bwi\u0119towa\u0107 przed rozpocz\u0119ciem rajdu, ale teraz mog\u0119 si\u0119 nim cieszy\u0107. Oczywi\u015bcie jest du\u017co pracy do wykonania w przysz\u0142ym roku, poniewa\u017c naprawd\u0119 fajnie by\u0142oby przeprowadzi\u0107 pe\u0142n\u0105 kampani\u0119 ERC w samochodzie Rally2<\/em><\/p>\n<cite>doda\u0142<\/cite><\/blockquote>\n\n\n\n<figure class=\"wp-block-image size-large\"><img fetchpriority=\"high\" decoding=\"async\" width=\"1024\" height=\"657\" src=\"http:\/\/www.worldrally.eu\/wp-content\/uploads\/2023\/05\/79-Rally-Poland-2023-Photo-Adam-Owczarek-PhotoMS.se-32-1024x657.jpg\" alt=\"\" class=\"wp-image-1380\" srcset=\"https:\/\/www.worldrally.eu\/wp-content\/uploads\/2023\/05\/79-Rally-Poland-2023-Photo-Adam-Owczarek-PhotoMS.se-32-1024x657.jpg 1024w, https:\/\/www.worldrally.eu\/wp-content\/uploads\/2023\/05\/79-Rally-Poland-2023-Photo-Adam-Owczarek-PhotoMS.se-32-300x193.jpg 300w, https:\/\/www.worldrally.eu\/wp-content\/uploads\/2023\/05\/79-Rally-Poland-2023-Photo-Adam-Owczarek-PhotoMS.se-32-768x493.jpg 768w, https:\/\/www.worldrally.eu\/wp-content\/uploads\/2023\/05\/79-Rally-Poland-2023-Photo-Adam-Owczarek-PhotoMS.se-32-1536x986.jpg 1536w, https:\/\/www.worldrally.eu\/wp-content\/uploads\/2023\/05\/79-Rally-Poland-2023-Photo-Adam-Owczarek-PhotoMS.se-32.jpg 1620w\" sizes=\"(max-width: 1024px) 100vw, 1024px\" \/><figcaption class=\"wp-element-caption\">Foto &#8211; PhotoMS<\/figcaption><\/figure>\n\n\n\n<blockquote class=\"wp-block-quote is-layout-flow wp-block-quote-is-layout-flow\">\n<p><em>Jest legend\u0105 tego sportu, wi\u0119c b\u0119dzie ciekawie i mi\u0142o b\u0119dzie mie\u0107 dobr\u0105 konkurencj\u0119, z kt\u00f3r\u0105 b\u0119d\u0119 m\u00f3g\u0142 si\u0119 zmierzy\u0107. Naprawd\u0119 nie wiem, jakie b\u0119dzie nasze tempo w por\u00f3wnaniu z jego, ale jestem pewien, \u017ce w trakcie weekendu wpadniemy na dobry pomys\u0142 i postaramy si\u0119 zrobi\u0107 wszystko, co w naszej mocy. Je\u015bli b\u0119dziemy musieli si\u0119 poprawi\u0107, spr\u00f3bujemy to rozgry\u017a\u0107. Bra\u0142 ju\u017c udzia\u0142 w tym rajdzie, wi\u0119c zawsze b\u0119dzie to trudna bitwa, ale to dobre wyzwanie<\/em><\/p>\n<\/blockquote>\n\n\n\n<p>Cameron Fair wci\u0105\u017c potrzebuje 18 punkt\u00f3w, aby zako\u0144czy\u0107 tytu\u0142 Co-drivers, poniewa\u017c nie by\u0142 partnerem Armstronga podczas otwarcia sezonu Fafe w marcu.<\/p>\n\n\n\n<p><strong>Z zastrze\u017ceniem potwierdzenia wynik\u00f3w przez FIA<\/strong><\/p>\n","protected":false},"excerpt":{"rendered":"<p>Jon Armstrong odni\u00f3s\u0142 cztery zwyci\u0119stwa za kierownic\u0105 Forda Fiesta Rally3 zbudowanym i w pe\u0142ni przygotowanym aucie przez M-Sport Polska i teoretycznie mo\u017ce ju\u017c \u015bwi\u0119towa\u0107 tytu\u0142 mistrzowski. Jestem w si\u00f3dmym niebie, poniewa\u017c naprawd\u0119 fajnie jest wygra\u0107 wielkie mistrzostwa i by\u0142 to jeden z tych sezon\u00f3w, w kt\u00f3rych wygra\u0142em wszystkie zawody. W\u0142o\u017cy\u0142em du\u017co wysi\u0142ku w ci\u0105gu ostatnich [&hellip;]<\/p>\n","protected":false},"author":2,"featured_media":1530,"comment_status":"closed","ping_status":"closed","sticky":false,"template":"","format":"standard","meta":{"footnotes":""},"categories":[4],"tags":[],"class_list":["post-1763","post","type-post","status-publish","format-standard","has-post-thumbnail","hentry","category-erc"],"aioseo_notices":[],"cc_featured_image_caption":{"caption_text":"Foto - PhotoMS","source_text":"","source_url":""},"_links":{"self":[{"href":"https:\/\/www.worldrally.eu\/index.php\/wp-json\/wp\/v2\/posts\/1763","targetHints":{"allow":["GET"]}}],"collection":[{"href":"https:\/\/www.worldrally.eu\/index.php\/wp-json\/wp\/v2\/posts"}],"about":[{"href":"https:\/\/www.worldrally.eu\/index.php\/wp-json\/wp\/v2\/types\/post"}],"author":[{"embeddable":true,"href":"https:\/\/www.worldrally.eu\/index.php\/wp-json\/wp\/v2\/users\/2"}],"replies":[{"embeddable":true,"href":"https:\/\/www.worldrally.eu\/index.php\/wp-json\/wp\/v2\/comments?post=1763"}],"version-history":[{"count":1,"href":"https:\/\/www.worldrally.eu\/index.php\/wp-json\/wp\/v2\/posts\/1763\/revisions"}],"predecessor-version":[{"id":1764,"href":"https:\/\/www.worldrally.eu\/index.php\/wp-json\/wp\/v2\/posts\/1763\/revisions\/1764"}],"wp:featuredmedia":[{"embeddable":true,"href":"https:\/\/www.worldrally.eu\/index.php\/wp-json\/wp\/v2\/media\/1530"}],"wp:attachment":[{"href":"https:\/\/www.worldrally.eu\/index.php\/wp-json\/wp\/v2\/media?parent=1763"}],"wp:term":[{"taxonomy":"category","embeddable":true,"href":"https:\/\/www.worldrally.eu\/index.php\/wp-json\/wp\/v2\/categories?post=1763"},{"taxonomy":"post_tag","embeddable":true,"href":"https:\/\/www.worldrally.eu\/index.php\/wp-json\/wp\/v2\/tags?post=1763"}],"curies":[{"name":"wp","href":"https:\/\/api.w.org\/{rel}","templated":true}]}}