{"id":1735,"date":"2023-07-22T11:39:00","date_gmt":"2023-07-22T11:39:00","guid":{"rendered":"https:\/\/www.worldrally.eu\/?p=1735"},"modified":"2023-07-24T11:45:35","modified_gmt":"2023-07-24T11:45:35","slug":"rovanpera-powieksza-przewage-w-rajdzie-estonia","status":"publish","type":"post","link":"https:\/\/www.worldrally.eu\/index.php\/2023\/07\/22\/rovanpera-powieksza-przewage-w-rajdzie-estonia\/","title":{"rendered":"Rovanper\u00e4 powi\u0119ksza przewag\u0119 w Rajdzie Estonia"},"content":{"rendered":"\n<p class=\"wp-block-paragraph\">Kalle Rovanper\u00e4 wraz z pilotem Jonne Halttunen jad\u0105cy Toyot\u0105 GR Yaris Rally1 zwi\u0119kszyli swoj\u0105 przewag\u0119 do 20,3 sekundy w Rajdzie Estonia wygrywaj\u0105c wszystkie poranne odcinki specjalne.<\/p>\n\n\n\n<blockquote class=\"wp-block-quote is-layout-flow wp-block-quote-is-layout-flow\">\n<p class=\"wp-block-paragraph\"><em>Czas wygl\u0105da ca\u0142kiem dobrze. Szczerze m\u00f3wi\u0105c, pcha\u0142em si\u0119 jak cholera przez ca\u0142\u0105 drog\u0119. W samochodzie jest przyjemnie. Skoki s\u0105 trudne, ale to dobra robota dla fan\u00f3w i stara\u0142em si\u0119 mocno naciska\u0107.<\/em> <em>To ca\u0142kiem nie\u017ale. Troch\u0119 czystsza jazda ni\u017c rano na tej, wi\u0119c wszystko jest w porz\u0105dku. Mi\u0142o jest pod\u0105\u017ca\u0107 \u015bladami innych<\/em><\/p>\n<cite>powiedzia\u0142 Rovanper\u00e4<\/cite><\/blockquote>\n\n\n\n<p class=\"wp-block-paragraph\">Thierry Neuville wci\u0105\u017c jest na drugiej pozycji w klasyfikacji generalnej, jednak\u017ce jego przewaga na Esapekka Lappi stopnia\u0142a do 6,7 sekundy. Czwarty jest Evans trac\u0105 do trzeciego miejsca tylko 1,9 sekundy i maj\u0105c bezpieczn\u0105 przewag\u0119 na Suninenem ponad 30 sekund.<\/p>\n\n\n\n<blockquote class=\"wp-block-quote is-layout-flow wp-block-quote-is-layout-flow\">\n<p class=\"wp-block-paragraph\"><em>Oczywi\u015bcie Lappi ma czyst\u0105 pass\u0119, dla nas te\u017c by\u0142o dobrze. Troch\u0119 ostro\u017cny mo\u017ce na kilku skokach, ale og\u00f3lnie w porz\u0105dku. Wydawa\u0142 si\u0119 ca\u0142kiem czysty i schludny. Oczywi\u015bcie zawsze s\u0105 rzeczy, kt\u00f3re mo\u017cna zrobi\u0107 lepiej, ale czu\u0142em si\u0119 ca\u0142kiem dobrze<\/em><\/p>\n<cite><em>Powiedzia\u0142 Evans<\/em><\/cite><\/blockquote>\n\n\n\n<figure class=\"wp-block-image size-full\"><img fetchpriority=\"high\" decoding=\"async\" width=\"1024\" height=\"1024\" src=\"https:\/\/www.worldrally.eu\/wp-content\/uploads\/2023\/07\/efyn-1-1.jpg\" alt=\"\" class=\"wp-image-1737\" srcset=\"https:\/\/www.worldrally.eu\/wp-content\/uploads\/2023\/07\/efyn-1-1.jpg 1024w, https:\/\/www.worldrally.eu\/wp-content\/uploads\/2023\/07\/efyn-1-1-300x300.jpg 300w, https:\/\/www.worldrally.eu\/wp-content\/uploads\/2023\/07\/efyn-1-1-150x150.jpg 150w, https:\/\/www.worldrally.eu\/wp-content\/uploads\/2023\/07\/efyn-1-1-768x768.jpg 768w, https:\/\/www.worldrally.eu\/wp-content\/uploads\/2023\/07\/efyn-1-1-350x350.jpg 350w\" sizes=\"(max-width: 1024px) 100vw, 1024px\" \/><figcaption class=\"wp-element-caption\">Foto &#8211; Evans FB<\/figcaption><\/figure>\n\n\n\n<p class=\"wp-block-paragraph\">Miejscowy bohater Ott T\u00e4nak po \u015bwietnym poranku awansowa\u0142 z jedenastego na \u00f3sme miejsce jednak\u017ce jego strata do Takamato Katsuta wynosi ponad trzy minuty i realnie nie jest ju\u017c do odrobienia. Loubet dzielnie utrzymuje swoje wywalczone sz\u00f3st\u0105 pozycje maj\u0105c przewag\u0119 nad Japo\u0144czykiem prawie dwadzie\u015bcia sekund.<\/p>\n\n\n\n<blockquote class=\"wp-block-quote is-layout-flow wp-block-quote-is-layout-flow\">\n<p class=\"wp-block-paragraph\"><em>Miejscami troch\u0119 koleinowana, ale zdecydowanie lepsza ni\u017c pierwsza p\u0119tla. Du\u017ca droga jest wci\u0105\u017c troch\u0119 taka i taka, ale ma\u0142a droga jest ca\u0142kiem w porz\u0105dku<\/em><\/p>\n<cite><em>Powiedzia\u0142 T\u00e4nak<\/em><\/cite><\/blockquote>\n\n\n\n<figure class=\"wp-block-image size-large\"><img decoding=\"async\" width=\"1024\" height=\"808\" src=\"https:\/\/www.worldrally.eu\/wp-content\/uploads\/2023\/07\/ott-1024x808.jpg\" alt=\"\" class=\"wp-image-1738\" srcset=\"https:\/\/www.worldrally.eu\/wp-content\/uploads\/2023\/07\/ott-1024x808.jpg 1024w, https:\/\/www.worldrally.eu\/wp-content\/uploads\/2023\/07\/ott-300x237.jpg 300w, https:\/\/www.worldrally.eu\/wp-content\/uploads\/2023\/07\/ott-768x606.jpg 768w, https:\/\/www.worldrally.eu\/wp-content\/uploads\/2023\/07\/ott.jpg 1440w\" sizes=\"(max-width: 1024px) 100vw, 1024px\" \/><figcaption class=\"wp-element-caption\">Foto &#8211; Tan\u00e4k FB<\/figcaption><\/figure>\n\n\n\n<figure class=\"wp-block-table\"><table><tbody><tr><td>1.<\/td><td><img decoding=\"async\" src=\"https:\/\/www.ewrc-results.com\/images\/flags2\/finland.png\" alt=\"flag\"><br>#69<\/td><td><img decoding=\"async\" src=\"https:\/\/www.ewrc-results.com\/images\/icon\/toyota2019.png\" alt=\"logo\"> <a href=\"https:\/\/www.ewrc-results.com\/entryinfo\/80240-rally-estonia-2023\/3750100\/\">Rovanper\u00e4 Kalle &#8211; Halttunen Jonne<\/a><br>Toyota GR Yaris Rally1 <img decoding=\"async\" src=\"https:\/\/www.ewrc-results.com\/images\/tyres\/pirelli_red.png\" alt=\"tyre\"><\/td><td>RC1<br>M<\/td><td>1:34:58.0<br><\/td><td><\/td><td>113.5<\/td><\/tr><tr><td>2.<\/td><td><img decoding=\"async\" src=\"https:\/\/www.ewrc-results.com\/images\/flags2\/belgium.png\" alt=\"flag\"><br>#11<\/td><td><img decoding=\"async\" src=\"https:\/\/www.ewrc-results.com\/images\/icon\/hyundai2.png\" alt=\"logo\"> <a href=\"https:\/\/www.ewrc-results.com\/entryinfo\/80240-rally-estonia-2023\/3750104\/\">Neuville Thierry &#8211; Wydaeghe Martijn<\/a><br>Hyundai i20 N Rally1 <img decoding=\"async\" src=\"https:\/\/www.ewrc-results.com\/images\/tyres\/pirelli_red.png\" alt=\"tyre\"><\/td><td>RC1<br>M<\/td><td>1:35:18.3<br><\/td><td>+20.3<br>+20.3<\/td><td>113.0<br>0.11<\/td><\/tr><tr><td>3.<\/td><td><img decoding=\"async\" src=\"https:\/\/www.ewrc-results.com\/images\/flags2\/finland.png\" alt=\"flag\"><br>#4<\/td><td><img decoding=\"async\" src=\"https:\/\/www.ewrc-results.com\/images\/icon\/hyundai2.png\" alt=\"logo\"> <a href=\"https:\/\/www.ewrc-results.com\/entryinfo\/80240-rally-estonia-2023\/3750101\/\">Lappi Esapekka &#8211; Ferm Janne<\/a><br>Hyundai i20 N Rally1 <img decoding=\"async\" src=\"https:\/\/www.ewrc-results.com\/images\/tyres\/pirelli_red.png\" alt=\"tyre\"><\/td><td>RC1<br>M<\/td><td>1:35:25.0<br><\/td><td>+27.0<br>+6.7<\/td><td>112.9<br>0.15<\/td><\/tr><tr><td>4.<\/td><td><img decoding=\"async\" src=\"https:\/\/www.ewrc-results.com\/images\/flags2\/uk.png\" alt=\"flag\"><br>#33<\/td><td><img decoding=\"async\" src=\"https:\/\/www.ewrc-results.com\/images\/icon\/toyota2019.png\" alt=\"logo\"> <a href=\"https:\/\/www.ewrc-results.com\/entryinfo\/80240-rally-estonia-2023\/3750103\/\">Evans Elfyn &#8211; Martin Scott<\/a><br>Toyota GR Yaris Rally1 <img decoding=\"async\" src=\"https:\/\/www.ewrc-results.com\/images\/tyres\/pirelli_red.png\" alt=\"tyre\"><\/td><td>RC1<br>M<\/td><td>1:35:26.9<br><\/td><td>+28.9<br>+1.9<\/td><td>112.9<br>0.16<\/td><\/tr><tr><td>5.<\/td><td><img decoding=\"async\" src=\"https:\/\/www.ewrc-results.com\/images\/flags2\/finland.png\" alt=\"flag\"><br>#3<\/td><td><img decoding=\"async\" src=\"https:\/\/www.ewrc-results.com\/images\/icon\/hyundai2.png\" alt=\"logo\"> <a href=\"https:\/\/www.ewrc-results.com\/entryinfo\/80240-rally-estonia-2023\/3750099\/\">Suninen Teemu &#8211; Markkula Mikko<\/a><br>Hyundai i20 N Rally1 <img decoding=\"async\" src=\"https:\/\/www.ewrc-results.com\/images\/tyres\/pirelli_red.png\" alt=\"tyre\"><\/td><td>RC1<br>M<\/td><td>1:36:00.0<br><\/td><td>+1:02.0<br>+33.1<\/td><td>112.2<br>0.35<\/td><\/tr><tr><td>6.<\/td><td><img decoding=\"async\" src=\"https:\/\/www.ewrc-results.com\/images\/flags2\/france.png\" alt=\"flag\"><br>#7<\/td><td><img decoding=\"async\" src=\"https:\/\/www.ewrc-results.com\/images\/icon\/ford.png\" alt=\"logo\"> <a href=\"https:\/\/www.ewrc-results.com\/entryinfo\/80240-rally-estonia-2023\/3750105\/\">Loubet Pierre-Louis &#8211; Gilsoul N.<\/a><br>Ford Puma Rally1 <img decoding=\"async\" src=\"https:\/\/www.ewrc-results.com\/images\/tyres\/pirelli_red.png\" alt=\"tyre\"><\/td><td>RC1<br>M<\/td><td>1:36:17.8<br><\/td><td>+1:19.8<br>+17.8<\/td><td>111.9<br>0.44<\/td><\/tr><tr><td>7.<\/td><td><img decoding=\"async\" src=\"https:\/\/www.ewrc-results.com\/images\/flags2\/japan.png\" alt=\"flag\"><br>#18<\/td><td><img decoding=\"async\" src=\"https:\/\/www.ewrc-results.com\/images\/icon\/toyota2019.png\" alt=\"logo\"> <a href=\"https:\/\/www.ewrc-results.com\/entryinfo\/80240-rally-estonia-2023\/3750106\/\">Katsuta Takamoto &#8211; Johnston Aaron<\/a><br>Toyota GR Yaris Rally1 <img decoding=\"async\" src=\"https:\/\/www.ewrc-results.com\/images\/tyres\/pirelli_red.png\" alt=\"tyre\"><\/td><td>RC1<br>M<\/td><td>1:36:37.1<br><\/td><td>+1:39.1<br>+19.3<\/td><td>111.5<br>0.55<\/td><\/tr><tr><td>8.<\/td><td><img decoding=\"async\" src=\"https:\/\/www.ewrc-results.com\/images\/flags2\/estonia.png\" alt=\"flag\"><br>#8<\/td><td><img decoding=\"async\" src=\"https:\/\/www.ewrc-results.com\/images\/icon\/ford.png\" alt=\"logo\"> <a href=\"https:\/\/www.ewrc-results.com\/entryinfo\/80240-rally-estonia-2023\/3750102\/\">T\u00e4nak Ott &#8211; J\u00e4rveoja Martin<\/a><br>Ford Puma Rally1 <img decoding=\"async\" src=\"https:\/\/www.ewrc-results.com\/images\/tyres\/pirelli_red.png\" alt=\"tyre\"><\/td><td>RC1<br>M<\/td><td>1:40:09.7<br>5:00<\/td><td>+5:11.7<br>+3:32.6<\/td><td>113.2<br>1.74<\/td><\/tr><tr><td>9.<\/td><td><img decoding=\"async\" src=\"https:\/\/www.ewrc-results.com\/images\/flags2\/norway.png\" alt=\"flag\"><br>#23<\/td><td><img decoding=\"async\" src=\"https:\/\/www.ewrc-results.com\/images\/icon\/skoda2023b.png\" alt=\"logo\"> <a href=\"https:\/\/www.ewrc-results.com\/entryinfo\/80240-rally-estonia-2023\/3758744\/\">Mikkelsen Andreas &#8211; Eriksen T.<\/a><br>\u0160koda Fabia RS Rally2 <img decoding=\"async\" src=\"https:\/\/www.ewrc-results.com\/images\/tyres\/pirelli_red.png\" alt=\"tyre\"><\/td><td>RC2<\/td><td>1:40:38.4<br><\/td><td>+5:40.4<br>+28.7<\/td><td>107.1<br>1.90<\/td><\/tr><tr><td>10.<\/td><td><img decoding=\"async\" src=\"https:\/\/www.ewrc-results.com\/images\/flags2\/finland.png\" alt=\"flag\"><br>#24<\/td><td><img decoding=\"async\" src=\"https:\/\/www.ewrc-results.com\/images\/icon\/skoda2023b.png\" alt=\"logo\"> <a href=\"https:\/\/www.ewrc-results.com\/entryinfo\/80240-rally-estonia-2023\/3758745\/\">Pajari Sami &#8211; M\u00e4lk\u00f6nen Enni<\/a><br>\u0160koda Fabia RS Rally2 <img decoding=\"async\" src=\"https:\/\/www.ewrc-results.com\/images\/tyres\/pirelli_red.png\" alt=\"tyre\"><\/td><td>RC2<\/td><td>1:40:57.5<br><\/td><td>+5:59.5<br>+19.1<\/td><td>106.7<br>2.00<\/td><\/tr><\/tbody><\/table><\/figure>\n","protected":false},"excerpt":{"rendered":"<p>Kalle Rovanper\u00e4 wraz z pilotem Jonne Halttunen jad\u0105cy Toyot\u0105 GR Yaris Rally1 zwi\u0119kszyli swoj\u0105 przewag\u0119 do 20,3 sekundy w Rajdzie Estonia wygrywaj\u0105c wszystkie poranne odcinki specjalne. Czas wygl\u0105da ca\u0142kiem dobrze. Szczerze m\u00f3wi\u0105c, pcha\u0142em si\u0119 jak cholera przez ca\u0142\u0105 drog\u0119. W samochodzie jest przyjemnie. Skoki s\u0105 trudne, ale to dobra robota dla fan\u00f3w i stara\u0142em si\u0119 [&hellip;]<\/p>\n","protected":false},"author":2,"featured_media":1736,"comment_status":"closed","ping_status":"closed","sticky":false,"template":"","format":"standard","meta":{"_monsterinsights_skip_tracking":false,"_monsterinsights_sitenote_active":false,"_monsterinsights_sitenote_note":"","_monsterinsights_sitenote_category":0,"footnotes":""},"categories":[3],"tags":[],"class_list":["post-1735","post","type-post","status-publish","format-standard","has-post-thumbnail","hentry","category-wrc"],"aioseo_notices":[],"aioseo_head":"\n\t\t<!-- All in One SEO 4.9.9 - aioseo.com -->\n\t<meta name=\"description\" content=\"Kalle Rovanper\u00e4 wraz z pilotem Jonne Halttunen jad\u0105cy Toyot\u0105 GR Yaris Rally1 zwi\u0119kszyli swoj\u0105 przewag\u0119 do 20,3 sekundy w Rajdzie Estonia wygrywaj\u0105c wszystkie poranne odcinki specjalne. Czas wygl\u0105da ca\u0142kiem dobrze. Szczerze m\u00f3wi\u0105c, pcha\u0142em si\u0119 jak cholera przez ca\u0142\u0105 drog\u0119. W samochodzie jest przyjemnie. Skoki s\u0105 trudne, ale to dobra robota dla fan\u00f3w i stara\u0142em si\u0119\" \/>\n\t<meta name=\"robots\" content=\"max-image-preview:large\" \/>\n\t<meta name=\"author\" content=\"Magdalena\"\/>\n\t<link rel=\"canonical\" href=\"https:\/\/www.worldrally.eu\/index.php\/2023\/07\/22\/rovanpera-powieksza-przewage-w-rajdzie-estonia\/\" \/>\n\t<meta name=\"generator\" content=\"All in One SEO (AIOSEO) 4.9.9\" \/>\n\t\t<meta property=\"og:locale\" content=\"en_GB\" \/>\n\t\t<meta property=\"og:site_name\" content=\"WorldRally.eu \u00bb\" \/>\n\t\t<meta property=\"og:type\" content=\"article\" \/>\n\t\t<meta property=\"og:title\" content=\"Rovanper\u00e4 powi\u0119ksza przewag\u0119 w Rajdzie Estonia \u00bb WorldRally.eu\" \/>\n\t\t<meta property=\"og:description\" content=\"Kalle Rovanper\u00e4 wraz z pilotem Jonne Halttunen jad\u0105cy Toyot\u0105 GR Yaris Rally1 zwi\u0119kszyli swoj\u0105 przewag\u0119 do 20,3 sekundy w Rajdzie Estonia wygrywaj\u0105c wszystkie poranne odcinki specjalne. Czas wygl\u0105da ca\u0142kiem dobrze. Szczerze m\u00f3wi\u0105c, pcha\u0142em si\u0119 jak cholera przez ca\u0142\u0105 drog\u0119. W samochodzie jest przyjemnie. Skoki s\u0105 trudne, ale to dobra robota dla fan\u00f3w i stara\u0142em si\u0119\" \/>\n\t\t<meta property=\"og:url\" content=\"https:\/\/www.worldrally.eu\/index.php\/2023\/07\/22\/rovanpera-powieksza-przewage-w-rajdzie-estonia\/\" \/>\n\t\t<meta property=\"og:image\" content=\"https:\/\/www.worldrally.eu\/wp-content\/uploads\/2023\/07\/kalle-2-1.jpg\" \/>\n\t\t<meta property=\"og:image:secure_url\" content=\"https:\/\/www.worldrally.eu\/wp-content\/uploads\/2023\/07\/kalle-2-1.jpg\" \/>\n\t\t<meta property=\"og:image:width\" content=\"2048\" \/>\n\t\t<meta property=\"og:image:height\" content=\"1366\" \/>\n\t\t<meta property=\"article:published_time\" content=\"2023-07-22T11:39:00+00:00\" \/>\n\t\t<meta property=\"article:modified_time\" content=\"2023-07-24T11:45:35+00:00\" \/>\n\t\t<meta name=\"twitter:card\" content=\"summary_large_image\" \/>\n\t\t<meta name=\"twitter:title\" content=\"Rovanper\u00e4 powi\u0119ksza przewag\u0119 w Rajdzie Estonia \u00bb WorldRally.eu\" \/>\n\t\t<meta name=\"twitter:description\" content=\"Kalle Rovanper\u00e4 wraz z pilotem Jonne Halttunen jad\u0105cy Toyot\u0105 GR Yaris Rally1 zwi\u0119kszyli swoj\u0105 przewag\u0119 do 20,3 sekundy w Rajdzie Estonia wygrywaj\u0105c wszystkie poranne odcinki specjalne. Czas wygl\u0105da ca\u0142kiem dobrze. Szczerze m\u00f3wi\u0105c, pcha\u0142em si\u0119 jak cholera przez ca\u0142\u0105 drog\u0119. W samochodzie jest przyjemnie. Skoki s\u0105 trudne, ale to dobra robota dla fan\u00f3w i stara\u0142em si\u0119\" \/>\n\t\t<meta name=\"twitter:image\" content=\"https:\/\/www.worldrally.eu\/wp-content\/uploads\/2023\/07\/kalle-2-1.jpg\" \/>\n\t\t<script type=\"application\/ld+json\" class=\"aioseo-schema\">\n\t\t\t{\"@context\":\"https:\\\/\\\/schema.org\",\"@graph\":[{\"@type\":\"BlogPosting\",\"@id\":\"https:\\\/\\\/www.worldrally.eu\\\/index.php\\\/2023\\\/07\\\/22\\\/rovanpera-powieksza-przewage-w-rajdzie-estonia\\\/#blogposting\",\"name\":\"Rovanper\\u00e4 powi\\u0119ksza przewag\\u0119 w Rajdzie Estonia \\u00bb WorldRally.eu\",\"headline\":\"Rovanper\\u00e4 powi\\u0119ksza przewag\\u0119 w Rajdzie Estonia\",\"author\":{\"@id\":\"https:\\\/\\\/www.worldrally.eu\\\/index.php\\\/author\\\/magdalena\\\/#author\"},\"publisher\":{\"@id\":\"https:\\\/\\\/www.worldrally.eu\\\/#organization\"},\"image\":{\"@type\":\"ImageObject\",\"url\":\"https:\\\/\\\/www.worldrally.eu\\\/wp-content\\\/uploads\\\/2023\\\/07\\\/kalle-2-1.jpg\",\"width\":2048,\"height\":1366,\"caption\":\"2023 FIA World Rally Championship \\\/ Round 08 \\\/ Rally Estonia 2023 \\\/ 19th-23rd July, 2023 \\\/\\\/ Worldwide Copyright: Toyota Gazoo Racing WRT\"},\"datePublished\":\"2023-07-22T11:39:00+00:00\",\"dateModified\":\"2023-07-24T11:45:35+00:00\",\"inLanguage\":\"en-GB\",\"mainEntityOfPage\":{\"@id\":\"https:\\\/\\\/www.worldrally.eu\\\/index.php\\\/2023\\\/07\\\/22\\\/rovanpera-powieksza-przewage-w-rajdzie-estonia\\\/#webpage\"},\"isPartOf\":{\"@id\":\"https:\\\/\\\/www.worldrally.eu\\\/index.php\\\/2023\\\/07\\\/22\\\/rovanpera-powieksza-przewage-w-rajdzie-estonia\\\/#webpage\"},\"articleSection\":\"WRC\"},{\"@type\":\"BreadcrumbList\",\"@id\":\"https:\\\/\\\/www.worldrally.eu\\\/index.php\\\/2023\\\/07\\\/22\\\/rovanpera-powieksza-przewage-w-rajdzie-estonia\\\/#breadcrumblist\",\"itemListElement\":[{\"@type\":\"ListItem\",\"@id\":\"https:\\\/\\\/www.worldrally.eu#listItem\",\"position\":1,\"name\":\"Home\",\"item\":\"https:\\\/\\\/www.worldrally.eu\",\"nextItem\":{\"@type\":\"ListItem\",\"@id\":\"https:\\\/\\\/www.worldrally.eu\\\/index.php\\\/category\\\/wrc\\\/#listItem\",\"name\":\"WRC\"}},{\"@type\":\"ListItem\",\"@id\":\"https:\\\/\\\/www.worldrally.eu\\\/index.php\\\/category\\\/wrc\\\/#listItem\",\"position\":2,\"name\":\"WRC\",\"item\":\"https:\\\/\\\/www.worldrally.eu\\\/index.php\\\/category\\\/wrc\\\/\",\"nextItem\":{\"@type\":\"ListItem\",\"@id\":\"https:\\\/\\\/www.worldrally.eu\\\/index.php\\\/2023\\\/07\\\/22\\\/rovanpera-powieksza-przewage-w-rajdzie-estonia\\\/#listItem\",\"name\":\"Rovanper\\u00e4 powi\\u0119ksza przewag\\u0119 w Rajdzie Estonia\"},\"previousItem\":{\"@type\":\"ListItem\",\"@id\":\"https:\\\/\\\/www.worldrally.eu#listItem\",\"name\":\"Home\"}},{\"@type\":\"ListItem\",\"@id\":\"https:\\\/\\\/www.worldrally.eu\\\/index.php\\\/2023\\\/07\\\/22\\\/rovanpera-powieksza-przewage-w-rajdzie-estonia\\\/#listItem\",\"position\":3,\"name\":\"Rovanper\\u00e4 powi\\u0119ksza przewag\\u0119 w Rajdzie Estonia\",\"previousItem\":{\"@type\":\"ListItem\",\"@id\":\"https:\\\/\\\/www.worldrally.eu\\\/index.php\\\/category\\\/wrc\\\/#listItem\",\"name\":\"WRC\"}}]},{\"@type\":\"Organization\",\"@id\":\"https:\\\/\\\/www.worldrally.eu\\\/#organization\",\"name\":\"WorldRally.eu\",\"url\":\"https:\\\/\\\/www.worldrally.eu\\\/\",\"logo\":{\"@type\":\"ImageObject\",\"url\":\"https:\\\/\\\/www.worldrally.eu\\\/wp-content\\\/uploads\\\/2026\\\/01\\\/cropped-logo-3.png\",\"@id\":\"https:\\\/\\\/www.worldrally.eu\\\/index.php\\\/2023\\\/07\\\/22\\\/rovanpera-powieksza-przewage-w-rajdzie-estonia\\\/#organizationLogo\",\"width\":2039,\"height\":756},\"image\":{\"@id\":\"https:\\\/\\\/www.worldrally.eu\\\/index.php\\\/2023\\\/07\\\/22\\\/rovanpera-powieksza-przewage-w-rajdzie-estonia\\\/#organizationLogo\"}},{\"@type\":\"Person\",\"@id\":\"https:\\\/\\\/www.worldrally.eu\\\/index.php\\\/author\\\/magdalena\\\/#author\",\"url\":\"https:\\\/\\\/www.worldrally.eu\\\/index.php\\\/author\\\/magdalena\\\/\",\"name\":\"Magdalena\",\"image\":{\"@type\":\"ImageObject\",\"@id\":\"https:\\\/\\\/www.worldrally.eu\\\/index.php\\\/2023\\\/07\\\/22\\\/rovanpera-powieksza-przewage-w-rajdzie-estonia\\\/#authorImage\",\"url\":\"https:\\\/\\\/secure.gravatar.com\\\/avatar\\\/853239b46cec38ba30b48d2b091f5538817cc78bdc0944c9ef7408579307e2ea?s=96&d=mm&r=g\",\"width\":96,\"height\":96,\"caption\":\"Magdalena\"}},{\"@type\":\"WebPage\",\"@id\":\"https:\\\/\\\/www.worldrally.eu\\\/index.php\\\/2023\\\/07\\\/22\\\/rovanpera-powieksza-przewage-w-rajdzie-estonia\\\/#webpage\",\"url\":\"https:\\\/\\\/www.worldrally.eu\\\/index.php\\\/2023\\\/07\\\/22\\\/rovanpera-powieksza-przewage-w-rajdzie-estonia\\\/\",\"name\":\"Rovanper\\u00e4 powi\\u0119ksza przewag\\u0119 w Rajdzie Estonia \\u00bb WorldRally.eu\",\"description\":\"Kalle Rovanper\\u00e4 wraz z pilotem Jonne Halttunen jad\\u0105cy Toyot\\u0105 GR Yaris Rally1 zwi\\u0119kszyli swoj\\u0105 przewag\\u0119 do 20,3 sekundy w Rajdzie Estonia wygrywaj\\u0105c wszystkie poranne odcinki specjalne. Czas wygl\\u0105da ca\\u0142kiem dobrze. Szczerze m\\u00f3wi\\u0105c, pcha\\u0142em si\\u0119 jak cholera przez ca\\u0142\\u0105 drog\\u0119. W samochodzie jest przyjemnie. Skoki s\\u0105 trudne, ale to dobra robota dla fan\\u00f3w i stara\\u0142em si\\u0119\",\"inLanguage\":\"en-GB\",\"isPartOf\":{\"@id\":\"https:\\\/\\\/www.worldrally.eu\\\/#website\"},\"breadcrumb\":{\"@id\":\"https:\\\/\\\/www.worldrally.eu\\\/index.php\\\/2023\\\/07\\\/22\\\/rovanpera-powieksza-przewage-w-rajdzie-estonia\\\/#breadcrumblist\"},\"author\":{\"@id\":\"https:\\\/\\\/www.worldrally.eu\\\/index.php\\\/author\\\/magdalena\\\/#author\"},\"creator\":{\"@id\":\"https:\\\/\\\/www.worldrally.eu\\\/index.php\\\/author\\\/magdalena\\\/#author\"},\"image\":{\"@type\":\"ImageObject\",\"url\":\"https:\\\/\\\/www.worldrally.eu\\\/wp-content\\\/uploads\\\/2023\\\/07\\\/kalle-2-1.jpg\",\"@id\":\"https:\\\/\\\/www.worldrally.eu\\\/index.php\\\/2023\\\/07\\\/22\\\/rovanpera-powieksza-przewage-w-rajdzie-estonia\\\/#mainImage\",\"width\":2048,\"height\":1366,\"caption\":\"2023 FIA World Rally Championship \\\/ Round 08 \\\/ Rally Estonia 2023 \\\/ 19th-23rd July, 2023 \\\/\\\/ Worldwide Copyright: Toyota Gazoo Racing WRT\"},\"primaryImageOfPage\":{\"@id\":\"https:\\\/\\\/www.worldrally.eu\\\/index.php\\\/2023\\\/07\\\/22\\\/rovanpera-powieksza-przewage-w-rajdzie-estonia\\\/#mainImage\"},\"datePublished\":\"2023-07-22T11:39:00+00:00\",\"dateModified\":\"2023-07-24T11:45:35+00:00\"},{\"@type\":\"WebSite\",\"@id\":\"https:\\\/\\\/www.worldrally.eu\\\/#website\",\"url\":\"https:\\\/\\\/www.worldrally.eu\\\/\",\"name\":\"WorldRally.eu\",\"inLanguage\":\"en-GB\",\"publisher\":{\"@id\":\"https:\\\/\\\/www.worldrally.eu\\\/#organization\"}}]}\n\t\t<\/script>\n\t\t<!-- All in One SEO -->\n\n","aioseo_head_json":{"title":"Rovanper\u00e4 powi\u0119ksza przewag\u0119 w Rajdzie Estonia \u00bb WorldRally.eu","description":"Kalle Rovanper\u00e4 wraz z pilotem Jonne Halttunen jad\u0105cy Toyot\u0105 GR Yaris Rally1 zwi\u0119kszyli swoj\u0105 przewag\u0119 do 20,3 sekundy w Rajdzie Estonia wygrywaj\u0105c wszystkie poranne odcinki specjalne. Czas wygl\u0105da ca\u0142kiem dobrze. Szczerze m\u00f3wi\u0105c, pcha\u0142em si\u0119 jak cholera przez ca\u0142\u0105 drog\u0119. W samochodzie jest przyjemnie. Skoki s\u0105 trudne, ale to dobra robota dla fan\u00f3w i stara\u0142em si\u0119","canonical_url":"https:\/\/www.worldrally.eu\/index.php\/2023\/07\/22\/rovanpera-powieksza-przewage-w-rajdzie-estonia\/","robots":"max-image-preview:large","keywords":"","webmasterTools":{"miscellaneous":""},"schema":{"@context":"https:\/\/schema.org","@graph":[{"@type":"BlogPosting","@id":"https:\/\/www.worldrally.eu\/index.php\/2023\/07\/22\/rovanpera-powieksza-przewage-w-rajdzie-estonia\/#blogposting","name":"Rovanper\u00e4 powi\u0119ksza przewag\u0119 w Rajdzie Estonia \u00bb WorldRally.eu","headline":"Rovanper\u00e4 powi\u0119ksza przewag\u0119 w Rajdzie Estonia","author":{"@id":"https:\/\/www.worldrally.eu\/index.php\/author\/magdalena\/#author"},"publisher":{"@id":"https:\/\/www.worldrally.eu\/#organization"},"image":{"@type":"ImageObject","url":"https:\/\/www.worldrally.eu\/wp-content\/uploads\/2023\/07\/kalle-2-1.jpg","width":2048,"height":1366,"caption":"2023 FIA World Rally Championship \/ Round 08 \/ Rally Estonia 2023 \/ 19th-23rd July, 2023 \/\/ Worldwide Copyright: Toyota Gazoo Racing WRT"},"datePublished":"2023-07-22T11:39:00+00:00","dateModified":"2023-07-24T11:45:35+00:00","inLanguage":"en-GB","mainEntityOfPage":{"@id":"https:\/\/www.worldrally.eu\/index.php\/2023\/07\/22\/rovanpera-powieksza-przewage-w-rajdzie-estonia\/#webpage"},"isPartOf":{"@id":"https:\/\/www.worldrally.eu\/index.php\/2023\/07\/22\/rovanpera-powieksza-przewage-w-rajdzie-estonia\/#webpage"},"articleSection":"WRC"},{"@type":"BreadcrumbList","@id":"https:\/\/www.worldrally.eu\/index.php\/2023\/07\/22\/rovanpera-powieksza-przewage-w-rajdzie-estonia\/#breadcrumblist","itemListElement":[{"@type":"ListItem","@id":"https:\/\/www.worldrally.eu#listItem","position":1,"name":"Home","item":"https:\/\/www.worldrally.eu","nextItem":{"@type":"ListItem","@id":"https:\/\/www.worldrally.eu\/index.php\/category\/wrc\/#listItem","name":"WRC"}},{"@type":"ListItem","@id":"https:\/\/www.worldrally.eu\/index.php\/category\/wrc\/#listItem","position":2,"name":"WRC","item":"https:\/\/www.worldrally.eu\/index.php\/category\/wrc\/","nextItem":{"@type":"ListItem","@id":"https:\/\/www.worldrally.eu\/index.php\/2023\/07\/22\/rovanpera-powieksza-przewage-w-rajdzie-estonia\/#listItem","name":"Rovanper\u00e4 powi\u0119ksza przewag\u0119 w Rajdzie Estonia"},"previousItem":{"@type":"ListItem","@id":"https:\/\/www.worldrally.eu#listItem","name":"Home"}},{"@type":"ListItem","@id":"https:\/\/www.worldrally.eu\/index.php\/2023\/07\/22\/rovanpera-powieksza-przewage-w-rajdzie-estonia\/#listItem","position":3,"name":"Rovanper\u00e4 powi\u0119ksza przewag\u0119 w Rajdzie Estonia","previousItem":{"@type":"ListItem","@id":"https:\/\/www.worldrally.eu\/index.php\/category\/wrc\/#listItem","name":"WRC"}}]},{"@type":"Organization","@id":"https:\/\/www.worldrally.eu\/#organization","name":"WorldRally.eu","url":"https:\/\/www.worldrally.eu\/","logo":{"@type":"ImageObject","url":"https:\/\/www.worldrally.eu\/wp-content\/uploads\/2026\/01\/cropped-logo-3.png","@id":"https:\/\/www.worldrally.eu\/index.php\/2023\/07\/22\/rovanpera-powieksza-przewage-w-rajdzie-estonia\/#organizationLogo","width":2039,"height":756},"image":{"@id":"https:\/\/www.worldrally.eu\/index.php\/2023\/07\/22\/rovanpera-powieksza-przewage-w-rajdzie-estonia\/#organizationLogo"}},{"@type":"Person","@id":"https:\/\/www.worldrally.eu\/index.php\/author\/magdalena\/#author","url":"https:\/\/www.worldrally.eu\/index.php\/author\/magdalena\/","name":"Magdalena","image":{"@type":"ImageObject","@id":"https:\/\/www.worldrally.eu\/index.php\/2023\/07\/22\/rovanpera-powieksza-przewage-w-rajdzie-estonia\/#authorImage","url":"https:\/\/secure.gravatar.com\/avatar\/853239b46cec38ba30b48d2b091f5538817cc78bdc0944c9ef7408579307e2ea?s=96&d=mm&r=g","width":96,"height":96,"caption":"Magdalena"}},{"@type":"WebPage","@id":"https:\/\/www.worldrally.eu\/index.php\/2023\/07\/22\/rovanpera-powieksza-przewage-w-rajdzie-estonia\/#webpage","url":"https:\/\/www.worldrally.eu\/index.php\/2023\/07\/22\/rovanpera-powieksza-przewage-w-rajdzie-estonia\/","name":"Rovanper\u00e4 powi\u0119ksza przewag\u0119 w Rajdzie Estonia \u00bb WorldRally.eu","description":"Kalle Rovanper\u00e4 wraz z pilotem Jonne Halttunen jad\u0105cy Toyot\u0105 GR Yaris Rally1 zwi\u0119kszyli swoj\u0105 przewag\u0119 do 20,3 sekundy w Rajdzie Estonia wygrywaj\u0105c wszystkie poranne odcinki specjalne. Czas wygl\u0105da ca\u0142kiem dobrze. Szczerze m\u00f3wi\u0105c, pcha\u0142em si\u0119 jak cholera przez ca\u0142\u0105 drog\u0119. W samochodzie jest przyjemnie. Skoki s\u0105 trudne, ale to dobra robota dla fan\u00f3w i stara\u0142em si\u0119","inLanguage":"en-GB","isPartOf":{"@id":"https:\/\/www.worldrally.eu\/#website"},"breadcrumb":{"@id":"https:\/\/www.worldrally.eu\/index.php\/2023\/07\/22\/rovanpera-powieksza-przewage-w-rajdzie-estonia\/#breadcrumblist"},"author":{"@id":"https:\/\/www.worldrally.eu\/index.php\/author\/magdalena\/#author"},"creator":{"@id":"https:\/\/www.worldrally.eu\/index.php\/author\/magdalena\/#author"},"image":{"@type":"ImageObject","url":"https:\/\/www.worldrally.eu\/wp-content\/uploads\/2023\/07\/kalle-2-1.jpg","@id":"https:\/\/www.worldrally.eu\/index.php\/2023\/07\/22\/rovanpera-powieksza-przewage-w-rajdzie-estonia\/#mainImage","width":2048,"height":1366,"caption":"2023 FIA World Rally Championship \/ Round 08 \/ Rally Estonia 2023 \/ 19th-23rd July, 2023 \/\/ Worldwide Copyright: Toyota Gazoo Racing WRT"},"primaryImageOfPage":{"@id":"https:\/\/www.worldrally.eu\/index.php\/2023\/07\/22\/rovanpera-powieksza-przewage-w-rajdzie-estonia\/#mainImage"},"datePublished":"2023-07-22T11:39:00+00:00","dateModified":"2023-07-24T11:45:35+00:00"},{"@type":"WebSite","@id":"https:\/\/www.worldrally.eu\/#website","url":"https:\/\/www.worldrally.eu\/","name":"WorldRally.eu","inLanguage":"en-GB","publisher":{"@id":"https:\/\/www.worldrally.eu\/#organization"}}]},"og:locale":"en_GB","og:site_name":"WorldRally.eu \u00bb","og:type":"article","og:title":"Rovanper\u00e4 powi\u0119ksza przewag\u0119 w Rajdzie Estonia \u00bb WorldRally.eu","og:description":"Kalle Rovanper\u00e4 wraz z pilotem Jonne Halttunen jad\u0105cy Toyot\u0105 GR Yaris Rally1 zwi\u0119kszyli swoj\u0105 przewag\u0119 do 20,3 sekundy w Rajdzie Estonia wygrywaj\u0105c wszystkie poranne odcinki specjalne. Czas wygl\u0105da ca\u0142kiem dobrze. Szczerze m\u00f3wi\u0105c, pcha\u0142em si\u0119 jak cholera przez ca\u0142\u0105 drog\u0119. W samochodzie jest przyjemnie. Skoki s\u0105 trudne, ale to dobra robota dla fan\u00f3w i stara\u0142em si\u0119","og:url":"https:\/\/www.worldrally.eu\/index.php\/2023\/07\/22\/rovanpera-powieksza-przewage-w-rajdzie-estonia\/","og:image":"https:\/\/www.worldrally.eu\/wp-content\/uploads\/2023\/07\/kalle-2-1.jpg","og:image:secure_url":"https:\/\/www.worldrally.eu\/wp-content\/uploads\/2023\/07\/kalle-2-1.jpg","og:image:width":2048,"og:image:height":1366,"article:published_time":"2023-07-22T11:39:00+00:00","article:modified_time":"2023-07-24T11:45:35+00:00","twitter:card":"summary_large_image","twitter:title":"Rovanper\u00e4 powi\u0119ksza przewag\u0119 w Rajdzie Estonia \u00bb WorldRally.eu","twitter:description":"Kalle Rovanper\u00e4 wraz z pilotem Jonne Halttunen jad\u0105cy Toyot\u0105 GR Yaris Rally1 zwi\u0119kszyli swoj\u0105 przewag\u0119 do 20,3 sekundy w Rajdzie Estonia wygrywaj\u0105c wszystkie poranne odcinki specjalne. Czas wygl\u0105da ca\u0142kiem dobrze. Szczerze m\u00f3wi\u0105c, pcha\u0142em si\u0119 jak cholera przez ca\u0142\u0105 drog\u0119. W samochodzie jest przyjemnie. Skoki s\u0105 trudne, ale to dobra robota dla fan\u00f3w i stara\u0142em si\u0119","twitter:image":"https:\/\/www.worldrally.eu\/wp-content\/uploads\/2023\/07\/kalle-2-1.jpg"},"aioseo_meta_data":{"post_id":"1735","title":null,"description":null,"keywords":null,"keyphrases":null,"primary_term":null,"canonical_url":null,"og_title":null,"og_description":null,"og_object_type":"default","og_image_type":"default","og_image_url":null,"og_image_width":null,"og_image_height":null,"og_image_custom_url":null,"og_image_custom_fields":null,"og_video":null,"og_custom_url":null,"og_article_section":null,"og_article_tags":null,"twitter_use_og":false,"twitter_card":"default","twitter_image_type":"default","twitter_image_url":null,"twitter_image_custom_url":null,"twitter_image_custom_fields":null,"twitter_title":null,"twitter_description":null,"schema":{"blockGraphs":[],"customGraphs":[],"default":{"data":{"Article":[],"Course":[],"Dataset":[],"FAQPage":[],"Movie":[],"Person":[],"Product":[],"ProductReview":[],"Car":[],"Recipe":[],"Service":[],"SoftwareApplication":[],"WebPage":[]},"graphName":"","isEnabled":true},"graphs":[]},"schema_type":"default","schema_type_options":null,"pillar_content":false,"robots_default":true,"robots_noindex":false,"robots_noarchive":false,"robots_nosnippet":false,"robots_nofollow":false,"robots_noimageindex":false,"robots_noodp":false,"robots_notranslate":false,"robots_max_snippet":null,"robots_max_videopreview":null,"robots_max_imagepreview":"large","priority":null,"frequency":null,"local_seo":null,"breadcrumb_settings":null,"limit_modified_date":false,"ai":null,"created":"2025-03-22 06:20:28","updated":"2025-10-26 11:12:12","seo_analyzer_scan_date":null},"aioseo_breadcrumb":"<div class=\"aioseo-breadcrumbs\"><span class=\"aioseo-breadcrumb\">\n\t\t\t<a href=\"https:\/\/www.worldrally.eu\" title=\"Home\">Home<\/a>\n\t\t<\/span><span class=\"aioseo-breadcrumb-separator\">&raquo;<\/span><span class=\"aioseo-breadcrumb\">\n\t\t\t<a href=\"https:\/\/www.worldrally.eu\/index.php\/category\/wrc\/\" title=\"WRC\">WRC<\/a>\n\t\t<\/span><span class=\"aioseo-breadcrumb-separator\">&raquo;<\/span><span class=\"aioseo-breadcrumb\">\n\t\t\tRovanper\u00e4 powi\u0119ksza przewag\u0119 w Rajdzie Estonia\n\t\t<\/span><\/div>","aioseo_breadcrumb_json":[{"label":"Home","link":"https:\/\/www.worldrally.eu"},{"label":"WRC","link":"https:\/\/www.worldrally.eu\/index.php\/category\/wrc\/"},{"label":"Rovanper\u00e4 powi\u0119ksza przewag\u0119 w Rajdzie Estonia","link":"https:\/\/www.worldrally.eu\/index.php\/2023\/07\/22\/rovanpera-powieksza-przewage-w-rajdzie-estonia\/"}],"cc_featured_image_caption":{"caption_text":"Foto Rovanper\u00e4 FB","source_text":"","source_url":""},"_links":{"self":[{"href":"https:\/\/www.worldrally.eu\/index.php\/wp-json\/wp\/v2\/posts\/1735","targetHints":{"allow":["GET"]}}],"collection":[{"href":"https:\/\/www.worldrally.eu\/index.php\/wp-json\/wp\/v2\/posts"}],"about":[{"href":"https:\/\/www.worldrally.eu\/index.php\/wp-json\/wp\/v2\/types\/post"}],"author":[{"embeddable":true,"href":"https:\/\/www.worldrally.eu\/index.php\/wp-json\/wp\/v2\/users\/2"}],"replies":[{"embeddable":true,"href":"https:\/\/www.worldrally.eu\/index.php\/wp-json\/wp\/v2\/comments?post=1735"}],"version-history":[{"count":1,"href":"https:\/\/www.worldrally.eu\/index.php\/wp-json\/wp\/v2\/posts\/1735\/revisions"}],"predecessor-version":[{"id":1739,"href":"https:\/\/www.worldrally.eu\/index.php\/wp-json\/wp\/v2\/posts\/1735\/revisions\/1739"}],"wp:featuredmedia":[{"embeddable":true,"href":"https:\/\/www.worldrally.eu\/index.php\/wp-json\/wp\/v2\/media\/1736"}],"wp:attachment":[{"href":"https:\/\/www.worldrally.eu\/index.php\/wp-json\/wp\/v2\/media?parent=1735"}],"wp:term":[{"taxonomy":"category","embeddable":true,"href":"https:\/\/www.worldrally.eu\/index.php\/wp-json\/wp\/v2\/categories?post=1735"},{"taxonomy":"post_tag","embeddable":true,"href":"https:\/\/www.worldrally.eu\/index.php\/wp-json\/wp\/v2\/tags?post=1735"}],"curies":[{"name":"wp","href":"https:\/\/api.w.org\/{rel}","templated":true}]}}