{"id":1703,"date":"2023-07-18T16:15:30","date_gmt":"2023-07-18T16:15:30","guid":{"rendered":"https:\/\/www.worldrally.eu\/?p=1703"},"modified":"2023-07-18T16:15:30","modified_gmt":"2023-07-18T16:15:30","slug":"rajd-estonia-2023-podstawowe-informacje","status":"publish","type":"post","link":"https:\/\/www.worldrally.eu\/index.php\/2023\/07\/18\/rajd-estonia-2023-podstawowe-informacje\/","title":{"rendered":"Rajd Estonia 2023 \u2013 podstawowe informacje"},"content":{"rendered":"\n<p class=\"wp-block-paragraph\">Rajd Estoni jest cz\u0119\u015bci\u0105 Samochodowych Rajdowych Mistrzostw \u015awiata czwarty rok z rz\u0119du a odcinki specjalne nale\u017c\u0105 do bardzo szybkich i lubianych przez wszystkich kierowc\u00f3w w stawce.<\/p>\n\n\n\n<p class=\"wp-block-paragraph\">Na starcie w tym roku zobaczymy \u0142\u0105cznie 53 za\u0142ogi w tym 8 aut Rally1, a\u017c 26 samochod\u00f3w Rally2 w tym 23 WRC2 oraz 16 samochod\u00f3w Rally3 z czego 9 Junior WRC.<\/p>\n\n\n\n<p class=\"wp-block-paragraph\"><strong>Rally1<\/strong><\/p>\n\n\n\n<p class=\"wp-block-paragraph\">Teemu Suninen poprowadzi auto Rally1 z nap\u0119dem hybrydowym po raz pierwszy i do\u0142\u0105czy do Thierry&#8217;ego Neuville&#8217;a i Esapekki Lappi w pierwszym z dw\u00f3ch potwierdzonych start\u00f3w z Hyundaiem.<\/p>\n\n\n\n<p class=\"wp-block-paragraph\">W zespole Toyota Racing zobaczymy trzy auta i do dw\u00f3ch etatowych kierowc\u00f3w Elfyna Evansa i lidera mistrzostw Kalle Rovanper\u00e4 do\u0142\u0105czy Takamoto Katsuta pod nieobecno\u015b\u0107 Sebastiena Ogiera.<\/p>\n\n\n\n<p class=\"wp-block-paragraph\">Ott T\u00e4nak i Pierre-Louis Loubet b\u0119d\u0105 reprezentowa\u0107 barwy M-Sport<\/p>\n\n\n\n<p class=\"wp-block-paragraph\"><strong>WRC2<\/strong><\/p>\n\n\n\n<p class=\"wp-block-paragraph\">Oliver Solberg, kt\u00f3ry niedawno wygra\u0142 Bauhaus Royal Rally Of Scandinavia b\u0119dzie rywalizowa\u0142 g\u0142ownie z koleg\u0105 zespo\u0142owym Andersem Mikkelsenem kt\u00f3ry wygra\u0142 podczas swojego ostatniego wyst\u0119pu na Sardynii. Sami Pajari z Toksportu r\u00f3wnie\u017c b\u0119dzie si\u0119 liczy\u0142 w tej walce. Emil Lindholm przesi\u0105dzie si\u0119 z Skody Fabia RS Rally2 do Hyundaia i20 Rally2 co zapewne b\u0119dzie dla niego nowym do\u015bwiadczeniem<\/p>\n\n\n\n<figure class=\"wp-block-image size-large\"><img fetchpriority=\"high\" decoding=\"async\" width=\"1024\" height=\"612\" src=\"https:\/\/www.worldrally.eu\/wp-content\/uploads\/2023\/07\/9a-1024x612.jpg\" alt=\"\" class=\"wp-image-1705\" srcset=\"https:\/\/www.worldrally.eu\/wp-content\/uploads\/2023\/07\/9a-1024x612.jpg 1024w, https:\/\/www.worldrally.eu\/wp-content\/uploads\/2023\/07\/9a-300x179.jpg 300w, https:\/\/www.worldrally.eu\/wp-content\/uploads\/2023\/07\/9a-768x459.jpg 768w, https:\/\/www.worldrally.eu\/wp-content\/uploads\/2023\/07\/9a-1536x918.jpg 1536w, https:\/\/www.worldrally.eu\/wp-content\/uploads\/2023\/07\/9a.jpg 1807w\" sizes=\"(max-width: 1024px) 100vw, 1024px\" \/><figcaption class=\"wp-element-caption\">Foto &#8211; PhotoMS<\/figcaption><\/figure>\n\n\n\n<p class=\"wp-block-paragraph\"><strong>WRC junior\u00f3w<\/strong><\/p>\n\n\n\n<p class=\"wp-block-paragraph\">William Creighton jest faworytem do tytu\u0142u, wygrywaj\u0105c zar\u00f3wno w Szwecji, jak i na Sardynii obecne jest liderem klasyfikacji generalnej z du\u017c\u0105 przewag\u0105 punktow\u0105.<\/p>\n\n\n\n<p class=\"wp-block-paragraph\">Laurent Pellier z trzeci\u0105 pozycj\u0105 w generalce traci 33 punkty do lidera, jednak\u017ce i on nie odda punkt\u00f3w bez walki do kt\u00f3rej te\u017c do\u0142\u0105czy\u0142 niespodziewanie Gr\u00e9goire Munster maj\u0105cy tylko jeden start w obecnym sezonie.<\/p>\n\n\n\n<p class=\"wp-block-paragraph\">Harmonogram znajdziecie <a href=\"https:\/\/www.wrc.com\/?proxy=redaktion\/Season-2023-NEWS\/WRC\/July\/Rally-Estonia-Itinerary.pdf\" data-type=\"URL\" data-id=\"https:\/\/www.wrc.com\/?proxy=redaktion\/Season-2023-NEWS\/WRC\/July\/Rally-Estonia-Itinerary.pdf\" target=\"_blank\" rel=\"noreferrer noopener\">>>> TUTAJ &lt;&lt;&lt;<\/a><\/p>\n\n\n\n<p class=\"wp-block-paragraph\">Lista startowa <a href=\"https:\/\/www.ewrc-results.com\/entries\/80240-wrc-rally-estonia-2023\/\" data-type=\"URL\" data-id=\"https:\/\/www.ewrc-results.com\/entries\/80240-wrc-rally-estonia-2023\/\" target=\"_blank\" rel=\"noreferrer noopener\">>>>TUTAJ &lt;&lt;&lt;<\/a><\/p>\n\n\n\n<p class=\"wp-block-paragraph\"><\/p>\n","protected":false},"excerpt":{"rendered":"<p>Rajd Estoni jest cz\u0119\u015bci\u0105 Samochodowych Rajdowych Mistrzostw \u015awiata czwarty rok z rz\u0119du a odcinki specjalne nale\u017c\u0105 do bardzo szybkich i lubianych przez wszystkich kierowc\u00f3w w stawce. Na starcie w tym roku zobaczymy \u0142\u0105cznie 53 za\u0142ogi w tym 8 aut Rally1, a\u017c 26 samochod\u00f3w Rally2 w tym 23 WRC2 oraz 16 samochod\u00f3w Rally3 z czego 9 [&hellip;]<\/p>\n","protected":false},"author":1,"featured_media":1704,"comment_status":"closed","ping_status":"closed","sticky":false,"template":"","format":"standard","meta":{"_monsterinsights_skip_tracking":false,"_monsterinsights_sitenote_active":false,"_monsterinsights_sitenote_note":"","_monsterinsights_sitenote_category":0,"footnotes":""},"categories":[3],"tags":[],"class_list":["post-1703","post","type-post","status-publish","format-standard","has-post-thumbnail","hentry","category-wrc"],"aioseo_notices":[],"aioseo_head":"\n\t\t<!-- All in One SEO 4.9.9 - aioseo.com -->\n\t<meta name=\"description\" content=\"Rajd Estoni jest cz\u0119\u015bci\u0105 Samochodowych Rajdowych Mistrzostw \u015awiata czwarty rok z rz\u0119du a odcinki specjalne nale\u017c\u0105 do bardzo szybkich i lubianych przez wszystkich kierowc\u00f3w w stawce. Na starcie w tym roku zobaczymy \u0142\u0105cznie 53 za\u0142ogi w tym 8 aut Rally1, a\u017c 26 samochod\u00f3w Rally2 w tym 23 WRC2 oraz 16 samochod\u00f3w Rally3 z czego 9\" \/>\n\t<meta name=\"robots\" content=\"max-image-preview:large\" \/>\n\t<meta name=\"author\" content=\"Junior\"\/>\n\t<link rel=\"canonical\" href=\"https:\/\/www.worldrally.eu\/index.php\/2023\/07\/18\/rajd-estonia-2023-podstawowe-informacje\/\" \/>\n\t<meta name=\"generator\" content=\"All in One SEO (AIOSEO) 4.9.9\" \/>\n\t\t<meta property=\"og:locale\" content=\"en_GB\" \/>\n\t\t<meta property=\"og:site_name\" content=\"WorldRally.eu \u00bb\" \/>\n\t\t<meta property=\"og:type\" content=\"article\" \/>\n\t\t<meta property=\"og:title\" content=\"Rajd Estonia 2023 \u2013 podstawowe informacje \u00bb WorldRally.eu\" \/>\n\t\t<meta property=\"og:description\" content=\"Rajd Estoni jest cz\u0119\u015bci\u0105 Samochodowych Rajdowych Mistrzostw \u015awiata czwarty rok z rz\u0119du a odcinki specjalne nale\u017c\u0105 do bardzo szybkich i lubianych przez wszystkich kierowc\u00f3w w stawce. Na starcie w tym roku zobaczymy \u0142\u0105cznie 53 za\u0142ogi w tym 8 aut Rally1, a\u017c 26 samochod\u00f3w Rally2 w tym 23 WRC2 oraz 16 samochod\u00f3w Rally3 z czego 9\" \/>\n\t\t<meta property=\"og:url\" content=\"https:\/\/www.worldrally.eu\/index.php\/2023\/07\/18\/rajd-estonia-2023-podstawowe-informacje\/\" \/>\n\t\t<meta property=\"og:image\" content=\"https:\/\/www.worldrally.eu\/wp-content\/uploads\/2023\/07\/1c.jpg\" \/>\n\t\t<meta property=\"og:image:secure_url\" content=\"https:\/\/www.worldrally.eu\/wp-content\/uploads\/2023\/07\/1c.jpg\" \/>\n\t\t<meta property=\"og:image:width\" content=\"1620\" \/>\n\t\t<meta property=\"og:image:height\" content=\"1080\" \/>\n\t\t<meta property=\"article:published_time\" content=\"2023-07-18T16:15:30+00:00\" \/>\n\t\t<meta property=\"article:modified_time\" content=\"2023-07-18T16:15:30+00:00\" \/>\n\t\t<meta name=\"twitter:card\" content=\"summary_large_image\" \/>\n\t\t<meta name=\"twitter:title\" content=\"Rajd Estonia 2023 \u2013 podstawowe informacje \u00bb WorldRally.eu\" \/>\n\t\t<meta name=\"twitter:description\" content=\"Rajd Estoni jest cz\u0119\u015bci\u0105 Samochodowych Rajdowych Mistrzostw \u015awiata czwarty rok z rz\u0119du a odcinki specjalne nale\u017c\u0105 do bardzo szybkich i lubianych przez wszystkich kierowc\u00f3w w stawce. Na starcie w tym roku zobaczymy \u0142\u0105cznie 53 za\u0142ogi w tym 8 aut Rally1, a\u017c 26 samochod\u00f3w Rally2 w tym 23 WRC2 oraz 16 samochod\u00f3w Rally3 z czego 9\" \/>\n\t\t<meta name=\"twitter:image\" content=\"https:\/\/www.worldrally.eu\/wp-content\/uploads\/2023\/07\/1c.jpg\" \/>\n\t\t<script type=\"application\/ld+json\" class=\"aioseo-schema\">\n\t\t\t{\"@context\":\"https:\\\/\\\/schema.org\",\"@graph\":[{\"@type\":\"BlogPosting\",\"@id\":\"https:\\\/\\\/www.worldrally.eu\\\/index.php\\\/2023\\\/07\\\/18\\\/rajd-estonia-2023-podstawowe-informacje\\\/#blogposting\",\"name\":\"Rajd Estonia 2023 \\u2013 podstawowe informacje \\u00bb WorldRally.eu\",\"headline\":\"Rajd Estonia 2023 \\u2013 podstawowe informacje\",\"author\":{\"@id\":\"https:\\\/\\\/www.worldrally.eu\\\/index.php\\\/author\\\/admin\\\/#author\"},\"publisher\":{\"@id\":\"https:\\\/\\\/www.worldrally.eu\\\/#organization\"},\"image\":{\"@type\":\"ImageObject\",\"url\":\"https:\\\/\\\/www.worldrally.eu\\\/wp-content\\\/uploads\\\/2023\\\/07\\\/1c.jpg\",\"width\":1620,\"height\":1080},\"datePublished\":\"2023-07-18T16:15:30+00:00\",\"dateModified\":\"2023-07-18T16:15:30+00:00\",\"inLanguage\":\"en-GB\",\"mainEntityOfPage\":{\"@id\":\"https:\\\/\\\/www.worldrally.eu\\\/index.php\\\/2023\\\/07\\\/18\\\/rajd-estonia-2023-podstawowe-informacje\\\/#webpage\"},\"isPartOf\":{\"@id\":\"https:\\\/\\\/www.worldrally.eu\\\/index.php\\\/2023\\\/07\\\/18\\\/rajd-estonia-2023-podstawowe-informacje\\\/#webpage\"},\"articleSection\":\"WRC\"},{\"@type\":\"BreadcrumbList\",\"@id\":\"https:\\\/\\\/www.worldrally.eu\\\/index.php\\\/2023\\\/07\\\/18\\\/rajd-estonia-2023-podstawowe-informacje\\\/#breadcrumblist\",\"itemListElement\":[{\"@type\":\"ListItem\",\"@id\":\"https:\\\/\\\/www.worldrally.eu#listItem\",\"position\":1,\"name\":\"Home\",\"item\":\"https:\\\/\\\/www.worldrally.eu\",\"nextItem\":{\"@type\":\"ListItem\",\"@id\":\"https:\\\/\\\/www.worldrally.eu\\\/index.php\\\/category\\\/wrc\\\/#listItem\",\"name\":\"WRC\"}},{\"@type\":\"ListItem\",\"@id\":\"https:\\\/\\\/www.worldrally.eu\\\/index.php\\\/category\\\/wrc\\\/#listItem\",\"position\":2,\"name\":\"WRC\",\"item\":\"https:\\\/\\\/www.worldrally.eu\\\/index.php\\\/category\\\/wrc\\\/\",\"nextItem\":{\"@type\":\"ListItem\",\"@id\":\"https:\\\/\\\/www.worldrally.eu\\\/index.php\\\/2023\\\/07\\\/18\\\/rajd-estonia-2023-podstawowe-informacje\\\/#listItem\",\"name\":\"Rajd Estonia 2023 \\u2013 podstawowe informacje\"},\"previousItem\":{\"@type\":\"ListItem\",\"@id\":\"https:\\\/\\\/www.worldrally.eu#listItem\",\"name\":\"Home\"}},{\"@type\":\"ListItem\",\"@id\":\"https:\\\/\\\/www.worldrally.eu\\\/index.php\\\/2023\\\/07\\\/18\\\/rajd-estonia-2023-podstawowe-informacje\\\/#listItem\",\"position\":3,\"name\":\"Rajd Estonia 2023 \\u2013 podstawowe informacje\",\"previousItem\":{\"@type\":\"ListItem\",\"@id\":\"https:\\\/\\\/www.worldrally.eu\\\/index.php\\\/category\\\/wrc\\\/#listItem\",\"name\":\"WRC\"}}]},{\"@type\":\"Organization\",\"@id\":\"https:\\\/\\\/www.worldrally.eu\\\/#organization\",\"name\":\"WorldRally.eu\",\"url\":\"https:\\\/\\\/www.worldrally.eu\\\/\",\"logo\":{\"@type\":\"ImageObject\",\"url\":\"https:\\\/\\\/www.worldrally.eu\\\/wp-content\\\/uploads\\\/2026\\\/01\\\/cropped-logo-3.png\",\"@id\":\"https:\\\/\\\/www.worldrally.eu\\\/index.php\\\/2023\\\/07\\\/18\\\/rajd-estonia-2023-podstawowe-informacje\\\/#organizationLogo\",\"width\":2039,\"height\":756},\"image\":{\"@id\":\"https:\\\/\\\/www.worldrally.eu\\\/index.php\\\/2023\\\/07\\\/18\\\/rajd-estonia-2023-podstawowe-informacje\\\/#organizationLogo\"}},{\"@type\":\"Person\",\"@id\":\"https:\\\/\\\/www.worldrally.eu\\\/index.php\\\/author\\\/admin\\\/#author\",\"url\":\"https:\\\/\\\/www.worldrally.eu\\\/index.php\\\/author\\\/admin\\\/\",\"name\":\"Junior\",\"image\":{\"@type\":\"ImageObject\",\"@id\":\"https:\\\/\\\/www.worldrally.eu\\\/index.php\\\/2023\\\/07\\\/18\\\/rajd-estonia-2023-podstawowe-informacje\\\/#authorImage\",\"url\":\"https:\\\/\\\/secure.gravatar.com\\\/avatar\\\/5bd369ac0447285dc20b588693ca1756d0179a7f957258050a42a968bf3b9d0a?s=96&d=mm&r=g\",\"width\":96,\"height\":96,\"caption\":\"Junior\"}},{\"@type\":\"WebPage\",\"@id\":\"https:\\\/\\\/www.worldrally.eu\\\/index.php\\\/2023\\\/07\\\/18\\\/rajd-estonia-2023-podstawowe-informacje\\\/#webpage\",\"url\":\"https:\\\/\\\/www.worldrally.eu\\\/index.php\\\/2023\\\/07\\\/18\\\/rajd-estonia-2023-podstawowe-informacje\\\/\",\"name\":\"Rajd Estonia 2023 \\u2013 podstawowe informacje \\u00bb WorldRally.eu\",\"description\":\"Rajd Estoni jest cz\\u0119\\u015bci\\u0105 Samochodowych Rajdowych Mistrzostw \\u015awiata czwarty rok z rz\\u0119du a odcinki specjalne nale\\u017c\\u0105 do bardzo szybkich i lubianych przez wszystkich kierowc\\u00f3w w stawce. Na starcie w tym roku zobaczymy \\u0142\\u0105cznie 53 za\\u0142ogi w tym 8 aut Rally1, a\\u017c 26 samochod\\u00f3w Rally2 w tym 23 WRC2 oraz 16 samochod\\u00f3w Rally3 z czego 9\",\"inLanguage\":\"en-GB\",\"isPartOf\":{\"@id\":\"https:\\\/\\\/www.worldrally.eu\\\/#website\"},\"breadcrumb\":{\"@id\":\"https:\\\/\\\/www.worldrally.eu\\\/index.php\\\/2023\\\/07\\\/18\\\/rajd-estonia-2023-podstawowe-informacje\\\/#breadcrumblist\"},\"author\":{\"@id\":\"https:\\\/\\\/www.worldrally.eu\\\/index.php\\\/author\\\/admin\\\/#author\"},\"creator\":{\"@id\":\"https:\\\/\\\/www.worldrally.eu\\\/index.php\\\/author\\\/admin\\\/#author\"},\"image\":{\"@type\":\"ImageObject\",\"url\":\"https:\\\/\\\/www.worldrally.eu\\\/wp-content\\\/uploads\\\/2023\\\/07\\\/1c.jpg\",\"@id\":\"https:\\\/\\\/www.worldrally.eu\\\/index.php\\\/2023\\\/07\\\/18\\\/rajd-estonia-2023-podstawowe-informacje\\\/#mainImage\",\"width\":1620,\"height\":1080},\"primaryImageOfPage\":{\"@id\":\"https:\\\/\\\/www.worldrally.eu\\\/index.php\\\/2023\\\/07\\\/18\\\/rajd-estonia-2023-podstawowe-informacje\\\/#mainImage\"},\"datePublished\":\"2023-07-18T16:15:30+00:00\",\"dateModified\":\"2023-07-18T16:15:30+00:00\"},{\"@type\":\"WebSite\",\"@id\":\"https:\\\/\\\/www.worldrally.eu\\\/#website\",\"url\":\"https:\\\/\\\/www.worldrally.eu\\\/\",\"name\":\"WorldRally.eu\",\"inLanguage\":\"en-GB\",\"publisher\":{\"@id\":\"https:\\\/\\\/www.worldrally.eu\\\/#organization\"}}]}\n\t\t<\/script>\n\t\t<!-- All in One SEO -->\n\n","aioseo_head_json":{"title":"Rajd Estonia 2023 \u2013 podstawowe informacje \u00bb WorldRally.eu","description":"Rajd Estoni jest cz\u0119\u015bci\u0105 Samochodowych Rajdowych Mistrzostw \u015awiata czwarty rok z rz\u0119du a odcinki specjalne nale\u017c\u0105 do bardzo szybkich i lubianych przez wszystkich kierowc\u00f3w w stawce. Na starcie w tym roku zobaczymy \u0142\u0105cznie 53 za\u0142ogi w tym 8 aut Rally1, a\u017c 26 samochod\u00f3w Rally2 w tym 23 WRC2 oraz 16 samochod\u00f3w Rally3 z czego 9","canonical_url":"https:\/\/www.worldrally.eu\/index.php\/2023\/07\/18\/rajd-estonia-2023-podstawowe-informacje\/","robots":"max-image-preview:large","keywords":"","webmasterTools":{"miscellaneous":""},"schema":{"@context":"https:\/\/schema.org","@graph":[{"@type":"BlogPosting","@id":"https:\/\/www.worldrally.eu\/index.php\/2023\/07\/18\/rajd-estonia-2023-podstawowe-informacje\/#blogposting","name":"Rajd Estonia 2023 \u2013 podstawowe informacje \u00bb WorldRally.eu","headline":"Rajd Estonia 2023 \u2013 podstawowe informacje","author":{"@id":"https:\/\/www.worldrally.eu\/index.php\/author\/admin\/#author"},"publisher":{"@id":"https:\/\/www.worldrally.eu\/#organization"},"image":{"@type":"ImageObject","url":"https:\/\/www.worldrally.eu\/wp-content\/uploads\/2023\/07\/1c.jpg","width":1620,"height":1080},"datePublished":"2023-07-18T16:15:30+00:00","dateModified":"2023-07-18T16:15:30+00:00","inLanguage":"en-GB","mainEntityOfPage":{"@id":"https:\/\/www.worldrally.eu\/index.php\/2023\/07\/18\/rajd-estonia-2023-podstawowe-informacje\/#webpage"},"isPartOf":{"@id":"https:\/\/www.worldrally.eu\/index.php\/2023\/07\/18\/rajd-estonia-2023-podstawowe-informacje\/#webpage"},"articleSection":"WRC"},{"@type":"BreadcrumbList","@id":"https:\/\/www.worldrally.eu\/index.php\/2023\/07\/18\/rajd-estonia-2023-podstawowe-informacje\/#breadcrumblist","itemListElement":[{"@type":"ListItem","@id":"https:\/\/www.worldrally.eu#listItem","position":1,"name":"Home","item":"https:\/\/www.worldrally.eu","nextItem":{"@type":"ListItem","@id":"https:\/\/www.worldrally.eu\/index.php\/category\/wrc\/#listItem","name":"WRC"}},{"@type":"ListItem","@id":"https:\/\/www.worldrally.eu\/index.php\/category\/wrc\/#listItem","position":2,"name":"WRC","item":"https:\/\/www.worldrally.eu\/index.php\/category\/wrc\/","nextItem":{"@type":"ListItem","@id":"https:\/\/www.worldrally.eu\/index.php\/2023\/07\/18\/rajd-estonia-2023-podstawowe-informacje\/#listItem","name":"Rajd Estonia 2023 \u2013 podstawowe informacje"},"previousItem":{"@type":"ListItem","@id":"https:\/\/www.worldrally.eu#listItem","name":"Home"}},{"@type":"ListItem","@id":"https:\/\/www.worldrally.eu\/index.php\/2023\/07\/18\/rajd-estonia-2023-podstawowe-informacje\/#listItem","position":3,"name":"Rajd Estonia 2023 \u2013 podstawowe informacje","previousItem":{"@type":"ListItem","@id":"https:\/\/www.worldrally.eu\/index.php\/category\/wrc\/#listItem","name":"WRC"}}]},{"@type":"Organization","@id":"https:\/\/www.worldrally.eu\/#organization","name":"WorldRally.eu","url":"https:\/\/www.worldrally.eu\/","logo":{"@type":"ImageObject","url":"https:\/\/www.worldrally.eu\/wp-content\/uploads\/2026\/01\/cropped-logo-3.png","@id":"https:\/\/www.worldrally.eu\/index.php\/2023\/07\/18\/rajd-estonia-2023-podstawowe-informacje\/#organizationLogo","width":2039,"height":756},"image":{"@id":"https:\/\/www.worldrally.eu\/index.php\/2023\/07\/18\/rajd-estonia-2023-podstawowe-informacje\/#organizationLogo"}},{"@type":"Person","@id":"https:\/\/www.worldrally.eu\/index.php\/author\/admin\/#author","url":"https:\/\/www.worldrally.eu\/index.php\/author\/admin\/","name":"Junior","image":{"@type":"ImageObject","@id":"https:\/\/www.worldrally.eu\/index.php\/2023\/07\/18\/rajd-estonia-2023-podstawowe-informacje\/#authorImage","url":"https:\/\/secure.gravatar.com\/avatar\/5bd369ac0447285dc20b588693ca1756d0179a7f957258050a42a968bf3b9d0a?s=96&d=mm&r=g","width":96,"height":96,"caption":"Junior"}},{"@type":"WebPage","@id":"https:\/\/www.worldrally.eu\/index.php\/2023\/07\/18\/rajd-estonia-2023-podstawowe-informacje\/#webpage","url":"https:\/\/www.worldrally.eu\/index.php\/2023\/07\/18\/rajd-estonia-2023-podstawowe-informacje\/","name":"Rajd Estonia 2023 \u2013 podstawowe informacje \u00bb WorldRally.eu","description":"Rajd Estoni jest cz\u0119\u015bci\u0105 Samochodowych Rajdowych Mistrzostw \u015awiata czwarty rok z rz\u0119du a odcinki specjalne nale\u017c\u0105 do bardzo szybkich i lubianych przez wszystkich kierowc\u00f3w w stawce. Na starcie w tym roku zobaczymy \u0142\u0105cznie 53 za\u0142ogi w tym 8 aut Rally1, a\u017c 26 samochod\u00f3w Rally2 w tym 23 WRC2 oraz 16 samochod\u00f3w Rally3 z czego 9","inLanguage":"en-GB","isPartOf":{"@id":"https:\/\/www.worldrally.eu\/#website"},"breadcrumb":{"@id":"https:\/\/www.worldrally.eu\/index.php\/2023\/07\/18\/rajd-estonia-2023-podstawowe-informacje\/#breadcrumblist"},"author":{"@id":"https:\/\/www.worldrally.eu\/index.php\/author\/admin\/#author"},"creator":{"@id":"https:\/\/www.worldrally.eu\/index.php\/author\/admin\/#author"},"image":{"@type":"ImageObject","url":"https:\/\/www.worldrally.eu\/wp-content\/uploads\/2023\/07\/1c.jpg","@id":"https:\/\/www.worldrally.eu\/index.php\/2023\/07\/18\/rajd-estonia-2023-podstawowe-informacje\/#mainImage","width":1620,"height":1080},"primaryImageOfPage":{"@id":"https:\/\/www.worldrally.eu\/index.php\/2023\/07\/18\/rajd-estonia-2023-podstawowe-informacje\/#mainImage"},"datePublished":"2023-07-18T16:15:30+00:00","dateModified":"2023-07-18T16:15:30+00:00"},{"@type":"WebSite","@id":"https:\/\/www.worldrally.eu\/#website","url":"https:\/\/www.worldrally.eu\/","name":"WorldRally.eu","inLanguage":"en-GB","publisher":{"@id":"https:\/\/www.worldrally.eu\/#organization"}}]},"og:locale":"en_GB","og:site_name":"WorldRally.eu \u00bb","og:type":"article","og:title":"Rajd Estonia 2023 \u2013 podstawowe informacje \u00bb WorldRally.eu","og:description":"Rajd Estoni jest cz\u0119\u015bci\u0105 Samochodowych Rajdowych Mistrzostw \u015awiata czwarty rok z rz\u0119du a odcinki specjalne nale\u017c\u0105 do bardzo szybkich i lubianych przez wszystkich kierowc\u00f3w w stawce. Na starcie w tym roku zobaczymy \u0142\u0105cznie 53 za\u0142ogi w tym 8 aut Rally1, a\u017c 26 samochod\u00f3w Rally2 w tym 23 WRC2 oraz 16 samochod\u00f3w Rally3 z czego 9","og:url":"https:\/\/www.worldrally.eu\/index.php\/2023\/07\/18\/rajd-estonia-2023-podstawowe-informacje\/","og:image":"https:\/\/www.worldrally.eu\/wp-content\/uploads\/2023\/07\/1c.jpg","og:image:secure_url":"https:\/\/www.worldrally.eu\/wp-content\/uploads\/2023\/07\/1c.jpg","og:image:width":1620,"og:image:height":1080,"article:published_time":"2023-07-18T16:15:30+00:00","article:modified_time":"2023-07-18T16:15:30+00:00","twitter:card":"summary_large_image","twitter:title":"Rajd Estonia 2023 \u2013 podstawowe informacje \u00bb WorldRally.eu","twitter:description":"Rajd Estoni jest cz\u0119\u015bci\u0105 Samochodowych Rajdowych Mistrzostw \u015awiata czwarty rok z rz\u0119du a odcinki specjalne nale\u017c\u0105 do bardzo szybkich i lubianych przez wszystkich kierowc\u00f3w w stawce. Na starcie w tym roku zobaczymy \u0142\u0105cznie 53 za\u0142ogi w tym 8 aut Rally1, a\u017c 26 samochod\u00f3w Rally2 w tym 23 WRC2 oraz 16 samochod\u00f3w Rally3 z czego 9","twitter:image":"https:\/\/www.worldrally.eu\/wp-content\/uploads\/2023\/07\/1c.jpg"},"aioseo_meta_data":{"post_id":"1703","title":null,"description":null,"keywords":null,"keyphrases":null,"primary_term":null,"canonical_url":null,"og_title":null,"og_description":null,"og_object_type":"default","og_image_type":"default","og_image_url":null,"og_image_width":null,"og_image_height":null,"og_image_custom_url":null,"og_image_custom_fields":null,"og_video":null,"og_custom_url":null,"og_article_section":null,"og_article_tags":null,"twitter_use_og":false,"twitter_card":"default","twitter_image_type":"default","twitter_image_url":null,"twitter_image_custom_url":null,"twitter_image_custom_fields":null,"twitter_title":null,"twitter_description":null,"schema":{"blockGraphs":[],"customGraphs":[],"default":{"data":{"Article":[],"Course":[],"Dataset":[],"FAQPage":[],"Movie":[],"Person":[],"Product":[],"ProductReview":[],"Car":[],"Recipe":[],"Service":[],"SoftwareApplication":[],"WebPage":[]},"graphName":"","isEnabled":true},"graphs":[]},"schema_type":"default","schema_type_options":null,"pillar_content":false,"robots_default":true,"robots_noindex":false,"robots_noarchive":false,"robots_nosnippet":false,"robots_nofollow":false,"robots_noimageindex":false,"robots_noodp":false,"robots_notranslate":false,"robots_max_snippet":null,"robots_max_videopreview":null,"robots_max_imagepreview":"large","priority":null,"frequency":null,"local_seo":null,"breadcrumb_settings":null,"limit_modified_date":false,"ai":null,"created":"2025-03-22 06:19:14","updated":"2025-10-26 11:09:09","seo_analyzer_scan_date":null},"aioseo_breadcrumb":"<div class=\"aioseo-breadcrumbs\"><span class=\"aioseo-breadcrumb\">\n\t\t\t<a href=\"https:\/\/www.worldrally.eu\" title=\"Home\">Home<\/a>\n\t\t<\/span><span class=\"aioseo-breadcrumb-separator\">&raquo;<\/span><span class=\"aioseo-breadcrumb\">\n\t\t\t<a href=\"https:\/\/www.worldrally.eu\/index.php\/category\/wrc\/\" title=\"WRC\">WRC<\/a>\n\t\t<\/span><span class=\"aioseo-breadcrumb-separator\">&raquo;<\/span><span class=\"aioseo-breadcrumb\">\n\t\t\tRajd Estonia 2023 \u2013 podstawowe informacje\n\t\t<\/span><\/div>","aioseo_breadcrumb_json":[{"label":"Home","link":"https:\/\/www.worldrally.eu"},{"label":"WRC","link":"https:\/\/www.worldrally.eu\/index.php\/category\/wrc\/"},{"label":"Rajd Estonia 2023 \u2013 podstawowe informacje","link":"https:\/\/www.worldrally.eu\/index.php\/2023\/07\/18\/rajd-estonia-2023-podstawowe-informacje\/"}],"cc_featured_image_caption":{"caption_text":"Foto - PhotoMS","source_text":"","source_url":""},"_links":{"self":[{"href":"https:\/\/www.worldrally.eu\/index.php\/wp-json\/wp\/v2\/posts\/1703","targetHints":{"allow":["GET"]}}],"collection":[{"href":"https:\/\/www.worldrally.eu\/index.php\/wp-json\/wp\/v2\/posts"}],"about":[{"href":"https:\/\/www.worldrally.eu\/index.php\/wp-json\/wp\/v2\/types\/post"}],"author":[{"embeddable":true,"href":"https:\/\/www.worldrally.eu\/index.php\/wp-json\/wp\/v2\/users\/1"}],"replies":[{"embeddable":true,"href":"https:\/\/www.worldrally.eu\/index.php\/wp-json\/wp\/v2\/comments?post=1703"}],"version-history":[{"count":1,"href":"https:\/\/www.worldrally.eu\/index.php\/wp-json\/wp\/v2\/posts\/1703\/revisions"}],"predecessor-version":[{"id":1706,"href":"https:\/\/www.worldrally.eu\/index.php\/wp-json\/wp\/v2\/posts\/1703\/revisions\/1706"}],"wp:featuredmedia":[{"embeddable":true,"href":"https:\/\/www.worldrally.eu\/index.php\/wp-json\/wp\/v2\/media\/1704"}],"wp:attachment":[{"href":"https:\/\/www.worldrally.eu\/index.php\/wp-json\/wp\/v2\/media?parent=1703"}],"wp:term":[{"taxonomy":"category","embeddable":true,"href":"https:\/\/www.worldrally.eu\/index.php\/wp-json\/wp\/v2\/categories?post=1703"},{"taxonomy":"post_tag","embeddable":true,"href":"https:\/\/www.worldrally.eu\/index.php\/wp-json\/wp\/v2\/tags?post=1703"}],"curies":[{"name":"wp","href":"https:\/\/api.w.org\/{rel}","templated":true}]}}