{"id":1699,"date":"2023-07-18T15:59:28","date_gmt":"2023-07-18T15:59:28","guid":{"rendered":"https:\/\/www.worldrally.eu\/?p=1699"},"modified":"2023-07-18T15:59:28","modified_gmt":"2023-07-18T15:59:28","slug":"mikkelsen-z-nandziejami","status":"publish","type":"post","link":"https:\/\/www.worldrally.eu\/index.php\/2023\/07\/18\/mikkelsen-z-nandziejami\/","title":{"rendered":"Mikkelsen z nandziejami"},"content":{"rendered":"\n<p>Andreas Mikkelsen mimo wszystko w dalszym ci\u0105gu ma zamiar powalczy\u0107 w Rajdowych Mistrzostwach \u015awiata w kategorii WRC2 pomimo i\u017c zajmuje dopiero sz\u00f3st\u0105 lokat\u0119 w klasyfikacji generalnej.<\/p>\n\n\n\n<p>Norweg bardzo liczy\u0142 na wyst\u0119py w tegorocznej edycji wraz z Hyundai i mia\u0142 poprowadzi\u0107 i20 N Rally1 jednak\u017ce zesp\u00f3\u0142 w ostatnich chwili si\u0119 zdecydowa\u0142 na zakontraktowanie innego kierowcy Esapekka Lapi na pocz\u0105tku sezonu 2023.<\/p>\n\n\n\n<p>Jak sam kierowca m\u00f3wi nie mia\u0142 plan\u00f3w poza Sardyni\u0105, ale uda\u0142o mu si\u0119 zdoby\u0107 zar\u00f3wno na najbli\u017cszy Rajd Estonii jak i Rajd Finlandii i liczy na dobry wyst\u0119p co mo\u017ce zaowocowa\u0107 o wi\u0119ksz\u0105 list\u0119 start\u00f3w.<\/p>\n\n\n\n<p><\/p>\n\n\n\n<blockquote class=\"wp-block-quote is-layout-flow wp-block-quote-is-layout-flow\">\n<p><em>Sardynia i Portugalia zawsze by\u0142y w planie. Nadal nie wiem, czy pojad\u0119 na pe\u0142ne mistrzostwa, czy nie, ale przynajmniej uda\u0142o nam si\u0119 zrobi\u0107 Estoni\u0119 i Finlandi\u0119. To by\u0142o troch\u0119 frustruj\u0105ce w Portugalii z powodu przebicia opony, kt\u00f3re postawi\u0142o nas w miejscu. OK, czuj\u0119, \u017ce zwyci\u0119stwo na Sardynii zosta\u0142o nam troch\u0119 przekazane przez Adriena [Fourmaux], ale na koniec dnia wiem, \u017ce je\u015bli b\u0119d\u0119 mia\u0142 DNF, na pewno nie wezm\u0119 udzia\u0142u w pe\u0142nych mistrzostwach. My\u015bl\u0119, \u017ce realistyczne jest to, \u017ce staram si\u0119 zdoby\u0107 mistrzostwo, wykonuj\u0105c sze\u015b\u0107 rund, a nie siedem, jak robi\u0105 to inni faceci \u2013 mog\u0105 odebra\u0107 im najgorszy wynik \u2013 wi\u0119c zobaczmy, co jest mo\u017cliwe. Oczywi\u015bcie zale\u017cy to od wynik\u00f3w z kolejnych rajd\u00f3w<\/em><\/p>\n<cite>powiedzia\u0142 Mikkelsen<\/cite><\/blockquote>\n\n\n\n<p>Mikkelsen pokaza\u0142, \u017ce potrafi by\u0107 bardzo szybki nie tylko w Estonii ale tak\u017ce w Finlandii, jednak\u017ce to w tym pierwszym rajdzie triumfowa\u0142 dwa razy.<\/p>\n\n\n\n<blockquote class=\"wp-block-quote is-layout-flow wp-block-quote-is-layout-flow\">\n<p><em>Zawsze mi\u0142o jest mie\u0107 szans\u0119 zostania mistrzem \u015bwiata. Byli\u015bmy w 2021 roku. Nie s\u0105dz\u0119, \u017ceby to by\u0142o naprawd\u0119 wa\u017cne dla mojej kariery, ale i tak fajnie jest mie\u0107 ten tytu\u0142. Wi\u0119c je\u015bli mo\u017cemy mie\u0107 wi\u0119cej rajd\u00f3w i walczy\u0107 o mistrzostwo, to naprawd\u0119 fajnie. To by\u0142oby idealne.<\/em><\/p>\n<\/blockquote>\n\n\n\n<p>Norweg nie jest jedynym kierowc\u0105, kt\u00f3rym nowa Skoda Fabia RS Rally2 nie do ko\u0144ca przypad\u0142a do gustu lub te\u017c brakuje zrozumienia a pewno\u015b\u0107 siebie jest mniejsza ni\u017c w Fabi Rally2 Evo.<\/p>\n\n\n\n<blockquote class=\"wp-block-quote is-layout-flow wp-block-quote-is-layout-flow\">\n<p><em>Czuj\u0119 si\u0119 bardzo pewnie w samochodzie na szybkich drogach, wi\u0119c kiedy przyjedziemy do Estonii i na szybkie rajdy, samoch\u00f3d powinien by\u0107 naprawd\u0119 dobry. W Portugalii i na Sardynii, mimo \u017ce sp\u0119dzam du\u017co czasu w samochodzie podczas test\u00f3w i prac rozwojowych, to nie jest tak, \u017ce robi\u0119 ustawienia dla siebie podczas tych test\u00f3w. To w\u0142a\u015bnie w te\u015bcie przed zawodami naprawd\u0119 zacz\u0119li\u015bmy skupia\u0107 si\u0119 na moim ustawieniu, a kiedy przeprowadzasz testy, zawsze r\u00f3\u017cni si\u0119 to od rajd\u00f3w. Wi\u0119c kiedy pomy\u015bla\u0142em, \u017ce znalaz\u0142em dobre ustawienia na moim te\u015bcie, przyjecha\u0142em na rajd i zawsze jest inaczej, kiedy odkrywasz drogi<\/em>. <em>Wi\u0119c z do\u015bwiadczeniem, kt\u00f3re zdobyli\u015bmy w Portugalii, a samoch\u00f3d by\u0142 naprawd\u0119 \u015bwietny na Sardynii, nie mog\u0119 tak naprawd\u0119 na nic narzeka\u0107. Nie martwi\u0119 si\u0119, \u017ce nie b\u0119d\u0119 si\u0119 dobrze czu\u0142 w samochodzie. Czu\u0142em si\u0119 dobrze na Sardynii i wiem, \u017ce samoch\u00f3d jest bardzo sprawny na szybkich drogach, kt\u00f3re teraz nadchodz\u0105 w Estonii, wi\u0119c czuj\u0119 si\u0119 naprawd\u0119 komfortowo.<\/em><\/p>\n\n\n\n<p><\/p>\n<\/blockquote>\n\n\n\n<p>Mikkelsen zajmuj\u0105c sz\u00f3st\u0105 pozycj\u0119 w klasyfikacji generalnej ma na swoim koncie zaledwie 42 punkty a obecny lider Rossel zgromadzi\u0142 ich a\u017c 77, kt\u00f3ry w dalszym ci\u0105gu rywalizuje z Oliverem Solbergiem, kt\u00f3ry ma strat\u0119 13 punkt\u00f3w. Trzecie wirtualne miejsce zajmuje Greensmith z 62 punktami.<\/p>\n","protected":false},"excerpt":{"rendered":"<p>Andreas Mikkelsen mimo wszystko w dalszym ci\u0105gu ma zamiar powalczy\u0107 w Rajdowych Mistrzostwach \u015awiata w kategorii WRC2 pomimo i\u017c zajmuje dopiero sz\u00f3st\u0105 lokat\u0119 w klasyfikacji generalnej. Norweg bardzo liczy\u0142 na wyst\u0119py w tegorocznej edycji wraz z Hyundai i mia\u0142 poprowadzi\u0107 i20 N Rally1 jednak\u017ce zesp\u00f3\u0142 w ostatnich chwili si\u0119 zdecydowa\u0142 na zakontraktowanie innego kierowcy Esapekka [&hellip;]<\/p>\n","protected":false},"author":1,"featured_media":1156,"comment_status":"closed","ping_status":"closed","sticky":false,"template":"","format":"standard","meta":{"footnotes":""},"categories":[3],"tags":[],"class_list":["post-1699","post","type-post","status-publish","format-standard","has-post-thumbnail","hentry","category-wrc"],"aioseo_notices":[],"cc_featured_image_caption":{"caption_text":"Foto - PhotoMS","source_text":"","source_url":""},"_links":{"self":[{"href":"https:\/\/www.worldrally.eu\/index.php\/wp-json\/wp\/v2\/posts\/1699","targetHints":{"allow":["GET"]}}],"collection":[{"href":"https:\/\/www.worldrally.eu\/index.php\/wp-json\/wp\/v2\/posts"}],"about":[{"href":"https:\/\/www.worldrally.eu\/index.php\/wp-json\/wp\/v2\/types\/post"}],"author":[{"embeddable":true,"href":"https:\/\/www.worldrally.eu\/index.php\/wp-json\/wp\/v2\/users\/1"}],"replies":[{"embeddable":true,"href":"https:\/\/www.worldrally.eu\/index.php\/wp-json\/wp\/v2\/comments?post=1699"}],"version-history":[{"count":1,"href":"https:\/\/www.worldrally.eu\/index.php\/wp-json\/wp\/v2\/posts\/1699\/revisions"}],"predecessor-version":[{"id":1700,"href":"https:\/\/www.worldrally.eu\/index.php\/wp-json\/wp\/v2\/posts\/1699\/revisions\/1700"}],"wp:featuredmedia":[{"embeddable":true,"href":"https:\/\/www.worldrally.eu\/index.php\/wp-json\/wp\/v2\/media\/1156"}],"wp:attachment":[{"href":"https:\/\/www.worldrally.eu\/index.php\/wp-json\/wp\/v2\/media?parent=1699"}],"wp:term":[{"taxonomy":"category","embeddable":true,"href":"https:\/\/www.worldrally.eu\/index.php\/wp-json\/wp\/v2\/categories?post=1699"},{"taxonomy":"post_tag","embeddable":true,"href":"https:\/\/www.worldrally.eu\/index.php\/wp-json\/wp\/v2\/tags?post=1699"}],"curies":[{"name":"wp","href":"https:\/\/api.w.org\/{rel}","templated":true}]}}