{"id":1690,"date":"2023-07-17T18:02:02","date_gmt":"2023-07-17T18:02:02","guid":{"rendered":"https:\/\/www.worldrally.eu\/?p=1690"},"modified":"2023-07-17T18:02:02","modified_gmt":"2023-07-17T18:02:02","slug":"armstrong-liczy-na-wiecej","status":"publish","type":"post","link":"https:\/\/www.worldrally.eu\/index.php\/2023\/07\/17\/armstrong-liczy-na-wiecej\/","title":{"rendered":"Armstrong liczy na wi\u0119cej."},"content":{"rendered":"\n<p>Jon Armstrong, kt\u00f3ry wraz z Julia Thulin wystartowali w Bauhaus Royal Rally Of Scandinavia reprezentuj\u0105c barwy GN Motorsport przy wsp\u00f3\u0142pracy z MRF Tyres nie ukrywa, \u017ce jest g\u0142odny dalszych start\u00f3w autem Rally2. <\/p>\n\n\n\n<p>28- latek zaj\u0105\u0142 jedenaste miejsce w klasyfikacji generalnej i jest liderem w klasyfikacji Junior ERC a w najbli\u017cszym wyst\u0119pie jaki b\u0119dzie mia\u0142 miejsce w Rally di Roma Capitale mo\u017ce si\u0119gn\u0105\u0107 po tytu\u0142 mistrzowski.<\/p>\n\n\n\n<p>Zapytany o perspektyw\u0119 ponownych start\u00f3w autem Rally2 w ERC, Irlandczyk powiedzia\u0142><\/p>\n\n\n\n<blockquote class=\"wp-block-quote is-layout-flow wp-block-quote-is-layout-flow\">\n<p>Nie jestem pewien w tym roku, ale w przysz\u0142ym chcia\u0142bym awansowa\u0107. Tempo poprawi\u0142o si\u0119 podczas rajdu, a my zbli\u017cyli\u015bmy si\u0119 i bardziej komfortowo z tym tempem. Oczywi\u015bcie zawsze jest jaka\u015b cz\u0119\u015b\u0107 ciebie, kt\u00f3ra chcia\u0142a by\u0107 troch\u0119 bli\u017cej, ale realistycznie w\u0142a\u015bnie do tego zmierzali\u015bmy. Mam nadziej\u0119, \u017ce je\u015bli uda nam si\u0119 zrobi\u0107 co\u015b innego w przysz\u0142o\u015bci, b\u0119dziemy mogli zbli\u017cy\u0107 si\u0119 jeszcze bardziej, poniewa\u017c wiele rzeczy by\u0142o nowych.<\/p>\n<\/blockquote>\n\n\n\n<figure class=\"wp-block-image size-large\"><img fetchpriority=\"high\" decoding=\"async\" width=\"1024\" height=\"683\" src=\"https:\/\/www.worldrally.eu\/wp-content\/uploads\/2023\/07\/Photo-Adam-Owczarek-__PhotoMS.se_Bauhaus-Royal-Of-Scandinavia_Day1_-3-1024x683.jpg\" alt=\"\" class=\"wp-image-1692\" srcset=\"https:\/\/www.worldrally.eu\/wp-content\/uploads\/2023\/07\/Photo-Adam-Owczarek-__PhotoMS.se_Bauhaus-Royal-Of-Scandinavia_Day1_-3-1024x683.jpg 1024w, https:\/\/www.worldrally.eu\/wp-content\/uploads\/2023\/07\/Photo-Adam-Owczarek-__PhotoMS.se_Bauhaus-Royal-Of-Scandinavia_Day1_-3-300x200.jpg 300w, https:\/\/www.worldrally.eu\/wp-content\/uploads\/2023\/07\/Photo-Adam-Owczarek-__PhotoMS.se_Bauhaus-Royal-Of-Scandinavia_Day1_-3-768x512.jpg 768w, https:\/\/www.worldrally.eu\/wp-content\/uploads\/2023\/07\/Photo-Adam-Owczarek-__PhotoMS.se_Bauhaus-Royal-Of-Scandinavia_Day1_-3-1536x1024.jpg 1536w, https:\/\/www.worldrally.eu\/wp-content\/uploads\/2023\/07\/Photo-Adam-Owczarek-__PhotoMS.se_Bauhaus-Royal-Of-Scandinavia_Day1_-3-446x297.jpg 446w, https:\/\/www.worldrally.eu\/wp-content\/uploads\/2023\/07\/Photo-Adam-Owczarek-__PhotoMS.se_Bauhaus-Royal-Of-Scandinavia_Day1_-3.jpg 1620w\" sizes=\"(max-width: 1024px) 100vw, 1024px\" \/><figcaption class=\"wp-element-caption\">Foto &#8211; PhotoMS<\/figcaption><\/figure>\n\n\n\n<blockquote class=\"wp-block-quote is-layout-flow wp-block-quote-is-layout-flow\">\n<p>B\u0119dziemy wiedzie\u0107, kiedy lista zg\u0142osze\u0144 si\u0119 zamknie, ale powr\u00f3t do Fiesta Rally3 na Rally di Roma Capitale powinien by\u0107 naprawd\u0119 przyjemny, poniewa\u017c polujemy na mistrzostwa. Ten rajd uzmys\u0142owi\u0142 mi, \u017ce osobi\u015bcie musz\u0119 przyspieszy\u0107, wi\u0119c b\u0119dzie to szansa na jeszcze wi\u0119ksz\u0105 nauk\u0119 i rozw\u00f3j. Mam nadziej\u0119, \u017ce b\u0119dziemy mieli dobr\u0105 rywalizacj\u0119<\/p>\n<cite>wyja\u015bni\u0142 Armstrong<\/cite><\/blockquote>\n\n\n\n<p>Kierowca zosta\u0142 zapytany o r\u00f3\u017cnice pomi\u0119dzy Fordem Rally3 a Rally2, a w odpowiedzi us\u0142yszeli\u015bmy.<\/p>\n\n\n\n<blockquote class=\"wp-block-quote is-layout-flow wp-block-quote-is-layout-flow\">\n<p>Na pewno wchodzisz w co\u015b szybciej, wi\u0119c by\u0107 mo\u017ce b\u0119dziesz musia\u0142 troch\u0119 bardziej powstrzymywa\u0107 si\u0119 w niekt\u00f3rych zakr\u0119tach, w niekt\u00f3rych sytuacjach. Prawdopodobnie najwi\u0119ksz\u0105 r\u00f3\u017cnic\u0105 jest zawieszenie, poniewa\u017c samoch\u00f3d Rally2 ma o wiele wi\u0119kszy skok, a ruch jest wyra\u017aniejszy, to zupe\u0142nie inny ruch podwozia i to najtrudniejsza rzecz do nauczenia.<\/p>\n<\/blockquote>\n\n\n\n<figure class=\"wp-block-image size-large\"><img decoding=\"async\" width=\"1024\" height=\"683\" src=\"https:\/\/www.worldrally.eu\/wp-content\/uploads\/2023\/07\/Photo-Adam-Owczarek-__PhotoMS.se_Bauhaus-Royal-Of-Scandinavia_Day2_Colin\u00b4s-Crest_15a-1024x683.jpg\" alt=\"\" class=\"wp-image-1693\" srcset=\"https:\/\/www.worldrally.eu\/wp-content\/uploads\/2023\/07\/Photo-Adam-Owczarek-__PhotoMS.se_Bauhaus-Royal-Of-Scandinavia_Day2_Colin\u00b4s-Crest_15a-1024x683.jpg 1024w, https:\/\/www.worldrally.eu\/wp-content\/uploads\/2023\/07\/Photo-Adam-Owczarek-__PhotoMS.se_Bauhaus-Royal-Of-Scandinavia_Day2_Colin\u00b4s-Crest_15a-300x200.jpg 300w, https:\/\/www.worldrally.eu\/wp-content\/uploads\/2023\/07\/Photo-Adam-Owczarek-__PhotoMS.se_Bauhaus-Royal-Of-Scandinavia_Day2_Colin\u00b4s-Crest_15a-768x512.jpg 768w, https:\/\/www.worldrally.eu\/wp-content\/uploads\/2023\/07\/Photo-Adam-Owczarek-__PhotoMS.se_Bauhaus-Royal-Of-Scandinavia_Day2_Colin\u00b4s-Crest_15a-1536x1024.jpg 1536w, https:\/\/www.worldrally.eu\/wp-content\/uploads\/2023\/07\/Photo-Adam-Owczarek-__PhotoMS.se_Bauhaus-Royal-Of-Scandinavia_Day2_Colin\u00b4s-Crest_15a-446x297.jpg 446w, https:\/\/www.worldrally.eu\/wp-content\/uploads\/2023\/07\/Photo-Adam-Owczarek-__PhotoMS.se_Bauhaus-Royal-Of-Scandinavia_Day2_Colin\u00b4s-Crest_15a.jpg 1620w\" sizes=\"(max-width: 1024px) 100vw, 1024px\" \/><figcaption class=\"wp-element-caption\">Foto &#8211; PhotoMS<\/figcaption><\/figure>\n","protected":false},"excerpt":{"rendered":"<p>Jon Armstrong, kt\u00f3ry wraz z Julia Thulin wystartowali w Bauhaus Royal Rally Of Scandinavia reprezentuj\u0105c barwy GN Motorsport przy wsp\u00f3\u0142pracy z MRF Tyres nie ukrywa, \u017ce jest g\u0142odny dalszych start\u00f3w autem Rally2. 28- latek zaj\u0105\u0142 jedenaste miejsce w klasyfikacji generalnej i jest liderem w klasyfikacji Junior ERC a w najbli\u017cszym wyst\u0119pie jaki b\u0119dzie mia\u0142 miejsce [&hellip;]<\/p>\n","protected":false},"author":2,"featured_media":1691,"comment_status":"closed","ping_status":"closed","sticky":false,"template":"","format":"standard","meta":{"footnotes":""},"categories":[4],"tags":[],"class_list":["post-1690","post","type-post","status-publish","format-standard","has-post-thumbnail","hentry","category-erc"],"aioseo_notices":[],"cc_featured_image_caption":{"caption_text":"Foto-PhotoMS","source_text":"","source_url":""},"_links":{"self":[{"href":"https:\/\/www.worldrally.eu\/index.php\/wp-json\/wp\/v2\/posts\/1690","targetHints":{"allow":["GET"]}}],"collection":[{"href":"https:\/\/www.worldrally.eu\/index.php\/wp-json\/wp\/v2\/posts"}],"about":[{"href":"https:\/\/www.worldrally.eu\/index.php\/wp-json\/wp\/v2\/types\/post"}],"author":[{"embeddable":true,"href":"https:\/\/www.worldrally.eu\/index.php\/wp-json\/wp\/v2\/users\/2"}],"replies":[{"embeddable":true,"href":"https:\/\/www.worldrally.eu\/index.php\/wp-json\/wp\/v2\/comments?post=1690"}],"version-history":[{"count":1,"href":"https:\/\/www.worldrally.eu\/index.php\/wp-json\/wp\/v2\/posts\/1690\/revisions"}],"predecessor-version":[{"id":1694,"href":"https:\/\/www.worldrally.eu\/index.php\/wp-json\/wp\/v2\/posts\/1690\/revisions\/1694"}],"wp:featuredmedia":[{"embeddable":true,"href":"https:\/\/www.worldrally.eu\/index.php\/wp-json\/wp\/v2\/media\/1691"}],"wp:attachment":[{"href":"https:\/\/www.worldrally.eu\/index.php\/wp-json\/wp\/v2\/media?parent=1690"}],"wp:term":[{"taxonomy":"category","embeddable":true,"href":"https:\/\/www.worldrally.eu\/index.php\/wp-json\/wp\/v2\/categories?post=1690"},{"taxonomy":"post_tag","embeddable":true,"href":"https:\/\/www.worldrally.eu\/index.php\/wp-json\/wp\/v2\/tags?post=1690"}],"curies":[{"name":"wp","href":"https:\/\/api.w.org\/{rel}","templated":true}]}}