{"id":1638,"date":"2023-07-07T19:01:00","date_gmt":"2023-07-07T19:01:00","guid":{"rendered":"https:\/\/www.worldrally.eu\/?p=1638"},"modified":"2023-07-11T19:23:31","modified_gmt":"2023-07-11T19:23:31","slug":"solberg-liderem-po-pierwszym-dniu","status":"publish","type":"post","link":"https:\/\/www.worldrally.eu\/index.php\/2023\/07\/07\/solberg-liderem-po-pierwszym-dniu\/","title":{"rendered":"Solberg liderem po pierwszym dniu"},"content":{"rendered":"\n<p class=\"wp-block-paragraph\">Oliver Solberg nie tylko walczy z rywalami, ale tak\u017ce zmaga si\u0119 z problemem uk\u0142adu kierowniczego, jednak\u017ce to on na koniec dnia zostaje liderem w Bauhaus Royal Rally Of Scandinavia z przewag 10,2 sekundy.<\/p>\n\n\n\n<p class=\"wp-block-paragraph\">Pomimo to, \u017ce Solberg zaledwie w dwa tygodnie przygotowa\u0142 sw\u00f3j nie u\u017cywany samoch\u00f3d do rajdu to jego Volkswagen Polo GTI R5 by\u0142 zdecydowanie szybszy ni\u017c lider klasyfikacji generalnej Heyden Paddon, tory u\u017cywa najnowszego Hyundaia i20 N Rally2. Miejscowy bohater mia\u0142 problemy w utrzymaniu auta na drodze, zw\u0142aszcza na odcinkach, na kt\u00f3rych pojawi\u0142 si\u0119 deszcz.<\/p>\n\n\n\n<blockquote class=\"wp-block-quote is-layout-flow wp-block-quote-is-layout-flow\">\n<p class=\"wp-block-paragraph\">Z pewno\u015bci\u0105 margines jest bardzo ma\u0142y, ale jeste\u015bmy w dobrym bezpiecznym tempie. Nie by\u0142o \u0142atwo, ale to fantastyczne drogi i naprawd\u0119 przyjemna jazda. a i dwoje moich najlepszych przyjaci\u00f3\u0142 pracowali\u015bmy w warsztacie przygotowuj\u0105c samoch\u00f3d, wi\u0119c te\u017c by\u0142em mechanikiem. To by\u0142a dobra zabawa, ale je\u015bli si\u0119 rozpadnie, to moja wina.<\/p>\n<cite>wyja\u015bni\u0142 Solberg<\/cite><\/blockquote>\n\n\n\n<figure class=\"wp-block-image size-large\"><img fetchpriority=\"high\" decoding=\"async\" width=\"1024\" height=\"683\" src=\"https:\/\/www.worldrally.eu\/wp-content\/uploads\/2023\/07\/Photo-Adam-Owczarek-__PhotoMS.se_Bauhaus-Royal-Of-Scandinavia_Day1_-19-1024x683.jpg\" alt=\"\" class=\"wp-image-1640\" srcset=\"https:\/\/www.worldrally.eu\/wp-content\/uploads\/2023\/07\/Photo-Adam-Owczarek-__PhotoMS.se_Bauhaus-Royal-Of-Scandinavia_Day1_-19-1024x683.jpg 1024w, https:\/\/www.worldrally.eu\/wp-content\/uploads\/2023\/07\/Photo-Adam-Owczarek-__PhotoMS.se_Bauhaus-Royal-Of-Scandinavia_Day1_-19-300x200.jpg 300w, https:\/\/www.worldrally.eu\/wp-content\/uploads\/2023\/07\/Photo-Adam-Owczarek-__PhotoMS.se_Bauhaus-Royal-Of-Scandinavia_Day1_-19-768x512.jpg 768w, https:\/\/www.worldrally.eu\/wp-content\/uploads\/2023\/07\/Photo-Adam-Owczarek-__PhotoMS.se_Bauhaus-Royal-Of-Scandinavia_Day1_-19-1536x1024.jpg 1536w, https:\/\/www.worldrally.eu\/wp-content\/uploads\/2023\/07\/Photo-Adam-Owczarek-__PhotoMS.se_Bauhaus-Royal-Of-Scandinavia_Day1_-19-446x297.jpg 446w, https:\/\/www.worldrally.eu\/wp-content\/uploads\/2023\/07\/Photo-Adam-Owczarek-__PhotoMS.se_Bauhaus-Royal-Of-Scandinavia_Day1_-19.jpg 1620w\" sizes=\"(max-width: 1024px) 100vw, 1024px\" \/><figcaption class=\"wp-element-caption\">Foto &#8211; PhotoMS<\/figcaption><\/figure>\n\n\n\n<p class=\"wp-block-paragraph\">Przed po\u0142udniem to Paddon by\u0142 najszybszy na dw\u00f3ch pierwszych odcinkach, jednak\u017ce ta sytuacja odwr\u00f3ci\u0142a si\u0119 i na odcinku 3 i 4 to Solberg uzyska\u0142 najlepsze czasy to pozwoli\u0142o mu na obj\u0119cie fotela lidera, kt\u00f3rego nie odda\u0142 do ko\u0144ca dnia.<\/p>\n\n\n\n<blockquote class=\"wp-block-quote is-layout-flow wp-block-quote-is-layout-flow\">\n<p class=\"wp-block-paragraph\">To po prostu g\u0142upie. Wchodzisz w r\u00f3g, skr\u0119casz, ale prz\u00f3d ga\u015bnie. Kiedy jest tak szybko, przera\u017ca mnie to<\/p>\n<cite>powiedzia\u0142 Solberg<\/cite><\/blockquote>\n\n\n\n<p class=\"wp-block-paragraph\">Paddon cieszy\u0142 si\u0119 znacznie mniej dramatyczn\u0105 jazd\u0105 na drugie miejsce maj\u0105c na uwadze to, ze Szwed nie rywalizuje o tytu\u0142 mistrzowski a jego najwi\u0119kszy rywal jest daleko poza nim, a Frank Tore Larsen straci\u0142 35,4 sekundy na trzecim miejscu.<\/p>\n\n\n\n<blockquote class=\"wp-block-quote is-layout-flow wp-block-quote-is-layout-flow\">\n<p class=\"wp-block-paragraph\">Mamy dobr\u0105 przewag\u0119 i musimy sobie z tym poradzi\u0107. Ale nie chc\u0119, \u017ceby Oliver uciek\u0142 z tym, wi\u0119c musz\u0119 wywiera\u0107 presj\u0119. Wyjdziemy walczy\u0107 jutro, aby zobaczy\u0107, co mo\u017cemy zrobi\u0107.<\/p>\n<cite>powiedzia\u0142 Paddon<\/cite><\/blockquote>\n\n\n\n<p class=\"wp-block-paragraph\">Larsen, na swoim pierwszym ERC od startu od 2018 roku, przypisa\u0142 swoim mechanikom utrzymanie go w rywalizacji po tym, jak pracowali do 02:30, aby zamontowa\u0107 zamienn\u0105 pomp\u0119 paliwow\u0105.<\/p>\n\n\n\n<figure class=\"wp-block-image size-large\"><img decoding=\"async\" width=\"1024\" height=\"683\" src=\"https:\/\/www.worldrally.eu\/wp-content\/uploads\/2023\/07\/Photo-Adam-Owczarek-__PhotoMS.se_Bauhaus-Royal-Of-Scandinavia_Day1_7a-1024x683.jpg\" alt=\"\" class=\"wp-image-1641\" srcset=\"https:\/\/www.worldrally.eu\/wp-content\/uploads\/2023\/07\/Photo-Adam-Owczarek-__PhotoMS.se_Bauhaus-Royal-Of-Scandinavia_Day1_7a-1024x683.jpg 1024w, https:\/\/www.worldrally.eu\/wp-content\/uploads\/2023\/07\/Photo-Adam-Owczarek-__PhotoMS.se_Bauhaus-Royal-Of-Scandinavia_Day1_7a-300x200.jpg 300w, https:\/\/www.worldrally.eu\/wp-content\/uploads\/2023\/07\/Photo-Adam-Owczarek-__PhotoMS.se_Bauhaus-Royal-Of-Scandinavia_Day1_7a-768x512.jpg 768w, https:\/\/www.worldrally.eu\/wp-content\/uploads\/2023\/07\/Photo-Adam-Owczarek-__PhotoMS.se_Bauhaus-Royal-Of-Scandinavia_Day1_7a-1536x1024.jpg 1536w, https:\/\/www.worldrally.eu\/wp-content\/uploads\/2023\/07\/Photo-Adam-Owczarek-__PhotoMS.se_Bauhaus-Royal-Of-Scandinavia_Day1_7a-446x297.jpg 446w, https:\/\/www.worldrally.eu\/wp-content\/uploads\/2023\/07\/Photo-Adam-Owczarek-__PhotoMS.se_Bauhaus-Royal-Of-Scandinavia_Day1_7a.jpg 1620w\" sizes=\"(max-width: 1024px) 100vw, 1024px\" \/><figcaption class=\"wp-element-caption\">Foto &#8211; PhotoMS<\/figcaption><\/figure>\n\n\n\n<p class=\"wp-block-paragraph\">Mistrz Finlandii Mikko Heikkil\u00e4 boryka\u0142 si\u0119 z brakiem przyczepno\u015bci spowodowanym u\u017cyciem zbyt mi\u0119kkich opon, jednak\u017ce jego popo\u0142udniowa jazda sprawi\u0142a \u017ce uda\u0142o mu si\u0119 awansowa\u0107 na czwart\u0105 pozycje w klasyfikacji generalnej trac\u0105c do trzeciego miejsca zaledwie 0,8 sekund i zwi\u0119kszaj\u0105c przewag\u0119 nad Nikolaya Gryazina do 4,1 sekundy.<\/p>\n\n\n\n<figure class=\"wp-block-image size-large\"><img decoding=\"async\" width=\"1024\" height=\"683\" src=\"https:\/\/www.worldrally.eu\/wp-content\/uploads\/2023\/07\/Photo-Adam-Owczarek-__PhotoMS.se_Bauhaus-Royal-Of-Scandinavia_Day1_-21-1024x683.jpg\" alt=\"\" class=\"wp-image-1642\" srcset=\"https:\/\/www.worldrally.eu\/wp-content\/uploads\/2023\/07\/Photo-Adam-Owczarek-__PhotoMS.se_Bauhaus-Royal-Of-Scandinavia_Day1_-21-1024x683.jpg 1024w, https:\/\/www.worldrally.eu\/wp-content\/uploads\/2023\/07\/Photo-Adam-Owczarek-__PhotoMS.se_Bauhaus-Royal-Of-Scandinavia_Day1_-21-300x200.jpg 300w, https:\/\/www.worldrally.eu\/wp-content\/uploads\/2023\/07\/Photo-Adam-Owczarek-__PhotoMS.se_Bauhaus-Royal-Of-Scandinavia_Day1_-21-768x512.jpg 768w, https:\/\/www.worldrally.eu\/wp-content\/uploads\/2023\/07\/Photo-Adam-Owczarek-__PhotoMS.se_Bauhaus-Royal-Of-Scandinavia_Day1_-21-1536x1024.jpg 1536w, https:\/\/www.worldrally.eu\/wp-content\/uploads\/2023\/07\/Photo-Adam-Owczarek-__PhotoMS.se_Bauhaus-Royal-Of-Scandinavia_Day1_-21-446x297.jpg 446w, https:\/\/www.worldrally.eu\/wp-content\/uploads\/2023\/07\/Photo-Adam-Owczarek-__PhotoMS.se_Bauhaus-Royal-Of-Scandinavia_Day1_-21.jpg 1620w\" sizes=\"(max-width: 1024px) 100vw, 1024px\" \/><figcaption class=\"wp-element-caption\">Foto &#8211; PhotoMS<\/figcaption><\/figure>\n\n\n\n<figure class=\"wp-block-table\"><table><tbody><tr><td>1.<\/td><td><img decoding=\"async\" src=\"https:\/\/www.ewrc-results.com\/images\/flags2\/sweden.png\" alt=\"flag\"><br>#5<\/td><td><img decoding=\"async\" src=\"https:\/\/www.ewrc-results.com\/images\/icon\/vw2012.png\" alt=\"logo\"> <a href=\"https:\/\/www.ewrc-results.com\/entryinfo\/79921-bauhaus-royal-rally-of-scandinavia-2023\/3754175\/\">Solberg Oliver &#8211; Edmondson E.<\/a><br>Volkswagen Polo GTI R5 <img decoding=\"async\" src=\"https:\/\/www.ewrc-results.com\/images\/tyres\/pirelli_red.png\" alt=\"tyre\"><\/td><td>RC2<\/td><td>51:12.4<br><\/td><td><\/td><td>124.4<\/td><\/tr><tr><td>2.<\/td><td><img decoding=\"async\" src=\"https:\/\/www.ewrc-results.com\/images\/flags2\/newzealand.png\" alt=\"flag\"><br>#1<\/td><td><img decoding=\"async\" src=\"https:\/\/www.ewrc-results.com\/images\/icon\/hyundai2.png\" alt=\"logo\"> <a href=\"https:\/\/www.ewrc-results.com\/entryinfo\/79921-bauhaus-royal-rally-of-scandinavia-2023\/3754099\/\">Paddon Hayden &#8211; Kennard John<\/a><br>Hyundai i20 N Rally2 <img decoding=\"async\" src=\"https:\/\/www.ewrc-results.com\/images\/tyres\/pirelli_red.png\" alt=\"tyre\"><\/td><td>RC2<\/td><td>51:22.6<br><\/td><td>+10.2<br>+10.2<\/td><td>124.0<br>0.10<\/td><\/tr><tr><td>3.<\/td><td><img decoding=\"async\" src=\"https:\/\/www.ewrc-results.com\/images\/flags2\/norway.png\" alt=\"flag\"><br>#22<\/td><td><img decoding=\"async\" src=\"https:\/\/www.ewrc-results.com\/images\/icon\/vw2012.png\" alt=\"logo\"> <a href=\"https:\/\/www.ewrc-results.com\/entryinfo\/79921-bauhaus-royal-rally-of-scandinavia-2023\/3752931\/\">Larsen Frank Tore &#8211; Eriksen T.<\/a><br>Volkswagen Polo GTI R5 <img decoding=\"async\" src=\"https:\/\/www.ewrc-results.com\/images\/tyres\/pirelli_red.png\" alt=\"tyre\"><\/td><td>RC2<\/td><td>51:58.0<br><\/td><td>+45.6<br>+35.4<\/td><td>122.6<br>0.43<\/td><\/tr><tr><td>4.<\/td><td><img decoding=\"async\" src=\"https:\/\/www.ewrc-results.com\/images\/flags2\/finland.png\" alt=\"flag\"><br>#8<\/td><td><img decoding=\"async\" src=\"https:\/\/www.ewrc-results.com\/images\/icon\/skoda.png\" alt=\"logo\"> <a href=\"https:\/\/www.ewrc-results.com\/entryinfo\/79921-bauhaus-royal-rally-of-scandinavia-2023\/3754105\/\">Heikkil\u00e4 Mikko &#8211; Vaaleri Samu<\/a><br>\u0160koda Fabia Rally2 evo <img decoding=\"async\" src=\"https:\/\/www.ewrc-results.com\/images\/tyres\/michelin_red.png\" alt=\"tyre\"><\/td><td>RC2<\/td><td>51:58.8<br><\/td><td>+46.4<br>+0.8<\/td><td>122.6<br>0.44<\/td><\/tr><tr><td>5.<\/td><td><img decoding=\"async\" src=\"https:\/\/www.ewrc-results.com\/images\/flags2\/neutral.png\" alt=\"flag\"><br>#19<\/td><td><img decoding=\"async\" src=\"https:\/\/www.ewrc-results.com\/images\/icon\/skoda2023b.png\" alt=\"logo\"> <a href=\"https:\/\/www.ewrc-results.com\/entryinfo\/79921-bauhaus-royal-rally-of-scandinavia-2023\/3760496\/\">Gryazin Nikolay &#8211; Aleksandrov K.<\/a><br>\u0160koda Fabia RS Rally2 <img decoding=\"async\" src=\"https:\/\/www.ewrc-results.com\/images\/tyres\/pirelli_red.png\" alt=\"tyre\"><\/td><td>RC2<\/td><td>52:02.9<br><\/td><td>+50.5<br>+4.1<\/td><td>122.4<br>0.48<\/td><\/tr><tr><td>6.<\/td><td><img decoding=\"async\" src=\"https:\/\/www.ewrc-results.com\/images\/flags2\/latvia.png\" alt=\"flag\"><br>#6<\/td><td><img decoding=\"async\" src=\"https:\/\/www.ewrc-results.com\/images\/icon\/skoda2023b.png\" alt=\"logo\"> <a href=\"https:\/\/www.ewrc-results.com\/entryinfo\/79921-bauhaus-royal-rally-of-scandinavia-2023\/3754103\/\">Sesks M\u0101rti\u0146\u0161 &#8211; Francis R.<\/a><br>\u0160koda Fabia RS Rally2 <img decoding=\"async\" src=\"https:\/\/www.ewrc-results.com\/images\/tyres\/mrf3.png\" alt=\"tyre\"><\/td><td>RC2<\/td><td>52:03.0<br><\/td><td>+50.6<br>+0.1<\/td><td>122.4<br>0.48<\/td><\/tr><tr><td>7.<\/td><td><img decoding=\"async\" src=\"https:\/\/www.ewrc-results.com\/images\/flags2\/finland.png\" alt=\"flag\"><br>#18<\/td><td><img decoding=\"async\" src=\"https:\/\/www.ewrc-results.com\/images\/icon\/skoda2023b.png\" alt=\"logo\"> <a href=\"https:\/\/www.ewrc-results.com\/entryinfo\/79921-bauhaus-royal-rally-of-scandinavia-2023\/3760495\/\">Joona Lauri &#8211; Hussi Janni<\/a><br>\u0160koda Fabia RS Rally2 <img decoding=\"async\" src=\"https:\/\/www.ewrc-results.com\/images\/tyres\/pirelli_red.png\" alt=\"tyre\"><\/td><td>RC2<\/td><td>52:11.1<br><\/td><td>+58.7<br>+8.1<\/td><td>122.1<br>0.55<\/td><\/tr><tr><td>8.<\/td><td><img decoding=\"async\" src=\"https:\/\/www.ewrc-results.com\/images\/flags2\/france.png\" alt=\"flag\"><br>#7<\/td><td><img decoding=\"async\" src=\"https:\/\/www.ewrc-results.com\/images\/icon\/skoda.png\" alt=\"logo\"> <a href=\"https:\/\/www.ewrc-results.com\/entryinfo\/79921-bauhaus-royal-rally-of-scandinavia-2023\/3754104\/\">Franceschi M. &#8211; Escartefigue J.<\/a><br>\u0160koda Fabia Rally2 evo <img decoding=\"async\" src=\"https:\/\/www.ewrc-results.com\/images\/tyres\/michelin_red.png\" alt=\"tyre\"><\/td><td>RC2<\/td><td>52:36.1<br><\/td><td>+1:23.7<br>+25.0<\/td><td>121.1<br>0.79<\/td><\/tr><tr><td>9.<\/td><td><img decoding=\"async\" src=\"https:\/\/www.ewrc-results.com\/images\/flags2\/czech.png\" alt=\"flag\"><br>#10<\/td><td><img decoding=\"async\" src=\"https:\/\/www.ewrc-results.com\/images\/icon\/skoda.png\" alt=\"logo\"> <a href=\"https:\/\/www.ewrc-results.com\/entryinfo\/79921-bauhaus-royal-rally-of-scandinavia-2023\/3754108\/\">Mare\u0161 Filip &#8211; Bucha Radovan<\/a><br>\u0160koda Fabia Rally2 evo <img decoding=\"async\" src=\"https:\/\/www.ewrc-results.com\/images\/tyres\/pirelli_red.png\" alt=\"tyre\"><\/td><td>RC2<\/td><td>52:45.8<br><\/td><td>+1:33.4<br>+9.7<\/td><td>120.7<br>0.88<\/td><\/tr><tr><td>10.<br>+1<\/td><td><img decoding=\"async\" src=\"https:\/\/www.ewrc-results.com\/images\/flags2\/spain.png\" alt=\"flag\"><br>#3<\/td><td><img decoding=\"async\" src=\"https:\/\/www.ewrc-results.com\/images\/icon\/skoda.png\" alt=\"logo\"> <a href=\"https:\/\/www.ewrc-results.com\/entryinfo\/79921-bauhaus-royal-rally-of-scandinavia-2023\/3754101\/\">Llarena Efr\u00e9n &#8211; Fern\u00e1ndez Sara<\/a><br>\u0160koda Fabia Rally2 evo <img decoding=\"async\" src=\"https:\/\/www.ewrc-results.com\/images\/tyres\/mrf3.png\" alt=\"tyre\"><\/td><td>RC2<\/td><td>53:03.9<br><\/td><td>+1:51.5<br>+18.1<\/td><td>120.1<br>1.05<\/td><\/tr><\/tbody><\/table><\/figure>\n","protected":false},"excerpt":{"rendered":"<p>Oliver Solberg nie tylko walczy z rywalami, ale tak\u017ce zmaga si\u0119 z problemem uk\u0142adu kierowniczego, jednak\u017ce to on na koniec dnia zostaje liderem w Bauhaus Royal Rally Of Scandinavia z przewag 10,2 sekundy. Pomimo to, \u017ce Solberg zaledwie w dwa tygodnie przygotowa\u0142 sw\u00f3j nie u\u017cywany samoch\u00f3d do rajdu to jego Volkswagen Polo GTI R5 by\u0142 [&hellip;]<\/p>\n","protected":false},"author":2,"featured_media":1639,"comment_status":"closed","ping_status":"closed","sticky":false,"template":"","format":"standard","meta":{"_monsterinsights_skip_tracking":false,"_monsterinsights_sitenote_active":false,"_monsterinsights_sitenote_note":"","_monsterinsights_sitenote_category":0,"footnotes":""},"categories":[4],"tags":[],"class_list":["post-1638","post","type-post","status-publish","format-standard","has-post-thumbnail","hentry","category-erc"],"aioseo_notices":[],"aioseo_head":"\n\t\t<!-- All in One SEO 4.9.9 - aioseo.com -->\n\t<meta name=\"description\" content=\"Oliver Solberg nie tylko walczy z rywalami, ale tak\u017ce zmaga si\u0119 z problemem uk\u0142adu kierowniczego, jednak\u017ce to on na koniec dnia zostaje liderem w Bauhaus Royal Rally Of Scandinavia z przewag 10,2 sekundy. Pomimo to, \u017ce Solberg zaledwie w dwa tygodnie przygotowa\u0142 sw\u00f3j nie u\u017cywany samoch\u00f3d do rajdu to jego Volkswagen Polo GTI R5 by\u0142\" \/>\n\t<meta name=\"robots\" content=\"max-image-preview:large\" \/>\n\t<meta name=\"author\" content=\"Magdalena\"\/>\n\t<link rel=\"canonical\" href=\"https:\/\/www.worldrally.eu\/index.php\/2023\/07\/07\/solberg-liderem-po-pierwszym-dniu\/\" \/>\n\t<meta name=\"generator\" content=\"All in One SEO (AIOSEO) 4.9.9\" \/>\n\t\t<meta property=\"og:locale\" content=\"en_GB\" \/>\n\t\t<meta property=\"og:site_name\" content=\"WorldRally.eu \u00bb\" \/>\n\t\t<meta property=\"og:type\" content=\"article\" \/>\n\t\t<meta property=\"og:title\" content=\"Solberg liderem po pierwszym dniu \u00bb WorldRally.eu\" \/>\n\t\t<meta property=\"og:description\" content=\"Oliver Solberg nie tylko walczy z rywalami, ale tak\u017ce zmaga si\u0119 z problemem uk\u0142adu kierowniczego, jednak\u017ce to on na koniec dnia zostaje liderem w Bauhaus Royal Rally Of Scandinavia z przewag 10,2 sekundy. Pomimo to, \u017ce Solberg zaledwie w dwa tygodnie przygotowa\u0142 sw\u00f3j nie u\u017cywany samoch\u00f3d do rajdu to jego Volkswagen Polo GTI R5 by\u0142\" \/>\n\t\t<meta property=\"og:url\" content=\"https:\/\/www.worldrally.eu\/index.php\/2023\/07\/07\/solberg-liderem-po-pierwszym-dniu\/\" \/>\n\t\t<meta property=\"og:image\" content=\"https:\/\/www.worldrally.eu\/wp-content\/uploads\/2023\/07\/Photo-Adam-Owczarek-__PhotoMS.se_Bauhaus-Royal-Of-Scandinavia_Day1_-23-1.jpg\" \/>\n\t\t<meta property=\"og:image:secure_url\" content=\"https:\/\/www.worldrally.eu\/wp-content\/uploads\/2023\/07\/Photo-Adam-Owczarek-__PhotoMS.se_Bauhaus-Royal-Of-Scandinavia_Day1_-23-1.jpg\" \/>\n\t\t<meta property=\"og:image:width\" content=\"1620\" \/>\n\t\t<meta property=\"og:image:height\" content=\"1080\" \/>\n\t\t<meta property=\"article:published_time\" content=\"2023-07-07T19:01:00+00:00\" \/>\n\t\t<meta property=\"article:modified_time\" content=\"2023-07-11T19:23:31+00:00\" \/>\n\t\t<meta name=\"twitter:card\" content=\"summary_large_image\" \/>\n\t\t<meta name=\"twitter:title\" content=\"Solberg liderem po pierwszym dniu \u00bb WorldRally.eu\" \/>\n\t\t<meta name=\"twitter:description\" content=\"Oliver Solberg nie tylko walczy z rywalami, ale tak\u017ce zmaga si\u0119 z problemem uk\u0142adu kierowniczego, jednak\u017ce to on na koniec dnia zostaje liderem w Bauhaus Royal Rally Of Scandinavia z przewag 10,2 sekundy. Pomimo to, \u017ce Solberg zaledwie w dwa tygodnie przygotowa\u0142 sw\u00f3j nie u\u017cywany samoch\u00f3d do rajdu to jego Volkswagen Polo GTI R5 by\u0142\" \/>\n\t\t<meta name=\"twitter:image\" content=\"https:\/\/www.worldrally.eu\/wp-content\/uploads\/2023\/07\/Photo-Adam-Owczarek-__PhotoMS.se_Bauhaus-Royal-Of-Scandinavia_Day1_-23-1.jpg\" \/>\n\t\t<script type=\"application\/ld+json\" class=\"aioseo-schema\">\n\t\t\t{\"@context\":\"https:\\\/\\\/schema.org\",\"@graph\":[{\"@type\":\"BlogPosting\",\"@id\":\"https:\\\/\\\/www.worldrally.eu\\\/index.php\\\/2023\\\/07\\\/07\\\/solberg-liderem-po-pierwszym-dniu\\\/#blogposting\",\"name\":\"Solberg liderem po pierwszym dniu \\u00bb WorldRally.eu\",\"headline\":\"Solberg liderem po pierwszym dniu\",\"author\":{\"@id\":\"https:\\\/\\\/www.worldrally.eu\\\/index.php\\\/author\\\/magdalena\\\/#author\"},\"publisher\":{\"@id\":\"https:\\\/\\\/www.worldrally.eu\\\/#organization\"},\"image\":{\"@type\":\"ImageObject\",\"url\":\"https:\\\/\\\/www.worldrally.eu\\\/wp-content\\\/uploads\\\/2023\\\/07\\\/Photo-Adam-Owczarek-__PhotoMS.se_Bauhaus-Royal-Of-Scandinavia_Day1_-23-1.jpg\",\"width\":1620,\"height\":1080},\"datePublished\":\"2023-07-07T19:01:00+00:00\",\"dateModified\":\"2023-07-11T19:23:31+00:00\",\"inLanguage\":\"en-GB\",\"mainEntityOfPage\":{\"@id\":\"https:\\\/\\\/www.worldrally.eu\\\/index.php\\\/2023\\\/07\\\/07\\\/solberg-liderem-po-pierwszym-dniu\\\/#webpage\"},\"isPartOf\":{\"@id\":\"https:\\\/\\\/www.worldrally.eu\\\/index.php\\\/2023\\\/07\\\/07\\\/solberg-liderem-po-pierwszym-dniu\\\/#webpage\"},\"articleSection\":\"ERC\"},{\"@type\":\"BreadcrumbList\",\"@id\":\"https:\\\/\\\/www.worldrally.eu\\\/index.php\\\/2023\\\/07\\\/07\\\/solberg-liderem-po-pierwszym-dniu\\\/#breadcrumblist\",\"itemListElement\":[{\"@type\":\"ListItem\",\"@id\":\"https:\\\/\\\/www.worldrally.eu#listItem\",\"position\":1,\"name\":\"Home\",\"item\":\"https:\\\/\\\/www.worldrally.eu\",\"nextItem\":{\"@type\":\"ListItem\",\"@id\":\"https:\\\/\\\/www.worldrally.eu\\\/index.php\\\/category\\\/erc\\\/#listItem\",\"name\":\"ERC\"}},{\"@type\":\"ListItem\",\"@id\":\"https:\\\/\\\/www.worldrally.eu\\\/index.php\\\/category\\\/erc\\\/#listItem\",\"position\":2,\"name\":\"ERC\",\"item\":\"https:\\\/\\\/www.worldrally.eu\\\/index.php\\\/category\\\/erc\\\/\",\"nextItem\":{\"@type\":\"ListItem\",\"@id\":\"https:\\\/\\\/www.worldrally.eu\\\/index.php\\\/2023\\\/07\\\/07\\\/solberg-liderem-po-pierwszym-dniu\\\/#listItem\",\"name\":\"Solberg liderem po pierwszym dniu\"},\"previousItem\":{\"@type\":\"ListItem\",\"@id\":\"https:\\\/\\\/www.worldrally.eu#listItem\",\"name\":\"Home\"}},{\"@type\":\"ListItem\",\"@id\":\"https:\\\/\\\/www.worldrally.eu\\\/index.php\\\/2023\\\/07\\\/07\\\/solberg-liderem-po-pierwszym-dniu\\\/#listItem\",\"position\":3,\"name\":\"Solberg liderem po pierwszym dniu\",\"previousItem\":{\"@type\":\"ListItem\",\"@id\":\"https:\\\/\\\/www.worldrally.eu\\\/index.php\\\/category\\\/erc\\\/#listItem\",\"name\":\"ERC\"}}]},{\"@type\":\"Organization\",\"@id\":\"https:\\\/\\\/www.worldrally.eu\\\/#organization\",\"name\":\"WorldRally.eu\",\"url\":\"https:\\\/\\\/www.worldrally.eu\\\/\",\"logo\":{\"@type\":\"ImageObject\",\"url\":\"https:\\\/\\\/www.worldrally.eu\\\/wp-content\\\/uploads\\\/2026\\\/01\\\/cropped-logo-3.png\",\"@id\":\"https:\\\/\\\/www.worldrally.eu\\\/index.php\\\/2023\\\/07\\\/07\\\/solberg-liderem-po-pierwszym-dniu\\\/#organizationLogo\",\"width\":2039,\"height\":756},\"image\":{\"@id\":\"https:\\\/\\\/www.worldrally.eu\\\/index.php\\\/2023\\\/07\\\/07\\\/solberg-liderem-po-pierwszym-dniu\\\/#organizationLogo\"}},{\"@type\":\"Person\",\"@id\":\"https:\\\/\\\/www.worldrally.eu\\\/index.php\\\/author\\\/magdalena\\\/#author\",\"url\":\"https:\\\/\\\/www.worldrally.eu\\\/index.php\\\/author\\\/magdalena\\\/\",\"name\":\"Magdalena\",\"image\":{\"@type\":\"ImageObject\",\"@id\":\"https:\\\/\\\/www.worldrally.eu\\\/index.php\\\/2023\\\/07\\\/07\\\/solberg-liderem-po-pierwszym-dniu\\\/#authorImage\",\"url\":\"https:\\\/\\\/secure.gravatar.com\\\/avatar\\\/853239b46cec38ba30b48d2b091f5538817cc78bdc0944c9ef7408579307e2ea?s=96&d=mm&r=g\",\"width\":96,\"height\":96,\"caption\":\"Magdalena\"}},{\"@type\":\"WebPage\",\"@id\":\"https:\\\/\\\/www.worldrally.eu\\\/index.php\\\/2023\\\/07\\\/07\\\/solberg-liderem-po-pierwszym-dniu\\\/#webpage\",\"url\":\"https:\\\/\\\/www.worldrally.eu\\\/index.php\\\/2023\\\/07\\\/07\\\/solberg-liderem-po-pierwszym-dniu\\\/\",\"name\":\"Solberg liderem po pierwszym dniu \\u00bb WorldRally.eu\",\"description\":\"Oliver Solberg nie tylko walczy z rywalami, ale tak\\u017ce zmaga si\\u0119 z problemem uk\\u0142adu kierowniczego, jednak\\u017ce to on na koniec dnia zostaje liderem w Bauhaus Royal Rally Of Scandinavia z przewag 10,2 sekundy. Pomimo to, \\u017ce Solberg zaledwie w dwa tygodnie przygotowa\\u0142 sw\\u00f3j nie u\\u017cywany samoch\\u00f3d do rajdu to jego Volkswagen Polo GTI R5 by\\u0142\",\"inLanguage\":\"en-GB\",\"isPartOf\":{\"@id\":\"https:\\\/\\\/www.worldrally.eu\\\/#website\"},\"breadcrumb\":{\"@id\":\"https:\\\/\\\/www.worldrally.eu\\\/index.php\\\/2023\\\/07\\\/07\\\/solberg-liderem-po-pierwszym-dniu\\\/#breadcrumblist\"},\"author\":{\"@id\":\"https:\\\/\\\/www.worldrally.eu\\\/index.php\\\/author\\\/magdalena\\\/#author\"},\"creator\":{\"@id\":\"https:\\\/\\\/www.worldrally.eu\\\/index.php\\\/author\\\/magdalena\\\/#author\"},\"image\":{\"@type\":\"ImageObject\",\"url\":\"https:\\\/\\\/www.worldrally.eu\\\/wp-content\\\/uploads\\\/2023\\\/07\\\/Photo-Adam-Owczarek-__PhotoMS.se_Bauhaus-Royal-Of-Scandinavia_Day1_-23-1.jpg\",\"@id\":\"https:\\\/\\\/www.worldrally.eu\\\/index.php\\\/2023\\\/07\\\/07\\\/solberg-liderem-po-pierwszym-dniu\\\/#mainImage\",\"width\":1620,\"height\":1080},\"primaryImageOfPage\":{\"@id\":\"https:\\\/\\\/www.worldrally.eu\\\/index.php\\\/2023\\\/07\\\/07\\\/solberg-liderem-po-pierwszym-dniu\\\/#mainImage\"},\"datePublished\":\"2023-07-07T19:01:00+00:00\",\"dateModified\":\"2023-07-11T19:23:31+00:00\"},{\"@type\":\"WebSite\",\"@id\":\"https:\\\/\\\/www.worldrally.eu\\\/#website\",\"url\":\"https:\\\/\\\/www.worldrally.eu\\\/\",\"name\":\"WorldRally.eu\",\"inLanguage\":\"en-GB\",\"publisher\":{\"@id\":\"https:\\\/\\\/www.worldrally.eu\\\/#organization\"}}]}\n\t\t<\/script>\n\t\t<!-- All in One SEO -->\n\n","aioseo_head_json":{"title":"Solberg liderem po pierwszym dniu \u00bb WorldRally.eu","description":"Oliver Solberg nie tylko walczy z rywalami, ale tak\u017ce zmaga si\u0119 z problemem uk\u0142adu kierowniczego, jednak\u017ce to on na koniec dnia zostaje liderem w Bauhaus Royal Rally Of Scandinavia z przewag 10,2 sekundy. Pomimo to, \u017ce Solberg zaledwie w dwa tygodnie przygotowa\u0142 sw\u00f3j nie u\u017cywany samoch\u00f3d do rajdu to jego Volkswagen Polo GTI R5 by\u0142","canonical_url":"https:\/\/www.worldrally.eu\/index.php\/2023\/07\/07\/solberg-liderem-po-pierwszym-dniu\/","robots":"max-image-preview:large","keywords":"","webmasterTools":{"miscellaneous":""},"schema":{"@context":"https:\/\/schema.org","@graph":[{"@type":"BlogPosting","@id":"https:\/\/www.worldrally.eu\/index.php\/2023\/07\/07\/solberg-liderem-po-pierwszym-dniu\/#blogposting","name":"Solberg liderem po pierwszym dniu \u00bb WorldRally.eu","headline":"Solberg liderem po pierwszym dniu","author":{"@id":"https:\/\/www.worldrally.eu\/index.php\/author\/magdalena\/#author"},"publisher":{"@id":"https:\/\/www.worldrally.eu\/#organization"},"image":{"@type":"ImageObject","url":"https:\/\/www.worldrally.eu\/wp-content\/uploads\/2023\/07\/Photo-Adam-Owczarek-__PhotoMS.se_Bauhaus-Royal-Of-Scandinavia_Day1_-23-1.jpg","width":1620,"height":1080},"datePublished":"2023-07-07T19:01:00+00:00","dateModified":"2023-07-11T19:23:31+00:00","inLanguage":"en-GB","mainEntityOfPage":{"@id":"https:\/\/www.worldrally.eu\/index.php\/2023\/07\/07\/solberg-liderem-po-pierwszym-dniu\/#webpage"},"isPartOf":{"@id":"https:\/\/www.worldrally.eu\/index.php\/2023\/07\/07\/solberg-liderem-po-pierwszym-dniu\/#webpage"},"articleSection":"ERC"},{"@type":"BreadcrumbList","@id":"https:\/\/www.worldrally.eu\/index.php\/2023\/07\/07\/solberg-liderem-po-pierwszym-dniu\/#breadcrumblist","itemListElement":[{"@type":"ListItem","@id":"https:\/\/www.worldrally.eu#listItem","position":1,"name":"Home","item":"https:\/\/www.worldrally.eu","nextItem":{"@type":"ListItem","@id":"https:\/\/www.worldrally.eu\/index.php\/category\/erc\/#listItem","name":"ERC"}},{"@type":"ListItem","@id":"https:\/\/www.worldrally.eu\/index.php\/category\/erc\/#listItem","position":2,"name":"ERC","item":"https:\/\/www.worldrally.eu\/index.php\/category\/erc\/","nextItem":{"@type":"ListItem","@id":"https:\/\/www.worldrally.eu\/index.php\/2023\/07\/07\/solberg-liderem-po-pierwszym-dniu\/#listItem","name":"Solberg liderem po pierwszym dniu"},"previousItem":{"@type":"ListItem","@id":"https:\/\/www.worldrally.eu#listItem","name":"Home"}},{"@type":"ListItem","@id":"https:\/\/www.worldrally.eu\/index.php\/2023\/07\/07\/solberg-liderem-po-pierwszym-dniu\/#listItem","position":3,"name":"Solberg liderem po pierwszym dniu","previousItem":{"@type":"ListItem","@id":"https:\/\/www.worldrally.eu\/index.php\/category\/erc\/#listItem","name":"ERC"}}]},{"@type":"Organization","@id":"https:\/\/www.worldrally.eu\/#organization","name":"WorldRally.eu","url":"https:\/\/www.worldrally.eu\/","logo":{"@type":"ImageObject","url":"https:\/\/www.worldrally.eu\/wp-content\/uploads\/2026\/01\/cropped-logo-3.png","@id":"https:\/\/www.worldrally.eu\/index.php\/2023\/07\/07\/solberg-liderem-po-pierwszym-dniu\/#organizationLogo","width":2039,"height":756},"image":{"@id":"https:\/\/www.worldrally.eu\/index.php\/2023\/07\/07\/solberg-liderem-po-pierwszym-dniu\/#organizationLogo"}},{"@type":"Person","@id":"https:\/\/www.worldrally.eu\/index.php\/author\/magdalena\/#author","url":"https:\/\/www.worldrally.eu\/index.php\/author\/magdalena\/","name":"Magdalena","image":{"@type":"ImageObject","@id":"https:\/\/www.worldrally.eu\/index.php\/2023\/07\/07\/solberg-liderem-po-pierwszym-dniu\/#authorImage","url":"https:\/\/secure.gravatar.com\/avatar\/853239b46cec38ba30b48d2b091f5538817cc78bdc0944c9ef7408579307e2ea?s=96&d=mm&r=g","width":96,"height":96,"caption":"Magdalena"}},{"@type":"WebPage","@id":"https:\/\/www.worldrally.eu\/index.php\/2023\/07\/07\/solberg-liderem-po-pierwszym-dniu\/#webpage","url":"https:\/\/www.worldrally.eu\/index.php\/2023\/07\/07\/solberg-liderem-po-pierwszym-dniu\/","name":"Solberg liderem po pierwszym dniu \u00bb WorldRally.eu","description":"Oliver Solberg nie tylko walczy z rywalami, ale tak\u017ce zmaga si\u0119 z problemem uk\u0142adu kierowniczego, jednak\u017ce to on na koniec dnia zostaje liderem w Bauhaus Royal Rally Of Scandinavia z przewag 10,2 sekundy. Pomimo to, \u017ce Solberg zaledwie w dwa tygodnie przygotowa\u0142 sw\u00f3j nie u\u017cywany samoch\u00f3d do rajdu to jego Volkswagen Polo GTI R5 by\u0142","inLanguage":"en-GB","isPartOf":{"@id":"https:\/\/www.worldrally.eu\/#website"},"breadcrumb":{"@id":"https:\/\/www.worldrally.eu\/index.php\/2023\/07\/07\/solberg-liderem-po-pierwszym-dniu\/#breadcrumblist"},"author":{"@id":"https:\/\/www.worldrally.eu\/index.php\/author\/magdalena\/#author"},"creator":{"@id":"https:\/\/www.worldrally.eu\/index.php\/author\/magdalena\/#author"},"image":{"@type":"ImageObject","url":"https:\/\/www.worldrally.eu\/wp-content\/uploads\/2023\/07\/Photo-Adam-Owczarek-__PhotoMS.se_Bauhaus-Royal-Of-Scandinavia_Day1_-23-1.jpg","@id":"https:\/\/www.worldrally.eu\/index.php\/2023\/07\/07\/solberg-liderem-po-pierwszym-dniu\/#mainImage","width":1620,"height":1080},"primaryImageOfPage":{"@id":"https:\/\/www.worldrally.eu\/index.php\/2023\/07\/07\/solberg-liderem-po-pierwszym-dniu\/#mainImage"},"datePublished":"2023-07-07T19:01:00+00:00","dateModified":"2023-07-11T19:23:31+00:00"},{"@type":"WebSite","@id":"https:\/\/www.worldrally.eu\/#website","url":"https:\/\/www.worldrally.eu\/","name":"WorldRally.eu","inLanguage":"en-GB","publisher":{"@id":"https:\/\/www.worldrally.eu\/#organization"}}]},"og:locale":"en_GB","og:site_name":"WorldRally.eu \u00bb","og:type":"article","og:title":"Solberg liderem po pierwszym dniu \u00bb WorldRally.eu","og:description":"Oliver Solberg nie tylko walczy z rywalami, ale tak\u017ce zmaga si\u0119 z problemem uk\u0142adu kierowniczego, jednak\u017ce to on na koniec dnia zostaje liderem w Bauhaus Royal Rally Of Scandinavia z przewag 10,2 sekundy. Pomimo to, \u017ce Solberg zaledwie w dwa tygodnie przygotowa\u0142 sw\u00f3j nie u\u017cywany samoch\u00f3d do rajdu to jego Volkswagen Polo GTI R5 by\u0142","og:url":"https:\/\/www.worldrally.eu\/index.php\/2023\/07\/07\/solberg-liderem-po-pierwszym-dniu\/","og:image":"https:\/\/www.worldrally.eu\/wp-content\/uploads\/2023\/07\/Photo-Adam-Owczarek-__PhotoMS.se_Bauhaus-Royal-Of-Scandinavia_Day1_-23-1.jpg","og:image:secure_url":"https:\/\/www.worldrally.eu\/wp-content\/uploads\/2023\/07\/Photo-Adam-Owczarek-__PhotoMS.se_Bauhaus-Royal-Of-Scandinavia_Day1_-23-1.jpg","og:image:width":1620,"og:image:height":1080,"article:published_time":"2023-07-07T19:01:00+00:00","article:modified_time":"2023-07-11T19:23:31+00:00","twitter:card":"summary_large_image","twitter:title":"Solberg liderem po pierwszym dniu \u00bb WorldRally.eu","twitter:description":"Oliver Solberg nie tylko walczy z rywalami, ale tak\u017ce zmaga si\u0119 z problemem uk\u0142adu kierowniczego, jednak\u017ce to on na koniec dnia zostaje liderem w Bauhaus Royal Rally Of Scandinavia z przewag 10,2 sekundy. Pomimo to, \u017ce Solberg zaledwie w dwa tygodnie przygotowa\u0142 sw\u00f3j nie u\u017cywany samoch\u00f3d do rajdu to jego Volkswagen Polo GTI R5 by\u0142","twitter:image":"https:\/\/www.worldrally.eu\/wp-content\/uploads\/2023\/07\/Photo-Adam-Owczarek-__PhotoMS.se_Bauhaus-Royal-Of-Scandinavia_Day1_-23-1.jpg"},"aioseo_meta_data":{"post_id":"1638","title":null,"description":null,"keywords":null,"keyphrases":null,"primary_term":null,"canonical_url":null,"og_title":null,"og_description":null,"og_object_type":"default","og_image_type":"default","og_image_url":null,"og_image_width":null,"og_image_height":null,"og_image_custom_url":null,"og_image_custom_fields":null,"og_video":null,"og_custom_url":null,"og_article_section":null,"og_article_tags":null,"twitter_use_og":false,"twitter_card":"default","twitter_image_type":"default","twitter_image_url":null,"twitter_image_custom_url":null,"twitter_image_custom_fields":null,"twitter_title":null,"twitter_description":null,"schema":{"blockGraphs":[],"customGraphs":[],"default":{"data":{"Article":[],"Course":[],"Dataset":[],"FAQPage":[],"Movie":[],"Person":[],"Product":[],"ProductReview":[],"Car":[],"Recipe":[],"Service":[],"SoftwareApplication":[],"WebPage":[]},"graphName":"","isEnabled":true},"graphs":[]},"schema_type":"default","schema_type_options":null,"pillar_content":false,"robots_default":true,"robots_noindex":false,"robots_noarchive":false,"robots_nosnippet":false,"robots_nofollow":false,"robots_noimageindex":false,"robots_noodp":false,"robots_notranslate":false,"robots_max_snippet":null,"robots_max_videopreview":null,"robots_max_imagepreview":"large","priority":null,"frequency":null,"local_seo":null,"breadcrumb_settings":null,"limit_modified_date":false,"ai":null,"created":"2025-03-22 06:18:37","updated":"2025-10-26 10:59:21","seo_analyzer_scan_date":null},"aioseo_breadcrumb":"<div class=\"aioseo-breadcrumbs\"><span class=\"aioseo-breadcrumb\">\n\t\t\t<a href=\"https:\/\/www.worldrally.eu\" title=\"Home\">Home<\/a>\n\t\t<\/span><span class=\"aioseo-breadcrumb-separator\">&raquo;<\/span><span class=\"aioseo-breadcrumb\">\n\t\t\t<a href=\"https:\/\/www.worldrally.eu\/index.php\/category\/erc\/\" title=\"ERC\">ERC<\/a>\n\t\t<\/span><span class=\"aioseo-breadcrumb-separator\">&raquo;<\/span><span class=\"aioseo-breadcrumb\">\n\t\t\tSolberg liderem po pierwszym dniu\n\t\t<\/span><\/div>","aioseo_breadcrumb_json":[{"label":"Home","link":"https:\/\/www.worldrally.eu"},{"label":"ERC","link":"https:\/\/www.worldrally.eu\/index.php\/category\/erc\/"},{"label":"Solberg liderem po pierwszym dniu","link":"https:\/\/www.worldrally.eu\/index.php\/2023\/07\/07\/solberg-liderem-po-pierwszym-dniu\/"}],"cc_featured_image_caption":{"caption_text":"foto - PhotoMS","source_text":"","source_url":""},"_links":{"self":[{"href":"https:\/\/www.worldrally.eu\/index.php\/wp-json\/wp\/v2\/posts\/1638","targetHints":{"allow":["GET"]}}],"collection":[{"href":"https:\/\/www.worldrally.eu\/index.php\/wp-json\/wp\/v2\/posts"}],"about":[{"href":"https:\/\/www.worldrally.eu\/index.php\/wp-json\/wp\/v2\/types\/post"}],"author":[{"embeddable":true,"href":"https:\/\/www.worldrally.eu\/index.php\/wp-json\/wp\/v2\/users\/2"}],"replies":[{"embeddable":true,"href":"https:\/\/www.worldrally.eu\/index.php\/wp-json\/wp\/v2\/comments?post=1638"}],"version-history":[{"count":1,"href":"https:\/\/www.worldrally.eu\/index.php\/wp-json\/wp\/v2\/posts\/1638\/revisions"}],"predecessor-version":[{"id":1643,"href":"https:\/\/www.worldrally.eu\/index.php\/wp-json\/wp\/v2\/posts\/1638\/revisions\/1643"}],"wp:featuredmedia":[{"embeddable":true,"href":"https:\/\/www.worldrally.eu\/index.php\/wp-json\/wp\/v2\/media\/1639"}],"wp:attachment":[{"href":"https:\/\/www.worldrally.eu\/index.php\/wp-json\/wp\/v2\/media?parent=1638"}],"wp:term":[{"taxonomy":"category","embeddable":true,"href":"https:\/\/www.worldrally.eu\/index.php\/wp-json\/wp\/v2\/categories?post=1638"},{"taxonomy":"post_tag","embeddable":true,"href":"https:\/\/www.worldrally.eu\/index.php\/wp-json\/wp\/v2\/tags?post=1638"}],"curies":[{"name":"wp","href":"https:\/\/api.w.org\/{rel}","templated":true}]}}