{"id":1581,"date":"2023-06-24T23:05:46","date_gmt":"2023-06-24T23:05:46","guid":{"rendered":"https:\/\/www.worldrally.eu\/?p=1581"},"modified":"2023-06-24T23:05:47","modified_gmt":"2023-06-24T23:05:47","slug":"kajetanowicz-liderem-wrc2","status":"publish","type":"post","link":"https:\/\/www.worldrally.eu\/index.php\/2023\/06\/24\/kajetanowicz-liderem-wrc2\/","title":{"rendered":"Kajetanowicz liderem WRC2"},"content":{"rendered":"\n<p class=\"wp-block-paragraph\">Polska za\u0142oga Kajetan Kajetanowicz, Maciek Szczepaniak jad\u0105ca Skod\u0105 Fabia Rally2 Evo wygra\u0142a po wspania\u0142ej walce pi\u0119\u0107 z sze\u015bciu odcink\u00f3w specjalnych W rajdzie Kenii. Od rana Kajetanowicz rywalizowa\u0142 z Munsterem, kt\u00f3ry jednak z powodu problem\u00f3w technicznych musia\u0142 si\u0119 wycofa\u0107 z dalszej rywalizacji.<\/p>\n\n\n\n<p class=\"wp-block-paragraph\">Taka sytuacja spowodowa\u0142a, ze Kajetanowicz ma ju\u017c zwyci\u0119stwo w kieszenie i tylko musi bezpiecznie dojecha\u0107 do mety, gdy\u017c jego przewaga nad drugim w stawce Martinem Prokopem wynosi ponad 10 minut.<\/p>\n\n\n\n<p class=\"wp-block-paragraph\"><\/p>\n\n\n\n<figure class=\"wp-block-image size-large\"><img fetchpriority=\"high\" decoding=\"async\" width=\"1024\" height=\"683\" src=\"https:\/\/www.worldrally.eu\/wp-content\/uploads\/2023\/06\/kajto1-1024x683.jpg\" alt=\"\" class=\"wp-image-1583\" srcset=\"https:\/\/www.worldrally.eu\/wp-content\/uploads\/2023\/06\/kajto1-1024x683.jpg 1024w, https:\/\/www.worldrally.eu\/wp-content\/uploads\/2023\/06\/kajto1-300x200.jpg 300w, https:\/\/www.worldrally.eu\/wp-content\/uploads\/2023\/06\/kajto1-768x512.jpg 768w, https:\/\/www.worldrally.eu\/wp-content\/uploads\/2023\/06\/kajto1-1536x1024.jpg 1536w, https:\/\/www.worldrally.eu\/wp-content\/uploads\/2023\/06\/kajto1-446x297.jpg 446w, https:\/\/www.worldrally.eu\/wp-content\/uploads\/2023\/06\/kajto1.jpg 2048w\" sizes=\"(max-width: 1024px) 100vw, 1024px\" \/><figcaption class=\"wp-element-caption\">foto- Kajetanowicz FB<\/figcaption><\/figure>\n\n\n\n<blockquote class=\"wp-block-quote is-layout-flow wp-block-quote-is-layout-flow\">\n<p class=\"wp-block-paragraph\">Jeszcze d\u0142uga droga przede mn\u0105. Jeszcze raz musz\u0119 powiedzie\u0107, \u017ce jest mi przykro z powodu Gr\u00e9goire&#8217;a. By\u0142 bardzo szybki. To by\u0142 dla nas dobry dzie\u0144, ale to nie koniec, wiele rzeczy mo\u017ce si\u0119 jeszcze wydarzy\u0107<\/p>\n<cite>Powiedzia\u0142 Kajetanowicz<\/cite><\/blockquote>\n\n\n\n<figure class=\"wp-block-image size-large\"><img decoding=\"async\" width=\"1024\" height=\"576\" src=\"https:\/\/www.worldrally.eu\/wp-content\/uploads\/2023\/06\/240623_AT-Martin-Prokop-Kenya_01_7f01d_frz_1400x788-1024x576.jpg\" alt=\"\" class=\"wp-image-1584\" srcset=\"https:\/\/www.worldrally.eu\/wp-content\/uploads\/2023\/06\/240623_AT-Martin-Prokop-Kenya_01_7f01d_frz_1400x788-1024x576.jpg 1024w, https:\/\/www.worldrally.eu\/wp-content\/uploads\/2023\/06\/240623_AT-Martin-Prokop-Kenya_01_7f01d_frz_1400x788-300x169.jpg 300w, https:\/\/www.worldrally.eu\/wp-content\/uploads\/2023\/06\/240623_AT-Martin-Prokop-Kenya_01_7f01d_frz_1400x788-768x432.jpg 768w, https:\/\/www.worldrally.eu\/wp-content\/uploads\/2023\/06\/240623_AT-Martin-Prokop-Kenya_01_7f01d_frz_1400x788-1280x720.jpg 1280w, https:\/\/www.worldrally.eu\/wp-content\/uploads\/2023\/06\/240623_AT-Martin-Prokop-Kenya_01_7f01d_frz_1400x788.jpg 1400w\" sizes=\"(max-width: 1024px) 100vw, 1024px\" \/><figcaption class=\"wp-element-caption\">Foto-WRCcom<\/figcaption><\/figure>\n\n\n\n<p class=\"wp-block-paragraph\"><\/p>\n\n\n\n<p class=\"wp-block-paragraph\">Lokalna gwiazda Carl Tundo jest na dobrej drodze do osi\u0105gni\u0119cia swojego celu, jakim jest miejsce w pierwszej tr\u00f3jce na w\u0142asnym terenie. Cho\u0107 debiutant Fabii nie stanowi realnego zagro\u017cenia dla Prokopa, to jednak wygodnie wyprzedza Armina Kremera, kt\u00f3ry r\u00f3wnie\u017c prowadzi w klasyfikacji WRC Masters Cup w podobnym samochodzie.<\/p>\n\n\n\n<figure class=\"wp-block-image size-large\"><img decoding=\"async\" width=\"1024\" height=\"576\" src=\"https:\/\/www.worldrally.eu\/wp-content\/uploads\/2023\/06\/240623_RB-Gregoire_Munster-01_4fc28_frz_1400x788-1024x576.jpg\" alt=\"\" class=\"wp-image-1585\" srcset=\"https:\/\/www.worldrally.eu\/wp-content\/uploads\/2023\/06\/240623_RB-Gregoire_Munster-01_4fc28_frz_1400x788-1024x576.jpg 1024w, https:\/\/www.worldrally.eu\/wp-content\/uploads\/2023\/06\/240623_RB-Gregoire_Munster-01_4fc28_frz_1400x788-300x169.jpg 300w, https:\/\/www.worldrally.eu\/wp-content\/uploads\/2023\/06\/240623_RB-Gregoire_Munster-01_4fc28_frz_1400x788-768x432.jpg 768w, https:\/\/www.worldrally.eu\/wp-content\/uploads\/2023\/06\/240623_RB-Gregoire_Munster-01_4fc28_frz_1400x788-1280x720.jpg 1280w, https:\/\/www.worldrally.eu\/wp-content\/uploads\/2023\/06\/240623_RB-Gregoire_Munster-01_4fc28_frz_1400x788.jpg 1400w\" sizes=\"(max-width: 1024px) 100vw, 1024px\" \/><figcaption class=\"wp-element-caption\">Foto &#8211; WRCcom<\/figcaption><\/figure>\n\n\n\n<figure class=\"wp-block-table\"><table><tbody><tr><td>1.<\/td><td><img decoding=\"async\" src=\"https:\/\/www.ewrc-results.com\/images\/flags2\/poland.png\" alt=\"flag\"><br>#21<\/td><td><img decoding=\"async\" src=\"https:\/\/www.ewrc-results.com\/images\/icon\/skoda.png\" alt=\"logo\"> <a href=\"https:\/\/www.ewrc-results.com\/entryinfo\/80239-safari-rally-kenya-2023\/3731796\/\">Kajetanowicz K. &#8211; Szczepaniak M.<\/a><br>\u0160koda Fabia Rally2 evo <img decoding=\"async\" src=\"https:\/\/www.ewrc-results.com\/images\/tyres\/pirelli_red.png\" alt=\"tyre\"><\/td><td>RC2<\/td><td>3:03:42.3<br><\/td><td><\/td><td>92.0<\/td><\/tr><tr><td>2.<\/td><td><img decoding=\"async\" src=\"https:\/\/www.ewrc-results.com\/images\/flags2\/czech.png\" alt=\"flag\"><br>#23<\/td><td><img decoding=\"async\" src=\"https:\/\/www.ewrc-results.com\/images\/icon\/ford.png\" alt=\"logo\"> <a href=\"https:\/\/www.ewrc-results.com\/entryinfo\/80239-safari-rally-kenya-2023\/3730962\/\">Prokop Martin &#8211; J\u016frka Zden\u011bk<\/a><br>Ford Fiesta Rally2 <img decoding=\"async\" src=\"https:\/\/www.ewrc-results.com\/images\/tyres\/pirelli_red.png\" alt=\"tyre\"><\/td><td>RC2<\/td><td>3:13:43.6<br><\/td><td>+10:01.3<br>+10:01.3<\/td><td>87.2<br>2.14<\/td><\/tr><tr><td>3.<br>+1<\/td><td><img decoding=\"async\" src=\"https:\/\/www.ewrc-results.com\/images\/flags2\/kenya.png\" alt=\"flag\"><br>#26<\/td><td><img decoding=\"async\" src=\"https:\/\/www.ewrc-results.com\/images\/icon\/skoda.png\" alt=\"logo\"> <a href=\"https:\/\/www.ewrc-results.com\/entryinfo\/80239-safari-rally-kenya-2023\/3733338\/\">Tundo Carl &#8211; Jessop Tim<\/a><br>\u0160koda Fabia R5 <img decoding=\"async\" src=\"https:\/\/www.ewrc-results.com\/images\/tyres\/pirelli_red.png\" alt=\"tyre\"><\/td><td>RC2<\/td><td>3:16:03.9<br><\/td><td>+12:21.6<br>+2:20.3<\/td><td>86.2<br>2.63<\/td><\/tr><tr><td>4.<br>+1<\/td><td><img decoding=\"async\" src=\"https:\/\/www.ewrc-results.com\/images\/flags2\/germany.png\" alt=\"flag\"><br>#24<\/td><td><img decoding=\"async\" src=\"https:\/\/www.ewrc-results.com\/images\/icon\/skoda.png\" alt=\"logo\"> <a href=\"https:\/\/www.ewrc-results.com\/entryinfo\/80239-safari-rally-kenya-2023\/3736787\/\">Kremer Armin &#8211; Gottschalk Timo<\/a><br>\u0160koda Fabia Rally2 evo <img decoding=\"async\" src=\"https:\/\/www.ewrc-results.com\/images\/tyres\/pirelli_red.png\" alt=\"tyre\"><\/td><td>RC2<\/td><td>3:18:37.3<br><\/td><td>+14:55.0<br>+2:33.4<\/td><td>85.0<br>3.18<\/td><\/tr><tr><td>5.<br>\u22122<\/td><td><img decoding=\"async\" src=\"https:\/\/www.ewrc-results.com\/images\/flags2\/luxembourg.png\" alt=\"flag\"><br>#22<\/td><td><img decoding=\"async\" src=\"https:\/\/www.ewrc-results.com\/images\/icon\/ford.png\" alt=\"logo\"> <a href=\"https:\/\/www.ewrc-results.com\/entryinfo\/80239-safari-rally-kenya-2023\/3731799\/\">Munster Gr\u00e9goire &#8211; Louka Louis<\/a><br>Ford Fiesta Rally2 <img decoding=\"async\" src=\"https:\/\/www.ewrc-results.com\/images\/tyres\/pirelli_red.png\" alt=\"tyre\"> <a>[SR]<\/a><\/td><td>RC2<\/td><td>3:20:48.1<br><\/td><td>+17:05.8<br>+2:10.8<\/td><td>84.1<br>3.64<\/td><\/tr><tr><td>6.<\/td><td><img decoding=\"async\" src=\"https:\/\/www.ewrc-results.com\/images\/flags2\/kenya.png\" alt=\"flag\"><br>#25<\/td><td><img decoding=\"async\" src=\"https:\/\/www.ewrc-results.com\/images\/icon\/ford.png\" alt=\"logo\"> <a href=\"https:\/\/www.ewrc-results.com\/entryinfo\/80239-safari-rally-kenya-2023\/3733325\/\">Patel Karan &#8211; Khan Tauseef<\/a><br>Ford Fiesta R5 <img decoding=\"async\" src=\"https:\/\/www.ewrc-results.com\/images\/tyres\/pirelli_red.png\" alt=\"tyre\"><\/td><td>RC2<\/td><td>3:42:44.4<br>0:10<\/td><td>+39:02.1<br>+21:56.3<\/td><td>75.9<br>8.32<\/td><\/tr><tr><td>7.<\/td><td><img decoding=\"async\" src=\"https:\/\/www.ewrc-results.com\/images\/flags2\/kenya.png\" alt=\"flag\"><br>#30<\/td><td><img decoding=\"async\" src=\"https:\/\/www.ewrc-results.com\/images\/icon\/skoda.png\" alt=\"logo\"> <a href=\"https:\/\/www.ewrc-results.com\/entryinfo\/80239-safari-rally-kenya-2023\/3733326\/\">Virani Aakif &#8211; Bhatti Azhar<\/a><br>\u0160koda Fabia R5 <img decoding=\"async\" src=\"https:\/\/www.ewrc-results.com\/images\/tyres\/pirelli_red.png\" alt=\"tyre\"> <a>[SR]<\/a><\/td><td>RC2<\/td><td>3:53:10.6<br>1:20<\/td><td>+49:28.3<br>+10:26.2<\/td><td>72.9<br>10.5<\/td><\/tr><tr><td>8.<\/td><td><img decoding=\"async\" src=\"https:\/\/www.ewrc-results.com\/images\/flags2\/poland.png\" alt=\"flag\"><br>#27<\/td><td><img decoding=\"async\" src=\"https:\/\/www.ewrc-results.com\/images\/icon\/skoda2023b.png\" alt=\"logo\"> <a href=\"https:\/\/www.ewrc-results.com\/entryinfo\/80239-safari-rally-kenya-2023\/3731797\/\">Chwist Daniel &#8211; Heller Kamil<\/a><br>\u0160koda Fabia RS Rally2 <img decoding=\"async\" src=\"https:\/\/www.ewrc-results.com\/images\/tyres\/pirelli_red.png\" alt=\"tyre\"> <a>[SR]<\/a><\/td><td>RC2<\/td><td>3:58:48.2<br><\/td><td>+55:05.9<br>+5:37.6<\/td><td>70.7<br>11.7<\/td><\/tr><tr><td>9.<br>+1<\/td><td><img decoding=\"async\" src=\"https:\/\/www.ewrc-results.com\/images\/flags2\/kenya.png\" alt=\"flag\"><br>#32<\/td><td><img decoding=\"async\" src=\"https:\/\/www.ewrc-results.com\/images\/icon\/skoda.png\" alt=\"logo\"> <a href=\"https:\/\/www.ewrc-results.com\/entryinfo\/80239-safari-rally-kenya-2023\/3736184\/\">Singh Vohra Samman &#8211; Khan Alfir<\/a><br>\u0160koda Fabia Rally2 evo <img decoding=\"async\" src=\"https:\/\/www.ewrc-results.com\/images\/tyres\/pirelli_red.png\" alt=\"tyre\"> <a>[SR]<\/a><\/td><td>RC2<\/td><td>4:19:28.4<br><\/td><td>+1:15:46.1<br>+20:40.2<\/td><td>65.1<br>16.2<\/td><\/tr><\/tbody><\/table><\/figure>\n","protected":false},"excerpt":{"rendered":"<p>Polska za\u0142oga Kajetan Kajetanowicz, Maciek Szczepaniak jad\u0105ca Skod\u0105 Fabia Rally2 Evo wygra\u0142a po wspania\u0142ej walce pi\u0119\u0107 z sze\u015bciu odcink\u00f3w specjalnych W rajdzie Kenii. Od rana Kajetanowicz rywalizowa\u0142 z Munsterem, kt\u00f3ry jednak z powodu problem\u00f3w technicznych musia\u0142 si\u0119 wycofa\u0107 z dalszej rywalizacji. Taka sytuacja spowodowa\u0142a, ze Kajetanowicz ma ju\u017c zwyci\u0119stwo w kieszenie i tylko musi bezpiecznie [&hellip;]<\/p>\n","protected":false},"author":4,"featured_media":1582,"comment_status":"closed","ping_status":"closed","sticky":false,"template":"","format":"standard","meta":{"_monsterinsights_skip_tracking":false,"_monsterinsights_sitenote_active":false,"_monsterinsights_sitenote_note":"","_monsterinsights_sitenote_category":0,"footnotes":""},"categories":[3],"tags":[],"class_list":["post-1581","post","type-post","status-publish","format-standard","has-post-thumbnail","hentry","category-wrc"],"aioseo_notices":[],"aioseo_head":"\n\t\t<!-- All in One SEO 4.9.9 - aioseo.com -->\n\t<meta name=\"description\" content=\"Polska za\u0142oga Kajetan Kajetanowicz, Maciek Szczepaniak jad\u0105ca Skod\u0105 Fabia Rally2 Evo wygra\u0142a po wspania\u0142ej walce pi\u0119\u0107 z sze\u015bciu odcink\u00f3w specjalnych W rajdzie Kenii. Od rana Kajetanowicz rywalizowa\u0142 z Munsterem, kt\u00f3ry jednak z powodu problem\u00f3w technicznych musia\u0142 si\u0119 wycofa\u0107 z dalszej rywalizacji. Taka sytuacja spowodowa\u0142a, ze Kajetanowicz ma ju\u017c zwyci\u0119stwo w kieszenie i tylko musi bezpiecznie\" \/>\n\t<meta name=\"robots\" content=\"max-image-preview:large\" \/>\n\t<meta name=\"author\" content=\"Slawek\"\/>\n\t<link rel=\"canonical\" href=\"https:\/\/www.worldrally.eu\/index.php\/2023\/06\/24\/kajetanowicz-liderem-wrc2\/\" \/>\n\t<meta name=\"generator\" content=\"All in One SEO (AIOSEO) 4.9.9\" \/>\n\t\t<meta property=\"og:locale\" content=\"en_GB\" \/>\n\t\t<meta property=\"og:site_name\" content=\"WorldRally.eu \u00bb\" \/>\n\t\t<meta property=\"og:type\" content=\"article\" \/>\n\t\t<meta property=\"og:title\" content=\"Kajetanowicz liderem WRC2 \u00bb WorldRally.eu\" \/>\n\t\t<meta property=\"og:description\" content=\"Polska za\u0142oga Kajetan Kajetanowicz, Maciek Szczepaniak jad\u0105ca Skod\u0105 Fabia Rally2 Evo wygra\u0142a po wspania\u0142ej walce pi\u0119\u0107 z sze\u015bciu odcink\u00f3w specjalnych W rajdzie Kenii. Od rana Kajetanowicz rywalizowa\u0142 z Munsterem, kt\u00f3ry jednak z powodu problem\u00f3w technicznych musia\u0142 si\u0119 wycofa\u0107 z dalszej rywalizacji. Taka sytuacja spowodowa\u0142a, ze Kajetanowicz ma ju\u017c zwyci\u0119stwo w kieszenie i tylko musi bezpiecznie\" \/>\n\t\t<meta property=\"og:url\" content=\"https:\/\/www.worldrally.eu\/index.php\/2023\/06\/24\/kajetanowicz-liderem-wrc2\/\" \/>\n\t\t<meta property=\"og:image\" content=\"https:\/\/www.worldrally.eu\/wp-content\/uploads\/2023\/06\/240623_AT_KAJ_sat_PM_946f9_f_1400x788.jpg\" \/>\n\t\t<meta property=\"og:image:secure_url\" content=\"https:\/\/www.worldrally.eu\/wp-content\/uploads\/2023\/06\/240623_AT_KAJ_sat_PM_946f9_f_1400x788.jpg\" \/>\n\t\t<meta property=\"og:image:width\" content=\"1400\" \/>\n\t\t<meta property=\"og:image:height\" content=\"788\" \/>\n\t\t<meta property=\"article:published_time\" content=\"2023-06-24T23:05:46+00:00\" \/>\n\t\t<meta property=\"article:modified_time\" content=\"2023-06-24T23:05:47+00:00\" \/>\n\t\t<meta name=\"twitter:card\" content=\"summary_large_image\" \/>\n\t\t<meta name=\"twitter:title\" content=\"Kajetanowicz liderem WRC2 \u00bb WorldRally.eu\" \/>\n\t\t<meta name=\"twitter:description\" content=\"Polska za\u0142oga Kajetan Kajetanowicz, Maciek Szczepaniak jad\u0105ca Skod\u0105 Fabia Rally2 Evo wygra\u0142a po wspania\u0142ej walce pi\u0119\u0107 z sze\u015bciu odcink\u00f3w specjalnych W rajdzie Kenii. Od rana Kajetanowicz rywalizowa\u0142 z Munsterem, kt\u00f3ry jednak z powodu problem\u00f3w technicznych musia\u0142 si\u0119 wycofa\u0107 z dalszej rywalizacji. Taka sytuacja spowodowa\u0142a, ze Kajetanowicz ma ju\u017c zwyci\u0119stwo w kieszenie i tylko musi bezpiecznie\" \/>\n\t\t<meta name=\"twitter:image\" content=\"https:\/\/www.worldrally.eu\/wp-content\/uploads\/2023\/06\/240623_AT_KAJ_sat_PM_946f9_f_1400x788.jpg\" \/>\n\t\t<script type=\"application\/ld+json\" class=\"aioseo-schema\">\n\t\t\t{\"@context\":\"https:\\\/\\\/schema.org\",\"@graph\":[{\"@type\":\"BlogPosting\",\"@id\":\"https:\\\/\\\/www.worldrally.eu\\\/index.php\\\/2023\\\/06\\\/24\\\/kajetanowicz-liderem-wrc2\\\/#blogposting\",\"name\":\"Kajetanowicz liderem WRC2 \\u00bb WorldRally.eu\",\"headline\":\"Kajetanowicz liderem WRC2\",\"author\":{\"@id\":\"https:\\\/\\\/www.worldrally.eu\\\/index.php\\\/author\\\/slawek\\\/#author\"},\"publisher\":{\"@id\":\"https:\\\/\\\/www.worldrally.eu\\\/#organization\"},\"image\":{\"@type\":\"ImageObject\",\"url\":\"https:\\\/\\\/www.worldrally.eu\\\/wp-content\\\/uploads\\\/2023\\\/06\\\/240623_AT_KAJ_sat_PM_946f9_f_1400x788.jpg\",\"width\":1400,\"height\":788},\"datePublished\":\"2023-06-24T23:05:46+00:00\",\"dateModified\":\"2023-06-24T23:05:47+00:00\",\"inLanguage\":\"en-GB\",\"mainEntityOfPage\":{\"@id\":\"https:\\\/\\\/www.worldrally.eu\\\/index.php\\\/2023\\\/06\\\/24\\\/kajetanowicz-liderem-wrc2\\\/#webpage\"},\"isPartOf\":{\"@id\":\"https:\\\/\\\/www.worldrally.eu\\\/index.php\\\/2023\\\/06\\\/24\\\/kajetanowicz-liderem-wrc2\\\/#webpage\"},\"articleSection\":\"WRC\"},{\"@type\":\"BreadcrumbList\",\"@id\":\"https:\\\/\\\/www.worldrally.eu\\\/index.php\\\/2023\\\/06\\\/24\\\/kajetanowicz-liderem-wrc2\\\/#breadcrumblist\",\"itemListElement\":[{\"@type\":\"ListItem\",\"@id\":\"https:\\\/\\\/www.worldrally.eu#listItem\",\"position\":1,\"name\":\"Home\",\"item\":\"https:\\\/\\\/www.worldrally.eu\",\"nextItem\":{\"@type\":\"ListItem\",\"@id\":\"https:\\\/\\\/www.worldrally.eu\\\/index.php\\\/category\\\/wrc\\\/#listItem\",\"name\":\"WRC\"}},{\"@type\":\"ListItem\",\"@id\":\"https:\\\/\\\/www.worldrally.eu\\\/index.php\\\/category\\\/wrc\\\/#listItem\",\"position\":2,\"name\":\"WRC\",\"item\":\"https:\\\/\\\/www.worldrally.eu\\\/index.php\\\/category\\\/wrc\\\/\",\"nextItem\":{\"@type\":\"ListItem\",\"@id\":\"https:\\\/\\\/www.worldrally.eu\\\/index.php\\\/2023\\\/06\\\/24\\\/kajetanowicz-liderem-wrc2\\\/#listItem\",\"name\":\"Kajetanowicz liderem WRC2\"},\"previousItem\":{\"@type\":\"ListItem\",\"@id\":\"https:\\\/\\\/www.worldrally.eu#listItem\",\"name\":\"Home\"}},{\"@type\":\"ListItem\",\"@id\":\"https:\\\/\\\/www.worldrally.eu\\\/index.php\\\/2023\\\/06\\\/24\\\/kajetanowicz-liderem-wrc2\\\/#listItem\",\"position\":3,\"name\":\"Kajetanowicz liderem WRC2\",\"previousItem\":{\"@type\":\"ListItem\",\"@id\":\"https:\\\/\\\/www.worldrally.eu\\\/index.php\\\/category\\\/wrc\\\/#listItem\",\"name\":\"WRC\"}}]},{\"@type\":\"Organization\",\"@id\":\"https:\\\/\\\/www.worldrally.eu\\\/#organization\",\"name\":\"WorldRally.eu\",\"url\":\"https:\\\/\\\/www.worldrally.eu\\\/\",\"logo\":{\"@type\":\"ImageObject\",\"url\":\"https:\\\/\\\/www.worldrally.eu\\\/wp-content\\\/uploads\\\/2026\\\/01\\\/cropped-logo-3.png\",\"@id\":\"https:\\\/\\\/www.worldrally.eu\\\/index.php\\\/2023\\\/06\\\/24\\\/kajetanowicz-liderem-wrc2\\\/#organizationLogo\",\"width\":2039,\"height\":756},\"image\":{\"@id\":\"https:\\\/\\\/www.worldrally.eu\\\/index.php\\\/2023\\\/06\\\/24\\\/kajetanowicz-liderem-wrc2\\\/#organizationLogo\"}},{\"@type\":\"Person\",\"@id\":\"https:\\\/\\\/www.worldrally.eu\\\/index.php\\\/author\\\/slawek\\\/#author\",\"url\":\"https:\\\/\\\/www.worldrally.eu\\\/index.php\\\/author\\\/slawek\\\/\",\"name\":\"Slawek\",\"image\":{\"@type\":\"ImageObject\",\"@id\":\"https:\\\/\\\/www.worldrally.eu\\\/index.php\\\/2023\\\/06\\\/24\\\/kajetanowicz-liderem-wrc2\\\/#authorImage\",\"url\":\"https:\\\/\\\/secure.gravatar.com\\\/avatar\\\/69f360f7dae72083ae4bc4ab808684e60db7862f2a4c55f482a5c339df672fd5?s=96&d=mm&r=g\",\"width\":96,\"height\":96,\"caption\":\"Slawek\"}},{\"@type\":\"WebPage\",\"@id\":\"https:\\\/\\\/www.worldrally.eu\\\/index.php\\\/2023\\\/06\\\/24\\\/kajetanowicz-liderem-wrc2\\\/#webpage\",\"url\":\"https:\\\/\\\/www.worldrally.eu\\\/index.php\\\/2023\\\/06\\\/24\\\/kajetanowicz-liderem-wrc2\\\/\",\"name\":\"Kajetanowicz liderem WRC2 \\u00bb WorldRally.eu\",\"description\":\"Polska za\\u0142oga Kajetan Kajetanowicz, Maciek Szczepaniak jad\\u0105ca Skod\\u0105 Fabia Rally2 Evo wygra\\u0142a po wspania\\u0142ej walce pi\\u0119\\u0107 z sze\\u015bciu odcink\\u00f3w specjalnych W rajdzie Kenii. Od rana Kajetanowicz rywalizowa\\u0142 z Munsterem, kt\\u00f3ry jednak z powodu problem\\u00f3w technicznych musia\\u0142 si\\u0119 wycofa\\u0107 z dalszej rywalizacji. Taka sytuacja spowodowa\\u0142a, ze Kajetanowicz ma ju\\u017c zwyci\\u0119stwo w kieszenie i tylko musi bezpiecznie\",\"inLanguage\":\"en-GB\",\"isPartOf\":{\"@id\":\"https:\\\/\\\/www.worldrally.eu\\\/#website\"},\"breadcrumb\":{\"@id\":\"https:\\\/\\\/www.worldrally.eu\\\/index.php\\\/2023\\\/06\\\/24\\\/kajetanowicz-liderem-wrc2\\\/#breadcrumblist\"},\"author\":{\"@id\":\"https:\\\/\\\/www.worldrally.eu\\\/index.php\\\/author\\\/slawek\\\/#author\"},\"creator\":{\"@id\":\"https:\\\/\\\/www.worldrally.eu\\\/index.php\\\/author\\\/slawek\\\/#author\"},\"image\":{\"@type\":\"ImageObject\",\"url\":\"https:\\\/\\\/www.worldrally.eu\\\/wp-content\\\/uploads\\\/2023\\\/06\\\/240623_AT_KAJ_sat_PM_946f9_f_1400x788.jpg\",\"@id\":\"https:\\\/\\\/www.worldrally.eu\\\/index.php\\\/2023\\\/06\\\/24\\\/kajetanowicz-liderem-wrc2\\\/#mainImage\",\"width\":1400,\"height\":788},\"primaryImageOfPage\":{\"@id\":\"https:\\\/\\\/www.worldrally.eu\\\/index.php\\\/2023\\\/06\\\/24\\\/kajetanowicz-liderem-wrc2\\\/#mainImage\"},\"datePublished\":\"2023-06-24T23:05:46+00:00\",\"dateModified\":\"2023-06-24T23:05:47+00:00\"},{\"@type\":\"WebSite\",\"@id\":\"https:\\\/\\\/www.worldrally.eu\\\/#website\",\"url\":\"https:\\\/\\\/www.worldrally.eu\\\/\",\"name\":\"WorldRally.eu\",\"inLanguage\":\"en-GB\",\"publisher\":{\"@id\":\"https:\\\/\\\/www.worldrally.eu\\\/#organization\"}}]}\n\t\t<\/script>\n\t\t<!-- All in One SEO -->\n\n","aioseo_head_json":{"title":"Kajetanowicz liderem WRC2 \u00bb WorldRally.eu","description":"Polska za\u0142oga Kajetan Kajetanowicz, Maciek Szczepaniak jad\u0105ca Skod\u0105 Fabia Rally2 Evo wygra\u0142a po wspania\u0142ej walce pi\u0119\u0107 z sze\u015bciu odcink\u00f3w specjalnych W rajdzie Kenii. Od rana Kajetanowicz rywalizowa\u0142 z Munsterem, kt\u00f3ry jednak z powodu problem\u00f3w technicznych musia\u0142 si\u0119 wycofa\u0107 z dalszej rywalizacji. Taka sytuacja spowodowa\u0142a, ze Kajetanowicz ma ju\u017c zwyci\u0119stwo w kieszenie i tylko musi bezpiecznie","canonical_url":"https:\/\/www.worldrally.eu\/index.php\/2023\/06\/24\/kajetanowicz-liderem-wrc2\/","robots":"max-image-preview:large","keywords":"","webmasterTools":{"miscellaneous":""},"schema":{"@context":"https:\/\/schema.org","@graph":[{"@type":"BlogPosting","@id":"https:\/\/www.worldrally.eu\/index.php\/2023\/06\/24\/kajetanowicz-liderem-wrc2\/#blogposting","name":"Kajetanowicz liderem WRC2 \u00bb WorldRally.eu","headline":"Kajetanowicz liderem WRC2","author":{"@id":"https:\/\/www.worldrally.eu\/index.php\/author\/slawek\/#author"},"publisher":{"@id":"https:\/\/www.worldrally.eu\/#organization"},"image":{"@type":"ImageObject","url":"https:\/\/www.worldrally.eu\/wp-content\/uploads\/2023\/06\/240623_AT_KAJ_sat_PM_946f9_f_1400x788.jpg","width":1400,"height":788},"datePublished":"2023-06-24T23:05:46+00:00","dateModified":"2023-06-24T23:05:47+00:00","inLanguage":"en-GB","mainEntityOfPage":{"@id":"https:\/\/www.worldrally.eu\/index.php\/2023\/06\/24\/kajetanowicz-liderem-wrc2\/#webpage"},"isPartOf":{"@id":"https:\/\/www.worldrally.eu\/index.php\/2023\/06\/24\/kajetanowicz-liderem-wrc2\/#webpage"},"articleSection":"WRC"},{"@type":"BreadcrumbList","@id":"https:\/\/www.worldrally.eu\/index.php\/2023\/06\/24\/kajetanowicz-liderem-wrc2\/#breadcrumblist","itemListElement":[{"@type":"ListItem","@id":"https:\/\/www.worldrally.eu#listItem","position":1,"name":"Home","item":"https:\/\/www.worldrally.eu","nextItem":{"@type":"ListItem","@id":"https:\/\/www.worldrally.eu\/index.php\/category\/wrc\/#listItem","name":"WRC"}},{"@type":"ListItem","@id":"https:\/\/www.worldrally.eu\/index.php\/category\/wrc\/#listItem","position":2,"name":"WRC","item":"https:\/\/www.worldrally.eu\/index.php\/category\/wrc\/","nextItem":{"@type":"ListItem","@id":"https:\/\/www.worldrally.eu\/index.php\/2023\/06\/24\/kajetanowicz-liderem-wrc2\/#listItem","name":"Kajetanowicz liderem WRC2"},"previousItem":{"@type":"ListItem","@id":"https:\/\/www.worldrally.eu#listItem","name":"Home"}},{"@type":"ListItem","@id":"https:\/\/www.worldrally.eu\/index.php\/2023\/06\/24\/kajetanowicz-liderem-wrc2\/#listItem","position":3,"name":"Kajetanowicz liderem WRC2","previousItem":{"@type":"ListItem","@id":"https:\/\/www.worldrally.eu\/index.php\/category\/wrc\/#listItem","name":"WRC"}}]},{"@type":"Organization","@id":"https:\/\/www.worldrally.eu\/#organization","name":"WorldRally.eu","url":"https:\/\/www.worldrally.eu\/","logo":{"@type":"ImageObject","url":"https:\/\/www.worldrally.eu\/wp-content\/uploads\/2026\/01\/cropped-logo-3.png","@id":"https:\/\/www.worldrally.eu\/index.php\/2023\/06\/24\/kajetanowicz-liderem-wrc2\/#organizationLogo","width":2039,"height":756},"image":{"@id":"https:\/\/www.worldrally.eu\/index.php\/2023\/06\/24\/kajetanowicz-liderem-wrc2\/#organizationLogo"}},{"@type":"Person","@id":"https:\/\/www.worldrally.eu\/index.php\/author\/slawek\/#author","url":"https:\/\/www.worldrally.eu\/index.php\/author\/slawek\/","name":"Slawek","image":{"@type":"ImageObject","@id":"https:\/\/www.worldrally.eu\/index.php\/2023\/06\/24\/kajetanowicz-liderem-wrc2\/#authorImage","url":"https:\/\/secure.gravatar.com\/avatar\/69f360f7dae72083ae4bc4ab808684e60db7862f2a4c55f482a5c339df672fd5?s=96&d=mm&r=g","width":96,"height":96,"caption":"Slawek"}},{"@type":"WebPage","@id":"https:\/\/www.worldrally.eu\/index.php\/2023\/06\/24\/kajetanowicz-liderem-wrc2\/#webpage","url":"https:\/\/www.worldrally.eu\/index.php\/2023\/06\/24\/kajetanowicz-liderem-wrc2\/","name":"Kajetanowicz liderem WRC2 \u00bb WorldRally.eu","description":"Polska za\u0142oga Kajetan Kajetanowicz, Maciek Szczepaniak jad\u0105ca Skod\u0105 Fabia Rally2 Evo wygra\u0142a po wspania\u0142ej walce pi\u0119\u0107 z sze\u015bciu odcink\u00f3w specjalnych W rajdzie Kenii. Od rana Kajetanowicz rywalizowa\u0142 z Munsterem, kt\u00f3ry jednak z powodu problem\u00f3w technicznych musia\u0142 si\u0119 wycofa\u0107 z dalszej rywalizacji. Taka sytuacja spowodowa\u0142a, ze Kajetanowicz ma ju\u017c zwyci\u0119stwo w kieszenie i tylko musi bezpiecznie","inLanguage":"en-GB","isPartOf":{"@id":"https:\/\/www.worldrally.eu\/#website"},"breadcrumb":{"@id":"https:\/\/www.worldrally.eu\/index.php\/2023\/06\/24\/kajetanowicz-liderem-wrc2\/#breadcrumblist"},"author":{"@id":"https:\/\/www.worldrally.eu\/index.php\/author\/slawek\/#author"},"creator":{"@id":"https:\/\/www.worldrally.eu\/index.php\/author\/slawek\/#author"},"image":{"@type":"ImageObject","url":"https:\/\/www.worldrally.eu\/wp-content\/uploads\/2023\/06\/240623_AT_KAJ_sat_PM_946f9_f_1400x788.jpg","@id":"https:\/\/www.worldrally.eu\/index.php\/2023\/06\/24\/kajetanowicz-liderem-wrc2\/#mainImage","width":1400,"height":788},"primaryImageOfPage":{"@id":"https:\/\/www.worldrally.eu\/index.php\/2023\/06\/24\/kajetanowicz-liderem-wrc2\/#mainImage"},"datePublished":"2023-06-24T23:05:46+00:00","dateModified":"2023-06-24T23:05:47+00:00"},{"@type":"WebSite","@id":"https:\/\/www.worldrally.eu\/#website","url":"https:\/\/www.worldrally.eu\/","name":"WorldRally.eu","inLanguage":"en-GB","publisher":{"@id":"https:\/\/www.worldrally.eu\/#organization"}}]},"og:locale":"en_GB","og:site_name":"WorldRally.eu \u00bb","og:type":"article","og:title":"Kajetanowicz liderem WRC2 \u00bb WorldRally.eu","og:description":"Polska za\u0142oga Kajetan Kajetanowicz, Maciek Szczepaniak jad\u0105ca Skod\u0105 Fabia Rally2 Evo wygra\u0142a po wspania\u0142ej walce pi\u0119\u0107 z sze\u015bciu odcink\u00f3w specjalnych W rajdzie Kenii. Od rana Kajetanowicz rywalizowa\u0142 z Munsterem, kt\u00f3ry jednak z powodu problem\u00f3w technicznych musia\u0142 si\u0119 wycofa\u0107 z dalszej rywalizacji. Taka sytuacja spowodowa\u0142a, ze Kajetanowicz ma ju\u017c zwyci\u0119stwo w kieszenie i tylko musi bezpiecznie","og:url":"https:\/\/www.worldrally.eu\/index.php\/2023\/06\/24\/kajetanowicz-liderem-wrc2\/","og:image":"https:\/\/www.worldrally.eu\/wp-content\/uploads\/2023\/06\/240623_AT_KAJ_sat_PM_946f9_f_1400x788.jpg","og:image:secure_url":"https:\/\/www.worldrally.eu\/wp-content\/uploads\/2023\/06\/240623_AT_KAJ_sat_PM_946f9_f_1400x788.jpg","og:image:width":1400,"og:image:height":788,"article:published_time":"2023-06-24T23:05:46+00:00","article:modified_time":"2023-06-24T23:05:47+00:00","twitter:card":"summary_large_image","twitter:title":"Kajetanowicz liderem WRC2 \u00bb WorldRally.eu","twitter:description":"Polska za\u0142oga Kajetan Kajetanowicz, Maciek Szczepaniak jad\u0105ca Skod\u0105 Fabia Rally2 Evo wygra\u0142a po wspania\u0142ej walce pi\u0119\u0107 z sze\u015bciu odcink\u00f3w specjalnych W rajdzie Kenii. Od rana Kajetanowicz rywalizowa\u0142 z Munsterem, kt\u00f3ry jednak z powodu problem\u00f3w technicznych musia\u0142 si\u0119 wycofa\u0107 z dalszej rywalizacji. Taka sytuacja spowodowa\u0142a, ze Kajetanowicz ma ju\u017c zwyci\u0119stwo w kieszenie i tylko musi bezpiecznie","twitter:image":"https:\/\/www.worldrally.eu\/wp-content\/uploads\/2023\/06\/240623_AT_KAJ_sat_PM_946f9_f_1400x788.jpg"},"aioseo_meta_data":{"post_id":"1581","title":null,"description":null,"keywords":null,"keyphrases":null,"primary_term":null,"canonical_url":null,"og_title":null,"og_description":null,"og_object_type":"default","og_image_type":"default","og_image_url":null,"og_image_width":null,"og_image_height":null,"og_image_custom_url":null,"og_image_custom_fields":null,"og_video":null,"og_custom_url":null,"og_article_section":null,"og_article_tags":null,"twitter_use_og":false,"twitter_card":"default","twitter_image_type":"default","twitter_image_url":null,"twitter_image_custom_url":null,"twitter_image_custom_fields":null,"twitter_title":null,"twitter_description":null,"schema":{"blockGraphs":[],"customGraphs":[],"default":{"data":{"Article":[],"Course":[],"Dataset":[],"FAQPage":[],"Movie":[],"Person":[],"Product":[],"ProductReview":[],"Car":[],"Recipe":[],"Service":[],"SoftwareApplication":[],"WebPage":[]},"graphName":"","isEnabled":true},"graphs":[]},"schema_type":"default","schema_type_options":null,"pillar_content":false,"robots_default":true,"robots_noindex":false,"robots_noarchive":false,"robots_nosnippet":false,"robots_nofollow":false,"robots_noimageindex":false,"robots_noodp":false,"robots_notranslate":false,"robots_max_snippet":null,"robots_max_videopreview":null,"robots_max_imagepreview":"large","priority":null,"frequency":null,"local_seo":null,"breadcrumb_settings":null,"limit_modified_date":false,"ai":null,"created":"2025-03-22 06:17:26","updated":"2025-10-26 10:52:44","seo_analyzer_scan_date":null},"aioseo_breadcrumb":"<div class=\"aioseo-breadcrumbs\"><span class=\"aioseo-breadcrumb\">\n\t\t\t<a href=\"https:\/\/www.worldrally.eu\" title=\"Home\">Home<\/a>\n\t\t<\/span><span class=\"aioseo-breadcrumb-separator\">&raquo;<\/span><span class=\"aioseo-breadcrumb\">\n\t\t\t<a href=\"https:\/\/www.worldrally.eu\/index.php\/category\/wrc\/\" title=\"WRC\">WRC<\/a>\n\t\t<\/span><span class=\"aioseo-breadcrumb-separator\">&raquo;<\/span><span class=\"aioseo-breadcrumb\">\n\t\t\tKajetanowicz liderem WRC2\n\t\t<\/span><\/div>","aioseo_breadcrumb_json":[{"label":"Home","link":"https:\/\/www.worldrally.eu"},{"label":"WRC","link":"https:\/\/www.worldrally.eu\/index.php\/category\/wrc\/"},{"label":"Kajetanowicz liderem WRC2","link":"https:\/\/www.worldrally.eu\/index.php\/2023\/06\/24\/kajetanowicz-liderem-wrc2\/"}],"cc_featured_image_caption":{"caption_text":"Foto - WRCcom","source_text":"","source_url":""},"_links":{"self":[{"href":"https:\/\/www.worldrally.eu\/index.php\/wp-json\/wp\/v2\/posts\/1581","targetHints":{"allow":["GET"]}}],"collection":[{"href":"https:\/\/www.worldrally.eu\/index.php\/wp-json\/wp\/v2\/posts"}],"about":[{"href":"https:\/\/www.worldrally.eu\/index.php\/wp-json\/wp\/v2\/types\/post"}],"author":[{"embeddable":true,"href":"https:\/\/www.worldrally.eu\/index.php\/wp-json\/wp\/v2\/users\/4"}],"replies":[{"embeddable":true,"href":"https:\/\/www.worldrally.eu\/index.php\/wp-json\/wp\/v2\/comments?post=1581"}],"version-history":[{"count":1,"href":"https:\/\/www.worldrally.eu\/index.php\/wp-json\/wp\/v2\/posts\/1581\/revisions"}],"predecessor-version":[{"id":1586,"href":"https:\/\/www.worldrally.eu\/index.php\/wp-json\/wp\/v2\/posts\/1581\/revisions\/1586"}],"wp:featuredmedia":[{"embeddable":true,"href":"https:\/\/www.worldrally.eu\/index.php\/wp-json\/wp\/v2\/media\/1582"}],"wp:attachment":[{"href":"https:\/\/www.worldrally.eu\/index.php\/wp-json\/wp\/v2\/media?parent=1581"}],"wp:term":[{"taxonomy":"category","embeddable":true,"href":"https:\/\/www.worldrally.eu\/index.php\/wp-json\/wp\/v2\/categories?post=1581"},{"taxonomy":"post_tag","embeddable":true,"href":"https:\/\/www.worldrally.eu\/index.php\/wp-json\/wp\/v2\/tags?post=1581"}],"curies":[{"name":"wp","href":"https:\/\/api.w.org\/{rel}","templated":true}]}}