{"id":157,"date":"2023-02-08T20:49:42","date_gmt":"2023-02-08T20:49:42","guid":{"rendered":"https:\/\/www.worldrally.eu\/?p=157"},"modified":"2023-02-08T20:54:01","modified_gmt":"2023-02-08T20:54:01","slug":"pellier-wlasnie-spelnia-sie-moje-marzenie","status":"publish","type":"post","link":"https:\/\/www.worldrally.eu\/index.php\/2023\/02\/08\/pellier-wlasnie-spelnia-sie-moje-marzenie\/","title":{"rendered":"Pellier- w\u0142a\u015bnie spe\u0142nia si\u0119 moje marzenie"},"content":{"rendered":"\n<p class=\"has-medium-font-size wp-block-paragraph\">Laurent Pellier zdoby\u0142 tytu\u0142 Junior ERC w 2022 roku, wygrywaj\u0105c pi\u0119\u0107 z sze\u015bciu rund w rajdzie Opla Corsy4. Ma te\u017c form\u0119 w JWRC po swoim debiutanckim zwyci\u0119stwie na Korsyce w 2016 roku, a teraz ma wyst\u0105pi\u0107 w drugiej rundzie Mistrzostw \u015awiata.<\/p>\n\n\n\n<p class=\"wp-block-paragraph\"><em>\u201eWzi\u0119cie udzia\u0142u w JWRC to kompletne marzenie\u201d &#8211; <\/em>powiedzia\u0142 Francuz<em>. <\/em><\/p>\n\n\n\n<p class=\"wp-block-paragraph\"><em>\u201eTo niesamowite i nie mog\u0119 si\u0119 doczeka\u0107 tych wielkich wydarze\u0144, poniewa\u017c odkryj\u0119 wiele rzeczy. Szwecja b\u0119dzie dla mnie pierwszy raz na \u015bniegu, wi\u0119c wiem, \u017ce b\u0119dzie ci\u0119\u017cko. Ale nie mog\u0119 si\u0119 doczeka\u0107 tej okazji dzi\u0119ki ERC.\u201d<\/em><\/p>\n\n\n\n<p class=\"wp-block-paragraph\">Marzenia Laurenta Pelliera spe\u0142ni\u0105 si\u0119 ju\u017c od jutra 9-go lutego, kiedy powalczy o z\u0142oto w FIA Junior WRC Championship. 27-latek awansuje z Rajdowych Mistrzostw Europy FIA na aren\u0119 \u015bwiatow\u0105 jako nagroda za zdobycie tytu\u0142u Junior ERC w 2022 roku.<\/p>\n\n\n\n<figure class=\"wp-block-image size-large\"><img fetchpriority=\"high\" decoding=\"async\" width=\"1024\" height=\"576\" src=\"https:\/\/www.worldrally.eu\/wp-content\/uploads\/2023\/02\/2-1024x576.jpeg\" alt=\"\" class=\"wp-image-160\" srcset=\"https:\/\/www.worldrally.eu\/wp-content\/uploads\/2023\/02\/2-1024x576.jpeg 1024w, https:\/\/www.worldrally.eu\/wp-content\/uploads\/2023\/02\/2-300x169.jpeg 300w, https:\/\/www.worldrally.eu\/wp-content\/uploads\/2023\/02\/2-768x432.jpeg 768w, https:\/\/www.worldrally.eu\/wp-content\/uploads\/2023\/02\/2-1280x720.jpeg 1280w, https:\/\/www.worldrally.eu\/wp-content\/uploads\/2023\/02\/2.jpeg 1400w\" sizes=\"(max-width: 1024px) 100vw, 1024px\" \/><figcaption class=\"wp-element-caption\">FIA.com<\/figcaption><\/figure>\n","protected":false},"excerpt":{"rendered":"<p>Laurent Pellier zdoby\u0142 tytu\u0142 Junior ERC w 2022 roku, wygrywaj\u0105c pi\u0119\u0107 z sze\u015bciu rund w rajdzie Opla Corsy4. Ma te\u017c form\u0119 w JWRC po swoim debiutanckim zwyci\u0119stwie na Korsyce w 2016 roku, a teraz ma wyst\u0105pi\u0107 w drugiej rundzie Mistrzostw \u015awiata. \u201eWzi\u0119cie udzia\u0142u w JWRC to kompletne marzenie\u201d &#8211; powiedzia\u0142 Francuz. \u201eTo niesamowite i nie [&hellip;]<\/p>\n","protected":false},"author":2,"featured_media":158,"comment_status":"closed","ping_status":"closed","sticky":false,"template":"","format":"standard","meta":{"_monsterinsights_skip_tracking":false,"_monsterinsights_sitenote_active":false,"_monsterinsights_sitenote_note":"","_monsterinsights_sitenote_category":0,"footnotes":""},"categories":[4],"tags":[],"class_list":["post-157","post","type-post","status-publish","format-standard","has-post-thumbnail","hentry","category-erc"],"aioseo_notices":[],"aioseo_head":"\n\t\t<!-- All in One SEO 4.9.9 - aioseo.com -->\n\t<meta name=\"description\" content=\"Laurent Pellier zdoby\u0142 tytu\u0142 Junior ERC w 2022 roku, wygrywaj\u0105c pi\u0119\u0107 z sze\u015bciu rund w rajdzie Opla Corsy4. Ma te\u017c form\u0119 w JWRC po swoim debiutanckim zwyci\u0119stwie na Korsyce w 2016 roku, a teraz ma wyst\u0105pi\u0107 w drugiej rundzie Mistrzostw \u015awiata. \u201eWzi\u0119cie udzia\u0142u w JWRC to kompletne marzenie\u201d - powiedzia\u0142 Francuz. \u201eTo niesamowite i nie\" \/>\n\t<meta name=\"robots\" content=\"max-image-preview:large\" \/>\n\t<meta name=\"author\" content=\"Magdalena\"\/>\n\t<link rel=\"canonical\" href=\"https:\/\/www.worldrally.eu\/index.php\/2023\/02\/08\/pellier-wlasnie-spelnia-sie-moje-marzenie\/\" \/>\n\t<meta name=\"generator\" content=\"All in One SEO (AIOSEO) 4.9.9\" \/>\n\t\t<meta property=\"og:locale\" content=\"en_GB\" \/>\n\t\t<meta property=\"og:site_name\" content=\"WorldRally.eu \u00bb\" \/>\n\t\t<meta property=\"og:type\" content=\"article\" \/>\n\t\t<meta property=\"og:title\" content=\"Pellier- w\u0142a\u015bnie spe\u0142nia si\u0119 moje marzenie \u00bb WorldRally.eu\" \/>\n\t\t<meta property=\"og:description\" content=\"Laurent Pellier zdoby\u0142 tytu\u0142 Junior ERC w 2022 roku, wygrywaj\u0105c pi\u0119\u0107 z sze\u015bciu rund w rajdzie Opla Corsy4. Ma te\u017c form\u0119 w JWRC po swoim debiutanckim zwyci\u0119stwie na Korsyce w 2016 roku, a teraz ma wyst\u0105pi\u0107 w drugiej rundzie Mistrzostw \u015awiata. \u201eWzi\u0119cie udzia\u0142u w JWRC to kompletne marzenie\u201d - powiedzia\u0142 Francuz. \u201eTo niesamowite i nie\" \/>\n\t\t<meta property=\"og:url\" content=\"https:\/\/www.worldrally.eu\/index.php\/2023\/02\/08\/pellier-wlasnie-spelnia-sie-moje-marzenie\/\" \/>\n\t\t<meta property=\"og:image\" content=\"https:\/\/www.worldrally.eu\/wp-content\/uploads\/2023\/02\/1.jpg\" \/>\n\t\t<meta property=\"og:image:secure_url\" content=\"https:\/\/www.worldrally.eu\/wp-content\/uploads\/2023\/02\/1.jpg\" \/>\n\t\t<meta property=\"og:image:width\" content=\"1400\" \/>\n\t\t<meta property=\"og:image:height\" content=\"788\" \/>\n\t\t<meta property=\"article:published_time\" content=\"2023-02-08T20:49:42+00:00\" \/>\n\t\t<meta property=\"article:modified_time\" content=\"2023-02-08T20:54:01+00:00\" \/>\n\t\t<meta name=\"twitter:card\" content=\"summary_large_image\" \/>\n\t\t<meta name=\"twitter:title\" content=\"Pellier- w\u0142a\u015bnie spe\u0142nia si\u0119 moje marzenie \u00bb WorldRally.eu\" \/>\n\t\t<meta name=\"twitter:description\" content=\"Laurent Pellier zdoby\u0142 tytu\u0142 Junior ERC w 2022 roku, wygrywaj\u0105c pi\u0119\u0107 z sze\u015bciu rund w rajdzie Opla Corsy4. Ma te\u017c form\u0119 w JWRC po swoim debiutanckim zwyci\u0119stwie na Korsyce w 2016 roku, a teraz ma wyst\u0105pi\u0107 w drugiej rundzie Mistrzostw \u015awiata. \u201eWzi\u0119cie udzia\u0142u w JWRC to kompletne marzenie\u201d - powiedzia\u0142 Francuz. \u201eTo niesamowite i nie\" \/>\n\t\t<meta name=\"twitter:image\" content=\"https:\/\/www.worldrally.eu\/wp-content\/uploads\/2023\/02\/1.jpg\" \/>\n\t\t<script type=\"application\/ld+json\" class=\"aioseo-schema\">\n\t\t\t{\"@context\":\"https:\\\/\\\/schema.org\",\"@graph\":[{\"@type\":\"BlogPosting\",\"@id\":\"https:\\\/\\\/www.worldrally.eu\\\/index.php\\\/2023\\\/02\\\/08\\\/pellier-wlasnie-spelnia-sie-moje-marzenie\\\/#blogposting\",\"name\":\"Pellier- w\\u0142a\\u015bnie spe\\u0142nia si\\u0119 moje marzenie \\u00bb WorldRally.eu\",\"headline\":\"Pellier- w\\u0142a\\u015bnie spe\\u0142nia si\\u0119 moje marzenie\",\"author\":{\"@id\":\"https:\\\/\\\/www.worldrally.eu\\\/index.php\\\/author\\\/magdalena\\\/#author\"},\"publisher\":{\"@id\":\"https:\\\/\\\/www.worldrally.eu\\\/#organization\"},\"image\":{\"@type\":\"ImageObject\",\"url\":\"https:\\\/\\\/www.worldrally.eu\\\/wp-content\\\/uploads\\\/2023\\\/02\\\/1.jpg\",\"width\":1400,\"height\":788},\"datePublished\":\"2023-02-08T20:49:42+00:00\",\"dateModified\":\"2023-02-08T20:54:01+00:00\",\"inLanguage\":\"en-GB\",\"mainEntityOfPage\":{\"@id\":\"https:\\\/\\\/www.worldrally.eu\\\/index.php\\\/2023\\\/02\\\/08\\\/pellier-wlasnie-spelnia-sie-moje-marzenie\\\/#webpage\"},\"isPartOf\":{\"@id\":\"https:\\\/\\\/www.worldrally.eu\\\/index.php\\\/2023\\\/02\\\/08\\\/pellier-wlasnie-spelnia-sie-moje-marzenie\\\/#webpage\"},\"articleSection\":\"ERC\"},{\"@type\":\"BreadcrumbList\",\"@id\":\"https:\\\/\\\/www.worldrally.eu\\\/index.php\\\/2023\\\/02\\\/08\\\/pellier-wlasnie-spelnia-sie-moje-marzenie\\\/#breadcrumblist\",\"itemListElement\":[{\"@type\":\"ListItem\",\"@id\":\"https:\\\/\\\/www.worldrally.eu#listItem\",\"position\":1,\"name\":\"Home\",\"item\":\"https:\\\/\\\/www.worldrally.eu\",\"nextItem\":{\"@type\":\"ListItem\",\"@id\":\"https:\\\/\\\/www.worldrally.eu\\\/index.php\\\/category\\\/erc\\\/#listItem\",\"name\":\"ERC\"}},{\"@type\":\"ListItem\",\"@id\":\"https:\\\/\\\/www.worldrally.eu\\\/index.php\\\/category\\\/erc\\\/#listItem\",\"position\":2,\"name\":\"ERC\",\"item\":\"https:\\\/\\\/www.worldrally.eu\\\/index.php\\\/category\\\/erc\\\/\",\"nextItem\":{\"@type\":\"ListItem\",\"@id\":\"https:\\\/\\\/www.worldrally.eu\\\/index.php\\\/2023\\\/02\\\/08\\\/pellier-wlasnie-spelnia-sie-moje-marzenie\\\/#listItem\",\"name\":\"Pellier- w\\u0142a\\u015bnie spe\\u0142nia si\\u0119 moje marzenie\"},\"previousItem\":{\"@type\":\"ListItem\",\"@id\":\"https:\\\/\\\/www.worldrally.eu#listItem\",\"name\":\"Home\"}},{\"@type\":\"ListItem\",\"@id\":\"https:\\\/\\\/www.worldrally.eu\\\/index.php\\\/2023\\\/02\\\/08\\\/pellier-wlasnie-spelnia-sie-moje-marzenie\\\/#listItem\",\"position\":3,\"name\":\"Pellier- w\\u0142a\\u015bnie spe\\u0142nia si\\u0119 moje marzenie\",\"previousItem\":{\"@type\":\"ListItem\",\"@id\":\"https:\\\/\\\/www.worldrally.eu\\\/index.php\\\/category\\\/erc\\\/#listItem\",\"name\":\"ERC\"}}]},{\"@type\":\"Organization\",\"@id\":\"https:\\\/\\\/www.worldrally.eu\\\/#organization\",\"name\":\"WorldRally.eu\",\"url\":\"https:\\\/\\\/www.worldrally.eu\\\/\",\"logo\":{\"@type\":\"ImageObject\",\"url\":\"https:\\\/\\\/www.worldrally.eu\\\/wp-content\\\/uploads\\\/2026\\\/01\\\/cropped-logo-3.png\",\"@id\":\"https:\\\/\\\/www.worldrally.eu\\\/index.php\\\/2023\\\/02\\\/08\\\/pellier-wlasnie-spelnia-sie-moje-marzenie\\\/#organizationLogo\",\"width\":2039,\"height\":756},\"image\":{\"@id\":\"https:\\\/\\\/www.worldrally.eu\\\/index.php\\\/2023\\\/02\\\/08\\\/pellier-wlasnie-spelnia-sie-moje-marzenie\\\/#organizationLogo\"}},{\"@type\":\"Person\",\"@id\":\"https:\\\/\\\/www.worldrally.eu\\\/index.php\\\/author\\\/magdalena\\\/#author\",\"url\":\"https:\\\/\\\/www.worldrally.eu\\\/index.php\\\/author\\\/magdalena\\\/\",\"name\":\"Magdalena\",\"image\":{\"@type\":\"ImageObject\",\"@id\":\"https:\\\/\\\/www.worldrally.eu\\\/index.php\\\/2023\\\/02\\\/08\\\/pellier-wlasnie-spelnia-sie-moje-marzenie\\\/#authorImage\",\"url\":\"https:\\\/\\\/secure.gravatar.com\\\/avatar\\\/853239b46cec38ba30b48d2b091f5538817cc78bdc0944c9ef7408579307e2ea?s=96&d=mm&r=g\",\"width\":96,\"height\":96,\"caption\":\"Magdalena\"}},{\"@type\":\"WebPage\",\"@id\":\"https:\\\/\\\/www.worldrally.eu\\\/index.php\\\/2023\\\/02\\\/08\\\/pellier-wlasnie-spelnia-sie-moje-marzenie\\\/#webpage\",\"url\":\"https:\\\/\\\/www.worldrally.eu\\\/index.php\\\/2023\\\/02\\\/08\\\/pellier-wlasnie-spelnia-sie-moje-marzenie\\\/\",\"name\":\"Pellier- w\\u0142a\\u015bnie spe\\u0142nia si\\u0119 moje marzenie \\u00bb WorldRally.eu\",\"description\":\"Laurent Pellier zdoby\\u0142 tytu\\u0142 Junior ERC w 2022 roku, wygrywaj\\u0105c pi\\u0119\\u0107 z sze\\u015bciu rund w rajdzie Opla Corsy4. Ma te\\u017c form\\u0119 w JWRC po swoim debiutanckim zwyci\\u0119stwie na Korsyce w 2016 roku, a teraz ma wyst\\u0105pi\\u0107 w drugiej rundzie Mistrzostw \\u015awiata. \\u201eWzi\\u0119cie udzia\\u0142u w JWRC to kompletne marzenie\\u201d - powiedzia\\u0142 Francuz. \\u201eTo niesamowite i nie\",\"inLanguage\":\"en-GB\",\"isPartOf\":{\"@id\":\"https:\\\/\\\/www.worldrally.eu\\\/#website\"},\"breadcrumb\":{\"@id\":\"https:\\\/\\\/www.worldrally.eu\\\/index.php\\\/2023\\\/02\\\/08\\\/pellier-wlasnie-spelnia-sie-moje-marzenie\\\/#breadcrumblist\"},\"author\":{\"@id\":\"https:\\\/\\\/www.worldrally.eu\\\/index.php\\\/author\\\/magdalena\\\/#author\"},\"creator\":{\"@id\":\"https:\\\/\\\/www.worldrally.eu\\\/index.php\\\/author\\\/magdalena\\\/#author\"},\"image\":{\"@type\":\"ImageObject\",\"url\":\"https:\\\/\\\/www.worldrally.eu\\\/wp-content\\\/uploads\\\/2023\\\/02\\\/1.jpg\",\"@id\":\"https:\\\/\\\/www.worldrally.eu\\\/index.php\\\/2023\\\/02\\\/08\\\/pellier-wlasnie-spelnia-sie-moje-marzenie\\\/#mainImage\",\"width\":1400,\"height\":788},\"primaryImageOfPage\":{\"@id\":\"https:\\\/\\\/www.worldrally.eu\\\/index.php\\\/2023\\\/02\\\/08\\\/pellier-wlasnie-spelnia-sie-moje-marzenie\\\/#mainImage\"},\"datePublished\":\"2023-02-08T20:49:42+00:00\",\"dateModified\":\"2023-02-08T20:54:01+00:00\"},{\"@type\":\"WebSite\",\"@id\":\"https:\\\/\\\/www.worldrally.eu\\\/#website\",\"url\":\"https:\\\/\\\/www.worldrally.eu\\\/\",\"name\":\"WorldRally.eu\",\"inLanguage\":\"en-GB\",\"publisher\":{\"@id\":\"https:\\\/\\\/www.worldrally.eu\\\/#organization\"}}]}\n\t\t<\/script>\n\t\t<!-- All in One SEO -->\n\n","aioseo_head_json":{"title":"Pellier- w\u0142a\u015bnie spe\u0142nia si\u0119 moje marzenie \u00bb WorldRally.eu","description":"Laurent Pellier zdoby\u0142 tytu\u0142 Junior ERC w 2022 roku, wygrywaj\u0105c pi\u0119\u0107 z sze\u015bciu rund w rajdzie Opla Corsy4. Ma te\u017c form\u0119 w JWRC po swoim debiutanckim zwyci\u0119stwie na Korsyce w 2016 roku, a teraz ma wyst\u0105pi\u0107 w drugiej rundzie Mistrzostw \u015awiata. \u201eWzi\u0119cie udzia\u0142u w JWRC to kompletne marzenie\u201d - powiedzia\u0142 Francuz. \u201eTo niesamowite i nie","canonical_url":"https:\/\/www.worldrally.eu\/index.php\/2023\/02\/08\/pellier-wlasnie-spelnia-sie-moje-marzenie\/","robots":"max-image-preview:large","keywords":"","webmasterTools":{"miscellaneous":""},"schema":{"@context":"https:\/\/schema.org","@graph":[{"@type":"BlogPosting","@id":"https:\/\/www.worldrally.eu\/index.php\/2023\/02\/08\/pellier-wlasnie-spelnia-sie-moje-marzenie\/#blogposting","name":"Pellier- w\u0142a\u015bnie spe\u0142nia si\u0119 moje marzenie \u00bb WorldRally.eu","headline":"Pellier- w\u0142a\u015bnie spe\u0142nia si\u0119 moje marzenie","author":{"@id":"https:\/\/www.worldrally.eu\/index.php\/author\/magdalena\/#author"},"publisher":{"@id":"https:\/\/www.worldrally.eu\/#organization"},"image":{"@type":"ImageObject","url":"https:\/\/www.worldrally.eu\/wp-content\/uploads\/2023\/02\/1.jpg","width":1400,"height":788},"datePublished":"2023-02-08T20:49:42+00:00","dateModified":"2023-02-08T20:54:01+00:00","inLanguage":"en-GB","mainEntityOfPage":{"@id":"https:\/\/www.worldrally.eu\/index.php\/2023\/02\/08\/pellier-wlasnie-spelnia-sie-moje-marzenie\/#webpage"},"isPartOf":{"@id":"https:\/\/www.worldrally.eu\/index.php\/2023\/02\/08\/pellier-wlasnie-spelnia-sie-moje-marzenie\/#webpage"},"articleSection":"ERC"},{"@type":"BreadcrumbList","@id":"https:\/\/www.worldrally.eu\/index.php\/2023\/02\/08\/pellier-wlasnie-spelnia-sie-moje-marzenie\/#breadcrumblist","itemListElement":[{"@type":"ListItem","@id":"https:\/\/www.worldrally.eu#listItem","position":1,"name":"Home","item":"https:\/\/www.worldrally.eu","nextItem":{"@type":"ListItem","@id":"https:\/\/www.worldrally.eu\/index.php\/category\/erc\/#listItem","name":"ERC"}},{"@type":"ListItem","@id":"https:\/\/www.worldrally.eu\/index.php\/category\/erc\/#listItem","position":2,"name":"ERC","item":"https:\/\/www.worldrally.eu\/index.php\/category\/erc\/","nextItem":{"@type":"ListItem","@id":"https:\/\/www.worldrally.eu\/index.php\/2023\/02\/08\/pellier-wlasnie-spelnia-sie-moje-marzenie\/#listItem","name":"Pellier- w\u0142a\u015bnie spe\u0142nia si\u0119 moje marzenie"},"previousItem":{"@type":"ListItem","@id":"https:\/\/www.worldrally.eu#listItem","name":"Home"}},{"@type":"ListItem","@id":"https:\/\/www.worldrally.eu\/index.php\/2023\/02\/08\/pellier-wlasnie-spelnia-sie-moje-marzenie\/#listItem","position":3,"name":"Pellier- w\u0142a\u015bnie spe\u0142nia si\u0119 moje marzenie","previousItem":{"@type":"ListItem","@id":"https:\/\/www.worldrally.eu\/index.php\/category\/erc\/#listItem","name":"ERC"}}]},{"@type":"Organization","@id":"https:\/\/www.worldrally.eu\/#organization","name":"WorldRally.eu","url":"https:\/\/www.worldrally.eu\/","logo":{"@type":"ImageObject","url":"https:\/\/www.worldrally.eu\/wp-content\/uploads\/2026\/01\/cropped-logo-3.png","@id":"https:\/\/www.worldrally.eu\/index.php\/2023\/02\/08\/pellier-wlasnie-spelnia-sie-moje-marzenie\/#organizationLogo","width":2039,"height":756},"image":{"@id":"https:\/\/www.worldrally.eu\/index.php\/2023\/02\/08\/pellier-wlasnie-spelnia-sie-moje-marzenie\/#organizationLogo"}},{"@type":"Person","@id":"https:\/\/www.worldrally.eu\/index.php\/author\/magdalena\/#author","url":"https:\/\/www.worldrally.eu\/index.php\/author\/magdalena\/","name":"Magdalena","image":{"@type":"ImageObject","@id":"https:\/\/www.worldrally.eu\/index.php\/2023\/02\/08\/pellier-wlasnie-spelnia-sie-moje-marzenie\/#authorImage","url":"https:\/\/secure.gravatar.com\/avatar\/853239b46cec38ba30b48d2b091f5538817cc78bdc0944c9ef7408579307e2ea?s=96&d=mm&r=g","width":96,"height":96,"caption":"Magdalena"}},{"@type":"WebPage","@id":"https:\/\/www.worldrally.eu\/index.php\/2023\/02\/08\/pellier-wlasnie-spelnia-sie-moje-marzenie\/#webpage","url":"https:\/\/www.worldrally.eu\/index.php\/2023\/02\/08\/pellier-wlasnie-spelnia-sie-moje-marzenie\/","name":"Pellier- w\u0142a\u015bnie spe\u0142nia si\u0119 moje marzenie \u00bb WorldRally.eu","description":"Laurent Pellier zdoby\u0142 tytu\u0142 Junior ERC w 2022 roku, wygrywaj\u0105c pi\u0119\u0107 z sze\u015bciu rund w rajdzie Opla Corsy4. Ma te\u017c form\u0119 w JWRC po swoim debiutanckim zwyci\u0119stwie na Korsyce w 2016 roku, a teraz ma wyst\u0105pi\u0107 w drugiej rundzie Mistrzostw \u015awiata. \u201eWzi\u0119cie udzia\u0142u w JWRC to kompletne marzenie\u201d - powiedzia\u0142 Francuz. \u201eTo niesamowite i nie","inLanguage":"en-GB","isPartOf":{"@id":"https:\/\/www.worldrally.eu\/#website"},"breadcrumb":{"@id":"https:\/\/www.worldrally.eu\/index.php\/2023\/02\/08\/pellier-wlasnie-spelnia-sie-moje-marzenie\/#breadcrumblist"},"author":{"@id":"https:\/\/www.worldrally.eu\/index.php\/author\/magdalena\/#author"},"creator":{"@id":"https:\/\/www.worldrally.eu\/index.php\/author\/magdalena\/#author"},"image":{"@type":"ImageObject","url":"https:\/\/www.worldrally.eu\/wp-content\/uploads\/2023\/02\/1.jpg","@id":"https:\/\/www.worldrally.eu\/index.php\/2023\/02\/08\/pellier-wlasnie-spelnia-sie-moje-marzenie\/#mainImage","width":1400,"height":788},"primaryImageOfPage":{"@id":"https:\/\/www.worldrally.eu\/index.php\/2023\/02\/08\/pellier-wlasnie-spelnia-sie-moje-marzenie\/#mainImage"},"datePublished":"2023-02-08T20:49:42+00:00","dateModified":"2023-02-08T20:54:01+00:00"},{"@type":"WebSite","@id":"https:\/\/www.worldrally.eu\/#website","url":"https:\/\/www.worldrally.eu\/","name":"WorldRally.eu","inLanguage":"en-GB","publisher":{"@id":"https:\/\/www.worldrally.eu\/#organization"}}]},"og:locale":"en_GB","og:site_name":"WorldRally.eu \u00bb","og:type":"article","og:title":"Pellier- w\u0142a\u015bnie spe\u0142nia si\u0119 moje marzenie \u00bb WorldRally.eu","og:description":"Laurent Pellier zdoby\u0142 tytu\u0142 Junior ERC w 2022 roku, wygrywaj\u0105c pi\u0119\u0107 z sze\u015bciu rund w rajdzie Opla Corsy4. Ma te\u017c form\u0119 w JWRC po swoim debiutanckim zwyci\u0119stwie na Korsyce w 2016 roku, a teraz ma wyst\u0105pi\u0107 w drugiej rundzie Mistrzostw \u015awiata. \u201eWzi\u0119cie udzia\u0142u w JWRC to kompletne marzenie\u201d - powiedzia\u0142 Francuz. \u201eTo niesamowite i nie","og:url":"https:\/\/www.worldrally.eu\/index.php\/2023\/02\/08\/pellier-wlasnie-spelnia-sie-moje-marzenie\/","og:image":"https:\/\/www.worldrally.eu\/wp-content\/uploads\/2023\/02\/1.jpg","og:image:secure_url":"https:\/\/www.worldrally.eu\/wp-content\/uploads\/2023\/02\/1.jpg","og:image:width":1400,"og:image:height":788,"article:published_time":"2023-02-08T20:49:42+00:00","article:modified_time":"2023-02-08T20:54:01+00:00","twitter:card":"summary_large_image","twitter:title":"Pellier- w\u0142a\u015bnie spe\u0142nia si\u0119 moje marzenie \u00bb WorldRally.eu","twitter:description":"Laurent Pellier zdoby\u0142 tytu\u0142 Junior ERC w 2022 roku, wygrywaj\u0105c pi\u0119\u0107 z sze\u015bciu rund w rajdzie Opla Corsy4. Ma te\u017c form\u0119 w JWRC po swoim debiutanckim zwyci\u0119stwie na Korsyce w 2016 roku, a teraz ma wyst\u0105pi\u0107 w drugiej rundzie Mistrzostw \u015awiata. \u201eWzi\u0119cie udzia\u0142u w JWRC to kompletne marzenie\u201d - powiedzia\u0142 Francuz. \u201eTo niesamowite i nie","twitter:image":"https:\/\/www.worldrally.eu\/wp-content\/uploads\/2023\/02\/1.jpg"},"aioseo_meta_data":{"post_id":"157","title":null,"description":null,"keywords":null,"keyphrases":null,"primary_term":null,"canonical_url":null,"og_title":null,"og_description":null,"og_object_type":"default","og_image_type":"default","og_image_url":null,"og_image_width":null,"og_image_height":null,"og_image_custom_url":null,"og_image_custom_fields":null,"og_video":null,"og_custom_url":null,"og_article_section":null,"og_article_tags":null,"twitter_use_og":false,"twitter_card":"default","twitter_image_type":"default","twitter_image_url":null,"twitter_image_custom_url":null,"twitter_image_custom_fields":null,"twitter_title":null,"twitter_description":null,"schema":{"blockGraphs":[],"customGraphs":[],"default":{"data":{"Article":[],"Course":[],"Dataset":[],"FAQPage":[],"Movie":[],"Person":[],"Product":[],"ProductReview":[],"Car":[],"Recipe":[],"Service":[],"SoftwareApplication":[],"WebPage":[]},"graphName":"","isEnabled":true},"graphs":[]},"schema_type":"default","schema_type_options":null,"pillar_content":false,"robots_default":true,"robots_noindex":false,"robots_noarchive":false,"robots_nosnippet":false,"robots_nofollow":false,"robots_noimageindex":false,"robots_noodp":false,"robots_notranslate":false,"robots_max_snippet":null,"robots_max_videopreview":null,"robots_max_imagepreview":"large","priority":null,"frequency":null,"local_seo":null,"breadcrumb_settings":null,"limit_modified_date":false,"ai":null,"created":"2025-03-22 05:54:34","updated":"2025-10-26 08:37:02","seo_analyzer_scan_date":null},"aioseo_breadcrumb":"<div class=\"aioseo-breadcrumbs\"><span class=\"aioseo-breadcrumb\">\n\t\t\t<a href=\"https:\/\/www.worldrally.eu\" title=\"Home\">Home<\/a>\n\t\t<\/span><span class=\"aioseo-breadcrumb-separator\">&raquo;<\/span><span class=\"aioseo-breadcrumb\">\n\t\t\t<a href=\"https:\/\/www.worldrally.eu\/index.php\/category\/erc\/\" title=\"ERC\">ERC<\/a>\n\t\t<\/span><span class=\"aioseo-breadcrumb-separator\">&raquo;<\/span><span class=\"aioseo-breadcrumb\">\n\t\t\tPellier- w\u0142a\u015bnie spe\u0142nia si\u0119 moje marzenie\n\t\t<\/span><\/div>","aioseo_breadcrumb_json":[{"label":"Home","link":"https:\/\/www.worldrally.eu"},{"label":"ERC","link":"https:\/\/www.worldrally.eu\/index.php\/category\/erc\/"},{"label":"Pellier- w\u0142a\u015bnie spe\u0142nia si\u0119 moje marzenie","link":"https:\/\/www.worldrally.eu\/index.php\/2023\/02\/08\/pellier-wlasnie-spelnia-sie-moje-marzenie\/"}],"cc_featured_image_caption":{"caption_text":"Foto: FIA.com","source_text":"","source_url":""},"_links":{"self":[{"href":"https:\/\/www.worldrally.eu\/index.php\/wp-json\/wp\/v2\/posts\/157","targetHints":{"allow":["GET"]}}],"collection":[{"href":"https:\/\/www.worldrally.eu\/index.php\/wp-json\/wp\/v2\/posts"}],"about":[{"href":"https:\/\/www.worldrally.eu\/index.php\/wp-json\/wp\/v2\/types\/post"}],"author":[{"embeddable":true,"href":"https:\/\/www.worldrally.eu\/index.php\/wp-json\/wp\/v2\/users\/2"}],"replies":[{"embeddable":true,"href":"https:\/\/www.worldrally.eu\/index.php\/wp-json\/wp\/v2\/comments?post=157"}],"version-history":[{"count":2,"href":"https:\/\/www.worldrally.eu\/index.php\/wp-json\/wp\/v2\/posts\/157\/revisions"}],"predecessor-version":[{"id":161,"href":"https:\/\/www.worldrally.eu\/index.php\/wp-json\/wp\/v2\/posts\/157\/revisions\/161"}],"wp:featuredmedia":[{"embeddable":true,"href":"https:\/\/www.worldrally.eu\/index.php\/wp-json\/wp\/v2\/media\/158"}],"wp:attachment":[{"href":"https:\/\/www.worldrally.eu\/index.php\/wp-json\/wp\/v2\/media?parent=157"}],"wp:term":[{"taxonomy":"category","embeddable":true,"href":"https:\/\/www.worldrally.eu\/index.php\/wp-json\/wp\/v2\/categories?post=157"},{"taxonomy":"post_tag","embeddable":true,"href":"https:\/\/www.worldrally.eu\/index.php\/wp-json\/wp\/v2\/tags?post=157"}],"curies":[{"name":"wp","href":"https:\/\/api.w.org\/{rel}","templated":true}]}}